{"id":164157,"date":"2023-07-07T06:32:22","date_gmt":"2023-07-07T10:32:22","guid":{"rendered":"https:\/\/www.eldiario.net\/portal\/?p=164157"},"modified":"2023-07-07T06:32:22","modified_gmt":"2023-07-07T10:32:22","slug":"ninos-y-adolescentes-aprenden-herramientas-utiles-para-la-vida","status":"publish","type":"post","link":"https:\/\/www.eldiario.net\/portal\/2023\/07\/07\/ninos-y-adolescentes-aprenden-herramientas-utiles-para-la-vida\/","title":{"rendered":"Ni\u00f1os y adolescentes aprenden  herramientas \u00fatiles para la vida"},"content":{"rendered":"<p class=\"v1MsoNormal\"><span lang=\"es-419\">Las herramientas \u00fatiles para la vida ser\u00e1n ense\u00f1adas por un equipo multidisciplinario, bajo la coordinaci\u00f3n de la profesora, docente universitaria de postgrado y entrenadora en habilidades sociales y empoderamiento, Claudia Herbas Flores dirigido a ni\u00f1os de 8 a 12 a\u00f1os y preadolescentes y adolescentes de 13 a 18 a\u00f1os que est\u00e1n de vacaciones invernales en la ciudad de Cochabamba \u2013 Bolivia del 7 al 15 de julio de 2023 (con intervalos).<\/span><\/p>\n<p class=\"v1MsoNormal\"><span lang=\"es-419\">La generaci\u00f3n Z o nativos digitales, es una generaci\u00f3n que pasa la mayor parte del tiempo encerrados en sus dormitorios o llamados \u00abni\u00f1os caracol\u00bb porque se a\u00edslan en sus habitaciones para conectarse a su mundo a trav\u00e9s de las nuevas tecnolog\u00edas (Un concepto que surgi\u00f3 en Jap\u00f3n y tras el que se pueden esconder varias problem\u00e1ticas de la salud mental). Seres que hoy en d\u00eda necesitan expresar lo que sienten, sue\u00f1an y anhelan, fortaleciendo sus habilidades sociales de comunicaci\u00f3n asertiva, gestionar sus emociones y razonar conscientemente sobre el consumo de informaci\u00f3n que invade a cada segundo las redes sociales m\u00e1s vistas y seguidas por ellos, que son el Instagram y el Tiktok.<\/span><\/p>\n<p class=\"v1MsoNormal\"><span lang=\"es-419\">Los escolares de Bolivia deben saber que el d\u00eda de ma\u00f1ana tienen que ser m\u00e1s resilientes frente a sus propias problem\u00e1ticas que afectan su interrelaci\u00f3n con su entorno social y educativo. Una forma de ello, es debatiendo los temas que a ellos les interesa y preocupa y ocupa en un contexto y mundo donde los m\u00e1s fuertes de car\u00e1cter son los que vencen las batallas de la vida y resuelven situaciones con inteligencia emocional y liderazgo.<\/span><\/p>\n<p class=\"v1MsoNormal\"><span lang=\"es-419\">Las fechas de 6 talleres que tienen una l\u00f3gica integral de temas relacionados unos con otros son: viernes 7, s\u00e1bado 8, lunes 10, mi\u00e9rcoles 12, viernes 14 y s\u00e1bado 15 de julio de 2023. Los horarios son: 9:00 a 12:00 ni\u00f1os y 15:00 a 18:00 adolescentes. Se inicia en la Academia de Karate Budokan ubicada en la calle Mayor Rocha casi Jun\u00edn, con el tema \u00abT\u00e9cnicas antibullying\u00bb.<\/span><\/p>\n<p class=\"v1MsoNormal\"><span lang=\"es-419\">El evento formativo es organizado por Claudia Herbas y ACHCOM (Comunicaci\u00f3n, Capacitaciones y Coaching) para las nuevas generaciones y cuenta con el apoyo institucional de la Sociedad de Ingenieros, Filial Cochabamba, la Cruz Roja, Academia de K\u00e1rate Budokan, Caf\u00e9 Norte y Ciudadanos Voluntarios en Acci\u00f3n Civoac.<\/span><\/p>\n","protected":false},"excerpt":{"rendered":"<p>Las herramientas \u00fatiles para la vida ser\u00e1n ense\u00f1adas por un equipo multidisciplinario, bajo la coordinaci\u00f3n de la profesora, docente universitaria de postgrado y entrenadora en habilidades sociales y empoderamiento, Claudia Herbas Flores dirigido a ni\u00f1os de 8 a 12 a\u00f1os y preadolescentes y adolescentes de 13 a 18 a\u00f1os que est\u00e1n de vacaciones invernales en [&hellip;]<\/p>\n","protected":false},"author":1,"featured_media":164158,"comment_status":"closed","ping_status":"open","sticky":false,"template":"","format":"standard","meta":{"_acf_changed":false,"footnotes":""},"categories":[12],"tags":[],"class_list":["post-164157","post","type-post","status-publish","format-standard","has-post-thumbnail","category-nacional"],"acf":{"antetitulo":""},"yoast_head":"<!-- This site is optimized with the Yoast SEO plugin v28.4 - https:\/\/yoast.com\/product\/yoast-seo-wordpress\/ -->\n<title>Ni\u00f1os y adolescentes aprenden herramientas \u00fatiles para la vida - El Diario - Bolivia<\/title>\n<meta name=\"robots\" content=\"index, follow, max-snippet:-1, max-image-preview:large, max-video-preview:-1\" \/>\n<link rel=\"canonical\" href=\"https:\/\/www.eldiario.net\/portal\/2023\/07\/07\/ninos-y-adolescentes-aprenden-herramientas-utiles-para-la-vida\/\" \/>\n<meta property=\"og:locale\" content=\"es_ES\" \/>\n<meta property=\"og:type\" content=\"article\" \/>\n<meta property=\"og:title\" content=\"Ni\u00f1os y adolescentes aprenden herramientas \u00fatiles para la vida - El Diario - Bolivia\" \/>\n<meta property=\"og:description\" content=\"Las herramientas \u00fatiles para la vida ser\u00e1n ense\u00f1adas por un equipo multidisciplinario, bajo la coordinaci\u00f3n de la profesora, docente universitaria de postgrado y entrenadora en habilidades sociales y empoderamiento, Claudia Herbas Flores dirigido a ni\u00f1os de 8 a 12 a\u00f1os y preadolescentes y adolescentes de 13 a 18 a\u00f1os que est\u00e1n de vacaciones invernales en [&hellip;]\" \/>\n<meta property=\"og:url\" content=\"https:\/\/www.eldiario.net\/portal\/2023\/07\/07\/ninos-y-adolescentes-aprenden-herramientas-utiles-para-la-vida\/\" \/>\n<meta property=\"og:site_name\" content=\"El Diario - Bolivia\" \/>\n<meta property=\"article:publisher\" content=\"https:\/\/www.facebook.com\/eldiario.bolivia\/\" \/>\n<meta property=\"article:published_time\" content=\"2023-07-07T10:32:22+00:00\" \/>\n<meta property=\"og:image\" content=\"https:\/\/www.eldiario.net\/portal\/wp-content\/uploads\/2023\/07\/herramientas.jpg\" \/>\n\t<meta property=\"og:image:width\" content=\"800\" \/>\n\t<meta property=\"og:image:height\" content=\"600\" \/>\n\t<meta property=\"og:image:type\" content=\"image\/jpeg\" \/>\n<meta name=\"author\" content=\"Jeanette\" \/>\n<meta name=\"twitter:card\" content=\"summary_large_image\" \/>\n<meta name=\"twitter:creator\" content=\"@eldiario_net\" \/>\n<meta name=\"twitter:site\" content=\"@eldiario_net\" \/>\n<meta name=\"twitter:label1\" content=\"Escrito por\" \/>\n\t<meta name=\"twitter:data1\" content=\"Jeanette\" \/>\n\t<meta name=\"twitter:label2\" content=\"Tiempo de lectura\" \/>\n\t<meta name=\"twitter:data2\" content=\"2 minutos\" \/>\n<script type=\"application\/ld+json\" class=\"yoast-schema-graph\">{\"@context\":\"https:\\\/\\\/schema.org\",\"@graph\":[{\"@type\":\"Article\",\"@id\":\"https:\\\/\\\/www.eldiario.net\\\/portal\\\/2023\\\/07\\\/07\\\/ninos-y-adolescentes-aprenden-herramientas-utiles-para-la-vida\\\/#article\",\"isPartOf\":{\"@id\":\"https:\\\/\\\/www.eldiario.net\\\/portal\\\/2023\\\/07\\\/07\\\/ninos-y-adolescentes-aprenden-herramientas-utiles-para-la-vida\\\/\"},\"author\":{\"name\":\"Jeanette\",\"@id\":\"https:\\\/\\\/www.eldiario.net\\\/portal\\\/#\\\/schema\\\/person\\\/2c57cf2b7a7ae032e449e4c9b1019eac\"},\"headline\":\"Ni\u00f1os y adolescentes aprenden herramientas \u00fatiles para la vida\",\"datePublished\":\"2023-07-07T10:32:22+00:00\",\"mainEntityOfPage\":{\"@id\":\"https:\\\/\\\/www.eldiario.net\\\/portal\\\/2023\\\/07\\\/07\\\/ninos-y-adolescentes-aprenden-herramientas-utiles-para-la-vida\\\/\"},\"wordCount\":399,\"publisher\":{\"@id\":\"https:\\\/\\\/www.eldiario.net\\\/portal\\\/#organization\"},\"image\":{\"@id\":\"https:\\\/\\\/www.eldiario.net\\\/portal\\\/2023\\\/07\\\/07\\\/ninos-y-adolescentes-aprenden-herramientas-utiles-para-la-vida\\\/#primaryimage\"},\"thumbnailUrl\":\"https:\\\/\\\/www.eldiario.net\\\/portal\\\/wp-content\\\/uploads\\\/2023\\\/07\\\/herramientas.jpg\",\"articleSection\":[\"Nacional\"],\"inLanguage\":\"es\"},{\"@type\":\"WebPage\",\"@id\":\"https:\\\/\\\/www.eldiario.net\\\/portal\\\/2023\\\/07\\\/07\\\/ninos-y-adolescentes-aprenden-herramientas-utiles-para-la-vida\\\/\",\"url\":\"https:\\\/\\\/www.eldiario.net\\\/portal\\\/2023\\\/07\\\/07\\\/ninos-y-adolescentes-aprenden-herramientas-utiles-para-la-vida\\\/\",\"name\":\"Ni\u00f1os y adolescentes aprenden herramientas \u00fatiles para la vida - El Diario - Bolivia\",\"isPartOf\":{\"@id\":\"https:\\\/\\\/www.eldiario.net\\\/portal\\\/#website\"},\"primaryImageOfPage\":{\"@id\":\"https:\\\/\\\/www.eldiario.net\\\/portal\\\/2023\\\/07\\\/07\\\/ninos-y-adolescentes-aprenden-herramientas-utiles-para-la-vida\\\/#primaryimage\"},\"image\":{\"@id\":\"https:\\\/\\\/www.eldiario.net\\\/portal\\\/2023\\\/07\\\/07\\\/ninos-y-adolescentes-aprenden-herramientas-utiles-para-la-vida\\\/#primaryimage\"},\"thumbnailUrl\":\"https:\\\/\\\/www.eldiario.net\\\/portal\\\/wp-content\\\/uploads\\\/2023\\\/07\\\/herramientas.jpg\",\"datePublished\":\"2023-07-07T10:32:22+00:00\",\"breadcrumb\":{\"@id\":\"https:\\\/\\\/www.eldiario.net\\\/portal\\\/2023\\\/07\\\/07\\\/ninos-y-adolescentes-aprenden-herramientas-utiles-para-la-vida\\\/#breadcrumb\"},\"inLanguage\":\"es\",\"potentialAction\":[{\"@type\":\"ReadAction\",\"target\":[\"https:\\\/\\\/www.eldiario.net\\\/portal\\\/2023\\\/07\\\/07\\\/ninos-y-adolescentes-aprenden-herramientas-utiles-para-la-vida\\\/\"]}]},{\"@type\":\"ImageObject\",\"inLanguage\":\"es\",\"@id\":\"https:\\\/\\\/www.eldiario.net\\\/portal\\\/2023\\\/07\\\/07\\\/ninos-y-adolescentes-aprenden-herramientas-utiles-para-la-vida\\\/#primaryimage\",\"url\":\"https:\\\/\\\/www.eldiario.net\\\/portal\\\/wp-content\\\/uploads\\\/2023\\\/07\\\/herramientas.jpg\",\"contentUrl\":\"https:\\\/\\\/www.eldiario.net\\\/portal\\\/wp-content\\\/uploads\\\/2023\\\/07\\\/herramientas.jpg\",\"width\":800,\"height\":600,\"caption\":\"Herramientas \u00fatiles para ni\u00f1os y adolescentes en Cochabamba.\"},{\"@type\":\"BreadcrumbList\",\"@id\":\"https:\\\/\\\/www.eldiario.net\\\/portal\\\/2023\\\/07\\\/07\\\/ninos-y-adolescentes-aprenden-herramientas-utiles-para-la-vida\\\/#breadcrumb\",\"itemListElement\":[{\"@type\":\"ListItem\",\"position\":1,\"name\":\"Portada\",\"item\":\"https:\\\/\\\/www.eldiario.net\\\/portal\\\/\"},{\"@type\":\"ListItem\",\"position\":2,\"name\":\"Ni\u00f1os y adolescentes aprenden herramientas \u00fatiles para la vida\"}]},{\"@type\":\"WebSite\",\"@id\":\"https:\\\/\\\/www.eldiario.net\\\/portal\\\/#website\",\"url\":\"https:\\\/\\\/www.eldiario.net\\\/portal\\\/\",\"name\":\"El Diario - Decano de la prensa nacional\",\"description\":\"El Diario - Decano de la prensa nacional\",\"publisher\":{\"@id\":\"https:\\\/\\\/www.eldiario.net\\\/portal\\\/#organization\"},\"potentialAction\":[{\"@type\":\"SearchAction\",\"target\":{\"@type\":\"EntryPoint\",\"urlTemplate\":\"https:\\\/\\\/www.eldiario.net\\\/portal\\\/?s={search_term_string}\"},\"query-input\":{\"@type\":\"PropertyValueSpecification\",\"valueRequired\":true,\"valueName\":\"search_term_string\"}}],\"inLanguage\":\"es\"},{\"@type\":\"Organization\",\"@id\":\"https:\\\/\\\/www.eldiario.net\\\/portal\\\/#organization\",\"name\":\"El Diario - Decano de la prensa nacional\",\"url\":\"https:\\\/\\\/www.eldiario.net\\\/portal\\\/\",\"logo\":{\"@type\":\"ImageObject\",\"inLanguage\":\"es\",\"@id\":\"https:\\\/\\\/www.eldiario.net\\\/portal\\\/#\\\/schema\\\/logo\\\/image\\\/\",\"url\":\"https:\\\/\\\/www.eldiario.net\\\/portal\\\/wp-content\\\/uploads\\\/2023\\\/07\\\/logo_ED.jpg\",\"contentUrl\":\"https:\\\/\\\/www.eldiario.net\\\/portal\\\/wp-content\\\/uploads\\\/2023\\\/07\\\/logo_ED.jpg\",\"width\":272,\"height\":52,\"caption\":\"El Diario - Decano de la prensa nacional\"},\"image\":{\"@id\":\"https:\\\/\\\/www.eldiario.net\\\/portal\\\/#\\\/schema\\\/logo\\\/image\\\/\"},\"sameAs\":[\"https:\\\/\\\/www.facebook.com\\\/eldiario.bolivia\\\/\",\"https:\\\/\\\/x.com\\\/eldiario_net\"]},{\"@type\":\"Person\",\"@id\":\"https:\\\/\\\/www.eldiario.net\\\/portal\\\/#\\\/schema\\\/person\\\/2c57cf2b7a7ae032e449e4c9b1019eac\",\"name\":\"Jeanette\",\"image\":{\"@type\":\"ImageObject\",\"inLanguage\":\"es\",\"@id\":\"https:\\\/\\\/secure.gravatar.com\\\/avatar\\\/3ea2118a5f7dad2b7138b1187a6b7ee55f160b9968b66013c3a3ef39dd7e5798?s=96&d=mm&r=g\",\"url\":\"https:\\\/\\\/secure.gravatar.com\\\/avatar\\\/3ea2118a5f7dad2b7138b1187a6b7ee55f160b9968b66013c3a3ef39dd7e5798?s=96&d=mm&r=g\",\"contentUrl\":\"https:\\\/\\\/secure.gravatar.com\\\/avatar\\\/3ea2118a5f7dad2b7138b1187a6b7ee55f160b9968b66013c3a3ef39dd7e5798?s=96&d=mm&r=g\",\"caption\":\"Jeanette\"},\"sameAs\":[\"https:\\\/\\\/www.eldiario.net\\\/portal\"],\"url\":\"https:\\\/\\\/www.eldiario.net\\\/portal\\\/author\\\/jeanette\\\/\"}]}<\/script>\n<!-- \/ Yoast SEO plugin. -->","yoast_head_json":{"title":"Ni\u00f1os y adolescentes aprenden herramientas \u00fatiles para la vida - El Diario - Bolivia","robots":{"index":"index","follow":"follow","max-snippet":"max-snippet:-1","max-image-preview":"max-image-preview:large","max-video-preview":"max-video-preview:-1"},"canonical":"https:\/\/www.eldiario.net\/portal\/2023\/07\/07\/ninos-y-adolescentes-aprenden-herramientas-utiles-para-la-vida\/","og_locale":"es_ES","og_type":"article","og_title":"Ni\u00f1os y adolescentes aprenden herramientas \u00fatiles para la vida - El Diario - Bolivia","og_description":"Las herramientas \u00fatiles para la vida ser\u00e1n ense\u00f1adas por un equipo multidisciplinario, bajo la coordinaci\u00f3n de la profesora, docente universitaria de postgrado y entrenadora en habilidades sociales y empoderamiento, Claudia Herbas Flores dirigido a ni\u00f1os de 8 a 12 a\u00f1os y preadolescentes y adolescentes de 13 a 18 a\u00f1os que est\u00e1n de vacaciones invernales en [&hellip;]","og_url":"https:\/\/www.eldiario.net\/portal\/2023\/07\/07\/ninos-y-adolescentes-aprenden-herramientas-utiles-para-la-vida\/","og_site_name":"El Diario - Bolivia","article_publisher":"https:\/\/www.facebook.com\/eldiario.bolivia\/","article_published_time":"2023-07-07T10:32:22+00:00","og_image":[{"width":800,"height":600,"url":"https:\/\/www.eldiario.net\/portal\/wp-content\/uploads\/2023\/07\/herramientas.jpg","type":"image\/jpeg"}],"author":"Jeanette","twitter_card":"summary_large_image","twitter_creator":"@eldiario_net","twitter_site":"@eldiario_net","twitter_misc":{"Escrito por":"Jeanette","Tiempo de lectura":"2 minutos"},"schema":{"@context":"https:\/\/schema.org","@graph":[{"@type":"Article","@id":"https:\/\/www.eldiario.net\/portal\/2023\/07\/07\/ninos-y-adolescentes-aprenden-herramientas-utiles-para-la-vida\/#article","isPartOf":{"@id":"https:\/\/www.eldiario.net\/portal\/2023\/07\/07\/ninos-y-adolescentes-aprenden-herramientas-utiles-para-la-vida\/"},"author":{"name":"Jeanette","@id":"https:\/\/www.eldiario.net\/portal\/#\/schema\/person\/2c57cf2b7a7ae032e449e4c9b1019eac"},"headline":"Ni\u00f1os y adolescentes aprenden herramientas \u00fatiles para la vida","datePublished":"2023-07-07T10:32:22+00:00","mainEntityOfPage":{"@id":"https:\/\/www.eldiario.net\/portal\/2023\/07\/07\/ninos-y-adolescentes-aprenden-herramientas-utiles-para-la-vida\/"},"wordCount":399,"publisher":{"@id":"https:\/\/www.eldiario.net\/portal\/#organization"},"image":{"@id":"https:\/\/www.eldiario.net\/portal\/2023\/07\/07\/ninos-y-adolescentes-aprenden-herramientas-utiles-para-la-vida\/#primaryimage"},"thumbnailUrl":"https:\/\/www.eldiario.net\/portal\/wp-content\/uploads\/2023\/07\/herramientas.jpg","articleSection":["Nacional"],"inLanguage":"es"},{"@type":"WebPage","@id":"https:\/\/www.eldiario.net\/portal\/2023\/07\/07\/ninos-y-adolescentes-aprenden-herramientas-utiles-para-la-vida\/","url":"https:\/\/www.eldiario.net\/portal\/2023\/07\/07\/ninos-y-adolescentes-aprenden-herramientas-utiles-para-la-vida\/","name":"Ni\u00f1os y adolescentes aprenden herramientas \u00fatiles para la vida - El Diario - Bolivia","isPartOf":{"@id":"https:\/\/www.eldiario.net\/portal\/#website"},"primaryImageOfPage":{"@id":"https:\/\/www.eldiario.net\/portal\/2023\/07\/07\/ninos-y-adolescentes-aprenden-herramientas-utiles-para-la-vida\/#primaryimage"},"image":{"@id":"https:\/\/www.eldiario.net\/portal\/2023\/07\/07\/ninos-y-adolescentes-aprenden-herramientas-utiles-para-la-vida\/#primaryimage"},"thumbnailUrl":"https:\/\/www.eldiario.net\/portal\/wp-content\/uploads\/2023\/07\/herramientas.jpg","datePublished":"2023-07-07T10:32:22+00:00","breadcrumb":{"@id":"https:\/\/www.eldiario.net\/portal\/2023\/07\/07\/ninos-y-adolescentes-aprenden-herramientas-utiles-para-la-vida\/#breadcrumb"},"inLanguage":"es","potentialAction":[{"@type":"ReadAction","target":["https:\/\/www.eldiario.net\/portal\/2023\/07\/07\/ninos-y-adolescentes-aprenden-herramientas-utiles-para-la-vida\/"]}]},{"@type":"ImageObject","inLanguage":"es","@id":"https:\/\/www.eldiario.net\/portal\/2023\/07\/07\/ninos-y-adolescentes-aprenden-herramientas-utiles-para-la-vida\/#primaryimage","url":"https:\/\/www.eldiario.net\/portal\/wp-content\/uploads\/2023\/07\/herramientas.jpg","contentUrl":"https:\/\/www.eldiario.net\/portal\/wp-content\/uploads\/2023\/07\/herramientas.jpg","width":800,"height":600,"caption":"Herramientas \u00fatiles para ni\u00f1os y adolescentes en Cochabamba."},{"@type":"BreadcrumbList","@id":"https:\/\/www.eldiario.net\/portal\/2023\/07\/07\/ninos-y-adolescentes-aprenden-herramientas-utiles-para-la-vida\/#breadcrumb","itemListElement":[{"@type":"ListItem","position":1,"name":"Portada","item":"https:\/\/www.eldiario.net\/portal\/"},{"@type":"ListItem","position":2,"name":"Ni\u00f1os y adolescentes aprenden herramientas \u00fatiles para la vida"}]},{"@type":"WebSite","@id":"https:\/\/www.eldiario.net\/portal\/#website","url":"https:\/\/www.eldiario.net\/portal\/","name":"El Diario - Decano de la prensa nacional","description":"El Diario - Decano de la prensa nacional","publisher":{"@id":"https:\/\/www.eldiario.net\/portal\/#organization"},"potentialAction":[{"@type":"SearchAction","target":{"@type":"EntryPoint","urlTemplate":"https:\/\/www.eldiario.net\/portal\/?s={search_term_string}"},"query-input":{"@type":"PropertyValueSpecification","valueRequired":true,"valueName":"search_term_string"}}],"inLanguage":"es"},{"@type":"Organization","@id":"https:\/\/www.eldiario.net\/portal\/#organization","name":"El Diario - Decano de la prensa nacional","url":"https:\/\/www.eldiario.net\/portal\/","logo":{"@type":"ImageObject","inLanguage":"es","@id":"https:\/\/www.eldiario.net\/portal\/#\/schema\/logo\/image\/","url":"https:\/\/www.eldiario.net\/portal\/wp-content\/uploads\/2023\/07\/logo_ED.jpg","contentUrl":"https:\/\/www.eldiario.net\/portal\/wp-content\/uploads\/2023\/07\/logo_ED.jpg","width":272,"height":52,"caption":"El Diario - Decano de la prensa nacional"},"image":{"@id":"https:\/\/www.eldiario.net\/portal\/#\/schema\/logo\/image\/"},"sameAs":["https:\/\/www.facebook.com\/eldiario.bolivia\/","https:\/\/x.com\/eldiario_net"]},{"@type":"Person","@id":"https:\/\/www.eldiario.net\/portal\/#\/schema\/person\/2c57cf2b7a7ae032e449e4c9b1019eac","name":"Jeanette","image":{"@type":"ImageObject","inLanguage":"es","@id":"https:\/\/secure.gravatar.com\/avatar\/3ea2118a5f7dad2b7138b1187a6b7ee55f160b9968b66013c3a3ef39dd7e5798?s=96&d=mm&r=g","url":"https:\/\/secure.gravatar.com\/avatar\/3ea2118a5f7dad2b7138b1187a6b7ee55f160b9968b66013c3a3ef39dd7e5798?s=96&d=mm&r=g","contentUrl":"https:\/\/secure.gravatar.com\/avatar\/3ea2118a5f7dad2b7138b1187a6b7ee55f160b9968b66013c3a3ef39dd7e5798?s=96&d=mm&r=g","caption":"Jeanette"},"sameAs":["https:\/\/www.eldiario.net\/portal"],"url":"https:\/\/www.eldiario.net\/portal\/author\/jeanette\/"}]}},"_links":{"self":[{"href":"https:\/\/www.eldiario.net\/portal\/wp-json\/wp\/v2\/posts\/164157","targetHints":{"allow":["GET"]}}],"collection":[{"href":"https:\/\/www.eldiario.net\/portal\/wp-json\/wp\/v2\/posts"}],"about":[{"href":"https:\/\/www.eldiario.net\/portal\/wp-json\/wp\/v2\/types\/post"}],"author":[{"embeddable":true,"href":"https:\/\/www.eldiario.net\/portal\/wp-json\/wp\/v2\/users\/1"}],"replies":[{"embeddable":true,"href":"https:\/\/www.eldiario.net\/portal\/wp-json\/wp\/v2\/comments?post=164157"}],"version-history":[{"count":0,"href":"https:\/\/www.eldiario.net\/portal\/wp-json\/wp\/v2\/posts\/164157\/revisions"}],"wp:featuredmedia":[{"embeddable":true,"href":"https:\/\/www.eldiario.net\/portal\/wp-json\/wp\/v2\/media\/164158"}],"wp:attachment":[{"href":"https:\/\/www.eldiario.net\/portal\/wp-json\/wp\/v2\/media?parent=164157"}],"wp:term":[{"taxonomy":"category","embeddable":true,"href":"https:\/\/www.eldiario.net\/portal\/wp-json\/wp\/v2\/categories?post=164157"},{"taxonomy":"post_tag","embeddable":true,"href":"https:\/\/www.eldiario.net\/portal\/wp-json\/wp\/v2\/tags?post=164157"}],"curies":[{"name":"wp","href":"https:\/\/api.w.org\/{rel}","templated":true}]}}