{"id":164148,"date":"2023-07-07T06:30:47","date_gmt":"2023-07-07T10:30:47","guid":{"rendered":"https:\/\/www.eldiario.net\/portal\/?p=164148"},"modified":"2023-07-07T06:30:47","modified_gmt":"2023-07-07T10:30:47","slug":"y-se-murio-de-amor-con-veneno","status":"publish","type":"post","link":"https:\/\/www.eldiario.net\/portal\/2023\/07\/07\/y-se-murio-de-amor-con-veneno\/","title":{"rendered":"\u201cY se muri\u00f3 de  amor\u201d con Veneno"},"content":{"rendered":"<p>El grupo <em>Veneno<\/em> acaba de lanzar al mercado la canci\u00f3n <em>\u201cY se muri\u00f3 de amor\u201d<\/em> que forma parte de su nuevo \u00e1lbum, titulado <em>\u201cPena de muerte\u201d<\/em>, el sexto de su exitosa carrera art\u00edstica y que incluir\u00e1 once composiciones in\u00e9ditas.<\/p>\n<p><em>\u201cY se muri\u00f3 de amor\u201d<\/em> es el sexto corte que saca Veneno de su esperado nuevo disco, despu\u00e9s del lanzamiento de <em>\u201cYo sin ti\u201d<\/em> (balada), <em>\u201cPena de muerte\u201d<\/em> (cumbia), <em>\u201cT\u00fa me hiciste llorar\u201d<\/em> (cumbia), <em>\u201cA punto de caramelo\u201d<\/em> (pop merengue) y <em>\u201cPara ti con amor\u201d<\/em> (cumbia).<\/p>\n<p>\u201cLa composici\u00f3n es de don An\u00edbal Pastor, quien ha producido nuestro nuevo \u00e1lbum junto con nosotros. Es una canci\u00f3n distinta, con un mensaje diferente. Es una vivencia real que habla de la guerra, pero tambi\u00e9n habla de un amor perdido\u201d, coment\u00f3 a La Gu\u00eda Rub\u00e9n Luna, vocalista y l\u00edder de Veneno.<\/p>\n<p><strong>LG: \u00bfQu\u00e9 m\u00e1s nos puedes contar de esta canci\u00f3n?<\/strong><\/p>\n<p>R: Es la historia real de un amigo de don An\u00edbal. Habla de un soldado que tiene que ir a la guerra y la esposa, que le espera con el vestido de novia para consumar el casamiento. El soldado fue a la guerra de Afganist\u00e1n y ya no volvi\u00f3. Es una historia triste y diferente, porque esto de la guerra nosotros no lo hablamos en nuestras canciones. Pero nos ha gustado tanto la historia y la canci\u00f3n que la hemos armado con don An\u00edbal en los estudios de <em>Veneno.<\/em> Es una linda canci\u00f3n que a m\u00ed me encanta mucho, porque siempre queremos decir algo con la letra. Es algo que cuidamos mucho con el grupo, que nuestras canciones siempre tengan un contenido, ya sea de amor, de desamor, o que digan algo, que cuenten algo y, en este caso, la canci\u00f3n tiene un mensaje distinto que habla sobre este tema que generalmente no tocamos en la m\u00fasica tropical.<\/p>\n<p><strong>LG: Musicalmente, \u00bfqu\u00e9 destacas de este corte?<\/strong><\/p>\n<p>R: Lo importante de lo musical es que hemos participado nosotros en todo, desde la introducci\u00f3n, los arreglos, las melod\u00edas y los coros. Y s\u00ed hay una caracter\u00edstica especial en los sonidos, tanto de la guitarra como del acorde\u00f3n, es que no es el cl\u00e1sico acorde\u00f3n y la guitarra tambi\u00e9n, puesto que es una guitarra electroac\u00fastica, por eso tiene un sonido no tan tropical cl\u00e1sico de <em>Veneno<\/em>, sino un poquito m\u00e1s tirado a lo moderno, latino, digamos. Esa es la caracter\u00edstica de esta canci\u00f3n en especial y, bueno, del disco en general, en el que tambi\u00e9n hay una evoluci\u00f3n musical en el grupo.<\/p>\n<p><strong>LG: \u00bfQu\u00e9 ritmo tiene \u201cY se muri\u00f3 de amor\u201d?<\/strong><\/p>\n<p>R: Es un ritmo de cumbia, en el que generalmente no tocamos esos temas de la guerra, que es parte de nosotros, del ser humano. En realidad, es un mensaje tambi\u00e9n sobre que la guerra es da\u00f1ina para todos. Nadie gana despu\u00e9s de una guerra y lo que s\u00ed queda es, pues, esto de la muerte, pero la canci\u00f3n tambi\u00e9n habla del amor. Hay una parte de la letra que me gusta mucho y dice: \u201cY quedan en el cielo dos estrellitas, que son Mar\u00eda y Juan\u201d, que es la historia de esta pareja.<\/p>\n<p><strong>LG: \u00bfC\u00f3mo les ha ido a los otros cortes?<\/strong><\/p>\n<p>R: No tan bien, porque creo que la gente todav\u00eda no est\u00e1 un poquito musicalmente educada. No s\u00e9 qu\u00e9 palabra utilizar. Pero no lo aceptan todav\u00eda muy bien, creo que un poco nos hemos adelantado con este disco a los tiempos. Pero vale la pena, creo siempre en probar otros ritmos. La canci\u00f3n de este disco que s\u00ed nos est\u00e1 dando mucha satisfacci\u00f3n es <em>\u201cT\u00fa me hiciste llorar\u201d<\/em> porque la gente s\u00ed lo canta y est\u00e1 pegando mucho y muy bien. La tocamos siempre en todas las fiestas. Ya tiene m\u00e1s de un a\u00f1o y es tambi\u00e9n una canci\u00f3n \u201ccortavenas\u201d, como es muy caracter\u00edstico del grupo <em>Veneno<\/em>, y que tambi\u00e9n se la ha armado con don An\u00edbal Pastor.<\/p>\n<p><strong>LG: \u00bfQu\u00e9 esperas con esta canci\u00f3n?<\/strong><\/p>\n<p>R: Bueno, particularmente, lo que hago es hacer canciones no con la esperanza de que lleguemos a romper con todo, sino que tengo el sue\u00f1o de que la gente lo entienda, lo capte y se emocione. Creo que por ah\u00ed va la l\u00ednea de <em>Veneno.<\/em> Por eso es que nosotros vamos trabajando no haciendo mucha bulla. Lo que quiero, m\u00e1s que todo no solamente con esta canci\u00f3n, sino con el disco completo, es que la gente lo escuche y tambi\u00e9n un poquito se ponga a sentir lo que es tanto la melod\u00eda como la letra. Muchas veces con varias canciones, especialmente en la onda que hacemos, que es la m\u00fasica tropical bailable, a veces las dejamos de un lado y despu\u00e9s decimos: Ah, esto quer\u00eda decir la letra\u2026 Entonces creo que si estamos apuntando un poquito m\u00e1s a que tambi\u00e9n lo disfruten y comprendan, sientan las letras de las canciones y espero que esta tambi\u00e9n sea una de esas canciones que llegue al coraz\u00f3n de la gente, no solamente por la emoci\u00f3n, sino tambi\u00e9n por el entendimiento.<\/p>\n<p><strong>LG: \u00bfHicieron el video de esta canci\u00f3n?<\/strong><\/p>\n<p>R: S\u00ed, es que, por ser una canci\u00f3n distinta, hemos querido hacer un video distinto a lo que normalmente hacemos. Es otro mensaje. Es otro video. Hemos trabajado con un amigo pintor, que se llama Edgar, y \u00e9l ha hecho un trabajo muy bonito contando la historia de la canci\u00f3n con pintura.<\/p>\n<p><strong>LG: \u00bfY c\u00f3mo esta Veneno actualmente?<\/strong><\/p>\n<p>R: Nos est\u00e1 yendo muy bien, estamos viajando mucho a Oruro, Potos\u00ed, Cochabamba. La verdad es que no nos podemos quejar del trabajo, en eso s\u00ed estamos, gracias a Dios, con mucho trabajo. Y con esto de seguir presentando canciones, queremos, pues, pasar a los conciertos, que hace tiempo no los hemos hecho. Ya estamos proyectando para septiembre la presentaci\u00f3n oficial de este disco con un concierto.<\/p>\n<p><strong>LG: \u00bfQuieres a\u00f1adir algo m\u00e1s?<\/strong><\/p>\n<p>R: No, solamente expresar agradecimiento a la gente, por tanto tiempo que nos sigue, nos apoya. Ya son m\u00e1s de dos generaciones, de fans, amigos, que nos acompa\u00f1an y gente muy joven que todav\u00eda nos apoya. Quiero resaltar eso, que a nosotros a veces nos sorprende que estemos cantando en fiestas de 15 a\u00f1os, fiestas de promoci\u00f3n, y nos alegra much\u00edsimo que nuestra m\u00fasica no est\u00e9 solamente con los cl\u00e1sicos, con la gente que ha empezado a gustar de <em>Veneno<\/em>, sino tambi\u00e9n con gente nueva que ya ha agarrado como su grupo a <em>Veneno<\/em> en nuestro medio, a nivel Bolivia.<\/p>\n<p><strong>LOS INTEGRANTES<\/strong><\/p>\n<p>Rub\u00e9n Luna &#8211; Voz l\u00edder<\/p>\n<p>Edwin Carrillo &#8211; Bater\u00eda, tamboras<\/p>\n<p>Nelson Jara &#8211; Guitarra<\/p>\n<p>Roger P\u00e9rez &#8211; Bajo<\/p>\n<p>Eduardo Copa &#8211; Congas<\/p>\n<p>Juan Willson Garrido &#8211; Bong\u00f3s<\/p>\n<p>Wilfrido Vargas &#8211; G\u00fcira<\/p>\n<p>Adalid Herrera &#8211; Acorde\u00f3n<\/p>\n<div id='gallery-1' class='gallery galleryid-164148 gallery-columns-3 gallery-size-medium'><figure class='gallery-item'>\n\t\t\t<div class='gallery-icon landscape'>\n\t\t\t\t<a href='https:\/\/www.eldiario.net\/portal\/2023\/07\/07\/y-se-murio-de-amor-con-veneno\/veneno-1-principal\/'><img loading=\"lazy\" decoding=\"async\" width=\"300\" height=\"137\" src=\"https:\/\/www.eldiario.net\/portal\/wp-content\/uploads\/2023\/07\/veneno-1-PRINCIPAL-300x137.jpeg\" class=\"attachment-medium size-medium\" alt=\"\" srcset=\"https:\/\/www.eldiario.net\/portal\/wp-content\/uploads\/2023\/07\/veneno-1-PRINCIPAL-300x137.jpeg 300w, https:\/\/www.eldiario.net\/portal\/wp-content\/uploads\/2023\/07\/veneno-1-PRINCIPAL-1024x468.jpeg 1024w, https:\/\/www.eldiario.net\/portal\/wp-content\/uploads\/2023\/07\/veneno-1-PRINCIPAL-768x351.jpeg 768w, https:\/\/www.eldiario.net\/portal\/wp-content\/uploads\/2023\/07\/veneno-1-PRINCIPAL-1536x703.jpeg 1536w, https:\/\/www.eldiario.net\/portal\/wp-content\/uploads\/2023\/07\/veneno-1-PRINCIPAL-696x318.jpeg 696w, https:\/\/www.eldiario.net\/portal\/wp-content\/uploads\/2023\/07\/veneno-1-PRINCIPAL-1068x489.jpeg 1068w, https:\/\/www.eldiario.net\/portal\/wp-content\/uploads\/2023\/07\/veneno-1-PRINCIPAL.jpeg 1600w\" sizes=\"auto, (max-width: 300px) 100vw, 300px\" \/><\/a>\n\t\t\t<\/div><\/figure><figure class='gallery-item'>\n\t\t\t<div class='gallery-icon landscape'>\n\t\t\t\t<a href='https:\/\/www.eldiario.net\/portal\/2023\/07\/07\/y-se-murio-de-amor-con-veneno\/veneno-2-ruben-luna-vocalista-y-lider-de-veneno\/'><img loading=\"lazy\" decoding=\"async\" width=\"300\" height=\"272\" src=\"https:\/\/www.eldiario.net\/portal\/wp-content\/uploads\/2023\/07\/veneno-2-Ruben-Luna-vocalista-y-lider-de-Veneno-300x272.jpeg\" class=\"attachment-medium size-medium\" alt=\"\" srcset=\"https:\/\/www.eldiario.net\/portal\/wp-content\/uploads\/2023\/07\/veneno-2-Ruben-Luna-vocalista-y-lider-de-Veneno-300x272.jpeg 300w, https:\/\/www.eldiario.net\/portal\/wp-content\/uploads\/2023\/07\/veneno-2-Ruben-Luna-vocalista-y-lider-de-Veneno-1024x930.jpeg 1024w, https:\/\/www.eldiario.net\/portal\/wp-content\/uploads\/2023\/07\/veneno-2-Ruben-Luna-vocalista-y-lider-de-Veneno-768x697.jpeg 768w, https:\/\/www.eldiario.net\/portal\/wp-content\/uploads\/2023\/07\/veneno-2-Ruben-Luna-vocalista-y-lider-de-Veneno-696x632.jpeg 696w, https:\/\/www.eldiario.net\/portal\/wp-content\/uploads\/2023\/07\/veneno-2-Ruben-Luna-vocalista-y-lider-de-Veneno.jpeg 1066w\" sizes=\"auto, (max-width: 300px) 100vw, 300px\" \/><\/a>\n\t\t\t<\/div><\/figure><figure class='gallery-item'>\n\t\t\t<div class='gallery-icon landscape'>\n\t\t\t\t<a href='https:\/\/www.eldiario.net\/portal\/2023\/07\/07\/y-se-murio-de-amor-con-veneno\/veneno-3\/'><img loading=\"lazy\" decoding=\"async\" width=\"300\" height=\"169\" src=\"https:\/\/www.eldiario.net\/portal\/wp-content\/uploads\/2023\/07\/veneno-3-300x169.jpeg\" class=\"attachment-medium size-medium\" alt=\"\" srcset=\"https:\/\/www.eldiario.net\/portal\/wp-content\/uploads\/2023\/07\/veneno-3-300x169.jpeg 300w, https:\/\/www.eldiario.net\/portal\/wp-content\/uploads\/2023\/07\/veneno-3-1024x576.jpeg 1024w, https:\/\/www.eldiario.net\/portal\/wp-content\/uploads\/2023\/07\/veneno-3-768x432.jpeg 768w, https:\/\/www.eldiario.net\/portal\/wp-content\/uploads\/2023\/07\/veneno-3-1536x864.jpeg 1536w, https:\/\/www.eldiario.net\/portal\/wp-content\/uploads\/2023\/07\/veneno-3-696x392.jpeg 696w, https:\/\/www.eldiario.net\/portal\/wp-content\/uploads\/2023\/07\/veneno-3-1068x601.jpeg 1068w, https:\/\/www.eldiario.net\/portal\/wp-content\/uploads\/2023\/07\/veneno-3.jpeg 1600w\" sizes=\"auto, (max-width: 300px) 100vw, 300px\" \/><\/a>\n\t\t\t<\/div><\/figure><figure class='gallery-item'>\n\t\t\t<div class='gallery-icon landscape'>\n\t\t\t\t<a href='https:\/\/www.eldiario.net\/portal\/2023\/07\/07\/y-se-murio-de-amor-con-veneno\/veneno-4\/'><img loading=\"lazy\" decoding=\"async\" width=\"300\" height=\"105\" src=\"https:\/\/www.eldiario.net\/portal\/wp-content\/uploads\/2023\/07\/veneno-4-300x105.jpeg\" class=\"attachment-medium size-medium\" alt=\"\" srcset=\"https:\/\/www.eldiario.net\/portal\/wp-content\/uploads\/2023\/07\/veneno-4-300x105.jpeg 300w, https:\/\/www.eldiario.net\/portal\/wp-content\/uploads\/2023\/07\/veneno-4-1024x360.jpeg 1024w, https:\/\/www.eldiario.net\/portal\/wp-content\/uploads\/2023\/07\/veneno-4-768x270.jpeg 768w, https:\/\/www.eldiario.net\/portal\/wp-content\/uploads\/2023\/07\/veneno-4-1536x540.jpeg 1536w, https:\/\/www.eldiario.net\/portal\/wp-content\/uploads\/2023\/07\/veneno-4-696x244.jpeg 696w, https:\/\/www.eldiario.net\/portal\/wp-content\/uploads\/2023\/07\/veneno-4-1068x375.jpeg 1068w, https:\/\/www.eldiario.net\/portal\/wp-content\/uploads\/2023\/07\/veneno-4.jpeg 1600w\" sizes=\"auto, (max-width: 300px) 100vw, 300px\" \/><\/a>\n\t\t\t<\/div><\/figure><figure class='gallery-item'>\n\t\t\t<div class='gallery-icon landscape'>\n\t\t\t\t<a href='https:\/\/www.eldiario.net\/portal\/2023\/07\/07\/y-se-murio-de-amor-con-veneno\/veneno-5\/'><img loading=\"lazy\" decoding=\"async\" width=\"300\" height=\"194\" src=\"https:\/\/www.eldiario.net\/portal\/wp-content\/uploads\/2023\/07\/veneno-5-300x194.jpeg\" class=\"attachment-medium size-medium\" alt=\"\" srcset=\"https:\/\/www.eldiario.net\/portal\/wp-content\/uploads\/2023\/07\/veneno-5-300x194.jpeg 300w, https:\/\/www.eldiario.net\/portal\/wp-content\/uploads\/2023\/07\/veneno-5-1024x663.jpeg 1024w, https:\/\/www.eldiario.net\/portal\/wp-content\/uploads\/2023\/07\/veneno-5-768x497.jpeg 768w, https:\/\/www.eldiario.net\/portal\/wp-content\/uploads\/2023\/07\/veneno-5-696x451.jpeg 696w, https:\/\/www.eldiario.net\/portal\/wp-content\/uploads\/2023\/07\/veneno-5.jpeg 1066w\" sizes=\"auto, (max-width: 300px) 100vw, 300px\" \/><\/a>\n\t\t\t<\/div><\/figure><figure class='gallery-item'>\n\t\t\t<div class='gallery-icon landscape'>\n\t\t\t\t<a href='https:\/\/www.eldiario.net\/portal\/2023\/07\/07\/y-se-murio-de-amor-con-veneno\/veneno-6\/'><img loading=\"lazy\" decoding=\"async\" width=\"300\" height=\"153\" src=\"https:\/\/www.eldiario.net\/portal\/wp-content\/uploads\/2023\/07\/veneno-6-scaled-1-300x153.jpeg\" class=\"attachment-medium size-medium\" alt=\"\" srcset=\"https:\/\/www.eldiario.net\/portal\/wp-content\/uploads\/2023\/07\/veneno-6-scaled-1-300x153.jpeg 300w, https:\/\/www.eldiario.net\/portal\/wp-content\/uploads\/2023\/07\/veneno-6-scaled-1-1024x522.jpeg 1024w, https:\/\/www.eldiario.net\/portal\/wp-content\/uploads\/2023\/07\/veneno-6-scaled-1-768x391.jpeg 768w, https:\/\/www.eldiario.net\/portal\/wp-content\/uploads\/2023\/07\/veneno-6-scaled-1-1536x782.jpeg 1536w, https:\/\/www.eldiario.net\/portal\/wp-content\/uploads\/2023\/07\/veneno-6-scaled-1-2048x1043.jpeg 2048w, https:\/\/www.eldiario.net\/portal\/wp-content\/uploads\/2023\/07\/veneno-6-scaled-1-696x355.jpeg 696w, https:\/\/www.eldiario.net\/portal\/wp-content\/uploads\/2023\/07\/veneno-6-scaled-1-1068x544.jpeg 1068w, https:\/\/www.eldiario.net\/portal\/wp-content\/uploads\/2023\/07\/veneno-6-scaled-1-1920x978.jpeg 1920w\" sizes=\"auto, (max-width: 300px) 100vw, 300px\" \/><\/a>\n\t\t\t<\/div><\/figure><figure class='gallery-item'>\n\t\t\t<div class='gallery-icon landscape'>\n\t\t\t\t<a href='https:\/\/www.eldiario.net\/portal\/2023\/07\/07\/y-se-murio-de-amor-con-veneno\/veneno-logo\/'><img loading=\"lazy\" decoding=\"async\" width=\"300\" height=\"169\" src=\"https:\/\/www.eldiario.net\/portal\/wp-content\/uploads\/2023\/07\/VENENO-LOGO-300x169.jpg\" class=\"attachment-medium size-medium\" alt=\"\" srcset=\"https:\/\/www.eldiario.net\/portal\/wp-content\/uploads\/2023\/07\/VENENO-LOGO-300x169.jpg 300w, https:\/\/www.eldiario.net\/portal\/wp-content\/uploads\/2023\/07\/VENENO-LOGO-1024x576.jpg 1024w, https:\/\/www.eldiario.net\/portal\/wp-content\/uploads\/2023\/07\/VENENO-LOGO-768x432.jpg 768w, https:\/\/www.eldiario.net\/portal\/wp-content\/uploads\/2023\/07\/VENENO-LOGO-696x392.jpg 696w, https:\/\/www.eldiario.net\/portal\/wp-content\/uploads\/2023\/07\/VENENO-LOGO-1068x601.jpg 1068w, https:\/\/www.eldiario.net\/portal\/wp-content\/uploads\/2023\/07\/VENENO-LOGO.jpg 1280w\" sizes=\"auto, (max-width: 300px) 100vw, 300px\" \/><\/a>\n\t\t\t<\/div><\/figure>\n\t\t<\/div>\n\n","protected":false},"excerpt":{"rendered":"<p>El grupo Veneno acaba de lanzar al mercado la canci\u00f3n \u201cY se muri\u00f3 de amor\u201d que forma parte de su nuevo \u00e1lbum, titulado \u201cPena de muerte\u201d, el sexto de su exitosa carrera art\u00edstica y que incluir\u00e1 once composiciones in\u00e9ditas. \u201cY se muri\u00f3 de amor\u201d es el sexto corte que saca Veneno de su esperado nuevo [&hellip;]<\/p>\n","protected":false},"author":1,"featured_media":164149,"comment_status":"closed","ping_status":"open","sticky":false,"template":"","format":"standard","meta":{"_acf_changed":false,"footnotes":""},"categories":[41],"tags":[],"class_list":["post-164148","post","type-post","status-publish","format-standard","has-post-thumbnail","category-la-guia"],"acf":{"antetitulo":""},"yoast_head":"<!-- This site is optimized with the Yoast SEO plugin v28.4 - https:\/\/yoast.com\/product\/yoast-seo-wordpress\/ -->\n<title>\u201cY se muri\u00f3 de amor\u201d con Veneno - El Diario - Bolivia<\/title>\n<meta name=\"robots\" content=\"index, follow, max-snippet:-1, max-image-preview:large, max-video-preview:-1\" \/>\n<link rel=\"canonical\" href=\"https:\/\/www.eldiario.net\/portal\/2023\/07\/07\/y-se-murio-de-amor-con-veneno\/\" \/>\n<meta property=\"og:locale\" content=\"es_ES\" \/>\n<meta property=\"og:type\" content=\"article\" \/>\n<meta property=\"og:title\" content=\"\u201cY se muri\u00f3 de amor\u201d con Veneno - El Diario - Bolivia\" \/>\n<meta property=\"og:description\" content=\"El grupo Veneno acaba de lanzar al mercado la canci\u00f3n \u201cY se muri\u00f3 de amor\u201d que forma parte de su nuevo \u00e1lbum, titulado \u201cPena de muerte\u201d, el sexto de su exitosa carrera art\u00edstica y que incluir\u00e1 once composiciones in\u00e9ditas. \u201cY se muri\u00f3 de amor\u201d es el sexto corte que saca Veneno de su esperado nuevo [&hellip;]\" \/>\n<meta property=\"og:url\" content=\"https:\/\/www.eldiario.net\/portal\/2023\/07\/07\/y-se-murio-de-amor-con-veneno\/\" \/>\n<meta property=\"og:site_name\" content=\"El Diario - Bolivia\" \/>\n<meta property=\"article:publisher\" content=\"https:\/\/www.facebook.com\/eldiario.bolivia\/\" \/>\n<meta property=\"article:published_time\" content=\"2023-07-07T10:30:47+00:00\" \/>\n<meta property=\"og:image\" content=\"https:\/\/www.eldiario.net\/portal\/wp-content\/uploads\/2023\/07\/veneno-1-PRINCIPAL.jpeg\" \/>\n\t<meta property=\"og:image:width\" content=\"1600\" \/>\n\t<meta property=\"og:image:height\" content=\"732\" \/>\n\t<meta property=\"og:image:type\" content=\"image\/jpeg\" \/>\n<meta name=\"author\" content=\"Jeanette\" \/>\n<meta name=\"twitter:card\" content=\"summary_large_image\" \/>\n<meta name=\"twitter:creator\" content=\"@eldiario_net\" \/>\n<meta name=\"twitter:site\" content=\"@eldiario_net\" \/>\n<meta name=\"twitter:label1\" content=\"Escrito por\" \/>\n\t<meta name=\"twitter:data1\" content=\"Jeanette\" \/>\n\t<meta name=\"twitter:label2\" content=\"Tiempo de lectura\" \/>\n\t<meta name=\"twitter:data2\" content=\"6 minutos\" \/>\n<script type=\"application\/ld+json\" class=\"yoast-schema-graph\">{\"@context\":\"https:\\\/\\\/schema.org\",\"@graph\":[{\"@type\":\"Article\",\"@id\":\"https:\\\/\\\/www.eldiario.net\\\/portal\\\/2023\\\/07\\\/07\\\/y-se-murio-de-amor-con-veneno\\\/#article\",\"isPartOf\":{\"@id\":\"https:\\\/\\\/www.eldiario.net\\\/portal\\\/2023\\\/07\\\/07\\\/y-se-murio-de-amor-con-veneno\\\/\"},\"author\":{\"name\":\"Jeanette\",\"@id\":\"https:\\\/\\\/www.eldiario.net\\\/portal\\\/#\\\/schema\\\/person\\\/2c57cf2b7a7ae032e449e4c9b1019eac\"},\"headline\":\"\u201cY se muri\u00f3 de amor\u201d con Veneno\",\"datePublished\":\"2023-07-07T10:30:47+00:00\",\"mainEntityOfPage\":{\"@id\":\"https:\\\/\\\/www.eldiario.net\\\/portal\\\/2023\\\/07\\\/07\\\/y-se-murio-de-amor-con-veneno\\\/\"},\"wordCount\":1201,\"publisher\":{\"@id\":\"https:\\\/\\\/www.eldiario.net\\\/portal\\\/#organization\"},\"image\":{\"@id\":\"https:\\\/\\\/www.eldiario.net\\\/portal\\\/2023\\\/07\\\/07\\\/y-se-murio-de-amor-con-veneno\\\/#primaryimage\"},\"thumbnailUrl\":\"https:\\\/\\\/www.eldiario.net\\\/portal\\\/wp-content\\\/uploads\\\/2023\\\/07\\\/veneno-1-PRINCIPAL.jpeg\",\"articleSection\":[\"La Gu\u00eda\"],\"inLanguage\":\"es\"},{\"@type\":\"WebPage\",\"@id\":\"https:\\\/\\\/www.eldiario.net\\\/portal\\\/2023\\\/07\\\/07\\\/y-se-murio-de-amor-con-veneno\\\/\",\"url\":\"https:\\\/\\\/www.eldiario.net\\\/portal\\\/2023\\\/07\\\/07\\\/y-se-murio-de-amor-con-veneno\\\/\",\"name\":\"\u201cY se muri\u00f3 de amor\u201d con Veneno - El Diario - Bolivia\",\"isPartOf\":{\"@id\":\"https:\\\/\\\/www.eldiario.net\\\/portal\\\/#website\"},\"primaryImageOfPage\":{\"@id\":\"https:\\\/\\\/www.eldiario.net\\\/portal\\\/2023\\\/07\\\/07\\\/y-se-murio-de-amor-con-veneno\\\/#primaryimage\"},\"image\":{\"@id\":\"https:\\\/\\\/www.eldiario.net\\\/portal\\\/2023\\\/07\\\/07\\\/y-se-murio-de-amor-con-veneno\\\/#primaryimage\"},\"thumbnailUrl\":\"https:\\\/\\\/www.eldiario.net\\\/portal\\\/wp-content\\\/uploads\\\/2023\\\/07\\\/veneno-1-PRINCIPAL.jpeg\",\"datePublished\":\"2023-07-07T10:30:47+00:00\",\"breadcrumb\":{\"@id\":\"https:\\\/\\\/www.eldiario.net\\\/portal\\\/2023\\\/07\\\/07\\\/y-se-murio-de-amor-con-veneno\\\/#breadcrumb\"},\"inLanguage\":\"es\",\"potentialAction\":[{\"@type\":\"ReadAction\",\"target\":[\"https:\\\/\\\/www.eldiario.net\\\/portal\\\/2023\\\/07\\\/07\\\/y-se-murio-de-amor-con-veneno\\\/\"]}]},{\"@type\":\"ImageObject\",\"inLanguage\":\"es\",\"@id\":\"https:\\\/\\\/www.eldiario.net\\\/portal\\\/2023\\\/07\\\/07\\\/y-se-murio-de-amor-con-veneno\\\/#primaryimage\",\"url\":\"https:\\\/\\\/www.eldiario.net\\\/portal\\\/wp-content\\\/uploads\\\/2023\\\/07\\\/veneno-1-PRINCIPAL.jpeg\",\"contentUrl\":\"https:\\\/\\\/www.eldiario.net\\\/portal\\\/wp-content\\\/uploads\\\/2023\\\/07\\\/veneno-1-PRINCIPAL.jpeg\",\"width\":1600,\"height\":732},{\"@type\":\"BreadcrumbList\",\"@id\":\"https:\\\/\\\/www.eldiario.net\\\/portal\\\/2023\\\/07\\\/07\\\/y-se-murio-de-amor-con-veneno\\\/#breadcrumb\",\"itemListElement\":[{\"@type\":\"ListItem\",\"position\":1,\"name\":\"Portada\",\"item\":\"https:\\\/\\\/www.eldiario.net\\\/portal\\\/\"},{\"@type\":\"ListItem\",\"position\":2,\"name\":\"\u201cY se muri\u00f3 de amor\u201d con Veneno\"}]},{\"@type\":\"WebSite\",\"@id\":\"https:\\\/\\\/www.eldiario.net\\\/portal\\\/#website\",\"url\":\"https:\\\/\\\/www.eldiario.net\\\/portal\\\/\",\"name\":\"El Diario - Decano de la prensa nacional\",\"description\":\"El Diario - Decano de la prensa nacional\",\"publisher\":{\"@id\":\"https:\\\/\\\/www.eldiario.net\\\/portal\\\/#organization\"},\"potentialAction\":[{\"@type\":\"SearchAction\",\"target\":{\"@type\":\"EntryPoint\",\"urlTemplate\":\"https:\\\/\\\/www.eldiario.net\\\/portal\\\/?s={search_term_string}\"},\"query-input\":{\"@type\":\"PropertyValueSpecification\",\"valueRequired\":true,\"valueName\":\"search_term_string\"}}],\"inLanguage\":\"es\"},{\"@type\":\"Organization\",\"@id\":\"https:\\\/\\\/www.eldiario.net\\\/portal\\\/#organization\",\"name\":\"El Diario - Decano de la prensa nacional\",\"url\":\"https:\\\/\\\/www.eldiario.net\\\/portal\\\/\",\"logo\":{\"@type\":\"ImageObject\",\"inLanguage\":\"es\",\"@id\":\"https:\\\/\\\/www.eldiario.net\\\/portal\\\/#\\\/schema\\\/logo\\\/image\\\/\",\"url\":\"https:\\\/\\\/www.eldiario.net\\\/portal\\\/wp-content\\\/uploads\\\/2023\\\/07\\\/logo_ED.jpg\",\"contentUrl\":\"https:\\\/\\\/www.eldiario.net\\\/portal\\\/wp-content\\\/uploads\\\/2023\\\/07\\\/logo_ED.jpg\",\"width\":272,\"height\":52,\"caption\":\"El Diario - Decano de la prensa nacional\"},\"image\":{\"@id\":\"https:\\\/\\\/www.eldiario.net\\\/portal\\\/#\\\/schema\\\/logo\\\/image\\\/\"},\"sameAs\":[\"https:\\\/\\\/www.facebook.com\\\/eldiario.bolivia\\\/\",\"https:\\\/\\\/x.com\\\/eldiario_net\"]},{\"@type\":\"Person\",\"@id\":\"https:\\\/\\\/www.eldiario.net\\\/portal\\\/#\\\/schema\\\/person\\\/2c57cf2b7a7ae032e449e4c9b1019eac\",\"name\":\"Jeanette\",\"image\":{\"@type\":\"ImageObject\",\"inLanguage\":\"es\",\"@id\":\"https:\\\/\\\/secure.gravatar.com\\\/avatar\\\/3ea2118a5f7dad2b7138b1187a6b7ee55f160b9968b66013c3a3ef39dd7e5798?s=96&d=mm&r=g\",\"url\":\"https:\\\/\\\/secure.gravatar.com\\\/avatar\\\/3ea2118a5f7dad2b7138b1187a6b7ee55f160b9968b66013c3a3ef39dd7e5798?s=96&d=mm&r=g\",\"contentUrl\":\"https:\\\/\\\/secure.gravatar.com\\\/avatar\\\/3ea2118a5f7dad2b7138b1187a6b7ee55f160b9968b66013c3a3ef39dd7e5798?s=96&d=mm&r=g\",\"caption\":\"Jeanette\"},\"sameAs\":[\"https:\\\/\\\/www.eldiario.net\\\/portal\"],\"url\":\"https:\\\/\\\/www.eldiario.net\\\/portal\\\/author\\\/jeanette\\\/\"}]}<\/script>\n<!-- \/ Yoast SEO plugin. -->","yoast_head_json":{"title":"\u201cY se muri\u00f3 de amor\u201d con Veneno - El Diario - Bolivia","robots":{"index":"index","follow":"follow","max-snippet":"max-snippet:-1","max-image-preview":"max-image-preview:large","max-video-preview":"max-video-preview:-1"},"canonical":"https:\/\/www.eldiario.net\/portal\/2023\/07\/07\/y-se-murio-de-amor-con-veneno\/","og_locale":"es_ES","og_type":"article","og_title":"\u201cY se muri\u00f3 de amor\u201d con Veneno - El Diario - Bolivia","og_description":"El grupo Veneno acaba de lanzar al mercado la canci\u00f3n \u201cY se muri\u00f3 de amor\u201d que forma parte de su nuevo \u00e1lbum, titulado \u201cPena de muerte\u201d, el sexto de su exitosa carrera art\u00edstica y que incluir\u00e1 once composiciones in\u00e9ditas. \u201cY se muri\u00f3 de amor\u201d es el sexto corte que saca Veneno de su esperado nuevo [&hellip;]","og_url":"https:\/\/www.eldiario.net\/portal\/2023\/07\/07\/y-se-murio-de-amor-con-veneno\/","og_site_name":"El Diario - Bolivia","article_publisher":"https:\/\/www.facebook.com\/eldiario.bolivia\/","article_published_time":"2023-07-07T10:30:47+00:00","og_image":[{"width":1600,"height":732,"url":"https:\/\/www.eldiario.net\/portal\/wp-content\/uploads\/2023\/07\/veneno-1-PRINCIPAL.jpeg","type":"image\/jpeg"}],"author":"Jeanette","twitter_card":"summary_large_image","twitter_creator":"@eldiario_net","twitter_site":"@eldiario_net","twitter_misc":{"Escrito por":"Jeanette","Tiempo de lectura":"6 minutos"},"schema":{"@context":"https:\/\/schema.org","@graph":[{"@type":"Article","@id":"https:\/\/www.eldiario.net\/portal\/2023\/07\/07\/y-se-murio-de-amor-con-veneno\/#article","isPartOf":{"@id":"https:\/\/www.eldiario.net\/portal\/2023\/07\/07\/y-se-murio-de-amor-con-veneno\/"},"author":{"name":"Jeanette","@id":"https:\/\/www.eldiario.net\/portal\/#\/schema\/person\/2c57cf2b7a7ae032e449e4c9b1019eac"},"headline":"\u201cY se muri\u00f3 de amor\u201d con Veneno","datePublished":"2023-07-07T10:30:47+00:00","mainEntityOfPage":{"@id":"https:\/\/www.eldiario.net\/portal\/2023\/07\/07\/y-se-murio-de-amor-con-veneno\/"},"wordCount":1201,"publisher":{"@id":"https:\/\/www.eldiario.net\/portal\/#organization"},"image":{"@id":"https:\/\/www.eldiario.net\/portal\/2023\/07\/07\/y-se-murio-de-amor-con-veneno\/#primaryimage"},"thumbnailUrl":"https:\/\/www.eldiario.net\/portal\/wp-content\/uploads\/2023\/07\/veneno-1-PRINCIPAL.jpeg","articleSection":["La Gu\u00eda"],"inLanguage":"es"},{"@type":"WebPage","@id":"https:\/\/www.eldiario.net\/portal\/2023\/07\/07\/y-se-murio-de-amor-con-veneno\/","url":"https:\/\/www.eldiario.net\/portal\/2023\/07\/07\/y-se-murio-de-amor-con-veneno\/","name":"\u201cY se muri\u00f3 de amor\u201d con Veneno - El Diario - Bolivia","isPartOf":{"@id":"https:\/\/www.eldiario.net\/portal\/#website"},"primaryImageOfPage":{"@id":"https:\/\/www.eldiario.net\/portal\/2023\/07\/07\/y-se-murio-de-amor-con-veneno\/#primaryimage"},"image":{"@id":"https:\/\/www.eldiario.net\/portal\/2023\/07\/07\/y-se-murio-de-amor-con-veneno\/#primaryimage"},"thumbnailUrl":"https:\/\/www.eldiario.net\/portal\/wp-content\/uploads\/2023\/07\/veneno-1-PRINCIPAL.jpeg","datePublished":"2023-07-07T10:30:47+00:00","breadcrumb":{"@id":"https:\/\/www.eldiario.net\/portal\/2023\/07\/07\/y-se-murio-de-amor-con-veneno\/#breadcrumb"},"inLanguage":"es","potentialAction":[{"@type":"ReadAction","target":["https:\/\/www.eldiario.net\/portal\/2023\/07\/07\/y-se-murio-de-amor-con-veneno\/"]}]},{"@type":"ImageObject","inLanguage":"es","@id":"https:\/\/www.eldiario.net\/portal\/2023\/07\/07\/y-se-murio-de-amor-con-veneno\/#primaryimage","url":"https:\/\/www.eldiario.net\/portal\/wp-content\/uploads\/2023\/07\/veneno-1-PRINCIPAL.jpeg","contentUrl":"https:\/\/www.eldiario.net\/portal\/wp-content\/uploads\/2023\/07\/veneno-1-PRINCIPAL.jpeg","width":1600,"height":732},{"@type":"BreadcrumbList","@id":"https:\/\/www.eldiario.net\/portal\/2023\/07\/07\/y-se-murio-de-amor-con-veneno\/#breadcrumb","itemListElement":[{"@type":"ListItem","position":1,"name":"Portada","item":"https:\/\/www.eldiario.net\/portal\/"},{"@type":"ListItem","position":2,"name":"\u201cY se muri\u00f3 de amor\u201d con Veneno"}]},{"@type":"WebSite","@id":"https:\/\/www.eldiario.net\/portal\/#website","url":"https:\/\/www.eldiario.net\/portal\/","name":"El Diario - Decano de la prensa nacional","description":"El Diario - Decano de la prensa nacional","publisher":{"@id":"https:\/\/www.eldiario.net\/portal\/#organization"},"potentialAction":[{"@type":"SearchAction","target":{"@type":"EntryPoint","urlTemplate":"https:\/\/www.eldiario.net\/portal\/?s={search_term_string}"},"query-input":{"@type":"PropertyValueSpecification","valueRequired":true,"valueName":"search_term_string"}}],"inLanguage":"es"},{"@type":"Organization","@id":"https:\/\/www.eldiario.net\/portal\/#organization","name":"El Diario - Decano de la prensa nacional","url":"https:\/\/www.eldiario.net\/portal\/","logo":{"@type":"ImageObject","inLanguage":"es","@id":"https:\/\/www.eldiario.net\/portal\/#\/schema\/logo\/image\/","url":"https:\/\/www.eldiario.net\/portal\/wp-content\/uploads\/2023\/07\/logo_ED.jpg","contentUrl":"https:\/\/www.eldiario.net\/portal\/wp-content\/uploads\/2023\/07\/logo_ED.jpg","width":272,"height":52,"caption":"El Diario - Decano de la prensa nacional"},"image":{"@id":"https:\/\/www.eldiario.net\/portal\/#\/schema\/logo\/image\/"},"sameAs":["https:\/\/www.facebook.com\/eldiario.bolivia\/","https:\/\/x.com\/eldiario_net"]},{"@type":"Person","@id":"https:\/\/www.eldiario.net\/portal\/#\/schema\/person\/2c57cf2b7a7ae032e449e4c9b1019eac","name":"Jeanette","image":{"@type":"ImageObject","inLanguage":"es","@id":"https:\/\/secure.gravatar.com\/avatar\/3ea2118a5f7dad2b7138b1187a6b7ee55f160b9968b66013c3a3ef39dd7e5798?s=96&d=mm&r=g","url":"https:\/\/secure.gravatar.com\/avatar\/3ea2118a5f7dad2b7138b1187a6b7ee55f160b9968b66013c3a3ef39dd7e5798?s=96&d=mm&r=g","contentUrl":"https:\/\/secure.gravatar.com\/avatar\/3ea2118a5f7dad2b7138b1187a6b7ee55f160b9968b66013c3a3ef39dd7e5798?s=96&d=mm&r=g","caption":"Jeanette"},"sameAs":["https:\/\/www.eldiario.net\/portal"],"url":"https:\/\/www.eldiario.net\/portal\/author\/jeanette\/"}]}},"_links":{"self":[{"href":"https:\/\/www.eldiario.net\/portal\/wp-json\/wp\/v2\/posts\/164148","targetHints":{"allow":["GET"]}}],"collection":[{"href":"https:\/\/www.eldiario.net\/portal\/wp-json\/wp\/v2\/posts"}],"about":[{"href":"https:\/\/www.eldiario.net\/portal\/wp-json\/wp\/v2\/types\/post"}],"author":[{"embeddable":true,"href":"https:\/\/www.eldiario.net\/portal\/wp-json\/wp\/v2\/users\/1"}],"replies":[{"embeddable":true,"href":"https:\/\/www.eldiario.net\/portal\/wp-json\/wp\/v2\/comments?post=164148"}],"version-history":[{"count":0,"href":"https:\/\/www.eldiario.net\/portal\/wp-json\/wp\/v2\/posts\/164148\/revisions"}],"wp:featuredmedia":[{"embeddable":true,"href":"https:\/\/www.eldiario.net\/portal\/wp-json\/wp\/v2\/media\/164149"}],"wp:attachment":[{"href":"https:\/\/www.eldiario.net\/portal\/wp-json\/wp\/v2\/media?parent=164148"}],"wp:term":[{"taxonomy":"category","embeddable":true,"href":"https:\/\/www.eldiario.net\/portal\/wp-json\/wp\/v2\/categories?post=164148"},{"taxonomy":"post_tag","embeddable":true,"href":"https:\/\/www.eldiario.net\/portal\/wp-json\/wp\/v2\/tags?post=164148"}],"curies":[{"name":"wp","href":"https:\/\/api.w.org\/{rel}","templated":true}]}}