{"id":163824,"date":"2023-07-06T06:34:06","date_gmt":"2023-07-06T10:34:06","guid":{"rendered":"https:\/\/www.eldiario.net\/portal\/?p=163824"},"modified":"2023-07-06T06:34:06","modified_gmt":"2023-07-06T10:34:06","slug":"el-propoleo-mejora-la-inmunidad-reduce-el-estres-oxidativo-y-mitiga-la-inflamacion-en-personas-con-vih","status":"publish","type":"post","link":"https:\/\/www.eldiario.net\/portal\/2023\/07\/06\/el-propoleo-mejora-la-inmunidad-reduce-el-estres-oxidativo-y-mitiga-la-inflamacion-en-personas-con-vih\/","title":{"rendered":"El prop\u00f3leo mejora la inmunidad, reduce el estr\u00e9s oxidativo y mitiga la inflamaci\u00f3n en personas con VIH"},"content":{"rendered":"<p><em><strong>Ricardo Muniz<\/strong><\/em><\/p>\n<p>&nbsp;<\/p>\n<p>En un art\u00edculo publicado en la revista <em>Biomedicine &amp; Pharmacotherapy<\/em>, se demostraron los efectos beneficiosos del consumo de 500 miligramos (mg) diarios de prop\u00f3leo por parte de personas que viven con el virus causante del SIDA. Los autores de este trabajo detectaron que, a diferencia del grupo al que se le dio un placebo, entre quienes tomaron prop\u00f3leo se registr\u00f3 una disminuci\u00f3n significativa de la concentraci\u00f3n plasm\u00e1tica de malondialdeh\u00eddo, un marcador de estr\u00e9s oxidativo. En este mismo grupo, tambi\u00e9n se detect\u00f3 un leve aumento de la capacidad antioxidante total, lo que constituye un reflejo del combate directo contra los radicales libres.<\/p>\n<p>\u201cPese que las personas que viven con el VIH tienen una excelente expectativa de vida con los actuales tratamientos, uno de los problemas que a\u00fan enfrentan es el del envejecimiento precoz: son entre diez y 20 a\u00f1os estimativamente en comparaci\u00f3n con la poblaci\u00f3n no infectada. Existe un deterioro de la inmunidad [inmunosenescencia] acelerado en esta poblaci\u00f3n y el desarrollo precoz de comorbilidades tales como diabetes, hipertensi\u00f3n y neoplasias\u201d, apunta la bi\u00f3loga Karen Ingrid Tasca, quien llev\u00f3 adelante su posdoctorado en el Instituto de Biociencias de Botucatu, de la Universidade Estadual Paulista (IBB-Unesp), en Brasil, con el apoyo de la FAPESP.<\/p>\n<p>Este proceso de envejecimiento precoz es producto de la constante activaci\u00f3n del sistema inmunol\u00f3gico y de la inflamaci\u00f3n cr\u00f3nica que padecen esos pacientes, y, seg\u00fan Tasca, el estr\u00e9s oxidativo \u201cva de la mano\u201d con esas dos v\u00edas, por eso es importante que se lo controle. \u201cEl estr\u00e9s oxidativo que el virus y los propios antirretrovirales causan genera un gran impacto en esos pacientes. Para intentar aminorar los efectos de esos procesos patol\u00f3gicos y mejorar la calidad de vida y la sobrevida, se hace necesario efectuar intervenciones que los minimicen. Entre los diversos productos naturales existentes, el prop\u00f3leo, que es una resina, posee ese potencial, pues cuenta con reconocidas propiedades antioxidantes, antivirales y antiinflamatorias\u201d, explica la investigadora.<\/p>\n<p>El bi\u00f3logo y profesor Jos\u00e9 Maur\u00edcio Sforcin, l\u00edder del grupo que public\u00f3 el art\u00edculo, estudia los efectos del prop\u00f3leo desde hace casi 30 a\u00f1os en el Instituto de Biociencias de Botucatu. \u201cHe venido investigando la acci\u00f3n inmunomoduladora del prop\u00f3leo para expandir el conocimiento sobre sus mecanismos de acci\u00f3n en las c\u00e9lulas implicadas en la inmunidad. Se han realizado muchos trabajos sobre las acciones biol\u00f3gicas de esta sustancia in vitro, en cultivos de c\u00e9lulas y tambi\u00e9n in vivo, en modelos con animales de experimentaci\u00f3n, fundamentalmente en ratones. Las investigaciones v\u00eda ensayos cl\u00ednicos deben ampliarse a los efectos de revelar el potencial para la salud de este producto ap\u00edcola\u201d, destaca Sforcin.<\/p>\n<p>Pese a las se\u00f1ales de que aportan beneficios para la salud, los estudios sobre el prop\u00f3leo no abarcaban a la poblaci\u00f3n de infectados con el VIH. \u201cHab\u00eda hallazgos in vitro que mostraban el potencial de inhibici\u00f3n de la carga de replicaci\u00f3n del virus debido a la acci\u00f3n de algunos componentes del prop\u00f3leo. Y tambi\u00e9n estudios en personas que padec\u00edan alguna condici\u00f3n cr\u00f3nica como la diabetes. As\u00ed fue como nos percatamos de la urgencia de nuestra investigaci\u00f3n, pues en el momento en que delineamos nuestro estudio no hab\u00eda datos en la literatura referentes a los efectos del prop\u00f3leo con relaci\u00f3n a ese grupo espec\u00edfico\u201d, pondera Tasca.<\/p>\n<p>Aparte de la atenuaci\u00f3n en el estr\u00e9s oxidativo, los investigadores ya hab\u00edan demostrado la disminuci\u00f3n de los par\u00e1metros inflamatorios en ese mismo grupo de pacientes. La publicaci\u00f3n referente, tambi\u00e9n en <em>Biomedicine &amp; Pharmacotherapy<\/em>, puso en evidencia el incremento de la proliferaci\u00f3n de linfocitos T CD4+, c\u00e9lulas a las que se considera como el blanco principal del virus. Se registr\u00f3 tambi\u00e9n una mayor expresi\u00f3n del factor de transcripci\u00f3n Foxp3, un marcador de linfocitos \u201cT reguladores\u201d (otro tipo de estas c\u00e9lulas), encargados de modular la inflamaci\u00f3n.<\/p>\n<p>\u201cLos resultados indican que el prop\u00f3leo puede erigirse como una alternativa para mejorar la respuesta inmunitaria y disminuir la inflamaci\u00f3n en los pacientes asintom\u00e1ticos. La infecci\u00f3n con el VIH induce una intensa desregulaci\u00f3n del sistema inmunol\u00f3gico, con p\u00e9rdida de la funci\u00f3n celular e inflamaci\u00f3n cr\u00f3nica. La activaci\u00f3n inmunitaria y la inflamaci\u00f3n persistentes merecen atenci\u00f3n, pues son factores potencialmente determinantes de morbilidad y mortalidad no asociadas al sida, incluso en los individuos en tratamiento y que exhiben una supresi\u00f3n viral adecuada\u201d, dice una de las autoras del estudio, la biom\u00e9dica Fernanda Lopes Conte, quien realiz\u00f3 su doctorado en la Facultad de Medicina de Botucatu (FMB-Unesp) con el apoyo de la FAPESP.<\/p>\n<p>Para cerciorarse de que los datos recabados sean fidedignos, el grupo efectu\u00f3 un seguimiento de la dieta y de los h\u00e1bitos de salud de los 40 participantes (20 que tomaron prop\u00f3leo y 20 a los que se les administr\u00f3 un placebo) durante los 90 d\u00edas de la intervenci\u00f3n, para que posibles alteraciones conductuales no influyesen sobre los resultados. Este contexto fue el objeto de estudio de Ana Claudia de Moura Moreira Alves, con la ayuda de una beca de iniciaci\u00f3n a la investigaci\u00f3n cient\u00edfica de la FAPESP. En dicha investigaci\u00f3n, los autores observaron la ausencia de eventos adversos en el grupo que tom\u00f3 prop\u00f3leo y el aumento de los niveles s\u00e9ricos de magnesio, un elemento que contribuye en la homeostasis del organismo. Durante ese per\u00edodo, no hubo cambios en el perfil nutricional, metab\u00f3lico o bioqu\u00edmico de los participantes, tras los sucesivos an\u00e1lisis de registro alimentario y bioimpedancia.<\/p>\n<p>Al priorizar la salud y la seguridad de los participantes, se incluyeron en el estudio \u00fanicamente a aquellos pacientes que se encontraban en tratamiento antirretroviral, que exhib\u00edan una carga viral indetectable y un conteo ideal de c\u00e9lulas inmunol\u00f3gicas tipo T CD4+. Los investigadores hacen hincapi\u00e9 en que ahora se hacen necesarias nuevas investigaciones para la adopci\u00f3n del prop\u00f3leo como intervenci\u00f3n efectiva tambi\u00e9n en lo referente a pacientes con comorbilidades o por falla terap\u00e9utica\u2026 (Agencia FAPESP).<\/p>\n","protected":false},"excerpt":{"rendered":"<p>Ricardo Muniz &nbsp; En un art\u00edculo publicado en la revista Biomedicine &amp; Pharmacotherapy, se demostraron los efectos beneficiosos del consumo de 500 miligramos (mg) diarios de prop\u00f3leo por parte de personas que viven con el virus causante del SIDA. Los autores de este trabajo detectaron que, a diferencia del grupo al que se le dio [&hellip;]<\/p>\n","protected":false},"author":1,"featured_media":0,"comment_status":"closed","ping_status":"open","sticky":false,"template":"","format":"standard","meta":{"_acf_changed":false,"footnotes":""},"categories":[9],"tags":[],"class_list":["post-163824","post","type-post","status-publish","format-standard","category-opinion"],"acf":{"antetitulo":""},"yoast_head":"<!-- This site is optimized with the Yoast SEO plugin v28.4 - https:\/\/yoast.com\/product\/yoast-seo-wordpress\/ -->\n<title>El prop\u00f3leo mejora la inmunidad, reduce el estr\u00e9s oxidativo y mitiga la inflamaci\u00f3n en personas con VIH - El Diario - Bolivia<\/title>\n<meta name=\"robots\" content=\"index, follow, max-snippet:-1, max-image-preview:large, max-video-preview:-1\" \/>\n<link rel=\"canonical\" href=\"https:\/\/www.eldiario.net\/portal\/2023\/07\/06\/el-propoleo-mejora-la-inmunidad-reduce-el-estres-oxidativo-y-mitiga-la-inflamacion-en-personas-con-vih\/\" \/>\n<meta property=\"og:locale\" content=\"es_ES\" \/>\n<meta property=\"og:type\" content=\"article\" \/>\n<meta property=\"og:title\" content=\"El prop\u00f3leo mejora la inmunidad, reduce el estr\u00e9s oxidativo y mitiga la inflamaci\u00f3n en personas con VIH - El Diario - Bolivia\" \/>\n<meta property=\"og:description\" content=\"Ricardo Muniz &nbsp; En un art\u00edculo publicado en la revista Biomedicine &amp; Pharmacotherapy, se demostraron los efectos beneficiosos del consumo de 500 miligramos (mg) diarios de prop\u00f3leo por parte de personas que viven con el virus causante del SIDA. Los autores de este trabajo detectaron que, a diferencia del grupo al que se le dio [&hellip;]\" \/>\n<meta property=\"og:url\" content=\"https:\/\/www.eldiario.net\/portal\/2023\/07\/06\/el-propoleo-mejora-la-inmunidad-reduce-el-estres-oxidativo-y-mitiga-la-inflamacion-en-personas-con-vih\/\" \/>\n<meta property=\"og:site_name\" content=\"El Diario - Bolivia\" \/>\n<meta property=\"article:publisher\" content=\"https:\/\/www.facebook.com\/eldiario.bolivia\/\" \/>\n<meta property=\"article:published_time\" content=\"2023-07-06T10:34:06+00:00\" \/>\n<meta name=\"author\" content=\"Jeanette\" \/>\n<meta name=\"twitter:card\" content=\"summary_large_image\" \/>\n<meta name=\"twitter:creator\" content=\"@eldiario_net\" \/>\n<meta name=\"twitter:site\" content=\"@eldiario_net\" \/>\n<meta name=\"twitter:label1\" content=\"Escrito por\" \/>\n\t<meta name=\"twitter:data1\" content=\"Jeanette\" \/>\n\t<meta name=\"twitter:label2\" content=\"Tiempo de lectura\" \/>\n\t<meta name=\"twitter:data2\" content=\"5 minutos\" \/>\n<script type=\"application\/ld+json\" class=\"yoast-schema-graph\">{\"@context\":\"https:\\\/\\\/schema.org\",\"@graph\":[{\"@type\":\"Article\",\"@id\":\"https:\\\/\\\/www.eldiario.net\\\/portal\\\/2023\\\/07\\\/06\\\/el-propoleo-mejora-la-inmunidad-reduce-el-estres-oxidativo-y-mitiga-la-inflamacion-en-personas-con-vih\\\/#article\",\"isPartOf\":{\"@id\":\"https:\\\/\\\/www.eldiario.net\\\/portal\\\/2023\\\/07\\\/06\\\/el-propoleo-mejora-la-inmunidad-reduce-el-estres-oxidativo-y-mitiga-la-inflamacion-en-personas-con-vih\\\/\"},\"author\":{\"name\":\"Jeanette\",\"@id\":\"https:\\\/\\\/www.eldiario.net\\\/portal\\\/#\\\/schema\\\/person\\\/2c57cf2b7a7ae032e449e4c9b1019eac\"},\"headline\":\"El prop\u00f3leo mejora la inmunidad, reduce el estr\u00e9s oxidativo y mitiga la inflamaci\u00f3n en personas con VIH\",\"datePublished\":\"2023-07-06T10:34:06+00:00\",\"mainEntityOfPage\":{\"@id\":\"https:\\\/\\\/www.eldiario.net\\\/portal\\\/2023\\\/07\\\/06\\\/el-propoleo-mejora-la-inmunidad-reduce-el-estres-oxidativo-y-mitiga-la-inflamacion-en-personas-con-vih\\\/\"},\"wordCount\":1074,\"publisher\":{\"@id\":\"https:\\\/\\\/www.eldiario.net\\\/portal\\\/#organization\"},\"articleSection\":[\"Opini\u00f3n\"],\"inLanguage\":\"es\"},{\"@type\":\"WebPage\",\"@id\":\"https:\\\/\\\/www.eldiario.net\\\/portal\\\/2023\\\/07\\\/06\\\/el-propoleo-mejora-la-inmunidad-reduce-el-estres-oxidativo-y-mitiga-la-inflamacion-en-personas-con-vih\\\/\",\"url\":\"https:\\\/\\\/www.eldiario.net\\\/portal\\\/2023\\\/07\\\/06\\\/el-propoleo-mejora-la-inmunidad-reduce-el-estres-oxidativo-y-mitiga-la-inflamacion-en-personas-con-vih\\\/\",\"name\":\"El prop\u00f3leo mejora la inmunidad, reduce el estr\u00e9s oxidativo y mitiga la inflamaci\u00f3n en personas con VIH - El Diario - Bolivia\",\"isPartOf\":{\"@id\":\"https:\\\/\\\/www.eldiario.net\\\/portal\\\/#website\"},\"datePublished\":\"2023-07-06T10:34:06+00:00\",\"breadcrumb\":{\"@id\":\"https:\\\/\\\/www.eldiario.net\\\/portal\\\/2023\\\/07\\\/06\\\/el-propoleo-mejora-la-inmunidad-reduce-el-estres-oxidativo-y-mitiga-la-inflamacion-en-personas-con-vih\\\/#breadcrumb\"},\"inLanguage\":\"es\",\"potentialAction\":[{\"@type\":\"ReadAction\",\"target\":[\"https:\\\/\\\/www.eldiario.net\\\/portal\\\/2023\\\/07\\\/06\\\/el-propoleo-mejora-la-inmunidad-reduce-el-estres-oxidativo-y-mitiga-la-inflamacion-en-personas-con-vih\\\/\"]}]},{\"@type\":\"BreadcrumbList\",\"@id\":\"https:\\\/\\\/www.eldiario.net\\\/portal\\\/2023\\\/07\\\/06\\\/el-propoleo-mejora-la-inmunidad-reduce-el-estres-oxidativo-y-mitiga-la-inflamacion-en-personas-con-vih\\\/#breadcrumb\",\"itemListElement\":[{\"@type\":\"ListItem\",\"position\":1,\"name\":\"Portada\",\"item\":\"https:\\\/\\\/www.eldiario.net\\\/portal\\\/\"},{\"@type\":\"ListItem\",\"position\":2,\"name\":\"El prop\u00f3leo mejora la inmunidad, reduce el estr\u00e9s oxidativo y mitiga la inflamaci\u00f3n en personas con VIH\"}]},{\"@type\":\"WebSite\",\"@id\":\"https:\\\/\\\/www.eldiario.net\\\/portal\\\/#website\",\"url\":\"https:\\\/\\\/www.eldiario.net\\\/portal\\\/\",\"name\":\"El Diario - Decano de la prensa nacional\",\"description\":\"El Diario - Decano de la prensa nacional\",\"publisher\":{\"@id\":\"https:\\\/\\\/www.eldiario.net\\\/portal\\\/#organization\"},\"potentialAction\":[{\"@type\":\"SearchAction\",\"target\":{\"@type\":\"EntryPoint\",\"urlTemplate\":\"https:\\\/\\\/www.eldiario.net\\\/portal\\\/?s={search_term_string}\"},\"query-input\":{\"@type\":\"PropertyValueSpecification\",\"valueRequired\":true,\"valueName\":\"search_term_string\"}}],\"inLanguage\":\"es\"},{\"@type\":\"Organization\",\"@id\":\"https:\\\/\\\/www.eldiario.net\\\/portal\\\/#organization\",\"name\":\"El Diario - Decano de la prensa nacional\",\"url\":\"https:\\\/\\\/www.eldiario.net\\\/portal\\\/\",\"logo\":{\"@type\":\"ImageObject\",\"inLanguage\":\"es\",\"@id\":\"https:\\\/\\\/www.eldiario.net\\\/portal\\\/#\\\/schema\\\/logo\\\/image\\\/\",\"url\":\"https:\\\/\\\/www.eldiario.net\\\/portal\\\/wp-content\\\/uploads\\\/2023\\\/07\\\/logo_ED.jpg\",\"contentUrl\":\"https:\\\/\\\/www.eldiario.net\\\/portal\\\/wp-content\\\/uploads\\\/2023\\\/07\\\/logo_ED.jpg\",\"width\":272,\"height\":52,\"caption\":\"El Diario - Decano de la prensa nacional\"},\"image\":{\"@id\":\"https:\\\/\\\/www.eldiario.net\\\/portal\\\/#\\\/schema\\\/logo\\\/image\\\/\"},\"sameAs\":[\"https:\\\/\\\/www.facebook.com\\\/eldiario.bolivia\\\/\",\"https:\\\/\\\/x.com\\\/eldiario_net\"]},{\"@type\":\"Person\",\"@id\":\"https:\\\/\\\/www.eldiario.net\\\/portal\\\/#\\\/schema\\\/person\\\/2c57cf2b7a7ae032e449e4c9b1019eac\",\"name\":\"Jeanette\",\"image\":{\"@type\":\"ImageObject\",\"inLanguage\":\"es\",\"@id\":\"https:\\\/\\\/secure.gravatar.com\\\/avatar\\\/3ea2118a5f7dad2b7138b1187a6b7ee55f160b9968b66013c3a3ef39dd7e5798?s=96&d=mm&r=g\",\"url\":\"https:\\\/\\\/secure.gravatar.com\\\/avatar\\\/3ea2118a5f7dad2b7138b1187a6b7ee55f160b9968b66013c3a3ef39dd7e5798?s=96&d=mm&r=g\",\"contentUrl\":\"https:\\\/\\\/secure.gravatar.com\\\/avatar\\\/3ea2118a5f7dad2b7138b1187a6b7ee55f160b9968b66013c3a3ef39dd7e5798?s=96&d=mm&r=g\",\"caption\":\"Jeanette\"},\"sameAs\":[\"https:\\\/\\\/www.eldiario.net\\\/portal\"],\"url\":\"https:\\\/\\\/www.eldiario.net\\\/portal\\\/author\\\/jeanette\\\/\"}]}<\/script>\n<!-- \/ Yoast SEO plugin. -->","yoast_head_json":{"title":"El prop\u00f3leo mejora la inmunidad, reduce el estr\u00e9s oxidativo y mitiga la inflamaci\u00f3n en personas con VIH - El Diario - Bolivia","robots":{"index":"index","follow":"follow","max-snippet":"max-snippet:-1","max-image-preview":"max-image-preview:large","max-video-preview":"max-video-preview:-1"},"canonical":"https:\/\/www.eldiario.net\/portal\/2023\/07\/06\/el-propoleo-mejora-la-inmunidad-reduce-el-estres-oxidativo-y-mitiga-la-inflamacion-en-personas-con-vih\/","og_locale":"es_ES","og_type":"article","og_title":"El prop\u00f3leo mejora la inmunidad, reduce el estr\u00e9s oxidativo y mitiga la inflamaci\u00f3n en personas con VIH - El Diario - Bolivia","og_description":"Ricardo Muniz &nbsp; En un art\u00edculo publicado en la revista Biomedicine &amp; Pharmacotherapy, se demostraron los efectos beneficiosos del consumo de 500 miligramos (mg) diarios de prop\u00f3leo por parte de personas que viven con el virus causante del SIDA. Los autores de este trabajo detectaron que, a diferencia del grupo al que se le dio [&hellip;]","og_url":"https:\/\/www.eldiario.net\/portal\/2023\/07\/06\/el-propoleo-mejora-la-inmunidad-reduce-el-estres-oxidativo-y-mitiga-la-inflamacion-en-personas-con-vih\/","og_site_name":"El Diario - Bolivia","article_publisher":"https:\/\/www.facebook.com\/eldiario.bolivia\/","article_published_time":"2023-07-06T10:34:06+00:00","author":"Jeanette","twitter_card":"summary_large_image","twitter_creator":"@eldiario_net","twitter_site":"@eldiario_net","twitter_misc":{"Escrito por":"Jeanette","Tiempo de lectura":"5 minutos"},"schema":{"@context":"https:\/\/schema.org","@graph":[{"@type":"Article","@id":"https:\/\/www.eldiario.net\/portal\/2023\/07\/06\/el-propoleo-mejora-la-inmunidad-reduce-el-estres-oxidativo-y-mitiga-la-inflamacion-en-personas-con-vih\/#article","isPartOf":{"@id":"https:\/\/www.eldiario.net\/portal\/2023\/07\/06\/el-propoleo-mejora-la-inmunidad-reduce-el-estres-oxidativo-y-mitiga-la-inflamacion-en-personas-con-vih\/"},"author":{"name":"Jeanette","@id":"https:\/\/www.eldiario.net\/portal\/#\/schema\/person\/2c57cf2b7a7ae032e449e4c9b1019eac"},"headline":"El prop\u00f3leo mejora la inmunidad, reduce el estr\u00e9s oxidativo y mitiga la inflamaci\u00f3n en personas con VIH","datePublished":"2023-07-06T10:34:06+00:00","mainEntityOfPage":{"@id":"https:\/\/www.eldiario.net\/portal\/2023\/07\/06\/el-propoleo-mejora-la-inmunidad-reduce-el-estres-oxidativo-y-mitiga-la-inflamacion-en-personas-con-vih\/"},"wordCount":1074,"publisher":{"@id":"https:\/\/www.eldiario.net\/portal\/#organization"},"articleSection":["Opini\u00f3n"],"inLanguage":"es"},{"@type":"WebPage","@id":"https:\/\/www.eldiario.net\/portal\/2023\/07\/06\/el-propoleo-mejora-la-inmunidad-reduce-el-estres-oxidativo-y-mitiga-la-inflamacion-en-personas-con-vih\/","url":"https:\/\/www.eldiario.net\/portal\/2023\/07\/06\/el-propoleo-mejora-la-inmunidad-reduce-el-estres-oxidativo-y-mitiga-la-inflamacion-en-personas-con-vih\/","name":"El prop\u00f3leo mejora la inmunidad, reduce el estr\u00e9s oxidativo y mitiga la inflamaci\u00f3n en personas con VIH - El Diario - Bolivia","isPartOf":{"@id":"https:\/\/www.eldiario.net\/portal\/#website"},"datePublished":"2023-07-06T10:34:06+00:00","breadcrumb":{"@id":"https:\/\/www.eldiario.net\/portal\/2023\/07\/06\/el-propoleo-mejora-la-inmunidad-reduce-el-estres-oxidativo-y-mitiga-la-inflamacion-en-personas-con-vih\/#breadcrumb"},"inLanguage":"es","potentialAction":[{"@type":"ReadAction","target":["https:\/\/www.eldiario.net\/portal\/2023\/07\/06\/el-propoleo-mejora-la-inmunidad-reduce-el-estres-oxidativo-y-mitiga-la-inflamacion-en-personas-con-vih\/"]}]},{"@type":"BreadcrumbList","@id":"https:\/\/www.eldiario.net\/portal\/2023\/07\/06\/el-propoleo-mejora-la-inmunidad-reduce-el-estres-oxidativo-y-mitiga-la-inflamacion-en-personas-con-vih\/#breadcrumb","itemListElement":[{"@type":"ListItem","position":1,"name":"Portada","item":"https:\/\/www.eldiario.net\/portal\/"},{"@type":"ListItem","position":2,"name":"El prop\u00f3leo mejora la inmunidad, reduce el estr\u00e9s oxidativo y mitiga la inflamaci\u00f3n en personas con VIH"}]},{"@type":"WebSite","@id":"https:\/\/www.eldiario.net\/portal\/#website","url":"https:\/\/www.eldiario.net\/portal\/","name":"El Diario - Decano de la prensa nacional","description":"El Diario - Decano de la prensa nacional","publisher":{"@id":"https:\/\/www.eldiario.net\/portal\/#organization"},"potentialAction":[{"@type":"SearchAction","target":{"@type":"EntryPoint","urlTemplate":"https:\/\/www.eldiario.net\/portal\/?s={search_term_string}"},"query-input":{"@type":"PropertyValueSpecification","valueRequired":true,"valueName":"search_term_string"}}],"inLanguage":"es"},{"@type":"Organization","@id":"https:\/\/www.eldiario.net\/portal\/#organization","name":"El Diario - Decano de la prensa nacional","url":"https:\/\/www.eldiario.net\/portal\/","logo":{"@type":"ImageObject","inLanguage":"es","@id":"https:\/\/www.eldiario.net\/portal\/#\/schema\/logo\/image\/","url":"https:\/\/www.eldiario.net\/portal\/wp-content\/uploads\/2023\/07\/logo_ED.jpg","contentUrl":"https:\/\/www.eldiario.net\/portal\/wp-content\/uploads\/2023\/07\/logo_ED.jpg","width":272,"height":52,"caption":"El Diario - Decano de la prensa nacional"},"image":{"@id":"https:\/\/www.eldiario.net\/portal\/#\/schema\/logo\/image\/"},"sameAs":["https:\/\/www.facebook.com\/eldiario.bolivia\/","https:\/\/x.com\/eldiario_net"]},{"@type":"Person","@id":"https:\/\/www.eldiario.net\/portal\/#\/schema\/person\/2c57cf2b7a7ae032e449e4c9b1019eac","name":"Jeanette","image":{"@type":"ImageObject","inLanguage":"es","@id":"https:\/\/secure.gravatar.com\/avatar\/3ea2118a5f7dad2b7138b1187a6b7ee55f160b9968b66013c3a3ef39dd7e5798?s=96&d=mm&r=g","url":"https:\/\/secure.gravatar.com\/avatar\/3ea2118a5f7dad2b7138b1187a6b7ee55f160b9968b66013c3a3ef39dd7e5798?s=96&d=mm&r=g","contentUrl":"https:\/\/secure.gravatar.com\/avatar\/3ea2118a5f7dad2b7138b1187a6b7ee55f160b9968b66013c3a3ef39dd7e5798?s=96&d=mm&r=g","caption":"Jeanette"},"sameAs":["https:\/\/www.eldiario.net\/portal"],"url":"https:\/\/www.eldiario.net\/portal\/author\/jeanette\/"}]}},"_links":{"self":[{"href":"https:\/\/www.eldiario.net\/portal\/wp-json\/wp\/v2\/posts\/163824","targetHints":{"allow":["GET"]}}],"collection":[{"href":"https:\/\/www.eldiario.net\/portal\/wp-json\/wp\/v2\/posts"}],"about":[{"href":"https:\/\/www.eldiario.net\/portal\/wp-json\/wp\/v2\/types\/post"}],"author":[{"embeddable":true,"href":"https:\/\/www.eldiario.net\/portal\/wp-json\/wp\/v2\/users\/1"}],"replies":[{"embeddable":true,"href":"https:\/\/www.eldiario.net\/portal\/wp-json\/wp\/v2\/comments?post=163824"}],"version-history":[{"count":0,"href":"https:\/\/www.eldiario.net\/portal\/wp-json\/wp\/v2\/posts\/163824\/revisions"}],"wp:attachment":[{"href":"https:\/\/www.eldiario.net\/portal\/wp-json\/wp\/v2\/media?parent=163824"}],"wp:term":[{"taxonomy":"category","embeddable":true,"href":"https:\/\/www.eldiario.net\/portal\/wp-json\/wp\/v2\/categories?post=163824"},{"taxonomy":"post_tag","embeddable":true,"href":"https:\/\/www.eldiario.net\/portal\/wp-json\/wp\/v2\/tags?post=163824"}],"curies":[{"name":"wp","href":"https:\/\/api.w.org\/{rel}","templated":true}]}}