{"id":163813,"date":"2023-07-05T09:21:21","date_gmt":"2023-07-05T13:21:21","guid":{"rendered":"https:\/\/www.eldiario.net\/portal\/?p=163813"},"modified":"2023-07-05T09:21:21","modified_gmt":"2023-07-05T13:21:21","slug":"hector-uriarte-ahora-estoy-aferrandome-mas-a-la-vida-y-a-disfrutar","status":"publish","type":"post","link":"https:\/\/www.eldiario.net\/portal\/2023\/07\/05\/hector-uriarte-ahora-estoy-aferrandome-mas-a-la-vida-y-a-disfrutar\/","title":{"rendered":"H\u00c9CTOR URIARTE \u201cAhora estoy aferr\u00e1ndome m\u00e1s a la vida y a disfrutar\u201d"},"content":{"rendered":"<p>Tras su alejamiento de Bolivisi\u00f3n, luego de casi 14 a\u00f1os de intenso trabajo, H\u00e9ctor Uriarte confiesa que ahora est\u00e1 disfrutando de otro tipo de momentos con su familia, con sus amigos y sus mascotas.<\/p>\n<p>\u201cEs lindo tomar este otro tiempo&#8230; aprovechar los tiempos que no he aprovechado\u2026 a veces el trabajo de consume, te absorbe\u201d, dijo el carism\u00e1tico presentador de televisi\u00f3n, quien afirm\u00f3 que fue \u201cmuy complicado y muy dif\u00edcil\u201d tomar la decisi\u00f3n de partir de Bolivisi\u00f3n para tomar nuevos rumbos.<\/p>\n<p>\u201cLa he pensado y la he pensado mucho\u201d, manifest\u00f3 H\u00e9ctor en la charla que sostuvo con <em>La Gu\u00eda<\/em> del peri\u00f3dico EL DIARIO.<\/p>\n<p><strong>LG: \u00bfC\u00f3mo eval\u00faas tus casi 14 a\u00f1os de trabajo en Bolivisi\u00f3n?<\/strong><\/p>\n<p>H: Hubo crecimiento, productividad, aprendizaje, cari\u00f1o y creo que estos 14 a\u00f1os han sido mucho de oportunidad. Yo creo que despu\u00e9s de Televisi\u00f3n Universitaria, Bolivisi\u00f3n ha sido el canal que ha crecido\u2026 en el que hemos crecido m\u00e1s bien. Hemos crecido juntos porque antes a Bolivisi\u00f3n mucha gente no lo conoc\u00eda, no estaba dentro del rating y dem\u00e1s, entonces hemos ingresado y lo hemos hecho (crecer) juntos. Es como si Bolivisi\u00f3n fuera una persona, hemos ido de la mano.<\/p>\n<p><strong>LG: \u00bfQu\u00e9 fue lo mejor?<\/strong><\/p>\n<p>H: El ayudar a la gente, eso tiene que seguir. Est\u00e9s o no est\u00e9s en medios de comunicaci\u00f3n, el ayudar a la gente yo creo que ha sido lo mejor, que la gente se sienta feliz y contenta. El d\u00eda que me he despedido del canal, que venga la se\u00f1ora de limpieza y me diga: \u201c\u00bfPor qu\u00e9 se est\u00e1 yendo?\u201d, llorando a mares, creo que eso es lindo, porque esa es la gente que te quiere, es la gente que debes tener ah\u00ed, a tu lado.<\/p>\n<p><strong>LG: \u00bfQu\u00e9 qued\u00f3 pendiente?<\/strong><\/p>\n<p>H: Queda pendiente recuperar aquellos momentos que no he podido compartir con mi familia o con mis amigos.<\/p>\n<p><strong>LG: \u00bfC\u00f3mo lleg\u00f3 H\u00e9ctor a Bolivisi\u00f3n y c\u00f3mo se fue de su ahora ex casa televisiva?<\/strong><\/p>\n<p>H: Lleg\u00f3 por la puerta y su fue por la puerta tambi\u00e9n. Lleg\u00f3 intentando conocer, intentando aprender y sali\u00f3 conociendo, aprendiendo, explorando y ahora con ganas de buscar m\u00e1s cosas. Una excelente oportunidad que tuve fue hacer corresponsal\u00eda para Univisi\u00f3n, que eso est\u00e1 todav\u00eda ah\u00ed y es muy lindo. Es otro nivel, es otro mundo. Qu\u00e9 te digo, no es lo mismo hacer una unidad m\u00f3vil en Bolivia, que una unidad m\u00f3vil para el extranjero, para gente de Rusia, para Univisi\u00f3n, entonces es muy interesante.<\/p>\n<p><strong>LG: A d\u00edas de tu despedida de tu ex casa televisiva, \u00bfc\u00f3mo te sientes?<\/strong><\/p>\n<p>H: Tranquilo, en paz.<\/p>\n<p><strong>LG: \u00bfExtra\u00f1as la adrenalina, el trabajo?<\/strong><\/p>\n<p>H: Por ahora no, porque levantarme a los 8 o 9 de la ma\u00f1ana es lo m\u00e1ximo, despu\u00e9s de 14 a\u00f1os de levantarme a las 4 y media de la ma\u00f1ana (sonr\u00ede). \u00a0Es otro ambiente, pero s\u00ed se extra\u00f1a estar en una protesta, agarrar un micr\u00f3fono, hacer Tik Toks con la competencia (sonr\u00ede).<\/p>\n<p><strong>LG: \u00bfC\u00f3mo te est\u00e1 yendo en la radio?<\/strong><\/p>\n<p>H: Muy bien. El programa se llama <em>Doble-mente<\/em>, que sale de 3 a 5 de la tarde, me acompa\u00f1a Darym Antelo, Marilyn Aguilar. Estuve en la radio cinco a\u00f1os, me retir\u00e9, me volvieron a convocar, ahora\u2026 estos dos \u00faltimos a\u00f1os y medio soy parte de la familia de RTP.<\/p>\n<p><strong>LG: \u00bfQu\u00e9 tipo de programa es Doble-mente?<\/strong><\/p>\n<p>H: Es una miscel\u00e1nea, hay entretenimiento, noticias, chismes, hay salud, hay de todo un poco, pero es el dejarme ser yo, que es lo m\u00e1s importante que me ha dado la oportunidad, la vida.<\/p>\n<p><strong>LG: \u00bfD\u00f3nde te sientes m\u00e1s a gusto?<\/strong><\/p>\n<p>H: Es como si me preguntaras qu\u00e9 te gusta m\u00e1s hacer, entretenimiento o hacer noticias, y los dos me gustan, y creo que la gente me ha dado la oportunidad de hacerlo. Y no, o sea, me siento a gusto porque ahora hay streaming y dem\u00e1s, en ese streaming la gente te ve igual, soy yo, soy yo en la radio, afuera, adentro, yo creo que eso es lindo.<\/p>\n<p><strong>LG: \u00bfQu\u00e9 nos puedes contar de Una noche y Ya\u2026 con H\u00e9ctor Uriarte? <\/strong><\/p>\n<p>H: Ay (suspira) mi podcast, que va seguir, vamos a estar ah\u00ed los domingos por las noches a trav\u00e9s de las redes sociales, que la gente nos siga, que la gente nos apoye, vamos a tener buenos entrevistados.<\/p>\n<p><strong>LG: \u00bfQu\u00e9 tal la respuesta de la gente?<\/strong><\/p>\n<p>H: Muy buena, especialmente con lo de Eva Copa y con lo de la M\u00f3nica Ergueta\u2026<\/p>\n<p><strong>LG: \u00bfCuantas visualizaciones tienen estas entrevistas?<\/strong><\/p>\n<p>H: Ay, lo de la Eva Copa no tengo idea, pero es muy fuerte, o sea, son mucha gente que ha comentado, compartido otras p\u00e1ginas, han extra\u00eddo partes\u2026 ha sido muy fuerte. Hemos comenzado con pie derecho.<\/p>\n<p><strong>LG: \u00bfEste es un gusto aparte que te das?<\/strong><\/p>\n<p>H: Creo que es parte de hacer algo que ya lo estaban haciendo mucho en el oriente, porque yo he sido uno de los primeros en hacerlo en el occidente.<\/p>\n<p><strong>LG: \u00bfQu\u00e9 tiempo ya tiene este podcast?<\/strong><\/p>\n<p>H: Ya tenemos tres o cuatro meses.<\/p>\n<p>LG: \u00bfQu\u00e9 te has propuesto con este espacio?<\/p>\n<p>H: Que est\u00e9 ah\u00ed, que sea un momento para interactuar por las redes sociales, es importante mantener el tema de las redes sociales.<\/p>\n<p><strong>LG: \u00bfCu\u00e1les son ahora tus sue\u00f1os y metas en la TV?<\/strong><\/p>\n<p>H: No me preguntes eso porque ni yo lo s\u00e9 todav\u00eda. Mi mam\u00e1 acaba de salir de una operaci\u00f3n y esta semana operan a mi hermano, as\u00ed que estoy con eso.<\/p>\n<p><strong>LG: \u00bfTu mami c\u00f3mo est\u00e1?<\/strong><\/p>\n<p>H: Mucho mejor de salud, recuper\u00e1ndose y yo acompa\u00f1\u00e1ndola y tratando de enlazar nuevas cosas que se han perdido.<\/p>\n<p><strong>LG: Despu\u00e9s de todo lo que has logrado y crecido en este tiempo, \u00bfqui\u00e9n es hoy H\u00e9ctor Uriarte?<\/strong><\/p>\n<p>H: El mismo H\u00e9ctor que ha entrado al canal, es muy importante tener nuestro cable atado al suelo, es muy importante acordarnos de d\u00f3nde venimos, qu\u00e9 somos, que la vida son cinco minutos. A m\u00ed me ha golpeado mucho el caso del hijo de Maribel Guardia, que muri\u00f3 con un ataque al coraz\u00f3n a los 28 a\u00f1os. Nada en esta vida es seguro. La gente que se aferra a la fama, la gente que se aferra al dinero, la gente que se aferra a otras cosas no se da cuenta que puede salir y no puede volver y ahora estoy aferr\u00e1ndome m\u00e1s a la vida y a disfrutar porque a veces no todo es trabajar.<\/p>\n<p><strong>LG: \u00bfDeseas agregar algo?<\/strong><\/p>\n<p>H: Que sigo soltero (sonr\u00ede)\u2026 Dios m\u00edo, por favor.<\/p>\n<p><strong>LG: \u00bfY vas a seguir as\u00ed?<\/strong><\/p>\n<p>H: Dios quiera que este a\u00f1o me toque\u2026 ojal\u00e1, pues\u2026<\/p>\n<p><img loading=\"lazy\" decoding=\"async\" class=\"alignnone size-medium wp-image-163817\" src=\"https:\/\/www.eldiario.net\/portal\/wp-content\/uploads\/2023\/07\/hector-2-1-300x300.jpg\" alt=\"\" width=\"300\" height=\"300\" srcset=\"https:\/\/www.eldiario.net\/portal\/wp-content\/uploads\/2023\/07\/hector-2-1-300x300.jpg 300w, https:\/\/www.eldiario.net\/portal\/wp-content\/uploads\/2023\/07\/hector-2-1-1024x1024.jpg 1024w, https:\/\/www.eldiario.net\/portal\/wp-content\/uploads\/2023\/07\/hector-2-1-150x150.jpg 150w, https:\/\/www.eldiario.net\/portal\/wp-content\/uploads\/2023\/07\/hector-2-1-768x768.jpg 768w, https:\/\/www.eldiario.net\/portal\/wp-content\/uploads\/2023\/07\/hector-2-1-1536x1536.jpg 1536w, https:\/\/www.eldiario.net\/portal\/wp-content\/uploads\/2023\/07\/hector-2-1-696x696.jpg 696w, https:\/\/www.eldiario.net\/portal\/wp-content\/uploads\/2023\/07\/hector-2-1-1068x1068.jpg 1068w, https:\/\/www.eldiario.net\/portal\/wp-content\/uploads\/2023\/07\/hector-2-1.jpg 1600w\" sizes=\"auto, (max-width: 300px) 100vw, 300px\" \/><img loading=\"lazy\" decoding=\"async\" class=\"alignnone size-medium wp-image-163818\" src=\"https:\/\/www.eldiario.net\/portal\/wp-content\/uploads\/2023\/07\/hector-3-1-300x300.jpg\" alt=\"\" width=\"300\" height=\"300\" srcset=\"https:\/\/www.eldiario.net\/portal\/wp-content\/uploads\/2023\/07\/hector-3-1-300x300.jpg 300w, https:\/\/www.eldiario.net\/portal\/wp-content\/uploads\/2023\/07\/hector-3-1-1024x1024.jpg 1024w, https:\/\/www.eldiario.net\/portal\/wp-content\/uploads\/2023\/07\/hector-3-1-150x150.jpg 150w, https:\/\/www.eldiario.net\/portal\/wp-content\/uploads\/2023\/07\/hector-3-1-768x768.jpg 768w, https:\/\/www.eldiario.net\/portal\/wp-content\/uploads\/2023\/07\/hector-3-1-1536x1536.jpg 1536w, https:\/\/www.eldiario.net\/portal\/wp-content\/uploads\/2023\/07\/hector-3-1-696x696.jpg 696w, https:\/\/www.eldiario.net\/portal\/wp-content\/uploads\/2023\/07\/hector-3-1-1068x1068.jpg 1068w, https:\/\/www.eldiario.net\/portal\/wp-content\/uploads\/2023\/07\/hector-3-1.jpg 1599w\" sizes=\"auto, (max-width: 300px) 100vw, 300px\" \/><img loading=\"lazy\" decoding=\"async\" class=\"alignnone size-medium wp-image-163819\" src=\"https:\/\/www.eldiario.net\/portal\/wp-content\/uploads\/2023\/07\/hector-4-1-300x300.jpg\" alt=\"\" width=\"300\" height=\"300\" srcset=\"https:\/\/www.eldiario.net\/portal\/wp-content\/uploads\/2023\/07\/hector-4-1-300x300.jpg 300w, https:\/\/www.eldiario.net\/portal\/wp-content\/uploads\/2023\/07\/hector-4-1-1024x1024.jpg 1024w, https:\/\/www.eldiario.net\/portal\/wp-content\/uploads\/2023\/07\/hector-4-1-150x150.jpg 150w, https:\/\/www.eldiario.net\/portal\/wp-content\/uploads\/2023\/07\/hector-4-1-768x768.jpg 768w, https:\/\/www.eldiario.net\/portal\/wp-content\/uploads\/2023\/07\/hector-4-1-1536x1536.jpg 1536w, https:\/\/www.eldiario.net\/portal\/wp-content\/uploads\/2023\/07\/hector-4-1-696x696.jpg 696w, https:\/\/www.eldiario.net\/portal\/wp-content\/uploads\/2023\/07\/hector-4-1-1068x1068.jpg 1068w, https:\/\/www.eldiario.net\/portal\/wp-content\/uploads\/2023\/07\/hector-4-1.jpg 1600w\" sizes=\"auto, (max-width: 300px) 100vw, 300px\" \/><img loading=\"lazy\" decoding=\"async\" class=\"alignnone size-medium wp-image-163820\" src=\"https:\/\/www.eldiario.net\/portal\/wp-content\/uploads\/2023\/07\/hector-5-1-300x300.jpg\" alt=\"\" width=\"300\" height=\"300\" srcset=\"https:\/\/www.eldiario.net\/portal\/wp-content\/uploads\/2023\/07\/hector-5-1-300x300.jpg 300w, https:\/\/www.eldiario.net\/portal\/wp-content\/uploads\/2023\/07\/hector-5-1-1024x1024.jpg 1024w, https:\/\/www.eldiario.net\/portal\/wp-content\/uploads\/2023\/07\/hector-5-1-150x150.jpg 150w, https:\/\/www.eldiario.net\/portal\/wp-content\/uploads\/2023\/07\/hector-5-1-768x768.jpg 768w, https:\/\/www.eldiario.net\/portal\/wp-content\/uploads\/2023\/07\/hector-5-1-1536x1536.jpg 1536w, https:\/\/www.eldiario.net\/portal\/wp-content\/uploads\/2023\/07\/hector-5-1-696x696.jpg 696w, https:\/\/www.eldiario.net\/portal\/wp-content\/uploads\/2023\/07\/hector-5-1-1068x1068.jpg 1068w, https:\/\/www.eldiario.net\/portal\/wp-content\/uploads\/2023\/07\/hector-5-1.jpg 1600w\" sizes=\"auto, (max-width: 300px) 100vw, 300px\" \/><img loading=\"lazy\" decoding=\"async\" class=\"alignnone size-medium wp-image-163815\" src=\"https:\/\/www.eldiario.net\/portal\/wp-content\/uploads\/2023\/07\/hector-6-1-300x300.jpg\" alt=\"\" width=\"300\" height=\"300\" srcset=\"https:\/\/www.eldiario.net\/portal\/wp-content\/uploads\/2023\/07\/hector-6-1-300x300.jpg 300w, https:\/\/www.eldiario.net\/portal\/wp-content\/uploads\/2023\/07\/hector-6-1-1024x1024.jpg 1024w, https:\/\/www.eldiario.net\/portal\/wp-content\/uploads\/2023\/07\/hector-6-1-150x150.jpg 150w, https:\/\/www.eldiario.net\/portal\/wp-content\/uploads\/2023\/07\/hector-6-1-768x768.jpg 768w, https:\/\/www.eldiario.net\/portal\/wp-content\/uploads\/2023\/07\/hector-6-1-1536x1536.jpg 1536w, https:\/\/www.eldiario.net\/portal\/wp-content\/uploads\/2023\/07\/hector-6-1-696x696.jpg 696w, https:\/\/www.eldiario.net\/portal\/wp-content\/uploads\/2023\/07\/hector-6-1-1068x1068.jpg 1068w, https:\/\/www.eldiario.net\/portal\/wp-content\/uploads\/2023\/07\/hector-6-1.jpg 1600w\" sizes=\"auto, (max-width: 300px) 100vw, 300px\" \/><\/p>\n<p>&nbsp;<\/p>\n","protected":false},"excerpt":{"rendered":"<p>Tras su alejamiento de Bolivisi\u00f3n, luego de casi 14 a\u00f1os de intenso trabajo, H\u00e9ctor Uriarte confiesa que ahora est\u00e1 disfrutando de otro tipo de momentos con su familia, con sus amigos y sus mascotas. \u201cEs lindo tomar este otro tiempo&#8230; aprovechar los tiempos que no he aprovechado\u2026 a veces el trabajo de consume, te absorbe\u201d, [&hellip;]<\/p>\n","protected":false},"author":2,"featured_media":163816,"comment_status":"closed","ping_status":"open","sticky":false,"template":"","format":"standard","meta":{"_acf_changed":false,"footnotes":""},"categories":[41],"tags":[],"class_list":["post-163813","post","type-post","status-publish","format-standard","has-post-thumbnail","category-la-guia"],"acf":{"antetitulo":""},"yoast_head":"<!-- This site is optimized with the Yoast SEO plugin v28.4 - https:\/\/yoast.com\/product\/yoast-seo-wordpress\/ -->\n<title>H\u00c9CTOR URIARTE \u201cAhora estoy aferr\u00e1ndome m\u00e1s a la vida y a disfrutar\u201d - El Diario - Bolivia<\/title>\n<meta name=\"robots\" content=\"index, follow, max-snippet:-1, max-image-preview:large, max-video-preview:-1\" \/>\n<link rel=\"canonical\" href=\"https:\/\/www.eldiario.net\/portal\/2023\/07\/05\/hector-uriarte-ahora-estoy-aferrandome-mas-a-la-vida-y-a-disfrutar\/\" \/>\n<meta property=\"og:locale\" content=\"es_ES\" \/>\n<meta property=\"og:type\" content=\"article\" \/>\n<meta property=\"og:title\" content=\"H\u00c9CTOR URIARTE \u201cAhora estoy aferr\u00e1ndome m\u00e1s a la vida y a disfrutar\u201d - El Diario - Bolivia\" \/>\n<meta property=\"og:description\" content=\"Tras su alejamiento de Bolivisi\u00f3n, luego de casi 14 a\u00f1os de intenso trabajo, H\u00e9ctor Uriarte confiesa que ahora est\u00e1 disfrutando de otro tipo de momentos con su familia, con sus amigos y sus mascotas. \u201cEs lindo tomar este otro tiempo&#8230; aprovechar los tiempos que no he aprovechado\u2026 a veces el trabajo de consume, te absorbe\u201d, [&hellip;]\" \/>\n<meta property=\"og:url\" content=\"https:\/\/www.eldiario.net\/portal\/2023\/07\/05\/hector-uriarte-ahora-estoy-aferrandome-mas-a-la-vida-y-a-disfrutar\/\" \/>\n<meta property=\"og:site_name\" content=\"El Diario - Bolivia\" \/>\n<meta property=\"article:publisher\" content=\"https:\/\/www.facebook.com\/eldiario.bolivia\/\" \/>\n<meta property=\"article:published_time\" content=\"2023-07-05T13:21:21+00:00\" \/>\n<meta property=\"og:image\" content=\"https:\/\/www.eldiario.net\/portal\/wp-content\/uploads\/2023\/07\/hector-1-PRINCIPAL-1.jpeg\" \/>\n\t<meta property=\"og:image:width\" content=\"1600\" \/>\n\t<meta property=\"og:image:height\" content=\"1294\" \/>\n\t<meta property=\"og:image:type\" content=\"image\/jpeg\" \/>\n<meta name=\"author\" content=\"luis Camacho\" \/>\n<meta name=\"twitter:card\" content=\"summary_large_image\" \/>\n<meta name=\"twitter:creator\" content=\"@eldiario_net\" \/>\n<meta name=\"twitter:site\" content=\"@eldiario_net\" \/>\n<meta name=\"twitter:label1\" content=\"Escrito por\" \/>\n\t<meta name=\"twitter:data1\" content=\"luis Camacho\" \/>\n\t<meta name=\"twitter:label2\" content=\"Tiempo de lectura\" \/>\n\t<meta name=\"twitter:data2\" content=\"6 minutos\" \/>\n<script type=\"application\/ld+json\" class=\"yoast-schema-graph\">{\"@context\":\"https:\\\/\\\/schema.org\",\"@graph\":[{\"@type\":\"Article\",\"@id\":\"https:\\\/\\\/www.eldiario.net\\\/portal\\\/2023\\\/07\\\/05\\\/hector-uriarte-ahora-estoy-aferrandome-mas-a-la-vida-y-a-disfrutar\\\/#article\",\"isPartOf\":{\"@id\":\"https:\\\/\\\/www.eldiario.net\\\/portal\\\/2023\\\/07\\\/05\\\/hector-uriarte-ahora-estoy-aferrandome-mas-a-la-vida-y-a-disfrutar\\\/\"},\"author\":{\"name\":\"luis Camacho\",\"@id\":\"https:\\\/\\\/www.eldiario.net\\\/portal\\\/#\\\/schema\\\/person\\\/c1a5d38e458b10c8ebd62f4189b82bbc\"},\"headline\":\"H\u00c9CTOR URIARTE \u201cAhora estoy aferr\u00e1ndome m\u00e1s a la vida y a disfrutar\u201d\",\"datePublished\":\"2023-07-05T13:21:21+00:00\",\"mainEntityOfPage\":{\"@id\":\"https:\\\/\\\/www.eldiario.net\\\/portal\\\/2023\\\/07\\\/05\\\/hector-uriarte-ahora-estoy-aferrandome-mas-a-la-vida-y-a-disfrutar\\\/\"},\"wordCount\":1182,\"publisher\":{\"@id\":\"https:\\\/\\\/www.eldiario.net\\\/portal\\\/#organization\"},\"image\":{\"@id\":\"https:\\\/\\\/www.eldiario.net\\\/portal\\\/2023\\\/07\\\/05\\\/hector-uriarte-ahora-estoy-aferrandome-mas-a-la-vida-y-a-disfrutar\\\/#primaryimage\"},\"thumbnailUrl\":\"https:\\\/\\\/www.eldiario.net\\\/portal\\\/wp-content\\\/uploads\\\/2023\\\/07\\\/hector-1-PRINCIPAL-1.jpeg\",\"articleSection\":[\"La Gu\u00eda\"],\"inLanguage\":\"es\"},{\"@type\":\"WebPage\",\"@id\":\"https:\\\/\\\/www.eldiario.net\\\/portal\\\/2023\\\/07\\\/05\\\/hector-uriarte-ahora-estoy-aferrandome-mas-a-la-vida-y-a-disfrutar\\\/\",\"url\":\"https:\\\/\\\/www.eldiario.net\\\/portal\\\/2023\\\/07\\\/05\\\/hector-uriarte-ahora-estoy-aferrandome-mas-a-la-vida-y-a-disfrutar\\\/\",\"name\":\"H\u00c9CTOR URIARTE \u201cAhora estoy aferr\u00e1ndome m\u00e1s a la vida y a disfrutar\u201d - El Diario - Bolivia\",\"isPartOf\":{\"@id\":\"https:\\\/\\\/www.eldiario.net\\\/portal\\\/#website\"},\"primaryImageOfPage\":{\"@id\":\"https:\\\/\\\/www.eldiario.net\\\/portal\\\/2023\\\/07\\\/05\\\/hector-uriarte-ahora-estoy-aferrandome-mas-a-la-vida-y-a-disfrutar\\\/#primaryimage\"},\"image\":{\"@id\":\"https:\\\/\\\/www.eldiario.net\\\/portal\\\/2023\\\/07\\\/05\\\/hector-uriarte-ahora-estoy-aferrandome-mas-a-la-vida-y-a-disfrutar\\\/#primaryimage\"},\"thumbnailUrl\":\"https:\\\/\\\/www.eldiario.net\\\/portal\\\/wp-content\\\/uploads\\\/2023\\\/07\\\/hector-1-PRINCIPAL-1.jpeg\",\"datePublished\":\"2023-07-05T13:21:21+00:00\",\"breadcrumb\":{\"@id\":\"https:\\\/\\\/www.eldiario.net\\\/portal\\\/2023\\\/07\\\/05\\\/hector-uriarte-ahora-estoy-aferrandome-mas-a-la-vida-y-a-disfrutar\\\/#breadcrumb\"},\"inLanguage\":\"es\",\"potentialAction\":[{\"@type\":\"ReadAction\",\"target\":[\"https:\\\/\\\/www.eldiario.net\\\/portal\\\/2023\\\/07\\\/05\\\/hector-uriarte-ahora-estoy-aferrandome-mas-a-la-vida-y-a-disfrutar\\\/\"]}]},{\"@type\":\"ImageObject\",\"inLanguage\":\"es\",\"@id\":\"https:\\\/\\\/www.eldiario.net\\\/portal\\\/2023\\\/07\\\/05\\\/hector-uriarte-ahora-estoy-aferrandome-mas-a-la-vida-y-a-disfrutar\\\/#primaryimage\",\"url\":\"https:\\\/\\\/www.eldiario.net\\\/portal\\\/wp-content\\\/uploads\\\/2023\\\/07\\\/hector-1-PRINCIPAL-1.jpeg\",\"contentUrl\":\"https:\\\/\\\/www.eldiario.net\\\/portal\\\/wp-content\\\/uploads\\\/2023\\\/07\\\/hector-1-PRINCIPAL-1.jpeg\",\"width\":1600,\"height\":1294},{\"@type\":\"BreadcrumbList\",\"@id\":\"https:\\\/\\\/www.eldiario.net\\\/portal\\\/2023\\\/07\\\/05\\\/hector-uriarte-ahora-estoy-aferrandome-mas-a-la-vida-y-a-disfrutar\\\/#breadcrumb\",\"itemListElement\":[{\"@type\":\"ListItem\",\"position\":1,\"name\":\"Portada\",\"item\":\"https:\\\/\\\/www.eldiario.net\\\/portal\\\/\"},{\"@type\":\"ListItem\",\"position\":2,\"name\":\"H\u00c9CTOR URIARTE \u201cAhora estoy aferr\u00e1ndome m\u00e1s a la vida y a disfrutar\u201d\"}]},{\"@type\":\"WebSite\",\"@id\":\"https:\\\/\\\/www.eldiario.net\\\/portal\\\/#website\",\"url\":\"https:\\\/\\\/www.eldiario.net\\\/portal\\\/\",\"name\":\"El Diario - Decano de la prensa nacional\",\"description\":\"El Diario - Decano de la prensa nacional\",\"publisher\":{\"@id\":\"https:\\\/\\\/www.eldiario.net\\\/portal\\\/#organization\"},\"potentialAction\":[{\"@type\":\"SearchAction\",\"target\":{\"@type\":\"EntryPoint\",\"urlTemplate\":\"https:\\\/\\\/www.eldiario.net\\\/portal\\\/?s={search_term_string}\"},\"query-input\":{\"@type\":\"PropertyValueSpecification\",\"valueRequired\":true,\"valueName\":\"search_term_string\"}}],\"inLanguage\":\"es\"},{\"@type\":\"Organization\",\"@id\":\"https:\\\/\\\/www.eldiario.net\\\/portal\\\/#organization\",\"name\":\"El Diario - Decano de la prensa nacional\",\"url\":\"https:\\\/\\\/www.eldiario.net\\\/portal\\\/\",\"logo\":{\"@type\":\"ImageObject\",\"inLanguage\":\"es\",\"@id\":\"https:\\\/\\\/www.eldiario.net\\\/portal\\\/#\\\/schema\\\/logo\\\/image\\\/\",\"url\":\"https:\\\/\\\/www.eldiario.net\\\/portal\\\/wp-content\\\/uploads\\\/2023\\\/07\\\/logo_ED.jpg\",\"contentUrl\":\"https:\\\/\\\/www.eldiario.net\\\/portal\\\/wp-content\\\/uploads\\\/2023\\\/07\\\/logo_ED.jpg\",\"width\":272,\"height\":52,\"caption\":\"El Diario - Decano de la prensa nacional\"},\"image\":{\"@id\":\"https:\\\/\\\/www.eldiario.net\\\/portal\\\/#\\\/schema\\\/logo\\\/image\\\/\"},\"sameAs\":[\"https:\\\/\\\/www.facebook.com\\\/eldiario.bolivia\\\/\",\"https:\\\/\\\/x.com\\\/eldiario_net\"]},{\"@type\":\"Person\",\"@id\":\"https:\\\/\\\/www.eldiario.net\\\/portal\\\/#\\\/schema\\\/person\\\/c1a5d38e458b10c8ebd62f4189b82bbc\",\"name\":\"luis Camacho\",\"image\":{\"@type\":\"ImageObject\",\"inLanguage\":\"es\",\"@id\":\"https:\\\/\\\/secure.gravatar.com\\\/avatar\\\/69ecb836b3826d5a2501bf06ab2a2f2c8ab211cc846758f395df21684cb38313?s=96&d=mm&r=g\",\"url\":\"https:\\\/\\\/secure.gravatar.com\\\/avatar\\\/69ecb836b3826d5a2501bf06ab2a2f2c8ab211cc846758f395df21684cb38313?s=96&d=mm&r=g\",\"contentUrl\":\"https:\\\/\\\/secure.gravatar.com\\\/avatar\\\/69ecb836b3826d5a2501bf06ab2a2f2c8ab211cc846758f395df21684cb38313?s=96&d=mm&r=g\",\"caption\":\"luis Camacho\"},\"url\":\"https:\\\/\\\/www.eldiario.net\\\/portal\\\/author\\\/luis\\\/\"}]}<\/script>\n<!-- \/ Yoast SEO plugin. -->","yoast_head_json":{"title":"H\u00c9CTOR URIARTE \u201cAhora estoy aferr\u00e1ndome m\u00e1s a la vida y a disfrutar\u201d - El Diario - Bolivia","robots":{"index":"index","follow":"follow","max-snippet":"max-snippet:-1","max-image-preview":"max-image-preview:large","max-video-preview":"max-video-preview:-1"},"canonical":"https:\/\/www.eldiario.net\/portal\/2023\/07\/05\/hector-uriarte-ahora-estoy-aferrandome-mas-a-la-vida-y-a-disfrutar\/","og_locale":"es_ES","og_type":"article","og_title":"H\u00c9CTOR URIARTE \u201cAhora estoy aferr\u00e1ndome m\u00e1s a la vida y a disfrutar\u201d - El Diario - Bolivia","og_description":"Tras su alejamiento de Bolivisi\u00f3n, luego de casi 14 a\u00f1os de intenso trabajo, H\u00e9ctor Uriarte confiesa que ahora est\u00e1 disfrutando de otro tipo de momentos con su familia, con sus amigos y sus mascotas. \u201cEs lindo tomar este otro tiempo&#8230; aprovechar los tiempos que no he aprovechado\u2026 a veces el trabajo de consume, te absorbe\u201d, [&hellip;]","og_url":"https:\/\/www.eldiario.net\/portal\/2023\/07\/05\/hector-uriarte-ahora-estoy-aferrandome-mas-a-la-vida-y-a-disfrutar\/","og_site_name":"El Diario - Bolivia","article_publisher":"https:\/\/www.facebook.com\/eldiario.bolivia\/","article_published_time":"2023-07-05T13:21:21+00:00","og_image":[{"width":1600,"height":1294,"url":"https:\/\/www.eldiario.net\/portal\/wp-content\/uploads\/2023\/07\/hector-1-PRINCIPAL-1.jpeg","type":"image\/jpeg"}],"author":"luis Camacho","twitter_card":"summary_large_image","twitter_creator":"@eldiario_net","twitter_site":"@eldiario_net","twitter_misc":{"Escrito por":"luis Camacho","Tiempo de lectura":"6 minutos"},"schema":{"@context":"https:\/\/schema.org","@graph":[{"@type":"Article","@id":"https:\/\/www.eldiario.net\/portal\/2023\/07\/05\/hector-uriarte-ahora-estoy-aferrandome-mas-a-la-vida-y-a-disfrutar\/#article","isPartOf":{"@id":"https:\/\/www.eldiario.net\/portal\/2023\/07\/05\/hector-uriarte-ahora-estoy-aferrandome-mas-a-la-vida-y-a-disfrutar\/"},"author":{"name":"luis Camacho","@id":"https:\/\/www.eldiario.net\/portal\/#\/schema\/person\/c1a5d38e458b10c8ebd62f4189b82bbc"},"headline":"H\u00c9CTOR URIARTE \u201cAhora estoy aferr\u00e1ndome m\u00e1s a la vida y a disfrutar\u201d","datePublished":"2023-07-05T13:21:21+00:00","mainEntityOfPage":{"@id":"https:\/\/www.eldiario.net\/portal\/2023\/07\/05\/hector-uriarte-ahora-estoy-aferrandome-mas-a-la-vida-y-a-disfrutar\/"},"wordCount":1182,"publisher":{"@id":"https:\/\/www.eldiario.net\/portal\/#organization"},"image":{"@id":"https:\/\/www.eldiario.net\/portal\/2023\/07\/05\/hector-uriarte-ahora-estoy-aferrandome-mas-a-la-vida-y-a-disfrutar\/#primaryimage"},"thumbnailUrl":"https:\/\/www.eldiario.net\/portal\/wp-content\/uploads\/2023\/07\/hector-1-PRINCIPAL-1.jpeg","articleSection":["La Gu\u00eda"],"inLanguage":"es"},{"@type":"WebPage","@id":"https:\/\/www.eldiario.net\/portal\/2023\/07\/05\/hector-uriarte-ahora-estoy-aferrandome-mas-a-la-vida-y-a-disfrutar\/","url":"https:\/\/www.eldiario.net\/portal\/2023\/07\/05\/hector-uriarte-ahora-estoy-aferrandome-mas-a-la-vida-y-a-disfrutar\/","name":"H\u00c9CTOR URIARTE \u201cAhora estoy aferr\u00e1ndome m\u00e1s a la vida y a disfrutar\u201d - El Diario - Bolivia","isPartOf":{"@id":"https:\/\/www.eldiario.net\/portal\/#website"},"primaryImageOfPage":{"@id":"https:\/\/www.eldiario.net\/portal\/2023\/07\/05\/hector-uriarte-ahora-estoy-aferrandome-mas-a-la-vida-y-a-disfrutar\/#primaryimage"},"image":{"@id":"https:\/\/www.eldiario.net\/portal\/2023\/07\/05\/hector-uriarte-ahora-estoy-aferrandome-mas-a-la-vida-y-a-disfrutar\/#primaryimage"},"thumbnailUrl":"https:\/\/www.eldiario.net\/portal\/wp-content\/uploads\/2023\/07\/hector-1-PRINCIPAL-1.jpeg","datePublished":"2023-07-05T13:21:21+00:00","breadcrumb":{"@id":"https:\/\/www.eldiario.net\/portal\/2023\/07\/05\/hector-uriarte-ahora-estoy-aferrandome-mas-a-la-vida-y-a-disfrutar\/#breadcrumb"},"inLanguage":"es","potentialAction":[{"@type":"ReadAction","target":["https:\/\/www.eldiario.net\/portal\/2023\/07\/05\/hector-uriarte-ahora-estoy-aferrandome-mas-a-la-vida-y-a-disfrutar\/"]}]},{"@type":"ImageObject","inLanguage":"es","@id":"https:\/\/www.eldiario.net\/portal\/2023\/07\/05\/hector-uriarte-ahora-estoy-aferrandome-mas-a-la-vida-y-a-disfrutar\/#primaryimage","url":"https:\/\/www.eldiario.net\/portal\/wp-content\/uploads\/2023\/07\/hector-1-PRINCIPAL-1.jpeg","contentUrl":"https:\/\/www.eldiario.net\/portal\/wp-content\/uploads\/2023\/07\/hector-1-PRINCIPAL-1.jpeg","width":1600,"height":1294},{"@type":"BreadcrumbList","@id":"https:\/\/www.eldiario.net\/portal\/2023\/07\/05\/hector-uriarte-ahora-estoy-aferrandome-mas-a-la-vida-y-a-disfrutar\/#breadcrumb","itemListElement":[{"@type":"ListItem","position":1,"name":"Portada","item":"https:\/\/www.eldiario.net\/portal\/"},{"@type":"ListItem","position":2,"name":"H\u00c9CTOR URIARTE \u201cAhora estoy aferr\u00e1ndome m\u00e1s a la vida y a disfrutar\u201d"}]},{"@type":"WebSite","@id":"https:\/\/www.eldiario.net\/portal\/#website","url":"https:\/\/www.eldiario.net\/portal\/","name":"El Diario - Decano de la prensa nacional","description":"El Diario - Decano de la prensa nacional","publisher":{"@id":"https:\/\/www.eldiario.net\/portal\/#organization"},"potentialAction":[{"@type":"SearchAction","target":{"@type":"EntryPoint","urlTemplate":"https:\/\/www.eldiario.net\/portal\/?s={search_term_string}"},"query-input":{"@type":"PropertyValueSpecification","valueRequired":true,"valueName":"search_term_string"}}],"inLanguage":"es"},{"@type":"Organization","@id":"https:\/\/www.eldiario.net\/portal\/#organization","name":"El Diario - Decano de la prensa nacional","url":"https:\/\/www.eldiario.net\/portal\/","logo":{"@type":"ImageObject","inLanguage":"es","@id":"https:\/\/www.eldiario.net\/portal\/#\/schema\/logo\/image\/","url":"https:\/\/www.eldiario.net\/portal\/wp-content\/uploads\/2023\/07\/logo_ED.jpg","contentUrl":"https:\/\/www.eldiario.net\/portal\/wp-content\/uploads\/2023\/07\/logo_ED.jpg","width":272,"height":52,"caption":"El Diario - Decano de la prensa nacional"},"image":{"@id":"https:\/\/www.eldiario.net\/portal\/#\/schema\/logo\/image\/"},"sameAs":["https:\/\/www.facebook.com\/eldiario.bolivia\/","https:\/\/x.com\/eldiario_net"]},{"@type":"Person","@id":"https:\/\/www.eldiario.net\/portal\/#\/schema\/person\/c1a5d38e458b10c8ebd62f4189b82bbc","name":"luis Camacho","image":{"@type":"ImageObject","inLanguage":"es","@id":"https:\/\/secure.gravatar.com\/avatar\/69ecb836b3826d5a2501bf06ab2a2f2c8ab211cc846758f395df21684cb38313?s=96&d=mm&r=g","url":"https:\/\/secure.gravatar.com\/avatar\/69ecb836b3826d5a2501bf06ab2a2f2c8ab211cc846758f395df21684cb38313?s=96&d=mm&r=g","contentUrl":"https:\/\/secure.gravatar.com\/avatar\/69ecb836b3826d5a2501bf06ab2a2f2c8ab211cc846758f395df21684cb38313?s=96&d=mm&r=g","caption":"luis Camacho"},"url":"https:\/\/www.eldiario.net\/portal\/author\/luis\/"}]}},"_links":{"self":[{"href":"https:\/\/www.eldiario.net\/portal\/wp-json\/wp\/v2\/posts\/163813","targetHints":{"allow":["GET"]}}],"collection":[{"href":"https:\/\/www.eldiario.net\/portal\/wp-json\/wp\/v2\/posts"}],"about":[{"href":"https:\/\/www.eldiario.net\/portal\/wp-json\/wp\/v2\/types\/post"}],"author":[{"embeddable":true,"href":"https:\/\/www.eldiario.net\/portal\/wp-json\/wp\/v2\/users\/2"}],"replies":[{"embeddable":true,"href":"https:\/\/www.eldiario.net\/portal\/wp-json\/wp\/v2\/comments?post=163813"}],"version-history":[{"count":0,"href":"https:\/\/www.eldiario.net\/portal\/wp-json\/wp\/v2\/posts\/163813\/revisions"}],"wp:featuredmedia":[{"embeddable":true,"href":"https:\/\/www.eldiario.net\/portal\/wp-json\/wp\/v2\/media\/163816"}],"wp:attachment":[{"href":"https:\/\/www.eldiario.net\/portal\/wp-json\/wp\/v2\/media?parent=163813"}],"wp:term":[{"taxonomy":"category","embeddable":true,"href":"https:\/\/www.eldiario.net\/portal\/wp-json\/wp\/v2\/categories?post=163813"},{"taxonomy":"post_tag","embeddable":true,"href":"https:\/\/www.eldiario.net\/portal\/wp-json\/wp\/v2\/tags?post=163813"}],"curies":[{"name":"wp","href":"https:\/\/api.w.org\/{rel}","templated":true}]}}