{"id":163802,"date":"2023-07-05T07:23:19","date_gmt":"2023-07-05T11:23:19","guid":{"rendered":"https:\/\/www.eldiario.net\/portal\/?p=163802"},"modified":"2023-07-05T07:23:19","modified_gmt":"2023-07-05T11:23:19","slug":"cactus-es-el-ultimo-viaje-de-comunidad","status":"publish","type":"post","link":"https:\/\/www.eldiario.net\/portal\/2023\/07\/05\/cactus-es-el-ultimo-viaje-de-comunidad\/","title":{"rendered":"\u201cCactus\u201d es el \u00faltimo  viaje de Comunidad"},"content":{"rendered":"<p>El grupo Comunidad presentar\u00e1 su nuevo trabajo, \u201cCactus\u201d, en el Teatro Municipal de C\u00e1mara Norma Merlo de la ciudad de La Paz el jueves 6 de julio, a partir de las 19:30 horas. Se trata de una producci\u00f3n madura y actualizada de acuerdo con los nuevos vientos que recorren el mundo, con nuevos sonidos e ideas para mantenerse fiel a sus seguidores de m\u00e1s de 30 a\u00f1os y tratar de conquistar a las nuevas generaciones.<\/p>\n<p>Luego de un receso obligado por la pandemia, Edwin Centellas en voz, cuerdas, percusiones y otros; Jaime Cortez en vientos y voz; Marcelo Palacios en guitarra y otros instrumentos; Lilyk Pe\u00f1aranda en voz y coros; Gimmer Jhimbo (ex Octavia) en vientos; Miguel S\u00e1nchez Arriaza en bater\u00eda y Gabriel Galo Cortez (ex Anada) en el bajo, se encuentran listos para presentar su nuevo trabajo y resumir los 36 a\u00f1os de actividad musical plasmados en m\u00e1s de 8 obras que son parte de la historia del rock nacional.<\/p>\n<p><em>Camino a la monta\u00f1a<\/em>, <em>Cactus<\/em>, <em>Poncho Negro<\/em>, <em>Morenada C\u00f3smica<\/em>, <em>Bien Rico Pues<\/em>, <em>Templo Diablo<\/em>, <em>Del Poeta su Morena<\/em> y <em>I Love You Coroico<\/em> son los t\u00edtulos del nuevo \u00e1lbum y muestran el nuevo recorrido que decidi\u00f3 transitar <em>Comunidad<\/em>.<\/p>\n<p>Tal como hiciera en su presentaci\u00f3n del disco <em>\u00a1Qu\u00e9 Tiempos aquellos!<\/em>, que contiene tres temas que son parte del tributo a las primeras influencias de los <em>comuners<\/em>, como el memorable grupo Los Jairas y el tema po\u00e9tico de <em>Alfonsina y el Mar<\/em> con el mejor estilo de <em>Comunidad<\/em>, que fue realizado en simult\u00e1neo entre Bolivia y Francia, Jaime Cortez anuncia una sorpresa para el 6 de julio y anticipa que el disco tendr\u00e1 una presentaci\u00f3n con lo \u00faltimo de la tecnolog\u00eda.<\/p>\n<p><strong>HISTORIA<\/strong><\/p>\n<p>Los discos <em>La Revuelta<\/em>, <em>Intoxicaci\u00f3n<\/em>, <em>Acracia<\/em>, <em>Horadar<\/em>, <em>Eclipse Mental <\/em>y otros forman parte de la rica experiencia comunitaria con los que se escribi\u00f3 algunas de las p\u00e1ginas m\u00e1s importantes del rock nacional luego de la recuperaci\u00f3n de la democracia.<\/p>\n<p>El grupo <em>Comunidad<\/em> naci\u00f3 en abril de 1987 con la base de Jaime Cortez Maldonado y Renato Careaga (+), quienes anteriormente hab\u00edan formado <em>Cactus<\/em>. La propuesta hasta ese momento parec\u00eda dif\u00edcil y complicada, pues la juventud ochentera optaba por dar mayor preferencia a los covers de <em>Scorpions<\/em> o <em>Iron Maiden<\/em>, pero los <em>comuners<\/em> estaban decididos a presentar composiciones propias a costa de pelear contra los grandes molinos.<\/p>\n<p>R\u00e1pidamente conquistaron al p\u00fablico pace\u00f1o con temas como <em>Coitus Interruptus<\/em> o <em>Intensidad<\/em>, con letras que cuestionaban a la conservadora sociedad y mostraban una actitud \u00e1crata respecto a los tradicionales moldes. Tal vez esa determinaci\u00f3n permiti\u00f3 que se fusionaran con la rebelde juventud que hab\u00eda enfrentado la bota militar hasta 1982.<\/p>\n<p>Por eso no se cansaron de repetir que \u201cel arte en comunidad est\u00e1 en conflicto permanente con la cultura existente. El mundo en que vivimos nos ahoga y agobia, sufrimos su presi\u00f3n en toda su falaz hipocres\u00eda, su renegada reacci\u00f3n al subestimarnos, como a ni\u00f1os que est\u00e1n al margen de la ideolog\u00eda de la producci\u00f3n; esclavitud moderna, vieja moral enferma\u201d.<\/p>\n<p>En su historia comunaria la presencia de Gonzalo Ib\u00e1\u00f1ez, ex <em>Trueno Azul<\/em>, y el \u201cPuka\u201d Reyes Villa, ex <em>Collage<\/em>, le dieron el toque rockero que llevaba en sus entra\u00f1as y permitieron que el grupo se fusionara con quienes ya no hab\u00edan encontrado nuevas propuestas.<\/p>\n<p>Su trabajo silencioso productivo gener\u00f3 varias nuevas propuestas, por lo que la agrupaci\u00f3n decidi\u00f3 retornar a los escenarios. Es importante mencionar que contaron con la participaci\u00f3n en algunos temas del \u00c1lbum <em>Ojos Locos<\/em> y <em>Cactus<\/em> del maestro Carlos Fischer, el aporte del viol\u00edn de Gustavo Orihuela, Cadijo, blusero franc\u00e9s en la arm\u00f3nica y Daniel Guiggax, m\u00fasico suizo alem\u00e1n en los teclados.<\/p>\n<p>Si bien es el \u00faltimo viaje que decidieron transitar sus integrantes con este nuevo trabajo, estamos seguros que no se cerrar\u00e1 la creatividad que han demostrado a lo largo de sus 36 a\u00f1os de trayectoria musical.<\/p>\n<div id='gallery-1' class='gallery galleryid-163802 gallery-columns-3 gallery-size-medium'><figure class='gallery-item'>\n\t\t\t<div class='gallery-icon portrait'>\n\t\t\t\t<a href='https:\/\/www.eldiario.net\/portal\/2023\/07\/05\/cactus-es-el-ultimo-viaje-de-comunidad\/comunidad-1-princ\/'><img loading=\"lazy\" decoding=\"async\" width=\"295\" height=\"300\" src=\"https:\/\/www.eldiario.net\/portal\/wp-content\/uploads\/2023\/07\/comunidad-1-PRINC-295x300.jpeg\" class=\"attachment-medium size-medium\" alt=\"\" srcset=\"https:\/\/www.eldiario.net\/portal\/wp-content\/uploads\/2023\/07\/comunidad-1-PRINC-295x300.jpeg 295w, https:\/\/www.eldiario.net\/portal\/wp-content\/uploads\/2023\/07\/comunidad-1-PRINC-768x781.jpeg 768w, https:\/\/www.eldiario.net\/portal\/wp-content\/uploads\/2023\/07\/comunidad-1-PRINC-696x708.jpeg 696w, https:\/\/www.eldiario.net\/portal\/wp-content\/uploads\/2023\/07\/comunidad-1-PRINC.jpeg 936w\" sizes=\"auto, (max-width: 295px) 100vw, 295px\" \/><\/a>\n\t\t\t<\/div><\/figure><figure class='gallery-item'>\n\t\t\t<div class='gallery-icon portrait'>\n\t\t\t\t<a href='https:\/\/www.eldiario.net\/portal\/2023\/07\/05\/cactus-es-el-ultimo-viaje-de-comunidad\/comunidad-2\/'><img loading=\"lazy\" decoding=\"async\" width=\"300\" height=\"300\" src=\"https:\/\/www.eldiario.net\/portal\/wp-content\/uploads\/2023\/07\/comunidad-2-300x300.jpeg\" class=\"attachment-medium size-medium\" alt=\"\" srcset=\"https:\/\/www.eldiario.net\/portal\/wp-content\/uploads\/2023\/07\/comunidad-2-300x300.jpeg 300w, https:\/\/www.eldiario.net\/portal\/wp-content\/uploads\/2023\/07\/comunidad-2-150x150.jpeg 150w, https:\/\/www.eldiario.net\/portal\/wp-content\/uploads\/2023\/07\/comunidad-2-768x770.jpeg 768w, https:\/\/www.eldiario.net\/portal\/wp-content\/uploads\/2023\/07\/comunidad-2-696x698.jpeg 696w, https:\/\/www.eldiario.net\/portal\/wp-content\/uploads\/2023\/07\/comunidad-2.jpeg 816w\" sizes=\"auto, (max-width: 300px) 100vw, 300px\" \/><\/a>\n\t\t\t<\/div><\/figure><figure class='gallery-item'>\n\t\t\t<div class='gallery-icon portrait'>\n\t\t\t\t<a href='https:\/\/www.eldiario.net\/portal\/2023\/07\/05\/cactus-es-el-ultimo-viaje-de-comunidad\/comunidad-3\/'><img loading=\"lazy\" decoding=\"async\" width=\"298\" height=\"300\" src=\"https:\/\/www.eldiario.net\/portal\/wp-content\/uploads\/2023\/07\/comunidad-3-298x300.jpeg\" class=\"attachment-medium size-medium\" alt=\"\" srcset=\"https:\/\/www.eldiario.net\/portal\/wp-content\/uploads\/2023\/07\/comunidad-3-298x300.jpeg 298w, https:\/\/www.eldiario.net\/portal\/wp-content\/uploads\/2023\/07\/comunidad-3-150x150.jpeg 150w, https:\/\/www.eldiario.net\/portal\/wp-content\/uploads\/2023\/07\/comunidad-3-768x773.jpeg 768w, https:\/\/www.eldiario.net\/portal\/wp-content\/uploads\/2023\/07\/comunidad-3-696x700.jpeg 696w, https:\/\/www.eldiario.net\/portal\/wp-content\/uploads\/2023\/07\/comunidad-3.jpeg 954w\" sizes=\"auto, (max-width: 298px) 100vw, 298px\" \/><\/a>\n\t\t\t<\/div><\/figure>\n\t\t<\/div>\n\n","protected":false},"excerpt":{"rendered":"<p>El grupo Comunidad presentar\u00e1 su nuevo trabajo, \u201cCactus\u201d, en el Teatro Municipal de C\u00e1mara Norma Merlo de la ciudad de La Paz el jueves 6 de julio, a partir de las 19:30 horas. Se trata de una producci\u00f3n madura y actualizada de acuerdo con los nuevos vientos que recorren el mundo, con nuevos sonidos e [&hellip;]<\/p>\n","protected":false},"author":1,"featured_media":163803,"comment_status":"closed","ping_status":"open","sticky":false,"template":"","format":"standard","meta":{"_acf_changed":false,"footnotes":""},"categories":[41],"tags":[],"class_list":["post-163802","post","type-post","status-publish","format-standard","has-post-thumbnail","category-la-guia"],"acf":{"antetitulo":""},"yoast_head":"<!-- This site is optimized with the Yoast SEO plugin v28.4 - https:\/\/yoast.com\/product\/yoast-seo-wordpress\/ -->\n<title>\u201cCactus\u201d es el \u00faltimo viaje de Comunidad - El Diario - Bolivia<\/title>\n<meta name=\"robots\" content=\"index, follow, max-snippet:-1, max-image-preview:large, max-video-preview:-1\" \/>\n<link rel=\"canonical\" href=\"https:\/\/www.eldiario.net\/portal\/2023\/07\/05\/cactus-es-el-ultimo-viaje-de-comunidad\/\" \/>\n<meta property=\"og:locale\" content=\"es_ES\" \/>\n<meta property=\"og:type\" content=\"article\" \/>\n<meta property=\"og:title\" content=\"\u201cCactus\u201d es el \u00faltimo viaje de Comunidad - El Diario - Bolivia\" \/>\n<meta property=\"og:description\" content=\"El grupo Comunidad presentar\u00e1 su nuevo trabajo, \u201cCactus\u201d, en el Teatro Municipal de C\u00e1mara Norma Merlo de la ciudad de La Paz el jueves 6 de julio, a partir de las 19:30 horas. Se trata de una producci\u00f3n madura y actualizada de acuerdo con los nuevos vientos que recorren el mundo, con nuevos sonidos e [&hellip;]\" \/>\n<meta property=\"og:url\" content=\"https:\/\/www.eldiario.net\/portal\/2023\/07\/05\/cactus-es-el-ultimo-viaje-de-comunidad\/\" \/>\n<meta property=\"og:site_name\" content=\"El Diario - Bolivia\" \/>\n<meta property=\"article:publisher\" content=\"https:\/\/www.facebook.com\/eldiario.bolivia\/\" \/>\n<meta property=\"article:published_time\" content=\"2023-07-05T11:23:19+00:00\" \/>\n<meta property=\"og:image\" content=\"https:\/\/www.eldiario.net\/portal\/wp-content\/uploads\/2023\/07\/comunidad-1-PRINC.jpeg\" \/>\n\t<meta property=\"og:image:width\" content=\"936\" \/>\n\t<meta property=\"og:image:height\" content=\"952\" \/>\n\t<meta property=\"og:image:type\" content=\"image\/jpeg\" \/>\n<meta name=\"author\" content=\"Jeanette\" \/>\n<meta name=\"twitter:card\" content=\"summary_large_image\" \/>\n<meta name=\"twitter:creator\" content=\"@eldiario_net\" \/>\n<meta name=\"twitter:site\" content=\"@eldiario_net\" \/>\n<meta name=\"twitter:label1\" content=\"Escrito por\" \/>\n\t<meta name=\"twitter:data1\" content=\"Jeanette\" \/>\n\t<meta name=\"twitter:label2\" content=\"Tiempo de lectura\" \/>\n\t<meta name=\"twitter:data2\" content=\"3 minutos\" \/>\n<script type=\"application\/ld+json\" class=\"yoast-schema-graph\">{\"@context\":\"https:\\\/\\\/schema.org\",\"@graph\":[{\"@type\":\"Article\",\"@id\":\"https:\\\/\\\/www.eldiario.net\\\/portal\\\/2023\\\/07\\\/05\\\/cactus-es-el-ultimo-viaje-de-comunidad\\\/#article\",\"isPartOf\":{\"@id\":\"https:\\\/\\\/www.eldiario.net\\\/portal\\\/2023\\\/07\\\/05\\\/cactus-es-el-ultimo-viaje-de-comunidad\\\/\"},\"author\":{\"name\":\"Jeanette\",\"@id\":\"https:\\\/\\\/www.eldiario.net\\\/portal\\\/#\\\/schema\\\/person\\\/2c57cf2b7a7ae032e449e4c9b1019eac\"},\"headline\":\"\u201cCactus\u201d es el \u00faltimo viaje de Comunidad\",\"datePublished\":\"2023-07-05T11:23:19+00:00\",\"mainEntityOfPage\":{\"@id\":\"https:\\\/\\\/www.eldiario.net\\\/portal\\\/2023\\\/07\\\/05\\\/cactus-es-el-ultimo-viaje-de-comunidad\\\/\"},\"wordCount\":686,\"publisher\":{\"@id\":\"https:\\\/\\\/www.eldiario.net\\\/portal\\\/#organization\"},\"image\":{\"@id\":\"https:\\\/\\\/www.eldiario.net\\\/portal\\\/2023\\\/07\\\/05\\\/cactus-es-el-ultimo-viaje-de-comunidad\\\/#primaryimage\"},\"thumbnailUrl\":\"https:\\\/\\\/www.eldiario.net\\\/portal\\\/wp-content\\\/uploads\\\/2023\\\/07\\\/comunidad-1-PRINC.jpeg\",\"articleSection\":[\"La Gu\u00eda\"],\"inLanguage\":\"es\"},{\"@type\":\"WebPage\",\"@id\":\"https:\\\/\\\/www.eldiario.net\\\/portal\\\/2023\\\/07\\\/05\\\/cactus-es-el-ultimo-viaje-de-comunidad\\\/\",\"url\":\"https:\\\/\\\/www.eldiario.net\\\/portal\\\/2023\\\/07\\\/05\\\/cactus-es-el-ultimo-viaje-de-comunidad\\\/\",\"name\":\"\u201cCactus\u201d es el \u00faltimo viaje de Comunidad - El Diario - Bolivia\",\"isPartOf\":{\"@id\":\"https:\\\/\\\/www.eldiario.net\\\/portal\\\/#website\"},\"primaryImageOfPage\":{\"@id\":\"https:\\\/\\\/www.eldiario.net\\\/portal\\\/2023\\\/07\\\/05\\\/cactus-es-el-ultimo-viaje-de-comunidad\\\/#primaryimage\"},\"image\":{\"@id\":\"https:\\\/\\\/www.eldiario.net\\\/portal\\\/2023\\\/07\\\/05\\\/cactus-es-el-ultimo-viaje-de-comunidad\\\/#primaryimage\"},\"thumbnailUrl\":\"https:\\\/\\\/www.eldiario.net\\\/portal\\\/wp-content\\\/uploads\\\/2023\\\/07\\\/comunidad-1-PRINC.jpeg\",\"datePublished\":\"2023-07-05T11:23:19+00:00\",\"breadcrumb\":{\"@id\":\"https:\\\/\\\/www.eldiario.net\\\/portal\\\/2023\\\/07\\\/05\\\/cactus-es-el-ultimo-viaje-de-comunidad\\\/#breadcrumb\"},\"inLanguage\":\"es\",\"potentialAction\":[{\"@type\":\"ReadAction\",\"target\":[\"https:\\\/\\\/www.eldiario.net\\\/portal\\\/2023\\\/07\\\/05\\\/cactus-es-el-ultimo-viaje-de-comunidad\\\/\"]}]},{\"@type\":\"ImageObject\",\"inLanguage\":\"es\",\"@id\":\"https:\\\/\\\/www.eldiario.net\\\/portal\\\/2023\\\/07\\\/05\\\/cactus-es-el-ultimo-viaje-de-comunidad\\\/#primaryimage\",\"url\":\"https:\\\/\\\/www.eldiario.net\\\/portal\\\/wp-content\\\/uploads\\\/2023\\\/07\\\/comunidad-1-PRINC.jpeg\",\"contentUrl\":\"https:\\\/\\\/www.eldiario.net\\\/portal\\\/wp-content\\\/uploads\\\/2023\\\/07\\\/comunidad-1-PRINC.jpeg\",\"width\":936,\"height\":952},{\"@type\":\"BreadcrumbList\",\"@id\":\"https:\\\/\\\/www.eldiario.net\\\/portal\\\/2023\\\/07\\\/05\\\/cactus-es-el-ultimo-viaje-de-comunidad\\\/#breadcrumb\",\"itemListElement\":[{\"@type\":\"ListItem\",\"position\":1,\"name\":\"Portada\",\"item\":\"https:\\\/\\\/www.eldiario.net\\\/portal\\\/\"},{\"@type\":\"ListItem\",\"position\":2,\"name\":\"\u201cCactus\u201d es el \u00faltimo viaje de Comunidad\"}]},{\"@type\":\"WebSite\",\"@id\":\"https:\\\/\\\/www.eldiario.net\\\/portal\\\/#website\",\"url\":\"https:\\\/\\\/www.eldiario.net\\\/portal\\\/\",\"name\":\"El Diario - Decano de la prensa nacional\",\"description\":\"El Diario - Decano de la prensa nacional\",\"publisher\":{\"@id\":\"https:\\\/\\\/www.eldiario.net\\\/portal\\\/#organization\"},\"potentialAction\":[{\"@type\":\"SearchAction\",\"target\":{\"@type\":\"EntryPoint\",\"urlTemplate\":\"https:\\\/\\\/www.eldiario.net\\\/portal\\\/?s={search_term_string}\"},\"query-input\":{\"@type\":\"PropertyValueSpecification\",\"valueRequired\":true,\"valueName\":\"search_term_string\"}}],\"inLanguage\":\"es\"},{\"@type\":\"Organization\",\"@id\":\"https:\\\/\\\/www.eldiario.net\\\/portal\\\/#organization\",\"name\":\"El Diario - Decano de la prensa nacional\",\"url\":\"https:\\\/\\\/www.eldiario.net\\\/portal\\\/\",\"logo\":{\"@type\":\"ImageObject\",\"inLanguage\":\"es\",\"@id\":\"https:\\\/\\\/www.eldiario.net\\\/portal\\\/#\\\/schema\\\/logo\\\/image\\\/\",\"url\":\"https:\\\/\\\/www.eldiario.net\\\/portal\\\/wp-content\\\/uploads\\\/2023\\\/07\\\/logo_ED.jpg\",\"contentUrl\":\"https:\\\/\\\/www.eldiario.net\\\/portal\\\/wp-content\\\/uploads\\\/2023\\\/07\\\/logo_ED.jpg\",\"width\":272,\"height\":52,\"caption\":\"El Diario - Decano de la prensa nacional\"},\"image\":{\"@id\":\"https:\\\/\\\/www.eldiario.net\\\/portal\\\/#\\\/schema\\\/logo\\\/image\\\/\"},\"sameAs\":[\"https:\\\/\\\/www.facebook.com\\\/eldiario.bolivia\\\/\",\"https:\\\/\\\/x.com\\\/eldiario_net\"]},{\"@type\":\"Person\",\"@id\":\"https:\\\/\\\/www.eldiario.net\\\/portal\\\/#\\\/schema\\\/person\\\/2c57cf2b7a7ae032e449e4c9b1019eac\",\"name\":\"Jeanette\",\"image\":{\"@type\":\"ImageObject\",\"inLanguage\":\"es\",\"@id\":\"https:\\\/\\\/secure.gravatar.com\\\/avatar\\\/3ea2118a5f7dad2b7138b1187a6b7ee55f160b9968b66013c3a3ef39dd7e5798?s=96&d=mm&r=g\",\"url\":\"https:\\\/\\\/secure.gravatar.com\\\/avatar\\\/3ea2118a5f7dad2b7138b1187a6b7ee55f160b9968b66013c3a3ef39dd7e5798?s=96&d=mm&r=g\",\"contentUrl\":\"https:\\\/\\\/secure.gravatar.com\\\/avatar\\\/3ea2118a5f7dad2b7138b1187a6b7ee55f160b9968b66013c3a3ef39dd7e5798?s=96&d=mm&r=g\",\"caption\":\"Jeanette\"},\"sameAs\":[\"https:\\\/\\\/www.eldiario.net\\\/portal\"],\"url\":\"https:\\\/\\\/www.eldiario.net\\\/portal\\\/author\\\/jeanette\\\/\"}]}<\/script>\n<!-- \/ Yoast SEO plugin. -->","yoast_head_json":{"title":"\u201cCactus\u201d es el \u00faltimo viaje de Comunidad - El Diario - Bolivia","robots":{"index":"index","follow":"follow","max-snippet":"max-snippet:-1","max-image-preview":"max-image-preview:large","max-video-preview":"max-video-preview:-1"},"canonical":"https:\/\/www.eldiario.net\/portal\/2023\/07\/05\/cactus-es-el-ultimo-viaje-de-comunidad\/","og_locale":"es_ES","og_type":"article","og_title":"\u201cCactus\u201d es el \u00faltimo viaje de Comunidad - El Diario - Bolivia","og_description":"El grupo Comunidad presentar\u00e1 su nuevo trabajo, \u201cCactus\u201d, en el Teatro Municipal de C\u00e1mara Norma Merlo de la ciudad de La Paz el jueves 6 de julio, a partir de las 19:30 horas. Se trata de una producci\u00f3n madura y actualizada de acuerdo con los nuevos vientos que recorren el mundo, con nuevos sonidos e [&hellip;]","og_url":"https:\/\/www.eldiario.net\/portal\/2023\/07\/05\/cactus-es-el-ultimo-viaje-de-comunidad\/","og_site_name":"El Diario - Bolivia","article_publisher":"https:\/\/www.facebook.com\/eldiario.bolivia\/","article_published_time":"2023-07-05T11:23:19+00:00","og_image":[{"width":936,"height":952,"url":"https:\/\/www.eldiario.net\/portal\/wp-content\/uploads\/2023\/07\/comunidad-1-PRINC.jpeg","type":"image\/jpeg"}],"author":"Jeanette","twitter_card":"summary_large_image","twitter_creator":"@eldiario_net","twitter_site":"@eldiario_net","twitter_misc":{"Escrito por":"Jeanette","Tiempo de lectura":"3 minutos"},"schema":{"@context":"https:\/\/schema.org","@graph":[{"@type":"Article","@id":"https:\/\/www.eldiario.net\/portal\/2023\/07\/05\/cactus-es-el-ultimo-viaje-de-comunidad\/#article","isPartOf":{"@id":"https:\/\/www.eldiario.net\/portal\/2023\/07\/05\/cactus-es-el-ultimo-viaje-de-comunidad\/"},"author":{"name":"Jeanette","@id":"https:\/\/www.eldiario.net\/portal\/#\/schema\/person\/2c57cf2b7a7ae032e449e4c9b1019eac"},"headline":"\u201cCactus\u201d es el \u00faltimo viaje de Comunidad","datePublished":"2023-07-05T11:23:19+00:00","mainEntityOfPage":{"@id":"https:\/\/www.eldiario.net\/portal\/2023\/07\/05\/cactus-es-el-ultimo-viaje-de-comunidad\/"},"wordCount":686,"publisher":{"@id":"https:\/\/www.eldiario.net\/portal\/#organization"},"image":{"@id":"https:\/\/www.eldiario.net\/portal\/2023\/07\/05\/cactus-es-el-ultimo-viaje-de-comunidad\/#primaryimage"},"thumbnailUrl":"https:\/\/www.eldiario.net\/portal\/wp-content\/uploads\/2023\/07\/comunidad-1-PRINC.jpeg","articleSection":["La Gu\u00eda"],"inLanguage":"es"},{"@type":"WebPage","@id":"https:\/\/www.eldiario.net\/portal\/2023\/07\/05\/cactus-es-el-ultimo-viaje-de-comunidad\/","url":"https:\/\/www.eldiario.net\/portal\/2023\/07\/05\/cactus-es-el-ultimo-viaje-de-comunidad\/","name":"\u201cCactus\u201d es el \u00faltimo viaje de Comunidad - El Diario - Bolivia","isPartOf":{"@id":"https:\/\/www.eldiario.net\/portal\/#website"},"primaryImageOfPage":{"@id":"https:\/\/www.eldiario.net\/portal\/2023\/07\/05\/cactus-es-el-ultimo-viaje-de-comunidad\/#primaryimage"},"image":{"@id":"https:\/\/www.eldiario.net\/portal\/2023\/07\/05\/cactus-es-el-ultimo-viaje-de-comunidad\/#primaryimage"},"thumbnailUrl":"https:\/\/www.eldiario.net\/portal\/wp-content\/uploads\/2023\/07\/comunidad-1-PRINC.jpeg","datePublished":"2023-07-05T11:23:19+00:00","breadcrumb":{"@id":"https:\/\/www.eldiario.net\/portal\/2023\/07\/05\/cactus-es-el-ultimo-viaje-de-comunidad\/#breadcrumb"},"inLanguage":"es","potentialAction":[{"@type":"ReadAction","target":["https:\/\/www.eldiario.net\/portal\/2023\/07\/05\/cactus-es-el-ultimo-viaje-de-comunidad\/"]}]},{"@type":"ImageObject","inLanguage":"es","@id":"https:\/\/www.eldiario.net\/portal\/2023\/07\/05\/cactus-es-el-ultimo-viaje-de-comunidad\/#primaryimage","url":"https:\/\/www.eldiario.net\/portal\/wp-content\/uploads\/2023\/07\/comunidad-1-PRINC.jpeg","contentUrl":"https:\/\/www.eldiario.net\/portal\/wp-content\/uploads\/2023\/07\/comunidad-1-PRINC.jpeg","width":936,"height":952},{"@type":"BreadcrumbList","@id":"https:\/\/www.eldiario.net\/portal\/2023\/07\/05\/cactus-es-el-ultimo-viaje-de-comunidad\/#breadcrumb","itemListElement":[{"@type":"ListItem","position":1,"name":"Portada","item":"https:\/\/www.eldiario.net\/portal\/"},{"@type":"ListItem","position":2,"name":"\u201cCactus\u201d es el \u00faltimo viaje de Comunidad"}]},{"@type":"WebSite","@id":"https:\/\/www.eldiario.net\/portal\/#website","url":"https:\/\/www.eldiario.net\/portal\/","name":"El Diario - Decano de la prensa nacional","description":"El Diario - Decano de la prensa nacional","publisher":{"@id":"https:\/\/www.eldiario.net\/portal\/#organization"},"potentialAction":[{"@type":"SearchAction","target":{"@type":"EntryPoint","urlTemplate":"https:\/\/www.eldiario.net\/portal\/?s={search_term_string}"},"query-input":{"@type":"PropertyValueSpecification","valueRequired":true,"valueName":"search_term_string"}}],"inLanguage":"es"},{"@type":"Organization","@id":"https:\/\/www.eldiario.net\/portal\/#organization","name":"El Diario - Decano de la prensa nacional","url":"https:\/\/www.eldiario.net\/portal\/","logo":{"@type":"ImageObject","inLanguage":"es","@id":"https:\/\/www.eldiario.net\/portal\/#\/schema\/logo\/image\/","url":"https:\/\/www.eldiario.net\/portal\/wp-content\/uploads\/2023\/07\/logo_ED.jpg","contentUrl":"https:\/\/www.eldiario.net\/portal\/wp-content\/uploads\/2023\/07\/logo_ED.jpg","width":272,"height":52,"caption":"El Diario - Decano de la prensa nacional"},"image":{"@id":"https:\/\/www.eldiario.net\/portal\/#\/schema\/logo\/image\/"},"sameAs":["https:\/\/www.facebook.com\/eldiario.bolivia\/","https:\/\/x.com\/eldiario_net"]},{"@type":"Person","@id":"https:\/\/www.eldiario.net\/portal\/#\/schema\/person\/2c57cf2b7a7ae032e449e4c9b1019eac","name":"Jeanette","image":{"@type":"ImageObject","inLanguage":"es","@id":"https:\/\/secure.gravatar.com\/avatar\/3ea2118a5f7dad2b7138b1187a6b7ee55f160b9968b66013c3a3ef39dd7e5798?s=96&d=mm&r=g","url":"https:\/\/secure.gravatar.com\/avatar\/3ea2118a5f7dad2b7138b1187a6b7ee55f160b9968b66013c3a3ef39dd7e5798?s=96&d=mm&r=g","contentUrl":"https:\/\/secure.gravatar.com\/avatar\/3ea2118a5f7dad2b7138b1187a6b7ee55f160b9968b66013c3a3ef39dd7e5798?s=96&d=mm&r=g","caption":"Jeanette"},"sameAs":["https:\/\/www.eldiario.net\/portal"],"url":"https:\/\/www.eldiario.net\/portal\/author\/jeanette\/"}]}},"_links":{"self":[{"href":"https:\/\/www.eldiario.net\/portal\/wp-json\/wp\/v2\/posts\/163802","targetHints":{"allow":["GET"]}}],"collection":[{"href":"https:\/\/www.eldiario.net\/portal\/wp-json\/wp\/v2\/posts"}],"about":[{"href":"https:\/\/www.eldiario.net\/portal\/wp-json\/wp\/v2\/types\/post"}],"author":[{"embeddable":true,"href":"https:\/\/www.eldiario.net\/portal\/wp-json\/wp\/v2\/users\/1"}],"replies":[{"embeddable":true,"href":"https:\/\/www.eldiario.net\/portal\/wp-json\/wp\/v2\/comments?post=163802"}],"version-history":[{"count":0,"href":"https:\/\/www.eldiario.net\/portal\/wp-json\/wp\/v2\/posts\/163802\/revisions"}],"wp:featuredmedia":[{"embeddable":true,"href":"https:\/\/www.eldiario.net\/portal\/wp-json\/wp\/v2\/media\/163803"}],"wp:attachment":[{"href":"https:\/\/www.eldiario.net\/portal\/wp-json\/wp\/v2\/media?parent=163802"}],"wp:term":[{"taxonomy":"category","embeddable":true,"href":"https:\/\/www.eldiario.net\/portal\/wp-json\/wp\/v2\/categories?post=163802"},{"taxonomy":"post_tag","embeddable":true,"href":"https:\/\/www.eldiario.net\/portal\/wp-json\/wp\/v2\/tags?post=163802"}],"curies":[{"name":"wp","href":"https:\/\/api.w.org\/{rel}","templated":true}]}}