{"id":163424,"date":"2023-07-03T11:41:47","date_gmt":"2023-07-03T15:41:47","guid":{"rendered":"https:\/\/www.eldiario.net\/portal\/?p=163424"},"modified":"2023-07-03T11:41:47","modified_gmt":"2023-07-03T15:41:47","slug":"potencia-portabilidad-y-estilo-samsung-galaxy-book3-busca-responder-a-las-necesidades-de-los-bolivianos","status":"publish","type":"post","link":"https:\/\/www.eldiario.net\/portal\/2023\/07\/03\/potencia-portabilidad-y-estilo-samsung-galaxy-book3-busca-responder-a-las-necesidades-de-los-bolivianos\/","title":{"rendered":"Potencia, portabilidad y estilo: Samsung Galaxy Book3 busca responder a las necesidades de los bolivianos"},"content":{"rendered":"<p>Samsung Bolivia sube la apuesta con su l\u00ednea de computadoras personales que busca satisfacer y adaptarse a las diferentes necesidades y exigencias de los usuarios bolivianos. La Galaxy Book3 Ultra, Book3 Pro, Book3 360 y Book3 se caracterizan por su dise\u00f1o ligero y su potencia con procesadores Intel.<\/p>\n<p>\u201cCada una de las laptops de la serie Galaxy Book3 brinda caracter\u00edsticas \u00fanicas que las hacen ideales para diferentes usuarios, desde aquellos que buscan una laptop compacta y potente para dise\u00f1ar y editar hasta los que quieren una que se adecue a su trabajo diario, como reuniones por zoom\u201d, resalta la gerente de Producto Laptops de Samsung Bolivia, Stephanie Ascarrunz.<\/p>\n<p>En esta l\u00ednea, Samsung puso a disposici\u00f3n de los bolivianos su Galaxy Book3 Ultra. La laptop es la m\u00e1s potente de la empresa ya que cuenta con un procesador Intel Core i7 serie H de 13\u00aa generaci\u00f3n, una tarjeta gr\u00e1fica NVIDIA GeForce RTX, una memoria RAM de 16 GB y almacenamiento de disco duro de 1TB. Adem\u00e1s, el equipo viene con una pantalla Dynamic AMOLED 2X de 16 pulgadas, que es de alta resoluci\u00f3n 3K (2880&#215;1800).<\/p>\n<p>\u201cSon detalles que hacen de esta PC una de las m\u00e1s modernas, potentes y livianas para usuarios que trabajan en edici\u00f3n, dise\u00f1o, desarrollo software, entre otros. Adem\u00e1s, que su pantalla reduce la emisi\u00f3n de luz azul, lo que contribuye a un mayor cuidado ocular y aumento de la productividad\u201d, destaca la gerente de Producto.<\/p>\n<p>La Galaxy Book3 Pro es el equipo m\u00e1s elegante y sofisticado de la empresa. La PC port\u00e1til cuenta con un procesador Intel Core i7 de 13\u00aa generaci\u00f3n, una memoria RAM de 8 a 32 GB, una pantalla de 16\u201d con similar resoluci\u00f3n y durabilidad a la primera. Adem\u00e1s, tiene una bater\u00eda durable y de carga r\u00e1pida. \u201cTiene un cuerpo compacto de aluminio y f\u00e1cil de llevar a cualquier parte, una laptop ultra liviana y potente para las personas que viajan mucho\u201d, resalta Ascarrunz.<\/p>\n<p>Entre las laptops convertibles 2 en 1 est\u00e1 la Book3 360, que se puede girar 360 grados y utilizarla como una Tablet gracias a su pantalla t\u00e1ctil. El equipo tiene un procesador igual a su serie, una pantalla FHD Super AMOLED con colores vibrantes y un audio Dolby Atmos que mejora los detalles del sonido. Adem\u00e1s, es compatible con el S Pen para mejorar la experiencia de uso.<\/p>\n<p>\u201cLa laptop ofrece una experiencia de entretenimiento inmersiva entre la pantalla y el audio, lo que permite al usuario trabajar y disfrutar de pel\u00edculas y juegos de forma fluida y sin interrupciones\u201d, indica la ejecutiva de Samsung.<\/p>\n<p>La Galaxy Book3 cuenta un procesador y memoria RAM similar a su serie. Adem\u00e1s, tiene gr\u00e1ficos Intel Iris, una pantalla Super AMOLED FHD (1920&#215;1080) y altavoces con sonido est\u00e9reo m\u00e1s Dolby Atmos.<\/p>\n<p>La l\u00ednea insignia de computadoras port\u00e1tiles de Samsung est\u00e1 disponible en tiendas y mercados tecnol\u00f3gicos autorizados por la empresa en La Paz y a nivel nacional. \u201cLa nueva serie cuenta con puertos HDMI, Micro SD, USB Tipo A y C y Thunderbolt 4. Asimismo, tiene la concentraci\u00f3n del ecosistema de Samsung (aplicaciones y funciones) en un solo lugar; Samsung Pass para el tema de seguridad; el trabajo conjunto y simultaneo entre la PC y el smartphone; Phone Link para continuar las labores que dejas en el celular en la laptop; y Quick Share para compartir archivos con el emparejamiento inal\u00e1mbrico.\u201d, finaliza la ejecutiva.<\/p>\n<p><strong>Pack Galaxy Book3<\/strong><\/p>\n<p>Para ampliar la memoria de la serie insignia de PCs, Samsung otorga un SSD externo de 1TB por la adquisici\u00f3n de un Galaxy Book3 Ultra, Book3 Pro, Book3 360 y Book3. El combo es v\u00e1lido hasta agotar stock y para ampliar la informaci\u00f3n, visita la p\u00e1gina samsung.com.bo\/Galaxy-book.<\/p>\n","protected":false},"excerpt":{"rendered":"<p>Samsung Bolivia sube la apuesta con su l\u00ednea de computadoras personales que busca satisfacer y adaptarse a las diferentes necesidades y exigencias de los usuarios bolivianos. La Galaxy Book3 Ultra, Book3 Pro, Book3 360 y Book3 se caracterizan por su dise\u00f1o ligero y su potencia con procesadores Intel. \u201cCada una de las laptops de la [&hellip;]<\/p>\n","protected":false},"author":1,"featured_media":163629,"comment_status":"closed","ping_status":"open","sticky":false,"template":"","format":"standard","meta":{"_acf_changed":false,"footnotes":""},"categories":[46],"tags":[],"class_list":["post-163424","post","type-post","status-publish","format-standard","has-post-thumbnail","category-ciencia-computacion"],"acf":{"antetitulo":""},"yoast_head":"<!-- This site is optimized with the Yoast SEO plugin v28.4 - https:\/\/yoast.com\/product\/yoast-seo-wordpress\/ -->\n<title>Potencia, portabilidad y estilo: Samsung Galaxy Book3 busca responder a las necesidades de los bolivianos - El Diario - Bolivia<\/title>\n<meta name=\"robots\" content=\"index, follow, max-snippet:-1, max-image-preview:large, max-video-preview:-1\" \/>\n<link rel=\"canonical\" href=\"https:\/\/www.eldiario.net\/portal\/2023\/07\/03\/potencia-portabilidad-y-estilo-samsung-galaxy-book3-busca-responder-a-las-necesidades-de-los-bolivianos\/\" \/>\n<meta property=\"og:locale\" content=\"es_ES\" \/>\n<meta property=\"og:type\" content=\"article\" \/>\n<meta property=\"og:title\" content=\"Potencia, portabilidad y estilo: Samsung Galaxy Book3 busca responder a las necesidades de los bolivianos - El Diario - Bolivia\" \/>\n<meta property=\"og:description\" content=\"Samsung Bolivia sube la apuesta con su l\u00ednea de computadoras personales que busca satisfacer y adaptarse a las diferentes necesidades y exigencias de los usuarios bolivianos. La Galaxy Book3 Ultra, Book3 Pro, Book3 360 y Book3 se caracterizan por su dise\u00f1o ligero y su potencia con procesadores Intel. \u201cCada una de las laptops de la [&hellip;]\" \/>\n<meta property=\"og:url\" content=\"https:\/\/www.eldiario.net\/portal\/2023\/07\/03\/potencia-portabilidad-y-estilo-samsung-galaxy-book3-busca-responder-a-las-necesidades-de-los-bolivianos\/\" \/>\n<meta property=\"og:site_name\" content=\"El Diario - Bolivia\" \/>\n<meta property=\"article:publisher\" content=\"https:\/\/www.facebook.com\/eldiario.bolivia\/\" \/>\n<meta property=\"article:published_time\" content=\"2023-07-03T15:41:47+00:00\" \/>\n<meta property=\"og:image\" content=\"https:\/\/www.eldiario.net\/portal\/wp-content\/uploads\/2023\/07\/WhatsApp-Image-2023-07-04-at-10.42.09-AM.jpeg\" \/>\n\t<meta property=\"og:image:width\" content=\"1600\" \/>\n\t<meta property=\"og:image:height\" content=\"902\" \/>\n\t<meta property=\"og:image:type\" content=\"image\/jpeg\" \/>\n<meta name=\"author\" content=\"Jeanette\" \/>\n<meta name=\"twitter:card\" content=\"summary_large_image\" \/>\n<meta name=\"twitter:creator\" content=\"@eldiario_net\" \/>\n<meta name=\"twitter:site\" content=\"@eldiario_net\" \/>\n<meta name=\"twitter:label1\" content=\"Escrito por\" \/>\n\t<meta name=\"twitter:data1\" content=\"Jeanette\" \/>\n\t<meta name=\"twitter:label2\" content=\"Tiempo de lectura\" \/>\n\t<meta name=\"twitter:data2\" content=\"3 minutos\" \/>\n<script type=\"application\/ld+json\" class=\"yoast-schema-graph\">{\"@context\":\"https:\\\/\\\/schema.org\",\"@graph\":[{\"@type\":\"Article\",\"@id\":\"https:\\\/\\\/www.eldiario.net\\\/portal\\\/2023\\\/07\\\/03\\\/potencia-portabilidad-y-estilo-samsung-galaxy-book3-busca-responder-a-las-necesidades-de-los-bolivianos\\\/#article\",\"isPartOf\":{\"@id\":\"https:\\\/\\\/www.eldiario.net\\\/portal\\\/2023\\\/07\\\/03\\\/potencia-portabilidad-y-estilo-samsung-galaxy-book3-busca-responder-a-las-necesidades-de-los-bolivianos\\\/\"},\"author\":{\"name\":\"Jeanette\",\"@id\":\"https:\\\/\\\/www.eldiario.net\\\/portal\\\/#\\\/schema\\\/person\\\/2c57cf2b7a7ae032e449e4c9b1019eac\"},\"headline\":\"Potencia, portabilidad y estilo: Samsung Galaxy Book3 busca responder a las necesidades de los bolivianos\",\"datePublished\":\"2023-07-03T15:41:47+00:00\",\"mainEntityOfPage\":{\"@id\":\"https:\\\/\\\/www.eldiario.net\\\/portal\\\/2023\\\/07\\\/03\\\/potencia-portabilidad-y-estilo-samsung-galaxy-book3-busca-responder-a-las-necesidades-de-los-bolivianos\\\/\"},\"wordCount\":655,\"publisher\":{\"@id\":\"https:\\\/\\\/www.eldiario.net\\\/portal\\\/#organization\"},\"image\":{\"@id\":\"https:\\\/\\\/www.eldiario.net\\\/portal\\\/2023\\\/07\\\/03\\\/potencia-portabilidad-y-estilo-samsung-galaxy-book3-busca-responder-a-las-necesidades-de-los-bolivianos\\\/#primaryimage\"},\"thumbnailUrl\":\"https:\\\/\\\/www.eldiario.net\\\/portal\\\/wp-content\\\/uploads\\\/2023\\\/07\\\/WhatsApp-Image-2023-07-04-at-10.42.09-AM.jpeg\",\"articleSection\":[\"Ciencia y Computaci\u00f3n\"],\"inLanguage\":\"es\"},{\"@type\":\"WebPage\",\"@id\":\"https:\\\/\\\/www.eldiario.net\\\/portal\\\/2023\\\/07\\\/03\\\/potencia-portabilidad-y-estilo-samsung-galaxy-book3-busca-responder-a-las-necesidades-de-los-bolivianos\\\/\",\"url\":\"https:\\\/\\\/www.eldiario.net\\\/portal\\\/2023\\\/07\\\/03\\\/potencia-portabilidad-y-estilo-samsung-galaxy-book3-busca-responder-a-las-necesidades-de-los-bolivianos\\\/\",\"name\":\"Potencia, portabilidad y estilo: Samsung Galaxy Book3 busca responder a las necesidades de los bolivianos - El Diario - Bolivia\",\"isPartOf\":{\"@id\":\"https:\\\/\\\/www.eldiario.net\\\/portal\\\/#website\"},\"primaryImageOfPage\":{\"@id\":\"https:\\\/\\\/www.eldiario.net\\\/portal\\\/2023\\\/07\\\/03\\\/potencia-portabilidad-y-estilo-samsung-galaxy-book3-busca-responder-a-las-necesidades-de-los-bolivianos\\\/#primaryimage\"},\"image\":{\"@id\":\"https:\\\/\\\/www.eldiario.net\\\/portal\\\/2023\\\/07\\\/03\\\/potencia-portabilidad-y-estilo-samsung-galaxy-book3-busca-responder-a-las-necesidades-de-los-bolivianos\\\/#primaryimage\"},\"thumbnailUrl\":\"https:\\\/\\\/www.eldiario.net\\\/portal\\\/wp-content\\\/uploads\\\/2023\\\/07\\\/WhatsApp-Image-2023-07-04-at-10.42.09-AM.jpeg\",\"datePublished\":\"2023-07-03T15:41:47+00:00\",\"breadcrumb\":{\"@id\":\"https:\\\/\\\/www.eldiario.net\\\/portal\\\/2023\\\/07\\\/03\\\/potencia-portabilidad-y-estilo-samsung-galaxy-book3-busca-responder-a-las-necesidades-de-los-bolivianos\\\/#breadcrumb\"},\"inLanguage\":\"es\",\"potentialAction\":[{\"@type\":\"ReadAction\",\"target\":[\"https:\\\/\\\/www.eldiario.net\\\/portal\\\/2023\\\/07\\\/03\\\/potencia-portabilidad-y-estilo-samsung-galaxy-book3-busca-responder-a-las-necesidades-de-los-bolivianos\\\/\"]}]},{\"@type\":\"ImageObject\",\"inLanguage\":\"es\",\"@id\":\"https:\\\/\\\/www.eldiario.net\\\/portal\\\/2023\\\/07\\\/03\\\/potencia-portabilidad-y-estilo-samsung-galaxy-book3-busca-responder-a-las-necesidades-de-los-bolivianos\\\/#primaryimage\",\"url\":\"https:\\\/\\\/www.eldiario.net\\\/portal\\\/wp-content\\\/uploads\\\/2023\\\/07\\\/WhatsApp-Image-2023-07-04-at-10.42.09-AM.jpeg\",\"contentUrl\":\"https:\\\/\\\/www.eldiario.net\\\/portal\\\/wp-content\\\/uploads\\\/2023\\\/07\\\/WhatsApp-Image-2023-07-04-at-10.42.09-AM.jpeg\",\"width\":1600,\"height\":902},{\"@type\":\"BreadcrumbList\",\"@id\":\"https:\\\/\\\/www.eldiario.net\\\/portal\\\/2023\\\/07\\\/03\\\/potencia-portabilidad-y-estilo-samsung-galaxy-book3-busca-responder-a-las-necesidades-de-los-bolivianos\\\/#breadcrumb\",\"itemListElement\":[{\"@type\":\"ListItem\",\"position\":1,\"name\":\"Portada\",\"item\":\"https:\\\/\\\/www.eldiario.net\\\/portal\\\/\"},{\"@type\":\"ListItem\",\"position\":2,\"name\":\"Potencia, portabilidad y estilo: Samsung Galaxy Book3 busca responder a las necesidades de los bolivianos\"}]},{\"@type\":\"WebSite\",\"@id\":\"https:\\\/\\\/www.eldiario.net\\\/portal\\\/#website\",\"url\":\"https:\\\/\\\/www.eldiario.net\\\/portal\\\/\",\"name\":\"El Diario - Decano de la prensa nacional\",\"description\":\"El Diario - Decano de la prensa nacional\",\"publisher\":{\"@id\":\"https:\\\/\\\/www.eldiario.net\\\/portal\\\/#organization\"},\"potentialAction\":[{\"@type\":\"SearchAction\",\"target\":{\"@type\":\"EntryPoint\",\"urlTemplate\":\"https:\\\/\\\/www.eldiario.net\\\/portal\\\/?s={search_term_string}\"},\"query-input\":{\"@type\":\"PropertyValueSpecification\",\"valueRequired\":true,\"valueName\":\"search_term_string\"}}],\"inLanguage\":\"es\"},{\"@type\":\"Organization\",\"@id\":\"https:\\\/\\\/www.eldiario.net\\\/portal\\\/#organization\",\"name\":\"El Diario - Decano de la prensa nacional\",\"url\":\"https:\\\/\\\/www.eldiario.net\\\/portal\\\/\",\"logo\":{\"@type\":\"ImageObject\",\"inLanguage\":\"es\",\"@id\":\"https:\\\/\\\/www.eldiario.net\\\/portal\\\/#\\\/schema\\\/logo\\\/image\\\/\",\"url\":\"https:\\\/\\\/www.eldiario.net\\\/portal\\\/wp-content\\\/uploads\\\/2023\\\/07\\\/logo_ED.jpg\",\"contentUrl\":\"https:\\\/\\\/www.eldiario.net\\\/portal\\\/wp-content\\\/uploads\\\/2023\\\/07\\\/logo_ED.jpg\",\"width\":272,\"height\":52,\"caption\":\"El Diario - Decano de la prensa nacional\"},\"image\":{\"@id\":\"https:\\\/\\\/www.eldiario.net\\\/portal\\\/#\\\/schema\\\/logo\\\/image\\\/\"},\"sameAs\":[\"https:\\\/\\\/www.facebook.com\\\/eldiario.bolivia\\\/\",\"https:\\\/\\\/x.com\\\/eldiario_net\"]},{\"@type\":\"Person\",\"@id\":\"https:\\\/\\\/www.eldiario.net\\\/portal\\\/#\\\/schema\\\/person\\\/2c57cf2b7a7ae032e449e4c9b1019eac\",\"name\":\"Jeanette\",\"image\":{\"@type\":\"ImageObject\",\"inLanguage\":\"es\",\"@id\":\"https:\\\/\\\/secure.gravatar.com\\\/avatar\\\/3ea2118a5f7dad2b7138b1187a6b7ee55f160b9968b66013c3a3ef39dd7e5798?s=96&d=mm&r=g\",\"url\":\"https:\\\/\\\/secure.gravatar.com\\\/avatar\\\/3ea2118a5f7dad2b7138b1187a6b7ee55f160b9968b66013c3a3ef39dd7e5798?s=96&d=mm&r=g\",\"contentUrl\":\"https:\\\/\\\/secure.gravatar.com\\\/avatar\\\/3ea2118a5f7dad2b7138b1187a6b7ee55f160b9968b66013c3a3ef39dd7e5798?s=96&d=mm&r=g\",\"caption\":\"Jeanette\"},\"sameAs\":[\"https:\\\/\\\/www.eldiario.net\\\/portal\"],\"url\":\"https:\\\/\\\/www.eldiario.net\\\/portal\\\/author\\\/jeanette\\\/\"}]}<\/script>\n<!-- \/ Yoast SEO plugin. -->","yoast_head_json":{"title":"Potencia, portabilidad y estilo: Samsung Galaxy Book3 busca responder a las necesidades de los bolivianos - El Diario - Bolivia","robots":{"index":"index","follow":"follow","max-snippet":"max-snippet:-1","max-image-preview":"max-image-preview:large","max-video-preview":"max-video-preview:-1"},"canonical":"https:\/\/www.eldiario.net\/portal\/2023\/07\/03\/potencia-portabilidad-y-estilo-samsung-galaxy-book3-busca-responder-a-las-necesidades-de-los-bolivianos\/","og_locale":"es_ES","og_type":"article","og_title":"Potencia, portabilidad y estilo: Samsung Galaxy Book3 busca responder a las necesidades de los bolivianos - El Diario - Bolivia","og_description":"Samsung Bolivia sube la apuesta con su l\u00ednea de computadoras personales que busca satisfacer y adaptarse a las diferentes necesidades y exigencias de los usuarios bolivianos. La Galaxy Book3 Ultra, Book3 Pro, Book3 360 y Book3 se caracterizan por su dise\u00f1o ligero y su potencia con procesadores Intel. \u201cCada una de las laptops de la [&hellip;]","og_url":"https:\/\/www.eldiario.net\/portal\/2023\/07\/03\/potencia-portabilidad-y-estilo-samsung-galaxy-book3-busca-responder-a-las-necesidades-de-los-bolivianos\/","og_site_name":"El Diario - Bolivia","article_publisher":"https:\/\/www.facebook.com\/eldiario.bolivia\/","article_published_time":"2023-07-03T15:41:47+00:00","og_image":[{"width":1600,"height":902,"url":"https:\/\/www.eldiario.net\/portal\/wp-content\/uploads\/2023\/07\/WhatsApp-Image-2023-07-04-at-10.42.09-AM.jpeg","type":"image\/jpeg"}],"author":"Jeanette","twitter_card":"summary_large_image","twitter_creator":"@eldiario_net","twitter_site":"@eldiario_net","twitter_misc":{"Escrito por":"Jeanette","Tiempo de lectura":"3 minutos"},"schema":{"@context":"https:\/\/schema.org","@graph":[{"@type":"Article","@id":"https:\/\/www.eldiario.net\/portal\/2023\/07\/03\/potencia-portabilidad-y-estilo-samsung-galaxy-book3-busca-responder-a-las-necesidades-de-los-bolivianos\/#article","isPartOf":{"@id":"https:\/\/www.eldiario.net\/portal\/2023\/07\/03\/potencia-portabilidad-y-estilo-samsung-galaxy-book3-busca-responder-a-las-necesidades-de-los-bolivianos\/"},"author":{"name":"Jeanette","@id":"https:\/\/www.eldiario.net\/portal\/#\/schema\/person\/2c57cf2b7a7ae032e449e4c9b1019eac"},"headline":"Potencia, portabilidad y estilo: Samsung Galaxy Book3 busca responder a las necesidades de los bolivianos","datePublished":"2023-07-03T15:41:47+00:00","mainEntityOfPage":{"@id":"https:\/\/www.eldiario.net\/portal\/2023\/07\/03\/potencia-portabilidad-y-estilo-samsung-galaxy-book3-busca-responder-a-las-necesidades-de-los-bolivianos\/"},"wordCount":655,"publisher":{"@id":"https:\/\/www.eldiario.net\/portal\/#organization"},"image":{"@id":"https:\/\/www.eldiario.net\/portal\/2023\/07\/03\/potencia-portabilidad-y-estilo-samsung-galaxy-book3-busca-responder-a-las-necesidades-de-los-bolivianos\/#primaryimage"},"thumbnailUrl":"https:\/\/www.eldiario.net\/portal\/wp-content\/uploads\/2023\/07\/WhatsApp-Image-2023-07-04-at-10.42.09-AM.jpeg","articleSection":["Ciencia y Computaci\u00f3n"],"inLanguage":"es"},{"@type":"WebPage","@id":"https:\/\/www.eldiario.net\/portal\/2023\/07\/03\/potencia-portabilidad-y-estilo-samsung-galaxy-book3-busca-responder-a-las-necesidades-de-los-bolivianos\/","url":"https:\/\/www.eldiario.net\/portal\/2023\/07\/03\/potencia-portabilidad-y-estilo-samsung-galaxy-book3-busca-responder-a-las-necesidades-de-los-bolivianos\/","name":"Potencia, portabilidad y estilo: Samsung Galaxy Book3 busca responder a las necesidades de los bolivianos - El Diario - Bolivia","isPartOf":{"@id":"https:\/\/www.eldiario.net\/portal\/#website"},"primaryImageOfPage":{"@id":"https:\/\/www.eldiario.net\/portal\/2023\/07\/03\/potencia-portabilidad-y-estilo-samsung-galaxy-book3-busca-responder-a-las-necesidades-de-los-bolivianos\/#primaryimage"},"image":{"@id":"https:\/\/www.eldiario.net\/portal\/2023\/07\/03\/potencia-portabilidad-y-estilo-samsung-galaxy-book3-busca-responder-a-las-necesidades-de-los-bolivianos\/#primaryimage"},"thumbnailUrl":"https:\/\/www.eldiario.net\/portal\/wp-content\/uploads\/2023\/07\/WhatsApp-Image-2023-07-04-at-10.42.09-AM.jpeg","datePublished":"2023-07-03T15:41:47+00:00","breadcrumb":{"@id":"https:\/\/www.eldiario.net\/portal\/2023\/07\/03\/potencia-portabilidad-y-estilo-samsung-galaxy-book3-busca-responder-a-las-necesidades-de-los-bolivianos\/#breadcrumb"},"inLanguage":"es","potentialAction":[{"@type":"ReadAction","target":["https:\/\/www.eldiario.net\/portal\/2023\/07\/03\/potencia-portabilidad-y-estilo-samsung-galaxy-book3-busca-responder-a-las-necesidades-de-los-bolivianos\/"]}]},{"@type":"ImageObject","inLanguage":"es","@id":"https:\/\/www.eldiario.net\/portal\/2023\/07\/03\/potencia-portabilidad-y-estilo-samsung-galaxy-book3-busca-responder-a-las-necesidades-de-los-bolivianos\/#primaryimage","url":"https:\/\/www.eldiario.net\/portal\/wp-content\/uploads\/2023\/07\/WhatsApp-Image-2023-07-04-at-10.42.09-AM.jpeg","contentUrl":"https:\/\/www.eldiario.net\/portal\/wp-content\/uploads\/2023\/07\/WhatsApp-Image-2023-07-04-at-10.42.09-AM.jpeg","width":1600,"height":902},{"@type":"BreadcrumbList","@id":"https:\/\/www.eldiario.net\/portal\/2023\/07\/03\/potencia-portabilidad-y-estilo-samsung-galaxy-book3-busca-responder-a-las-necesidades-de-los-bolivianos\/#breadcrumb","itemListElement":[{"@type":"ListItem","position":1,"name":"Portada","item":"https:\/\/www.eldiario.net\/portal\/"},{"@type":"ListItem","position":2,"name":"Potencia, portabilidad y estilo: Samsung Galaxy Book3 busca responder a las necesidades de los bolivianos"}]},{"@type":"WebSite","@id":"https:\/\/www.eldiario.net\/portal\/#website","url":"https:\/\/www.eldiario.net\/portal\/","name":"El Diario - Decano de la prensa nacional","description":"El Diario - Decano de la prensa nacional","publisher":{"@id":"https:\/\/www.eldiario.net\/portal\/#organization"},"potentialAction":[{"@type":"SearchAction","target":{"@type":"EntryPoint","urlTemplate":"https:\/\/www.eldiario.net\/portal\/?s={search_term_string}"},"query-input":{"@type":"PropertyValueSpecification","valueRequired":true,"valueName":"search_term_string"}}],"inLanguage":"es"},{"@type":"Organization","@id":"https:\/\/www.eldiario.net\/portal\/#organization","name":"El Diario - Decano de la prensa nacional","url":"https:\/\/www.eldiario.net\/portal\/","logo":{"@type":"ImageObject","inLanguage":"es","@id":"https:\/\/www.eldiario.net\/portal\/#\/schema\/logo\/image\/","url":"https:\/\/www.eldiario.net\/portal\/wp-content\/uploads\/2023\/07\/logo_ED.jpg","contentUrl":"https:\/\/www.eldiario.net\/portal\/wp-content\/uploads\/2023\/07\/logo_ED.jpg","width":272,"height":52,"caption":"El Diario - Decano de la prensa nacional"},"image":{"@id":"https:\/\/www.eldiario.net\/portal\/#\/schema\/logo\/image\/"},"sameAs":["https:\/\/www.facebook.com\/eldiario.bolivia\/","https:\/\/x.com\/eldiario_net"]},{"@type":"Person","@id":"https:\/\/www.eldiario.net\/portal\/#\/schema\/person\/2c57cf2b7a7ae032e449e4c9b1019eac","name":"Jeanette","image":{"@type":"ImageObject","inLanguage":"es","@id":"https:\/\/secure.gravatar.com\/avatar\/3ea2118a5f7dad2b7138b1187a6b7ee55f160b9968b66013c3a3ef39dd7e5798?s=96&d=mm&r=g","url":"https:\/\/secure.gravatar.com\/avatar\/3ea2118a5f7dad2b7138b1187a6b7ee55f160b9968b66013c3a3ef39dd7e5798?s=96&d=mm&r=g","contentUrl":"https:\/\/secure.gravatar.com\/avatar\/3ea2118a5f7dad2b7138b1187a6b7ee55f160b9968b66013c3a3ef39dd7e5798?s=96&d=mm&r=g","caption":"Jeanette"},"sameAs":["https:\/\/www.eldiario.net\/portal"],"url":"https:\/\/www.eldiario.net\/portal\/author\/jeanette\/"}]}},"_links":{"self":[{"href":"https:\/\/www.eldiario.net\/portal\/wp-json\/wp\/v2\/posts\/163424","targetHints":{"allow":["GET"]}}],"collection":[{"href":"https:\/\/www.eldiario.net\/portal\/wp-json\/wp\/v2\/posts"}],"about":[{"href":"https:\/\/www.eldiario.net\/portal\/wp-json\/wp\/v2\/types\/post"}],"author":[{"embeddable":true,"href":"https:\/\/www.eldiario.net\/portal\/wp-json\/wp\/v2\/users\/1"}],"replies":[{"embeddable":true,"href":"https:\/\/www.eldiario.net\/portal\/wp-json\/wp\/v2\/comments?post=163424"}],"version-history":[{"count":0,"href":"https:\/\/www.eldiario.net\/portal\/wp-json\/wp\/v2\/posts\/163424\/revisions"}],"wp:featuredmedia":[{"embeddable":true,"href":"https:\/\/www.eldiario.net\/portal\/wp-json\/wp\/v2\/media\/163629"}],"wp:attachment":[{"href":"https:\/\/www.eldiario.net\/portal\/wp-json\/wp\/v2\/media?parent=163424"}],"wp:term":[{"taxonomy":"category","embeddable":true,"href":"https:\/\/www.eldiario.net\/portal\/wp-json\/wp\/v2\/categories?post=163424"},{"taxonomy":"post_tag","embeddable":true,"href":"https:\/\/www.eldiario.net\/portal\/wp-json\/wp\/v2\/tags?post=163424"}],"curies":[{"name":"wp","href":"https:\/\/api.w.org\/{rel}","templated":true}]}}