{"id":163420,"date":"2023-07-03T07:47:36","date_gmt":"2023-07-03T11:47:36","guid":{"rendered":"https:\/\/www.eldiario.net\/portal\/?p=163420"},"modified":"2023-07-03T07:47:36","modified_gmt":"2023-07-03T11:47:36","slug":"jairo-quinteros-vuelve-a-bolivar","status":"publish","type":"post","link":"https:\/\/www.eldiario.net\/portal\/2023\/07\/03\/jairo-quinteros-vuelve-a-bolivar\/","title":{"rendered":"Jairo Quinteros vuelve a Bol\u00edvar"},"content":{"rendered":"<p>El defensor central Jairo Quinteros volver\u00e1 a vestirse de celeste, seg\u00fan confirm\u00f3 esta noche el entrenador de Bol\u00edvar, Be\u00f1at San Jos\u00e9 Gil.<br \/>\nDe acuerdo a la informaci\u00f3n, durante la jornada, se pudo cerrar el retorno de Quinteros, quien actualmente est\u00e1 en filas del Real Zaragoza, que determin\u00f3 su cesi\u00f3n a filas de la Academia.<br \/>\nTras formarse en la cantera del Valencia de la Liga espa\u00f1ola 1, fue transferido a filas del Inter de Miami que se hizo de su ficha en 2020 que a su vez lo cedi\u00f3 al club Bol\u00edvar donde estuvo dos temporadas, entre 2021 y 2022, a\u00f1o en el que retorn\u00f3 al equipo estadounidense que lo tuvo durante una temporada para luego cederlo al Real Zaragoza.<br \/>\n\u201cS\u00ed es un jugador que tiene grandes condiciones, si bien no tuvo minutos en el Real Zaragoza que es un grand\u00edsimo equipo, pero creemos que nos puede aportar mucho\u201d, remarc\u00f3 hoy el entrenador de Bol\u00edvar a Tigo Sports.<br \/>\nDe esta manera, Qunteros se confirm\u00f3 que reemplazar\u00e1 a Luis Haquin quien fue cedido a Blooming, en el cual a\u00fan no pudo debutar.<br \/>\nUna vez que se ha confirmado el adi\u00f3s de Gabriel Poveda, en las pr\u00f3ximas horas se confirmar\u00e1 a Francisco da Costa que tambi\u00e9n retorna al club luego de su paso por el Atl\u00e9tico Nacional de Colombia en el primer semestre del a\u00f1o.<\/p>\n<div id='gallery-1' class='gallery galleryid-163420 gallery-columns-3 gallery-size-medium'><figure class='gallery-item'>\n\t\t\t<div class='gallery-icon portrait'>\n\t\t\t\t<a href='https:\/\/www.eldiario.net\/portal\/2023\/07\/03\/jairo-quinteros-vuelve-a-bolivar\/whatsapp-image-2023-07-03-at-7-40-56-am\/'><img loading=\"lazy\" decoding=\"async\" width=\"240\" height=\"300\" src=\"https:\/\/www.eldiario.net\/portal\/wp-content\/uploads\/2023\/07\/WhatsApp-Image-2023-07-03-at-7.40.56-AM-240x300.jpeg\" class=\"attachment-medium size-medium\" alt=\"\" srcset=\"https:\/\/www.eldiario.net\/portal\/wp-content\/uploads\/2023\/07\/WhatsApp-Image-2023-07-03-at-7.40.56-AM-240x300.jpeg 240w, https:\/\/www.eldiario.net\/portal\/wp-content\/uploads\/2023\/07\/WhatsApp-Image-2023-07-03-at-7.40.56-AM-696x870.jpeg 696w, https:\/\/www.eldiario.net\/portal\/wp-content\/uploads\/2023\/07\/WhatsApp-Image-2023-07-03-at-7.40.56-AM.jpeg 720w\" sizes=\"auto, (max-width: 240px) 100vw, 240px\" \/><\/a>\n\t\t\t<\/div><\/figure><figure class='gallery-item'>\n\t\t\t<div class='gallery-icon landscape'>\n\t\t\t\t<a href='https:\/\/www.eldiario.net\/portal\/2023\/07\/03\/jairo-quinteros-vuelve-a-bolivar\/whatsapp-image-2023-07-03-at-7-40-55-am\/'><img loading=\"lazy\" decoding=\"async\" width=\"300\" height=\"158\" src=\"https:\/\/www.eldiario.net\/portal\/wp-content\/uploads\/2023\/07\/WhatsApp-Image-2023-07-03-at-7.40.55-AM-300x158.jpeg\" class=\"attachment-medium size-medium\" alt=\"\" aria-describedby=\"gallery-1-163422\" srcset=\"https:\/\/www.eldiario.net\/portal\/wp-content\/uploads\/2023\/07\/WhatsApp-Image-2023-07-03-at-7.40.55-AM-300x158.jpeg 300w, https:\/\/www.eldiario.net\/portal\/wp-content\/uploads\/2023\/07\/WhatsApp-Image-2023-07-03-at-7.40.55-AM-1024x538.jpeg 1024w, https:\/\/www.eldiario.net\/portal\/wp-content\/uploads\/2023\/07\/WhatsApp-Image-2023-07-03-at-7.40.55-AM-768x403.jpeg 768w, https:\/\/www.eldiario.net\/portal\/wp-content\/uploads\/2023\/07\/WhatsApp-Image-2023-07-03-at-7.40.55-AM-696x365.jpeg 696w, https:\/\/www.eldiario.net\/portal\/wp-content\/uploads\/2023\/07\/WhatsApp-Image-2023-07-03-at-7.40.55-AM-1068x561.jpeg 1068w, https:\/\/www.eldiario.net\/portal\/wp-content\/uploads\/2023\/07\/WhatsApp-Image-2023-07-03-at-7.40.55-AM.jpeg 1200w\" sizes=\"auto, (max-width: 300px) 100vw, 300px\" \/><\/a>\n\t\t\t<\/div>\n\t\t\t\t<figcaption class='wp-caption-text gallery-caption' id='gallery-1-163422'>\n\t\t\t\tCr\u00e9dito de foto: El Heraldo\n\t\t\t\t<\/figcaption><\/figure>\n\t\t<\/div>\n\n","protected":false},"excerpt":{"rendered":"<p>El defensor central Jairo Quinteros volver\u00e1 a vestirse de celeste, seg\u00fan confirm\u00f3 esta noche el entrenador de Bol\u00edvar, Be\u00f1at San Jos\u00e9 Gil. De acuerdo a la informaci\u00f3n, durante la jornada, se pudo cerrar el retorno de Quinteros, quien actualmente est\u00e1 en filas del Real Zaragoza, que determin\u00f3 su cesi\u00f3n a filas de la Academia. Tras [&hellip;]<\/p>\n","protected":false},"author":1,"featured_media":163422,"comment_status":"closed","ping_status":"open","sticky":false,"template":"","format":"standard","meta":{"_acf_changed":false,"footnotes":""},"categories":[6],"tags":[],"class_list":["post-163420","post","type-post","status-publish","format-standard","has-post-thumbnail","category-deportes"],"acf":{"antetitulo":""},"yoast_head":"<!-- This site is optimized with the Yoast SEO plugin v28.4 - https:\/\/yoast.com\/product\/yoast-seo-wordpress\/ -->\n<title>Jairo Quinteros vuelve a Bol\u00edvar - El Diario - Bolivia<\/title>\n<meta name=\"robots\" content=\"index, follow, max-snippet:-1, max-image-preview:large, max-video-preview:-1\" \/>\n<link rel=\"canonical\" href=\"https:\/\/www.eldiario.net\/portal\/2023\/07\/03\/jairo-quinteros-vuelve-a-bolivar\/\" \/>\n<meta property=\"og:locale\" content=\"es_ES\" \/>\n<meta property=\"og:type\" content=\"article\" \/>\n<meta property=\"og:title\" content=\"Jairo Quinteros vuelve a Bol\u00edvar - El Diario - Bolivia\" \/>\n<meta property=\"og:description\" content=\"El defensor central Jairo Quinteros volver\u00e1 a vestirse de celeste, seg\u00fan confirm\u00f3 esta noche el entrenador de Bol\u00edvar, Be\u00f1at San Jos\u00e9 Gil. De acuerdo a la informaci\u00f3n, durante la jornada, se pudo cerrar el retorno de Quinteros, quien actualmente est\u00e1 en filas del Real Zaragoza, que determin\u00f3 su cesi\u00f3n a filas de la Academia. Tras [&hellip;]\" \/>\n<meta property=\"og:url\" content=\"https:\/\/www.eldiario.net\/portal\/2023\/07\/03\/jairo-quinteros-vuelve-a-bolivar\/\" \/>\n<meta property=\"og:site_name\" content=\"El Diario - Bolivia\" \/>\n<meta property=\"article:publisher\" content=\"https:\/\/www.facebook.com\/eldiario.bolivia\/\" \/>\n<meta property=\"article:published_time\" content=\"2023-07-03T11:47:36+00:00\" \/>\n<meta property=\"og:image\" content=\"https:\/\/www.eldiario.net\/portal\/wp-content\/uploads\/2023\/07\/WhatsApp-Image-2023-07-03-at-7.40.55-AM.jpeg\" \/>\n\t<meta property=\"og:image:width\" content=\"1200\" \/>\n\t<meta property=\"og:image:height\" content=\"630\" \/>\n\t<meta property=\"og:image:type\" content=\"image\/jpeg\" \/>\n<meta name=\"author\" content=\"Jeanette\" \/>\n<meta name=\"twitter:card\" content=\"summary_large_image\" \/>\n<meta name=\"twitter:creator\" content=\"@eldiario_net\" \/>\n<meta name=\"twitter:site\" content=\"@eldiario_net\" \/>\n<meta name=\"twitter:label1\" content=\"Escrito por\" \/>\n\t<meta name=\"twitter:data1\" content=\"Jeanette\" \/>\n\t<meta name=\"twitter:label2\" content=\"Tiempo de lectura\" \/>\n\t<meta name=\"twitter:data2\" content=\"2 minutos\" \/>\n<script type=\"application\/ld+json\" class=\"yoast-schema-graph\">{\"@context\":\"https:\\\/\\\/schema.org\",\"@graph\":[{\"@type\":\"Article\",\"@id\":\"https:\\\/\\\/www.eldiario.net\\\/portal\\\/2023\\\/07\\\/03\\\/jairo-quinteros-vuelve-a-bolivar\\\/#article\",\"isPartOf\":{\"@id\":\"https:\\\/\\\/www.eldiario.net\\\/portal\\\/2023\\\/07\\\/03\\\/jairo-quinteros-vuelve-a-bolivar\\\/\"},\"author\":{\"name\":\"Jeanette\",\"@id\":\"https:\\\/\\\/www.eldiario.net\\\/portal\\\/#\\\/schema\\\/person\\\/2c57cf2b7a7ae032e449e4c9b1019eac\"},\"headline\":\"Jairo Quinteros vuelve a Bol\u00edvar\",\"datePublished\":\"2023-07-03T11:47:36+00:00\",\"mainEntityOfPage\":{\"@id\":\"https:\\\/\\\/www.eldiario.net\\\/portal\\\/2023\\\/07\\\/03\\\/jairo-quinteros-vuelve-a-bolivar\\\/\"},\"wordCount\":244,\"publisher\":{\"@id\":\"https:\\\/\\\/www.eldiario.net\\\/portal\\\/#organization\"},\"image\":{\"@id\":\"https:\\\/\\\/www.eldiario.net\\\/portal\\\/2023\\\/07\\\/03\\\/jairo-quinteros-vuelve-a-bolivar\\\/#primaryimage\"},\"thumbnailUrl\":\"https:\\\/\\\/www.eldiario.net\\\/portal\\\/wp-content\\\/uploads\\\/2023\\\/07\\\/WhatsApp-Image-2023-07-03-at-7.40.55-AM.jpeg\",\"articleSection\":[\"Deportes\"],\"inLanguage\":\"es\"},{\"@type\":\"WebPage\",\"@id\":\"https:\\\/\\\/www.eldiario.net\\\/portal\\\/2023\\\/07\\\/03\\\/jairo-quinteros-vuelve-a-bolivar\\\/\",\"url\":\"https:\\\/\\\/www.eldiario.net\\\/portal\\\/2023\\\/07\\\/03\\\/jairo-quinteros-vuelve-a-bolivar\\\/\",\"name\":\"Jairo Quinteros vuelve a Bol\u00edvar - El Diario - Bolivia\",\"isPartOf\":{\"@id\":\"https:\\\/\\\/www.eldiario.net\\\/portal\\\/#website\"},\"primaryImageOfPage\":{\"@id\":\"https:\\\/\\\/www.eldiario.net\\\/portal\\\/2023\\\/07\\\/03\\\/jairo-quinteros-vuelve-a-bolivar\\\/#primaryimage\"},\"image\":{\"@id\":\"https:\\\/\\\/www.eldiario.net\\\/portal\\\/2023\\\/07\\\/03\\\/jairo-quinteros-vuelve-a-bolivar\\\/#primaryimage\"},\"thumbnailUrl\":\"https:\\\/\\\/www.eldiario.net\\\/portal\\\/wp-content\\\/uploads\\\/2023\\\/07\\\/WhatsApp-Image-2023-07-03-at-7.40.55-AM.jpeg\",\"datePublished\":\"2023-07-03T11:47:36+00:00\",\"breadcrumb\":{\"@id\":\"https:\\\/\\\/www.eldiario.net\\\/portal\\\/2023\\\/07\\\/03\\\/jairo-quinteros-vuelve-a-bolivar\\\/#breadcrumb\"},\"inLanguage\":\"es\",\"potentialAction\":[{\"@type\":\"ReadAction\",\"target\":[\"https:\\\/\\\/www.eldiario.net\\\/portal\\\/2023\\\/07\\\/03\\\/jairo-quinteros-vuelve-a-bolivar\\\/\"]}]},{\"@type\":\"ImageObject\",\"inLanguage\":\"es\",\"@id\":\"https:\\\/\\\/www.eldiario.net\\\/portal\\\/2023\\\/07\\\/03\\\/jairo-quinteros-vuelve-a-bolivar\\\/#primaryimage\",\"url\":\"https:\\\/\\\/www.eldiario.net\\\/portal\\\/wp-content\\\/uploads\\\/2023\\\/07\\\/WhatsApp-Image-2023-07-03-at-7.40.55-AM.jpeg\",\"contentUrl\":\"https:\\\/\\\/www.eldiario.net\\\/portal\\\/wp-content\\\/uploads\\\/2023\\\/07\\\/WhatsApp-Image-2023-07-03-at-7.40.55-AM.jpeg\",\"width\":1200,\"height\":630,\"caption\":\"Cr\u00e9dito de foto: El Heraldo\"},{\"@type\":\"BreadcrumbList\",\"@id\":\"https:\\\/\\\/www.eldiario.net\\\/portal\\\/2023\\\/07\\\/03\\\/jairo-quinteros-vuelve-a-bolivar\\\/#breadcrumb\",\"itemListElement\":[{\"@type\":\"ListItem\",\"position\":1,\"name\":\"Portada\",\"item\":\"https:\\\/\\\/www.eldiario.net\\\/portal\\\/\"},{\"@type\":\"ListItem\",\"position\":2,\"name\":\"Jairo Quinteros vuelve a Bol\u00edvar\"}]},{\"@type\":\"WebSite\",\"@id\":\"https:\\\/\\\/www.eldiario.net\\\/portal\\\/#website\",\"url\":\"https:\\\/\\\/www.eldiario.net\\\/portal\\\/\",\"name\":\"El Diario - Decano de la prensa nacional\",\"description\":\"El Diario - Decano de la prensa nacional\",\"publisher\":{\"@id\":\"https:\\\/\\\/www.eldiario.net\\\/portal\\\/#organization\"},\"potentialAction\":[{\"@type\":\"SearchAction\",\"target\":{\"@type\":\"EntryPoint\",\"urlTemplate\":\"https:\\\/\\\/www.eldiario.net\\\/portal\\\/?s={search_term_string}\"},\"query-input\":{\"@type\":\"PropertyValueSpecification\",\"valueRequired\":true,\"valueName\":\"search_term_string\"}}],\"inLanguage\":\"es\"},{\"@type\":\"Organization\",\"@id\":\"https:\\\/\\\/www.eldiario.net\\\/portal\\\/#organization\",\"name\":\"El Diario - Decano de la prensa nacional\",\"url\":\"https:\\\/\\\/www.eldiario.net\\\/portal\\\/\",\"logo\":{\"@type\":\"ImageObject\",\"inLanguage\":\"es\",\"@id\":\"https:\\\/\\\/www.eldiario.net\\\/portal\\\/#\\\/schema\\\/logo\\\/image\\\/\",\"url\":\"https:\\\/\\\/www.eldiario.net\\\/portal\\\/wp-content\\\/uploads\\\/2023\\\/07\\\/logo_ED.jpg\",\"contentUrl\":\"https:\\\/\\\/www.eldiario.net\\\/portal\\\/wp-content\\\/uploads\\\/2023\\\/07\\\/logo_ED.jpg\",\"width\":272,\"height\":52,\"caption\":\"El Diario - Decano de la prensa nacional\"},\"image\":{\"@id\":\"https:\\\/\\\/www.eldiario.net\\\/portal\\\/#\\\/schema\\\/logo\\\/image\\\/\"},\"sameAs\":[\"https:\\\/\\\/www.facebook.com\\\/eldiario.bolivia\\\/\",\"https:\\\/\\\/x.com\\\/eldiario_net\"]},{\"@type\":\"Person\",\"@id\":\"https:\\\/\\\/www.eldiario.net\\\/portal\\\/#\\\/schema\\\/person\\\/2c57cf2b7a7ae032e449e4c9b1019eac\",\"name\":\"Jeanette\",\"image\":{\"@type\":\"ImageObject\",\"inLanguage\":\"es\",\"@id\":\"https:\\\/\\\/secure.gravatar.com\\\/avatar\\\/3ea2118a5f7dad2b7138b1187a6b7ee55f160b9968b66013c3a3ef39dd7e5798?s=96&d=mm&r=g\",\"url\":\"https:\\\/\\\/secure.gravatar.com\\\/avatar\\\/3ea2118a5f7dad2b7138b1187a6b7ee55f160b9968b66013c3a3ef39dd7e5798?s=96&d=mm&r=g\",\"contentUrl\":\"https:\\\/\\\/secure.gravatar.com\\\/avatar\\\/3ea2118a5f7dad2b7138b1187a6b7ee55f160b9968b66013c3a3ef39dd7e5798?s=96&d=mm&r=g\",\"caption\":\"Jeanette\"},\"sameAs\":[\"https:\\\/\\\/www.eldiario.net\\\/portal\"],\"url\":\"https:\\\/\\\/www.eldiario.net\\\/portal\\\/author\\\/jeanette\\\/\"}]}<\/script>\n<!-- \/ Yoast SEO plugin. -->","yoast_head_json":{"title":"Jairo Quinteros vuelve a Bol\u00edvar - El Diario - Bolivia","robots":{"index":"index","follow":"follow","max-snippet":"max-snippet:-1","max-image-preview":"max-image-preview:large","max-video-preview":"max-video-preview:-1"},"canonical":"https:\/\/www.eldiario.net\/portal\/2023\/07\/03\/jairo-quinteros-vuelve-a-bolivar\/","og_locale":"es_ES","og_type":"article","og_title":"Jairo Quinteros vuelve a Bol\u00edvar - El Diario - Bolivia","og_description":"El defensor central Jairo Quinteros volver\u00e1 a vestirse de celeste, seg\u00fan confirm\u00f3 esta noche el entrenador de Bol\u00edvar, Be\u00f1at San Jos\u00e9 Gil. De acuerdo a la informaci\u00f3n, durante la jornada, se pudo cerrar el retorno de Quinteros, quien actualmente est\u00e1 en filas del Real Zaragoza, que determin\u00f3 su cesi\u00f3n a filas de la Academia. Tras [&hellip;]","og_url":"https:\/\/www.eldiario.net\/portal\/2023\/07\/03\/jairo-quinteros-vuelve-a-bolivar\/","og_site_name":"El Diario - Bolivia","article_publisher":"https:\/\/www.facebook.com\/eldiario.bolivia\/","article_published_time":"2023-07-03T11:47:36+00:00","og_image":[{"width":1200,"height":630,"url":"https:\/\/www.eldiario.net\/portal\/wp-content\/uploads\/2023\/07\/WhatsApp-Image-2023-07-03-at-7.40.55-AM.jpeg","type":"image\/jpeg"}],"author":"Jeanette","twitter_card":"summary_large_image","twitter_creator":"@eldiario_net","twitter_site":"@eldiario_net","twitter_misc":{"Escrito por":"Jeanette","Tiempo de lectura":"2 minutos"},"schema":{"@context":"https:\/\/schema.org","@graph":[{"@type":"Article","@id":"https:\/\/www.eldiario.net\/portal\/2023\/07\/03\/jairo-quinteros-vuelve-a-bolivar\/#article","isPartOf":{"@id":"https:\/\/www.eldiario.net\/portal\/2023\/07\/03\/jairo-quinteros-vuelve-a-bolivar\/"},"author":{"name":"Jeanette","@id":"https:\/\/www.eldiario.net\/portal\/#\/schema\/person\/2c57cf2b7a7ae032e449e4c9b1019eac"},"headline":"Jairo Quinteros vuelve a Bol\u00edvar","datePublished":"2023-07-03T11:47:36+00:00","mainEntityOfPage":{"@id":"https:\/\/www.eldiario.net\/portal\/2023\/07\/03\/jairo-quinteros-vuelve-a-bolivar\/"},"wordCount":244,"publisher":{"@id":"https:\/\/www.eldiario.net\/portal\/#organization"},"image":{"@id":"https:\/\/www.eldiario.net\/portal\/2023\/07\/03\/jairo-quinteros-vuelve-a-bolivar\/#primaryimage"},"thumbnailUrl":"https:\/\/www.eldiario.net\/portal\/wp-content\/uploads\/2023\/07\/WhatsApp-Image-2023-07-03-at-7.40.55-AM.jpeg","articleSection":["Deportes"],"inLanguage":"es"},{"@type":"WebPage","@id":"https:\/\/www.eldiario.net\/portal\/2023\/07\/03\/jairo-quinteros-vuelve-a-bolivar\/","url":"https:\/\/www.eldiario.net\/portal\/2023\/07\/03\/jairo-quinteros-vuelve-a-bolivar\/","name":"Jairo Quinteros vuelve a Bol\u00edvar - El Diario - Bolivia","isPartOf":{"@id":"https:\/\/www.eldiario.net\/portal\/#website"},"primaryImageOfPage":{"@id":"https:\/\/www.eldiario.net\/portal\/2023\/07\/03\/jairo-quinteros-vuelve-a-bolivar\/#primaryimage"},"image":{"@id":"https:\/\/www.eldiario.net\/portal\/2023\/07\/03\/jairo-quinteros-vuelve-a-bolivar\/#primaryimage"},"thumbnailUrl":"https:\/\/www.eldiario.net\/portal\/wp-content\/uploads\/2023\/07\/WhatsApp-Image-2023-07-03-at-7.40.55-AM.jpeg","datePublished":"2023-07-03T11:47:36+00:00","breadcrumb":{"@id":"https:\/\/www.eldiario.net\/portal\/2023\/07\/03\/jairo-quinteros-vuelve-a-bolivar\/#breadcrumb"},"inLanguage":"es","potentialAction":[{"@type":"ReadAction","target":["https:\/\/www.eldiario.net\/portal\/2023\/07\/03\/jairo-quinteros-vuelve-a-bolivar\/"]}]},{"@type":"ImageObject","inLanguage":"es","@id":"https:\/\/www.eldiario.net\/portal\/2023\/07\/03\/jairo-quinteros-vuelve-a-bolivar\/#primaryimage","url":"https:\/\/www.eldiario.net\/portal\/wp-content\/uploads\/2023\/07\/WhatsApp-Image-2023-07-03-at-7.40.55-AM.jpeg","contentUrl":"https:\/\/www.eldiario.net\/portal\/wp-content\/uploads\/2023\/07\/WhatsApp-Image-2023-07-03-at-7.40.55-AM.jpeg","width":1200,"height":630,"caption":"Cr\u00e9dito de foto: El Heraldo"},{"@type":"BreadcrumbList","@id":"https:\/\/www.eldiario.net\/portal\/2023\/07\/03\/jairo-quinteros-vuelve-a-bolivar\/#breadcrumb","itemListElement":[{"@type":"ListItem","position":1,"name":"Portada","item":"https:\/\/www.eldiario.net\/portal\/"},{"@type":"ListItem","position":2,"name":"Jairo Quinteros vuelve a Bol\u00edvar"}]},{"@type":"WebSite","@id":"https:\/\/www.eldiario.net\/portal\/#website","url":"https:\/\/www.eldiario.net\/portal\/","name":"El Diario - Decano de la prensa nacional","description":"El Diario - Decano de la prensa nacional","publisher":{"@id":"https:\/\/www.eldiario.net\/portal\/#organization"},"potentialAction":[{"@type":"SearchAction","target":{"@type":"EntryPoint","urlTemplate":"https:\/\/www.eldiario.net\/portal\/?s={search_term_string}"},"query-input":{"@type":"PropertyValueSpecification","valueRequired":true,"valueName":"search_term_string"}}],"inLanguage":"es"},{"@type":"Organization","@id":"https:\/\/www.eldiario.net\/portal\/#organization","name":"El Diario - Decano de la prensa nacional","url":"https:\/\/www.eldiario.net\/portal\/","logo":{"@type":"ImageObject","inLanguage":"es","@id":"https:\/\/www.eldiario.net\/portal\/#\/schema\/logo\/image\/","url":"https:\/\/www.eldiario.net\/portal\/wp-content\/uploads\/2023\/07\/logo_ED.jpg","contentUrl":"https:\/\/www.eldiario.net\/portal\/wp-content\/uploads\/2023\/07\/logo_ED.jpg","width":272,"height":52,"caption":"El Diario - Decano de la prensa nacional"},"image":{"@id":"https:\/\/www.eldiario.net\/portal\/#\/schema\/logo\/image\/"},"sameAs":["https:\/\/www.facebook.com\/eldiario.bolivia\/","https:\/\/x.com\/eldiario_net"]},{"@type":"Person","@id":"https:\/\/www.eldiario.net\/portal\/#\/schema\/person\/2c57cf2b7a7ae032e449e4c9b1019eac","name":"Jeanette","image":{"@type":"ImageObject","inLanguage":"es","@id":"https:\/\/secure.gravatar.com\/avatar\/3ea2118a5f7dad2b7138b1187a6b7ee55f160b9968b66013c3a3ef39dd7e5798?s=96&d=mm&r=g","url":"https:\/\/secure.gravatar.com\/avatar\/3ea2118a5f7dad2b7138b1187a6b7ee55f160b9968b66013c3a3ef39dd7e5798?s=96&d=mm&r=g","contentUrl":"https:\/\/secure.gravatar.com\/avatar\/3ea2118a5f7dad2b7138b1187a6b7ee55f160b9968b66013c3a3ef39dd7e5798?s=96&d=mm&r=g","caption":"Jeanette"},"sameAs":["https:\/\/www.eldiario.net\/portal"],"url":"https:\/\/www.eldiario.net\/portal\/author\/jeanette\/"}]}},"_links":{"self":[{"href":"https:\/\/www.eldiario.net\/portal\/wp-json\/wp\/v2\/posts\/163420","targetHints":{"allow":["GET"]}}],"collection":[{"href":"https:\/\/www.eldiario.net\/portal\/wp-json\/wp\/v2\/posts"}],"about":[{"href":"https:\/\/www.eldiario.net\/portal\/wp-json\/wp\/v2\/types\/post"}],"author":[{"embeddable":true,"href":"https:\/\/www.eldiario.net\/portal\/wp-json\/wp\/v2\/users\/1"}],"replies":[{"embeddable":true,"href":"https:\/\/www.eldiario.net\/portal\/wp-json\/wp\/v2\/comments?post=163420"}],"version-history":[{"count":0,"href":"https:\/\/www.eldiario.net\/portal\/wp-json\/wp\/v2\/posts\/163420\/revisions"}],"wp:featuredmedia":[{"embeddable":true,"href":"https:\/\/www.eldiario.net\/portal\/wp-json\/wp\/v2\/media\/163422"}],"wp:attachment":[{"href":"https:\/\/www.eldiario.net\/portal\/wp-json\/wp\/v2\/media?parent=163420"}],"wp:term":[{"taxonomy":"category","embeddable":true,"href":"https:\/\/www.eldiario.net\/portal\/wp-json\/wp\/v2\/categories?post=163420"},{"taxonomy":"post_tag","embeddable":true,"href":"https:\/\/www.eldiario.net\/portal\/wp-json\/wp\/v2\/tags?post=163420"}],"curies":[{"name":"wp","href":"https:\/\/api.w.org\/{rel}","templated":true}]}}