{"id":163416,"date":"2023-07-03T07:30:44","date_gmt":"2023-07-03T11:30:44","guid":{"rendered":"https:\/\/www.eldiario.net\/portal\/?p=163416"},"modified":"2023-07-03T07:30:44","modified_gmt":"2023-07-03T11:30:44","slug":"la-premiada-obra-de-teatro-willaku-en-escena","status":"publish","type":"post","link":"https:\/\/www.eldiario.net\/portal\/2023\/07\/03\/la-premiada-obra-de-teatro-willaku-en-escena\/","title":{"rendered":"La premiada obra de  teatro \u201cWillaku\u201d en escena"},"content":{"rendered":"<p>La obra \u201cWillaku, la suerte del indio poeta\u201d de la compa\u00f1\u00eda <em>La Cueva y Teatro Para el Camino<\/em>, que en 2022 recibi\u00f3 el Premio Nacional de Teatro \u201cPeter Traves\u00ed Canedo\u201d como Mejor Dramaturgia y el \u201cPremio Eduardo Abaroa\u201d como Mejor Obra de Teatro Nacional, ser\u00e1 presentada el viernes 7 y s\u00e1bado 8 de julio, a las 19:30 horas, en el Teatro Do\u00f1a Albina (av. Ecuador esq. Rosendo Guti\u00e9rrez, Sopocachi) de la ciudad de La Paz.<\/p>\n<p>Willaku es una obra escrita y dirigida por Dar\u00edo Torres, inspirada en poemas de Juan Huallparrimachi Mayta, declarado h\u00e9roe nacional el a\u00f1o 2017 en Bolivia, del cual quedan 10 poemas de amor y una canci\u00f3n a la madre como legado nacional y que lo transforman en el Primer Poeta del Mundo Nuevo.<\/p>\n<p>Sus palabras escritas &#8211;con orgullo en runasimi&#8211; guardan el secreto del verdadero ser que luch\u00f3 y muri\u00f3 bajo las \u00f3rdenes de su protectora y jefa, do\u00f1a Juana Azurduy de Padilla, pero que la historia de guerra, a\u00fan hoy, opaca su verdadero rostro, y a\u00fan m\u00e1s fuerte, de este ser que ama, que a\u00f1ora, y que encuentra la belleza en la flor que nace de la piedra.<\/p>\n<p>Act\u00faan en la puesta en escena Luis Aduviri, Julio Guzm\u00e1n y Fernando Zambrana. La escenograf\u00eda fue realizada por Luis Aduviri, la composici\u00f3n musical por Lucas Achirico y Naomi Achirico (voz), el arreglo musical es de Bernardo Rosado y es apta para todo p\u00fablico.<\/p>\n<p><strong>SINOPSIS DE LA OBRA<\/strong><\/p>\n<p>Al pasear por la cabeza de los \u201cotros\u201d, justo antes de pasar el r\u00edo de la muerte, un ave llora su presagio y llama a Juan Wallparrimachi, el primer poeta del mundo nuevo, el soldado Arawiku que, desde la oscuridad del olvido, atraviesa el Ukhu Pacha\/ mundo de abajo, el Kay Pacha\/este mundo y el Hanaq Pacha\/ mundo de arriba, para encontrar el aliento que le permita transformarse en sus poemas en quechua y as\u00ed renacer en el amor.<\/p>\n<p>Un viaje est\u00e1tico,<\/p>\n<p>un vuelo de piedra,<\/p>\n<p>un presagio del tiempo.<\/p>\n<p>Willlaku, cuyo estreno fue realizado en el Museo de la Casa de la Libertad en Sucre, tambi\u00e9n ha participado en el V Festival Artes Esc\u00e9nicas, Ukhupacha en Cusco &#8211; Per\u00fa, en el XXXI Premio Peter Traves\u00ed Canedo en Cochabamba y en el I Festival Multiartes Jaku en Sucre. En formato virtual particip\u00f3 en el VIII Festival Internacional de Teatro, FESTENAD de Honduras y Lecturas Dramatizadas de Eliella Teatro de Costa Rica.<\/p>\n<p>Luego de su estreno en La Paz, la obra ser\u00e1 puesta en escena en el X Encuentro Internacional de Teatro, Carnaval\u00f3n, en Arica, Chile.<\/p>\n<p><strong>TEATRO LA CUEVA<\/strong><\/p>\n<p>Teatro La Cueva se funda el a\u00f1o 2000, con la direcci\u00f3n de Dar\u00edo Torres y Enrique Gorena, y desde entonces ha producido espect\u00e1culos teatrales de autor\u00eda propia, entre los cuales destacan, \u201cAnt\u00edpoda\u201d, \u201cEntre Abril y Julia\u201d, \u201cAlastestatuas\u201d, \u201cRadio Paranoia\u201d, \u201cManzana\u201d, \u201cLa \u00faltima horquilla\u201d.<\/p>\n<p>Durante su trayectoria ha participado en festivales en Chile, Argentina, Ecuador, Per\u00fa, Brasil, Venezuela, M\u00e9xico, Cuba e Italia, donde obtuvo el aplauso de la cr\u00edtica internacional. Entre los premios obtenidos est\u00e1n el Premio Bertolt Brecht, Peter Traves\u00ed, Ra\u00fal Salm\u00f3n, Juana Azurduy, Adolfo Costa Du Rels y Eduardo Abaroa, y los premios Bienal del P\u00fablico en Per\u00fa y Manejo de Elementos Esc\u00e9nicos en Argentina.<\/p>\n<p><strong>TEATRO PARA EL CAMINO<\/strong><\/p>\n<p>El Teatro Para el Camino se funda en el municipio de Yotala, del departamento de Chuquisaca en el a\u00f1o 2012, con la direcci\u00f3n de Dar\u00edo Torres y en coordinaci\u00f3n con Rina Guti\u00e9rrez.<\/p>\n<p>El grupo est\u00e1 conformado en su totalidad por profesionales en la educaci\u00f3n.<\/p>\n<p>Sus obras de teatro, de autor\u00eda propia, son puestas en escena en quechua y espa\u00f1ol, y han sido reconocidas con el Premio Juana Azurduy, \u201cAdelita\u201d (2013) y \u201c\u00d1an Pichanan\u201d (2019), y con la obra \u201c50 centavos m\u00e1s\u201d (2014) en el Festival Intermunicipal.<\/p>\n<p>Mayores informes: 72893259<\/p>\n<div id='gallery-1' class='gallery galleryid-163416 gallery-columns-3 gallery-size-medium'><figure class='gallery-item'>\n\t\t\t<div class='gallery-icon landscape'>\n\t\t\t\t<a href='https:\/\/www.eldiario.net\/portal\/2023\/07\/03\/la-premiada-obra-de-teatro-willaku-en-escena\/willaku-1principal\/'><img loading=\"lazy\" decoding=\"async\" width=\"300\" height=\"135\" src=\"https:\/\/www.eldiario.net\/portal\/wp-content\/uploads\/2023\/07\/Willaku-1PRINCIPAL-scaled-1-300x135.jpg\" class=\"attachment-medium size-medium\" alt=\"\" srcset=\"https:\/\/www.eldiario.net\/portal\/wp-content\/uploads\/2023\/07\/Willaku-1PRINCIPAL-scaled-1-300x135.jpg 300w, https:\/\/www.eldiario.net\/portal\/wp-content\/uploads\/2023\/07\/Willaku-1PRINCIPAL-scaled-1-1024x461.jpg 1024w, https:\/\/www.eldiario.net\/portal\/wp-content\/uploads\/2023\/07\/Willaku-1PRINCIPAL-scaled-1-768x346.jpg 768w, https:\/\/www.eldiario.net\/portal\/wp-content\/uploads\/2023\/07\/Willaku-1PRINCIPAL-scaled-1-1536x692.jpg 1536w, https:\/\/www.eldiario.net\/portal\/wp-content\/uploads\/2023\/07\/Willaku-1PRINCIPAL-scaled-1-2048x922.jpg 2048w, https:\/\/www.eldiario.net\/portal\/wp-content\/uploads\/2023\/07\/Willaku-1PRINCIPAL-scaled-1-696x313.jpg 696w, https:\/\/www.eldiario.net\/portal\/wp-content\/uploads\/2023\/07\/Willaku-1PRINCIPAL-scaled-1-1068x481.jpg 1068w, https:\/\/www.eldiario.net\/portal\/wp-content\/uploads\/2023\/07\/Willaku-1PRINCIPAL-scaled-1-1920x865.jpg 1920w\" sizes=\"auto, (max-width: 300px) 100vw, 300px\" \/><\/a>\n\t\t\t<\/div><\/figure><figure class='gallery-item'>\n\t\t\t<div class='gallery-icon landscape'>\n\t\t\t\t<a href='https:\/\/www.eldiario.net\/portal\/2023\/07\/03\/la-premiada-obra-de-teatro-willaku-en-escena\/willaku-3\/'><img loading=\"lazy\" decoding=\"async\" width=\"300\" height=\"272\" src=\"https:\/\/www.eldiario.net\/portal\/wp-content\/uploads\/2023\/07\/Willaku-3-scaled-1-300x272.jpg\" class=\"attachment-medium size-medium\" alt=\"\" srcset=\"https:\/\/www.eldiario.net\/portal\/wp-content\/uploads\/2023\/07\/Willaku-3-scaled-1-300x272.jpg 300w, https:\/\/www.eldiario.net\/portal\/wp-content\/uploads\/2023\/07\/Willaku-3-scaled-1-1024x928.jpg 1024w, https:\/\/www.eldiario.net\/portal\/wp-content\/uploads\/2023\/07\/Willaku-3-scaled-1-768x696.jpg 768w, https:\/\/www.eldiario.net\/portal\/wp-content\/uploads\/2023\/07\/Willaku-3-scaled-1-1536x1391.jpg 1536w, https:\/\/www.eldiario.net\/portal\/wp-content\/uploads\/2023\/07\/Willaku-3-scaled-1-2048x1855.jpg 2048w, https:\/\/www.eldiario.net\/portal\/wp-content\/uploads\/2023\/07\/Willaku-3-scaled-1-696x630.jpg 696w, https:\/\/www.eldiario.net\/portal\/wp-content\/uploads\/2023\/07\/Willaku-3-scaled-1-1068x967.jpg 1068w, https:\/\/www.eldiario.net\/portal\/wp-content\/uploads\/2023\/07\/Willaku-3-scaled-1-1920x1739.jpg 1920w\" sizes=\"auto, (max-width: 300px) 100vw, 300px\" \/><\/a>\n\t\t\t<\/div><\/figure>\n\t\t<\/div>\n\n","protected":false},"excerpt":{"rendered":"<p>La obra \u201cWillaku, la suerte del indio poeta\u201d de la compa\u00f1\u00eda La Cueva y Teatro Para el Camino, que en 2022 recibi\u00f3 el Premio Nacional de Teatro \u201cPeter Traves\u00ed Canedo\u201d como Mejor Dramaturgia y el \u201cPremio Eduardo Abaroa\u201d como Mejor Obra de Teatro Nacional, ser\u00e1 presentada el viernes 7 y s\u00e1bado 8 de julio, a [&hellip;]<\/p>\n","protected":false},"author":1,"featured_media":0,"comment_status":"closed","ping_status":"open","sticky":false,"template":"","format":"standard","meta":{"_acf_changed":false,"footnotes":""},"categories":[41],"tags":[],"class_list":["post-163416","post","type-post","status-publish","format-standard","category-la-guia"],"acf":{"antetitulo":""},"yoast_head":"<!-- This site is optimized with the Yoast SEO plugin v28.4 - https:\/\/yoast.com\/product\/yoast-seo-wordpress\/ -->\n<title>La premiada obra de teatro \u201cWillaku\u201d en escena - El Diario - Bolivia<\/title>\n<meta name=\"robots\" content=\"index, follow, max-snippet:-1, max-image-preview:large, max-video-preview:-1\" \/>\n<link rel=\"canonical\" href=\"https:\/\/www.eldiario.net\/portal\/2023\/07\/03\/la-premiada-obra-de-teatro-willaku-en-escena\/\" \/>\n<meta property=\"og:locale\" content=\"es_ES\" \/>\n<meta property=\"og:type\" content=\"article\" \/>\n<meta property=\"og:title\" content=\"La premiada obra de teatro \u201cWillaku\u201d en escena - El Diario - Bolivia\" \/>\n<meta property=\"og:description\" content=\"La obra \u201cWillaku, la suerte del indio poeta\u201d de la compa\u00f1\u00eda La Cueva y Teatro Para el Camino, que en 2022 recibi\u00f3 el Premio Nacional de Teatro \u201cPeter Traves\u00ed Canedo\u201d como Mejor Dramaturgia y el \u201cPremio Eduardo Abaroa\u201d como Mejor Obra de Teatro Nacional, ser\u00e1 presentada el viernes 7 y s\u00e1bado 8 de julio, a [&hellip;]\" \/>\n<meta property=\"og:url\" content=\"https:\/\/www.eldiario.net\/portal\/2023\/07\/03\/la-premiada-obra-de-teatro-willaku-en-escena\/\" \/>\n<meta property=\"og:site_name\" content=\"El Diario - Bolivia\" \/>\n<meta property=\"article:publisher\" content=\"https:\/\/www.facebook.com\/eldiario.bolivia\/\" \/>\n<meta property=\"article:published_time\" content=\"2023-07-03T11:30:44+00:00\" \/>\n<meta property=\"og:image\" content=\"https:\/\/www.eldiario.net\/portal\/wp-content\/uploads\/2023\/07\/Willaku-1PRINCIPAL-scaled-1-300x135.jpg\" \/>\n<meta name=\"author\" content=\"Jeanette\" \/>\n<meta name=\"twitter:card\" content=\"summary_large_image\" \/>\n<meta name=\"twitter:creator\" content=\"@eldiario_net\" \/>\n<meta name=\"twitter:site\" content=\"@eldiario_net\" \/>\n<meta name=\"twitter:label1\" content=\"Escrito por\" \/>\n\t<meta name=\"twitter:data1\" content=\"Jeanette\" \/>\n\t<meta name=\"twitter:label2\" content=\"Tiempo de lectura\" \/>\n\t<meta name=\"twitter:data2\" content=\"3 minutos\" \/>\n<script type=\"application\/ld+json\" class=\"yoast-schema-graph\">{\"@context\":\"https:\\\/\\\/schema.org\",\"@graph\":[{\"@type\":\"Article\",\"@id\":\"https:\\\/\\\/www.eldiario.net\\\/portal\\\/2023\\\/07\\\/03\\\/la-premiada-obra-de-teatro-willaku-en-escena\\\/#article\",\"isPartOf\":{\"@id\":\"https:\\\/\\\/www.eldiario.net\\\/portal\\\/2023\\\/07\\\/03\\\/la-premiada-obra-de-teatro-willaku-en-escena\\\/\"},\"author\":{\"name\":\"Jeanette\",\"@id\":\"https:\\\/\\\/www.eldiario.net\\\/portal\\\/#\\\/schema\\\/person\\\/2c57cf2b7a7ae032e449e4c9b1019eac\"},\"headline\":\"La premiada obra de teatro \u201cWillaku\u201d en escena\",\"datePublished\":\"2023-07-03T11:30:44+00:00\",\"mainEntityOfPage\":{\"@id\":\"https:\\\/\\\/www.eldiario.net\\\/portal\\\/2023\\\/07\\\/03\\\/la-premiada-obra-de-teatro-willaku-en-escena\\\/\"},\"wordCount\":672,\"publisher\":{\"@id\":\"https:\\\/\\\/www.eldiario.net\\\/portal\\\/#organization\"},\"articleSection\":[\"La Gu\u00eda\"],\"inLanguage\":\"es\"},{\"@type\":\"WebPage\",\"@id\":\"https:\\\/\\\/www.eldiario.net\\\/portal\\\/2023\\\/07\\\/03\\\/la-premiada-obra-de-teatro-willaku-en-escena\\\/\",\"url\":\"https:\\\/\\\/www.eldiario.net\\\/portal\\\/2023\\\/07\\\/03\\\/la-premiada-obra-de-teatro-willaku-en-escena\\\/\",\"name\":\"La premiada obra de teatro \u201cWillaku\u201d en escena - El Diario - Bolivia\",\"isPartOf\":{\"@id\":\"https:\\\/\\\/www.eldiario.net\\\/portal\\\/#website\"},\"datePublished\":\"2023-07-03T11:30:44+00:00\",\"breadcrumb\":{\"@id\":\"https:\\\/\\\/www.eldiario.net\\\/portal\\\/2023\\\/07\\\/03\\\/la-premiada-obra-de-teatro-willaku-en-escena\\\/#breadcrumb\"},\"inLanguage\":\"es\",\"potentialAction\":[{\"@type\":\"ReadAction\",\"target\":[\"https:\\\/\\\/www.eldiario.net\\\/portal\\\/2023\\\/07\\\/03\\\/la-premiada-obra-de-teatro-willaku-en-escena\\\/\"]}]},{\"@type\":\"BreadcrumbList\",\"@id\":\"https:\\\/\\\/www.eldiario.net\\\/portal\\\/2023\\\/07\\\/03\\\/la-premiada-obra-de-teatro-willaku-en-escena\\\/#breadcrumb\",\"itemListElement\":[{\"@type\":\"ListItem\",\"position\":1,\"name\":\"Portada\",\"item\":\"https:\\\/\\\/www.eldiario.net\\\/portal\\\/\"},{\"@type\":\"ListItem\",\"position\":2,\"name\":\"La premiada obra de teatro \u201cWillaku\u201d en escena\"}]},{\"@type\":\"WebSite\",\"@id\":\"https:\\\/\\\/www.eldiario.net\\\/portal\\\/#website\",\"url\":\"https:\\\/\\\/www.eldiario.net\\\/portal\\\/\",\"name\":\"El Diario - Decano de la prensa nacional\",\"description\":\"El Diario - Decano de la prensa nacional\",\"publisher\":{\"@id\":\"https:\\\/\\\/www.eldiario.net\\\/portal\\\/#organization\"},\"potentialAction\":[{\"@type\":\"SearchAction\",\"target\":{\"@type\":\"EntryPoint\",\"urlTemplate\":\"https:\\\/\\\/www.eldiario.net\\\/portal\\\/?s={search_term_string}\"},\"query-input\":{\"@type\":\"PropertyValueSpecification\",\"valueRequired\":true,\"valueName\":\"search_term_string\"}}],\"inLanguage\":\"es\"},{\"@type\":\"Organization\",\"@id\":\"https:\\\/\\\/www.eldiario.net\\\/portal\\\/#organization\",\"name\":\"El Diario - Decano de la prensa nacional\",\"url\":\"https:\\\/\\\/www.eldiario.net\\\/portal\\\/\",\"logo\":{\"@type\":\"ImageObject\",\"inLanguage\":\"es\",\"@id\":\"https:\\\/\\\/www.eldiario.net\\\/portal\\\/#\\\/schema\\\/logo\\\/image\\\/\",\"url\":\"https:\\\/\\\/www.eldiario.net\\\/portal\\\/wp-content\\\/uploads\\\/2023\\\/07\\\/logo_ED.jpg\",\"contentUrl\":\"https:\\\/\\\/www.eldiario.net\\\/portal\\\/wp-content\\\/uploads\\\/2023\\\/07\\\/logo_ED.jpg\",\"width\":272,\"height\":52,\"caption\":\"El Diario - Decano de la prensa nacional\"},\"image\":{\"@id\":\"https:\\\/\\\/www.eldiario.net\\\/portal\\\/#\\\/schema\\\/logo\\\/image\\\/\"},\"sameAs\":[\"https:\\\/\\\/www.facebook.com\\\/eldiario.bolivia\\\/\",\"https:\\\/\\\/x.com\\\/eldiario_net\"]},{\"@type\":\"Person\",\"@id\":\"https:\\\/\\\/www.eldiario.net\\\/portal\\\/#\\\/schema\\\/person\\\/2c57cf2b7a7ae032e449e4c9b1019eac\",\"name\":\"Jeanette\",\"image\":{\"@type\":\"ImageObject\",\"inLanguage\":\"es\",\"@id\":\"https:\\\/\\\/secure.gravatar.com\\\/avatar\\\/3ea2118a5f7dad2b7138b1187a6b7ee55f160b9968b66013c3a3ef39dd7e5798?s=96&d=mm&r=g\",\"url\":\"https:\\\/\\\/secure.gravatar.com\\\/avatar\\\/3ea2118a5f7dad2b7138b1187a6b7ee55f160b9968b66013c3a3ef39dd7e5798?s=96&d=mm&r=g\",\"contentUrl\":\"https:\\\/\\\/secure.gravatar.com\\\/avatar\\\/3ea2118a5f7dad2b7138b1187a6b7ee55f160b9968b66013c3a3ef39dd7e5798?s=96&d=mm&r=g\",\"caption\":\"Jeanette\"},\"sameAs\":[\"https:\\\/\\\/www.eldiario.net\\\/portal\"],\"url\":\"https:\\\/\\\/www.eldiario.net\\\/portal\\\/author\\\/jeanette\\\/\"}]}<\/script>\n<!-- \/ Yoast SEO plugin. -->","yoast_head_json":{"title":"La premiada obra de teatro \u201cWillaku\u201d en escena - El Diario - Bolivia","robots":{"index":"index","follow":"follow","max-snippet":"max-snippet:-1","max-image-preview":"max-image-preview:large","max-video-preview":"max-video-preview:-1"},"canonical":"https:\/\/www.eldiario.net\/portal\/2023\/07\/03\/la-premiada-obra-de-teatro-willaku-en-escena\/","og_locale":"es_ES","og_type":"article","og_title":"La premiada obra de teatro \u201cWillaku\u201d en escena - El Diario - Bolivia","og_description":"La obra \u201cWillaku, la suerte del indio poeta\u201d de la compa\u00f1\u00eda La Cueva y Teatro Para el Camino, que en 2022 recibi\u00f3 el Premio Nacional de Teatro \u201cPeter Traves\u00ed Canedo\u201d como Mejor Dramaturgia y el \u201cPremio Eduardo Abaroa\u201d como Mejor Obra de Teatro Nacional, ser\u00e1 presentada el viernes 7 y s\u00e1bado 8 de julio, a [&hellip;]","og_url":"https:\/\/www.eldiario.net\/portal\/2023\/07\/03\/la-premiada-obra-de-teatro-willaku-en-escena\/","og_site_name":"El Diario - Bolivia","article_publisher":"https:\/\/www.facebook.com\/eldiario.bolivia\/","article_published_time":"2023-07-03T11:30:44+00:00","og_image":[{"url":"https:\/\/www.eldiario.net\/portal\/wp-content\/uploads\/2023\/07\/Willaku-1PRINCIPAL-scaled-1-300x135.jpg","type":"","width":"","height":""}],"author":"Jeanette","twitter_card":"summary_large_image","twitter_creator":"@eldiario_net","twitter_site":"@eldiario_net","twitter_misc":{"Escrito por":"Jeanette","Tiempo de lectura":"3 minutos"},"schema":{"@context":"https:\/\/schema.org","@graph":[{"@type":"Article","@id":"https:\/\/www.eldiario.net\/portal\/2023\/07\/03\/la-premiada-obra-de-teatro-willaku-en-escena\/#article","isPartOf":{"@id":"https:\/\/www.eldiario.net\/portal\/2023\/07\/03\/la-premiada-obra-de-teatro-willaku-en-escena\/"},"author":{"name":"Jeanette","@id":"https:\/\/www.eldiario.net\/portal\/#\/schema\/person\/2c57cf2b7a7ae032e449e4c9b1019eac"},"headline":"La premiada obra de teatro \u201cWillaku\u201d en escena","datePublished":"2023-07-03T11:30:44+00:00","mainEntityOfPage":{"@id":"https:\/\/www.eldiario.net\/portal\/2023\/07\/03\/la-premiada-obra-de-teatro-willaku-en-escena\/"},"wordCount":672,"publisher":{"@id":"https:\/\/www.eldiario.net\/portal\/#organization"},"articleSection":["La Gu\u00eda"],"inLanguage":"es"},{"@type":"WebPage","@id":"https:\/\/www.eldiario.net\/portal\/2023\/07\/03\/la-premiada-obra-de-teatro-willaku-en-escena\/","url":"https:\/\/www.eldiario.net\/portal\/2023\/07\/03\/la-premiada-obra-de-teatro-willaku-en-escena\/","name":"La premiada obra de teatro \u201cWillaku\u201d en escena - El Diario - Bolivia","isPartOf":{"@id":"https:\/\/www.eldiario.net\/portal\/#website"},"datePublished":"2023-07-03T11:30:44+00:00","breadcrumb":{"@id":"https:\/\/www.eldiario.net\/portal\/2023\/07\/03\/la-premiada-obra-de-teatro-willaku-en-escena\/#breadcrumb"},"inLanguage":"es","potentialAction":[{"@type":"ReadAction","target":["https:\/\/www.eldiario.net\/portal\/2023\/07\/03\/la-premiada-obra-de-teatro-willaku-en-escena\/"]}]},{"@type":"BreadcrumbList","@id":"https:\/\/www.eldiario.net\/portal\/2023\/07\/03\/la-premiada-obra-de-teatro-willaku-en-escena\/#breadcrumb","itemListElement":[{"@type":"ListItem","position":1,"name":"Portada","item":"https:\/\/www.eldiario.net\/portal\/"},{"@type":"ListItem","position":2,"name":"La premiada obra de teatro \u201cWillaku\u201d en escena"}]},{"@type":"WebSite","@id":"https:\/\/www.eldiario.net\/portal\/#website","url":"https:\/\/www.eldiario.net\/portal\/","name":"El Diario - Decano de la prensa nacional","description":"El Diario - Decano de la prensa nacional","publisher":{"@id":"https:\/\/www.eldiario.net\/portal\/#organization"},"potentialAction":[{"@type":"SearchAction","target":{"@type":"EntryPoint","urlTemplate":"https:\/\/www.eldiario.net\/portal\/?s={search_term_string}"},"query-input":{"@type":"PropertyValueSpecification","valueRequired":true,"valueName":"search_term_string"}}],"inLanguage":"es"},{"@type":"Organization","@id":"https:\/\/www.eldiario.net\/portal\/#organization","name":"El Diario - Decano de la prensa nacional","url":"https:\/\/www.eldiario.net\/portal\/","logo":{"@type":"ImageObject","inLanguage":"es","@id":"https:\/\/www.eldiario.net\/portal\/#\/schema\/logo\/image\/","url":"https:\/\/www.eldiario.net\/portal\/wp-content\/uploads\/2023\/07\/logo_ED.jpg","contentUrl":"https:\/\/www.eldiario.net\/portal\/wp-content\/uploads\/2023\/07\/logo_ED.jpg","width":272,"height":52,"caption":"El Diario - Decano de la prensa nacional"},"image":{"@id":"https:\/\/www.eldiario.net\/portal\/#\/schema\/logo\/image\/"},"sameAs":["https:\/\/www.facebook.com\/eldiario.bolivia\/","https:\/\/x.com\/eldiario_net"]},{"@type":"Person","@id":"https:\/\/www.eldiario.net\/portal\/#\/schema\/person\/2c57cf2b7a7ae032e449e4c9b1019eac","name":"Jeanette","image":{"@type":"ImageObject","inLanguage":"es","@id":"https:\/\/secure.gravatar.com\/avatar\/3ea2118a5f7dad2b7138b1187a6b7ee55f160b9968b66013c3a3ef39dd7e5798?s=96&d=mm&r=g","url":"https:\/\/secure.gravatar.com\/avatar\/3ea2118a5f7dad2b7138b1187a6b7ee55f160b9968b66013c3a3ef39dd7e5798?s=96&d=mm&r=g","contentUrl":"https:\/\/secure.gravatar.com\/avatar\/3ea2118a5f7dad2b7138b1187a6b7ee55f160b9968b66013c3a3ef39dd7e5798?s=96&d=mm&r=g","caption":"Jeanette"},"sameAs":["https:\/\/www.eldiario.net\/portal"],"url":"https:\/\/www.eldiario.net\/portal\/author\/jeanette\/"}]}},"_links":{"self":[{"href":"https:\/\/www.eldiario.net\/portal\/wp-json\/wp\/v2\/posts\/163416","targetHints":{"allow":["GET"]}}],"collection":[{"href":"https:\/\/www.eldiario.net\/portal\/wp-json\/wp\/v2\/posts"}],"about":[{"href":"https:\/\/www.eldiario.net\/portal\/wp-json\/wp\/v2\/types\/post"}],"author":[{"embeddable":true,"href":"https:\/\/www.eldiario.net\/portal\/wp-json\/wp\/v2\/users\/1"}],"replies":[{"embeddable":true,"href":"https:\/\/www.eldiario.net\/portal\/wp-json\/wp\/v2\/comments?post=163416"}],"version-history":[{"count":0,"href":"https:\/\/www.eldiario.net\/portal\/wp-json\/wp\/v2\/posts\/163416\/revisions"}],"wp:attachment":[{"href":"https:\/\/www.eldiario.net\/portal\/wp-json\/wp\/v2\/media?parent=163416"}],"wp:term":[{"taxonomy":"category","embeddable":true,"href":"https:\/\/www.eldiario.net\/portal\/wp-json\/wp\/v2\/categories?post=163416"},{"taxonomy":"post_tag","embeddable":true,"href":"https:\/\/www.eldiario.net\/portal\/wp-json\/wp\/v2\/tags?post=163416"}],"curies":[{"name":"wp","href":"https:\/\/api.w.org\/{rel}","templated":true}]}}