{"id":163412,"date":"2023-07-03T07:26:08","date_gmt":"2023-07-03T11:26:08","guid":{"rendered":"https:\/\/www.eldiario.net\/portal\/?p=163412"},"modified":"2023-07-03T07:26:08","modified_gmt":"2023-07-03T11:26:08","slug":"rent-en-la-paz-de-los-90-vuelve-con-dos-funciones","status":"publish","type":"post","link":"https:\/\/www.eldiario.net\/portal\/2023\/07\/03\/rent-en-la-paz-de-los-90-vuelve-con-dos-funciones\/","title":{"rendered":"\u201cRent: en La Paz de los 90\u201d  vuelve con dos funciones"},"content":{"rendered":"<p>En abril del 2022 Broadway present\u00f3 la obra de teatro musical<\/p>\n<p>\u201cRent\u201d de Jhonatan Larson (Broadway 1996), ambientada en la ciudad de La Paz en la d\u00e9cada de los 90. La idea naci\u00f3 gracias a la iniciativa de Jos\u00e9 Luis Si\u00f1ani, due\u00f1o de la marca Broadway, productor y director general y esc\u00e9nico de la compa\u00f1\u00eda.<\/p>\n<p>La escenograf\u00eda estuvo basada en la original de Broadway, d\u00e1ndole ese toque pace\u00f1o, utilizando una cabina de Cotel, un poste de luz lleno de cables y posters de bandas bolivianas, entre otros elementos. El vestuario fue id\u00e9ntico al original de Larson (Autor de Rent), utilizando netamente ropa de segunda mano. El guion fue reescrito con vocablos y modismos pace\u00f1os, adem\u00e1s de mencionar a grandes personalidades bolivianas en canciones como \u201cLa Vie Boheme\u201d, sin cambiar la l\u00ednea narrativa original de la obra.<\/p>\n<p>\u201cTodo lo mencionado anteriormente encant\u00f3 al p\u00fablico pace\u00f1o y boliviano en general, ya que mucha gente del interior del pa\u00eds viaj\u00f3 para ver la obra, es por eso que durante meses la gente pidi\u00f3 verla nuevamente en escenarios.<\/p>\n<p>Este musical es un veh\u00edculo de difusi\u00f3n y lucha para diferentes asociaciones y comunidades como la comunidad LGTB, asociaciones y centros de ayuda para personas con VIH\/Sida y centros de rehabilitaci\u00f3n para la adicci\u00f3n a las drogas. El elenco de Broadway desea mostrar la realidad de esa d\u00e9cada a trav\u00e9s de esta puesta esc\u00e9nica y as\u00ed mismo transmitir el mensaje de inclusi\u00f3n en el que Larson pens\u00f3 al escribir Rent\u201d, coment\u00f3 Jheysie Bravo, manager y regidora del proyecto<\/p>\n<p>Ahora \u201cRent: En La Paz de los 90\u201d vuelve con dos \u00fanicas funciones. Este 9 de julio en el Cine Teatro 6 de agosto a las 15:00 y 19:00, horas. Las entradas est\u00e1n disponibles escribiendo al 63 &#8211; 063 &#8211; 772 o en todotix.com.<\/p>\n<p>\u201cContaremos con talentos como el de Leydi Lach (Artista cubana), Jhodel Cabrera, Kevin Herrera, Mauricio Acosta, Ela Mercado (vocalista de Walkman band), Jesica Pareja (vocalista de la Big Band), Jotty Pe\u00f1aranda (cantante de Tierra Alta), Flori (Cantante de Kepex) y Gabriel Rojas protagonizando la obra, con m\u00fasicos como Rafaela Crespo, Gabriela Ruiz, V\u00edctor Hugo Guzm\u00e1n y Stephan Caba bajo la direcci\u00f3n musical de Juan Pablo Barbosa, un coro y elenco de m\u00e1s de 30 personas\u201d, complement\u00f3.<\/p>\n<p>Adem\u00e1s de Bravo, el equipo de producci\u00f3n est\u00e1 compuesto por Tereza Janco, encargada del \u00e1rea financiera y Johana Young como jefa de piso, todo bajo la direcci\u00f3n y producci\u00f3n del due\u00f1o de la marca \u201cBroadway\u201d, Jos\u00e9 Luis Si\u00f1ani.<\/p>\n<p>Seg\u00fan Bravo, el objetivo es superar puestas esc\u00e9nicas anteriores, como Jesucristo Superstar, El Rey Le\u00f3n, Chicago, Grease, Moulin Rouge y la misma Rent 2022, en las que participaron talentos como Leonel Fransezze, Claudia Arce, Myriam Claros y Juan Carlos Arana, entre otros.<\/p>\n<p>Para saber m\u00e1s sobre esta compa\u00f1\u00eda puedes buscarlos como <em>broadwaybolivia<\/em>.<\/p>\n<p>&nbsp;<\/p>\n<div id='gallery-1' class='gallery galleryid-163412 gallery-columns-3 gallery-size-medium'><figure class='gallery-item'>\n\t\t\t<div class='gallery-icon landscape'>\n\t\t\t\t<a href='https:\/\/www.eldiario.net\/portal\/2023\/07\/03\/rent-en-la-paz-de-los-90-vuelve-con-dos-funciones\/rent-1\/'><img loading=\"lazy\" decoding=\"async\" width=\"300\" height=\"225\" src=\"https:\/\/www.eldiario.net\/portal\/wp-content\/uploads\/2023\/07\/rent-1-300x225.jpg\" class=\"attachment-medium size-medium\" alt=\"\" srcset=\"https:\/\/www.eldiario.net\/portal\/wp-content\/uploads\/2023\/07\/rent-1-300x225.jpg 300w, https:\/\/www.eldiario.net\/portal\/wp-content\/uploads\/2023\/07\/rent-1-1024x768.jpg 1024w, https:\/\/www.eldiario.net\/portal\/wp-content\/uploads\/2023\/07\/rent-1-768x576.jpg 768w, https:\/\/www.eldiario.net\/portal\/wp-content\/uploads\/2023\/07\/rent-1-1536x1152.jpg 1536w, https:\/\/www.eldiario.net\/portal\/wp-content\/uploads\/2023\/07\/rent-1-696x522.jpg 696w, https:\/\/www.eldiario.net\/portal\/wp-content\/uploads\/2023\/07\/rent-1-1068x801.jpg 1068w, https:\/\/www.eldiario.net\/portal\/wp-content\/uploads\/2023\/07\/rent-1.jpg 1600w\" sizes=\"auto, (max-width: 300px) 100vw, 300px\" \/><\/a>\n\t\t\t<\/div><\/figure><figure class='gallery-item'>\n\t\t\t<div class='gallery-icon landscape'>\n\t\t\t\t<a href='https:\/\/www.eldiario.net\/portal\/2023\/07\/03\/rent-en-la-paz-de-los-90-vuelve-con-dos-funciones\/rent-2\/'><img loading=\"lazy\" decoding=\"async\" width=\"300\" height=\"225\" src=\"https:\/\/www.eldiario.net\/portal\/wp-content\/uploads\/2023\/07\/rent-2-300x225.jpeg\" class=\"attachment-medium size-medium\" alt=\"\" srcset=\"https:\/\/www.eldiario.net\/portal\/wp-content\/uploads\/2023\/07\/rent-2-300x225.jpeg 300w, https:\/\/www.eldiario.net\/portal\/wp-content\/uploads\/2023\/07\/rent-2-1024x768.jpeg 1024w, https:\/\/www.eldiario.net\/portal\/wp-content\/uploads\/2023\/07\/rent-2-768x576.jpeg 768w, https:\/\/www.eldiario.net\/portal\/wp-content\/uploads\/2023\/07\/rent-2-1536x1152.jpeg 1536w, https:\/\/www.eldiario.net\/portal\/wp-content\/uploads\/2023\/07\/rent-2-696x522.jpeg 696w, https:\/\/www.eldiario.net\/portal\/wp-content\/uploads\/2023\/07\/rent-2-1068x801.jpeg 1068w, https:\/\/www.eldiario.net\/portal\/wp-content\/uploads\/2023\/07\/rent-2.jpeg 1600w\" sizes=\"auto, (max-width: 300px) 100vw, 300px\" \/><\/a>\n\t\t\t<\/div><\/figure>\n\t\t<\/div>\n\n","protected":false},"excerpt":{"rendered":"<p>En abril del 2022 Broadway present\u00f3 la obra de teatro musical \u201cRent\u201d de Jhonatan Larson (Broadway 1996), ambientada en la ciudad de La Paz en la d\u00e9cada de los 90. La idea naci\u00f3 gracias a la iniciativa de Jos\u00e9 Luis Si\u00f1ani, due\u00f1o de la marca Broadway, productor y director general y esc\u00e9nico de la compa\u00f1\u00eda. [&hellip;]<\/p>\n","protected":false},"author":1,"featured_media":163413,"comment_status":"closed","ping_status":"open","sticky":false,"template":"","format":"standard","meta":{"_acf_changed":false,"footnotes":""},"categories":[41],"tags":[],"class_list":["post-163412","post","type-post","status-publish","format-standard","has-post-thumbnail","category-la-guia"],"acf":{"antetitulo":""},"yoast_head":"<!-- This site is optimized with the Yoast SEO plugin v28.4 - https:\/\/yoast.com\/product\/yoast-seo-wordpress\/ -->\n<title>\u201cRent: en La Paz de los 90\u201d vuelve con dos funciones - El Diario - Bolivia<\/title>\n<meta name=\"robots\" content=\"index, follow, max-snippet:-1, max-image-preview:large, max-video-preview:-1\" \/>\n<link rel=\"canonical\" href=\"https:\/\/www.eldiario.net\/portal\/2023\/07\/03\/rent-en-la-paz-de-los-90-vuelve-con-dos-funciones\/\" \/>\n<meta property=\"og:locale\" content=\"es_ES\" \/>\n<meta property=\"og:type\" content=\"article\" \/>\n<meta property=\"og:title\" content=\"\u201cRent: en La Paz de los 90\u201d vuelve con dos funciones - El Diario - Bolivia\" \/>\n<meta property=\"og:description\" content=\"En abril del 2022 Broadway present\u00f3 la obra de teatro musical \u201cRent\u201d de Jhonatan Larson (Broadway 1996), ambientada en la ciudad de La Paz en la d\u00e9cada de los 90. La idea naci\u00f3 gracias a la iniciativa de Jos\u00e9 Luis Si\u00f1ani, due\u00f1o de la marca Broadway, productor y director general y esc\u00e9nico de la compa\u00f1\u00eda. [&hellip;]\" \/>\n<meta property=\"og:url\" content=\"https:\/\/www.eldiario.net\/portal\/2023\/07\/03\/rent-en-la-paz-de-los-90-vuelve-con-dos-funciones\/\" \/>\n<meta property=\"og:site_name\" content=\"El Diario - Bolivia\" \/>\n<meta property=\"article:publisher\" content=\"https:\/\/www.facebook.com\/eldiario.bolivia\/\" \/>\n<meta property=\"article:published_time\" content=\"2023-07-03T11:26:08+00:00\" \/>\n<meta property=\"og:image\" content=\"https:\/\/www.eldiario.net\/portal\/wp-content\/uploads\/2023\/07\/rent-1.jpg\" \/>\n\t<meta property=\"og:image:width\" content=\"1600\" \/>\n\t<meta property=\"og:image:height\" content=\"1200\" \/>\n\t<meta property=\"og:image:type\" content=\"image\/jpeg\" \/>\n<meta name=\"author\" content=\"Jeanette\" \/>\n<meta name=\"twitter:card\" content=\"summary_large_image\" \/>\n<meta name=\"twitter:creator\" content=\"@eldiario_net\" \/>\n<meta name=\"twitter:site\" content=\"@eldiario_net\" \/>\n<meta name=\"twitter:label1\" content=\"Escrito por\" \/>\n\t<meta name=\"twitter:data1\" content=\"Jeanette\" \/>\n\t<meta name=\"twitter:label2\" content=\"Tiempo de lectura\" \/>\n\t<meta name=\"twitter:data2\" content=\"3 minutos\" \/>\n<script type=\"application\/ld+json\" class=\"yoast-schema-graph\">{\"@context\":\"https:\\\/\\\/schema.org\",\"@graph\":[{\"@type\":\"Article\",\"@id\":\"https:\\\/\\\/www.eldiario.net\\\/portal\\\/2023\\\/07\\\/03\\\/rent-en-la-paz-de-los-90-vuelve-con-dos-funciones\\\/#article\",\"isPartOf\":{\"@id\":\"https:\\\/\\\/www.eldiario.net\\\/portal\\\/2023\\\/07\\\/03\\\/rent-en-la-paz-de-los-90-vuelve-con-dos-funciones\\\/\"},\"author\":{\"name\":\"Jeanette\",\"@id\":\"https:\\\/\\\/www.eldiario.net\\\/portal\\\/#\\\/schema\\\/person\\\/2c57cf2b7a7ae032e449e4c9b1019eac\"},\"headline\":\"\u201cRent: en La Paz de los 90\u201d vuelve con dos funciones\",\"datePublished\":\"2023-07-03T11:26:08+00:00\",\"mainEntityOfPage\":{\"@id\":\"https:\\\/\\\/www.eldiario.net\\\/portal\\\/2023\\\/07\\\/03\\\/rent-en-la-paz-de-los-90-vuelve-con-dos-funciones\\\/\"},\"wordCount\":507,\"publisher\":{\"@id\":\"https:\\\/\\\/www.eldiario.net\\\/portal\\\/#organization\"},\"image\":{\"@id\":\"https:\\\/\\\/www.eldiario.net\\\/portal\\\/2023\\\/07\\\/03\\\/rent-en-la-paz-de-los-90-vuelve-con-dos-funciones\\\/#primaryimage\"},\"thumbnailUrl\":\"https:\\\/\\\/www.eldiario.net\\\/portal\\\/wp-content\\\/uploads\\\/2023\\\/07\\\/rent-1.jpg\",\"articleSection\":[\"La Gu\u00eda\"],\"inLanguage\":\"es\"},{\"@type\":\"WebPage\",\"@id\":\"https:\\\/\\\/www.eldiario.net\\\/portal\\\/2023\\\/07\\\/03\\\/rent-en-la-paz-de-los-90-vuelve-con-dos-funciones\\\/\",\"url\":\"https:\\\/\\\/www.eldiario.net\\\/portal\\\/2023\\\/07\\\/03\\\/rent-en-la-paz-de-los-90-vuelve-con-dos-funciones\\\/\",\"name\":\"\u201cRent: en La Paz de los 90\u201d vuelve con dos funciones - El Diario - Bolivia\",\"isPartOf\":{\"@id\":\"https:\\\/\\\/www.eldiario.net\\\/portal\\\/#website\"},\"primaryImageOfPage\":{\"@id\":\"https:\\\/\\\/www.eldiario.net\\\/portal\\\/2023\\\/07\\\/03\\\/rent-en-la-paz-de-los-90-vuelve-con-dos-funciones\\\/#primaryimage\"},\"image\":{\"@id\":\"https:\\\/\\\/www.eldiario.net\\\/portal\\\/2023\\\/07\\\/03\\\/rent-en-la-paz-de-los-90-vuelve-con-dos-funciones\\\/#primaryimage\"},\"thumbnailUrl\":\"https:\\\/\\\/www.eldiario.net\\\/portal\\\/wp-content\\\/uploads\\\/2023\\\/07\\\/rent-1.jpg\",\"datePublished\":\"2023-07-03T11:26:08+00:00\",\"breadcrumb\":{\"@id\":\"https:\\\/\\\/www.eldiario.net\\\/portal\\\/2023\\\/07\\\/03\\\/rent-en-la-paz-de-los-90-vuelve-con-dos-funciones\\\/#breadcrumb\"},\"inLanguage\":\"es\",\"potentialAction\":[{\"@type\":\"ReadAction\",\"target\":[\"https:\\\/\\\/www.eldiario.net\\\/portal\\\/2023\\\/07\\\/03\\\/rent-en-la-paz-de-los-90-vuelve-con-dos-funciones\\\/\"]}]},{\"@type\":\"ImageObject\",\"inLanguage\":\"es\",\"@id\":\"https:\\\/\\\/www.eldiario.net\\\/portal\\\/2023\\\/07\\\/03\\\/rent-en-la-paz-de-los-90-vuelve-con-dos-funciones\\\/#primaryimage\",\"url\":\"https:\\\/\\\/www.eldiario.net\\\/portal\\\/wp-content\\\/uploads\\\/2023\\\/07\\\/rent-1.jpg\",\"contentUrl\":\"https:\\\/\\\/www.eldiario.net\\\/portal\\\/wp-content\\\/uploads\\\/2023\\\/07\\\/rent-1.jpg\",\"width\":1600,\"height\":1200},{\"@type\":\"BreadcrumbList\",\"@id\":\"https:\\\/\\\/www.eldiario.net\\\/portal\\\/2023\\\/07\\\/03\\\/rent-en-la-paz-de-los-90-vuelve-con-dos-funciones\\\/#breadcrumb\",\"itemListElement\":[{\"@type\":\"ListItem\",\"position\":1,\"name\":\"Portada\",\"item\":\"https:\\\/\\\/www.eldiario.net\\\/portal\\\/\"},{\"@type\":\"ListItem\",\"position\":2,\"name\":\"\u201cRent: en La Paz de los 90\u201d vuelve con dos funciones\"}]},{\"@type\":\"WebSite\",\"@id\":\"https:\\\/\\\/www.eldiario.net\\\/portal\\\/#website\",\"url\":\"https:\\\/\\\/www.eldiario.net\\\/portal\\\/\",\"name\":\"El Diario - Decano de la prensa nacional\",\"description\":\"El Diario - Decano de la prensa nacional\",\"publisher\":{\"@id\":\"https:\\\/\\\/www.eldiario.net\\\/portal\\\/#organization\"},\"potentialAction\":[{\"@type\":\"SearchAction\",\"target\":{\"@type\":\"EntryPoint\",\"urlTemplate\":\"https:\\\/\\\/www.eldiario.net\\\/portal\\\/?s={search_term_string}\"},\"query-input\":{\"@type\":\"PropertyValueSpecification\",\"valueRequired\":true,\"valueName\":\"search_term_string\"}}],\"inLanguage\":\"es\"},{\"@type\":\"Organization\",\"@id\":\"https:\\\/\\\/www.eldiario.net\\\/portal\\\/#organization\",\"name\":\"El Diario - Decano de la prensa nacional\",\"url\":\"https:\\\/\\\/www.eldiario.net\\\/portal\\\/\",\"logo\":{\"@type\":\"ImageObject\",\"inLanguage\":\"es\",\"@id\":\"https:\\\/\\\/www.eldiario.net\\\/portal\\\/#\\\/schema\\\/logo\\\/image\\\/\",\"url\":\"https:\\\/\\\/www.eldiario.net\\\/portal\\\/wp-content\\\/uploads\\\/2023\\\/07\\\/logo_ED.jpg\",\"contentUrl\":\"https:\\\/\\\/www.eldiario.net\\\/portal\\\/wp-content\\\/uploads\\\/2023\\\/07\\\/logo_ED.jpg\",\"width\":272,\"height\":52,\"caption\":\"El Diario - Decano de la prensa nacional\"},\"image\":{\"@id\":\"https:\\\/\\\/www.eldiario.net\\\/portal\\\/#\\\/schema\\\/logo\\\/image\\\/\"},\"sameAs\":[\"https:\\\/\\\/www.facebook.com\\\/eldiario.bolivia\\\/\",\"https:\\\/\\\/x.com\\\/eldiario_net\"]},{\"@type\":\"Person\",\"@id\":\"https:\\\/\\\/www.eldiario.net\\\/portal\\\/#\\\/schema\\\/person\\\/2c57cf2b7a7ae032e449e4c9b1019eac\",\"name\":\"Jeanette\",\"image\":{\"@type\":\"ImageObject\",\"inLanguage\":\"es\",\"@id\":\"https:\\\/\\\/secure.gravatar.com\\\/avatar\\\/3ea2118a5f7dad2b7138b1187a6b7ee55f160b9968b66013c3a3ef39dd7e5798?s=96&d=mm&r=g\",\"url\":\"https:\\\/\\\/secure.gravatar.com\\\/avatar\\\/3ea2118a5f7dad2b7138b1187a6b7ee55f160b9968b66013c3a3ef39dd7e5798?s=96&d=mm&r=g\",\"contentUrl\":\"https:\\\/\\\/secure.gravatar.com\\\/avatar\\\/3ea2118a5f7dad2b7138b1187a6b7ee55f160b9968b66013c3a3ef39dd7e5798?s=96&d=mm&r=g\",\"caption\":\"Jeanette\"},\"sameAs\":[\"https:\\\/\\\/www.eldiario.net\\\/portal\"],\"url\":\"https:\\\/\\\/www.eldiario.net\\\/portal\\\/author\\\/jeanette\\\/\"}]}<\/script>\n<!-- \/ Yoast SEO plugin. -->","yoast_head_json":{"title":"\u201cRent: en La Paz de los 90\u201d vuelve con dos funciones - El Diario - Bolivia","robots":{"index":"index","follow":"follow","max-snippet":"max-snippet:-1","max-image-preview":"max-image-preview:large","max-video-preview":"max-video-preview:-1"},"canonical":"https:\/\/www.eldiario.net\/portal\/2023\/07\/03\/rent-en-la-paz-de-los-90-vuelve-con-dos-funciones\/","og_locale":"es_ES","og_type":"article","og_title":"\u201cRent: en La Paz de los 90\u201d vuelve con dos funciones - El Diario - Bolivia","og_description":"En abril del 2022 Broadway present\u00f3 la obra de teatro musical \u201cRent\u201d de Jhonatan Larson (Broadway 1996), ambientada en la ciudad de La Paz en la d\u00e9cada de los 90. La idea naci\u00f3 gracias a la iniciativa de Jos\u00e9 Luis Si\u00f1ani, due\u00f1o de la marca Broadway, productor y director general y esc\u00e9nico de la compa\u00f1\u00eda. [&hellip;]","og_url":"https:\/\/www.eldiario.net\/portal\/2023\/07\/03\/rent-en-la-paz-de-los-90-vuelve-con-dos-funciones\/","og_site_name":"El Diario - Bolivia","article_publisher":"https:\/\/www.facebook.com\/eldiario.bolivia\/","article_published_time":"2023-07-03T11:26:08+00:00","og_image":[{"width":1600,"height":1200,"url":"https:\/\/www.eldiario.net\/portal\/wp-content\/uploads\/2023\/07\/rent-1.jpg","type":"image\/jpeg"}],"author":"Jeanette","twitter_card":"summary_large_image","twitter_creator":"@eldiario_net","twitter_site":"@eldiario_net","twitter_misc":{"Escrito por":"Jeanette","Tiempo de lectura":"3 minutos"},"schema":{"@context":"https:\/\/schema.org","@graph":[{"@type":"Article","@id":"https:\/\/www.eldiario.net\/portal\/2023\/07\/03\/rent-en-la-paz-de-los-90-vuelve-con-dos-funciones\/#article","isPartOf":{"@id":"https:\/\/www.eldiario.net\/portal\/2023\/07\/03\/rent-en-la-paz-de-los-90-vuelve-con-dos-funciones\/"},"author":{"name":"Jeanette","@id":"https:\/\/www.eldiario.net\/portal\/#\/schema\/person\/2c57cf2b7a7ae032e449e4c9b1019eac"},"headline":"\u201cRent: en La Paz de los 90\u201d vuelve con dos funciones","datePublished":"2023-07-03T11:26:08+00:00","mainEntityOfPage":{"@id":"https:\/\/www.eldiario.net\/portal\/2023\/07\/03\/rent-en-la-paz-de-los-90-vuelve-con-dos-funciones\/"},"wordCount":507,"publisher":{"@id":"https:\/\/www.eldiario.net\/portal\/#organization"},"image":{"@id":"https:\/\/www.eldiario.net\/portal\/2023\/07\/03\/rent-en-la-paz-de-los-90-vuelve-con-dos-funciones\/#primaryimage"},"thumbnailUrl":"https:\/\/www.eldiario.net\/portal\/wp-content\/uploads\/2023\/07\/rent-1.jpg","articleSection":["La Gu\u00eda"],"inLanguage":"es"},{"@type":"WebPage","@id":"https:\/\/www.eldiario.net\/portal\/2023\/07\/03\/rent-en-la-paz-de-los-90-vuelve-con-dos-funciones\/","url":"https:\/\/www.eldiario.net\/portal\/2023\/07\/03\/rent-en-la-paz-de-los-90-vuelve-con-dos-funciones\/","name":"\u201cRent: en La Paz de los 90\u201d vuelve con dos funciones - El Diario - Bolivia","isPartOf":{"@id":"https:\/\/www.eldiario.net\/portal\/#website"},"primaryImageOfPage":{"@id":"https:\/\/www.eldiario.net\/portal\/2023\/07\/03\/rent-en-la-paz-de-los-90-vuelve-con-dos-funciones\/#primaryimage"},"image":{"@id":"https:\/\/www.eldiario.net\/portal\/2023\/07\/03\/rent-en-la-paz-de-los-90-vuelve-con-dos-funciones\/#primaryimage"},"thumbnailUrl":"https:\/\/www.eldiario.net\/portal\/wp-content\/uploads\/2023\/07\/rent-1.jpg","datePublished":"2023-07-03T11:26:08+00:00","breadcrumb":{"@id":"https:\/\/www.eldiario.net\/portal\/2023\/07\/03\/rent-en-la-paz-de-los-90-vuelve-con-dos-funciones\/#breadcrumb"},"inLanguage":"es","potentialAction":[{"@type":"ReadAction","target":["https:\/\/www.eldiario.net\/portal\/2023\/07\/03\/rent-en-la-paz-de-los-90-vuelve-con-dos-funciones\/"]}]},{"@type":"ImageObject","inLanguage":"es","@id":"https:\/\/www.eldiario.net\/portal\/2023\/07\/03\/rent-en-la-paz-de-los-90-vuelve-con-dos-funciones\/#primaryimage","url":"https:\/\/www.eldiario.net\/portal\/wp-content\/uploads\/2023\/07\/rent-1.jpg","contentUrl":"https:\/\/www.eldiario.net\/portal\/wp-content\/uploads\/2023\/07\/rent-1.jpg","width":1600,"height":1200},{"@type":"BreadcrumbList","@id":"https:\/\/www.eldiario.net\/portal\/2023\/07\/03\/rent-en-la-paz-de-los-90-vuelve-con-dos-funciones\/#breadcrumb","itemListElement":[{"@type":"ListItem","position":1,"name":"Portada","item":"https:\/\/www.eldiario.net\/portal\/"},{"@type":"ListItem","position":2,"name":"\u201cRent: en La Paz de los 90\u201d vuelve con dos funciones"}]},{"@type":"WebSite","@id":"https:\/\/www.eldiario.net\/portal\/#website","url":"https:\/\/www.eldiario.net\/portal\/","name":"El Diario - Decano de la prensa nacional","description":"El Diario - Decano de la prensa nacional","publisher":{"@id":"https:\/\/www.eldiario.net\/portal\/#organization"},"potentialAction":[{"@type":"SearchAction","target":{"@type":"EntryPoint","urlTemplate":"https:\/\/www.eldiario.net\/portal\/?s={search_term_string}"},"query-input":{"@type":"PropertyValueSpecification","valueRequired":true,"valueName":"search_term_string"}}],"inLanguage":"es"},{"@type":"Organization","@id":"https:\/\/www.eldiario.net\/portal\/#organization","name":"El Diario - Decano de la prensa nacional","url":"https:\/\/www.eldiario.net\/portal\/","logo":{"@type":"ImageObject","inLanguage":"es","@id":"https:\/\/www.eldiario.net\/portal\/#\/schema\/logo\/image\/","url":"https:\/\/www.eldiario.net\/portal\/wp-content\/uploads\/2023\/07\/logo_ED.jpg","contentUrl":"https:\/\/www.eldiario.net\/portal\/wp-content\/uploads\/2023\/07\/logo_ED.jpg","width":272,"height":52,"caption":"El Diario - Decano de la prensa nacional"},"image":{"@id":"https:\/\/www.eldiario.net\/portal\/#\/schema\/logo\/image\/"},"sameAs":["https:\/\/www.facebook.com\/eldiario.bolivia\/","https:\/\/x.com\/eldiario_net"]},{"@type":"Person","@id":"https:\/\/www.eldiario.net\/portal\/#\/schema\/person\/2c57cf2b7a7ae032e449e4c9b1019eac","name":"Jeanette","image":{"@type":"ImageObject","inLanguage":"es","@id":"https:\/\/secure.gravatar.com\/avatar\/3ea2118a5f7dad2b7138b1187a6b7ee55f160b9968b66013c3a3ef39dd7e5798?s=96&d=mm&r=g","url":"https:\/\/secure.gravatar.com\/avatar\/3ea2118a5f7dad2b7138b1187a6b7ee55f160b9968b66013c3a3ef39dd7e5798?s=96&d=mm&r=g","contentUrl":"https:\/\/secure.gravatar.com\/avatar\/3ea2118a5f7dad2b7138b1187a6b7ee55f160b9968b66013c3a3ef39dd7e5798?s=96&d=mm&r=g","caption":"Jeanette"},"sameAs":["https:\/\/www.eldiario.net\/portal"],"url":"https:\/\/www.eldiario.net\/portal\/author\/jeanette\/"}]}},"_links":{"self":[{"href":"https:\/\/www.eldiario.net\/portal\/wp-json\/wp\/v2\/posts\/163412","targetHints":{"allow":["GET"]}}],"collection":[{"href":"https:\/\/www.eldiario.net\/portal\/wp-json\/wp\/v2\/posts"}],"about":[{"href":"https:\/\/www.eldiario.net\/portal\/wp-json\/wp\/v2\/types\/post"}],"author":[{"embeddable":true,"href":"https:\/\/www.eldiario.net\/portal\/wp-json\/wp\/v2\/users\/1"}],"replies":[{"embeddable":true,"href":"https:\/\/www.eldiario.net\/portal\/wp-json\/wp\/v2\/comments?post=163412"}],"version-history":[{"count":0,"href":"https:\/\/www.eldiario.net\/portal\/wp-json\/wp\/v2\/posts\/163412\/revisions"}],"wp:featuredmedia":[{"embeddable":true,"href":"https:\/\/www.eldiario.net\/portal\/wp-json\/wp\/v2\/media\/163413"}],"wp:attachment":[{"href":"https:\/\/www.eldiario.net\/portal\/wp-json\/wp\/v2\/media?parent=163412"}],"wp:term":[{"taxonomy":"category","embeddable":true,"href":"https:\/\/www.eldiario.net\/portal\/wp-json\/wp\/v2\/categories?post=163412"},{"taxonomy":"post_tag","embeddable":true,"href":"https:\/\/www.eldiario.net\/portal\/wp-json\/wp\/v2\/tags?post=163412"}],"curies":[{"name":"wp","href":"https:\/\/api.w.org\/{rel}","templated":true}]}}