{"id":163400,"date":"2023-07-03T07:24:16","date_gmt":"2023-07-03T11:24:16","guid":{"rendered":"https:\/\/www.eldiario.net\/portal\/?p=163400"},"modified":"2023-07-03T07:24:16","modified_gmt":"2023-07-03T11:24:16","slug":"coctel-en-honor-de-isabel-albornoz-subsecretaria-de-asuntos-economicos-y-coop-int-del-ecuador","status":"publish","type":"post","link":"https:\/\/www.eldiario.net\/portal\/2023\/07\/03\/coctel-en-honor-de-isabel-albornoz-subsecretaria-de-asuntos-economicos-y-coop-int-del-ecuador\/","title":{"rendered":"C\u00f3ctel en honor de Isabel Albornoz, Subsecretaria de Asuntos Econ\u00f3micos y Coop. Int. del Ecuador"},"content":{"rendered":"<p>La embajadora de la Rep\u00fablica del Ecuador, Miriam Esparza J\u00e1come, ofreci\u00f3 un c\u00f3ctel en honor de la embajadora Isabel Albornoz Garz\u00f3n, subsecretaria de Asuntos Econ\u00f3micos y Cooperaci\u00f3n Internacional, quien arrib\u00f3 a Bolivia, con motivo de la I Comisi\u00f3n Mixta Sur-Sur Ecuador- Bolivia.<br \/>\nA tiempo de dar la bienvenida a la distinguida visitante, la anfitriona manifest\u00f3 la importancia de su llegada al pa\u00eds, para continuar fortaleciendo los lazos de amistad entre Ecuador y Bolivia. \u00abPara Ecuador es muy significativo reactivar la relaci\u00f3n bilateral, y qu\u00e9 mejor que sea a trav\u00e9s de la cooperaci\u00f3n internacional\u00bb.<br \/>\nPor su parte, la embajadora Albornoz destac\u00f3 que para el Ecuador, la cooperaci\u00f3n Sur-Sur es un tema esencial en su agenda de cooperaci\u00f3n internacional por las caracter\u00edsticas que \u00e9sta tiene, que se basan en aspectos fundamentales como son la horizontalidad, el partenariado y, sobre todo, la complementariedad, dijo la diplom\u00e1tica. \u00abCuando plan-teamos hacer la agenda, identificamos cu\u00e1ntas cosas te-nemos en com\u00fan, y fue sorprendente que hubieron temas de inter\u00e9s de doble v\u00eda, que es lo que vamos a desarrollar\u00bb, a\u00f1adi\u00f3 la Subsecretaria.<br \/>\nAdem\u00e1s resalt\u00f3 que con Bolivia hay mucho que hacer en proyectos del \u00e1rea de agricultura, salud, transporte como el telef\u00e9rico, energ\u00eda nuclear. \u00abHay una potencialidad enorme\u00bb, resalt\u00f3.<\/p>\n<div id='gallery-1' class='gallery galleryid-163400 gallery-columns-3 gallery-size-medium'><figure class='gallery-item'>\n\t\t\t<div class='gallery-icon landscape'>\n\t\t\t\t<a href='https:\/\/www.eldiario.net\/portal\/2023\/07\/03\/coctel-en-honor-de-isabel-albornoz-subsecretaria-de-asuntos-economicos-y-coop-int-del-ecuador\/dsc_8865-3\/'><img loading=\"lazy\" decoding=\"async\" width=\"300\" height=\"200\" src=\"https:\/\/www.eldiario.net\/portal\/wp-content\/uploads\/2023\/07\/DSC_8865-300x200.jpg\" class=\"attachment-medium size-medium\" alt=\"\" aria-describedby=\"gallery-1-163401\" srcset=\"https:\/\/www.eldiario.net\/portal\/wp-content\/uploads\/2023\/07\/DSC_8865-300x200.jpg 300w, https:\/\/www.eldiario.net\/portal\/wp-content\/uploads\/2023\/07\/DSC_8865-768x512.jpg 768w, https:\/\/www.eldiario.net\/portal\/wp-content\/uploads\/2023\/07\/DSC_8865-696x464.jpg 696w, https:\/\/www.eldiario.net\/portal\/wp-content\/uploads\/2023\/07\/DSC_8865.jpg 1000w\" sizes=\"auto, (max-width: 300px) 100vw, 300px\" \/><\/a>\n\t\t\t<\/div>\n\t\t\t\t<figcaption class='wp-caption-text gallery-caption' id='gallery-1-163401'>\n\t\t\t\tISABEL ALBORNOZ SE DIRIGE A LA CONCURRENCIA EN PRESENCIA DE LA ANFITRIONA, Y SU COLEGA TERESITA, DE QUIEN DIJO FUE LA ART\u00cdFICE EN ORGANIZAR LA VISITA.\n\t\t\t\t<\/figcaption><\/figure><figure class='gallery-item'>\n\t\t\t<div class='gallery-icon landscape'>\n\t\t\t\t<a href='https:\/\/www.eldiario.net\/portal\/2023\/07\/03\/coctel-en-honor-de-isabel-albornoz-subsecretaria-de-asuntos-economicos-y-coop-int-del-ecuador\/dsc_8868\/'><img loading=\"lazy\" decoding=\"async\" width=\"300\" height=\"200\" src=\"https:\/\/www.eldiario.net\/portal\/wp-content\/uploads\/2023\/07\/DSC_8868-300x200.jpg\" class=\"attachment-medium size-medium\" alt=\"\" aria-describedby=\"gallery-1-163402\" srcset=\"https:\/\/www.eldiario.net\/portal\/wp-content\/uploads\/2023\/07\/DSC_8868-300x200.jpg 300w, https:\/\/www.eldiario.net\/portal\/wp-content\/uploads\/2023\/07\/DSC_8868-768x512.jpg 768w, https:\/\/www.eldiario.net\/portal\/wp-content\/uploads\/2023\/07\/DSC_8868-696x464.jpg 696w, https:\/\/www.eldiario.net\/portal\/wp-content\/uploads\/2023\/07\/DSC_8868.jpg 1000w\" sizes=\"auto, (max-width: 300px) 100vw, 300px\" \/><\/a>\n\t\t\t<\/div>\n\t\t\t\t<figcaption class='wp-caption-text gallery-caption' id='gallery-1-163402'>\n\t\t\t\tGIOVANNI SALGUERO Y LOS EMBAJADORES MIRIAM ESPARZA Y FRANCESCO TAFURI.\n\t\t\t\t<\/figcaption><\/figure><figure class='gallery-item'>\n\t\t\t<div class='gallery-icon portrait'>\n\t\t\t\t<a href='https:\/\/www.eldiario.net\/portal\/2023\/07\/03\/coctel-en-honor-de-isabel-albornoz-subsecretaria-de-asuntos-economicos-y-coop-int-del-ecuador\/dsc_8838\/'><img loading=\"lazy\" decoding=\"async\" width=\"200\" height=\"300\" src=\"https:\/\/www.eldiario.net\/portal\/wp-content\/uploads\/2023\/07\/DSC_8838-200x300.jpg\" class=\"attachment-medium size-medium\" alt=\"\" aria-describedby=\"gallery-1-163403\" srcset=\"https:\/\/www.eldiario.net\/portal\/wp-content\/uploads\/2023\/07\/DSC_8838-200x300.jpg 200w, https:\/\/www.eldiario.net\/portal\/wp-content\/uploads\/2023\/07\/DSC_8838-683x1024.jpg 683w, https:\/\/www.eldiario.net\/portal\/wp-content\/uploads\/2023\/07\/DSC_8838-768x1152.jpg 768w, https:\/\/www.eldiario.net\/portal\/wp-content\/uploads\/2023\/07\/DSC_8838-696x1044.jpg 696w, https:\/\/www.eldiario.net\/portal\/wp-content\/uploads\/2023\/07\/DSC_8838.jpg 1000w\" sizes=\"auto, (max-width: 200px) 100vw, 200px\" \/><\/a>\n\t\t\t<\/div>\n\t\t\t\t<figcaption class='wp-caption-text gallery-caption' id='gallery-1-163403'>\n\t\t\t\tISABEL ALBORNOZ, SUBSECRETARIA DE ASUNTOS ECON\u00d3MICOS Y COOP. INTERNACIONAL DEL MIN. DE RELACIONES EXTERIORES Y MOVILIDAD HUMANA DEL ECUADOR, Y LA EMBAJADORA DEL ECUADOR, MIRIAM ESPARZA.\n\t\t\t\t<\/figcaption><\/figure><figure class='gallery-item'>\n\t\t\t<div class='gallery-icon landscape'>\n\t\t\t\t<a href='https:\/\/www.eldiario.net\/portal\/2023\/07\/03\/coctel-en-honor-de-isabel-albornoz-subsecretaria-de-asuntos-economicos-y-coop-int-del-ecuador\/dsc_8843-2\/'><img loading=\"lazy\" decoding=\"async\" width=\"300\" height=\"200\" src=\"https:\/\/www.eldiario.net\/portal\/wp-content\/uploads\/2023\/07\/DSC_8843-300x200.jpg\" class=\"attachment-medium size-medium\" alt=\"\" aria-describedby=\"gallery-1-163404\" srcset=\"https:\/\/www.eldiario.net\/portal\/wp-content\/uploads\/2023\/07\/DSC_8843-300x200.jpg 300w, https:\/\/www.eldiario.net\/portal\/wp-content\/uploads\/2023\/07\/DSC_8843-768x512.jpg 768w, https:\/\/www.eldiario.net\/portal\/wp-content\/uploads\/2023\/07\/DSC_8843-696x464.jpg 696w, https:\/\/www.eldiario.net\/portal\/wp-content\/uploads\/2023\/07\/DSC_8843.jpg 1000w\" sizes=\"auto, (max-width: 300px) 100vw, 300px\" \/><\/a>\n\t\t\t<\/div>\n\t\t\t\t<figcaption class='wp-caption-text gallery-caption' id='gallery-1-163404'>\n\t\t\t\tLUIS ENRIQUE SOBREIRA, EMBAJADOR DEL BRASIL; GUADALUPE PALOMEQUE; EDUARDO ALVARADO Y CNL. CARLOS HEREDIA.\n\t\t\t\t<\/figcaption><\/figure><figure class='gallery-item'>\n\t\t\t<div class='gallery-icon landscape'>\n\t\t\t\t<a href='https:\/\/www.eldiario.net\/portal\/2023\/07\/03\/coctel-en-honor-de-isabel-albornoz-subsecretaria-de-asuntos-economicos-y-coop-int-del-ecuador\/dsc_8845-3\/'><img loading=\"lazy\" decoding=\"async\" width=\"300\" height=\"200\" src=\"https:\/\/www.eldiario.net\/portal\/wp-content\/uploads\/2023\/07\/DSC_8845-300x200.jpg\" class=\"attachment-medium size-medium\" alt=\"\" aria-describedby=\"gallery-1-163405\" srcset=\"https:\/\/www.eldiario.net\/portal\/wp-content\/uploads\/2023\/07\/DSC_8845-300x200.jpg 300w, https:\/\/www.eldiario.net\/portal\/wp-content\/uploads\/2023\/07\/DSC_8845-768x512.jpg 768w, https:\/\/www.eldiario.net\/portal\/wp-content\/uploads\/2023\/07\/DSC_8845-696x464.jpg 696w, https:\/\/www.eldiario.net\/portal\/wp-content\/uploads\/2023\/07\/DSC_8845.jpg 1000w\" sizes=\"auto, (max-width: 300px) 100vw, 300px\" \/><\/a>\n\t\t\t<\/div>\n\t\t\t\t<figcaption class='wp-caption-text gallery-caption' id='gallery-1-163405'>\n\t\t\t\tFREDDY AGUILAR, GLADYS SILVA Y HORTENSIA JIM\u00c9NEZ.\n\t\t\t\t<\/figcaption><\/figure><figure class='gallery-item'>\n\t\t\t<div class='gallery-icon landscape'>\n\t\t\t\t<a href='https:\/\/www.eldiario.net\/portal\/2023\/07\/03\/coctel-en-honor-de-isabel-albornoz-subsecretaria-de-asuntos-economicos-y-coop-int-del-ecuador\/dsc_8846-3\/'><img loading=\"lazy\" decoding=\"async\" width=\"300\" height=\"200\" src=\"https:\/\/www.eldiario.net\/portal\/wp-content\/uploads\/2023\/07\/DSC_8846-300x200.jpg\" class=\"attachment-medium size-medium\" alt=\"\" aria-describedby=\"gallery-1-163406\" srcset=\"https:\/\/www.eldiario.net\/portal\/wp-content\/uploads\/2023\/07\/DSC_8846-300x200.jpg 300w, https:\/\/www.eldiario.net\/portal\/wp-content\/uploads\/2023\/07\/DSC_8846-768x512.jpg 768w, https:\/\/www.eldiario.net\/portal\/wp-content\/uploads\/2023\/07\/DSC_8846-696x464.jpg 696w, https:\/\/www.eldiario.net\/portal\/wp-content\/uploads\/2023\/07\/DSC_8846.jpg 1000w\" sizes=\"auto, (max-width: 300px) 100vw, 300px\" \/><\/a>\n\t\t\t<\/div>\n\t\t\t\t<figcaption class='wp-caption-text gallery-caption' id='gallery-1-163406'>\n\t\t\t\tJAVIER GASS\u00d3, EMBAJADOR DE ESPA\u00d1A; ANA MA.  SU\u00c1REZ, Y DANILO S\u00c1NCHEZ, EMBAJADOR DE CUBA.\n\t\t\t\t<\/figcaption><\/figure><figure class='gallery-item'>\n\t\t\t<div class='gallery-icon landscape'>\n\t\t\t\t<a href='https:\/\/www.eldiario.net\/portal\/2023\/07\/03\/coctel-en-honor-de-isabel-albornoz-subsecretaria-de-asuntos-economicos-y-coop-int-del-ecuador\/dsc_8847\/'><img loading=\"lazy\" decoding=\"async\" width=\"300\" height=\"200\" src=\"https:\/\/www.eldiario.net\/portal\/wp-content\/uploads\/2023\/07\/DSC_8847-300x200.jpg\" class=\"attachment-medium size-medium\" alt=\"\" aria-describedby=\"gallery-1-163407\" srcset=\"https:\/\/www.eldiario.net\/portal\/wp-content\/uploads\/2023\/07\/DSC_8847-300x200.jpg 300w, https:\/\/www.eldiario.net\/portal\/wp-content\/uploads\/2023\/07\/DSC_8847-768x512.jpg 768w, https:\/\/www.eldiario.net\/portal\/wp-content\/uploads\/2023\/07\/DSC_8847-696x464.jpg 696w, https:\/\/www.eldiario.net\/portal\/wp-content\/uploads\/2023\/07\/DSC_8847.jpg 1000w\" sizes=\"auto, (max-width: 300px) 100vw, 300px\" \/><\/a>\n\t\t\t<\/div>\n\t\t\t\t<figcaption class='wp-caption-text gallery-caption' id='gallery-1-163407'>\n\t\t\t\tEL EMBAJADOR DE ITALIA, FRANCESCO TAFURI; ALBERTO PIZARRO (FILAC); LA EMBAJADORA DEL PARAGUAY, TERUMI MATSUO, Y CARMEN ALMENDRAS.\n\t\t\t\t<\/figcaption><\/figure><figure class='gallery-item'>\n\t\t\t<div class='gallery-icon landscape'>\n\t\t\t\t<a href='https:\/\/www.eldiario.net\/portal\/2023\/07\/03\/coctel-en-honor-de-isabel-albornoz-subsecretaria-de-asuntos-economicos-y-coop-int-del-ecuador\/dsc_8848-2\/'><img loading=\"lazy\" decoding=\"async\" width=\"300\" height=\"200\" src=\"https:\/\/www.eldiario.net\/portal\/wp-content\/uploads\/2023\/07\/DSC_8848-300x200.jpg\" class=\"attachment-medium size-medium\" alt=\"\" aria-describedby=\"gallery-1-163408\" srcset=\"https:\/\/www.eldiario.net\/portal\/wp-content\/uploads\/2023\/07\/DSC_8848-300x200.jpg 300w, https:\/\/www.eldiario.net\/portal\/wp-content\/uploads\/2023\/07\/DSC_8848-768x512.jpg 768w, https:\/\/www.eldiario.net\/portal\/wp-content\/uploads\/2023\/07\/DSC_8848-696x464.jpg 696w, https:\/\/www.eldiario.net\/portal\/wp-content\/uploads\/2023\/07\/DSC_8848.jpg 1000w\" sizes=\"auto, (max-width: 300px) 100vw, 300px\" \/><\/a>\n\t\t\t<\/div>\n\t\t\t\t<figcaption class='wp-caption-text gallery-caption' id='gallery-1-163408'>\n\t\t\t\tDEANNA CANEDO, OLGA CHIMBA Y ALISON LIGHT.\n\t\t\t\t<\/figcaption><\/figure><figure class='gallery-item'>\n\t\t\t<div class='gallery-icon landscape'>\n\t\t\t\t<a href='https:\/\/www.eldiario.net\/portal\/2023\/07\/03\/coctel-en-honor-de-isabel-albornoz-subsecretaria-de-asuntos-economicos-y-coop-int-del-ecuador\/dsc_8850\/'><img loading=\"lazy\" decoding=\"async\" width=\"300\" height=\"200\" src=\"https:\/\/www.eldiario.net\/portal\/wp-content\/uploads\/2023\/07\/DSC_8850-300x200.jpg\" class=\"attachment-medium size-medium\" alt=\"\" aria-describedby=\"gallery-1-163409\" srcset=\"https:\/\/www.eldiario.net\/portal\/wp-content\/uploads\/2023\/07\/DSC_8850-300x200.jpg 300w, https:\/\/www.eldiario.net\/portal\/wp-content\/uploads\/2023\/07\/DSC_8850-768x512.jpg 768w, https:\/\/www.eldiario.net\/portal\/wp-content\/uploads\/2023\/07\/DSC_8850-696x464.jpg 696w, https:\/\/www.eldiario.net\/portal\/wp-content\/uploads\/2023\/07\/DSC_8850.jpg 1000w\" sizes=\"auto, (max-width: 300px) 100vw, 300px\" \/><\/a>\n\t\t\t<\/div>\n\t\t\t\t<figcaption class='wp-caption-text gallery-caption' id='gallery-1-163409'>\n\t\t\t\tRONALD L\u00d3PEZ, ISABEL ALBORNOZ, EVELIN FORT\u00daN Y VIVIAN CAMACHO.\n\t\t\t\t<\/figcaption><\/figure><figure class='gallery-item'>\n\t\t\t<div class='gallery-icon landscape'>\n\t\t\t\t<a href='https:\/\/www.eldiario.net\/portal\/2023\/07\/03\/coctel-en-honor-de-isabel-albornoz-subsecretaria-de-asuntos-economicos-y-coop-int-del-ecuador\/dsc_8858-2\/'><img loading=\"lazy\" decoding=\"async\" width=\"300\" height=\"237\" src=\"https:\/\/www.eldiario.net\/portal\/wp-content\/uploads\/2023\/07\/DSC_8858-300x237.jpg\" class=\"attachment-medium size-medium\" alt=\"\" aria-describedby=\"gallery-1-163410\" srcset=\"https:\/\/www.eldiario.net\/portal\/wp-content\/uploads\/2023\/07\/DSC_8858-300x237.jpg 300w, https:\/\/www.eldiario.net\/portal\/wp-content\/uploads\/2023\/07\/DSC_8858-768x606.jpg 768w, https:\/\/www.eldiario.net\/portal\/wp-content\/uploads\/2023\/07\/DSC_8858-696x549.jpg 696w, https:\/\/www.eldiario.net\/portal\/wp-content\/uploads\/2023\/07\/DSC_8858.jpg 1000w\" sizes=\"auto, (max-width: 300px) 100vw, 300px\" \/><\/a>\n\t\t\t<\/div>\n\t\t\t\t<figcaption class='wp-caption-text gallery-caption' id='gallery-1-163410'>\n\t\t\t\tLUIS FERNANDO C\u00c1CERES, SUSANA GUTI\u00c9RREZ, JES\u00daS PONCE, ENC. DE NEG. DEL PER\u00da, FRANCESCO TAFURI, ALISON LIGHT Y ALBERTO PIZARRO.\n\t\t\t\t<\/figcaption><\/figure>\n\t\t<\/div>\n\n","protected":false},"excerpt":{"rendered":"<p>La embajadora de la Rep\u00fablica del Ecuador, Miriam Esparza J\u00e1come, ofreci\u00f3 un c\u00f3ctel en honor de la embajadora Isabel Albornoz Garz\u00f3n, subsecretaria de Asuntos Econ\u00f3micos y Cooperaci\u00f3n Internacional, quien arrib\u00f3 a Bolivia, con motivo de la I Comisi\u00f3n Mixta Sur-Sur Ecuador- Bolivia. A tiempo de dar la bienvenida a la distinguida visitante, la anfitriona manifest\u00f3 [&hellip;]<\/p>\n","protected":false},"author":1,"featured_media":163403,"comment_status":"closed","ping_status":"open","sticky":false,"template":"","format":"standard","meta":{"_acf_changed":false,"footnotes":""},"categories":[40],"tags":[],"class_list":["post-163400","post","type-post","status-publish","format-standard","has-post-thumbnail","category-sociales"],"acf":{"antetitulo":""},"yoast_head":"<!-- This site is optimized with the Yoast SEO plugin v28.4 - https:\/\/yoast.com\/product\/yoast-seo-wordpress\/ -->\n<title>C\u00f3ctel en honor de Isabel Albornoz, Subsecretaria de Asuntos Econ\u00f3micos y Coop. Int. del Ecuador - El Diario - Bolivia<\/title>\n<meta name=\"robots\" content=\"index, follow, max-snippet:-1, max-image-preview:large, max-video-preview:-1\" \/>\n<link rel=\"canonical\" href=\"https:\/\/www.eldiario.net\/portal\/2023\/07\/03\/coctel-en-honor-de-isabel-albornoz-subsecretaria-de-asuntos-economicos-y-coop-int-del-ecuador\/\" \/>\n<meta property=\"og:locale\" content=\"es_ES\" \/>\n<meta property=\"og:type\" content=\"article\" \/>\n<meta property=\"og:title\" content=\"C\u00f3ctel en honor de Isabel Albornoz, Subsecretaria de Asuntos Econ\u00f3micos y Coop. Int. del Ecuador - El Diario - Bolivia\" \/>\n<meta property=\"og:description\" content=\"La embajadora de la Rep\u00fablica del Ecuador, Miriam Esparza J\u00e1come, ofreci\u00f3 un c\u00f3ctel en honor de la embajadora Isabel Albornoz Garz\u00f3n, subsecretaria de Asuntos Econ\u00f3micos y Cooperaci\u00f3n Internacional, quien arrib\u00f3 a Bolivia, con motivo de la I Comisi\u00f3n Mixta Sur-Sur Ecuador- Bolivia. A tiempo de dar la bienvenida a la distinguida visitante, la anfitriona manifest\u00f3 [&hellip;]\" \/>\n<meta property=\"og:url\" content=\"https:\/\/www.eldiario.net\/portal\/2023\/07\/03\/coctel-en-honor-de-isabel-albornoz-subsecretaria-de-asuntos-economicos-y-coop-int-del-ecuador\/\" \/>\n<meta property=\"og:site_name\" content=\"El Diario - Bolivia\" \/>\n<meta property=\"article:publisher\" content=\"https:\/\/www.facebook.com\/eldiario.bolivia\/\" \/>\n<meta property=\"article:published_time\" content=\"2023-07-03T11:24:16+00:00\" \/>\n<meta property=\"og:image\" content=\"https:\/\/www.eldiario.net\/portal\/wp-content\/uploads\/2023\/07\/DSC_8838.jpg\" \/>\n\t<meta property=\"og:image:width\" content=\"1000\" \/>\n\t<meta property=\"og:image:height\" content=\"1500\" \/>\n\t<meta property=\"og:image:type\" content=\"image\/jpeg\" \/>\n<meta name=\"author\" content=\"Jeanette\" \/>\n<meta name=\"twitter:card\" content=\"summary_large_image\" \/>\n<meta name=\"twitter:creator\" content=\"@eldiario_net\" \/>\n<meta name=\"twitter:site\" content=\"@eldiario_net\" \/>\n<meta name=\"twitter:label1\" content=\"Escrito por\" \/>\n\t<meta name=\"twitter:data1\" content=\"Jeanette\" \/>\n\t<meta name=\"twitter:label2\" content=\"Tiempo de lectura\" \/>\n\t<meta name=\"twitter:data2\" content=\"1 minuto\" \/>\n<script type=\"application\/ld+json\" class=\"yoast-schema-graph\">{\"@context\":\"https:\\\/\\\/schema.org\",\"@graph\":[{\"@type\":\"Article\",\"@id\":\"https:\\\/\\\/www.eldiario.net\\\/portal\\\/2023\\\/07\\\/03\\\/coctel-en-honor-de-isabel-albornoz-subsecretaria-de-asuntos-economicos-y-coop-int-del-ecuador\\\/#article\",\"isPartOf\":{\"@id\":\"https:\\\/\\\/www.eldiario.net\\\/portal\\\/2023\\\/07\\\/03\\\/coctel-en-honor-de-isabel-albornoz-subsecretaria-de-asuntos-economicos-y-coop-int-del-ecuador\\\/\"},\"author\":{\"name\":\"Jeanette\",\"@id\":\"https:\\\/\\\/www.eldiario.net\\\/portal\\\/#\\\/schema\\\/person\\\/2c57cf2b7a7ae032e449e4c9b1019eac\"},\"headline\":\"C\u00f3ctel en honor de Isabel Albornoz, Subsecretaria de Asuntos Econ\u00f3micos y Coop. Int. del Ecuador\",\"datePublished\":\"2023-07-03T11:24:16+00:00\",\"mainEntityOfPage\":{\"@id\":\"https:\\\/\\\/www.eldiario.net\\\/portal\\\/2023\\\/07\\\/03\\\/coctel-en-honor-de-isabel-albornoz-subsecretaria-de-asuntos-economicos-y-coop-int-del-ecuador\\\/\"},\"wordCount\":246,\"publisher\":{\"@id\":\"https:\\\/\\\/www.eldiario.net\\\/portal\\\/#organization\"},\"image\":{\"@id\":\"https:\\\/\\\/www.eldiario.net\\\/portal\\\/2023\\\/07\\\/03\\\/coctel-en-honor-de-isabel-albornoz-subsecretaria-de-asuntos-economicos-y-coop-int-del-ecuador\\\/#primaryimage\"},\"thumbnailUrl\":\"https:\\\/\\\/www.eldiario.net\\\/portal\\\/wp-content\\\/uploads\\\/2023\\\/07\\\/DSC_8838.jpg\",\"articleSection\":[\"Sociales\"],\"inLanguage\":\"es\"},{\"@type\":\"WebPage\",\"@id\":\"https:\\\/\\\/www.eldiario.net\\\/portal\\\/2023\\\/07\\\/03\\\/coctel-en-honor-de-isabel-albornoz-subsecretaria-de-asuntos-economicos-y-coop-int-del-ecuador\\\/\",\"url\":\"https:\\\/\\\/www.eldiario.net\\\/portal\\\/2023\\\/07\\\/03\\\/coctel-en-honor-de-isabel-albornoz-subsecretaria-de-asuntos-economicos-y-coop-int-del-ecuador\\\/\",\"name\":\"C\u00f3ctel en honor de Isabel Albornoz, Subsecretaria de Asuntos Econ\u00f3micos y Coop. Int. del Ecuador - El Diario - Bolivia\",\"isPartOf\":{\"@id\":\"https:\\\/\\\/www.eldiario.net\\\/portal\\\/#website\"},\"primaryImageOfPage\":{\"@id\":\"https:\\\/\\\/www.eldiario.net\\\/portal\\\/2023\\\/07\\\/03\\\/coctel-en-honor-de-isabel-albornoz-subsecretaria-de-asuntos-economicos-y-coop-int-del-ecuador\\\/#primaryimage\"},\"image\":{\"@id\":\"https:\\\/\\\/www.eldiario.net\\\/portal\\\/2023\\\/07\\\/03\\\/coctel-en-honor-de-isabel-albornoz-subsecretaria-de-asuntos-economicos-y-coop-int-del-ecuador\\\/#primaryimage\"},\"thumbnailUrl\":\"https:\\\/\\\/www.eldiario.net\\\/portal\\\/wp-content\\\/uploads\\\/2023\\\/07\\\/DSC_8838.jpg\",\"datePublished\":\"2023-07-03T11:24:16+00:00\",\"breadcrumb\":{\"@id\":\"https:\\\/\\\/www.eldiario.net\\\/portal\\\/2023\\\/07\\\/03\\\/coctel-en-honor-de-isabel-albornoz-subsecretaria-de-asuntos-economicos-y-coop-int-del-ecuador\\\/#breadcrumb\"},\"inLanguage\":\"es\",\"potentialAction\":[{\"@type\":\"ReadAction\",\"target\":[\"https:\\\/\\\/www.eldiario.net\\\/portal\\\/2023\\\/07\\\/03\\\/coctel-en-honor-de-isabel-albornoz-subsecretaria-de-asuntos-economicos-y-coop-int-del-ecuador\\\/\"]}]},{\"@type\":\"ImageObject\",\"inLanguage\":\"es\",\"@id\":\"https:\\\/\\\/www.eldiario.net\\\/portal\\\/2023\\\/07\\\/03\\\/coctel-en-honor-de-isabel-albornoz-subsecretaria-de-asuntos-economicos-y-coop-int-del-ecuador\\\/#primaryimage\",\"url\":\"https:\\\/\\\/www.eldiario.net\\\/portal\\\/wp-content\\\/uploads\\\/2023\\\/07\\\/DSC_8838.jpg\",\"contentUrl\":\"https:\\\/\\\/www.eldiario.net\\\/portal\\\/wp-content\\\/uploads\\\/2023\\\/07\\\/DSC_8838.jpg\",\"width\":1000,\"height\":1500,\"caption\":\"ISABEL ALBORNOZ, SUBSECRETARIA DE ASUNTOS ECON\u00d3MICOS Y COOP. INTERNACIONAL DEL MIN. DE RELACIONES EXTERIORES Y MOVILIDAD HUMANA DEL ECUADOR, Y LA EMBAJADORA DEL ECUADOR, MIRIAM ESPARZA.\"},{\"@type\":\"BreadcrumbList\",\"@id\":\"https:\\\/\\\/www.eldiario.net\\\/portal\\\/2023\\\/07\\\/03\\\/coctel-en-honor-de-isabel-albornoz-subsecretaria-de-asuntos-economicos-y-coop-int-del-ecuador\\\/#breadcrumb\",\"itemListElement\":[{\"@type\":\"ListItem\",\"position\":1,\"name\":\"Portada\",\"item\":\"https:\\\/\\\/www.eldiario.net\\\/portal\\\/\"},{\"@type\":\"ListItem\",\"position\":2,\"name\":\"C\u00f3ctel en honor de Isabel Albornoz, Subsecretaria de Asuntos Econ\u00f3micos y Coop. Int. del Ecuador\"}]},{\"@type\":\"WebSite\",\"@id\":\"https:\\\/\\\/www.eldiario.net\\\/portal\\\/#website\",\"url\":\"https:\\\/\\\/www.eldiario.net\\\/portal\\\/\",\"name\":\"El Diario - Decano de la prensa nacional\",\"description\":\"El Diario - Decano de la prensa nacional\",\"publisher\":{\"@id\":\"https:\\\/\\\/www.eldiario.net\\\/portal\\\/#organization\"},\"potentialAction\":[{\"@type\":\"SearchAction\",\"target\":{\"@type\":\"EntryPoint\",\"urlTemplate\":\"https:\\\/\\\/www.eldiario.net\\\/portal\\\/?s={search_term_string}\"},\"query-input\":{\"@type\":\"PropertyValueSpecification\",\"valueRequired\":true,\"valueName\":\"search_term_string\"}}],\"inLanguage\":\"es\"},{\"@type\":\"Organization\",\"@id\":\"https:\\\/\\\/www.eldiario.net\\\/portal\\\/#organization\",\"name\":\"El Diario - Decano de la prensa nacional\",\"url\":\"https:\\\/\\\/www.eldiario.net\\\/portal\\\/\",\"logo\":{\"@type\":\"ImageObject\",\"inLanguage\":\"es\",\"@id\":\"https:\\\/\\\/www.eldiario.net\\\/portal\\\/#\\\/schema\\\/logo\\\/image\\\/\",\"url\":\"https:\\\/\\\/www.eldiario.net\\\/portal\\\/wp-content\\\/uploads\\\/2023\\\/07\\\/logo_ED.jpg\",\"contentUrl\":\"https:\\\/\\\/www.eldiario.net\\\/portal\\\/wp-content\\\/uploads\\\/2023\\\/07\\\/logo_ED.jpg\",\"width\":272,\"height\":52,\"caption\":\"El Diario - Decano de la prensa nacional\"},\"image\":{\"@id\":\"https:\\\/\\\/www.eldiario.net\\\/portal\\\/#\\\/schema\\\/logo\\\/image\\\/\"},\"sameAs\":[\"https:\\\/\\\/www.facebook.com\\\/eldiario.bolivia\\\/\",\"https:\\\/\\\/x.com\\\/eldiario_net\"]},{\"@type\":\"Person\",\"@id\":\"https:\\\/\\\/www.eldiario.net\\\/portal\\\/#\\\/schema\\\/person\\\/2c57cf2b7a7ae032e449e4c9b1019eac\",\"name\":\"Jeanette\",\"image\":{\"@type\":\"ImageObject\",\"inLanguage\":\"es\",\"@id\":\"https:\\\/\\\/secure.gravatar.com\\\/avatar\\\/3ea2118a5f7dad2b7138b1187a6b7ee55f160b9968b66013c3a3ef39dd7e5798?s=96&d=mm&r=g\",\"url\":\"https:\\\/\\\/secure.gravatar.com\\\/avatar\\\/3ea2118a5f7dad2b7138b1187a6b7ee55f160b9968b66013c3a3ef39dd7e5798?s=96&d=mm&r=g\",\"contentUrl\":\"https:\\\/\\\/secure.gravatar.com\\\/avatar\\\/3ea2118a5f7dad2b7138b1187a6b7ee55f160b9968b66013c3a3ef39dd7e5798?s=96&d=mm&r=g\",\"caption\":\"Jeanette\"},\"sameAs\":[\"https:\\\/\\\/www.eldiario.net\\\/portal\"],\"url\":\"https:\\\/\\\/www.eldiario.net\\\/portal\\\/author\\\/jeanette\\\/\"}]}<\/script>\n<!-- \/ Yoast SEO plugin. -->","yoast_head_json":{"title":"C\u00f3ctel en honor de Isabel Albornoz, Subsecretaria de Asuntos Econ\u00f3micos y Coop. Int. del Ecuador - El Diario - Bolivia","robots":{"index":"index","follow":"follow","max-snippet":"max-snippet:-1","max-image-preview":"max-image-preview:large","max-video-preview":"max-video-preview:-1"},"canonical":"https:\/\/www.eldiario.net\/portal\/2023\/07\/03\/coctel-en-honor-de-isabel-albornoz-subsecretaria-de-asuntos-economicos-y-coop-int-del-ecuador\/","og_locale":"es_ES","og_type":"article","og_title":"C\u00f3ctel en honor de Isabel Albornoz, Subsecretaria de Asuntos Econ\u00f3micos y Coop. Int. del Ecuador - El Diario - Bolivia","og_description":"La embajadora de la Rep\u00fablica del Ecuador, Miriam Esparza J\u00e1come, ofreci\u00f3 un c\u00f3ctel en honor de la embajadora Isabel Albornoz Garz\u00f3n, subsecretaria de Asuntos Econ\u00f3micos y Cooperaci\u00f3n Internacional, quien arrib\u00f3 a Bolivia, con motivo de la I Comisi\u00f3n Mixta Sur-Sur Ecuador- Bolivia. A tiempo de dar la bienvenida a la distinguida visitante, la anfitriona manifest\u00f3 [&hellip;]","og_url":"https:\/\/www.eldiario.net\/portal\/2023\/07\/03\/coctel-en-honor-de-isabel-albornoz-subsecretaria-de-asuntos-economicos-y-coop-int-del-ecuador\/","og_site_name":"El Diario - Bolivia","article_publisher":"https:\/\/www.facebook.com\/eldiario.bolivia\/","article_published_time":"2023-07-03T11:24:16+00:00","og_image":[{"width":1000,"height":1500,"url":"https:\/\/www.eldiario.net\/portal\/wp-content\/uploads\/2023\/07\/DSC_8838.jpg","type":"image\/jpeg"}],"author":"Jeanette","twitter_card":"summary_large_image","twitter_creator":"@eldiario_net","twitter_site":"@eldiario_net","twitter_misc":{"Escrito por":"Jeanette","Tiempo de lectura":"1 minuto"},"schema":{"@context":"https:\/\/schema.org","@graph":[{"@type":"Article","@id":"https:\/\/www.eldiario.net\/portal\/2023\/07\/03\/coctel-en-honor-de-isabel-albornoz-subsecretaria-de-asuntos-economicos-y-coop-int-del-ecuador\/#article","isPartOf":{"@id":"https:\/\/www.eldiario.net\/portal\/2023\/07\/03\/coctel-en-honor-de-isabel-albornoz-subsecretaria-de-asuntos-economicos-y-coop-int-del-ecuador\/"},"author":{"name":"Jeanette","@id":"https:\/\/www.eldiario.net\/portal\/#\/schema\/person\/2c57cf2b7a7ae032e449e4c9b1019eac"},"headline":"C\u00f3ctel en honor de Isabel Albornoz, Subsecretaria de Asuntos Econ\u00f3micos y Coop. Int. del Ecuador","datePublished":"2023-07-03T11:24:16+00:00","mainEntityOfPage":{"@id":"https:\/\/www.eldiario.net\/portal\/2023\/07\/03\/coctel-en-honor-de-isabel-albornoz-subsecretaria-de-asuntos-economicos-y-coop-int-del-ecuador\/"},"wordCount":246,"publisher":{"@id":"https:\/\/www.eldiario.net\/portal\/#organization"},"image":{"@id":"https:\/\/www.eldiario.net\/portal\/2023\/07\/03\/coctel-en-honor-de-isabel-albornoz-subsecretaria-de-asuntos-economicos-y-coop-int-del-ecuador\/#primaryimage"},"thumbnailUrl":"https:\/\/www.eldiario.net\/portal\/wp-content\/uploads\/2023\/07\/DSC_8838.jpg","articleSection":["Sociales"],"inLanguage":"es"},{"@type":"WebPage","@id":"https:\/\/www.eldiario.net\/portal\/2023\/07\/03\/coctel-en-honor-de-isabel-albornoz-subsecretaria-de-asuntos-economicos-y-coop-int-del-ecuador\/","url":"https:\/\/www.eldiario.net\/portal\/2023\/07\/03\/coctel-en-honor-de-isabel-albornoz-subsecretaria-de-asuntos-economicos-y-coop-int-del-ecuador\/","name":"C\u00f3ctel en honor de Isabel Albornoz, Subsecretaria de Asuntos Econ\u00f3micos y Coop. Int. del Ecuador - El Diario - Bolivia","isPartOf":{"@id":"https:\/\/www.eldiario.net\/portal\/#website"},"primaryImageOfPage":{"@id":"https:\/\/www.eldiario.net\/portal\/2023\/07\/03\/coctel-en-honor-de-isabel-albornoz-subsecretaria-de-asuntos-economicos-y-coop-int-del-ecuador\/#primaryimage"},"image":{"@id":"https:\/\/www.eldiario.net\/portal\/2023\/07\/03\/coctel-en-honor-de-isabel-albornoz-subsecretaria-de-asuntos-economicos-y-coop-int-del-ecuador\/#primaryimage"},"thumbnailUrl":"https:\/\/www.eldiario.net\/portal\/wp-content\/uploads\/2023\/07\/DSC_8838.jpg","datePublished":"2023-07-03T11:24:16+00:00","breadcrumb":{"@id":"https:\/\/www.eldiario.net\/portal\/2023\/07\/03\/coctel-en-honor-de-isabel-albornoz-subsecretaria-de-asuntos-economicos-y-coop-int-del-ecuador\/#breadcrumb"},"inLanguage":"es","potentialAction":[{"@type":"ReadAction","target":["https:\/\/www.eldiario.net\/portal\/2023\/07\/03\/coctel-en-honor-de-isabel-albornoz-subsecretaria-de-asuntos-economicos-y-coop-int-del-ecuador\/"]}]},{"@type":"ImageObject","inLanguage":"es","@id":"https:\/\/www.eldiario.net\/portal\/2023\/07\/03\/coctel-en-honor-de-isabel-albornoz-subsecretaria-de-asuntos-economicos-y-coop-int-del-ecuador\/#primaryimage","url":"https:\/\/www.eldiario.net\/portal\/wp-content\/uploads\/2023\/07\/DSC_8838.jpg","contentUrl":"https:\/\/www.eldiario.net\/portal\/wp-content\/uploads\/2023\/07\/DSC_8838.jpg","width":1000,"height":1500,"caption":"ISABEL ALBORNOZ, SUBSECRETARIA DE ASUNTOS ECON\u00d3MICOS Y COOP. INTERNACIONAL DEL MIN. DE RELACIONES EXTERIORES Y MOVILIDAD HUMANA DEL ECUADOR, Y LA EMBAJADORA DEL ECUADOR, MIRIAM ESPARZA."},{"@type":"BreadcrumbList","@id":"https:\/\/www.eldiario.net\/portal\/2023\/07\/03\/coctel-en-honor-de-isabel-albornoz-subsecretaria-de-asuntos-economicos-y-coop-int-del-ecuador\/#breadcrumb","itemListElement":[{"@type":"ListItem","position":1,"name":"Portada","item":"https:\/\/www.eldiario.net\/portal\/"},{"@type":"ListItem","position":2,"name":"C\u00f3ctel en honor de Isabel Albornoz, Subsecretaria de Asuntos Econ\u00f3micos y Coop. Int. del Ecuador"}]},{"@type":"WebSite","@id":"https:\/\/www.eldiario.net\/portal\/#website","url":"https:\/\/www.eldiario.net\/portal\/","name":"El Diario - Decano de la prensa nacional","description":"El Diario - Decano de la prensa nacional","publisher":{"@id":"https:\/\/www.eldiario.net\/portal\/#organization"},"potentialAction":[{"@type":"SearchAction","target":{"@type":"EntryPoint","urlTemplate":"https:\/\/www.eldiario.net\/portal\/?s={search_term_string}"},"query-input":{"@type":"PropertyValueSpecification","valueRequired":true,"valueName":"search_term_string"}}],"inLanguage":"es"},{"@type":"Organization","@id":"https:\/\/www.eldiario.net\/portal\/#organization","name":"El Diario - Decano de la prensa nacional","url":"https:\/\/www.eldiario.net\/portal\/","logo":{"@type":"ImageObject","inLanguage":"es","@id":"https:\/\/www.eldiario.net\/portal\/#\/schema\/logo\/image\/","url":"https:\/\/www.eldiario.net\/portal\/wp-content\/uploads\/2023\/07\/logo_ED.jpg","contentUrl":"https:\/\/www.eldiario.net\/portal\/wp-content\/uploads\/2023\/07\/logo_ED.jpg","width":272,"height":52,"caption":"El Diario - Decano de la prensa nacional"},"image":{"@id":"https:\/\/www.eldiario.net\/portal\/#\/schema\/logo\/image\/"},"sameAs":["https:\/\/www.facebook.com\/eldiario.bolivia\/","https:\/\/x.com\/eldiario_net"]},{"@type":"Person","@id":"https:\/\/www.eldiario.net\/portal\/#\/schema\/person\/2c57cf2b7a7ae032e449e4c9b1019eac","name":"Jeanette","image":{"@type":"ImageObject","inLanguage":"es","@id":"https:\/\/secure.gravatar.com\/avatar\/3ea2118a5f7dad2b7138b1187a6b7ee55f160b9968b66013c3a3ef39dd7e5798?s=96&d=mm&r=g","url":"https:\/\/secure.gravatar.com\/avatar\/3ea2118a5f7dad2b7138b1187a6b7ee55f160b9968b66013c3a3ef39dd7e5798?s=96&d=mm&r=g","contentUrl":"https:\/\/secure.gravatar.com\/avatar\/3ea2118a5f7dad2b7138b1187a6b7ee55f160b9968b66013c3a3ef39dd7e5798?s=96&d=mm&r=g","caption":"Jeanette"},"sameAs":["https:\/\/www.eldiario.net\/portal"],"url":"https:\/\/www.eldiario.net\/portal\/author\/jeanette\/"}]}},"_links":{"self":[{"href":"https:\/\/www.eldiario.net\/portal\/wp-json\/wp\/v2\/posts\/163400","targetHints":{"allow":["GET"]}}],"collection":[{"href":"https:\/\/www.eldiario.net\/portal\/wp-json\/wp\/v2\/posts"}],"about":[{"href":"https:\/\/www.eldiario.net\/portal\/wp-json\/wp\/v2\/types\/post"}],"author":[{"embeddable":true,"href":"https:\/\/www.eldiario.net\/portal\/wp-json\/wp\/v2\/users\/1"}],"replies":[{"embeddable":true,"href":"https:\/\/www.eldiario.net\/portal\/wp-json\/wp\/v2\/comments?post=163400"}],"version-history":[{"count":0,"href":"https:\/\/www.eldiario.net\/portal\/wp-json\/wp\/v2\/posts\/163400\/revisions"}],"wp:featuredmedia":[{"embeddable":true,"href":"https:\/\/www.eldiario.net\/portal\/wp-json\/wp\/v2\/media\/163403"}],"wp:attachment":[{"href":"https:\/\/www.eldiario.net\/portal\/wp-json\/wp\/v2\/media?parent=163400"}],"wp:term":[{"taxonomy":"category","embeddable":true,"href":"https:\/\/www.eldiario.net\/portal\/wp-json\/wp\/v2\/categories?post=163400"},{"taxonomy":"post_tag","embeddable":true,"href":"https:\/\/www.eldiario.net\/portal\/wp-json\/wp\/v2\/tags?post=163400"}],"curies":[{"name":"wp","href":"https:\/\/api.w.org\/{rel}","templated":true}]}}