{"id":163394,"date":"2023-07-03T07:21:01","date_gmt":"2023-07-03T11:21:01","guid":{"rendered":"https:\/\/www.eldiario.net\/portal\/?p=163394"},"modified":"2023-07-03T07:21:01","modified_gmt":"2023-07-03T11:21:01","slug":"salio-el-libro-casacor-bolivia-10-anos","status":"publish","type":"post","link":"https:\/\/www.eldiario.net\/portal\/2023\/07\/03\/salio-el-libro-casacor-bolivia-10-anos\/","title":{"rendered":"Sal\u00edo el libro \u00abCasacor Bolivia 10 a\u00f1os\u00bb"},"content":{"rendered":"<p>El libro \u201cCASACOR Bolivia 10 A\u00f1os\u201d fue presentado en un evento que cont\u00f3 con la presencia de los ejecutivos de la casa matriz Andr\u00e9 Secchin y Livia Pedreira, patrocinadores, profesionales que participan de la muestra del buen vivir, e invitados especiales.<br \/>\nGraciela Anglarill, directora de la franquicia boliviana, detall\u00f3 la publicaci\u00f3n contenida en 450 p\u00e1ginas: \u201cHemos querido documentar el talento de m\u00e1s de 230 profesionales y el trabajo de cerca de 10 mil personas, entre alba\u00f1iles, pintores, electricistas, carpinteros y otros\u201d. Para ello, se eligieron entre 11 mil fotograf\u00edas las mejores im\u00e1genes de 300 ambientes.<br \/>\n\u201cCASACOR Bolivia 10 A\u00f1os\u201d contiene las transformaciones de los inmuebles intervenidos desde 2013, que van desde casas hist\u00f3ricas y patrimoniales, mansiones, colegios, un exhotel y, actualmente, un espacio de tipo industrial, donde se exhibe como hace una d\u00e9cada, las tendencias de arquitectura, dise\u00f1o de interiores y paisajismo.<br \/>\nEn su alocuci\u00f3n, Anglarill se refiri\u00f3 tambi\u00e9n a las experiencias vividas en este tiempo junto a su esposo Quito Velasco: fueron \u201cmuchas alegr\u00edas, desaf\u00edos y aprendizajes, pero, sobre todo, de hacer grandes amigos y encontrar en el camino personas talentosas, creativas y, en especial, comprometidas\u201d.<br \/>\nAl finalizar, Velasco y Anglarill reconocieron el apoyo de la dise\u00f1adora gr\u00e1fica Laura Atela, del fot\u00f3grafo \u00c1lvaro Mier, del arquitecto V\u00edctor Hugo Limpias y de la comunicadora Anna Infantas en la realizaci\u00f3n del libro. Todos recibieron la estatuilla dise\u00f1ada por la artista Noem\u00ed Oropez que representa el concepto con el que en esta edici\u00f3n trabajaron los profesionales: Cuerpo &amp; Morada.<\/p>\n<div id='gallery-1' class='gallery galleryid-163394 gallery-columns-3 gallery-size-medium'><figure class='gallery-item'>\n\t\t\t<div class='gallery-icon landscape'>\n\t\t\t\t<a href='https:\/\/www.eldiario.net\/portal\/2023\/07\/03\/salio-el-libro-casacor-bolivia-10-anos\/tres-3\/'><img loading=\"lazy\" decoding=\"async\" width=\"300\" height=\"216\" src=\"https:\/\/www.eldiario.net\/portal\/wp-content\/uploads\/2023\/07\/TRES-300x216.jpg\" class=\"attachment-medium size-medium\" alt=\"\" aria-describedby=\"gallery-1-163395\" srcset=\"https:\/\/www.eldiario.net\/portal\/wp-content\/uploads\/2023\/07\/TRES-300x216.jpg 300w, https:\/\/www.eldiario.net\/portal\/wp-content\/uploads\/2023\/07\/TRES-768x554.jpg 768w, https:\/\/www.eldiario.net\/portal\/wp-content\/uploads\/2023\/07\/TRES-696x502.jpg 696w, https:\/\/www.eldiario.net\/portal\/wp-content\/uploads\/2023\/07\/TRES.jpg 1000w\" sizes=\"auto, (max-width: 300px) 100vw, 300px\" \/><\/a>\n\t\t\t<\/div>\n\t\t\t\t<figcaption class='wp-caption-text gallery-caption' id='gallery-1-163395'>\n\t\t\t\tQUITO VELASCO,  LIVIA PEDREIRA, GRACIELA  ANGLARILL Y ANDRE\u0301 SECCHIN.\n\t\t\t\t<\/figcaption><\/figure><figure class='gallery-item'>\n\t\t\t<div class='gallery-icon landscape'>\n\t\t\t\t<a href='https:\/\/www.eldiario.net\/portal\/2023\/07\/03\/salio-el-libro-casacor-bolivia-10-anos\/uno-5\/'><img loading=\"lazy\" decoding=\"async\" width=\"300\" height=\"189\" src=\"https:\/\/www.eldiario.net\/portal\/wp-content\/uploads\/2023\/07\/UNO-300x189.jpg\" class=\"attachment-medium size-medium\" alt=\"\" aria-describedby=\"gallery-1-163396\" srcset=\"https:\/\/www.eldiario.net\/portal\/wp-content\/uploads\/2023\/07\/UNO-300x189.jpg 300w, https:\/\/www.eldiario.net\/portal\/wp-content\/uploads\/2023\/07\/UNO-768x484.jpg 768w, https:\/\/www.eldiario.net\/portal\/wp-content\/uploads\/2023\/07\/UNO-696x438.jpg 696w, https:\/\/www.eldiario.net\/portal\/wp-content\/uploads\/2023\/07\/UNO.jpg 1000w\" sizes=\"auto, (max-width: 300px) 100vw, 300px\" \/><\/a>\n\t\t\t<\/div>\n\t\t\t\t<figcaption class='wp-caption-text gallery-caption' id='gallery-1-163396'>\n\t\t\t\tMARIAM NAZRALA, MAGGY TALAVERA, ANDRE\u0301 SECCHIN, LIVIA PEDREIRA Y SARITA MANSILLA.\n\t\t\t\t<\/figcaption><\/figure><figure class='gallery-item'>\n\t\t\t<div class='gallery-icon landscape'>\n\t\t\t\t<a href='https:\/\/www.eldiario.net\/portal\/2023\/07\/03\/salio-el-libro-casacor-bolivia-10-anos\/cuatro-5\/'><img loading=\"lazy\" decoding=\"async\" width=\"300\" height=\"235\" src=\"https:\/\/www.eldiario.net\/portal\/wp-content\/uploads\/2023\/07\/CUATRO-300x235.jpg\" class=\"attachment-medium size-medium\" alt=\"\" aria-describedby=\"gallery-1-163397\" srcset=\"https:\/\/www.eldiario.net\/portal\/wp-content\/uploads\/2023\/07\/CUATRO-300x235.jpg 300w, https:\/\/www.eldiario.net\/portal\/wp-content\/uploads\/2023\/07\/CUATRO-768x601.jpg 768w, https:\/\/www.eldiario.net\/portal\/wp-content\/uploads\/2023\/07\/CUATRO-696x544.jpg 696w, https:\/\/www.eldiario.net\/portal\/wp-content\/uploads\/2023\/07\/CUATRO.jpg 1000w\" sizes=\"auto, (max-width: 300px) 100vw, 300px\" \/><\/a>\n\t\t\t<\/div>\n\t\t\t\t<figcaption class='wp-caption-text gallery-caption' id='gallery-1-163397'>\n\t\t\t\tQUITO VELASCO, VI\u0301CTOR HUGO LIMPIAS Y  GRACIELA ANGLARILL.\n\t\t\t\t<\/figcaption><\/figure><figure class='gallery-item'>\n\t\t\t<div class='gallery-icon portrait'>\n\t\t\t\t<a href='https:\/\/www.eldiario.net\/portal\/2023\/07\/03\/salio-el-libro-casacor-bolivia-10-anos\/dos-12\/'><img loading=\"lazy\" decoding=\"async\" width=\"295\" height=\"300\" src=\"https:\/\/www.eldiario.net\/portal\/wp-content\/uploads\/2023\/07\/DOS-295x300.jpg\" class=\"attachment-medium size-medium\" alt=\"\" aria-describedby=\"gallery-1-163398\" srcset=\"https:\/\/www.eldiario.net\/portal\/wp-content\/uploads\/2023\/07\/DOS-295x300.jpg 295w, https:\/\/www.eldiario.net\/portal\/wp-content\/uploads\/2023\/07\/DOS-768x780.jpg 768w, https:\/\/www.eldiario.net\/portal\/wp-content\/uploads\/2023\/07\/DOS-696x707.jpg 696w, https:\/\/www.eldiario.net\/portal\/wp-content\/uploads\/2023\/07\/DOS.jpg 1000w\" sizes=\"auto, (max-width: 295px) 100vw, 295px\" \/><\/a>\n\t\t\t<\/div>\n\t\t\t\t<figcaption class='wp-caption-text gallery-caption' id='gallery-1-163398'>\n\t\t\t\tQUITO VELASCO Y GRACIELA ANGLARILL\n\t\t\t\t<\/figcaption><\/figure>\n\t\t<\/div>\n\n","protected":false},"excerpt":{"rendered":"<p>El libro \u201cCASACOR Bolivia 10 A\u00f1os\u201d fue presentado en un evento que cont\u00f3 con la presencia de los ejecutivos de la casa matriz Andr\u00e9 Secchin y Livia Pedreira, patrocinadores, profesionales que participan de la muestra del buen vivir, e invitados especiales. Graciela Anglarill, directora de la franquicia boliviana, detall\u00f3 la publicaci\u00f3n contenida en 450 p\u00e1ginas: [&hellip;]<\/p>\n","protected":false},"author":1,"featured_media":163395,"comment_status":"closed","ping_status":"open","sticky":false,"template":"","format":"standard","meta":{"_acf_changed":false,"footnotes":""},"categories":[40],"tags":[],"class_list":["post-163394","post","type-post","status-publish","format-standard","has-post-thumbnail","category-sociales"],"acf":{"antetitulo":""},"yoast_head":"<!-- This site is optimized with the Yoast SEO plugin v28.4 - https:\/\/yoast.com\/product\/yoast-seo-wordpress\/ -->\n<title>Sal\u00edo el libro &quot;Casacor Bolivia 10 a\u00f1os&quot; - El Diario - Bolivia<\/title>\n<meta name=\"robots\" content=\"index, follow, max-snippet:-1, max-image-preview:large, max-video-preview:-1\" \/>\n<link rel=\"canonical\" href=\"https:\/\/www.eldiario.net\/portal\/2023\/07\/03\/salio-el-libro-casacor-bolivia-10-anos\/\" \/>\n<meta property=\"og:locale\" content=\"es_ES\" \/>\n<meta property=\"og:type\" content=\"article\" \/>\n<meta property=\"og:title\" content=\"Sal\u00edo el libro &quot;Casacor Bolivia 10 a\u00f1os&quot; - El Diario - Bolivia\" \/>\n<meta property=\"og:description\" content=\"El libro \u201cCASACOR Bolivia 10 A\u00f1os\u201d fue presentado en un evento que cont\u00f3 con la presencia de los ejecutivos de la casa matriz Andr\u00e9 Secchin y Livia Pedreira, patrocinadores, profesionales que participan de la muestra del buen vivir, e invitados especiales. Graciela Anglarill, directora de la franquicia boliviana, detall\u00f3 la publicaci\u00f3n contenida en 450 p\u00e1ginas: [&hellip;]\" \/>\n<meta property=\"og:url\" content=\"https:\/\/www.eldiario.net\/portal\/2023\/07\/03\/salio-el-libro-casacor-bolivia-10-anos\/\" \/>\n<meta property=\"og:site_name\" content=\"El Diario - Bolivia\" \/>\n<meta property=\"article:publisher\" content=\"https:\/\/www.facebook.com\/eldiario.bolivia\/\" \/>\n<meta property=\"article:published_time\" content=\"2023-07-03T11:21:01+00:00\" \/>\n<meta property=\"og:image\" content=\"https:\/\/www.eldiario.net\/portal\/wp-content\/uploads\/2023\/07\/TRES.jpg\" \/>\n\t<meta property=\"og:image:width\" content=\"1000\" \/>\n\t<meta property=\"og:image:height\" content=\"721\" \/>\n\t<meta property=\"og:image:type\" content=\"image\/jpeg\" \/>\n<meta name=\"author\" content=\"Jeanette\" \/>\n<meta name=\"twitter:card\" content=\"summary_large_image\" \/>\n<meta name=\"twitter:creator\" content=\"@eldiario_net\" \/>\n<meta name=\"twitter:site\" content=\"@eldiario_net\" \/>\n<meta name=\"twitter:label1\" content=\"Escrito por\" \/>\n\t<meta name=\"twitter:data1\" content=\"Jeanette\" \/>\n\t<meta name=\"twitter:label2\" content=\"Tiempo de lectura\" \/>\n\t<meta name=\"twitter:data2\" content=\"2 minutos\" \/>\n<script type=\"application\/ld+json\" class=\"yoast-schema-graph\">{\"@context\":\"https:\\\/\\\/schema.org\",\"@graph\":[{\"@type\":\"Article\",\"@id\":\"https:\\\/\\\/www.eldiario.net\\\/portal\\\/2023\\\/07\\\/03\\\/salio-el-libro-casacor-bolivia-10-anos\\\/#article\",\"isPartOf\":{\"@id\":\"https:\\\/\\\/www.eldiario.net\\\/portal\\\/2023\\\/07\\\/03\\\/salio-el-libro-casacor-bolivia-10-anos\\\/\"},\"author\":{\"name\":\"Jeanette\",\"@id\":\"https:\\\/\\\/www.eldiario.net\\\/portal\\\/#\\\/schema\\\/person\\\/2c57cf2b7a7ae032e449e4c9b1019eac\"},\"headline\":\"Sal\u00edo el libro \u00abCasacor Bolivia 10 a\u00f1os\u00bb\",\"datePublished\":\"2023-07-03T11:21:01+00:00\",\"mainEntityOfPage\":{\"@id\":\"https:\\\/\\\/www.eldiario.net\\\/portal\\\/2023\\\/07\\\/03\\\/salio-el-libro-casacor-bolivia-10-anos\\\/\"},\"wordCount\":273,\"publisher\":{\"@id\":\"https:\\\/\\\/www.eldiario.net\\\/portal\\\/#organization\"},\"image\":{\"@id\":\"https:\\\/\\\/www.eldiario.net\\\/portal\\\/2023\\\/07\\\/03\\\/salio-el-libro-casacor-bolivia-10-anos\\\/#primaryimage\"},\"thumbnailUrl\":\"https:\\\/\\\/www.eldiario.net\\\/portal\\\/wp-content\\\/uploads\\\/2023\\\/07\\\/TRES.jpg\",\"articleSection\":[\"Sociales\"],\"inLanguage\":\"es\"},{\"@type\":\"WebPage\",\"@id\":\"https:\\\/\\\/www.eldiario.net\\\/portal\\\/2023\\\/07\\\/03\\\/salio-el-libro-casacor-bolivia-10-anos\\\/\",\"url\":\"https:\\\/\\\/www.eldiario.net\\\/portal\\\/2023\\\/07\\\/03\\\/salio-el-libro-casacor-bolivia-10-anos\\\/\",\"name\":\"Sal\u00edo el libro \\\"Casacor Bolivia 10 a\u00f1os\\\" - El Diario - Bolivia\",\"isPartOf\":{\"@id\":\"https:\\\/\\\/www.eldiario.net\\\/portal\\\/#website\"},\"primaryImageOfPage\":{\"@id\":\"https:\\\/\\\/www.eldiario.net\\\/portal\\\/2023\\\/07\\\/03\\\/salio-el-libro-casacor-bolivia-10-anos\\\/#primaryimage\"},\"image\":{\"@id\":\"https:\\\/\\\/www.eldiario.net\\\/portal\\\/2023\\\/07\\\/03\\\/salio-el-libro-casacor-bolivia-10-anos\\\/#primaryimage\"},\"thumbnailUrl\":\"https:\\\/\\\/www.eldiario.net\\\/portal\\\/wp-content\\\/uploads\\\/2023\\\/07\\\/TRES.jpg\",\"datePublished\":\"2023-07-03T11:21:01+00:00\",\"breadcrumb\":{\"@id\":\"https:\\\/\\\/www.eldiario.net\\\/portal\\\/2023\\\/07\\\/03\\\/salio-el-libro-casacor-bolivia-10-anos\\\/#breadcrumb\"},\"inLanguage\":\"es\",\"potentialAction\":[{\"@type\":\"ReadAction\",\"target\":[\"https:\\\/\\\/www.eldiario.net\\\/portal\\\/2023\\\/07\\\/03\\\/salio-el-libro-casacor-bolivia-10-anos\\\/\"]}]},{\"@type\":\"ImageObject\",\"inLanguage\":\"es\",\"@id\":\"https:\\\/\\\/www.eldiario.net\\\/portal\\\/2023\\\/07\\\/03\\\/salio-el-libro-casacor-bolivia-10-anos\\\/#primaryimage\",\"url\":\"https:\\\/\\\/www.eldiario.net\\\/portal\\\/wp-content\\\/uploads\\\/2023\\\/07\\\/TRES.jpg\",\"contentUrl\":\"https:\\\/\\\/www.eldiario.net\\\/portal\\\/wp-content\\\/uploads\\\/2023\\\/07\\\/TRES.jpg\",\"width\":1000,\"height\":721,\"caption\":\"QUITO VELASCO, LIVIA PEDREIRA, GRACIELA ANGLARILL Y ANDRE\u0301 SECCHIN.\"},{\"@type\":\"BreadcrumbList\",\"@id\":\"https:\\\/\\\/www.eldiario.net\\\/portal\\\/2023\\\/07\\\/03\\\/salio-el-libro-casacor-bolivia-10-anos\\\/#breadcrumb\",\"itemListElement\":[{\"@type\":\"ListItem\",\"position\":1,\"name\":\"Portada\",\"item\":\"https:\\\/\\\/www.eldiario.net\\\/portal\\\/\"},{\"@type\":\"ListItem\",\"position\":2,\"name\":\"Sal\u00edo el libro \u00abCasacor Bolivia 10 a\u00f1os\u00bb\"}]},{\"@type\":\"WebSite\",\"@id\":\"https:\\\/\\\/www.eldiario.net\\\/portal\\\/#website\",\"url\":\"https:\\\/\\\/www.eldiario.net\\\/portal\\\/\",\"name\":\"El Diario - Decano de la prensa nacional\",\"description\":\"El Diario - Decano de la prensa nacional\",\"publisher\":{\"@id\":\"https:\\\/\\\/www.eldiario.net\\\/portal\\\/#organization\"},\"potentialAction\":[{\"@type\":\"SearchAction\",\"target\":{\"@type\":\"EntryPoint\",\"urlTemplate\":\"https:\\\/\\\/www.eldiario.net\\\/portal\\\/?s={search_term_string}\"},\"query-input\":{\"@type\":\"PropertyValueSpecification\",\"valueRequired\":true,\"valueName\":\"search_term_string\"}}],\"inLanguage\":\"es\"},{\"@type\":\"Organization\",\"@id\":\"https:\\\/\\\/www.eldiario.net\\\/portal\\\/#organization\",\"name\":\"El Diario - Decano de la prensa nacional\",\"url\":\"https:\\\/\\\/www.eldiario.net\\\/portal\\\/\",\"logo\":{\"@type\":\"ImageObject\",\"inLanguage\":\"es\",\"@id\":\"https:\\\/\\\/www.eldiario.net\\\/portal\\\/#\\\/schema\\\/logo\\\/image\\\/\",\"url\":\"https:\\\/\\\/www.eldiario.net\\\/portal\\\/wp-content\\\/uploads\\\/2023\\\/07\\\/logo_ED.jpg\",\"contentUrl\":\"https:\\\/\\\/www.eldiario.net\\\/portal\\\/wp-content\\\/uploads\\\/2023\\\/07\\\/logo_ED.jpg\",\"width\":272,\"height\":52,\"caption\":\"El Diario - Decano de la prensa nacional\"},\"image\":{\"@id\":\"https:\\\/\\\/www.eldiario.net\\\/portal\\\/#\\\/schema\\\/logo\\\/image\\\/\"},\"sameAs\":[\"https:\\\/\\\/www.facebook.com\\\/eldiario.bolivia\\\/\",\"https:\\\/\\\/x.com\\\/eldiario_net\"]},{\"@type\":\"Person\",\"@id\":\"https:\\\/\\\/www.eldiario.net\\\/portal\\\/#\\\/schema\\\/person\\\/2c57cf2b7a7ae032e449e4c9b1019eac\",\"name\":\"Jeanette\",\"image\":{\"@type\":\"ImageObject\",\"inLanguage\":\"es\",\"@id\":\"https:\\\/\\\/secure.gravatar.com\\\/avatar\\\/3ea2118a5f7dad2b7138b1187a6b7ee55f160b9968b66013c3a3ef39dd7e5798?s=96&d=mm&r=g\",\"url\":\"https:\\\/\\\/secure.gravatar.com\\\/avatar\\\/3ea2118a5f7dad2b7138b1187a6b7ee55f160b9968b66013c3a3ef39dd7e5798?s=96&d=mm&r=g\",\"contentUrl\":\"https:\\\/\\\/secure.gravatar.com\\\/avatar\\\/3ea2118a5f7dad2b7138b1187a6b7ee55f160b9968b66013c3a3ef39dd7e5798?s=96&d=mm&r=g\",\"caption\":\"Jeanette\"},\"sameAs\":[\"https:\\\/\\\/www.eldiario.net\\\/portal\"],\"url\":\"https:\\\/\\\/www.eldiario.net\\\/portal\\\/author\\\/jeanette\\\/\"}]}<\/script>\n<!-- \/ Yoast SEO plugin. -->","yoast_head_json":{"title":"Sal\u00edo el libro \"Casacor Bolivia 10 a\u00f1os\" - El Diario - Bolivia","robots":{"index":"index","follow":"follow","max-snippet":"max-snippet:-1","max-image-preview":"max-image-preview:large","max-video-preview":"max-video-preview:-1"},"canonical":"https:\/\/www.eldiario.net\/portal\/2023\/07\/03\/salio-el-libro-casacor-bolivia-10-anos\/","og_locale":"es_ES","og_type":"article","og_title":"Sal\u00edo el libro \"Casacor Bolivia 10 a\u00f1os\" - El Diario - Bolivia","og_description":"El libro \u201cCASACOR Bolivia 10 A\u00f1os\u201d fue presentado en un evento que cont\u00f3 con la presencia de los ejecutivos de la casa matriz Andr\u00e9 Secchin y Livia Pedreira, patrocinadores, profesionales que participan de la muestra del buen vivir, e invitados especiales. Graciela Anglarill, directora de la franquicia boliviana, detall\u00f3 la publicaci\u00f3n contenida en 450 p\u00e1ginas: [&hellip;]","og_url":"https:\/\/www.eldiario.net\/portal\/2023\/07\/03\/salio-el-libro-casacor-bolivia-10-anos\/","og_site_name":"El Diario - Bolivia","article_publisher":"https:\/\/www.facebook.com\/eldiario.bolivia\/","article_published_time":"2023-07-03T11:21:01+00:00","og_image":[{"width":1000,"height":721,"url":"https:\/\/www.eldiario.net\/portal\/wp-content\/uploads\/2023\/07\/TRES.jpg","type":"image\/jpeg"}],"author":"Jeanette","twitter_card":"summary_large_image","twitter_creator":"@eldiario_net","twitter_site":"@eldiario_net","twitter_misc":{"Escrito por":"Jeanette","Tiempo de lectura":"2 minutos"},"schema":{"@context":"https:\/\/schema.org","@graph":[{"@type":"Article","@id":"https:\/\/www.eldiario.net\/portal\/2023\/07\/03\/salio-el-libro-casacor-bolivia-10-anos\/#article","isPartOf":{"@id":"https:\/\/www.eldiario.net\/portal\/2023\/07\/03\/salio-el-libro-casacor-bolivia-10-anos\/"},"author":{"name":"Jeanette","@id":"https:\/\/www.eldiario.net\/portal\/#\/schema\/person\/2c57cf2b7a7ae032e449e4c9b1019eac"},"headline":"Sal\u00edo el libro \u00abCasacor Bolivia 10 a\u00f1os\u00bb","datePublished":"2023-07-03T11:21:01+00:00","mainEntityOfPage":{"@id":"https:\/\/www.eldiario.net\/portal\/2023\/07\/03\/salio-el-libro-casacor-bolivia-10-anos\/"},"wordCount":273,"publisher":{"@id":"https:\/\/www.eldiario.net\/portal\/#organization"},"image":{"@id":"https:\/\/www.eldiario.net\/portal\/2023\/07\/03\/salio-el-libro-casacor-bolivia-10-anos\/#primaryimage"},"thumbnailUrl":"https:\/\/www.eldiario.net\/portal\/wp-content\/uploads\/2023\/07\/TRES.jpg","articleSection":["Sociales"],"inLanguage":"es"},{"@type":"WebPage","@id":"https:\/\/www.eldiario.net\/portal\/2023\/07\/03\/salio-el-libro-casacor-bolivia-10-anos\/","url":"https:\/\/www.eldiario.net\/portal\/2023\/07\/03\/salio-el-libro-casacor-bolivia-10-anos\/","name":"Sal\u00edo el libro \"Casacor Bolivia 10 a\u00f1os\" - El Diario - Bolivia","isPartOf":{"@id":"https:\/\/www.eldiario.net\/portal\/#website"},"primaryImageOfPage":{"@id":"https:\/\/www.eldiario.net\/portal\/2023\/07\/03\/salio-el-libro-casacor-bolivia-10-anos\/#primaryimage"},"image":{"@id":"https:\/\/www.eldiario.net\/portal\/2023\/07\/03\/salio-el-libro-casacor-bolivia-10-anos\/#primaryimage"},"thumbnailUrl":"https:\/\/www.eldiario.net\/portal\/wp-content\/uploads\/2023\/07\/TRES.jpg","datePublished":"2023-07-03T11:21:01+00:00","breadcrumb":{"@id":"https:\/\/www.eldiario.net\/portal\/2023\/07\/03\/salio-el-libro-casacor-bolivia-10-anos\/#breadcrumb"},"inLanguage":"es","potentialAction":[{"@type":"ReadAction","target":["https:\/\/www.eldiario.net\/portal\/2023\/07\/03\/salio-el-libro-casacor-bolivia-10-anos\/"]}]},{"@type":"ImageObject","inLanguage":"es","@id":"https:\/\/www.eldiario.net\/portal\/2023\/07\/03\/salio-el-libro-casacor-bolivia-10-anos\/#primaryimage","url":"https:\/\/www.eldiario.net\/portal\/wp-content\/uploads\/2023\/07\/TRES.jpg","contentUrl":"https:\/\/www.eldiario.net\/portal\/wp-content\/uploads\/2023\/07\/TRES.jpg","width":1000,"height":721,"caption":"QUITO VELASCO, LIVIA PEDREIRA, GRACIELA ANGLARILL Y ANDRE\u0301 SECCHIN."},{"@type":"BreadcrumbList","@id":"https:\/\/www.eldiario.net\/portal\/2023\/07\/03\/salio-el-libro-casacor-bolivia-10-anos\/#breadcrumb","itemListElement":[{"@type":"ListItem","position":1,"name":"Portada","item":"https:\/\/www.eldiario.net\/portal\/"},{"@type":"ListItem","position":2,"name":"Sal\u00edo el libro \u00abCasacor Bolivia 10 a\u00f1os\u00bb"}]},{"@type":"WebSite","@id":"https:\/\/www.eldiario.net\/portal\/#website","url":"https:\/\/www.eldiario.net\/portal\/","name":"El Diario - Decano de la prensa nacional","description":"El Diario - Decano de la prensa nacional","publisher":{"@id":"https:\/\/www.eldiario.net\/portal\/#organization"},"potentialAction":[{"@type":"SearchAction","target":{"@type":"EntryPoint","urlTemplate":"https:\/\/www.eldiario.net\/portal\/?s={search_term_string}"},"query-input":{"@type":"PropertyValueSpecification","valueRequired":true,"valueName":"search_term_string"}}],"inLanguage":"es"},{"@type":"Organization","@id":"https:\/\/www.eldiario.net\/portal\/#organization","name":"El Diario - Decano de la prensa nacional","url":"https:\/\/www.eldiario.net\/portal\/","logo":{"@type":"ImageObject","inLanguage":"es","@id":"https:\/\/www.eldiario.net\/portal\/#\/schema\/logo\/image\/","url":"https:\/\/www.eldiario.net\/portal\/wp-content\/uploads\/2023\/07\/logo_ED.jpg","contentUrl":"https:\/\/www.eldiario.net\/portal\/wp-content\/uploads\/2023\/07\/logo_ED.jpg","width":272,"height":52,"caption":"El Diario - Decano de la prensa nacional"},"image":{"@id":"https:\/\/www.eldiario.net\/portal\/#\/schema\/logo\/image\/"},"sameAs":["https:\/\/www.facebook.com\/eldiario.bolivia\/","https:\/\/x.com\/eldiario_net"]},{"@type":"Person","@id":"https:\/\/www.eldiario.net\/portal\/#\/schema\/person\/2c57cf2b7a7ae032e449e4c9b1019eac","name":"Jeanette","image":{"@type":"ImageObject","inLanguage":"es","@id":"https:\/\/secure.gravatar.com\/avatar\/3ea2118a5f7dad2b7138b1187a6b7ee55f160b9968b66013c3a3ef39dd7e5798?s=96&d=mm&r=g","url":"https:\/\/secure.gravatar.com\/avatar\/3ea2118a5f7dad2b7138b1187a6b7ee55f160b9968b66013c3a3ef39dd7e5798?s=96&d=mm&r=g","contentUrl":"https:\/\/secure.gravatar.com\/avatar\/3ea2118a5f7dad2b7138b1187a6b7ee55f160b9968b66013c3a3ef39dd7e5798?s=96&d=mm&r=g","caption":"Jeanette"},"sameAs":["https:\/\/www.eldiario.net\/portal"],"url":"https:\/\/www.eldiario.net\/portal\/author\/jeanette\/"}]}},"_links":{"self":[{"href":"https:\/\/www.eldiario.net\/portal\/wp-json\/wp\/v2\/posts\/163394","targetHints":{"allow":["GET"]}}],"collection":[{"href":"https:\/\/www.eldiario.net\/portal\/wp-json\/wp\/v2\/posts"}],"about":[{"href":"https:\/\/www.eldiario.net\/portal\/wp-json\/wp\/v2\/types\/post"}],"author":[{"embeddable":true,"href":"https:\/\/www.eldiario.net\/portal\/wp-json\/wp\/v2\/users\/1"}],"replies":[{"embeddable":true,"href":"https:\/\/www.eldiario.net\/portal\/wp-json\/wp\/v2\/comments?post=163394"}],"version-history":[{"count":0,"href":"https:\/\/www.eldiario.net\/portal\/wp-json\/wp\/v2\/posts\/163394\/revisions"}],"wp:featuredmedia":[{"embeddable":true,"href":"https:\/\/www.eldiario.net\/portal\/wp-json\/wp\/v2\/media\/163395"}],"wp:attachment":[{"href":"https:\/\/www.eldiario.net\/portal\/wp-json\/wp\/v2\/media?parent=163394"}],"wp:term":[{"taxonomy":"category","embeddable":true,"href":"https:\/\/www.eldiario.net\/portal\/wp-json\/wp\/v2\/categories?post=163394"},{"taxonomy":"post_tag","embeddable":true,"href":"https:\/\/www.eldiario.net\/portal\/wp-json\/wp\/v2\/tags?post=163394"}],"curies":[{"name":"wp","href":"https:\/\/api.w.org\/{rel}","templated":true}]}}