{"id":163169,"date":"2023-07-02T06:54:41","date_gmt":"2023-07-02T10:54:41","guid":{"rendered":"https:\/\/www.eldiario.net\/portal\/?p=163169"},"modified":"2023-07-02T06:54:41","modified_gmt":"2023-07-02T10:54:41","slug":"ciudad-de-la-paz-contara-con-una-nueva-avenida","status":"publish","type":"post","link":"https:\/\/www.eldiario.net\/portal\/2023\/07\/02\/ciudad-de-la-paz-contara-con-una-nueva-avenida\/","title":{"rendered":"Ciudad de La Paz contar\u00e1 con una nueva avenida"},"content":{"rendered":"<p>El alcalde Iv\u00e1n Arias inaugur\u00f3 ayer el doble embovedado del R\u00edo Choqueyapu, entre la Gruta de Lourdes y la calle cero de Obrajes. El embovedado est\u00e1 sobre una extensi\u00f3n de 1.000 metros y demand\u00f3 una inversi\u00f3n de 81,7 millones de bolivianos.<br \/>\nLa autoridad anunci\u00f3 que sobre el doble embovedado se construir\u00e1 la nueva avenida de cuatro carriles y que tendr\u00e1 ciclov\u00eda y \u00e1reas para el descanso ciudadano.<br \/>\nLa obra que la comuna pace\u00f1a licitar\u00e1 el pr\u00f3ximo 14 de julio, tendr\u00e1 cuatro carriles y dos rotondas de distribuci\u00f3n de veh\u00edculos con el objetivo de alivianar el tr\u00e1fico vehicular entre el Centro y la zona Sur.<br \/>\nLa representante del Banco Interamericano de Desarrollo (BID), Cristina Mecerreyes, resalt\u00f3 la resiliencia que tiene el municipio de La Paz para afrontar eventos naturales adversos en los \u00faltimos 10 a\u00f1os, situaci\u00f3n que le permiti\u00f3 convertirse en una ciudad mucho m\u00e1s segura gracias a su programa de obras de drenaje pluvial.<\/p>\n","protected":false},"excerpt":{"rendered":"<p>El alcalde Iv\u00e1n Arias inaugur\u00f3 ayer el doble embovedado del R\u00edo Choqueyapu, entre la Gruta de Lourdes y la calle cero de Obrajes. El embovedado est\u00e1 sobre una extensi\u00f3n de 1.000 metros y demand\u00f3 una inversi\u00f3n de 81,7 millones de bolivianos. La autoridad anunci\u00f3 que sobre el doble embovedado se construir\u00e1 la nueva avenida de [&hellip;]<\/p>\n","protected":false},"author":1,"featured_media":163170,"comment_status":"closed","ping_status":"open","sticky":false,"template":"","format":"standard","meta":{"_acf_changed":false,"footnotes":""},"categories":[15],"tags":[],"class_list":["post-163169","post","type-post","status-publish","format-standard","has-post-thumbnail","category-portada"],"acf":{"antetitulo":""},"yoast_head":"<!-- This site is optimized with the Yoast SEO plugin v28.3 - https:\/\/yoast.com\/product\/yoast-seo-wordpress\/ -->\n<title>Ciudad de La Paz contar\u00e1 con una nueva avenida - El Diario - Bolivia<\/title>\n<meta name=\"robots\" content=\"index, follow, max-snippet:-1, max-image-preview:large, max-video-preview:-1\" \/>\n<link rel=\"canonical\" href=\"https:\/\/www.eldiario.net\/portal\/2023\/07\/02\/ciudad-de-la-paz-contara-con-una-nueva-avenida\/\" \/>\n<meta property=\"og:locale\" content=\"es_ES\" \/>\n<meta property=\"og:type\" content=\"article\" \/>\n<meta property=\"og:title\" content=\"Ciudad de La Paz contar\u00e1 con una nueva avenida - El Diario - Bolivia\" \/>\n<meta property=\"og:description\" content=\"El alcalde Iv\u00e1n Arias inaugur\u00f3 ayer el doble embovedado del R\u00edo Choqueyapu, entre la Gruta de Lourdes y la calle cero de Obrajes. El embovedado est\u00e1 sobre una extensi\u00f3n de 1.000 metros y demand\u00f3 una inversi\u00f3n de 81,7 millones de bolivianos. La autoridad anunci\u00f3 que sobre el doble embovedado se construir\u00e1 la nueva avenida de [&hellip;]\" \/>\n<meta property=\"og:url\" content=\"https:\/\/www.eldiario.net\/portal\/2023\/07\/02\/ciudad-de-la-paz-contara-con-una-nueva-avenida\/\" \/>\n<meta property=\"og:site_name\" content=\"El Diario - Bolivia\" \/>\n<meta property=\"article:publisher\" content=\"https:\/\/www.facebook.com\/eldiario.bolivia\/\" \/>\n<meta property=\"article:published_time\" content=\"2023-07-02T10:54:41+00:00\" \/>\n<meta property=\"og:image\" content=\"https:\/\/www.eldiario.net\/portal\/wp-content\/uploads\/2023\/07\/P-3-10-cm-x-7.jpg\" \/>\n\t<meta property=\"og:image:width\" content=\"1139\" \/>\n\t<meta property=\"og:image:height\" content=\"710\" \/>\n\t<meta property=\"og:image:type\" content=\"image\/jpeg\" \/>\n<meta name=\"author\" content=\"Jeanette\" \/>\n<meta name=\"twitter:card\" content=\"summary_large_image\" \/>\n<meta name=\"twitter:creator\" content=\"@eldiario_net\" \/>\n<meta name=\"twitter:site\" content=\"@eldiario_net\" \/>\n<meta name=\"twitter:label1\" content=\"Escrito por\" \/>\n\t<meta name=\"twitter:data1\" content=\"Jeanette\" \/>\n\t<meta name=\"twitter:label2\" content=\"Tiempo de lectura\" \/>\n\t<meta name=\"twitter:data2\" content=\"1 minuto\" \/>\n<script type=\"application\/ld+json\" class=\"yoast-schema-graph\">{\"@context\":\"https:\\\/\\\/schema.org\",\"@graph\":[{\"@type\":\"Article\",\"@id\":\"https:\\\/\\\/www.eldiario.net\\\/portal\\\/2023\\\/07\\\/02\\\/ciudad-de-la-paz-contara-con-una-nueva-avenida\\\/#article\",\"isPartOf\":{\"@id\":\"https:\\\/\\\/www.eldiario.net\\\/portal\\\/2023\\\/07\\\/02\\\/ciudad-de-la-paz-contara-con-una-nueva-avenida\\\/\"},\"author\":{\"name\":\"Jeanette\",\"@id\":\"https:\\\/\\\/www.eldiario.net\\\/portal\\\/#\\\/schema\\\/person\\\/f46445640444750d7d753ccd04ae01b7\"},\"headline\":\"Ciudad de La Paz contar\u00e1 con una nueva avenida\",\"datePublished\":\"2023-07-02T10:54:41+00:00\",\"mainEntityOfPage\":{\"@id\":\"https:\\\/\\\/www.eldiario.net\\\/portal\\\/2023\\\/07\\\/02\\\/ciudad-de-la-paz-contara-con-una-nueva-avenida\\\/\"},\"wordCount\":172,\"publisher\":{\"@id\":\"https:\\\/\\\/www.eldiario.net\\\/portal\\\/#organization\"},\"image\":{\"@id\":\"https:\\\/\\\/www.eldiario.net\\\/portal\\\/2023\\\/07\\\/02\\\/ciudad-de-la-paz-contara-con-una-nueva-avenida\\\/#primaryimage\"},\"thumbnailUrl\":\"https:\\\/\\\/www.eldiario.net\\\/portal\\\/wp-content\\\/uploads\\\/2023\\\/07\\\/P-3-10-cm-x-7.jpg\",\"articleSection\":[\"Portada\"],\"inLanguage\":\"es\"},{\"@type\":\"WebPage\",\"@id\":\"https:\\\/\\\/www.eldiario.net\\\/portal\\\/2023\\\/07\\\/02\\\/ciudad-de-la-paz-contara-con-una-nueva-avenida\\\/\",\"url\":\"https:\\\/\\\/www.eldiario.net\\\/portal\\\/2023\\\/07\\\/02\\\/ciudad-de-la-paz-contara-con-una-nueva-avenida\\\/\",\"name\":\"Ciudad de La Paz contar\u00e1 con una nueva avenida - El Diario - Bolivia\",\"isPartOf\":{\"@id\":\"https:\\\/\\\/www.eldiario.net\\\/portal\\\/#website\"},\"primaryImageOfPage\":{\"@id\":\"https:\\\/\\\/www.eldiario.net\\\/portal\\\/2023\\\/07\\\/02\\\/ciudad-de-la-paz-contara-con-una-nueva-avenida\\\/#primaryimage\"},\"image\":{\"@id\":\"https:\\\/\\\/www.eldiario.net\\\/portal\\\/2023\\\/07\\\/02\\\/ciudad-de-la-paz-contara-con-una-nueva-avenida\\\/#primaryimage\"},\"thumbnailUrl\":\"https:\\\/\\\/www.eldiario.net\\\/portal\\\/wp-content\\\/uploads\\\/2023\\\/07\\\/P-3-10-cm-x-7.jpg\",\"datePublished\":\"2023-07-02T10:54:41+00:00\",\"breadcrumb\":{\"@id\":\"https:\\\/\\\/www.eldiario.net\\\/portal\\\/2023\\\/07\\\/02\\\/ciudad-de-la-paz-contara-con-una-nueva-avenida\\\/#breadcrumb\"},\"inLanguage\":\"es\",\"potentialAction\":[{\"@type\":\"ReadAction\",\"target\":[\"https:\\\/\\\/www.eldiario.net\\\/portal\\\/2023\\\/07\\\/02\\\/ciudad-de-la-paz-contara-con-una-nueva-avenida\\\/\"]}]},{\"@type\":\"ImageObject\",\"inLanguage\":\"es\",\"@id\":\"https:\\\/\\\/www.eldiario.net\\\/portal\\\/2023\\\/07\\\/02\\\/ciudad-de-la-paz-contara-con-una-nueva-avenida\\\/#primaryimage\",\"url\":\"https:\\\/\\\/www.eldiario.net\\\/portal\\\/wp-content\\\/uploads\\\/2023\\\/07\\\/P-3-10-cm-x-7.jpg\",\"contentUrl\":\"https:\\\/\\\/www.eldiario.net\\\/portal\\\/wp-content\\\/uploads\\\/2023\\\/07\\\/P-3-10-cm-x-7.jpg\",\"width\":1139,\"height\":710,\"caption\":\"Inauguraron el embovedado del r\u00edo Choqueyapu.\"},{\"@type\":\"BreadcrumbList\",\"@id\":\"https:\\\/\\\/www.eldiario.net\\\/portal\\\/2023\\\/07\\\/02\\\/ciudad-de-la-paz-contara-con-una-nueva-avenida\\\/#breadcrumb\",\"itemListElement\":[{\"@type\":\"ListItem\",\"position\":1,\"name\":\"Portada\",\"item\":\"https:\\\/\\\/www.eldiario.net\\\/portal\\\/\"},{\"@type\":\"ListItem\",\"position\":2,\"name\":\"Ciudad de La Paz contar\u00e1 con una nueva avenida\"}]},{\"@type\":\"WebSite\",\"@id\":\"https:\\\/\\\/www.eldiario.net\\\/portal\\\/#website\",\"url\":\"https:\\\/\\\/www.eldiario.net\\\/portal\\\/\",\"name\":\"El Diario - Decano de la prensa nacional\",\"description\":\"El Diario - Decano de la prensa nacional\",\"publisher\":{\"@id\":\"https:\\\/\\\/www.eldiario.net\\\/portal\\\/#organization\"},\"potentialAction\":[{\"@type\":\"SearchAction\",\"target\":{\"@type\":\"EntryPoint\",\"urlTemplate\":\"https:\\\/\\\/www.eldiario.net\\\/portal\\\/?s={search_term_string}\"},\"query-input\":{\"@type\":\"PropertyValueSpecification\",\"valueRequired\":true,\"valueName\":\"search_term_string\"}}],\"inLanguage\":\"es\"},{\"@type\":\"Organization\",\"@id\":\"https:\\\/\\\/www.eldiario.net\\\/portal\\\/#organization\",\"name\":\"El Diario - Decano de la prensa nacional\",\"url\":\"https:\\\/\\\/www.eldiario.net\\\/portal\\\/\",\"logo\":{\"@type\":\"ImageObject\",\"inLanguage\":\"es\",\"@id\":\"https:\\\/\\\/www.eldiario.net\\\/portal\\\/#\\\/schema\\\/logo\\\/image\\\/\",\"url\":\"https:\\\/\\\/www.eldiario.net\\\/portal\\\/wp-content\\\/uploads\\\/2023\\\/07\\\/logo_ED.jpg\",\"contentUrl\":\"https:\\\/\\\/www.eldiario.net\\\/portal\\\/wp-content\\\/uploads\\\/2023\\\/07\\\/logo_ED.jpg\",\"width\":272,\"height\":52,\"caption\":\"El Diario - Decano de la prensa nacional\"},\"image\":{\"@id\":\"https:\\\/\\\/www.eldiario.net\\\/portal\\\/#\\\/schema\\\/logo\\\/image\\\/\"},\"sameAs\":[\"https:\\\/\\\/www.facebook.com\\\/eldiario.bolivia\\\/\",\"https:\\\/\\\/x.com\\\/eldiario_net\"]},{\"@type\":\"Person\",\"@id\":\"https:\\\/\\\/www.eldiario.net\\\/portal\\\/#\\\/schema\\\/person\\\/f46445640444750d7d753ccd04ae01b7\",\"name\":\"Jeanette\",\"image\":{\"@type\":\"ImageObject\",\"inLanguage\":\"es\",\"@id\":\"https:\\\/\\\/secure.gravatar.com\\\/avatar\\\/3ea2118a5f7dad2b7138b1187a6b7ee55f160b9968b66013c3a3ef39dd7e5798?s=96&d=mm&r=g\",\"url\":\"https:\\\/\\\/secure.gravatar.com\\\/avatar\\\/3ea2118a5f7dad2b7138b1187a6b7ee55f160b9968b66013c3a3ef39dd7e5798?s=96&d=mm&r=g\",\"contentUrl\":\"https:\\\/\\\/secure.gravatar.com\\\/avatar\\\/3ea2118a5f7dad2b7138b1187a6b7ee55f160b9968b66013c3a3ef39dd7e5798?s=96&d=mm&r=g\",\"caption\":\"Jeanette\"},\"sameAs\":[\"https:\\\/\\\/www.eldiario.net\\\/portal\"],\"url\":\"https:\\\/\\\/www.eldiario.net\\\/portal\\\/author\\\/jeanette\\\/\"}]}<\/script>\n<!-- \/ Yoast SEO plugin. -->","yoast_head_json":{"title":"Ciudad de La Paz contar\u00e1 con una nueva avenida - El Diario - Bolivia","robots":{"index":"index","follow":"follow","max-snippet":"max-snippet:-1","max-image-preview":"max-image-preview:large","max-video-preview":"max-video-preview:-1"},"canonical":"https:\/\/www.eldiario.net\/portal\/2023\/07\/02\/ciudad-de-la-paz-contara-con-una-nueva-avenida\/","og_locale":"es_ES","og_type":"article","og_title":"Ciudad de La Paz contar\u00e1 con una nueva avenida - El Diario - Bolivia","og_description":"El alcalde Iv\u00e1n Arias inaugur\u00f3 ayer el doble embovedado del R\u00edo Choqueyapu, entre la Gruta de Lourdes y la calle cero de Obrajes. El embovedado est\u00e1 sobre una extensi\u00f3n de 1.000 metros y demand\u00f3 una inversi\u00f3n de 81,7 millones de bolivianos. La autoridad anunci\u00f3 que sobre el doble embovedado se construir\u00e1 la nueva avenida de [&hellip;]","og_url":"https:\/\/www.eldiario.net\/portal\/2023\/07\/02\/ciudad-de-la-paz-contara-con-una-nueva-avenida\/","og_site_name":"El Diario - Bolivia","article_publisher":"https:\/\/www.facebook.com\/eldiario.bolivia\/","article_published_time":"2023-07-02T10:54:41+00:00","og_image":[{"width":1139,"height":710,"url":"https:\/\/www.eldiario.net\/portal\/wp-content\/uploads\/2023\/07\/P-3-10-cm-x-7.jpg","type":"image\/jpeg"}],"author":"Jeanette","twitter_card":"summary_large_image","twitter_creator":"@eldiario_net","twitter_site":"@eldiario_net","twitter_misc":{"Escrito por":"Jeanette","Tiempo de lectura":"1 minuto"},"schema":{"@context":"https:\/\/schema.org","@graph":[{"@type":"Article","@id":"https:\/\/www.eldiario.net\/portal\/2023\/07\/02\/ciudad-de-la-paz-contara-con-una-nueva-avenida\/#article","isPartOf":{"@id":"https:\/\/www.eldiario.net\/portal\/2023\/07\/02\/ciudad-de-la-paz-contara-con-una-nueva-avenida\/"},"author":{"name":"Jeanette","@id":"https:\/\/www.eldiario.net\/portal\/#\/schema\/person\/f46445640444750d7d753ccd04ae01b7"},"headline":"Ciudad de La Paz contar\u00e1 con una nueva avenida","datePublished":"2023-07-02T10:54:41+00:00","mainEntityOfPage":{"@id":"https:\/\/www.eldiario.net\/portal\/2023\/07\/02\/ciudad-de-la-paz-contara-con-una-nueva-avenida\/"},"wordCount":172,"publisher":{"@id":"https:\/\/www.eldiario.net\/portal\/#organization"},"image":{"@id":"https:\/\/www.eldiario.net\/portal\/2023\/07\/02\/ciudad-de-la-paz-contara-con-una-nueva-avenida\/#primaryimage"},"thumbnailUrl":"https:\/\/www.eldiario.net\/portal\/wp-content\/uploads\/2023\/07\/P-3-10-cm-x-7.jpg","articleSection":["Portada"],"inLanguage":"es"},{"@type":"WebPage","@id":"https:\/\/www.eldiario.net\/portal\/2023\/07\/02\/ciudad-de-la-paz-contara-con-una-nueva-avenida\/","url":"https:\/\/www.eldiario.net\/portal\/2023\/07\/02\/ciudad-de-la-paz-contara-con-una-nueva-avenida\/","name":"Ciudad de La Paz contar\u00e1 con una nueva avenida - El Diario - Bolivia","isPartOf":{"@id":"https:\/\/www.eldiario.net\/portal\/#website"},"primaryImageOfPage":{"@id":"https:\/\/www.eldiario.net\/portal\/2023\/07\/02\/ciudad-de-la-paz-contara-con-una-nueva-avenida\/#primaryimage"},"image":{"@id":"https:\/\/www.eldiario.net\/portal\/2023\/07\/02\/ciudad-de-la-paz-contara-con-una-nueva-avenida\/#primaryimage"},"thumbnailUrl":"https:\/\/www.eldiario.net\/portal\/wp-content\/uploads\/2023\/07\/P-3-10-cm-x-7.jpg","datePublished":"2023-07-02T10:54:41+00:00","breadcrumb":{"@id":"https:\/\/www.eldiario.net\/portal\/2023\/07\/02\/ciudad-de-la-paz-contara-con-una-nueva-avenida\/#breadcrumb"},"inLanguage":"es","potentialAction":[{"@type":"ReadAction","target":["https:\/\/www.eldiario.net\/portal\/2023\/07\/02\/ciudad-de-la-paz-contara-con-una-nueva-avenida\/"]}]},{"@type":"ImageObject","inLanguage":"es","@id":"https:\/\/www.eldiario.net\/portal\/2023\/07\/02\/ciudad-de-la-paz-contara-con-una-nueva-avenida\/#primaryimage","url":"https:\/\/www.eldiario.net\/portal\/wp-content\/uploads\/2023\/07\/P-3-10-cm-x-7.jpg","contentUrl":"https:\/\/www.eldiario.net\/portal\/wp-content\/uploads\/2023\/07\/P-3-10-cm-x-7.jpg","width":1139,"height":710,"caption":"Inauguraron el embovedado del r\u00edo Choqueyapu."},{"@type":"BreadcrumbList","@id":"https:\/\/www.eldiario.net\/portal\/2023\/07\/02\/ciudad-de-la-paz-contara-con-una-nueva-avenida\/#breadcrumb","itemListElement":[{"@type":"ListItem","position":1,"name":"Portada","item":"https:\/\/www.eldiario.net\/portal\/"},{"@type":"ListItem","position":2,"name":"Ciudad de La Paz contar\u00e1 con una nueva avenida"}]},{"@type":"WebSite","@id":"https:\/\/www.eldiario.net\/portal\/#website","url":"https:\/\/www.eldiario.net\/portal\/","name":"El Diario - Decano de la prensa nacional","description":"El Diario - Decano de la prensa nacional","publisher":{"@id":"https:\/\/www.eldiario.net\/portal\/#organization"},"potentialAction":[{"@type":"SearchAction","target":{"@type":"EntryPoint","urlTemplate":"https:\/\/www.eldiario.net\/portal\/?s={search_term_string}"},"query-input":{"@type":"PropertyValueSpecification","valueRequired":true,"valueName":"search_term_string"}}],"inLanguage":"es"},{"@type":"Organization","@id":"https:\/\/www.eldiario.net\/portal\/#organization","name":"El Diario - Decano de la prensa nacional","url":"https:\/\/www.eldiario.net\/portal\/","logo":{"@type":"ImageObject","inLanguage":"es","@id":"https:\/\/www.eldiario.net\/portal\/#\/schema\/logo\/image\/","url":"https:\/\/www.eldiario.net\/portal\/wp-content\/uploads\/2023\/07\/logo_ED.jpg","contentUrl":"https:\/\/www.eldiario.net\/portal\/wp-content\/uploads\/2023\/07\/logo_ED.jpg","width":272,"height":52,"caption":"El Diario - Decano de la prensa nacional"},"image":{"@id":"https:\/\/www.eldiario.net\/portal\/#\/schema\/logo\/image\/"},"sameAs":["https:\/\/www.facebook.com\/eldiario.bolivia\/","https:\/\/x.com\/eldiario_net"]},{"@type":"Person","@id":"https:\/\/www.eldiario.net\/portal\/#\/schema\/person\/f46445640444750d7d753ccd04ae01b7","name":"Jeanette","image":{"@type":"ImageObject","inLanguage":"es","@id":"https:\/\/secure.gravatar.com\/avatar\/3ea2118a5f7dad2b7138b1187a6b7ee55f160b9968b66013c3a3ef39dd7e5798?s=96&d=mm&r=g","url":"https:\/\/secure.gravatar.com\/avatar\/3ea2118a5f7dad2b7138b1187a6b7ee55f160b9968b66013c3a3ef39dd7e5798?s=96&d=mm&r=g","contentUrl":"https:\/\/secure.gravatar.com\/avatar\/3ea2118a5f7dad2b7138b1187a6b7ee55f160b9968b66013c3a3ef39dd7e5798?s=96&d=mm&r=g","caption":"Jeanette"},"sameAs":["https:\/\/www.eldiario.net\/portal"],"url":"https:\/\/www.eldiario.net\/portal\/author\/jeanette\/"}]}},"_links":{"self":[{"href":"https:\/\/www.eldiario.net\/portal\/wp-json\/wp\/v2\/posts\/163169","targetHints":{"allow":["GET"]}}],"collection":[{"href":"https:\/\/www.eldiario.net\/portal\/wp-json\/wp\/v2\/posts"}],"about":[{"href":"https:\/\/www.eldiario.net\/portal\/wp-json\/wp\/v2\/types\/post"}],"author":[{"embeddable":true,"href":"https:\/\/www.eldiario.net\/portal\/wp-json\/wp\/v2\/users\/1"}],"replies":[{"embeddable":true,"href":"https:\/\/www.eldiario.net\/portal\/wp-json\/wp\/v2\/comments?post=163169"}],"version-history":[{"count":0,"href":"https:\/\/www.eldiario.net\/portal\/wp-json\/wp\/v2\/posts\/163169\/revisions"}],"wp:featuredmedia":[{"embeddable":true,"href":"https:\/\/www.eldiario.net\/portal\/wp-json\/wp\/v2\/media\/163170"}],"wp:attachment":[{"href":"https:\/\/www.eldiario.net\/portal\/wp-json\/wp\/v2\/media?parent=163169"}],"wp:term":[{"taxonomy":"category","embeddable":true,"href":"https:\/\/www.eldiario.net\/portal\/wp-json\/wp\/v2\/categories?post=163169"},{"taxonomy":"post_tag","embeddable":true,"href":"https:\/\/www.eldiario.net\/portal\/wp-json\/wp\/v2\/tags?post=163169"}],"curies":[{"name":"wp","href":"https:\/\/api.w.org\/{rel}","templated":true}]}}