{"id":163166,"date":"2023-07-02T06:53:39","date_gmt":"2023-07-02T10:53:39","guid":{"rendered":"https:\/\/www.eldiario.net\/portal\/?p=163166"},"modified":"2023-07-02T06:53:39","modified_gmt":"2023-07-02T10:53:39","slug":"vetan-presencia-de-zelensky-en-la-cumbre-ue-celac","status":"publish","type":"post","link":"https:\/\/www.eldiario.net\/portal\/2023\/07\/02\/vetan-presencia-de-zelensky-en-la-cumbre-ue-celac\/","title":{"rendered":"Vetan presencia de Zelensky en la cumbre UE-Celac"},"content":{"rendered":"<p>El presidente de Ucrania, Volodymir Zelensky, denunci\u00f3 que el mandatario espa\u00f1ol Pedro S\u00e1nchez lo hab\u00eda invitado a la cumbre de julio en Bruselas que reunir\u00e1 a l\u00edderes de la Uni\u00f3n Europea y de Am\u00e9rica Latina, pero que algunos pa\u00edses latinoamericanos vetaron su presencia.<br \/>\nLa cumbre del 17 y 18 de julio UE-Celac es el primer gran evento que liderar\u00e1 S\u00e1nchez, que hoy asumi\u00f3 la presidencia espa\u00f1ola del Consejo con una visita a Kiev.<br \/>\nDurante un breve encuentro con la prensa difundido por Europa Press, Zelensky confirm\u00f3 que algunos pa\u00edses truncaron su asistencia al foro.<br \/>\nEl presidente ucraniano cont\u00f3 que el espa\u00f1ol Pedro S\u00e1nchez, que acaba de asumir al frente del Consejo de la Uni\u00f3n Europea, lo hab\u00eda invitado a la reuni\u00f3n prevista para el 17 de julio, pero algunos presidentes y dictadores regionales truncaron su viaje.<br \/>\nAdem\u00e1s, de la postura brasile\u00f1a, dijo que hay un bloque latinoamericano aliado expl\u00edcito del Kremlin: Venezuela, Cuba, Nicaragua y Bolivia mantienen estrechos lazos con Vladimir Putin. (Infobae).<\/p>\n","protected":false},"excerpt":{"rendered":"<p>El presidente de Ucrania, Volodymir Zelensky, denunci\u00f3 que el mandatario espa\u00f1ol Pedro S\u00e1nchez lo hab\u00eda invitado a la cumbre de julio en Bruselas que reunir\u00e1 a l\u00edderes de la Uni\u00f3n Europea y de Am\u00e9rica Latina, pero que algunos pa\u00edses latinoamericanos vetaron su presencia. La cumbre del 17 y 18 de julio UE-Celac es el primer [&hellip;]<\/p>\n","protected":false},"author":1,"featured_media":163167,"comment_status":"closed","ping_status":"open","sticky":false,"template":"","format":"standard","meta":{"_acf_changed":false,"footnotes":""},"categories":[15],"tags":[],"class_list":["post-163166","post","type-post","status-publish","format-standard","has-post-thumbnail","category-portada"],"acf":{"antetitulo":""},"yoast_head":"<!-- This site is optimized with the Yoast SEO plugin v28.3 - https:\/\/yoast.com\/product\/yoast-seo-wordpress\/ -->\n<title>Vetan presencia de Zelensky en la cumbre UE-Celac - El Diario - Bolivia<\/title>\n<meta name=\"robots\" content=\"index, follow, max-snippet:-1, max-image-preview:large, max-video-preview:-1\" \/>\n<link rel=\"canonical\" href=\"https:\/\/www.eldiario.net\/portal\/2023\/07\/02\/vetan-presencia-de-zelensky-en-la-cumbre-ue-celac\/\" \/>\n<meta property=\"og:locale\" content=\"es_ES\" \/>\n<meta property=\"og:type\" content=\"article\" \/>\n<meta property=\"og:title\" content=\"Vetan presencia de Zelensky en la cumbre UE-Celac - El Diario - Bolivia\" \/>\n<meta property=\"og:description\" content=\"El presidente de Ucrania, Volodymir Zelensky, denunci\u00f3 que el mandatario espa\u00f1ol Pedro S\u00e1nchez lo hab\u00eda invitado a la cumbre de julio en Bruselas que reunir\u00e1 a l\u00edderes de la Uni\u00f3n Europea y de Am\u00e9rica Latina, pero que algunos pa\u00edses latinoamericanos vetaron su presencia. La cumbre del 17 y 18 de julio UE-Celac es el primer [&hellip;]\" \/>\n<meta property=\"og:url\" content=\"https:\/\/www.eldiario.net\/portal\/2023\/07\/02\/vetan-presencia-de-zelensky-en-la-cumbre-ue-celac\/\" \/>\n<meta property=\"og:site_name\" content=\"El Diario - Bolivia\" \/>\n<meta property=\"article:publisher\" content=\"https:\/\/www.facebook.com\/eldiario.bolivia\/\" \/>\n<meta property=\"article:published_time\" content=\"2023-07-02T10:53:39+00:00\" \/>\n<meta property=\"og:image\" content=\"https:\/\/www.eldiario.net\/portal\/wp-content\/uploads\/2023\/07\/P-5-10-cm-x-7.png\" \/>\n\t<meta property=\"og:image:width\" content=\"992\" \/>\n\t<meta property=\"og:image:height\" content=\"661\" \/>\n\t<meta property=\"og:image:type\" content=\"image\/png\" \/>\n<meta name=\"author\" content=\"Jeanette\" \/>\n<meta name=\"twitter:card\" content=\"summary_large_image\" \/>\n<meta name=\"twitter:creator\" content=\"@eldiario_net\" \/>\n<meta name=\"twitter:site\" content=\"@eldiario_net\" \/>\n<meta name=\"twitter:label1\" content=\"Escrito por\" \/>\n\t<meta name=\"twitter:data1\" content=\"Jeanette\" \/>\n\t<meta name=\"twitter:label2\" content=\"Tiempo de lectura\" \/>\n\t<meta name=\"twitter:data2\" content=\"1 minuto\" \/>\n<script type=\"application\/ld+json\" class=\"yoast-schema-graph\">{\"@context\":\"https:\\\/\\\/schema.org\",\"@graph\":[{\"@type\":\"Article\",\"@id\":\"https:\\\/\\\/www.eldiario.net\\\/portal\\\/2023\\\/07\\\/02\\\/vetan-presencia-de-zelensky-en-la-cumbre-ue-celac\\\/#article\",\"isPartOf\":{\"@id\":\"https:\\\/\\\/www.eldiario.net\\\/portal\\\/2023\\\/07\\\/02\\\/vetan-presencia-de-zelensky-en-la-cumbre-ue-celac\\\/\"},\"author\":{\"name\":\"Jeanette\",\"@id\":\"https:\\\/\\\/www.eldiario.net\\\/portal\\\/#\\\/schema\\\/person\\\/f46445640444750d7d753ccd04ae01b7\"},\"headline\":\"Vetan presencia de Zelensky en la cumbre UE-Celac\",\"datePublished\":\"2023-07-02T10:53:39+00:00\",\"mainEntityOfPage\":{\"@id\":\"https:\\\/\\\/www.eldiario.net\\\/portal\\\/2023\\\/07\\\/02\\\/vetan-presencia-de-zelensky-en-la-cumbre-ue-celac\\\/\"},\"wordCount\":186,\"publisher\":{\"@id\":\"https:\\\/\\\/www.eldiario.net\\\/portal\\\/#organization\"},\"image\":{\"@id\":\"https:\\\/\\\/www.eldiario.net\\\/portal\\\/2023\\\/07\\\/02\\\/vetan-presencia-de-zelensky-en-la-cumbre-ue-celac\\\/#primaryimage\"},\"thumbnailUrl\":\"https:\\\/\\\/www.eldiario.net\\\/portal\\\/wp-content\\\/uploads\\\/2023\\\/07\\\/P-5-10-cm-x-7.png\",\"articleSection\":[\"Portada\"],\"inLanguage\":\"es\"},{\"@type\":\"WebPage\",\"@id\":\"https:\\\/\\\/www.eldiario.net\\\/portal\\\/2023\\\/07\\\/02\\\/vetan-presencia-de-zelensky-en-la-cumbre-ue-celac\\\/\",\"url\":\"https:\\\/\\\/www.eldiario.net\\\/portal\\\/2023\\\/07\\\/02\\\/vetan-presencia-de-zelensky-en-la-cumbre-ue-celac\\\/\",\"name\":\"Vetan presencia de Zelensky en la cumbre UE-Celac - El Diario - Bolivia\",\"isPartOf\":{\"@id\":\"https:\\\/\\\/www.eldiario.net\\\/portal\\\/#website\"},\"primaryImageOfPage\":{\"@id\":\"https:\\\/\\\/www.eldiario.net\\\/portal\\\/2023\\\/07\\\/02\\\/vetan-presencia-de-zelensky-en-la-cumbre-ue-celac\\\/#primaryimage\"},\"image\":{\"@id\":\"https:\\\/\\\/www.eldiario.net\\\/portal\\\/2023\\\/07\\\/02\\\/vetan-presencia-de-zelensky-en-la-cumbre-ue-celac\\\/#primaryimage\"},\"thumbnailUrl\":\"https:\\\/\\\/www.eldiario.net\\\/portal\\\/wp-content\\\/uploads\\\/2023\\\/07\\\/P-5-10-cm-x-7.png\",\"datePublished\":\"2023-07-02T10:53:39+00:00\",\"breadcrumb\":{\"@id\":\"https:\\\/\\\/www.eldiario.net\\\/portal\\\/2023\\\/07\\\/02\\\/vetan-presencia-de-zelensky-en-la-cumbre-ue-celac\\\/#breadcrumb\"},\"inLanguage\":\"es\",\"potentialAction\":[{\"@type\":\"ReadAction\",\"target\":[\"https:\\\/\\\/www.eldiario.net\\\/portal\\\/2023\\\/07\\\/02\\\/vetan-presencia-de-zelensky-en-la-cumbre-ue-celac\\\/\"]}]},{\"@type\":\"ImageObject\",\"inLanguage\":\"es\",\"@id\":\"https:\\\/\\\/www.eldiario.net\\\/portal\\\/2023\\\/07\\\/02\\\/vetan-presencia-de-zelensky-en-la-cumbre-ue-celac\\\/#primaryimage\",\"url\":\"https:\\\/\\\/www.eldiario.net\\\/portal\\\/wp-content\\\/uploads\\\/2023\\\/07\\\/P-5-10-cm-x-7.png\",\"contentUrl\":\"https:\\\/\\\/www.eldiario.net\\\/portal\\\/wp-content\\\/uploads\\\/2023\\\/07\\\/P-5-10-cm-x-7.png\",\"width\":992,\"height\":661,\"caption\":\"Presidentes: Pedro S\u00e1nchez y Volodymir Zelensky.\"},{\"@type\":\"BreadcrumbList\",\"@id\":\"https:\\\/\\\/www.eldiario.net\\\/portal\\\/2023\\\/07\\\/02\\\/vetan-presencia-de-zelensky-en-la-cumbre-ue-celac\\\/#breadcrumb\",\"itemListElement\":[{\"@type\":\"ListItem\",\"position\":1,\"name\":\"Portada\",\"item\":\"https:\\\/\\\/www.eldiario.net\\\/portal\\\/\"},{\"@type\":\"ListItem\",\"position\":2,\"name\":\"Vetan presencia de Zelensky en la cumbre UE-Celac\"}]},{\"@type\":\"WebSite\",\"@id\":\"https:\\\/\\\/www.eldiario.net\\\/portal\\\/#website\",\"url\":\"https:\\\/\\\/www.eldiario.net\\\/portal\\\/\",\"name\":\"El Diario - Decano de la prensa nacional\",\"description\":\"El Diario - Decano de la prensa nacional\",\"publisher\":{\"@id\":\"https:\\\/\\\/www.eldiario.net\\\/portal\\\/#organization\"},\"potentialAction\":[{\"@type\":\"SearchAction\",\"target\":{\"@type\":\"EntryPoint\",\"urlTemplate\":\"https:\\\/\\\/www.eldiario.net\\\/portal\\\/?s={search_term_string}\"},\"query-input\":{\"@type\":\"PropertyValueSpecification\",\"valueRequired\":true,\"valueName\":\"search_term_string\"}}],\"inLanguage\":\"es\"},{\"@type\":\"Organization\",\"@id\":\"https:\\\/\\\/www.eldiario.net\\\/portal\\\/#organization\",\"name\":\"El Diario - Decano de la prensa nacional\",\"url\":\"https:\\\/\\\/www.eldiario.net\\\/portal\\\/\",\"logo\":{\"@type\":\"ImageObject\",\"inLanguage\":\"es\",\"@id\":\"https:\\\/\\\/www.eldiario.net\\\/portal\\\/#\\\/schema\\\/logo\\\/image\\\/\",\"url\":\"https:\\\/\\\/www.eldiario.net\\\/portal\\\/wp-content\\\/uploads\\\/2023\\\/07\\\/logo_ED.jpg\",\"contentUrl\":\"https:\\\/\\\/www.eldiario.net\\\/portal\\\/wp-content\\\/uploads\\\/2023\\\/07\\\/logo_ED.jpg\",\"width\":272,\"height\":52,\"caption\":\"El Diario - Decano de la prensa nacional\"},\"image\":{\"@id\":\"https:\\\/\\\/www.eldiario.net\\\/portal\\\/#\\\/schema\\\/logo\\\/image\\\/\"},\"sameAs\":[\"https:\\\/\\\/www.facebook.com\\\/eldiario.bolivia\\\/\",\"https:\\\/\\\/x.com\\\/eldiario_net\"]},{\"@type\":\"Person\",\"@id\":\"https:\\\/\\\/www.eldiario.net\\\/portal\\\/#\\\/schema\\\/person\\\/f46445640444750d7d753ccd04ae01b7\",\"name\":\"Jeanette\",\"image\":{\"@type\":\"ImageObject\",\"inLanguage\":\"es\",\"@id\":\"https:\\\/\\\/secure.gravatar.com\\\/avatar\\\/3ea2118a5f7dad2b7138b1187a6b7ee55f160b9968b66013c3a3ef39dd7e5798?s=96&d=mm&r=g\",\"url\":\"https:\\\/\\\/secure.gravatar.com\\\/avatar\\\/3ea2118a5f7dad2b7138b1187a6b7ee55f160b9968b66013c3a3ef39dd7e5798?s=96&d=mm&r=g\",\"contentUrl\":\"https:\\\/\\\/secure.gravatar.com\\\/avatar\\\/3ea2118a5f7dad2b7138b1187a6b7ee55f160b9968b66013c3a3ef39dd7e5798?s=96&d=mm&r=g\",\"caption\":\"Jeanette\"},\"sameAs\":[\"https:\\\/\\\/www.eldiario.net\\\/portal\"],\"url\":\"https:\\\/\\\/www.eldiario.net\\\/portal\\\/author\\\/jeanette\\\/\"}]}<\/script>\n<!-- \/ Yoast SEO plugin. -->","yoast_head_json":{"title":"Vetan presencia de Zelensky en la cumbre UE-Celac - El Diario - Bolivia","robots":{"index":"index","follow":"follow","max-snippet":"max-snippet:-1","max-image-preview":"max-image-preview:large","max-video-preview":"max-video-preview:-1"},"canonical":"https:\/\/www.eldiario.net\/portal\/2023\/07\/02\/vetan-presencia-de-zelensky-en-la-cumbre-ue-celac\/","og_locale":"es_ES","og_type":"article","og_title":"Vetan presencia de Zelensky en la cumbre UE-Celac - El Diario - Bolivia","og_description":"El presidente de Ucrania, Volodymir Zelensky, denunci\u00f3 que el mandatario espa\u00f1ol Pedro S\u00e1nchez lo hab\u00eda invitado a la cumbre de julio en Bruselas que reunir\u00e1 a l\u00edderes de la Uni\u00f3n Europea y de Am\u00e9rica Latina, pero que algunos pa\u00edses latinoamericanos vetaron su presencia. La cumbre del 17 y 18 de julio UE-Celac es el primer [&hellip;]","og_url":"https:\/\/www.eldiario.net\/portal\/2023\/07\/02\/vetan-presencia-de-zelensky-en-la-cumbre-ue-celac\/","og_site_name":"El Diario - Bolivia","article_publisher":"https:\/\/www.facebook.com\/eldiario.bolivia\/","article_published_time":"2023-07-02T10:53:39+00:00","og_image":[{"width":992,"height":661,"url":"https:\/\/www.eldiario.net\/portal\/wp-content\/uploads\/2023\/07\/P-5-10-cm-x-7.png","type":"image\/png"}],"author":"Jeanette","twitter_card":"summary_large_image","twitter_creator":"@eldiario_net","twitter_site":"@eldiario_net","twitter_misc":{"Escrito por":"Jeanette","Tiempo de lectura":"1 minuto"},"schema":{"@context":"https:\/\/schema.org","@graph":[{"@type":"Article","@id":"https:\/\/www.eldiario.net\/portal\/2023\/07\/02\/vetan-presencia-de-zelensky-en-la-cumbre-ue-celac\/#article","isPartOf":{"@id":"https:\/\/www.eldiario.net\/portal\/2023\/07\/02\/vetan-presencia-de-zelensky-en-la-cumbre-ue-celac\/"},"author":{"name":"Jeanette","@id":"https:\/\/www.eldiario.net\/portal\/#\/schema\/person\/f46445640444750d7d753ccd04ae01b7"},"headline":"Vetan presencia de Zelensky en la cumbre UE-Celac","datePublished":"2023-07-02T10:53:39+00:00","mainEntityOfPage":{"@id":"https:\/\/www.eldiario.net\/portal\/2023\/07\/02\/vetan-presencia-de-zelensky-en-la-cumbre-ue-celac\/"},"wordCount":186,"publisher":{"@id":"https:\/\/www.eldiario.net\/portal\/#organization"},"image":{"@id":"https:\/\/www.eldiario.net\/portal\/2023\/07\/02\/vetan-presencia-de-zelensky-en-la-cumbre-ue-celac\/#primaryimage"},"thumbnailUrl":"https:\/\/www.eldiario.net\/portal\/wp-content\/uploads\/2023\/07\/P-5-10-cm-x-7.png","articleSection":["Portada"],"inLanguage":"es"},{"@type":"WebPage","@id":"https:\/\/www.eldiario.net\/portal\/2023\/07\/02\/vetan-presencia-de-zelensky-en-la-cumbre-ue-celac\/","url":"https:\/\/www.eldiario.net\/portal\/2023\/07\/02\/vetan-presencia-de-zelensky-en-la-cumbre-ue-celac\/","name":"Vetan presencia de Zelensky en la cumbre UE-Celac - El Diario - Bolivia","isPartOf":{"@id":"https:\/\/www.eldiario.net\/portal\/#website"},"primaryImageOfPage":{"@id":"https:\/\/www.eldiario.net\/portal\/2023\/07\/02\/vetan-presencia-de-zelensky-en-la-cumbre-ue-celac\/#primaryimage"},"image":{"@id":"https:\/\/www.eldiario.net\/portal\/2023\/07\/02\/vetan-presencia-de-zelensky-en-la-cumbre-ue-celac\/#primaryimage"},"thumbnailUrl":"https:\/\/www.eldiario.net\/portal\/wp-content\/uploads\/2023\/07\/P-5-10-cm-x-7.png","datePublished":"2023-07-02T10:53:39+00:00","breadcrumb":{"@id":"https:\/\/www.eldiario.net\/portal\/2023\/07\/02\/vetan-presencia-de-zelensky-en-la-cumbre-ue-celac\/#breadcrumb"},"inLanguage":"es","potentialAction":[{"@type":"ReadAction","target":["https:\/\/www.eldiario.net\/portal\/2023\/07\/02\/vetan-presencia-de-zelensky-en-la-cumbre-ue-celac\/"]}]},{"@type":"ImageObject","inLanguage":"es","@id":"https:\/\/www.eldiario.net\/portal\/2023\/07\/02\/vetan-presencia-de-zelensky-en-la-cumbre-ue-celac\/#primaryimage","url":"https:\/\/www.eldiario.net\/portal\/wp-content\/uploads\/2023\/07\/P-5-10-cm-x-7.png","contentUrl":"https:\/\/www.eldiario.net\/portal\/wp-content\/uploads\/2023\/07\/P-5-10-cm-x-7.png","width":992,"height":661,"caption":"Presidentes: Pedro S\u00e1nchez y Volodymir Zelensky."},{"@type":"BreadcrumbList","@id":"https:\/\/www.eldiario.net\/portal\/2023\/07\/02\/vetan-presencia-de-zelensky-en-la-cumbre-ue-celac\/#breadcrumb","itemListElement":[{"@type":"ListItem","position":1,"name":"Portada","item":"https:\/\/www.eldiario.net\/portal\/"},{"@type":"ListItem","position":2,"name":"Vetan presencia de Zelensky en la cumbre UE-Celac"}]},{"@type":"WebSite","@id":"https:\/\/www.eldiario.net\/portal\/#website","url":"https:\/\/www.eldiario.net\/portal\/","name":"El Diario - Decano de la prensa nacional","description":"El Diario - Decano de la prensa nacional","publisher":{"@id":"https:\/\/www.eldiario.net\/portal\/#organization"},"potentialAction":[{"@type":"SearchAction","target":{"@type":"EntryPoint","urlTemplate":"https:\/\/www.eldiario.net\/portal\/?s={search_term_string}"},"query-input":{"@type":"PropertyValueSpecification","valueRequired":true,"valueName":"search_term_string"}}],"inLanguage":"es"},{"@type":"Organization","@id":"https:\/\/www.eldiario.net\/portal\/#organization","name":"El Diario - Decano de la prensa nacional","url":"https:\/\/www.eldiario.net\/portal\/","logo":{"@type":"ImageObject","inLanguage":"es","@id":"https:\/\/www.eldiario.net\/portal\/#\/schema\/logo\/image\/","url":"https:\/\/www.eldiario.net\/portal\/wp-content\/uploads\/2023\/07\/logo_ED.jpg","contentUrl":"https:\/\/www.eldiario.net\/portal\/wp-content\/uploads\/2023\/07\/logo_ED.jpg","width":272,"height":52,"caption":"El Diario - Decano de la prensa nacional"},"image":{"@id":"https:\/\/www.eldiario.net\/portal\/#\/schema\/logo\/image\/"},"sameAs":["https:\/\/www.facebook.com\/eldiario.bolivia\/","https:\/\/x.com\/eldiario_net"]},{"@type":"Person","@id":"https:\/\/www.eldiario.net\/portal\/#\/schema\/person\/f46445640444750d7d753ccd04ae01b7","name":"Jeanette","image":{"@type":"ImageObject","inLanguage":"es","@id":"https:\/\/secure.gravatar.com\/avatar\/3ea2118a5f7dad2b7138b1187a6b7ee55f160b9968b66013c3a3ef39dd7e5798?s=96&d=mm&r=g","url":"https:\/\/secure.gravatar.com\/avatar\/3ea2118a5f7dad2b7138b1187a6b7ee55f160b9968b66013c3a3ef39dd7e5798?s=96&d=mm&r=g","contentUrl":"https:\/\/secure.gravatar.com\/avatar\/3ea2118a5f7dad2b7138b1187a6b7ee55f160b9968b66013c3a3ef39dd7e5798?s=96&d=mm&r=g","caption":"Jeanette"},"sameAs":["https:\/\/www.eldiario.net\/portal"],"url":"https:\/\/www.eldiario.net\/portal\/author\/jeanette\/"}]}},"_links":{"self":[{"href":"https:\/\/www.eldiario.net\/portal\/wp-json\/wp\/v2\/posts\/163166","targetHints":{"allow":["GET"]}}],"collection":[{"href":"https:\/\/www.eldiario.net\/portal\/wp-json\/wp\/v2\/posts"}],"about":[{"href":"https:\/\/www.eldiario.net\/portal\/wp-json\/wp\/v2\/types\/post"}],"author":[{"embeddable":true,"href":"https:\/\/www.eldiario.net\/portal\/wp-json\/wp\/v2\/users\/1"}],"replies":[{"embeddable":true,"href":"https:\/\/www.eldiario.net\/portal\/wp-json\/wp\/v2\/comments?post=163166"}],"version-history":[{"count":0,"href":"https:\/\/www.eldiario.net\/portal\/wp-json\/wp\/v2\/posts\/163166\/revisions"}],"wp:featuredmedia":[{"embeddable":true,"href":"https:\/\/www.eldiario.net\/portal\/wp-json\/wp\/v2\/media\/163167"}],"wp:attachment":[{"href":"https:\/\/www.eldiario.net\/portal\/wp-json\/wp\/v2\/media?parent=163166"}],"wp:term":[{"taxonomy":"category","embeddable":true,"href":"https:\/\/www.eldiario.net\/portal\/wp-json\/wp\/v2\/categories?post=163166"},{"taxonomy":"post_tag","embeddable":true,"href":"https:\/\/www.eldiario.net\/portal\/wp-json\/wp\/v2\/tags?post=163166"}],"curies":[{"name":"wp","href":"https:\/\/api.w.org\/{rel}","templated":true}]}}