{"id":163164,"date":"2023-07-02T06:52:47","date_gmt":"2023-07-02T10:52:47","guid":{"rendered":"https:\/\/www.eldiario.net\/portal\/?p=163164"},"modified":"2023-07-02T06:52:47","modified_gmt":"2023-07-02T10:52:47","slug":"la-perspectiva-de-calificacion-crediticia-de-bolivia-es-negativa","status":"publish","type":"post","link":"https:\/\/www.eldiario.net\/portal\/2023\/07\/02\/la-perspectiva-de-calificacion-crediticia-de-bolivia-es-negativa\/","title":{"rendered":"La perspectiva de calificaci\u00f3n  crediticia de Bolivia es negativa"},"content":{"rendered":"<p>La agencia de calificaci\u00f3n crediticia Moody\u2019s Investors Service (Moody\u2019s), mediante un comunicado, hizo conocer que cambi\u00f3 la calificaci\u00f3n de \u201criesgo crediticio alto\u201d en marzo de este a\u00f1o, a un pa\u00eds con t\u00edtulos con \u201cbaja solvencia\u201d a junio de 2023.<br \/>\n\u201cLos riesgos crediticios en curso asociados con la alta exposici\u00f3n de Bolivia a los shocks pol\u00edticos y econ\u00f3micos internos, as\u00ed como los persistentes riesgos fiscales y externos a la baja en ausencia de pol\u00edticas que aborden de manera efectiva los desaf\u00edos crediticios subyacentes\u201d, sostiene.<br \/>\nAsimismo, se\u00f1ala que \u201cpersisten los desaf\u00edos crediticios para Bolivia, como la disminuci\u00f3n de las reservas y la producci\u00f3n en el sector de hidrocarburos, as\u00ed como los riesgos latentes relacionados con los eventos pol\u00edticos internos\u201d, dichos factores que contribuyeron al cambio de perspectiva crediticia a \u201cnegativa\u201d, lo que indica una mayor preocupaci\u00f3n por la capacidad de Bolivia para hacer frente a sus obligaciones financieras en el futuro.<br \/>\nTambi\u00e9n se refiere a la Ley del Oro que permite avizorar una mejora en la liquidez externa a corto plazo sin despejar los riesgos de incumplimiento en el pago de los cr\u00e9ditos que pueda obtener.<\/p>\n","protected":false},"excerpt":{"rendered":"<p>La agencia de calificaci\u00f3n crediticia Moody\u2019s Investors Service (Moody\u2019s), mediante un comunicado, hizo conocer que cambi\u00f3 la calificaci\u00f3n de \u201criesgo crediticio alto\u201d en marzo de este a\u00f1o, a un pa\u00eds con t\u00edtulos con \u201cbaja solvencia\u201d a junio de 2023. \u201cLos riesgos crediticios en curso asociados con la alta exposici\u00f3n de Bolivia a los shocks pol\u00edticos [&hellip;]<\/p>\n","protected":false},"author":1,"featured_media":0,"comment_status":"closed","ping_status":"open","sticky":false,"template":"","format":"standard","meta":{"_acf_changed":false,"footnotes":""},"categories":[15],"tags":[],"class_list":["post-163164","post","type-post","status-publish","format-standard","category-portada"],"acf":{"antetitulo":""},"yoast_head":"<!-- This site is optimized with the Yoast SEO plugin v28.3 - https:\/\/yoast.com\/product\/yoast-seo-wordpress\/ -->\n<title>La perspectiva de calificaci\u00f3n crediticia de Bolivia es negativa - El Diario - Bolivia<\/title>\n<meta name=\"robots\" content=\"index, follow, max-snippet:-1, max-image-preview:large, max-video-preview:-1\" \/>\n<link rel=\"canonical\" href=\"https:\/\/www.eldiario.net\/portal\/2023\/07\/02\/la-perspectiva-de-calificacion-crediticia-de-bolivia-es-negativa\/\" \/>\n<meta property=\"og:locale\" content=\"es_ES\" \/>\n<meta property=\"og:type\" content=\"article\" \/>\n<meta property=\"og:title\" content=\"La perspectiva de calificaci\u00f3n crediticia de Bolivia es negativa - El Diario - Bolivia\" \/>\n<meta property=\"og:description\" content=\"La agencia de calificaci\u00f3n crediticia Moody\u2019s Investors Service (Moody\u2019s), mediante un comunicado, hizo conocer que cambi\u00f3 la calificaci\u00f3n de \u201criesgo crediticio alto\u201d en marzo de este a\u00f1o, a un pa\u00eds con t\u00edtulos con \u201cbaja solvencia\u201d a junio de 2023. \u201cLos riesgos crediticios en curso asociados con la alta exposici\u00f3n de Bolivia a los shocks pol\u00edticos [&hellip;]\" \/>\n<meta property=\"og:url\" content=\"https:\/\/www.eldiario.net\/portal\/2023\/07\/02\/la-perspectiva-de-calificacion-crediticia-de-bolivia-es-negativa\/\" \/>\n<meta property=\"og:site_name\" content=\"El Diario - Bolivia\" \/>\n<meta property=\"article:publisher\" content=\"https:\/\/www.facebook.com\/eldiario.bolivia\/\" \/>\n<meta property=\"article:published_time\" content=\"2023-07-02T10:52:47+00:00\" \/>\n<meta name=\"author\" content=\"Jeanette\" \/>\n<meta name=\"twitter:card\" content=\"summary_large_image\" \/>\n<meta name=\"twitter:creator\" content=\"@eldiario_net\" \/>\n<meta name=\"twitter:site\" content=\"@eldiario_net\" \/>\n<meta name=\"twitter:label1\" content=\"Escrito por\" \/>\n\t<meta name=\"twitter:data1\" content=\"Jeanette\" \/>\n\t<meta name=\"twitter:label2\" content=\"Tiempo de lectura\" \/>\n\t<meta name=\"twitter:data2\" content=\"1 minuto\" \/>\n<script type=\"application\/ld+json\" class=\"yoast-schema-graph\">{\"@context\":\"https:\\\/\\\/schema.org\",\"@graph\":[{\"@type\":\"Article\",\"@id\":\"https:\\\/\\\/www.eldiario.net\\\/portal\\\/2023\\\/07\\\/02\\\/la-perspectiva-de-calificacion-crediticia-de-bolivia-es-negativa\\\/#article\",\"isPartOf\":{\"@id\":\"https:\\\/\\\/www.eldiario.net\\\/portal\\\/2023\\\/07\\\/02\\\/la-perspectiva-de-calificacion-crediticia-de-bolivia-es-negativa\\\/\"},\"author\":{\"name\":\"Jeanette\",\"@id\":\"https:\\\/\\\/www.eldiario.net\\\/portal\\\/#\\\/schema\\\/person\\\/f46445640444750d7d753ccd04ae01b7\"},\"headline\":\"La perspectiva de calificaci\u00f3n crediticia de Bolivia es negativa\",\"datePublished\":\"2023-07-02T10:52:47+00:00\",\"mainEntityOfPage\":{\"@id\":\"https:\\\/\\\/www.eldiario.net\\\/portal\\\/2023\\\/07\\\/02\\\/la-perspectiva-de-calificacion-crediticia-de-bolivia-es-negativa\\\/\"},\"wordCount\":213,\"publisher\":{\"@id\":\"https:\\\/\\\/www.eldiario.net\\\/portal\\\/#organization\"},\"articleSection\":[\"Portada\"],\"inLanguage\":\"es\"},{\"@type\":\"WebPage\",\"@id\":\"https:\\\/\\\/www.eldiario.net\\\/portal\\\/2023\\\/07\\\/02\\\/la-perspectiva-de-calificacion-crediticia-de-bolivia-es-negativa\\\/\",\"url\":\"https:\\\/\\\/www.eldiario.net\\\/portal\\\/2023\\\/07\\\/02\\\/la-perspectiva-de-calificacion-crediticia-de-bolivia-es-negativa\\\/\",\"name\":\"La perspectiva de calificaci\u00f3n crediticia de Bolivia es negativa - El Diario - Bolivia\",\"isPartOf\":{\"@id\":\"https:\\\/\\\/www.eldiario.net\\\/portal\\\/#website\"},\"datePublished\":\"2023-07-02T10:52:47+00:00\",\"breadcrumb\":{\"@id\":\"https:\\\/\\\/www.eldiario.net\\\/portal\\\/2023\\\/07\\\/02\\\/la-perspectiva-de-calificacion-crediticia-de-bolivia-es-negativa\\\/#breadcrumb\"},\"inLanguage\":\"es\",\"potentialAction\":[{\"@type\":\"ReadAction\",\"target\":[\"https:\\\/\\\/www.eldiario.net\\\/portal\\\/2023\\\/07\\\/02\\\/la-perspectiva-de-calificacion-crediticia-de-bolivia-es-negativa\\\/\"]}]},{\"@type\":\"BreadcrumbList\",\"@id\":\"https:\\\/\\\/www.eldiario.net\\\/portal\\\/2023\\\/07\\\/02\\\/la-perspectiva-de-calificacion-crediticia-de-bolivia-es-negativa\\\/#breadcrumb\",\"itemListElement\":[{\"@type\":\"ListItem\",\"position\":1,\"name\":\"Portada\",\"item\":\"https:\\\/\\\/www.eldiario.net\\\/portal\\\/\"},{\"@type\":\"ListItem\",\"position\":2,\"name\":\"La perspectiva de calificaci\u00f3n crediticia de Bolivia es negativa\"}]},{\"@type\":\"WebSite\",\"@id\":\"https:\\\/\\\/www.eldiario.net\\\/portal\\\/#website\",\"url\":\"https:\\\/\\\/www.eldiario.net\\\/portal\\\/\",\"name\":\"El Diario - Decano de la prensa nacional\",\"description\":\"El Diario - Decano de la prensa nacional\",\"publisher\":{\"@id\":\"https:\\\/\\\/www.eldiario.net\\\/portal\\\/#organization\"},\"potentialAction\":[{\"@type\":\"SearchAction\",\"target\":{\"@type\":\"EntryPoint\",\"urlTemplate\":\"https:\\\/\\\/www.eldiario.net\\\/portal\\\/?s={search_term_string}\"},\"query-input\":{\"@type\":\"PropertyValueSpecification\",\"valueRequired\":true,\"valueName\":\"search_term_string\"}}],\"inLanguage\":\"es\"},{\"@type\":\"Organization\",\"@id\":\"https:\\\/\\\/www.eldiario.net\\\/portal\\\/#organization\",\"name\":\"El Diario - Decano de la prensa nacional\",\"url\":\"https:\\\/\\\/www.eldiario.net\\\/portal\\\/\",\"logo\":{\"@type\":\"ImageObject\",\"inLanguage\":\"es\",\"@id\":\"https:\\\/\\\/www.eldiario.net\\\/portal\\\/#\\\/schema\\\/logo\\\/image\\\/\",\"url\":\"https:\\\/\\\/www.eldiario.net\\\/portal\\\/wp-content\\\/uploads\\\/2023\\\/07\\\/logo_ED.jpg\",\"contentUrl\":\"https:\\\/\\\/www.eldiario.net\\\/portal\\\/wp-content\\\/uploads\\\/2023\\\/07\\\/logo_ED.jpg\",\"width\":272,\"height\":52,\"caption\":\"El Diario - Decano de la prensa nacional\"},\"image\":{\"@id\":\"https:\\\/\\\/www.eldiario.net\\\/portal\\\/#\\\/schema\\\/logo\\\/image\\\/\"},\"sameAs\":[\"https:\\\/\\\/www.facebook.com\\\/eldiario.bolivia\\\/\",\"https:\\\/\\\/x.com\\\/eldiario_net\"]},{\"@type\":\"Person\",\"@id\":\"https:\\\/\\\/www.eldiario.net\\\/portal\\\/#\\\/schema\\\/person\\\/f46445640444750d7d753ccd04ae01b7\",\"name\":\"Jeanette\",\"image\":{\"@type\":\"ImageObject\",\"inLanguage\":\"es\",\"@id\":\"https:\\\/\\\/secure.gravatar.com\\\/avatar\\\/3ea2118a5f7dad2b7138b1187a6b7ee55f160b9968b66013c3a3ef39dd7e5798?s=96&d=mm&r=g\",\"url\":\"https:\\\/\\\/secure.gravatar.com\\\/avatar\\\/3ea2118a5f7dad2b7138b1187a6b7ee55f160b9968b66013c3a3ef39dd7e5798?s=96&d=mm&r=g\",\"contentUrl\":\"https:\\\/\\\/secure.gravatar.com\\\/avatar\\\/3ea2118a5f7dad2b7138b1187a6b7ee55f160b9968b66013c3a3ef39dd7e5798?s=96&d=mm&r=g\",\"caption\":\"Jeanette\"},\"sameAs\":[\"https:\\\/\\\/www.eldiario.net\\\/portal\"],\"url\":\"https:\\\/\\\/www.eldiario.net\\\/portal\\\/author\\\/jeanette\\\/\"}]}<\/script>\n<!-- \/ Yoast SEO plugin. -->","yoast_head_json":{"title":"La perspectiva de calificaci\u00f3n crediticia de Bolivia es negativa - El Diario - Bolivia","robots":{"index":"index","follow":"follow","max-snippet":"max-snippet:-1","max-image-preview":"max-image-preview:large","max-video-preview":"max-video-preview:-1"},"canonical":"https:\/\/www.eldiario.net\/portal\/2023\/07\/02\/la-perspectiva-de-calificacion-crediticia-de-bolivia-es-negativa\/","og_locale":"es_ES","og_type":"article","og_title":"La perspectiva de calificaci\u00f3n crediticia de Bolivia es negativa - El Diario - Bolivia","og_description":"La agencia de calificaci\u00f3n crediticia Moody\u2019s Investors Service (Moody\u2019s), mediante un comunicado, hizo conocer que cambi\u00f3 la calificaci\u00f3n de \u201criesgo crediticio alto\u201d en marzo de este a\u00f1o, a un pa\u00eds con t\u00edtulos con \u201cbaja solvencia\u201d a junio de 2023. \u201cLos riesgos crediticios en curso asociados con la alta exposici\u00f3n de Bolivia a los shocks pol\u00edticos [&hellip;]","og_url":"https:\/\/www.eldiario.net\/portal\/2023\/07\/02\/la-perspectiva-de-calificacion-crediticia-de-bolivia-es-negativa\/","og_site_name":"El Diario - Bolivia","article_publisher":"https:\/\/www.facebook.com\/eldiario.bolivia\/","article_published_time":"2023-07-02T10:52:47+00:00","author":"Jeanette","twitter_card":"summary_large_image","twitter_creator":"@eldiario_net","twitter_site":"@eldiario_net","twitter_misc":{"Escrito por":"Jeanette","Tiempo de lectura":"1 minuto"},"schema":{"@context":"https:\/\/schema.org","@graph":[{"@type":"Article","@id":"https:\/\/www.eldiario.net\/portal\/2023\/07\/02\/la-perspectiva-de-calificacion-crediticia-de-bolivia-es-negativa\/#article","isPartOf":{"@id":"https:\/\/www.eldiario.net\/portal\/2023\/07\/02\/la-perspectiva-de-calificacion-crediticia-de-bolivia-es-negativa\/"},"author":{"name":"Jeanette","@id":"https:\/\/www.eldiario.net\/portal\/#\/schema\/person\/f46445640444750d7d753ccd04ae01b7"},"headline":"La perspectiva de calificaci\u00f3n crediticia de Bolivia es negativa","datePublished":"2023-07-02T10:52:47+00:00","mainEntityOfPage":{"@id":"https:\/\/www.eldiario.net\/portal\/2023\/07\/02\/la-perspectiva-de-calificacion-crediticia-de-bolivia-es-negativa\/"},"wordCount":213,"publisher":{"@id":"https:\/\/www.eldiario.net\/portal\/#organization"},"articleSection":["Portada"],"inLanguage":"es"},{"@type":"WebPage","@id":"https:\/\/www.eldiario.net\/portal\/2023\/07\/02\/la-perspectiva-de-calificacion-crediticia-de-bolivia-es-negativa\/","url":"https:\/\/www.eldiario.net\/portal\/2023\/07\/02\/la-perspectiva-de-calificacion-crediticia-de-bolivia-es-negativa\/","name":"La perspectiva de calificaci\u00f3n crediticia de Bolivia es negativa - El Diario - Bolivia","isPartOf":{"@id":"https:\/\/www.eldiario.net\/portal\/#website"},"datePublished":"2023-07-02T10:52:47+00:00","breadcrumb":{"@id":"https:\/\/www.eldiario.net\/portal\/2023\/07\/02\/la-perspectiva-de-calificacion-crediticia-de-bolivia-es-negativa\/#breadcrumb"},"inLanguage":"es","potentialAction":[{"@type":"ReadAction","target":["https:\/\/www.eldiario.net\/portal\/2023\/07\/02\/la-perspectiva-de-calificacion-crediticia-de-bolivia-es-negativa\/"]}]},{"@type":"BreadcrumbList","@id":"https:\/\/www.eldiario.net\/portal\/2023\/07\/02\/la-perspectiva-de-calificacion-crediticia-de-bolivia-es-negativa\/#breadcrumb","itemListElement":[{"@type":"ListItem","position":1,"name":"Portada","item":"https:\/\/www.eldiario.net\/portal\/"},{"@type":"ListItem","position":2,"name":"La perspectiva de calificaci\u00f3n crediticia de Bolivia es negativa"}]},{"@type":"WebSite","@id":"https:\/\/www.eldiario.net\/portal\/#website","url":"https:\/\/www.eldiario.net\/portal\/","name":"El Diario - Decano de la prensa nacional","description":"El Diario - Decano de la prensa nacional","publisher":{"@id":"https:\/\/www.eldiario.net\/portal\/#organization"},"potentialAction":[{"@type":"SearchAction","target":{"@type":"EntryPoint","urlTemplate":"https:\/\/www.eldiario.net\/portal\/?s={search_term_string}"},"query-input":{"@type":"PropertyValueSpecification","valueRequired":true,"valueName":"search_term_string"}}],"inLanguage":"es"},{"@type":"Organization","@id":"https:\/\/www.eldiario.net\/portal\/#organization","name":"El Diario - Decano de la prensa nacional","url":"https:\/\/www.eldiario.net\/portal\/","logo":{"@type":"ImageObject","inLanguage":"es","@id":"https:\/\/www.eldiario.net\/portal\/#\/schema\/logo\/image\/","url":"https:\/\/www.eldiario.net\/portal\/wp-content\/uploads\/2023\/07\/logo_ED.jpg","contentUrl":"https:\/\/www.eldiario.net\/portal\/wp-content\/uploads\/2023\/07\/logo_ED.jpg","width":272,"height":52,"caption":"El Diario - Decano de la prensa nacional"},"image":{"@id":"https:\/\/www.eldiario.net\/portal\/#\/schema\/logo\/image\/"},"sameAs":["https:\/\/www.facebook.com\/eldiario.bolivia\/","https:\/\/x.com\/eldiario_net"]},{"@type":"Person","@id":"https:\/\/www.eldiario.net\/portal\/#\/schema\/person\/f46445640444750d7d753ccd04ae01b7","name":"Jeanette","image":{"@type":"ImageObject","inLanguage":"es","@id":"https:\/\/secure.gravatar.com\/avatar\/3ea2118a5f7dad2b7138b1187a6b7ee55f160b9968b66013c3a3ef39dd7e5798?s=96&d=mm&r=g","url":"https:\/\/secure.gravatar.com\/avatar\/3ea2118a5f7dad2b7138b1187a6b7ee55f160b9968b66013c3a3ef39dd7e5798?s=96&d=mm&r=g","contentUrl":"https:\/\/secure.gravatar.com\/avatar\/3ea2118a5f7dad2b7138b1187a6b7ee55f160b9968b66013c3a3ef39dd7e5798?s=96&d=mm&r=g","caption":"Jeanette"},"sameAs":["https:\/\/www.eldiario.net\/portal"],"url":"https:\/\/www.eldiario.net\/portal\/author\/jeanette\/"}]}},"_links":{"self":[{"href":"https:\/\/www.eldiario.net\/portal\/wp-json\/wp\/v2\/posts\/163164","targetHints":{"allow":["GET"]}}],"collection":[{"href":"https:\/\/www.eldiario.net\/portal\/wp-json\/wp\/v2\/posts"}],"about":[{"href":"https:\/\/www.eldiario.net\/portal\/wp-json\/wp\/v2\/types\/post"}],"author":[{"embeddable":true,"href":"https:\/\/www.eldiario.net\/portal\/wp-json\/wp\/v2\/users\/1"}],"replies":[{"embeddable":true,"href":"https:\/\/www.eldiario.net\/portal\/wp-json\/wp\/v2\/comments?post=163164"}],"version-history":[{"count":0,"href":"https:\/\/www.eldiario.net\/portal\/wp-json\/wp\/v2\/posts\/163164\/revisions"}],"wp:attachment":[{"href":"https:\/\/www.eldiario.net\/portal\/wp-json\/wp\/v2\/media?parent=163164"}],"wp:term":[{"taxonomy":"category","embeddable":true,"href":"https:\/\/www.eldiario.net\/portal\/wp-json\/wp\/v2\/categories?post=163164"},{"taxonomy":"post_tag","embeddable":true,"href":"https:\/\/www.eldiario.net\/portal\/wp-json\/wp\/v2\/tags?post=163164"}],"curies":[{"name":"wp","href":"https:\/\/api.w.org\/{rel}","templated":true}]}}