{"id":163076,"date":"2023-07-02T06:18:22","date_gmt":"2023-07-02T10:18:22","guid":{"rendered":"https:\/\/www.eldiario.net\/portal\/?p=163076"},"modified":"2023-07-02T06:18:22","modified_gmt":"2023-07-02T10:18:22","slug":"zelenski-agradece-a-espana-por-acogida-de-180-000-refugiados-ucranianos","status":"publish","type":"post","link":"https:\/\/www.eldiario.net\/portal\/2023\/07\/02\/zelenski-agradece-a-espana-por-acogida-de-180-000-refugiados-ucranianos\/","title":{"rendered":"Zelenski agradece a Espa\u00f1a por acogida  de 180.000 refugiados ucranianos"},"content":{"rendered":"<p>El presidente de Ucrania, Volodimir Zelenski, agradeci\u00f3 a Espa\u00f1a por haber acogido a m\u00e1s de 180.000 refugiados ucranianos desplazados debido a la guerra y destac\u00f3 el apoyo militar espa\u00f1ol aprovechando la visita a Kiev del presidente del Gobierno, Pedro S\u00e1nchez.<br \/>\n\u201cUnos 180.000 ucranianos residen en Espa\u00f1a. Agradecemos much\u00edsimo por eso y por el apoyo a nuestras decisiones\u201d, afirm\u00f3 Zelenski en rueda de prensa conjunta con S\u00e1nchez y destac\u00f3 la simb\u00f3lica presencia de S\u00e1nchez en Kiev, en el primer d\u00eda del semestre de la presidencia espa\u00f1ola de la UE.<br \/>\nEl dirigente ucraniano aplaudi\u00f3 tambi\u00e9n el rechazo de Espa\u00f1a al aceptar a deportistas rusos y bielorrusos en competiciones deportivas \u00abque tienen lugar ahora mismo en Espa\u00f1a\u00bb, as\u00ed como el respaldo espa\u00f1ol al ingreso de Ucrania en la OTAN y en la UE. \u00abEstamos hablando de garant\u00edas de defensa, de poder vivir en paz\u00bb, argument\u00f3.<br \/>\nIgualmente resalt\u00f3 el apoyo de Espa\u00f1a a la F\u00f3rmula para la Paz ucraniana que prev\u00e9 la negociaci\u00f3n de la paz, solo cuando Mosc\u00fa acepte devolver todos los territorios ucranianos. \u00abUcrania est\u00e1 lista para una soluci\u00f3n diplom\u00e1tica con las fronteras de antes de la guerra\u00bb, no con la \u00abl\u00ednea de contacto entre nosotros y nuestros enemigos\u00bb de febrero de 2022, apunt\u00f3.<br \/>\n\u00abLe doy las gracias se\u00f1or primer ministro (presidente) por la ayuda que presta a Ucrania, que nos ayuda a proteger las vidas de los ucranianos, a defendernos\u00bb, a\u00f1adi\u00f3 Zelenski.<br \/>\nTambi\u00e9n mencion\u00f3 la importancia de contar con aviones de combate F-16, aparatos con los que todav\u00eda no cuenta Ucrania, aunque s\u00ed hay pa\u00edses que est\u00e1n formando a pilotos ucranianos para su uso. En ese sentido advirti\u00f3 de que ciertos pa\u00edses est\u00e1n retrasando esta formaci\u00f3n. \u00abNo hay un calendario de formaci\u00f3n. Creo que algunos socios est\u00e1n retras\u00e1ndola. \u00bfPor qu\u00e9 lo hacen? No lo s\u00e9\u00bb, apunt\u00f3.<br \/>\nEl mandatario ucraniano se refiri\u00f3 a la voladura de la presa de Kajovka que atribuye a Mosc\u00fa y calific\u00f3 el resultado de \u00abecocidio\u00bb. Zelenski tambi\u00e9n advierte de las \u00abamenazas\u00bb de Rusia de \u00abvolar la central nuclear de Zaporiyia\u00bb.<br \/>\n\u00abNo consiguen ninguna victoria en el campo de batalla y quieren sustituir esto con actos de terror como cuando volaron la presa de Kajovka y ahora amenazan con volar la central nuclear de Zaporiyia\u00bb, resalt\u00f3.<br \/>\nRusia incluso podr\u00eda activar los explosivos a distancia una vez que la central est\u00e9 bajo control ucraniano para poder as\u00ed culpar a Kiev, advirti\u00f3. \u00abEs muy peligroso no solo para Ucrania, sino para todo el mundo (&#8230;). Estamos hablando con todos los l\u00edderes europeos y de todo el mundo para que hablen con Rusia para poder evitar el desastre que puede provocar\u00bb, plante\u00f3.<br \/>\nEn ese sentido, cuestion\u00f3 que no se haya sancionado a la empresa estatal rusa de la energ\u00eda at\u00f3mica. \u00abUcrania no entiende por qu\u00e9 no se han impuesto todav\u00eda sanciones a la empresa Rosatom, que est\u00e1 ocupando Zaporiyia\u00bb, argument\u00f3.<br \/>\nPor otra parte, la declaraci\u00f3n conjunta emitida por los dos pa\u00edses destaca su firme compromiso de llevar\u00e1 ante la justicia a los responsables de cr\u00edmenes de guerra y otros delitos relacionados con la guerra y el establecimiento de un mecanismo judicial apropiado. As\u00ed explicit\u00f3 su respaldo a las investigaciones de la Fiscal\u00eda del Tribunal Penal Internacional.<br \/>\nKiev y Madrid continuar\u00e1n adem\u00e1s colaborando con otros pa\u00edses para que se establezcan mecanismos para compensar las p\u00e9rdidas, lesiones y da\u00f1os causados por la agresi\u00f3n rusa. Para ello expres\u00f3 su respaldo al registro internacional de da\u00f1os presentado en el Consejo de Europa celebrado en Reikiavik los d\u00edas 16 y 17 de mayo. (Europa Press).<\/p>\n","protected":false},"excerpt":{"rendered":"<p>El presidente de Ucrania, Volodimir Zelenski, agradeci\u00f3 a Espa\u00f1a por haber acogido a m\u00e1s de 180.000 refugiados ucranianos desplazados debido a la guerra y destac\u00f3 el apoyo militar espa\u00f1ol aprovechando la visita a Kiev del presidente del Gobierno, Pedro S\u00e1nchez. \u201cUnos 180.000 ucranianos residen en Espa\u00f1a. Agradecemos much\u00edsimo por eso y por el apoyo a [&hellip;]<\/p>\n","protected":false},"author":1,"featured_media":163077,"comment_status":"closed","ping_status":"open","sticky":false,"template":"","format":"standard","meta":{"_acf_changed":false,"footnotes":""},"categories":[3],"tags":[],"class_list":["post-163076","post","type-post","status-publish","format-standard","has-post-thumbnail","category-internacional"],"acf":{"antetitulo":""},"yoast_head":"<!-- This site is optimized with the Yoast SEO plugin v28.4 - https:\/\/yoast.com\/product\/yoast-seo-wordpress\/ -->\n<title>Zelenski agradece a Espa\u00f1a por acogida de 180.000 refugiados ucranianos - El Diario - Bolivia<\/title>\n<meta name=\"robots\" content=\"index, follow, max-snippet:-1, max-image-preview:large, max-video-preview:-1\" \/>\n<link rel=\"canonical\" href=\"https:\/\/www.eldiario.net\/portal\/2023\/07\/02\/zelenski-agradece-a-espana-por-acogida-de-180-000-refugiados-ucranianos\/\" \/>\n<meta property=\"og:locale\" content=\"es_ES\" \/>\n<meta property=\"og:type\" content=\"article\" \/>\n<meta property=\"og:title\" content=\"Zelenski agradece a Espa\u00f1a por acogida de 180.000 refugiados ucranianos - El Diario - Bolivia\" \/>\n<meta property=\"og:description\" content=\"El presidente de Ucrania, Volodimir Zelenski, agradeci\u00f3 a Espa\u00f1a por haber acogido a m\u00e1s de 180.000 refugiados ucranianos desplazados debido a la guerra y destac\u00f3 el apoyo militar espa\u00f1ol aprovechando la visita a Kiev del presidente del Gobierno, Pedro S\u00e1nchez. \u201cUnos 180.000 ucranianos residen en Espa\u00f1a. Agradecemos much\u00edsimo por eso y por el apoyo a [&hellip;]\" \/>\n<meta property=\"og:url\" content=\"https:\/\/www.eldiario.net\/portal\/2023\/07\/02\/zelenski-agradece-a-espana-por-acogida-de-180-000-refugiados-ucranianos\/\" \/>\n<meta property=\"og:site_name\" content=\"El Diario - Bolivia\" \/>\n<meta property=\"article:publisher\" content=\"https:\/\/www.facebook.com\/eldiario.bolivia\/\" \/>\n<meta property=\"article:published_time\" content=\"2023-07-02T10:18:22+00:00\" \/>\n<meta property=\"og:image\" content=\"https:\/\/www.eldiario.net\/portal\/wp-content\/uploads\/2023\/07\/MESA.webp\" \/>\n\t<meta property=\"og:image:width\" content=\"1706\" \/>\n\t<meta property=\"og:image:height\" content=\"960\" \/>\n\t<meta property=\"og:image:type\" content=\"image\/webp\" \/>\n<meta name=\"author\" content=\"Jeanette\" \/>\n<meta name=\"twitter:card\" content=\"summary_large_image\" \/>\n<meta name=\"twitter:creator\" content=\"@eldiario_net\" \/>\n<meta name=\"twitter:site\" content=\"@eldiario_net\" \/>\n<meta name=\"twitter:label1\" content=\"Escrito por\" \/>\n\t<meta name=\"twitter:data1\" content=\"Jeanette\" \/>\n\t<meta name=\"twitter:label2\" content=\"Tiempo de lectura\" \/>\n\t<meta name=\"twitter:data2\" content=\"3 minutos\" \/>\n<script type=\"application\/ld+json\" class=\"yoast-schema-graph\">{\"@context\":\"https:\\\/\\\/schema.org\",\"@graph\":[{\"@type\":\"Article\",\"@id\":\"https:\\\/\\\/www.eldiario.net\\\/portal\\\/2023\\\/07\\\/02\\\/zelenski-agradece-a-espana-por-acogida-de-180-000-refugiados-ucranianos\\\/#article\",\"isPartOf\":{\"@id\":\"https:\\\/\\\/www.eldiario.net\\\/portal\\\/2023\\\/07\\\/02\\\/zelenski-agradece-a-espana-por-acogida-de-180-000-refugiados-ucranianos\\\/\"},\"author\":{\"name\":\"Jeanette\",\"@id\":\"https:\\\/\\\/www.eldiario.net\\\/portal\\\/#\\\/schema\\\/person\\\/2c57cf2b7a7ae032e449e4c9b1019eac\"},\"headline\":\"Zelenski agradece a Espa\u00f1a por acogida de 180.000 refugiados ucranianos\",\"datePublished\":\"2023-07-02T10:18:22+00:00\",\"mainEntityOfPage\":{\"@id\":\"https:\\\/\\\/www.eldiario.net\\\/portal\\\/2023\\\/07\\\/02\\\/zelenski-agradece-a-espana-por-acogida-de-180-000-refugiados-ucranianos\\\/\"},\"wordCount\":635,\"publisher\":{\"@id\":\"https:\\\/\\\/www.eldiario.net\\\/portal\\\/#organization\"},\"image\":{\"@id\":\"https:\\\/\\\/www.eldiario.net\\\/portal\\\/2023\\\/07\\\/02\\\/zelenski-agradece-a-espana-por-acogida-de-180-000-refugiados-ucranianos\\\/#primaryimage\"},\"thumbnailUrl\":\"https:\\\/\\\/www.eldiario.net\\\/portal\\\/wp-content\\\/uploads\\\/2023\\\/07\\\/MESA.webp\",\"articleSection\":[\"Internacional\"],\"inLanguage\":\"es\"},{\"@type\":\"WebPage\",\"@id\":\"https:\\\/\\\/www.eldiario.net\\\/portal\\\/2023\\\/07\\\/02\\\/zelenski-agradece-a-espana-por-acogida-de-180-000-refugiados-ucranianos\\\/\",\"url\":\"https:\\\/\\\/www.eldiario.net\\\/portal\\\/2023\\\/07\\\/02\\\/zelenski-agradece-a-espana-por-acogida-de-180-000-refugiados-ucranianos\\\/\",\"name\":\"Zelenski agradece a Espa\u00f1a por acogida de 180.000 refugiados ucranianos - El Diario - Bolivia\",\"isPartOf\":{\"@id\":\"https:\\\/\\\/www.eldiario.net\\\/portal\\\/#website\"},\"primaryImageOfPage\":{\"@id\":\"https:\\\/\\\/www.eldiario.net\\\/portal\\\/2023\\\/07\\\/02\\\/zelenski-agradece-a-espana-por-acogida-de-180-000-refugiados-ucranianos\\\/#primaryimage\"},\"image\":{\"@id\":\"https:\\\/\\\/www.eldiario.net\\\/portal\\\/2023\\\/07\\\/02\\\/zelenski-agradece-a-espana-por-acogida-de-180-000-refugiados-ucranianos\\\/#primaryimage\"},\"thumbnailUrl\":\"https:\\\/\\\/www.eldiario.net\\\/portal\\\/wp-content\\\/uploads\\\/2023\\\/07\\\/MESA.webp\",\"datePublished\":\"2023-07-02T10:18:22+00:00\",\"breadcrumb\":{\"@id\":\"https:\\\/\\\/www.eldiario.net\\\/portal\\\/2023\\\/07\\\/02\\\/zelenski-agradece-a-espana-por-acogida-de-180-000-refugiados-ucranianos\\\/#breadcrumb\"},\"inLanguage\":\"es\",\"potentialAction\":[{\"@type\":\"ReadAction\",\"target\":[\"https:\\\/\\\/www.eldiario.net\\\/portal\\\/2023\\\/07\\\/02\\\/zelenski-agradece-a-espana-por-acogida-de-180-000-refugiados-ucranianos\\\/\"]}]},{\"@type\":\"ImageObject\",\"inLanguage\":\"es\",\"@id\":\"https:\\\/\\\/www.eldiario.net\\\/portal\\\/2023\\\/07\\\/02\\\/zelenski-agradece-a-espana-por-acogida-de-180-000-refugiados-ucranianos\\\/#primaryimage\",\"url\":\"https:\\\/\\\/www.eldiario.net\\\/portal\\\/wp-content\\\/uploads\\\/2023\\\/07\\\/MESA.webp\",\"contentUrl\":\"https:\\\/\\\/www.eldiario.net\\\/portal\\\/wp-content\\\/uploads\\\/2023\\\/07\\\/MESA.webp\",\"width\":1706,\"height\":960,\"caption\":\"VOLODIMIR ZELENSKI AGRADECI\u00d3 LA ACOGIDA DE UCRANIANOS EN RUEDA DE PRENSA. El Espa\u00f1ol\"},{\"@type\":\"BreadcrumbList\",\"@id\":\"https:\\\/\\\/www.eldiario.net\\\/portal\\\/2023\\\/07\\\/02\\\/zelenski-agradece-a-espana-por-acogida-de-180-000-refugiados-ucranianos\\\/#breadcrumb\",\"itemListElement\":[{\"@type\":\"ListItem\",\"position\":1,\"name\":\"Portada\",\"item\":\"https:\\\/\\\/www.eldiario.net\\\/portal\\\/\"},{\"@type\":\"ListItem\",\"position\":2,\"name\":\"Zelenski agradece a Espa\u00f1a por acogida de 180.000 refugiados ucranianos\"}]},{\"@type\":\"WebSite\",\"@id\":\"https:\\\/\\\/www.eldiario.net\\\/portal\\\/#website\",\"url\":\"https:\\\/\\\/www.eldiario.net\\\/portal\\\/\",\"name\":\"El Diario - Decano de la prensa nacional\",\"description\":\"El Diario - Decano de la prensa nacional\",\"publisher\":{\"@id\":\"https:\\\/\\\/www.eldiario.net\\\/portal\\\/#organization\"},\"potentialAction\":[{\"@type\":\"SearchAction\",\"target\":{\"@type\":\"EntryPoint\",\"urlTemplate\":\"https:\\\/\\\/www.eldiario.net\\\/portal\\\/?s={search_term_string}\"},\"query-input\":{\"@type\":\"PropertyValueSpecification\",\"valueRequired\":true,\"valueName\":\"search_term_string\"}}],\"inLanguage\":\"es\"},{\"@type\":\"Organization\",\"@id\":\"https:\\\/\\\/www.eldiario.net\\\/portal\\\/#organization\",\"name\":\"El Diario - Decano de la prensa nacional\",\"url\":\"https:\\\/\\\/www.eldiario.net\\\/portal\\\/\",\"logo\":{\"@type\":\"ImageObject\",\"inLanguage\":\"es\",\"@id\":\"https:\\\/\\\/www.eldiario.net\\\/portal\\\/#\\\/schema\\\/logo\\\/image\\\/\",\"url\":\"https:\\\/\\\/www.eldiario.net\\\/portal\\\/wp-content\\\/uploads\\\/2023\\\/07\\\/logo_ED.jpg\",\"contentUrl\":\"https:\\\/\\\/www.eldiario.net\\\/portal\\\/wp-content\\\/uploads\\\/2023\\\/07\\\/logo_ED.jpg\",\"width\":272,\"height\":52,\"caption\":\"El Diario - Decano de la prensa nacional\"},\"image\":{\"@id\":\"https:\\\/\\\/www.eldiario.net\\\/portal\\\/#\\\/schema\\\/logo\\\/image\\\/\"},\"sameAs\":[\"https:\\\/\\\/www.facebook.com\\\/eldiario.bolivia\\\/\",\"https:\\\/\\\/x.com\\\/eldiario_net\"]},{\"@type\":\"Person\",\"@id\":\"https:\\\/\\\/www.eldiario.net\\\/portal\\\/#\\\/schema\\\/person\\\/2c57cf2b7a7ae032e449e4c9b1019eac\",\"name\":\"Jeanette\",\"image\":{\"@type\":\"ImageObject\",\"inLanguage\":\"es\",\"@id\":\"https:\\\/\\\/secure.gravatar.com\\\/avatar\\\/3ea2118a5f7dad2b7138b1187a6b7ee55f160b9968b66013c3a3ef39dd7e5798?s=96&d=mm&r=g\",\"url\":\"https:\\\/\\\/secure.gravatar.com\\\/avatar\\\/3ea2118a5f7dad2b7138b1187a6b7ee55f160b9968b66013c3a3ef39dd7e5798?s=96&d=mm&r=g\",\"contentUrl\":\"https:\\\/\\\/secure.gravatar.com\\\/avatar\\\/3ea2118a5f7dad2b7138b1187a6b7ee55f160b9968b66013c3a3ef39dd7e5798?s=96&d=mm&r=g\",\"caption\":\"Jeanette\"},\"sameAs\":[\"https:\\\/\\\/www.eldiario.net\\\/portal\"],\"url\":\"https:\\\/\\\/www.eldiario.net\\\/portal\\\/author\\\/jeanette\\\/\"}]}<\/script>\n<!-- \/ Yoast SEO plugin. -->","yoast_head_json":{"title":"Zelenski agradece a Espa\u00f1a por acogida de 180.000 refugiados ucranianos - El Diario - Bolivia","robots":{"index":"index","follow":"follow","max-snippet":"max-snippet:-1","max-image-preview":"max-image-preview:large","max-video-preview":"max-video-preview:-1"},"canonical":"https:\/\/www.eldiario.net\/portal\/2023\/07\/02\/zelenski-agradece-a-espana-por-acogida-de-180-000-refugiados-ucranianos\/","og_locale":"es_ES","og_type":"article","og_title":"Zelenski agradece a Espa\u00f1a por acogida de 180.000 refugiados ucranianos - El Diario - Bolivia","og_description":"El presidente de Ucrania, Volodimir Zelenski, agradeci\u00f3 a Espa\u00f1a por haber acogido a m\u00e1s de 180.000 refugiados ucranianos desplazados debido a la guerra y destac\u00f3 el apoyo militar espa\u00f1ol aprovechando la visita a Kiev del presidente del Gobierno, Pedro S\u00e1nchez. \u201cUnos 180.000 ucranianos residen en Espa\u00f1a. Agradecemos much\u00edsimo por eso y por el apoyo a [&hellip;]","og_url":"https:\/\/www.eldiario.net\/portal\/2023\/07\/02\/zelenski-agradece-a-espana-por-acogida-de-180-000-refugiados-ucranianos\/","og_site_name":"El Diario - Bolivia","article_publisher":"https:\/\/www.facebook.com\/eldiario.bolivia\/","article_published_time":"2023-07-02T10:18:22+00:00","og_image":[{"width":1706,"height":960,"url":"https:\/\/www.eldiario.net\/portal\/wp-content\/uploads\/2023\/07\/MESA.webp","type":"image\/webp"}],"author":"Jeanette","twitter_card":"summary_large_image","twitter_creator":"@eldiario_net","twitter_site":"@eldiario_net","twitter_misc":{"Escrito por":"Jeanette","Tiempo de lectura":"3 minutos"},"schema":{"@context":"https:\/\/schema.org","@graph":[{"@type":"Article","@id":"https:\/\/www.eldiario.net\/portal\/2023\/07\/02\/zelenski-agradece-a-espana-por-acogida-de-180-000-refugiados-ucranianos\/#article","isPartOf":{"@id":"https:\/\/www.eldiario.net\/portal\/2023\/07\/02\/zelenski-agradece-a-espana-por-acogida-de-180-000-refugiados-ucranianos\/"},"author":{"name":"Jeanette","@id":"https:\/\/www.eldiario.net\/portal\/#\/schema\/person\/2c57cf2b7a7ae032e449e4c9b1019eac"},"headline":"Zelenski agradece a Espa\u00f1a por acogida de 180.000 refugiados ucranianos","datePublished":"2023-07-02T10:18:22+00:00","mainEntityOfPage":{"@id":"https:\/\/www.eldiario.net\/portal\/2023\/07\/02\/zelenski-agradece-a-espana-por-acogida-de-180-000-refugiados-ucranianos\/"},"wordCount":635,"publisher":{"@id":"https:\/\/www.eldiario.net\/portal\/#organization"},"image":{"@id":"https:\/\/www.eldiario.net\/portal\/2023\/07\/02\/zelenski-agradece-a-espana-por-acogida-de-180-000-refugiados-ucranianos\/#primaryimage"},"thumbnailUrl":"https:\/\/www.eldiario.net\/portal\/wp-content\/uploads\/2023\/07\/MESA.webp","articleSection":["Internacional"],"inLanguage":"es"},{"@type":"WebPage","@id":"https:\/\/www.eldiario.net\/portal\/2023\/07\/02\/zelenski-agradece-a-espana-por-acogida-de-180-000-refugiados-ucranianos\/","url":"https:\/\/www.eldiario.net\/portal\/2023\/07\/02\/zelenski-agradece-a-espana-por-acogida-de-180-000-refugiados-ucranianos\/","name":"Zelenski agradece a Espa\u00f1a por acogida de 180.000 refugiados ucranianos - El Diario - Bolivia","isPartOf":{"@id":"https:\/\/www.eldiario.net\/portal\/#website"},"primaryImageOfPage":{"@id":"https:\/\/www.eldiario.net\/portal\/2023\/07\/02\/zelenski-agradece-a-espana-por-acogida-de-180-000-refugiados-ucranianos\/#primaryimage"},"image":{"@id":"https:\/\/www.eldiario.net\/portal\/2023\/07\/02\/zelenski-agradece-a-espana-por-acogida-de-180-000-refugiados-ucranianos\/#primaryimage"},"thumbnailUrl":"https:\/\/www.eldiario.net\/portal\/wp-content\/uploads\/2023\/07\/MESA.webp","datePublished":"2023-07-02T10:18:22+00:00","breadcrumb":{"@id":"https:\/\/www.eldiario.net\/portal\/2023\/07\/02\/zelenski-agradece-a-espana-por-acogida-de-180-000-refugiados-ucranianos\/#breadcrumb"},"inLanguage":"es","potentialAction":[{"@type":"ReadAction","target":["https:\/\/www.eldiario.net\/portal\/2023\/07\/02\/zelenski-agradece-a-espana-por-acogida-de-180-000-refugiados-ucranianos\/"]}]},{"@type":"ImageObject","inLanguage":"es","@id":"https:\/\/www.eldiario.net\/portal\/2023\/07\/02\/zelenski-agradece-a-espana-por-acogida-de-180-000-refugiados-ucranianos\/#primaryimage","url":"https:\/\/www.eldiario.net\/portal\/wp-content\/uploads\/2023\/07\/MESA.webp","contentUrl":"https:\/\/www.eldiario.net\/portal\/wp-content\/uploads\/2023\/07\/MESA.webp","width":1706,"height":960,"caption":"VOLODIMIR ZELENSKI AGRADECI\u00d3 LA ACOGIDA DE UCRANIANOS EN RUEDA DE PRENSA. El Espa\u00f1ol"},{"@type":"BreadcrumbList","@id":"https:\/\/www.eldiario.net\/portal\/2023\/07\/02\/zelenski-agradece-a-espana-por-acogida-de-180-000-refugiados-ucranianos\/#breadcrumb","itemListElement":[{"@type":"ListItem","position":1,"name":"Portada","item":"https:\/\/www.eldiario.net\/portal\/"},{"@type":"ListItem","position":2,"name":"Zelenski agradece a Espa\u00f1a por acogida de 180.000 refugiados ucranianos"}]},{"@type":"WebSite","@id":"https:\/\/www.eldiario.net\/portal\/#website","url":"https:\/\/www.eldiario.net\/portal\/","name":"El Diario - Decano de la prensa nacional","description":"El Diario - Decano de la prensa nacional","publisher":{"@id":"https:\/\/www.eldiario.net\/portal\/#organization"},"potentialAction":[{"@type":"SearchAction","target":{"@type":"EntryPoint","urlTemplate":"https:\/\/www.eldiario.net\/portal\/?s={search_term_string}"},"query-input":{"@type":"PropertyValueSpecification","valueRequired":true,"valueName":"search_term_string"}}],"inLanguage":"es"},{"@type":"Organization","@id":"https:\/\/www.eldiario.net\/portal\/#organization","name":"El Diario - Decano de la prensa nacional","url":"https:\/\/www.eldiario.net\/portal\/","logo":{"@type":"ImageObject","inLanguage":"es","@id":"https:\/\/www.eldiario.net\/portal\/#\/schema\/logo\/image\/","url":"https:\/\/www.eldiario.net\/portal\/wp-content\/uploads\/2023\/07\/logo_ED.jpg","contentUrl":"https:\/\/www.eldiario.net\/portal\/wp-content\/uploads\/2023\/07\/logo_ED.jpg","width":272,"height":52,"caption":"El Diario - Decano de la prensa nacional"},"image":{"@id":"https:\/\/www.eldiario.net\/portal\/#\/schema\/logo\/image\/"},"sameAs":["https:\/\/www.facebook.com\/eldiario.bolivia\/","https:\/\/x.com\/eldiario_net"]},{"@type":"Person","@id":"https:\/\/www.eldiario.net\/portal\/#\/schema\/person\/2c57cf2b7a7ae032e449e4c9b1019eac","name":"Jeanette","image":{"@type":"ImageObject","inLanguage":"es","@id":"https:\/\/secure.gravatar.com\/avatar\/3ea2118a5f7dad2b7138b1187a6b7ee55f160b9968b66013c3a3ef39dd7e5798?s=96&d=mm&r=g","url":"https:\/\/secure.gravatar.com\/avatar\/3ea2118a5f7dad2b7138b1187a6b7ee55f160b9968b66013c3a3ef39dd7e5798?s=96&d=mm&r=g","contentUrl":"https:\/\/secure.gravatar.com\/avatar\/3ea2118a5f7dad2b7138b1187a6b7ee55f160b9968b66013c3a3ef39dd7e5798?s=96&d=mm&r=g","caption":"Jeanette"},"sameAs":["https:\/\/www.eldiario.net\/portal"],"url":"https:\/\/www.eldiario.net\/portal\/author\/jeanette\/"}]}},"_links":{"self":[{"href":"https:\/\/www.eldiario.net\/portal\/wp-json\/wp\/v2\/posts\/163076","targetHints":{"allow":["GET"]}}],"collection":[{"href":"https:\/\/www.eldiario.net\/portal\/wp-json\/wp\/v2\/posts"}],"about":[{"href":"https:\/\/www.eldiario.net\/portal\/wp-json\/wp\/v2\/types\/post"}],"author":[{"embeddable":true,"href":"https:\/\/www.eldiario.net\/portal\/wp-json\/wp\/v2\/users\/1"}],"replies":[{"embeddable":true,"href":"https:\/\/www.eldiario.net\/portal\/wp-json\/wp\/v2\/comments?post=163076"}],"version-history":[{"count":0,"href":"https:\/\/www.eldiario.net\/portal\/wp-json\/wp\/v2\/posts\/163076\/revisions"}],"wp:featuredmedia":[{"embeddable":true,"href":"https:\/\/www.eldiario.net\/portal\/wp-json\/wp\/v2\/media\/163077"}],"wp:attachment":[{"href":"https:\/\/www.eldiario.net\/portal\/wp-json\/wp\/v2\/media?parent=163076"}],"wp:term":[{"taxonomy":"category","embeddable":true,"href":"https:\/\/www.eldiario.net\/portal\/wp-json\/wp\/v2\/categories?post=163076"},{"taxonomy":"post_tag","embeddable":true,"href":"https:\/\/www.eldiario.net\/portal\/wp-json\/wp\/v2\/tags?post=163076"}],"curies":[{"name":"wp","href":"https:\/\/api.w.org\/{rel}","templated":true}]}}