{"id":163074,"date":"2023-07-02T06:16:54","date_gmt":"2023-07-02T10:16:54","guid":{"rendered":"https:\/\/www.eldiario.net\/portal\/?p=163074"},"modified":"2023-07-02T06:16:54","modified_gmt":"2023-07-02T10:16:54","slug":"eeuu-contempla-el-envio-de-municion-de-racimo-a-ucrania","status":"publish","type":"post","link":"https:\/\/www.eldiario.net\/portal\/2023\/07\/02\/eeuu-contempla-el-envio-de-municion-de-racimo-a-ucrania\/","title":{"rendered":"EEUU contempla el env\u00edo de  munici\u00f3n de racimo a Ucrania"},"content":{"rendered":"<p>La Casa Blanca est\u00e1 contemplando la posibilidad de enviar a Ucrania munici\u00f3n de racimo, aunque de momento no se tom\u00f3 ninguna decisi\u00f3n al respecto sobre una transferencia que contravendr\u00eda directamente un acuerdo internacional sobre el uso de esta munici\u00f3n del que ni Washington ni Kiev forman parte, as\u00ed como muchos de sus aliados.<br \/>\nFuentes de la Administraci\u00f3n Biden confirmaron a la cadena NBC que el tema est\u00e1 bajo discusi\u00f3n, como tambi\u00e9n acab\u00f3 reconociendo el jefe del Estado Mayor conjunto de EEUU, el general Mark Milley.<br \/>\nLas fuentes indican que un posible anuncio al respecto podr\u00eda tener lugar a principios de este mes y que existe, ahora mismo, cierta inclinaci\u00f3n a favor de la entrega de esta munici\u00f3n convencional mejorada de doble prop\u00f3sito (DPICM) por sus siglas en ingl\u00e9s, y que en realidad es un arma de alcance indiscriminado, responsable de la muerte y de la mutilaci\u00f3n de cientos de civiles cada a\u00f1o en todo el mundo.<br \/>\nOtras fuentes oficiales estadounidenses indicaron que este tipo de munici\u00f3n tendr\u00eda sin duda un efecto significativo en el campo de batalla, pero existe el problema de que Estados Unidos tendr\u00eda que enfrentarse a una seria reacci\u00f3n internacional si finalmente decide aprobar el env\u00edo, al margen de que el propio Ej\u00e9rcito estadounidense ya hab\u00eda mostrado sus recelos hacia el uso de las bombas de racimo por el peligro que representaban hacia la poblaci\u00f3n civil.<br \/>\nConcretamente, la Convenci\u00f3n sobre las Municiones de Racimo de 2008, firmada por m\u00e1s de un centenar de estados, entre ellos por ejemplo Alemania, Francia, Reino Unido, Italia o Espa\u00f1a, proh\u00edbe terminantemente a sus 107 firmantes el uso, desarrollo, producci\u00f3n, adquisici\u00f3n, almacenamiento y transferencia de esta clase de armamento.<br \/>\nAunque Washington no es firmante, cabe recordar que el Ej\u00e9rcito estadounidense comenz\u00f3 a reducir la producci\u00f3n de esta munici\u00f3n en 2016. Un a\u00f1o despu\u00e9s, un informe del Mando Central del Ej\u00e9rcito de EEUU describ\u00eda el terrible efecto de los cientos de peque\u00f1os explosivos diseminados por cada cohete portados contra las poblaciones civiles.<br \/>\nLa munici\u00f3n de racimo ya fue empleada por Rusia en la guerra de Ucrania, seg\u00fan denuncian ONG como Amnist\u00eda Internacional, como por ejemplo en el ataque ocurrido el 25 de febrero de 2022, al poco de empezar la guerra, contra un refugio civil en el noreste de Ucrania.<br \/>\n\u201cNo hay justificaci\u00f3n posible\u201d, lament\u00f3 en su momento la secretaria general de Amnist\u00eda, Agn\u00e8s Callamard, \u201cpara lanzar municiones de racimo en \u00e1reas pobladas, un arma inherentemente indiscriminada, prohibida por convenciones internacionales y que demuestra un flagrante desprecio por las vidas de los civiles\u201d. (Europa Press).<\/p>\n","protected":false},"excerpt":{"rendered":"<p>La Casa Blanca est\u00e1 contemplando la posibilidad de enviar a Ucrania munici\u00f3n de racimo, aunque de momento no se tom\u00f3 ninguna decisi\u00f3n al respecto sobre una transferencia que contravendr\u00eda directamente un acuerdo internacional sobre el uso de esta munici\u00f3n del que ni Washington ni Kiev forman parte, as\u00ed como muchos de sus aliados. Fuentes de [&hellip;]<\/p>\n","protected":false},"author":1,"featured_media":0,"comment_status":"closed","ping_status":"open","sticky":false,"template":"","format":"standard","meta":{"_acf_changed":false,"footnotes":""},"categories":[3],"tags":[],"class_list":["post-163074","post","type-post","status-publish","format-standard","category-internacional"],"acf":{"antetitulo":""},"yoast_head":"<!-- This site is optimized with the Yoast SEO plugin v28.4 - https:\/\/yoast.com\/product\/yoast-seo-wordpress\/ -->\n<title>EEUU contempla el env\u00edo de munici\u00f3n de racimo a Ucrania - El Diario - Bolivia<\/title>\n<meta name=\"robots\" content=\"index, follow, max-snippet:-1, max-image-preview:large, max-video-preview:-1\" \/>\n<link rel=\"canonical\" href=\"https:\/\/www.eldiario.net\/portal\/2023\/07\/02\/eeuu-contempla-el-envio-de-municion-de-racimo-a-ucrania\/\" \/>\n<meta property=\"og:locale\" content=\"es_ES\" \/>\n<meta property=\"og:type\" content=\"article\" \/>\n<meta property=\"og:title\" content=\"EEUU contempla el env\u00edo de munici\u00f3n de racimo a Ucrania - El Diario - Bolivia\" \/>\n<meta property=\"og:description\" content=\"La Casa Blanca est\u00e1 contemplando la posibilidad de enviar a Ucrania munici\u00f3n de racimo, aunque de momento no se tom\u00f3 ninguna decisi\u00f3n al respecto sobre una transferencia que contravendr\u00eda directamente un acuerdo internacional sobre el uso de esta munici\u00f3n del que ni Washington ni Kiev forman parte, as\u00ed como muchos de sus aliados. Fuentes de [&hellip;]\" \/>\n<meta property=\"og:url\" content=\"https:\/\/www.eldiario.net\/portal\/2023\/07\/02\/eeuu-contempla-el-envio-de-municion-de-racimo-a-ucrania\/\" \/>\n<meta property=\"og:site_name\" content=\"El Diario - Bolivia\" \/>\n<meta property=\"article:publisher\" content=\"https:\/\/www.facebook.com\/eldiario.bolivia\/\" \/>\n<meta property=\"article:published_time\" content=\"2023-07-02T10:16:54+00:00\" \/>\n<meta name=\"author\" content=\"Jeanette\" \/>\n<meta name=\"twitter:card\" content=\"summary_large_image\" \/>\n<meta name=\"twitter:creator\" content=\"@eldiario_net\" \/>\n<meta name=\"twitter:site\" content=\"@eldiario_net\" \/>\n<meta name=\"twitter:label1\" content=\"Escrito por\" \/>\n\t<meta name=\"twitter:data1\" content=\"Jeanette\" \/>\n\t<meta name=\"twitter:label2\" content=\"Tiempo de lectura\" \/>\n\t<meta name=\"twitter:data2\" content=\"2 minutos\" \/>\n<script type=\"application\/ld+json\" class=\"yoast-schema-graph\">{\"@context\":\"https:\\\/\\\/schema.org\",\"@graph\":[{\"@type\":\"Article\",\"@id\":\"https:\\\/\\\/www.eldiario.net\\\/portal\\\/2023\\\/07\\\/02\\\/eeuu-contempla-el-envio-de-municion-de-racimo-a-ucrania\\\/#article\",\"isPartOf\":{\"@id\":\"https:\\\/\\\/www.eldiario.net\\\/portal\\\/2023\\\/07\\\/02\\\/eeuu-contempla-el-envio-de-municion-de-racimo-a-ucrania\\\/\"},\"author\":{\"name\":\"Jeanette\",\"@id\":\"https:\\\/\\\/www.eldiario.net\\\/portal\\\/#\\\/schema\\\/person\\\/2c57cf2b7a7ae032e449e4c9b1019eac\"},\"headline\":\"EEUU contempla el env\u00edo de munici\u00f3n de racimo a Ucrania\",\"datePublished\":\"2023-07-02T10:16:54+00:00\",\"mainEntityOfPage\":{\"@id\":\"https:\\\/\\\/www.eldiario.net\\\/portal\\\/2023\\\/07\\\/02\\\/eeuu-contempla-el-envio-de-municion-de-racimo-a-ucrania\\\/\"},\"wordCount\":471,\"publisher\":{\"@id\":\"https:\\\/\\\/www.eldiario.net\\\/portal\\\/#organization\"},\"articleSection\":[\"Internacional\"],\"inLanguage\":\"es\"},{\"@type\":\"WebPage\",\"@id\":\"https:\\\/\\\/www.eldiario.net\\\/portal\\\/2023\\\/07\\\/02\\\/eeuu-contempla-el-envio-de-municion-de-racimo-a-ucrania\\\/\",\"url\":\"https:\\\/\\\/www.eldiario.net\\\/portal\\\/2023\\\/07\\\/02\\\/eeuu-contempla-el-envio-de-municion-de-racimo-a-ucrania\\\/\",\"name\":\"EEUU contempla el env\u00edo de munici\u00f3n de racimo a Ucrania - El Diario - Bolivia\",\"isPartOf\":{\"@id\":\"https:\\\/\\\/www.eldiario.net\\\/portal\\\/#website\"},\"datePublished\":\"2023-07-02T10:16:54+00:00\",\"breadcrumb\":{\"@id\":\"https:\\\/\\\/www.eldiario.net\\\/portal\\\/2023\\\/07\\\/02\\\/eeuu-contempla-el-envio-de-municion-de-racimo-a-ucrania\\\/#breadcrumb\"},\"inLanguage\":\"es\",\"potentialAction\":[{\"@type\":\"ReadAction\",\"target\":[\"https:\\\/\\\/www.eldiario.net\\\/portal\\\/2023\\\/07\\\/02\\\/eeuu-contempla-el-envio-de-municion-de-racimo-a-ucrania\\\/\"]}]},{\"@type\":\"BreadcrumbList\",\"@id\":\"https:\\\/\\\/www.eldiario.net\\\/portal\\\/2023\\\/07\\\/02\\\/eeuu-contempla-el-envio-de-municion-de-racimo-a-ucrania\\\/#breadcrumb\",\"itemListElement\":[{\"@type\":\"ListItem\",\"position\":1,\"name\":\"Portada\",\"item\":\"https:\\\/\\\/www.eldiario.net\\\/portal\\\/\"},{\"@type\":\"ListItem\",\"position\":2,\"name\":\"EEUU contempla el env\u00edo de munici\u00f3n de racimo a Ucrania\"}]},{\"@type\":\"WebSite\",\"@id\":\"https:\\\/\\\/www.eldiario.net\\\/portal\\\/#website\",\"url\":\"https:\\\/\\\/www.eldiario.net\\\/portal\\\/\",\"name\":\"El Diario - Decano de la prensa nacional\",\"description\":\"El Diario - Decano de la prensa nacional\",\"publisher\":{\"@id\":\"https:\\\/\\\/www.eldiario.net\\\/portal\\\/#organization\"},\"potentialAction\":[{\"@type\":\"SearchAction\",\"target\":{\"@type\":\"EntryPoint\",\"urlTemplate\":\"https:\\\/\\\/www.eldiario.net\\\/portal\\\/?s={search_term_string}\"},\"query-input\":{\"@type\":\"PropertyValueSpecification\",\"valueRequired\":true,\"valueName\":\"search_term_string\"}}],\"inLanguage\":\"es\"},{\"@type\":\"Organization\",\"@id\":\"https:\\\/\\\/www.eldiario.net\\\/portal\\\/#organization\",\"name\":\"El Diario - Decano de la prensa nacional\",\"url\":\"https:\\\/\\\/www.eldiario.net\\\/portal\\\/\",\"logo\":{\"@type\":\"ImageObject\",\"inLanguage\":\"es\",\"@id\":\"https:\\\/\\\/www.eldiario.net\\\/portal\\\/#\\\/schema\\\/logo\\\/image\\\/\",\"url\":\"https:\\\/\\\/www.eldiario.net\\\/portal\\\/wp-content\\\/uploads\\\/2023\\\/07\\\/logo_ED.jpg\",\"contentUrl\":\"https:\\\/\\\/www.eldiario.net\\\/portal\\\/wp-content\\\/uploads\\\/2023\\\/07\\\/logo_ED.jpg\",\"width\":272,\"height\":52,\"caption\":\"El Diario - Decano de la prensa nacional\"},\"image\":{\"@id\":\"https:\\\/\\\/www.eldiario.net\\\/portal\\\/#\\\/schema\\\/logo\\\/image\\\/\"},\"sameAs\":[\"https:\\\/\\\/www.facebook.com\\\/eldiario.bolivia\\\/\",\"https:\\\/\\\/x.com\\\/eldiario_net\"]},{\"@type\":\"Person\",\"@id\":\"https:\\\/\\\/www.eldiario.net\\\/portal\\\/#\\\/schema\\\/person\\\/2c57cf2b7a7ae032e449e4c9b1019eac\",\"name\":\"Jeanette\",\"image\":{\"@type\":\"ImageObject\",\"inLanguage\":\"es\",\"@id\":\"https:\\\/\\\/secure.gravatar.com\\\/avatar\\\/3ea2118a5f7dad2b7138b1187a6b7ee55f160b9968b66013c3a3ef39dd7e5798?s=96&d=mm&r=g\",\"url\":\"https:\\\/\\\/secure.gravatar.com\\\/avatar\\\/3ea2118a5f7dad2b7138b1187a6b7ee55f160b9968b66013c3a3ef39dd7e5798?s=96&d=mm&r=g\",\"contentUrl\":\"https:\\\/\\\/secure.gravatar.com\\\/avatar\\\/3ea2118a5f7dad2b7138b1187a6b7ee55f160b9968b66013c3a3ef39dd7e5798?s=96&d=mm&r=g\",\"caption\":\"Jeanette\"},\"sameAs\":[\"https:\\\/\\\/www.eldiario.net\\\/portal\"],\"url\":\"https:\\\/\\\/www.eldiario.net\\\/portal\\\/author\\\/jeanette\\\/\"}]}<\/script>\n<!-- \/ Yoast SEO plugin. -->","yoast_head_json":{"title":"EEUU contempla el env\u00edo de munici\u00f3n de racimo a Ucrania - El Diario - Bolivia","robots":{"index":"index","follow":"follow","max-snippet":"max-snippet:-1","max-image-preview":"max-image-preview:large","max-video-preview":"max-video-preview:-1"},"canonical":"https:\/\/www.eldiario.net\/portal\/2023\/07\/02\/eeuu-contempla-el-envio-de-municion-de-racimo-a-ucrania\/","og_locale":"es_ES","og_type":"article","og_title":"EEUU contempla el env\u00edo de munici\u00f3n de racimo a Ucrania - El Diario - Bolivia","og_description":"La Casa Blanca est\u00e1 contemplando la posibilidad de enviar a Ucrania munici\u00f3n de racimo, aunque de momento no se tom\u00f3 ninguna decisi\u00f3n al respecto sobre una transferencia que contravendr\u00eda directamente un acuerdo internacional sobre el uso de esta munici\u00f3n del que ni Washington ni Kiev forman parte, as\u00ed como muchos de sus aliados. Fuentes de [&hellip;]","og_url":"https:\/\/www.eldiario.net\/portal\/2023\/07\/02\/eeuu-contempla-el-envio-de-municion-de-racimo-a-ucrania\/","og_site_name":"El Diario - Bolivia","article_publisher":"https:\/\/www.facebook.com\/eldiario.bolivia\/","article_published_time":"2023-07-02T10:16:54+00:00","author":"Jeanette","twitter_card":"summary_large_image","twitter_creator":"@eldiario_net","twitter_site":"@eldiario_net","twitter_misc":{"Escrito por":"Jeanette","Tiempo de lectura":"2 minutos"},"schema":{"@context":"https:\/\/schema.org","@graph":[{"@type":"Article","@id":"https:\/\/www.eldiario.net\/portal\/2023\/07\/02\/eeuu-contempla-el-envio-de-municion-de-racimo-a-ucrania\/#article","isPartOf":{"@id":"https:\/\/www.eldiario.net\/portal\/2023\/07\/02\/eeuu-contempla-el-envio-de-municion-de-racimo-a-ucrania\/"},"author":{"name":"Jeanette","@id":"https:\/\/www.eldiario.net\/portal\/#\/schema\/person\/2c57cf2b7a7ae032e449e4c9b1019eac"},"headline":"EEUU contempla el env\u00edo de munici\u00f3n de racimo a Ucrania","datePublished":"2023-07-02T10:16:54+00:00","mainEntityOfPage":{"@id":"https:\/\/www.eldiario.net\/portal\/2023\/07\/02\/eeuu-contempla-el-envio-de-municion-de-racimo-a-ucrania\/"},"wordCount":471,"publisher":{"@id":"https:\/\/www.eldiario.net\/portal\/#organization"},"articleSection":["Internacional"],"inLanguage":"es"},{"@type":"WebPage","@id":"https:\/\/www.eldiario.net\/portal\/2023\/07\/02\/eeuu-contempla-el-envio-de-municion-de-racimo-a-ucrania\/","url":"https:\/\/www.eldiario.net\/portal\/2023\/07\/02\/eeuu-contempla-el-envio-de-municion-de-racimo-a-ucrania\/","name":"EEUU contempla el env\u00edo de munici\u00f3n de racimo a Ucrania - El Diario - Bolivia","isPartOf":{"@id":"https:\/\/www.eldiario.net\/portal\/#website"},"datePublished":"2023-07-02T10:16:54+00:00","breadcrumb":{"@id":"https:\/\/www.eldiario.net\/portal\/2023\/07\/02\/eeuu-contempla-el-envio-de-municion-de-racimo-a-ucrania\/#breadcrumb"},"inLanguage":"es","potentialAction":[{"@type":"ReadAction","target":["https:\/\/www.eldiario.net\/portal\/2023\/07\/02\/eeuu-contempla-el-envio-de-municion-de-racimo-a-ucrania\/"]}]},{"@type":"BreadcrumbList","@id":"https:\/\/www.eldiario.net\/portal\/2023\/07\/02\/eeuu-contempla-el-envio-de-municion-de-racimo-a-ucrania\/#breadcrumb","itemListElement":[{"@type":"ListItem","position":1,"name":"Portada","item":"https:\/\/www.eldiario.net\/portal\/"},{"@type":"ListItem","position":2,"name":"EEUU contempla el env\u00edo de munici\u00f3n de racimo a Ucrania"}]},{"@type":"WebSite","@id":"https:\/\/www.eldiario.net\/portal\/#website","url":"https:\/\/www.eldiario.net\/portal\/","name":"El Diario - Decano de la prensa nacional","description":"El Diario - Decano de la prensa nacional","publisher":{"@id":"https:\/\/www.eldiario.net\/portal\/#organization"},"potentialAction":[{"@type":"SearchAction","target":{"@type":"EntryPoint","urlTemplate":"https:\/\/www.eldiario.net\/portal\/?s={search_term_string}"},"query-input":{"@type":"PropertyValueSpecification","valueRequired":true,"valueName":"search_term_string"}}],"inLanguage":"es"},{"@type":"Organization","@id":"https:\/\/www.eldiario.net\/portal\/#organization","name":"El Diario - Decano de la prensa nacional","url":"https:\/\/www.eldiario.net\/portal\/","logo":{"@type":"ImageObject","inLanguage":"es","@id":"https:\/\/www.eldiario.net\/portal\/#\/schema\/logo\/image\/","url":"https:\/\/www.eldiario.net\/portal\/wp-content\/uploads\/2023\/07\/logo_ED.jpg","contentUrl":"https:\/\/www.eldiario.net\/portal\/wp-content\/uploads\/2023\/07\/logo_ED.jpg","width":272,"height":52,"caption":"El Diario - Decano de la prensa nacional"},"image":{"@id":"https:\/\/www.eldiario.net\/portal\/#\/schema\/logo\/image\/"},"sameAs":["https:\/\/www.facebook.com\/eldiario.bolivia\/","https:\/\/x.com\/eldiario_net"]},{"@type":"Person","@id":"https:\/\/www.eldiario.net\/portal\/#\/schema\/person\/2c57cf2b7a7ae032e449e4c9b1019eac","name":"Jeanette","image":{"@type":"ImageObject","inLanguage":"es","@id":"https:\/\/secure.gravatar.com\/avatar\/3ea2118a5f7dad2b7138b1187a6b7ee55f160b9968b66013c3a3ef39dd7e5798?s=96&d=mm&r=g","url":"https:\/\/secure.gravatar.com\/avatar\/3ea2118a5f7dad2b7138b1187a6b7ee55f160b9968b66013c3a3ef39dd7e5798?s=96&d=mm&r=g","contentUrl":"https:\/\/secure.gravatar.com\/avatar\/3ea2118a5f7dad2b7138b1187a6b7ee55f160b9968b66013c3a3ef39dd7e5798?s=96&d=mm&r=g","caption":"Jeanette"},"sameAs":["https:\/\/www.eldiario.net\/portal"],"url":"https:\/\/www.eldiario.net\/portal\/author\/jeanette\/"}]}},"_links":{"self":[{"href":"https:\/\/www.eldiario.net\/portal\/wp-json\/wp\/v2\/posts\/163074","targetHints":{"allow":["GET"]}}],"collection":[{"href":"https:\/\/www.eldiario.net\/portal\/wp-json\/wp\/v2\/posts"}],"about":[{"href":"https:\/\/www.eldiario.net\/portal\/wp-json\/wp\/v2\/types\/post"}],"author":[{"embeddable":true,"href":"https:\/\/www.eldiario.net\/portal\/wp-json\/wp\/v2\/users\/1"}],"replies":[{"embeddable":true,"href":"https:\/\/www.eldiario.net\/portal\/wp-json\/wp\/v2\/comments?post=163074"}],"version-history":[{"count":0,"href":"https:\/\/www.eldiario.net\/portal\/wp-json\/wp\/v2\/posts\/163074\/revisions"}],"wp:attachment":[{"href":"https:\/\/www.eldiario.net\/portal\/wp-json\/wp\/v2\/media?parent=163074"}],"wp:term":[{"taxonomy":"category","embeddable":true,"href":"https:\/\/www.eldiario.net\/portal\/wp-json\/wp\/v2\/categories?post=163074"},{"taxonomy":"post_tag","embeddable":true,"href":"https:\/\/www.eldiario.net\/portal\/wp-json\/wp\/v2\/tags?post=163074"}],"curies":[{"name":"wp","href":"https:\/\/api.w.org\/{rel}","templated":true}]}}