{"id":163062,"date":"2023-07-01T07:04:29","date_gmt":"2023-07-01T11:04:29","guid":{"rendered":"https:\/\/www.eldiario.net\/portal\/?p=163062"},"modified":"2023-07-01T07:04:29","modified_gmt":"2023-07-01T11:04:29","slug":"kiko-claure-y-boris-navarro-se-reencuentran-despues-de-20-anos","status":"publish","type":"post","link":"https:\/\/www.eldiario.net\/portal\/2023\/07\/01\/kiko-claure-y-boris-navarro-se-reencuentran-despues-de-20-anos\/","title":{"rendered":"Kiko Claure y Boris Navarro se reencuentran despu\u00e9s de 20 a\u00f1os"},"content":{"rendered":"<p>Dentro del mundo de la m\u00fasica y el entretenimiento, hay protagonistas que fueron parte de las noches m\u00e1s memorables en los centros de diversi\u00f3n mundiales y nacionales. Sin duda, los DJs son el centro de la noche, ya que por ellos pasa la responsabilidad de programar la m\u00fasica que har\u00e1 bailar a la concurrencia. Su habilidad para \u00abenganchar\u00bb las canciones y crear secuencias bailables que creen euforia en el p\u00fablico y la misma personalidad y carisma frente a los fan\u00e1ticos de las pistas de baile marcan la diferencia entre unos y otros. Adem\u00e1s de la experiencia, ya que los m\u00e1s relevantes pasean su calidad por diferentes \u00abcabinas\u00bb de discotecas.<\/p>\n<p>En nuestro medio dos ejemplos de estos personajes son, sin duda, Kiko Claure y Boris Navarro, ic\u00f3nicos DJs bolivianos, que mostraron su talento en las mejores discotecas de los 80 y 90. Boris Navarro en Candilejas Disco, Samambay, Pacha Discotheque y Forum. Kiko Claure en Disko Studyo, Pacha, Onix Sound Stage, Forum, New Tokyo, Underground Club y otras.<\/p>\n<p>Ambos fueron parte de la hist\u00f3rica Panamericana Stereo 97 y como DJs trabajaron juntos en Pacha Discoteque, adem\u00e1s de formar equipo en el Gigante Forum desde su inauguraci\u00f3n. M\u00e1s adelante, continuaron sus carreras y tambi\u00e9n se dedicaron a producir eventos.<\/p>\n<p>Casi todo fan de la noche y la fiesta, cuando hablamos de Cl\u00e1sicos de los 70, 80 y 90, han o\u00eddo hablar de ellos y seguramente han bailado con ellos. Actualmente Boris tiene su base en Santa Cruz de la Sierra y viene produciendo fiestas con su productora <em>25 en A\u00f1os de Cl\u00e1sicos<\/em> hace m\u00e1s de dos d\u00e9cadas. Kiko Claure tambi\u00e9n tiene su productora de eventos llamada <em>Classics Knights<\/em>, con la que ha producido igualmente sensacionales noches. Cada uno por su lado ha brindado entretenimiento a miles de personas en el pa\u00eds. Sin embargo, no ha habido la ocasi\u00f3n para tenerlos juntos en un mismo evento. Y eso precisamente motiva esta nota, un reencuentro despu\u00e9s de m\u00e1s de 20 a\u00f1os de estos dos talentos de la diversi\u00f3n y la danza. Es as\u00ed que ambos se pusieron de acuerdo para proponer a la ciudad de La Paz una noche memorable, \u00fanica en su g\u00e9nero. Para los amantes de los cl\u00e1sicos la espera fue larga, pero finalmente ambos estar\u00e1n como en sus mejores tiempos compartiendo una sola cabina, combinando su sapiencia, destreza y pasi\u00f3n con un p\u00fablico \u00e1vido de revivir aquellas noches inolvidables&#8230;<\/p>\n<p>Ser\u00e1 una noche para disfrutar del estilo original que los catapult\u00f3 para ser elegidos DJs residentes de los mejores clubes nacionales. Ahora, como hace tiempo, transport\u00e1ndote a las \u00e9pocas de oro de las noches pace\u00f1as. Es una ocasi\u00f3n imperdible y estar\u00e1 llena de invitados sorpresa, que tambi\u00e9n son leyendas de las noches.<\/p>\n<p>Como escenario se eligi\u00f3 el <em>Club London<\/em>, en el Megacenter de Irpavi (Zona Sur de la ciudad de La Paz), un lugar perfecto para este tipo de encuentro. La fecha de realizaci\u00f3n es el pr\u00f3ximo s\u00e1bado 8 de julio. Ser\u00e1n casi 6 horas de cl\u00e1sicos de los 70, 80, 90. en ingl\u00e9s y espa\u00f1ol, pasando por pop, rock, el toque hispano, las versiones especiales, s\u00f3lo los favoritos. Como promoci\u00f3n a las primeras reservas est\u00e1n ofreciendo un CD Promocional de Colecci\u00f3n con mixes de KC y Boris de regalo.<\/p>\n<p>Para m\u00e1s informaci\u00f3n se habilit\u00f3 el 766559815 o la p\u00e1gina web<\/p>\n<p>www.classicsknights.com, igualmente en redes sociales #classicsknights es donde puedes enterarte de m\u00e1s detalles.<\/p>\n<p>A una semana de esa nost\u00e1lgica noche, La Gu\u00eda convers\u00f3 con Kiko (K) y Boris (B) y esto fue lo que nos contaron.<\/p>\n<p><strong>LG: \u00bfQu\u00e9 significa para Kiko Claure y Boris Navarro ser protagonistas de este reencuentro? <\/strong><\/p>\n<p>K: Para m\u00ed ser\u00e1 re encuentro de amigos y la oportunidad de repetir experiencias y compartir con la gente esa magia que nos permit\u00eda convertirnos en una sola entidad a DJs y danzantes.<\/p>\n<p>B: Al compartir una cabina despu\u00e9s de 20 a\u00f1os, la gente va a tener la oportunidad de ver la diferencia de lo que nosotros hac\u00edamos, seguimos haciendo y lo que actualmente se hace, pero ya no tiene ese mismo sentido ni esa misma esencia con la que nosotros viv\u00edamos la noche en las discotecas.<\/p>\n<p>Prometemos dar un espect\u00e1culo de primer nivel, que a la gente realmente le va a gustar y lo ha estado esperando durante este tiempo. Y una vez m\u00e1s despu\u00e9s de 20 a\u00f1os volvemos a encontrarnos en una cabina con toda la infraestructura que significa el estar dentro de los controles y llegar a la gente con lo que mejor sabemos hacer.<\/p>\n<p><strong>LG: Compartir\u00e1n la cabina como hace m\u00e1s de 20 a\u00f1os, \u00bfqu\u00e9 se mantendr\u00e1 de aquella \u00e9poca y qu\u00e9 creen que cambiar\u00e1 por el inexorable paso del tiempo?<\/strong><\/p>\n<p>K: Quiz\u00e1s el acceso a la tecnolog\u00eda sea un plus, pues permite alcanzar la excelencia en cuanto a mezclas y sonido.\u00a0 Es una forma de revivir viejos recuerdos y transformarlos en nuevas emociones. Creo que ser\u00e1 una experiencia renovadora.<\/p>\n<p>B: La m\u00fasica no va cambiar a trav\u00e9s de los a\u00f1os, porque son \u00e9xitos que van a quedar de manera perpetua en muchos de nosotros. Quien sabe los estilos van ir a variando conforme vayan avanzando las d\u00e9cadas y los a\u00f1os, pero esta m\u00fasica no va a sufrir modificaci\u00f3n porque su esencia as\u00ed lo amerita. Los 70, 80 y 90 han sido parte importante de nuestra historia porque fuimos testigos de haber impuesto nosotros varios de los \u00e9xitos en discotecas, en radio y somos de una generaci\u00f3n privilegiada porque Stereo 97 FM fue la primera radio que marc\u00f3 la diferencia en todo el pa\u00eds (\u2026). La tecnolog\u00eda ha avanzado much\u00edsimo, pero creo que no ha ayudado mucho en la creatividad, y de eso se trata.<\/p>\n<p><strong>LG: \u00bfQu\u00e9 esperan lograr con el evento? <\/strong><\/p>\n<p>K: Integrar a l@s amig@s, guiarles en una traves\u00eda de ritmo, calidad musical, buen gusto, alegr\u00eda y diversi\u00f3n para disipar los dramas diarios y al menos por unas horas volver a sentirse j\u00f3venes y libres&#8230; Tambi\u00e9n sembrar una semilla para repetir la terapia pronto.<\/p>\n<p>B: Esperamos lograr que la gente venga, disfrute, recuerde y que por unos minutos o unas horas se transporte con nosotros a esa magia de las discotecas donde nosotros hac\u00edamos que la noche sea inolvidable. No olvidemos que tanto Candilejas, Zamambai, Disco Estudio, El Alamo, Pacha, Forum, Onix, todas las discotecas en las cuales tanto Kiko o como yo participamos, marcaron la vida de muchas generaciones que van a estar presentes esa noche. Los 70, 80 y 90 fueron la columna vertebral de lo que nosotros pretendemos llegar con una entrega \u00edntegra de talento, calidad y, ante todo, hacer las cosas como se deben hacer, de la manera m\u00e1s profesional y con la calidad con la que nos ha caracterizado durante todo este tiempo. As\u00ed que los invitamos a que nos acompa\u00f1en el 8 de julio en London, una discoteca que abre sus puertas al recuerdo y una vez m\u00e1s ser\u00e1n 20 a\u00f1os que revisaremos la m\u00fasica y un encuentro esperado despu\u00e9s de dos d\u00e9cadas, que nos va a permitir estar juntos una vez m\u00e1s a Kiko Claure y Boris Navarro en vivo.<\/p>\n<div id='gallery-1' class='gallery galleryid-163062 gallery-columns-3 gallery-size-medium'><figure class='gallery-item'>\n\t\t\t<div class='gallery-icon landscape'>\n\t\t\t\t<a href='https:\/\/www.eldiario.net\/portal\/2023\/07\/01\/kiko-claure-y-boris-navarro-se-reencuentran-despues-de-20-anos\/boris-3\/'><img loading=\"lazy\" decoding=\"async\" width=\"300\" height=\"200\" src=\"https:\/\/www.eldiario.net\/portal\/wp-content\/uploads\/2023\/07\/boris-3-300x200.jpeg\" class=\"attachment-medium size-medium\" alt=\"\" srcset=\"https:\/\/www.eldiario.net\/portal\/wp-content\/uploads\/2023\/07\/boris-3-300x200.jpeg 300w, https:\/\/www.eldiario.net\/portal\/wp-content\/uploads\/2023\/07\/boris-3-1024x682.jpeg 1024w, https:\/\/www.eldiario.net\/portal\/wp-content\/uploads\/2023\/07\/boris-3-768x512.jpeg 768w, https:\/\/www.eldiario.net\/portal\/wp-content\/uploads\/2023\/07\/boris-3-1536x1023.jpeg 1536w, https:\/\/www.eldiario.net\/portal\/wp-content\/uploads\/2023\/07\/boris-3-696x464.jpeg 696w, https:\/\/www.eldiario.net\/portal\/wp-content\/uploads\/2023\/07\/boris-3-1068x712.jpeg 1068w, https:\/\/www.eldiario.net\/portal\/wp-content\/uploads\/2023\/07\/boris-3.jpeg 1600w\" sizes=\"auto, (max-width: 300px) 100vw, 300px\" \/><\/a>\n\t\t\t<\/div><\/figure><figure class='gallery-item'>\n\t\t\t<div class='gallery-icon landscape'>\n\t\t\t\t<a href='https:\/\/www.eldiario.net\/portal\/2023\/07\/01\/kiko-claure-y-boris-navarro-se-reencuentran-despues-de-20-anos\/boris-navarro-2\/'><img loading=\"lazy\" decoding=\"async\" width=\"300\" height=\"200\" src=\"https:\/\/www.eldiario.net\/portal\/wp-content\/uploads\/2023\/07\/Boris-Navarro-2-300x200.jpeg\" class=\"attachment-medium size-medium\" alt=\"\" srcset=\"https:\/\/www.eldiario.net\/portal\/wp-content\/uploads\/2023\/07\/Boris-Navarro-2-300x200.jpeg 300w, https:\/\/www.eldiario.net\/portal\/wp-content\/uploads\/2023\/07\/Boris-Navarro-2-696x465.jpeg 696w, https:\/\/www.eldiario.net\/portal\/wp-content\/uploads\/2023\/07\/Boris-Navarro-2.jpeg 720w\" sizes=\"auto, (max-width: 300px) 100vw, 300px\" \/><\/a>\n\t\t\t<\/div><\/figure><figure class='gallery-item'>\n\t\t\t<div class='gallery-icon landscape'>\n\t\t\t\t<a href='https:\/\/www.eldiario.net\/portal\/2023\/07\/01\/kiko-claure-y-boris-navarro-se-reencuentran-despues-de-20-anos\/fiesta-7\/'><img loading=\"lazy\" decoding=\"async\" width=\"300\" height=\"200\" src=\"https:\/\/www.eldiario.net\/portal\/wp-content\/uploads\/2023\/07\/fiesta-300x200.jpeg\" class=\"attachment-medium size-medium\" alt=\"\" srcset=\"https:\/\/www.eldiario.net\/portal\/wp-content\/uploads\/2023\/07\/fiesta-300x200.jpeg 300w, https:\/\/www.eldiario.net\/portal\/wp-content\/uploads\/2023\/07\/fiesta-1024x683.jpeg 1024w, https:\/\/www.eldiario.net\/portal\/wp-content\/uploads\/2023\/07\/fiesta-768x512.jpeg 768w, https:\/\/www.eldiario.net\/portal\/wp-content\/uploads\/2023\/07\/fiesta-1536x1024.jpeg 1536w, https:\/\/www.eldiario.net\/portal\/wp-content\/uploads\/2023\/07\/fiesta-696x464.jpeg 696w, https:\/\/www.eldiario.net\/portal\/wp-content\/uploads\/2023\/07\/fiesta-1068x712.jpeg 1068w, https:\/\/www.eldiario.net\/portal\/wp-content\/uploads\/2023\/07\/fiesta.jpeg 1600w\" sizes=\"auto, (max-width: 300px) 100vw, 300px\" \/><\/a>\n\t\t\t<\/div><\/figure><figure class='gallery-item'>\n\t\t\t<div class='gallery-icon landscape'>\n\t\t\t\t<a href='https:\/\/www.eldiario.net\/portal\/2023\/07\/01\/kiko-claure-y-boris-navarro-se-reencuentran-despues-de-20-anos\/kiko-2\/'><img loading=\"lazy\" decoding=\"async\" width=\"300\" height=\"201\" src=\"https:\/\/www.eldiario.net\/portal\/wp-content\/uploads\/2023\/07\/kiko-2-300x201.jpg\" class=\"attachment-medium size-medium\" alt=\"\" srcset=\"https:\/\/www.eldiario.net\/portal\/wp-content\/uploads\/2023\/07\/kiko-2-300x201.jpg 300w, https:\/\/www.eldiario.net\/portal\/wp-content\/uploads\/2023\/07\/kiko-2-1024x686.jpg 1024w, https:\/\/www.eldiario.net\/portal\/wp-content\/uploads\/2023\/07\/kiko-2-768x515.jpg 768w, https:\/\/www.eldiario.net\/portal\/wp-content\/uploads\/2023\/07\/kiko-2-696x466.jpg 696w, https:\/\/www.eldiario.net\/portal\/wp-content\/uploads\/2023\/07\/kiko-2-1068x716.jpg 1068w, https:\/\/www.eldiario.net\/portal\/wp-content\/uploads\/2023\/07\/kiko-2.jpg 1270w\" sizes=\"auto, (max-width: 300px) 100vw, 300px\" \/><\/a>\n\t\t\t<\/div><\/figure><figure class='gallery-item'>\n\t\t\t<div class='gallery-icon landscape'>\n\t\t\t\t<a href='https:\/\/www.eldiario.net\/portal\/2023\/07\/01\/kiko-claure-y-boris-navarro-se-reencuentran-despues-de-20-anos\/kiko-3\/'><img loading=\"lazy\" decoding=\"async\" width=\"300\" height=\"287\" src=\"https:\/\/www.eldiario.net\/portal\/wp-content\/uploads\/2023\/07\/Kiko-3-300x287.jpg\" class=\"attachment-medium size-medium\" alt=\"\" srcset=\"https:\/\/www.eldiario.net\/portal\/wp-content\/uploads\/2023\/07\/Kiko-3-300x287.jpg 300w, https:\/\/www.eldiario.net\/portal\/wp-content\/uploads\/2023\/07\/Kiko-3-768x734.jpg 768w, https:\/\/www.eldiario.net\/portal\/wp-content\/uploads\/2023\/07\/Kiko-3-696x665.jpg 696w, https:\/\/www.eldiario.net\/portal\/wp-content\/uploads\/2023\/07\/Kiko-3.jpg 1000w\" sizes=\"auto, (max-width: 300px) 100vw, 300px\" \/><\/a>\n\t\t\t<\/div><\/figure><figure class='gallery-item'>\n\t\t\t<div class='gallery-icon landscape'>\n\t\t\t\t<a href='https:\/\/www.eldiario.net\/portal\/2023\/07\/01\/kiko-claure-y-boris-navarro-se-reencuentran-despues-de-20-anos\/kiko-y-boris-1-principal\/'><img loading=\"lazy\" decoding=\"async\" width=\"300\" height=\"138\" src=\"https:\/\/www.eldiario.net\/portal\/wp-content\/uploads\/2023\/07\/Kiko-y-Boris-1-PRINCIPAL-300x138.jpg\" class=\"attachment-medium size-medium\" alt=\"\" srcset=\"https:\/\/www.eldiario.net\/portal\/wp-content\/uploads\/2023\/07\/Kiko-y-Boris-1-PRINCIPAL-300x138.jpg 300w, https:\/\/www.eldiario.net\/portal\/wp-content\/uploads\/2023\/07\/Kiko-y-Boris-1-PRINCIPAL-1024x471.jpg 1024w, https:\/\/www.eldiario.net\/portal\/wp-content\/uploads\/2023\/07\/Kiko-y-Boris-1-PRINCIPAL-768x353.jpg 768w, https:\/\/www.eldiario.net\/portal\/wp-content\/uploads\/2023\/07\/Kiko-y-Boris-1-PRINCIPAL-696x320.jpg 696w, https:\/\/www.eldiario.net\/portal\/wp-content\/uploads\/2023\/07\/Kiko-y-Boris-1-PRINCIPAL-1068x491.jpg 1068w, https:\/\/www.eldiario.net\/portal\/wp-content\/uploads\/2023\/07\/Kiko-y-Boris-1-PRINCIPAL.jpg 1395w\" sizes=\"auto, (max-width: 300px) 100vw, 300px\" \/><\/a>\n\t\t\t<\/div><\/figure><figure class='gallery-item'>\n\t\t\t<div class='gallery-icon landscape'>\n\t\t\t\t<a href='https:\/\/www.eldiario.net\/portal\/2023\/07\/01\/kiko-claure-y-boris-navarro-se-reencuentran-despues-de-20-anos\/kiko-y-boris\/'><img loading=\"lazy\" decoding=\"async\" width=\"300\" height=\"225\" src=\"https:\/\/www.eldiario.net\/portal\/wp-content\/uploads\/2023\/07\/kiko-y-boris-scaled-1-300x225.jpg\" class=\"attachment-medium size-medium\" alt=\"\" srcset=\"https:\/\/www.eldiario.net\/portal\/wp-content\/uploads\/2023\/07\/kiko-y-boris-scaled-1-300x225.jpg 300w, https:\/\/www.eldiario.net\/portal\/wp-content\/uploads\/2023\/07\/kiko-y-boris-scaled-1-1024x768.jpg 1024w, https:\/\/www.eldiario.net\/portal\/wp-content\/uploads\/2023\/07\/kiko-y-boris-scaled-1-768x576.jpg 768w, https:\/\/www.eldiario.net\/portal\/wp-content\/uploads\/2023\/07\/kiko-y-boris-scaled-1-1536x1152.jpg 1536w, https:\/\/www.eldiario.net\/portal\/wp-content\/uploads\/2023\/07\/kiko-y-boris-scaled-1-2048x1536.jpg 2048w, https:\/\/www.eldiario.net\/portal\/wp-content\/uploads\/2023\/07\/kiko-y-boris-scaled-1-696x522.jpg 696w, https:\/\/www.eldiario.net\/portal\/wp-content\/uploads\/2023\/07\/kiko-y-boris-scaled-1-1068x801.jpg 1068w, https:\/\/www.eldiario.net\/portal\/wp-content\/uploads\/2023\/07\/kiko-y-boris-scaled-1-1920x1440.jpg 1920w\" sizes=\"auto, (max-width: 300px) 100vw, 300px\" \/><\/a>\n\t\t\t<\/div><\/figure>\n\t\t<\/div>\n\n","protected":false},"excerpt":{"rendered":"<p>Dentro del mundo de la m\u00fasica y el entretenimiento, hay protagonistas que fueron parte de las noches m\u00e1s memorables en los centros de diversi\u00f3n mundiales y nacionales. Sin duda, los DJs son el centro de la noche, ya que por ellos pasa la responsabilidad de programar la m\u00fasica que har\u00e1 bailar a la concurrencia. Su [&hellip;]<\/p>\n","protected":false},"author":1,"featured_media":163068,"comment_status":"closed","ping_status":"open","sticky":false,"template":"","format":"standard","meta":{"_acf_changed":false,"footnotes":""},"categories":[41],"tags":[],"class_list":["post-163062","post","type-post","status-publish","format-standard","has-post-thumbnail","category-la-guia"],"acf":{"antetitulo":""},"yoast_head":"<!-- This site is optimized with the Yoast SEO plugin v28.4 - https:\/\/yoast.com\/product\/yoast-seo-wordpress\/ -->\n<title>Kiko Claure y Boris Navarro se reencuentran despu\u00e9s de 20 a\u00f1os - El Diario - Bolivia<\/title>\n<meta name=\"robots\" content=\"index, follow, max-snippet:-1, max-image-preview:large, max-video-preview:-1\" \/>\n<link rel=\"canonical\" href=\"https:\/\/www.eldiario.net\/portal\/2023\/07\/01\/kiko-claure-y-boris-navarro-se-reencuentran-despues-de-20-anos\/\" \/>\n<meta property=\"og:locale\" content=\"es_ES\" \/>\n<meta property=\"og:type\" content=\"article\" \/>\n<meta property=\"og:title\" content=\"Kiko Claure y Boris Navarro se reencuentran despu\u00e9s de 20 a\u00f1os - El Diario - Bolivia\" \/>\n<meta property=\"og:description\" content=\"Dentro del mundo de la m\u00fasica y el entretenimiento, hay protagonistas que fueron parte de las noches m\u00e1s memorables en los centros de diversi\u00f3n mundiales y nacionales. Sin duda, los DJs son el centro de la noche, ya que por ellos pasa la responsabilidad de programar la m\u00fasica que har\u00e1 bailar a la concurrencia. Su [&hellip;]\" \/>\n<meta property=\"og:url\" content=\"https:\/\/www.eldiario.net\/portal\/2023\/07\/01\/kiko-claure-y-boris-navarro-se-reencuentran-despues-de-20-anos\/\" \/>\n<meta property=\"og:site_name\" content=\"El Diario - Bolivia\" \/>\n<meta property=\"article:publisher\" content=\"https:\/\/www.facebook.com\/eldiario.bolivia\/\" \/>\n<meta property=\"article:published_time\" content=\"2023-07-01T11:04:29+00:00\" \/>\n<meta property=\"og:image\" content=\"https:\/\/www.eldiario.net\/portal\/wp-content\/uploads\/2023\/07\/Kiko-y-Boris-1-PRINCIPAL.jpg\" \/>\n\t<meta property=\"og:image:width\" content=\"1395\" \/>\n\t<meta property=\"og:image:height\" content=\"641\" \/>\n\t<meta property=\"og:image:type\" content=\"image\/jpeg\" \/>\n<meta name=\"author\" content=\"Jeanette\" \/>\n<meta name=\"twitter:card\" content=\"summary_large_image\" \/>\n<meta name=\"twitter:creator\" content=\"@eldiario_net\" \/>\n<meta name=\"twitter:site\" content=\"@eldiario_net\" \/>\n<meta name=\"twitter:label1\" content=\"Escrito por\" \/>\n\t<meta name=\"twitter:data1\" content=\"Jeanette\" \/>\n\t<meta name=\"twitter:label2\" content=\"Tiempo de lectura\" \/>\n\t<meta name=\"twitter:data2\" content=\"6 minutos\" \/>\n<script type=\"application\/ld+json\" class=\"yoast-schema-graph\">{\"@context\":\"https:\\\/\\\/schema.org\",\"@graph\":[{\"@type\":\"Article\",\"@id\":\"https:\\\/\\\/www.eldiario.net\\\/portal\\\/2023\\\/07\\\/01\\\/kiko-claure-y-boris-navarro-se-reencuentran-despues-de-20-anos\\\/#article\",\"isPartOf\":{\"@id\":\"https:\\\/\\\/www.eldiario.net\\\/portal\\\/2023\\\/07\\\/01\\\/kiko-claure-y-boris-navarro-se-reencuentran-despues-de-20-anos\\\/\"},\"author\":{\"name\":\"Jeanette\",\"@id\":\"https:\\\/\\\/www.eldiario.net\\\/portal\\\/#\\\/schema\\\/person\\\/2c57cf2b7a7ae032e449e4c9b1019eac\"},\"headline\":\"Kiko Claure y Boris Navarro se reencuentran despu\u00e9s de 20 a\u00f1os\",\"datePublished\":\"2023-07-01T11:04:29+00:00\",\"mainEntityOfPage\":{\"@id\":\"https:\\\/\\\/www.eldiario.net\\\/portal\\\/2023\\\/07\\\/01\\\/kiko-claure-y-boris-navarro-se-reencuentran-despues-de-20-anos\\\/\"},\"wordCount\":1258,\"publisher\":{\"@id\":\"https:\\\/\\\/www.eldiario.net\\\/portal\\\/#organization\"},\"image\":{\"@id\":\"https:\\\/\\\/www.eldiario.net\\\/portal\\\/2023\\\/07\\\/01\\\/kiko-claure-y-boris-navarro-se-reencuentran-despues-de-20-anos\\\/#primaryimage\"},\"thumbnailUrl\":\"https:\\\/\\\/www.eldiario.net\\\/portal\\\/wp-content\\\/uploads\\\/2023\\\/07\\\/Kiko-y-Boris-1-PRINCIPAL.jpg\",\"articleSection\":[\"La Gu\u00eda\"],\"inLanguage\":\"es\"},{\"@type\":\"WebPage\",\"@id\":\"https:\\\/\\\/www.eldiario.net\\\/portal\\\/2023\\\/07\\\/01\\\/kiko-claure-y-boris-navarro-se-reencuentran-despues-de-20-anos\\\/\",\"url\":\"https:\\\/\\\/www.eldiario.net\\\/portal\\\/2023\\\/07\\\/01\\\/kiko-claure-y-boris-navarro-se-reencuentran-despues-de-20-anos\\\/\",\"name\":\"Kiko Claure y Boris Navarro se reencuentran despu\u00e9s de 20 a\u00f1os - El Diario - Bolivia\",\"isPartOf\":{\"@id\":\"https:\\\/\\\/www.eldiario.net\\\/portal\\\/#website\"},\"primaryImageOfPage\":{\"@id\":\"https:\\\/\\\/www.eldiario.net\\\/portal\\\/2023\\\/07\\\/01\\\/kiko-claure-y-boris-navarro-se-reencuentran-despues-de-20-anos\\\/#primaryimage\"},\"image\":{\"@id\":\"https:\\\/\\\/www.eldiario.net\\\/portal\\\/2023\\\/07\\\/01\\\/kiko-claure-y-boris-navarro-se-reencuentran-despues-de-20-anos\\\/#primaryimage\"},\"thumbnailUrl\":\"https:\\\/\\\/www.eldiario.net\\\/portal\\\/wp-content\\\/uploads\\\/2023\\\/07\\\/Kiko-y-Boris-1-PRINCIPAL.jpg\",\"datePublished\":\"2023-07-01T11:04:29+00:00\",\"breadcrumb\":{\"@id\":\"https:\\\/\\\/www.eldiario.net\\\/portal\\\/2023\\\/07\\\/01\\\/kiko-claure-y-boris-navarro-se-reencuentran-despues-de-20-anos\\\/#breadcrumb\"},\"inLanguage\":\"es\",\"potentialAction\":[{\"@type\":\"ReadAction\",\"target\":[\"https:\\\/\\\/www.eldiario.net\\\/portal\\\/2023\\\/07\\\/01\\\/kiko-claure-y-boris-navarro-se-reencuentran-despues-de-20-anos\\\/\"]}]},{\"@type\":\"ImageObject\",\"inLanguage\":\"es\",\"@id\":\"https:\\\/\\\/www.eldiario.net\\\/portal\\\/2023\\\/07\\\/01\\\/kiko-claure-y-boris-navarro-se-reencuentran-despues-de-20-anos\\\/#primaryimage\",\"url\":\"https:\\\/\\\/www.eldiario.net\\\/portal\\\/wp-content\\\/uploads\\\/2023\\\/07\\\/Kiko-y-Boris-1-PRINCIPAL.jpg\",\"contentUrl\":\"https:\\\/\\\/www.eldiario.net\\\/portal\\\/wp-content\\\/uploads\\\/2023\\\/07\\\/Kiko-y-Boris-1-PRINCIPAL.jpg\",\"width\":1395,\"height\":641},{\"@type\":\"BreadcrumbList\",\"@id\":\"https:\\\/\\\/www.eldiario.net\\\/portal\\\/2023\\\/07\\\/01\\\/kiko-claure-y-boris-navarro-se-reencuentran-despues-de-20-anos\\\/#breadcrumb\",\"itemListElement\":[{\"@type\":\"ListItem\",\"position\":1,\"name\":\"Portada\",\"item\":\"https:\\\/\\\/www.eldiario.net\\\/portal\\\/\"},{\"@type\":\"ListItem\",\"position\":2,\"name\":\"Kiko Claure y Boris Navarro se reencuentran despu\u00e9s de 20 a\u00f1os\"}]},{\"@type\":\"WebSite\",\"@id\":\"https:\\\/\\\/www.eldiario.net\\\/portal\\\/#website\",\"url\":\"https:\\\/\\\/www.eldiario.net\\\/portal\\\/\",\"name\":\"El Diario - Decano de la prensa nacional\",\"description\":\"El Diario - Decano de la prensa nacional\",\"publisher\":{\"@id\":\"https:\\\/\\\/www.eldiario.net\\\/portal\\\/#organization\"},\"potentialAction\":[{\"@type\":\"SearchAction\",\"target\":{\"@type\":\"EntryPoint\",\"urlTemplate\":\"https:\\\/\\\/www.eldiario.net\\\/portal\\\/?s={search_term_string}\"},\"query-input\":{\"@type\":\"PropertyValueSpecification\",\"valueRequired\":true,\"valueName\":\"search_term_string\"}}],\"inLanguage\":\"es\"},{\"@type\":\"Organization\",\"@id\":\"https:\\\/\\\/www.eldiario.net\\\/portal\\\/#organization\",\"name\":\"El Diario - Decano de la prensa nacional\",\"url\":\"https:\\\/\\\/www.eldiario.net\\\/portal\\\/\",\"logo\":{\"@type\":\"ImageObject\",\"inLanguage\":\"es\",\"@id\":\"https:\\\/\\\/www.eldiario.net\\\/portal\\\/#\\\/schema\\\/logo\\\/image\\\/\",\"url\":\"https:\\\/\\\/www.eldiario.net\\\/portal\\\/wp-content\\\/uploads\\\/2023\\\/07\\\/logo_ED.jpg\",\"contentUrl\":\"https:\\\/\\\/www.eldiario.net\\\/portal\\\/wp-content\\\/uploads\\\/2023\\\/07\\\/logo_ED.jpg\",\"width\":272,\"height\":52,\"caption\":\"El Diario - Decano de la prensa nacional\"},\"image\":{\"@id\":\"https:\\\/\\\/www.eldiario.net\\\/portal\\\/#\\\/schema\\\/logo\\\/image\\\/\"},\"sameAs\":[\"https:\\\/\\\/www.facebook.com\\\/eldiario.bolivia\\\/\",\"https:\\\/\\\/x.com\\\/eldiario_net\"]},{\"@type\":\"Person\",\"@id\":\"https:\\\/\\\/www.eldiario.net\\\/portal\\\/#\\\/schema\\\/person\\\/2c57cf2b7a7ae032e449e4c9b1019eac\",\"name\":\"Jeanette\",\"image\":{\"@type\":\"ImageObject\",\"inLanguage\":\"es\",\"@id\":\"https:\\\/\\\/secure.gravatar.com\\\/avatar\\\/3ea2118a5f7dad2b7138b1187a6b7ee55f160b9968b66013c3a3ef39dd7e5798?s=96&d=mm&r=g\",\"url\":\"https:\\\/\\\/secure.gravatar.com\\\/avatar\\\/3ea2118a5f7dad2b7138b1187a6b7ee55f160b9968b66013c3a3ef39dd7e5798?s=96&d=mm&r=g\",\"contentUrl\":\"https:\\\/\\\/secure.gravatar.com\\\/avatar\\\/3ea2118a5f7dad2b7138b1187a6b7ee55f160b9968b66013c3a3ef39dd7e5798?s=96&d=mm&r=g\",\"caption\":\"Jeanette\"},\"sameAs\":[\"https:\\\/\\\/www.eldiario.net\\\/portal\"],\"url\":\"https:\\\/\\\/www.eldiario.net\\\/portal\\\/author\\\/jeanette\\\/\"}]}<\/script>\n<!-- \/ Yoast SEO plugin. -->","yoast_head_json":{"title":"Kiko Claure y Boris Navarro se reencuentran despu\u00e9s de 20 a\u00f1os - El Diario - Bolivia","robots":{"index":"index","follow":"follow","max-snippet":"max-snippet:-1","max-image-preview":"max-image-preview:large","max-video-preview":"max-video-preview:-1"},"canonical":"https:\/\/www.eldiario.net\/portal\/2023\/07\/01\/kiko-claure-y-boris-navarro-se-reencuentran-despues-de-20-anos\/","og_locale":"es_ES","og_type":"article","og_title":"Kiko Claure y Boris Navarro se reencuentran despu\u00e9s de 20 a\u00f1os - El Diario - Bolivia","og_description":"Dentro del mundo de la m\u00fasica y el entretenimiento, hay protagonistas que fueron parte de las noches m\u00e1s memorables en los centros de diversi\u00f3n mundiales y nacionales. Sin duda, los DJs son el centro de la noche, ya que por ellos pasa la responsabilidad de programar la m\u00fasica que har\u00e1 bailar a la concurrencia. Su [&hellip;]","og_url":"https:\/\/www.eldiario.net\/portal\/2023\/07\/01\/kiko-claure-y-boris-navarro-se-reencuentran-despues-de-20-anos\/","og_site_name":"El Diario - Bolivia","article_publisher":"https:\/\/www.facebook.com\/eldiario.bolivia\/","article_published_time":"2023-07-01T11:04:29+00:00","og_image":[{"width":1395,"height":641,"url":"https:\/\/www.eldiario.net\/portal\/wp-content\/uploads\/2023\/07\/Kiko-y-Boris-1-PRINCIPAL.jpg","type":"image\/jpeg"}],"author":"Jeanette","twitter_card":"summary_large_image","twitter_creator":"@eldiario_net","twitter_site":"@eldiario_net","twitter_misc":{"Escrito por":"Jeanette","Tiempo de lectura":"6 minutos"},"schema":{"@context":"https:\/\/schema.org","@graph":[{"@type":"Article","@id":"https:\/\/www.eldiario.net\/portal\/2023\/07\/01\/kiko-claure-y-boris-navarro-se-reencuentran-despues-de-20-anos\/#article","isPartOf":{"@id":"https:\/\/www.eldiario.net\/portal\/2023\/07\/01\/kiko-claure-y-boris-navarro-se-reencuentran-despues-de-20-anos\/"},"author":{"name":"Jeanette","@id":"https:\/\/www.eldiario.net\/portal\/#\/schema\/person\/2c57cf2b7a7ae032e449e4c9b1019eac"},"headline":"Kiko Claure y Boris Navarro se reencuentran despu\u00e9s de 20 a\u00f1os","datePublished":"2023-07-01T11:04:29+00:00","mainEntityOfPage":{"@id":"https:\/\/www.eldiario.net\/portal\/2023\/07\/01\/kiko-claure-y-boris-navarro-se-reencuentran-despues-de-20-anos\/"},"wordCount":1258,"publisher":{"@id":"https:\/\/www.eldiario.net\/portal\/#organization"},"image":{"@id":"https:\/\/www.eldiario.net\/portal\/2023\/07\/01\/kiko-claure-y-boris-navarro-se-reencuentran-despues-de-20-anos\/#primaryimage"},"thumbnailUrl":"https:\/\/www.eldiario.net\/portal\/wp-content\/uploads\/2023\/07\/Kiko-y-Boris-1-PRINCIPAL.jpg","articleSection":["La Gu\u00eda"],"inLanguage":"es"},{"@type":"WebPage","@id":"https:\/\/www.eldiario.net\/portal\/2023\/07\/01\/kiko-claure-y-boris-navarro-se-reencuentran-despues-de-20-anos\/","url":"https:\/\/www.eldiario.net\/portal\/2023\/07\/01\/kiko-claure-y-boris-navarro-se-reencuentran-despues-de-20-anos\/","name":"Kiko Claure y Boris Navarro se reencuentran despu\u00e9s de 20 a\u00f1os - El Diario - Bolivia","isPartOf":{"@id":"https:\/\/www.eldiario.net\/portal\/#website"},"primaryImageOfPage":{"@id":"https:\/\/www.eldiario.net\/portal\/2023\/07\/01\/kiko-claure-y-boris-navarro-se-reencuentran-despues-de-20-anos\/#primaryimage"},"image":{"@id":"https:\/\/www.eldiario.net\/portal\/2023\/07\/01\/kiko-claure-y-boris-navarro-se-reencuentran-despues-de-20-anos\/#primaryimage"},"thumbnailUrl":"https:\/\/www.eldiario.net\/portal\/wp-content\/uploads\/2023\/07\/Kiko-y-Boris-1-PRINCIPAL.jpg","datePublished":"2023-07-01T11:04:29+00:00","breadcrumb":{"@id":"https:\/\/www.eldiario.net\/portal\/2023\/07\/01\/kiko-claure-y-boris-navarro-se-reencuentran-despues-de-20-anos\/#breadcrumb"},"inLanguage":"es","potentialAction":[{"@type":"ReadAction","target":["https:\/\/www.eldiario.net\/portal\/2023\/07\/01\/kiko-claure-y-boris-navarro-se-reencuentran-despues-de-20-anos\/"]}]},{"@type":"ImageObject","inLanguage":"es","@id":"https:\/\/www.eldiario.net\/portal\/2023\/07\/01\/kiko-claure-y-boris-navarro-se-reencuentran-despues-de-20-anos\/#primaryimage","url":"https:\/\/www.eldiario.net\/portal\/wp-content\/uploads\/2023\/07\/Kiko-y-Boris-1-PRINCIPAL.jpg","contentUrl":"https:\/\/www.eldiario.net\/portal\/wp-content\/uploads\/2023\/07\/Kiko-y-Boris-1-PRINCIPAL.jpg","width":1395,"height":641},{"@type":"BreadcrumbList","@id":"https:\/\/www.eldiario.net\/portal\/2023\/07\/01\/kiko-claure-y-boris-navarro-se-reencuentran-despues-de-20-anos\/#breadcrumb","itemListElement":[{"@type":"ListItem","position":1,"name":"Portada","item":"https:\/\/www.eldiario.net\/portal\/"},{"@type":"ListItem","position":2,"name":"Kiko Claure y Boris Navarro se reencuentran despu\u00e9s de 20 a\u00f1os"}]},{"@type":"WebSite","@id":"https:\/\/www.eldiario.net\/portal\/#website","url":"https:\/\/www.eldiario.net\/portal\/","name":"El Diario - Decano de la prensa nacional","description":"El Diario - Decano de la prensa nacional","publisher":{"@id":"https:\/\/www.eldiario.net\/portal\/#organization"},"potentialAction":[{"@type":"SearchAction","target":{"@type":"EntryPoint","urlTemplate":"https:\/\/www.eldiario.net\/portal\/?s={search_term_string}"},"query-input":{"@type":"PropertyValueSpecification","valueRequired":true,"valueName":"search_term_string"}}],"inLanguage":"es"},{"@type":"Organization","@id":"https:\/\/www.eldiario.net\/portal\/#organization","name":"El Diario - Decano de la prensa nacional","url":"https:\/\/www.eldiario.net\/portal\/","logo":{"@type":"ImageObject","inLanguage":"es","@id":"https:\/\/www.eldiario.net\/portal\/#\/schema\/logo\/image\/","url":"https:\/\/www.eldiario.net\/portal\/wp-content\/uploads\/2023\/07\/logo_ED.jpg","contentUrl":"https:\/\/www.eldiario.net\/portal\/wp-content\/uploads\/2023\/07\/logo_ED.jpg","width":272,"height":52,"caption":"El Diario - Decano de la prensa nacional"},"image":{"@id":"https:\/\/www.eldiario.net\/portal\/#\/schema\/logo\/image\/"},"sameAs":["https:\/\/www.facebook.com\/eldiario.bolivia\/","https:\/\/x.com\/eldiario_net"]},{"@type":"Person","@id":"https:\/\/www.eldiario.net\/portal\/#\/schema\/person\/2c57cf2b7a7ae032e449e4c9b1019eac","name":"Jeanette","image":{"@type":"ImageObject","inLanguage":"es","@id":"https:\/\/secure.gravatar.com\/avatar\/3ea2118a5f7dad2b7138b1187a6b7ee55f160b9968b66013c3a3ef39dd7e5798?s=96&d=mm&r=g","url":"https:\/\/secure.gravatar.com\/avatar\/3ea2118a5f7dad2b7138b1187a6b7ee55f160b9968b66013c3a3ef39dd7e5798?s=96&d=mm&r=g","contentUrl":"https:\/\/secure.gravatar.com\/avatar\/3ea2118a5f7dad2b7138b1187a6b7ee55f160b9968b66013c3a3ef39dd7e5798?s=96&d=mm&r=g","caption":"Jeanette"},"sameAs":["https:\/\/www.eldiario.net\/portal"],"url":"https:\/\/www.eldiario.net\/portal\/author\/jeanette\/"}]}},"_links":{"self":[{"href":"https:\/\/www.eldiario.net\/portal\/wp-json\/wp\/v2\/posts\/163062","targetHints":{"allow":["GET"]}}],"collection":[{"href":"https:\/\/www.eldiario.net\/portal\/wp-json\/wp\/v2\/posts"}],"about":[{"href":"https:\/\/www.eldiario.net\/portal\/wp-json\/wp\/v2\/types\/post"}],"author":[{"embeddable":true,"href":"https:\/\/www.eldiario.net\/portal\/wp-json\/wp\/v2\/users\/1"}],"replies":[{"embeddable":true,"href":"https:\/\/www.eldiario.net\/portal\/wp-json\/wp\/v2\/comments?post=163062"}],"version-history":[{"count":0,"href":"https:\/\/www.eldiario.net\/portal\/wp-json\/wp\/v2\/posts\/163062\/revisions"}],"wp:featuredmedia":[{"embeddable":true,"href":"https:\/\/www.eldiario.net\/portal\/wp-json\/wp\/v2\/media\/163068"}],"wp:attachment":[{"href":"https:\/\/www.eldiario.net\/portal\/wp-json\/wp\/v2\/media?parent=163062"}],"wp:term":[{"taxonomy":"category","embeddable":true,"href":"https:\/\/www.eldiario.net\/portal\/wp-json\/wp\/v2\/categories?post=163062"},{"taxonomy":"post_tag","embeddable":true,"href":"https:\/\/www.eldiario.net\/portal\/wp-json\/wp\/v2\/tags?post=163062"}],"curies":[{"name":"wp","href":"https:\/\/api.w.org\/{rel}","templated":true}]}}