{"id":163055,"date":"2023-07-01T07:01:52","date_gmt":"2023-07-01T11:01:52","guid":{"rendered":"https:\/\/www.eldiario.net\/portal\/?p=163055"},"modified":"2023-07-01T07:01:52","modified_gmt":"2023-07-01T11:01:52","slug":"tigo-y-universidad-austral-concluyen-con-exito-la-3a-version-del-programa-internacional-de-periodismo","status":"publish","type":"post","link":"https:\/\/www.eldiario.net\/portal\/2023\/07\/01\/tigo-y-universidad-austral-concluyen-con-exito-la-3a-version-del-programa-internacional-de-periodismo\/","title":{"rendered":"Tigo y Universidad Austral concluyen con \u00e9xito  la 3\u00aa versi\u00f3n del Programa Internacional de Periodismo"},"content":{"rendered":"<p>Tigo y la Universidad Austral de Argentina certifi-caron a 284 periodistas de los nueve departamentos de Bolivia, quienes fueron parte de la tercera versi\u00f3n del Programa Internacional de Periodismo Digital (PIP). Esta iniciativa de Tigo fue ejecutada entre el 6 de mayo y el 16 de junio con cinco clases virtuales de alcance nacional, dos clases de apoyo y una clase presencial, en Cochabamba, Santa Cruz y La Paz, respectivamente.<br \/>\nLos participantes, representantes de m\u00e1s de 120 medios de comunicaci\u00f3n bolivianos, profundizaron sus conocimientos sobre tem\u00e1ticas innovadoras: \u00abC\u00f3mo contar mejor nuestras historias\u00bb, \u00abHacer periodismo en Tik Tok\u00bb, \u00abC\u00f3mo el perio-dismo puede aprovechar la Inteligencia Artificial\u00bb, \u00abOportunidades y desaf\u00edos del Streaming\u00bb, \u201cC\u00f3mo mejorar nuestra oralidad en el periodismo\u201d y reflexionaron sobre el \u201cPeriodismo que las sociedades necesitan\u201d.<br \/>\nEl gerente General de Tigo, Pablo Guardia, subray\u00f3 el compromiso de la compa\u00f1\u00eda con el fortalecimiento del periodismo y la educaci\u00f3n. \u201cNuestras carreteras digitales son puentes de informaci\u00f3n, a trav\u00e9s de las cuales queremos brindar oportunidades educativas a todos los periodistas de Bolivia. Queremos apoyar el fortalecimiento de los medios de comunicaci\u00f3n\u201d, expres\u00f3.<br \/>\nUn aspecto destacado del programa fue la elaboraci\u00f3n de trabajos finales de los participantes. 18 periodistas redactaron art\u00edculos propios, que fueron evaluados por Ignacio Di tulio, uno de los docentes del programa, de los cuales fueron seleccionados 3.<br \/>\nDurante el cierre presencial de las clases en las ciudades de Cochabamba, Santa Cruz y La Paz, se cont\u00f3 con la participaci\u00f3n del doctor en Comunicaci\u00f3n y experto en democracia, Fernando Ruiz, quien \u2013en sus propias palabras- &#8216;visti\u00f3&#8217; un equipo de buzo para sumergirse en las profundidades del periodismo. En su disertaci\u00f3n remarc\u00f3 el rol irremplazable del periodismo en la sociedad, exhortando a los periodistas a revalorizar su labor en el contexto actual de la informaci\u00f3n.<\/p>\n<div id='gallery-1' class='gallery galleryid-163055 gallery-columns-3 gallery-size-medium'><figure class='gallery-item'>\n\t\t\t<div class='gallery-icon landscape'>\n\t\t\t\t<a href='https:\/\/www.eldiario.net\/portal\/2023\/07\/01\/tigo-y-universidad-austral-concluyen-con-exito-la-3a-version-del-programa-internacional-de-periodismo\/dsc08352\/'><img loading=\"lazy\" decoding=\"async\" width=\"300\" height=\"169\" src=\"https:\/\/www.eldiario.net\/portal\/wp-content\/uploads\/2023\/07\/DSC08352-300x169.jpg\" class=\"attachment-medium size-medium\" alt=\"\" aria-describedby=\"gallery-1-163056\" srcset=\"https:\/\/www.eldiario.net\/portal\/wp-content\/uploads\/2023\/07\/DSC08352-300x169.jpg 300w, https:\/\/www.eldiario.net\/portal\/wp-content\/uploads\/2023\/07\/DSC08352-768x432.jpg 768w, https:\/\/www.eldiario.net\/portal\/wp-content\/uploads\/2023\/07\/DSC08352-696x392.jpg 696w, https:\/\/www.eldiario.net\/portal\/wp-content\/uploads\/2023\/07\/DSC08352.jpg 1000w\" sizes=\"auto, (max-width: 300px) 100vw, 300px\" \/><\/a>\n\t\t\t<\/div>\n\t\t\t\t<figcaption class='wp-caption-text gallery-caption' id='gallery-1-163056'>\n\t\t\t\t  EL GRUPO DE SANTA CRUZ.\n\t\t\t\t<\/figcaption><\/figure><figure class='gallery-item'>\n\t\t\t<div class='gallery-icon landscape'>\n\t\t\t\t<a href='https:\/\/www.eldiario.net\/portal\/2023\/07\/01\/tigo-y-universidad-austral-concluyen-con-exito-la-3a-version-del-programa-internacional-de-periodismo\/dsc08482\/'><img loading=\"lazy\" decoding=\"async\" width=\"300\" height=\"169\" src=\"https:\/\/www.eldiario.net\/portal\/wp-content\/uploads\/2023\/07\/DSC08482-300x169.jpg\" class=\"attachment-medium size-medium\" alt=\"\" aria-describedby=\"gallery-1-163057\" srcset=\"https:\/\/www.eldiario.net\/portal\/wp-content\/uploads\/2023\/07\/DSC08482-300x169.jpg 300w, https:\/\/www.eldiario.net\/portal\/wp-content\/uploads\/2023\/07\/DSC08482-768x432.jpg 768w, https:\/\/www.eldiario.net\/portal\/wp-content\/uploads\/2023\/07\/DSC08482-696x392.jpg 696w, https:\/\/www.eldiario.net\/portal\/wp-content\/uploads\/2023\/07\/DSC08482.jpg 1000w\" sizes=\"auto, (max-width: 300px) 100vw, 300px\" \/><\/a>\n\t\t\t<\/div>\n\t\t\t\t<figcaption class='wp-caption-text gallery-caption' id='gallery-1-163057'>\n\t\t\t\tPARTICIPANTES DE LA PAZ.\n\t\t\t\t<\/figcaption><\/figure><figure class='gallery-item'>\n\t\t\t<div class='gallery-icon landscape'>\n\t\t\t\t<a href='https:\/\/www.eldiario.net\/portal\/2023\/07\/01\/tigo-y-universidad-austral-concluyen-con-exito-la-3a-version-del-programa-internacional-de-periodismo\/fc5_3615\/'><img loading=\"lazy\" decoding=\"async\" width=\"300\" height=\"200\" src=\"https:\/\/www.eldiario.net\/portal\/wp-content\/uploads\/2023\/07\/FC5_3615-300x200.jpg\" class=\"attachment-medium size-medium\" alt=\"\" aria-describedby=\"gallery-1-163058\" srcset=\"https:\/\/www.eldiario.net\/portal\/wp-content\/uploads\/2023\/07\/FC5_3615-300x200.jpg 300w, https:\/\/www.eldiario.net\/portal\/wp-content\/uploads\/2023\/07\/FC5_3615-768x512.jpg 768w, https:\/\/www.eldiario.net\/portal\/wp-content\/uploads\/2023\/07\/FC5_3615-696x464.jpg 696w, https:\/\/www.eldiario.net\/portal\/wp-content\/uploads\/2023\/07\/FC5_3615.jpg 1000w\" sizes=\"auto, (max-width: 300px) 100vw, 300px\" \/><\/a>\n\t\t\t<\/div>\n\t\t\t\t<figcaption class='wp-caption-text gallery-caption' id='gallery-1-163058'>\n\t\t\t\tMAR\u00cdA LAURA MENDOZA, GTE. DE MARCA Y COM. INSTITUCIONAL DE TIGO; ESTHER MAMANI, GERARDO BUSTILLOS, RICHARD S\u00c1NCHEZ Y FERNANDO RUIZ.\n\t\t\t\t<\/figcaption><\/figure><figure class='gallery-item'>\n\t\t\t<div class='gallery-icon landscape'>\n\t\t\t\t<a href='https:\/\/www.eldiario.net\/portal\/2023\/07\/01\/tigo-y-universidad-austral-concluyen-con-exito-la-3a-version-del-programa-internacional-de-periodismo\/dsc08129\/'><img loading=\"lazy\" decoding=\"async\" width=\"300\" height=\"169\" src=\"https:\/\/www.eldiario.net\/portal\/wp-content\/uploads\/2023\/07\/DSC08129-300x169.jpg\" class=\"attachment-medium size-medium\" alt=\"\" aria-describedby=\"gallery-1-163059\" srcset=\"https:\/\/www.eldiario.net\/portal\/wp-content\/uploads\/2023\/07\/DSC08129-300x169.jpg 300w, https:\/\/www.eldiario.net\/portal\/wp-content\/uploads\/2023\/07\/DSC08129-768x432.jpg 768w, https:\/\/www.eldiario.net\/portal\/wp-content\/uploads\/2023\/07\/DSC08129-696x392.jpg 696w, https:\/\/www.eldiario.net\/portal\/wp-content\/uploads\/2023\/07\/DSC08129.jpg 1000w\" sizes=\"auto, (max-width: 300px) 100vw, 300px\" \/><\/a>\n\t\t\t<\/div>\n\t\t\t\t<figcaption class='wp-caption-text gallery-caption' id='gallery-1-163059'>\n\t\t\t\tEL EXPERTO EN COMUNICACI\u00d3N Y DEMOCRACIA, FERNANDO RUIZ.\n\t\t\t\t<\/figcaption><\/figure><figure class='gallery-item'>\n\t\t\t<div class='gallery-icon landscape'>\n\t\t\t\t<a href='https:\/\/www.eldiario.net\/portal\/2023\/07\/01\/tigo-y-universidad-austral-concluyen-con-exito-la-3a-version-del-programa-internacional-de-periodismo\/dsc08204\/'><img loading=\"lazy\" decoding=\"async\" width=\"300\" height=\"169\" src=\"https:\/\/www.eldiario.net\/portal\/wp-content\/uploads\/2023\/07\/DSC08204-300x169.jpg\" class=\"attachment-medium size-medium\" alt=\"\" aria-describedby=\"gallery-1-163060\" srcset=\"https:\/\/www.eldiario.net\/portal\/wp-content\/uploads\/2023\/07\/DSC08204-300x169.jpg 300w, https:\/\/www.eldiario.net\/portal\/wp-content\/uploads\/2023\/07\/DSC08204-768x432.jpg 768w, https:\/\/www.eldiario.net\/portal\/wp-content\/uploads\/2023\/07\/DSC08204-696x392.jpg 696w, https:\/\/www.eldiario.net\/portal\/wp-content\/uploads\/2023\/07\/DSC08204.jpg 1000w\" sizes=\"auto, (max-width: 300px) 100vw, 300px\" \/><\/a>\n\t\t\t<\/div>\n\t\t\t\t<figcaption class='wp-caption-text gallery-caption' id='gallery-1-163060'>\n\t\t\t\tPARTICIPAN- TES DE  COCHABAM- BA.\n\t\t\t\t<\/figcaption><\/figure>\n\t\t<\/div>\n\n","protected":false},"excerpt":{"rendered":"<p>Tigo y la Universidad Austral de Argentina certifi-caron a 284 periodistas de los nueve departamentos de Bolivia, quienes fueron parte de la tercera versi\u00f3n del Programa Internacional de Periodismo Digital (PIP). Esta iniciativa de Tigo fue ejecutada entre el 6 de mayo y el 16 de junio con cinco clases virtuales de alcance nacional, dos [&hellip;]<\/p>\n","protected":false},"author":1,"featured_media":163060,"comment_status":"closed","ping_status":"open","sticky":false,"template":"","format":"standard","meta":{"_acf_changed":false,"footnotes":""},"categories":[40],"tags":[],"class_list":["post-163055","post","type-post","status-publish","format-standard","has-post-thumbnail","category-sociales"],"acf":{"antetitulo":""},"yoast_head":"<!-- This site is optimized with the Yoast SEO plugin v28.4 - https:\/\/yoast.com\/product\/yoast-seo-wordpress\/ -->\n<title>Tigo y Universidad Austral concluyen con \u00e9xito la 3\u00aa versi\u00f3n del Programa Internacional de Periodismo - El Diario - Bolivia<\/title>\n<meta name=\"robots\" content=\"index, follow, max-snippet:-1, max-image-preview:large, max-video-preview:-1\" \/>\n<link rel=\"canonical\" href=\"https:\/\/www.eldiario.net\/portal\/2023\/07\/01\/tigo-y-universidad-austral-concluyen-con-exito-la-3a-version-del-programa-internacional-de-periodismo\/\" \/>\n<meta property=\"og:locale\" content=\"es_ES\" \/>\n<meta property=\"og:type\" content=\"article\" \/>\n<meta property=\"og:title\" content=\"Tigo y Universidad Austral concluyen con \u00e9xito la 3\u00aa versi\u00f3n del Programa Internacional de Periodismo - El Diario - Bolivia\" \/>\n<meta property=\"og:description\" content=\"Tigo y la Universidad Austral de Argentina certifi-caron a 284 periodistas de los nueve departamentos de Bolivia, quienes fueron parte de la tercera versi\u00f3n del Programa Internacional de Periodismo Digital (PIP). Esta iniciativa de Tigo fue ejecutada entre el 6 de mayo y el 16 de junio con cinco clases virtuales de alcance nacional, dos [&hellip;]\" \/>\n<meta property=\"og:url\" content=\"https:\/\/www.eldiario.net\/portal\/2023\/07\/01\/tigo-y-universidad-austral-concluyen-con-exito-la-3a-version-del-programa-internacional-de-periodismo\/\" \/>\n<meta property=\"og:site_name\" content=\"El Diario - Bolivia\" \/>\n<meta property=\"article:publisher\" content=\"https:\/\/www.facebook.com\/eldiario.bolivia\/\" \/>\n<meta property=\"article:published_time\" content=\"2023-07-01T11:01:52+00:00\" \/>\n<meta property=\"og:image\" content=\"https:\/\/www.eldiario.net\/portal\/wp-content\/uploads\/2023\/07\/DSC08204.jpg\" \/>\n\t<meta property=\"og:image:width\" content=\"1000\" \/>\n\t<meta property=\"og:image:height\" content=\"563\" \/>\n\t<meta property=\"og:image:type\" content=\"image\/jpeg\" \/>\n<meta name=\"author\" content=\"Jeanette\" \/>\n<meta name=\"twitter:card\" content=\"summary_large_image\" \/>\n<meta name=\"twitter:creator\" content=\"@eldiario_net\" \/>\n<meta name=\"twitter:site\" content=\"@eldiario_net\" \/>\n<meta name=\"twitter:label1\" content=\"Escrito por\" \/>\n\t<meta name=\"twitter:data1\" content=\"Jeanette\" \/>\n\t<meta name=\"twitter:label2\" content=\"Tiempo de lectura\" \/>\n\t<meta name=\"twitter:data2\" content=\"2 minutos\" \/>\n<script type=\"application\/ld+json\" class=\"yoast-schema-graph\">{\"@context\":\"https:\\\/\\\/schema.org\",\"@graph\":[{\"@type\":\"Article\",\"@id\":\"https:\\\/\\\/www.eldiario.net\\\/portal\\\/2023\\\/07\\\/01\\\/tigo-y-universidad-austral-concluyen-con-exito-la-3a-version-del-programa-internacional-de-periodismo\\\/#article\",\"isPartOf\":{\"@id\":\"https:\\\/\\\/www.eldiario.net\\\/portal\\\/2023\\\/07\\\/01\\\/tigo-y-universidad-austral-concluyen-con-exito-la-3a-version-del-programa-internacional-de-periodismo\\\/\"},\"author\":{\"name\":\"Jeanette\",\"@id\":\"https:\\\/\\\/www.eldiario.net\\\/portal\\\/#\\\/schema\\\/person\\\/2c57cf2b7a7ae032e449e4c9b1019eac\"},\"headline\":\"Tigo y Universidad Austral concluyen con \u00e9xito la 3\u00aa versi\u00f3n del Programa Internacional de Periodismo\",\"datePublished\":\"2023-07-01T11:01:52+00:00\",\"mainEntityOfPage\":{\"@id\":\"https:\\\/\\\/www.eldiario.net\\\/portal\\\/2023\\\/07\\\/01\\\/tigo-y-universidad-austral-concluyen-con-exito-la-3a-version-del-programa-internacional-de-periodismo\\\/\"},\"wordCount\":325,\"publisher\":{\"@id\":\"https:\\\/\\\/www.eldiario.net\\\/portal\\\/#organization\"},\"image\":{\"@id\":\"https:\\\/\\\/www.eldiario.net\\\/portal\\\/2023\\\/07\\\/01\\\/tigo-y-universidad-austral-concluyen-con-exito-la-3a-version-del-programa-internacional-de-periodismo\\\/#primaryimage\"},\"thumbnailUrl\":\"https:\\\/\\\/www.eldiario.net\\\/portal\\\/wp-content\\\/uploads\\\/2023\\\/07\\\/DSC08204.jpg\",\"articleSection\":[\"Sociales\"],\"inLanguage\":\"es\"},{\"@type\":\"WebPage\",\"@id\":\"https:\\\/\\\/www.eldiario.net\\\/portal\\\/2023\\\/07\\\/01\\\/tigo-y-universidad-austral-concluyen-con-exito-la-3a-version-del-programa-internacional-de-periodismo\\\/\",\"url\":\"https:\\\/\\\/www.eldiario.net\\\/portal\\\/2023\\\/07\\\/01\\\/tigo-y-universidad-austral-concluyen-con-exito-la-3a-version-del-programa-internacional-de-periodismo\\\/\",\"name\":\"Tigo y Universidad Austral concluyen con \u00e9xito la 3\u00aa versi\u00f3n del Programa Internacional de Periodismo - El Diario - Bolivia\",\"isPartOf\":{\"@id\":\"https:\\\/\\\/www.eldiario.net\\\/portal\\\/#website\"},\"primaryImageOfPage\":{\"@id\":\"https:\\\/\\\/www.eldiario.net\\\/portal\\\/2023\\\/07\\\/01\\\/tigo-y-universidad-austral-concluyen-con-exito-la-3a-version-del-programa-internacional-de-periodismo\\\/#primaryimage\"},\"image\":{\"@id\":\"https:\\\/\\\/www.eldiario.net\\\/portal\\\/2023\\\/07\\\/01\\\/tigo-y-universidad-austral-concluyen-con-exito-la-3a-version-del-programa-internacional-de-periodismo\\\/#primaryimage\"},\"thumbnailUrl\":\"https:\\\/\\\/www.eldiario.net\\\/portal\\\/wp-content\\\/uploads\\\/2023\\\/07\\\/DSC08204.jpg\",\"datePublished\":\"2023-07-01T11:01:52+00:00\",\"breadcrumb\":{\"@id\":\"https:\\\/\\\/www.eldiario.net\\\/portal\\\/2023\\\/07\\\/01\\\/tigo-y-universidad-austral-concluyen-con-exito-la-3a-version-del-programa-internacional-de-periodismo\\\/#breadcrumb\"},\"inLanguage\":\"es\",\"potentialAction\":[{\"@type\":\"ReadAction\",\"target\":[\"https:\\\/\\\/www.eldiario.net\\\/portal\\\/2023\\\/07\\\/01\\\/tigo-y-universidad-austral-concluyen-con-exito-la-3a-version-del-programa-internacional-de-periodismo\\\/\"]}]},{\"@type\":\"ImageObject\",\"inLanguage\":\"es\",\"@id\":\"https:\\\/\\\/www.eldiario.net\\\/portal\\\/2023\\\/07\\\/01\\\/tigo-y-universidad-austral-concluyen-con-exito-la-3a-version-del-programa-internacional-de-periodismo\\\/#primaryimage\",\"url\":\"https:\\\/\\\/www.eldiario.net\\\/portal\\\/wp-content\\\/uploads\\\/2023\\\/07\\\/DSC08204.jpg\",\"contentUrl\":\"https:\\\/\\\/www.eldiario.net\\\/portal\\\/wp-content\\\/uploads\\\/2023\\\/07\\\/DSC08204.jpg\",\"width\":1000,\"height\":563,\"caption\":\"PARTICIPAN- TES DE COCHABAM- BA.\"},{\"@type\":\"BreadcrumbList\",\"@id\":\"https:\\\/\\\/www.eldiario.net\\\/portal\\\/2023\\\/07\\\/01\\\/tigo-y-universidad-austral-concluyen-con-exito-la-3a-version-del-programa-internacional-de-periodismo\\\/#breadcrumb\",\"itemListElement\":[{\"@type\":\"ListItem\",\"position\":1,\"name\":\"Portada\",\"item\":\"https:\\\/\\\/www.eldiario.net\\\/portal\\\/\"},{\"@type\":\"ListItem\",\"position\":2,\"name\":\"Tigo y Universidad Austral concluyen con \u00e9xito la 3\u00aa versi\u00f3n del Programa Internacional de Periodismo\"}]},{\"@type\":\"WebSite\",\"@id\":\"https:\\\/\\\/www.eldiario.net\\\/portal\\\/#website\",\"url\":\"https:\\\/\\\/www.eldiario.net\\\/portal\\\/\",\"name\":\"El Diario - Decano de la prensa nacional\",\"description\":\"El Diario - Decano de la prensa nacional\",\"publisher\":{\"@id\":\"https:\\\/\\\/www.eldiario.net\\\/portal\\\/#organization\"},\"potentialAction\":[{\"@type\":\"SearchAction\",\"target\":{\"@type\":\"EntryPoint\",\"urlTemplate\":\"https:\\\/\\\/www.eldiario.net\\\/portal\\\/?s={search_term_string}\"},\"query-input\":{\"@type\":\"PropertyValueSpecification\",\"valueRequired\":true,\"valueName\":\"search_term_string\"}}],\"inLanguage\":\"es\"},{\"@type\":\"Organization\",\"@id\":\"https:\\\/\\\/www.eldiario.net\\\/portal\\\/#organization\",\"name\":\"El Diario - Decano de la prensa nacional\",\"url\":\"https:\\\/\\\/www.eldiario.net\\\/portal\\\/\",\"logo\":{\"@type\":\"ImageObject\",\"inLanguage\":\"es\",\"@id\":\"https:\\\/\\\/www.eldiario.net\\\/portal\\\/#\\\/schema\\\/logo\\\/image\\\/\",\"url\":\"https:\\\/\\\/www.eldiario.net\\\/portal\\\/wp-content\\\/uploads\\\/2023\\\/07\\\/logo_ED.jpg\",\"contentUrl\":\"https:\\\/\\\/www.eldiario.net\\\/portal\\\/wp-content\\\/uploads\\\/2023\\\/07\\\/logo_ED.jpg\",\"width\":272,\"height\":52,\"caption\":\"El Diario - Decano de la prensa nacional\"},\"image\":{\"@id\":\"https:\\\/\\\/www.eldiario.net\\\/portal\\\/#\\\/schema\\\/logo\\\/image\\\/\"},\"sameAs\":[\"https:\\\/\\\/www.facebook.com\\\/eldiario.bolivia\\\/\",\"https:\\\/\\\/x.com\\\/eldiario_net\"]},{\"@type\":\"Person\",\"@id\":\"https:\\\/\\\/www.eldiario.net\\\/portal\\\/#\\\/schema\\\/person\\\/2c57cf2b7a7ae032e449e4c9b1019eac\",\"name\":\"Jeanette\",\"image\":{\"@type\":\"ImageObject\",\"inLanguage\":\"es\",\"@id\":\"https:\\\/\\\/secure.gravatar.com\\\/avatar\\\/3ea2118a5f7dad2b7138b1187a6b7ee55f160b9968b66013c3a3ef39dd7e5798?s=96&d=mm&r=g\",\"url\":\"https:\\\/\\\/secure.gravatar.com\\\/avatar\\\/3ea2118a5f7dad2b7138b1187a6b7ee55f160b9968b66013c3a3ef39dd7e5798?s=96&d=mm&r=g\",\"contentUrl\":\"https:\\\/\\\/secure.gravatar.com\\\/avatar\\\/3ea2118a5f7dad2b7138b1187a6b7ee55f160b9968b66013c3a3ef39dd7e5798?s=96&d=mm&r=g\",\"caption\":\"Jeanette\"},\"sameAs\":[\"https:\\\/\\\/www.eldiario.net\\\/portal\"],\"url\":\"https:\\\/\\\/www.eldiario.net\\\/portal\\\/author\\\/jeanette\\\/\"}]}<\/script>\n<!-- \/ Yoast SEO plugin. -->","yoast_head_json":{"title":"Tigo y Universidad Austral concluyen con \u00e9xito la 3\u00aa versi\u00f3n del Programa Internacional de Periodismo - El Diario - Bolivia","robots":{"index":"index","follow":"follow","max-snippet":"max-snippet:-1","max-image-preview":"max-image-preview:large","max-video-preview":"max-video-preview:-1"},"canonical":"https:\/\/www.eldiario.net\/portal\/2023\/07\/01\/tigo-y-universidad-austral-concluyen-con-exito-la-3a-version-del-programa-internacional-de-periodismo\/","og_locale":"es_ES","og_type":"article","og_title":"Tigo y Universidad Austral concluyen con \u00e9xito la 3\u00aa versi\u00f3n del Programa Internacional de Periodismo - El Diario - Bolivia","og_description":"Tigo y la Universidad Austral de Argentina certifi-caron a 284 periodistas de los nueve departamentos de Bolivia, quienes fueron parte de la tercera versi\u00f3n del Programa Internacional de Periodismo Digital (PIP). Esta iniciativa de Tigo fue ejecutada entre el 6 de mayo y el 16 de junio con cinco clases virtuales de alcance nacional, dos [&hellip;]","og_url":"https:\/\/www.eldiario.net\/portal\/2023\/07\/01\/tigo-y-universidad-austral-concluyen-con-exito-la-3a-version-del-programa-internacional-de-periodismo\/","og_site_name":"El Diario - Bolivia","article_publisher":"https:\/\/www.facebook.com\/eldiario.bolivia\/","article_published_time":"2023-07-01T11:01:52+00:00","og_image":[{"width":1000,"height":563,"url":"https:\/\/www.eldiario.net\/portal\/wp-content\/uploads\/2023\/07\/DSC08204.jpg","type":"image\/jpeg"}],"author":"Jeanette","twitter_card":"summary_large_image","twitter_creator":"@eldiario_net","twitter_site":"@eldiario_net","twitter_misc":{"Escrito por":"Jeanette","Tiempo de lectura":"2 minutos"},"schema":{"@context":"https:\/\/schema.org","@graph":[{"@type":"Article","@id":"https:\/\/www.eldiario.net\/portal\/2023\/07\/01\/tigo-y-universidad-austral-concluyen-con-exito-la-3a-version-del-programa-internacional-de-periodismo\/#article","isPartOf":{"@id":"https:\/\/www.eldiario.net\/portal\/2023\/07\/01\/tigo-y-universidad-austral-concluyen-con-exito-la-3a-version-del-programa-internacional-de-periodismo\/"},"author":{"name":"Jeanette","@id":"https:\/\/www.eldiario.net\/portal\/#\/schema\/person\/2c57cf2b7a7ae032e449e4c9b1019eac"},"headline":"Tigo y Universidad Austral concluyen con \u00e9xito la 3\u00aa versi\u00f3n del Programa Internacional de Periodismo","datePublished":"2023-07-01T11:01:52+00:00","mainEntityOfPage":{"@id":"https:\/\/www.eldiario.net\/portal\/2023\/07\/01\/tigo-y-universidad-austral-concluyen-con-exito-la-3a-version-del-programa-internacional-de-periodismo\/"},"wordCount":325,"publisher":{"@id":"https:\/\/www.eldiario.net\/portal\/#organization"},"image":{"@id":"https:\/\/www.eldiario.net\/portal\/2023\/07\/01\/tigo-y-universidad-austral-concluyen-con-exito-la-3a-version-del-programa-internacional-de-periodismo\/#primaryimage"},"thumbnailUrl":"https:\/\/www.eldiario.net\/portal\/wp-content\/uploads\/2023\/07\/DSC08204.jpg","articleSection":["Sociales"],"inLanguage":"es"},{"@type":"WebPage","@id":"https:\/\/www.eldiario.net\/portal\/2023\/07\/01\/tigo-y-universidad-austral-concluyen-con-exito-la-3a-version-del-programa-internacional-de-periodismo\/","url":"https:\/\/www.eldiario.net\/portal\/2023\/07\/01\/tigo-y-universidad-austral-concluyen-con-exito-la-3a-version-del-programa-internacional-de-periodismo\/","name":"Tigo y Universidad Austral concluyen con \u00e9xito la 3\u00aa versi\u00f3n del Programa Internacional de Periodismo - El Diario - Bolivia","isPartOf":{"@id":"https:\/\/www.eldiario.net\/portal\/#website"},"primaryImageOfPage":{"@id":"https:\/\/www.eldiario.net\/portal\/2023\/07\/01\/tigo-y-universidad-austral-concluyen-con-exito-la-3a-version-del-programa-internacional-de-periodismo\/#primaryimage"},"image":{"@id":"https:\/\/www.eldiario.net\/portal\/2023\/07\/01\/tigo-y-universidad-austral-concluyen-con-exito-la-3a-version-del-programa-internacional-de-periodismo\/#primaryimage"},"thumbnailUrl":"https:\/\/www.eldiario.net\/portal\/wp-content\/uploads\/2023\/07\/DSC08204.jpg","datePublished":"2023-07-01T11:01:52+00:00","breadcrumb":{"@id":"https:\/\/www.eldiario.net\/portal\/2023\/07\/01\/tigo-y-universidad-austral-concluyen-con-exito-la-3a-version-del-programa-internacional-de-periodismo\/#breadcrumb"},"inLanguage":"es","potentialAction":[{"@type":"ReadAction","target":["https:\/\/www.eldiario.net\/portal\/2023\/07\/01\/tigo-y-universidad-austral-concluyen-con-exito-la-3a-version-del-programa-internacional-de-periodismo\/"]}]},{"@type":"ImageObject","inLanguage":"es","@id":"https:\/\/www.eldiario.net\/portal\/2023\/07\/01\/tigo-y-universidad-austral-concluyen-con-exito-la-3a-version-del-programa-internacional-de-periodismo\/#primaryimage","url":"https:\/\/www.eldiario.net\/portal\/wp-content\/uploads\/2023\/07\/DSC08204.jpg","contentUrl":"https:\/\/www.eldiario.net\/portal\/wp-content\/uploads\/2023\/07\/DSC08204.jpg","width":1000,"height":563,"caption":"PARTICIPAN- TES DE COCHABAM- BA."},{"@type":"BreadcrumbList","@id":"https:\/\/www.eldiario.net\/portal\/2023\/07\/01\/tigo-y-universidad-austral-concluyen-con-exito-la-3a-version-del-programa-internacional-de-periodismo\/#breadcrumb","itemListElement":[{"@type":"ListItem","position":1,"name":"Portada","item":"https:\/\/www.eldiario.net\/portal\/"},{"@type":"ListItem","position":2,"name":"Tigo y Universidad Austral concluyen con \u00e9xito la 3\u00aa versi\u00f3n del Programa Internacional de Periodismo"}]},{"@type":"WebSite","@id":"https:\/\/www.eldiario.net\/portal\/#website","url":"https:\/\/www.eldiario.net\/portal\/","name":"El Diario - Decano de la prensa nacional","description":"El Diario - Decano de la prensa nacional","publisher":{"@id":"https:\/\/www.eldiario.net\/portal\/#organization"},"potentialAction":[{"@type":"SearchAction","target":{"@type":"EntryPoint","urlTemplate":"https:\/\/www.eldiario.net\/portal\/?s={search_term_string}"},"query-input":{"@type":"PropertyValueSpecification","valueRequired":true,"valueName":"search_term_string"}}],"inLanguage":"es"},{"@type":"Organization","@id":"https:\/\/www.eldiario.net\/portal\/#organization","name":"El Diario - Decano de la prensa nacional","url":"https:\/\/www.eldiario.net\/portal\/","logo":{"@type":"ImageObject","inLanguage":"es","@id":"https:\/\/www.eldiario.net\/portal\/#\/schema\/logo\/image\/","url":"https:\/\/www.eldiario.net\/portal\/wp-content\/uploads\/2023\/07\/logo_ED.jpg","contentUrl":"https:\/\/www.eldiario.net\/portal\/wp-content\/uploads\/2023\/07\/logo_ED.jpg","width":272,"height":52,"caption":"El Diario - Decano de la prensa nacional"},"image":{"@id":"https:\/\/www.eldiario.net\/portal\/#\/schema\/logo\/image\/"},"sameAs":["https:\/\/www.facebook.com\/eldiario.bolivia\/","https:\/\/x.com\/eldiario_net"]},{"@type":"Person","@id":"https:\/\/www.eldiario.net\/portal\/#\/schema\/person\/2c57cf2b7a7ae032e449e4c9b1019eac","name":"Jeanette","image":{"@type":"ImageObject","inLanguage":"es","@id":"https:\/\/secure.gravatar.com\/avatar\/3ea2118a5f7dad2b7138b1187a6b7ee55f160b9968b66013c3a3ef39dd7e5798?s=96&d=mm&r=g","url":"https:\/\/secure.gravatar.com\/avatar\/3ea2118a5f7dad2b7138b1187a6b7ee55f160b9968b66013c3a3ef39dd7e5798?s=96&d=mm&r=g","contentUrl":"https:\/\/secure.gravatar.com\/avatar\/3ea2118a5f7dad2b7138b1187a6b7ee55f160b9968b66013c3a3ef39dd7e5798?s=96&d=mm&r=g","caption":"Jeanette"},"sameAs":["https:\/\/www.eldiario.net\/portal"],"url":"https:\/\/www.eldiario.net\/portal\/author\/jeanette\/"}]}},"_links":{"self":[{"href":"https:\/\/www.eldiario.net\/portal\/wp-json\/wp\/v2\/posts\/163055","targetHints":{"allow":["GET"]}}],"collection":[{"href":"https:\/\/www.eldiario.net\/portal\/wp-json\/wp\/v2\/posts"}],"about":[{"href":"https:\/\/www.eldiario.net\/portal\/wp-json\/wp\/v2\/types\/post"}],"author":[{"embeddable":true,"href":"https:\/\/www.eldiario.net\/portal\/wp-json\/wp\/v2\/users\/1"}],"replies":[{"embeddable":true,"href":"https:\/\/www.eldiario.net\/portal\/wp-json\/wp\/v2\/comments?post=163055"}],"version-history":[{"count":0,"href":"https:\/\/www.eldiario.net\/portal\/wp-json\/wp\/v2\/posts\/163055\/revisions"}],"wp:featuredmedia":[{"embeddable":true,"href":"https:\/\/www.eldiario.net\/portal\/wp-json\/wp\/v2\/media\/163060"}],"wp:attachment":[{"href":"https:\/\/www.eldiario.net\/portal\/wp-json\/wp\/v2\/media?parent=163055"}],"wp:term":[{"taxonomy":"category","embeddable":true,"href":"https:\/\/www.eldiario.net\/portal\/wp-json\/wp\/v2\/categories?post=163055"},{"taxonomy":"post_tag","embeddable":true,"href":"https:\/\/www.eldiario.net\/portal\/wp-json\/wp\/v2\/tags?post=163055"}],"curies":[{"name":"wp","href":"https:\/\/api.w.org\/{rel}","templated":true}]}}