{"id":162942,"date":"2023-07-01T06:19:51","date_gmt":"2023-07-01T10:19:51","guid":{"rendered":"https:\/\/www.eldiario.net\/portal\/?p=162942"},"modified":"2023-07-01T06:19:51","modified_gmt":"2023-07-01T10:19:51","slug":"juicio-politico-para-arce-y-otra-censura-a-del-castillo","status":"publish","type":"post","link":"https:\/\/www.eldiario.net\/portal\/2023\/07\/01\/juicio-politico-para-arce-y-otra-censura-a-del-castillo\/","title":{"rendered":"Juicio pol\u00edtico para Arce y  otra censura a Del Castillo"},"content":{"rendered":"<p>La segunda posesi\u00f3n a Eduardo Del Castillo como ministro de Gobierno caus\u00f3 molestia en los denominados \u201cevistas\u201d y la oposici\u00f3n; por eso, advirtieron que el jefe de Estado, Luis Arce, es pasible a enfrentar un juicio de responsabilidades por no respetar la voluntad del pueblo boliviano plasmado en la Constituci\u00f3n Pol\u00edtica del Estado (CPE) y anunciaron una nueva censura a la autoridad por el tema inseguridad del Estado.<br \/>\nEl diputado de la facci\u00f3n radical del Movimiento al Socialismo (MAS), Ren\u00e1n Cabezas, acus\u00f3 al Gobierno de su mismo partido de convertirse en dictatorial y mentiroso, adem\u00e1s de proteger a la corrupci\u00f3n y el narcotr\u00e1fico; por eso, asegur\u00f3 que volver\u00e1n a censurar a Del Castillo el siguiente mi\u00e9rcoles.<br \/>\n\u201cEl siguiente ministro que venga, si no tiene una buena explicaci\u00f3n, tambi\u00e9n va a ser censurado. Tenemos en agenda que el d\u00eda mi\u00e9rcoles va a volver a venir el ministro (de Gobierno) a la Asamblea Legislativa, al templo de la democracia, va a volver a ser censurado\u201d, sentenci\u00f3 Cabezas.<br \/>\nEl oficialista explic\u00f3 que la nueva interpelaci\u00f3n a Del Castillo ser\u00e1 por el tema de la inseguridad en el Estado. Explic\u00f3 que en el pa\u00eds existe mucha inseguridad hasta el punto de que el ciudadano, aparte de cuidarse de los ladrones, tambi\u00e9n tiene que hacerlo de la Polic\u00eda.<br \/>\nEl diputado de Comunidad Ciudadana (CC), Alberto Astorga, tild\u00f3 a la autoridad \u201crestituida\u201d como \u201cde facto\u201d y en esa calidad ser\u00e1 recibida cuando vuelva a la Asamblea Legislativa a las nuevas dos interpelaciones.<br \/>\n\u201cAc\u00e1 tenemos un ministro de facto llamado Eduardo Del Castillo que inconstitucionalmente ha sido ratificado en su puesto. Ahora quiero ver c\u00f3mo viene este ministro de facto a las futuras interpelaciones, ac\u00e1 en la Asamblea Legislativa. Claramente, los parlamentarios tambi\u00e9n lo vamos a ningunear\u201d, advirti\u00f3 Astorga. \u201cVamos a recibirlo de mala manera\u201d, a\u00f1adi\u00f3.<br \/>\nEl opositor subray\u00f3 que el Primer Mandatario se convirti\u00f3 en un \u201ctirano\u201d por no respetar la CPE y por eso podr\u00eda ser pasible a un juicio de responsabilidades, situaci\u00f3n que la oposici\u00f3n analizar\u00e1 m\u00e1s adelante. \u201cEl Presidente es factible a un juicio de responsabilidades\u201d, subray\u00f3.<br \/>\nDel Castillo fue destituido mediante el Decreto Presidencial 4974, pero la resoluci\u00f3n de censura que recibi\u00f3 de la ALP en la interpelaci\u00f3n por los autos robados en Chile e internados en Bolivia. Sin embargo, luego de unos minutos, Arce volvi\u00f3 a posesionarlo por segunda vez en su mismo puesto, al igual que lo hizo la expresidenta Jeanine A\u00f1ez con dos de sus ministros.<br \/>\nEn su discurso, Arce Catacora explic\u00f3 que el art\u00edculo 158 de la CPE establece destituci\u00f3n de una autoridad censurada, pero ninguna normativa le impide volver a posesionar a la misma persona en su mismo cargo.<br \/>\nEl diputado Cabezas, record\u00f3 que, durante la elaboraci\u00f3n de la Carta Magna, en 2009, la voluntad del pueblo fue que un ministro censurado debe ser destituido. Al posesionar nuevamente a la autoridad, Arce fue en contra de esa voluntad de la poblaci\u00f3n boliviana y por eso analizar\u00e1n un juicio de responsabilidades.<br \/>\n\u201cAhora nuestro Presidente se tendr\u00e1 que atener a un juicio de responsabilidades porque ha violado la Constituci\u00f3n Pol\u00edtica del Estado\u201d, complement\u00f3 la diputada \u201cevista\u201d Mar\u00eda Alanoca.<br \/>\nEl jefe de bancada del MAS en la C\u00e1mara de Diputados, Andr\u00e9s Flores, defendi\u00f3 al Presidente del Estado y dijo que en el pa\u00eds existe jurisprudencia para que el Presidente vuelva a posesionar a un ministro en su mismo cargo.<br \/>\nFlores argument\u00f3 que Del Castillo fue \u201crestituido\u201d porque recibi\u00f3 el apoyo de las organizaciones sociales y meti\u00f3 a la c\u00e1rcel a la expresidenta Jeanine A\u00f1ez y al gobernador Luis Fernando Camacho.<br \/>\nEl senador \u201carcista\u201d, F\u00e9lix Ajpi, acus\u00f3 a sus colegas oficialistas, que censuraron a Del Castillo, de hacer una contrarrevoluci\u00f3n masista y de gestar una megacoalici\u00f3n con la oposici\u00f3n. (ANF).<\/p>\n","protected":false},"excerpt":{"rendered":"<p>La segunda posesi\u00f3n a Eduardo Del Castillo como ministro de Gobierno caus\u00f3 molestia en los denominados \u201cevistas\u201d y la oposici\u00f3n; por eso, advirtieron que el jefe de Estado, Luis Arce, es pasible a enfrentar un juicio de responsabilidades por no respetar la voluntad del pueblo boliviano plasmado en la Constituci\u00f3n Pol\u00edtica del Estado (CPE) y [&hellip;]<\/p>\n","protected":false},"author":1,"featured_media":162943,"comment_status":"closed","ping_status":"open","sticky":false,"template":"","format":"standard","meta":{"_acf_changed":false,"footnotes":""},"categories":[14],"tags":[],"class_list":["post-162942","post","type-post","status-publish","format-standard","has-post-thumbnail","category-politica"],"acf":{"antetitulo":""},"yoast_head":"<!-- This site is optimized with the Yoast SEO plugin v28.4 - https:\/\/yoast.com\/product\/yoast-seo-wordpress\/ -->\n<title>Juicio pol\u00edtico para Arce y otra censura a Del Castillo - El Diario - Bolivia<\/title>\n<meta name=\"robots\" content=\"index, follow, max-snippet:-1, max-image-preview:large, max-video-preview:-1\" \/>\n<link rel=\"canonical\" href=\"https:\/\/www.eldiario.net\/portal\/2023\/07\/01\/juicio-politico-para-arce-y-otra-censura-a-del-castillo\/\" \/>\n<meta property=\"og:locale\" content=\"es_ES\" \/>\n<meta property=\"og:type\" content=\"article\" \/>\n<meta property=\"og:title\" content=\"Juicio pol\u00edtico para Arce y otra censura a Del Castillo - El Diario - Bolivia\" \/>\n<meta property=\"og:description\" content=\"La segunda posesi\u00f3n a Eduardo Del Castillo como ministro de Gobierno caus\u00f3 molestia en los denominados \u201cevistas\u201d y la oposici\u00f3n; por eso, advirtieron que el jefe de Estado, Luis Arce, es pasible a enfrentar un juicio de responsabilidades por no respetar la voluntad del pueblo boliviano plasmado en la Constituci\u00f3n Pol\u00edtica del Estado (CPE) y [&hellip;]\" \/>\n<meta property=\"og:url\" content=\"https:\/\/www.eldiario.net\/portal\/2023\/07\/01\/juicio-politico-para-arce-y-otra-censura-a-del-castillo\/\" \/>\n<meta property=\"og:site_name\" content=\"El Diario - Bolivia\" \/>\n<meta property=\"article:publisher\" content=\"https:\/\/www.facebook.com\/eldiario.bolivia\/\" \/>\n<meta property=\"article:published_time\" content=\"2023-07-01T10:19:51+00:00\" \/>\n<meta property=\"og:image\" content=\"https:\/\/www.eldiario.net\/portal\/wp-content\/uploads\/2023\/07\/41-POL.jpg\" \/>\n\t<meta property=\"og:image:width\" content=\"600\" \/>\n\t<meta property=\"og:image:height\" content=\"338\" \/>\n\t<meta property=\"og:image:type\" content=\"image\/jpeg\" \/>\n<meta name=\"author\" content=\"Jeanette\" \/>\n<meta name=\"twitter:card\" content=\"summary_large_image\" \/>\n<meta name=\"twitter:creator\" content=\"@eldiario_net\" \/>\n<meta name=\"twitter:site\" content=\"@eldiario_net\" \/>\n<meta name=\"twitter:label1\" content=\"Escrito por\" \/>\n\t<meta name=\"twitter:data1\" content=\"Jeanette\" \/>\n\t<meta name=\"twitter:label2\" content=\"Tiempo de lectura\" \/>\n\t<meta name=\"twitter:data2\" content=\"3 minutos\" \/>\n<script type=\"application\/ld+json\" class=\"yoast-schema-graph\">{\"@context\":\"https:\\\/\\\/schema.org\",\"@graph\":[{\"@type\":\"Article\",\"@id\":\"https:\\\/\\\/www.eldiario.net\\\/portal\\\/2023\\\/07\\\/01\\\/juicio-politico-para-arce-y-otra-censura-a-del-castillo\\\/#article\",\"isPartOf\":{\"@id\":\"https:\\\/\\\/www.eldiario.net\\\/portal\\\/2023\\\/07\\\/01\\\/juicio-politico-para-arce-y-otra-censura-a-del-castillo\\\/\"},\"author\":{\"name\":\"Jeanette\",\"@id\":\"https:\\\/\\\/www.eldiario.net\\\/portal\\\/#\\\/schema\\\/person\\\/2c57cf2b7a7ae032e449e4c9b1019eac\"},\"headline\":\"Juicio pol\u00edtico para Arce y otra censura a Del Castillo\",\"datePublished\":\"2023-07-01T10:19:51+00:00\",\"mainEntityOfPage\":{\"@id\":\"https:\\\/\\\/www.eldiario.net\\\/portal\\\/2023\\\/07\\\/01\\\/juicio-politico-para-arce-y-otra-censura-a-del-castillo\\\/\"},\"wordCount\":673,\"publisher\":{\"@id\":\"https:\\\/\\\/www.eldiario.net\\\/portal\\\/#organization\"},\"image\":{\"@id\":\"https:\\\/\\\/www.eldiario.net\\\/portal\\\/2023\\\/07\\\/01\\\/juicio-politico-para-arce-y-otra-censura-a-del-castillo\\\/#primaryimage\"},\"thumbnailUrl\":\"https:\\\/\\\/www.eldiario.net\\\/portal\\\/wp-content\\\/uploads\\\/2023\\\/07\\\/41-POL.jpg\",\"articleSection\":[\"Pol\u00edtica\"],\"inLanguage\":\"es\"},{\"@type\":\"WebPage\",\"@id\":\"https:\\\/\\\/www.eldiario.net\\\/portal\\\/2023\\\/07\\\/01\\\/juicio-politico-para-arce-y-otra-censura-a-del-castillo\\\/\",\"url\":\"https:\\\/\\\/www.eldiario.net\\\/portal\\\/2023\\\/07\\\/01\\\/juicio-politico-para-arce-y-otra-censura-a-del-castillo\\\/\",\"name\":\"Juicio pol\u00edtico para Arce y otra censura a Del Castillo - El Diario - Bolivia\",\"isPartOf\":{\"@id\":\"https:\\\/\\\/www.eldiario.net\\\/portal\\\/#website\"},\"primaryImageOfPage\":{\"@id\":\"https:\\\/\\\/www.eldiario.net\\\/portal\\\/2023\\\/07\\\/01\\\/juicio-politico-para-arce-y-otra-censura-a-del-castillo\\\/#primaryimage\"},\"image\":{\"@id\":\"https:\\\/\\\/www.eldiario.net\\\/portal\\\/2023\\\/07\\\/01\\\/juicio-politico-para-arce-y-otra-censura-a-del-castillo\\\/#primaryimage\"},\"thumbnailUrl\":\"https:\\\/\\\/www.eldiario.net\\\/portal\\\/wp-content\\\/uploads\\\/2023\\\/07\\\/41-POL.jpg\",\"datePublished\":\"2023-07-01T10:19:51+00:00\",\"breadcrumb\":{\"@id\":\"https:\\\/\\\/www.eldiario.net\\\/portal\\\/2023\\\/07\\\/01\\\/juicio-politico-para-arce-y-otra-censura-a-del-castillo\\\/#breadcrumb\"},\"inLanguage\":\"es\",\"potentialAction\":[{\"@type\":\"ReadAction\",\"target\":[\"https:\\\/\\\/www.eldiario.net\\\/portal\\\/2023\\\/07\\\/01\\\/juicio-politico-para-arce-y-otra-censura-a-del-castillo\\\/\"]}]},{\"@type\":\"ImageObject\",\"inLanguage\":\"es\",\"@id\":\"https:\\\/\\\/www.eldiario.net\\\/portal\\\/2023\\\/07\\\/01\\\/juicio-politico-para-arce-y-otra-censura-a-del-castillo\\\/#primaryimage\",\"url\":\"https:\\\/\\\/www.eldiario.net\\\/portal\\\/wp-content\\\/uploads\\\/2023\\\/07\\\/41-POL.jpg\",\"contentUrl\":\"https:\\\/\\\/www.eldiario.net\\\/portal\\\/wp-content\\\/uploads\\\/2023\\\/07\\\/41-POL.jpg\",\"width\":600,\"height\":338,\"caption\":\"EDUARDO DEL CASTILLO, TRAS SU SEGUNDA POSESI\u00d3N COMO MINISTRO DE GOBIERNO, SALUDA AL JEFE DE ESTADO.\"},{\"@type\":\"BreadcrumbList\",\"@id\":\"https:\\\/\\\/www.eldiario.net\\\/portal\\\/2023\\\/07\\\/01\\\/juicio-politico-para-arce-y-otra-censura-a-del-castillo\\\/#breadcrumb\",\"itemListElement\":[{\"@type\":\"ListItem\",\"position\":1,\"name\":\"Portada\",\"item\":\"https:\\\/\\\/www.eldiario.net\\\/portal\\\/\"},{\"@type\":\"ListItem\",\"position\":2,\"name\":\"Juicio pol\u00edtico para Arce y otra censura a Del Castillo\"}]},{\"@type\":\"WebSite\",\"@id\":\"https:\\\/\\\/www.eldiario.net\\\/portal\\\/#website\",\"url\":\"https:\\\/\\\/www.eldiario.net\\\/portal\\\/\",\"name\":\"El Diario - Decano de la prensa nacional\",\"description\":\"El Diario - Decano de la prensa nacional\",\"publisher\":{\"@id\":\"https:\\\/\\\/www.eldiario.net\\\/portal\\\/#organization\"},\"potentialAction\":[{\"@type\":\"SearchAction\",\"target\":{\"@type\":\"EntryPoint\",\"urlTemplate\":\"https:\\\/\\\/www.eldiario.net\\\/portal\\\/?s={search_term_string}\"},\"query-input\":{\"@type\":\"PropertyValueSpecification\",\"valueRequired\":true,\"valueName\":\"search_term_string\"}}],\"inLanguage\":\"es\"},{\"@type\":\"Organization\",\"@id\":\"https:\\\/\\\/www.eldiario.net\\\/portal\\\/#organization\",\"name\":\"El Diario - Decano de la prensa nacional\",\"url\":\"https:\\\/\\\/www.eldiario.net\\\/portal\\\/\",\"logo\":{\"@type\":\"ImageObject\",\"inLanguage\":\"es\",\"@id\":\"https:\\\/\\\/www.eldiario.net\\\/portal\\\/#\\\/schema\\\/logo\\\/image\\\/\",\"url\":\"https:\\\/\\\/www.eldiario.net\\\/portal\\\/wp-content\\\/uploads\\\/2023\\\/07\\\/logo_ED.jpg\",\"contentUrl\":\"https:\\\/\\\/www.eldiario.net\\\/portal\\\/wp-content\\\/uploads\\\/2023\\\/07\\\/logo_ED.jpg\",\"width\":272,\"height\":52,\"caption\":\"El Diario - Decano de la prensa nacional\"},\"image\":{\"@id\":\"https:\\\/\\\/www.eldiario.net\\\/portal\\\/#\\\/schema\\\/logo\\\/image\\\/\"},\"sameAs\":[\"https:\\\/\\\/www.facebook.com\\\/eldiario.bolivia\\\/\",\"https:\\\/\\\/x.com\\\/eldiario_net\"]},{\"@type\":\"Person\",\"@id\":\"https:\\\/\\\/www.eldiario.net\\\/portal\\\/#\\\/schema\\\/person\\\/2c57cf2b7a7ae032e449e4c9b1019eac\",\"name\":\"Jeanette\",\"image\":{\"@type\":\"ImageObject\",\"inLanguage\":\"es\",\"@id\":\"https:\\\/\\\/secure.gravatar.com\\\/avatar\\\/3ea2118a5f7dad2b7138b1187a6b7ee55f160b9968b66013c3a3ef39dd7e5798?s=96&d=mm&r=g\",\"url\":\"https:\\\/\\\/secure.gravatar.com\\\/avatar\\\/3ea2118a5f7dad2b7138b1187a6b7ee55f160b9968b66013c3a3ef39dd7e5798?s=96&d=mm&r=g\",\"contentUrl\":\"https:\\\/\\\/secure.gravatar.com\\\/avatar\\\/3ea2118a5f7dad2b7138b1187a6b7ee55f160b9968b66013c3a3ef39dd7e5798?s=96&d=mm&r=g\",\"caption\":\"Jeanette\"},\"sameAs\":[\"https:\\\/\\\/www.eldiario.net\\\/portal\"],\"url\":\"https:\\\/\\\/www.eldiario.net\\\/portal\\\/author\\\/jeanette\\\/\"}]}<\/script>\n<!-- \/ Yoast SEO plugin. -->","yoast_head_json":{"title":"Juicio pol\u00edtico para Arce y otra censura a Del Castillo - El Diario - Bolivia","robots":{"index":"index","follow":"follow","max-snippet":"max-snippet:-1","max-image-preview":"max-image-preview:large","max-video-preview":"max-video-preview:-1"},"canonical":"https:\/\/www.eldiario.net\/portal\/2023\/07\/01\/juicio-politico-para-arce-y-otra-censura-a-del-castillo\/","og_locale":"es_ES","og_type":"article","og_title":"Juicio pol\u00edtico para Arce y otra censura a Del Castillo - El Diario - Bolivia","og_description":"La segunda posesi\u00f3n a Eduardo Del Castillo como ministro de Gobierno caus\u00f3 molestia en los denominados \u201cevistas\u201d y la oposici\u00f3n; por eso, advirtieron que el jefe de Estado, Luis Arce, es pasible a enfrentar un juicio de responsabilidades por no respetar la voluntad del pueblo boliviano plasmado en la Constituci\u00f3n Pol\u00edtica del Estado (CPE) y [&hellip;]","og_url":"https:\/\/www.eldiario.net\/portal\/2023\/07\/01\/juicio-politico-para-arce-y-otra-censura-a-del-castillo\/","og_site_name":"El Diario - Bolivia","article_publisher":"https:\/\/www.facebook.com\/eldiario.bolivia\/","article_published_time":"2023-07-01T10:19:51+00:00","og_image":[{"width":600,"height":338,"url":"https:\/\/www.eldiario.net\/portal\/wp-content\/uploads\/2023\/07\/41-POL.jpg","type":"image\/jpeg"}],"author":"Jeanette","twitter_card":"summary_large_image","twitter_creator":"@eldiario_net","twitter_site":"@eldiario_net","twitter_misc":{"Escrito por":"Jeanette","Tiempo de lectura":"3 minutos"},"schema":{"@context":"https:\/\/schema.org","@graph":[{"@type":"Article","@id":"https:\/\/www.eldiario.net\/portal\/2023\/07\/01\/juicio-politico-para-arce-y-otra-censura-a-del-castillo\/#article","isPartOf":{"@id":"https:\/\/www.eldiario.net\/portal\/2023\/07\/01\/juicio-politico-para-arce-y-otra-censura-a-del-castillo\/"},"author":{"name":"Jeanette","@id":"https:\/\/www.eldiario.net\/portal\/#\/schema\/person\/2c57cf2b7a7ae032e449e4c9b1019eac"},"headline":"Juicio pol\u00edtico para Arce y otra censura a Del Castillo","datePublished":"2023-07-01T10:19:51+00:00","mainEntityOfPage":{"@id":"https:\/\/www.eldiario.net\/portal\/2023\/07\/01\/juicio-politico-para-arce-y-otra-censura-a-del-castillo\/"},"wordCount":673,"publisher":{"@id":"https:\/\/www.eldiario.net\/portal\/#organization"},"image":{"@id":"https:\/\/www.eldiario.net\/portal\/2023\/07\/01\/juicio-politico-para-arce-y-otra-censura-a-del-castillo\/#primaryimage"},"thumbnailUrl":"https:\/\/www.eldiario.net\/portal\/wp-content\/uploads\/2023\/07\/41-POL.jpg","articleSection":["Pol\u00edtica"],"inLanguage":"es"},{"@type":"WebPage","@id":"https:\/\/www.eldiario.net\/portal\/2023\/07\/01\/juicio-politico-para-arce-y-otra-censura-a-del-castillo\/","url":"https:\/\/www.eldiario.net\/portal\/2023\/07\/01\/juicio-politico-para-arce-y-otra-censura-a-del-castillo\/","name":"Juicio pol\u00edtico para Arce y otra censura a Del Castillo - El Diario - Bolivia","isPartOf":{"@id":"https:\/\/www.eldiario.net\/portal\/#website"},"primaryImageOfPage":{"@id":"https:\/\/www.eldiario.net\/portal\/2023\/07\/01\/juicio-politico-para-arce-y-otra-censura-a-del-castillo\/#primaryimage"},"image":{"@id":"https:\/\/www.eldiario.net\/portal\/2023\/07\/01\/juicio-politico-para-arce-y-otra-censura-a-del-castillo\/#primaryimage"},"thumbnailUrl":"https:\/\/www.eldiario.net\/portal\/wp-content\/uploads\/2023\/07\/41-POL.jpg","datePublished":"2023-07-01T10:19:51+00:00","breadcrumb":{"@id":"https:\/\/www.eldiario.net\/portal\/2023\/07\/01\/juicio-politico-para-arce-y-otra-censura-a-del-castillo\/#breadcrumb"},"inLanguage":"es","potentialAction":[{"@type":"ReadAction","target":["https:\/\/www.eldiario.net\/portal\/2023\/07\/01\/juicio-politico-para-arce-y-otra-censura-a-del-castillo\/"]}]},{"@type":"ImageObject","inLanguage":"es","@id":"https:\/\/www.eldiario.net\/portal\/2023\/07\/01\/juicio-politico-para-arce-y-otra-censura-a-del-castillo\/#primaryimage","url":"https:\/\/www.eldiario.net\/portal\/wp-content\/uploads\/2023\/07\/41-POL.jpg","contentUrl":"https:\/\/www.eldiario.net\/portal\/wp-content\/uploads\/2023\/07\/41-POL.jpg","width":600,"height":338,"caption":"EDUARDO DEL CASTILLO, TRAS SU SEGUNDA POSESI\u00d3N COMO MINISTRO DE GOBIERNO, SALUDA AL JEFE DE ESTADO."},{"@type":"BreadcrumbList","@id":"https:\/\/www.eldiario.net\/portal\/2023\/07\/01\/juicio-politico-para-arce-y-otra-censura-a-del-castillo\/#breadcrumb","itemListElement":[{"@type":"ListItem","position":1,"name":"Portada","item":"https:\/\/www.eldiario.net\/portal\/"},{"@type":"ListItem","position":2,"name":"Juicio pol\u00edtico para Arce y otra censura a Del Castillo"}]},{"@type":"WebSite","@id":"https:\/\/www.eldiario.net\/portal\/#website","url":"https:\/\/www.eldiario.net\/portal\/","name":"El Diario - Decano de la prensa nacional","description":"El Diario - Decano de la prensa nacional","publisher":{"@id":"https:\/\/www.eldiario.net\/portal\/#organization"},"potentialAction":[{"@type":"SearchAction","target":{"@type":"EntryPoint","urlTemplate":"https:\/\/www.eldiario.net\/portal\/?s={search_term_string}"},"query-input":{"@type":"PropertyValueSpecification","valueRequired":true,"valueName":"search_term_string"}}],"inLanguage":"es"},{"@type":"Organization","@id":"https:\/\/www.eldiario.net\/portal\/#organization","name":"El Diario - Decano de la prensa nacional","url":"https:\/\/www.eldiario.net\/portal\/","logo":{"@type":"ImageObject","inLanguage":"es","@id":"https:\/\/www.eldiario.net\/portal\/#\/schema\/logo\/image\/","url":"https:\/\/www.eldiario.net\/portal\/wp-content\/uploads\/2023\/07\/logo_ED.jpg","contentUrl":"https:\/\/www.eldiario.net\/portal\/wp-content\/uploads\/2023\/07\/logo_ED.jpg","width":272,"height":52,"caption":"El Diario - Decano de la prensa nacional"},"image":{"@id":"https:\/\/www.eldiario.net\/portal\/#\/schema\/logo\/image\/"},"sameAs":["https:\/\/www.facebook.com\/eldiario.bolivia\/","https:\/\/x.com\/eldiario_net"]},{"@type":"Person","@id":"https:\/\/www.eldiario.net\/portal\/#\/schema\/person\/2c57cf2b7a7ae032e449e4c9b1019eac","name":"Jeanette","image":{"@type":"ImageObject","inLanguage":"es","@id":"https:\/\/secure.gravatar.com\/avatar\/3ea2118a5f7dad2b7138b1187a6b7ee55f160b9968b66013c3a3ef39dd7e5798?s=96&d=mm&r=g","url":"https:\/\/secure.gravatar.com\/avatar\/3ea2118a5f7dad2b7138b1187a6b7ee55f160b9968b66013c3a3ef39dd7e5798?s=96&d=mm&r=g","contentUrl":"https:\/\/secure.gravatar.com\/avatar\/3ea2118a5f7dad2b7138b1187a6b7ee55f160b9968b66013c3a3ef39dd7e5798?s=96&d=mm&r=g","caption":"Jeanette"},"sameAs":["https:\/\/www.eldiario.net\/portal"],"url":"https:\/\/www.eldiario.net\/portal\/author\/jeanette\/"}]}},"_links":{"self":[{"href":"https:\/\/www.eldiario.net\/portal\/wp-json\/wp\/v2\/posts\/162942","targetHints":{"allow":["GET"]}}],"collection":[{"href":"https:\/\/www.eldiario.net\/portal\/wp-json\/wp\/v2\/posts"}],"about":[{"href":"https:\/\/www.eldiario.net\/portal\/wp-json\/wp\/v2\/types\/post"}],"author":[{"embeddable":true,"href":"https:\/\/www.eldiario.net\/portal\/wp-json\/wp\/v2\/users\/1"}],"replies":[{"embeddable":true,"href":"https:\/\/www.eldiario.net\/portal\/wp-json\/wp\/v2\/comments?post=162942"}],"version-history":[{"count":0,"href":"https:\/\/www.eldiario.net\/portal\/wp-json\/wp\/v2\/posts\/162942\/revisions"}],"wp:featuredmedia":[{"embeddable":true,"href":"https:\/\/www.eldiario.net\/portal\/wp-json\/wp\/v2\/media\/162943"}],"wp:attachment":[{"href":"https:\/\/www.eldiario.net\/portal\/wp-json\/wp\/v2\/media?parent=162942"}],"wp:term":[{"taxonomy":"category","embeddable":true,"href":"https:\/\/www.eldiario.net\/portal\/wp-json\/wp\/v2\/categories?post=162942"},{"taxonomy":"post_tag","embeddable":true,"href":"https:\/\/www.eldiario.net\/portal\/wp-json\/wp\/v2\/tags?post=162942"}],"curies":[{"name":"wp","href":"https:\/\/api.w.org\/{rel}","templated":true}]}}