{"id":162940,"date":"2023-07-01T06:19:01","date_gmt":"2023-07-01T10:19:01","guid":{"rendered":"https:\/\/www.eldiario.net\/portal\/?p=162940"},"modified":"2023-07-01T06:19:01","modified_gmt":"2023-07-01T10:19:01","slug":"conade-cuestiona-rol-de-opositores-y-funcionamiento-del-parlamento","status":"publish","type":"post","link":"https:\/\/www.eldiario.net\/portal\/2023\/07\/01\/conade-cuestiona-rol-de-opositores-y-funcionamiento-del-parlamento\/","title":{"rendered":"Conade cuestiona rol de opositores  y funcionamiento del Parlamento"},"content":{"rendered":"<p>Lamentando que la censura de la Asamblea Legislativa Plurinacional (ALP) contra una autoridad de Gobierno no sea atendida de forma efectiva por el \u00d3rgano Ejecutivo, el representante del Comit\u00e9 Nacional en Defensa de la Democracia (Conade), Manuel Morales, cuestion\u00f3 el actual rol de las bancadas de oposici\u00f3n asegurando que en adelante las determinaciones de esta instancia ya no tendr\u00e1n ning\u00fan efecto pol\u00edtico.<br \/>\nEn declaraciones a la prensa, Morales reproch\u00f3 que el Gobierno haya dejado de lado una determinaci\u00f3n del primer \u00d3rgano del Estado, asegurando que esa es una caracter\u00edstica de los reg\u00edmenes autoritarios.<br \/>\nPor ello, sostuvo que la preocupaci\u00f3n ahora debe centrarse en cu\u00e1l ser\u00e1 el rol de la Asamblea Legislativa Plurinacional y sobre todo de las bancadas de oposici\u00f3n, cuya labor de fiscalizaci\u00f3n ha quedado pr\u00e1cticamente anulada por la reciente acci\u00f3n del Ejecutivo.<br \/>\n\u201cEl cuestionamiento que les hacemos a las dos bancadas de oposici\u00f3n es cu\u00e1l va ser su rol de aqu\u00ed en adelante s\u00ed todo el esfuerzo que estaban haciendo por recolectar informes y programar interpelaciones no va dar ning\u00fan resultado\u201d, indic\u00f3.<br \/>\nEn ese contexto, el activista asegur\u00f3 que ninguna acci\u00f3n que, en adelante, se desarrolle en la ALP a iniciativa de las bancadas de oposici\u00f3n tendr\u00e1 efecto, por lo que corresponde replantear el papel de estas bancadas en el Legislativo.<br \/>\n\u201cEllos pensaban cumplir una agenda de interpelaciones y cumplir el rol constitucional que tienen, pero, con lo que ha pasado, la oposici\u00f3n pr\u00e1cticamente no tendr\u00eda ning\u00fan papel democr\u00e1tico que cumplir ya que sus acciones no tendr\u00e1n ning\u00fan efecto pol\u00edtico\u201d, lament\u00f3 Morales.<br \/>\nLament\u00f3 que por lo ocurrido con la restituci\u00f3n del ministro Del Castillo, nuevamente desde el Gobierno se den muestras de que el pa\u00eds est\u00e1 gobernado por un r\u00e9gimen de caracter\u00edsticas autoritarias.<br \/>\n\u201cCuando una censura a un Ministro no es atendida por el Gobierno significa que estamos viviendo un r\u00e9gimen autoritario, donde lo que haga el Parlamento no tiene sentido y significaci\u00f3n para el poder\u201d, sostuvo.<br \/>\nAl respecto, el senador Rodrigo Paz, sostiene que si se contin\u00faa en la l\u00f3gica de pasar por alto las determinaciones de la ALP, como una censura, lo que corresponde ser\u00eda cerrar el Parlamento y otras instituciones encargadas de velar por los derechos y las libertades.<br \/>\n\u201cYo creo que deber\u00edamos cerrar todo y poner un monarca. \u00bfPara qu\u00e9 vamos a tener una Asamblea Legislativa, un Defensor del Pueblo o la prensa? Un Parlamento permite tener l\u00f3gica en el \u00e1mbito del debate y las libertades, sin eso para que tener otras instituciones que correspondan a un m\u00ednimo del derecho a expresar algo\u201d, cuestion\u00f3 Paz.<\/p>\n","protected":false},"excerpt":{"rendered":"<p>Lamentando que la censura de la Asamblea Legislativa Plurinacional (ALP) contra una autoridad de Gobierno no sea atendida de forma efectiva por el \u00d3rgano Ejecutivo, el representante del Comit\u00e9 Nacional en Defensa de la Democracia (Conade), Manuel Morales, cuestion\u00f3 el actual rol de las bancadas de oposici\u00f3n asegurando que en adelante las determinaciones de esta [&hellip;]<\/p>\n","protected":false},"author":1,"featured_media":0,"comment_status":"closed","ping_status":"open","sticky":false,"template":"","format":"standard","meta":{"_acf_changed":false,"footnotes":""},"categories":[14],"tags":[],"class_list":["post-162940","post","type-post","status-publish","format-standard","category-politica"],"acf":{"antetitulo":""},"yoast_head":"<!-- This site is optimized with the Yoast SEO plugin v28.4 - https:\/\/yoast.com\/product\/yoast-seo-wordpress\/ -->\n<title>Conade cuestiona rol de opositores y funcionamiento del Parlamento - El Diario - Bolivia<\/title>\n<meta name=\"robots\" content=\"index, follow, max-snippet:-1, max-image-preview:large, max-video-preview:-1\" \/>\n<link rel=\"canonical\" href=\"https:\/\/www.eldiario.net\/portal\/2023\/07\/01\/conade-cuestiona-rol-de-opositores-y-funcionamiento-del-parlamento\/\" \/>\n<meta property=\"og:locale\" content=\"es_ES\" \/>\n<meta property=\"og:type\" content=\"article\" \/>\n<meta property=\"og:title\" content=\"Conade cuestiona rol de opositores y funcionamiento del Parlamento - El Diario - Bolivia\" \/>\n<meta property=\"og:description\" content=\"Lamentando que la censura de la Asamblea Legislativa Plurinacional (ALP) contra una autoridad de Gobierno no sea atendida de forma efectiva por el \u00d3rgano Ejecutivo, el representante del Comit\u00e9 Nacional en Defensa de la Democracia (Conade), Manuel Morales, cuestion\u00f3 el actual rol de las bancadas de oposici\u00f3n asegurando que en adelante las determinaciones de esta [&hellip;]\" \/>\n<meta property=\"og:url\" content=\"https:\/\/www.eldiario.net\/portal\/2023\/07\/01\/conade-cuestiona-rol-de-opositores-y-funcionamiento-del-parlamento\/\" \/>\n<meta property=\"og:site_name\" content=\"El Diario - Bolivia\" \/>\n<meta property=\"article:publisher\" content=\"https:\/\/www.facebook.com\/eldiario.bolivia\/\" \/>\n<meta property=\"article:published_time\" content=\"2023-07-01T10:19:01+00:00\" \/>\n<meta name=\"author\" content=\"Jeanette\" \/>\n<meta name=\"twitter:card\" content=\"summary_large_image\" \/>\n<meta name=\"twitter:creator\" content=\"@eldiario_net\" \/>\n<meta name=\"twitter:site\" content=\"@eldiario_net\" \/>\n<meta name=\"twitter:label1\" content=\"Escrito por\" \/>\n\t<meta name=\"twitter:data1\" content=\"Jeanette\" \/>\n\t<meta name=\"twitter:label2\" content=\"Tiempo de lectura\" \/>\n\t<meta name=\"twitter:data2\" content=\"2 minutos\" \/>\n<script type=\"application\/ld+json\" class=\"yoast-schema-graph\">{\"@context\":\"https:\\\/\\\/schema.org\",\"@graph\":[{\"@type\":\"Article\",\"@id\":\"https:\\\/\\\/www.eldiario.net\\\/portal\\\/2023\\\/07\\\/01\\\/conade-cuestiona-rol-de-opositores-y-funcionamiento-del-parlamento\\\/#article\",\"isPartOf\":{\"@id\":\"https:\\\/\\\/www.eldiario.net\\\/portal\\\/2023\\\/07\\\/01\\\/conade-cuestiona-rol-de-opositores-y-funcionamiento-del-parlamento\\\/\"},\"author\":{\"name\":\"Jeanette\",\"@id\":\"https:\\\/\\\/www.eldiario.net\\\/portal\\\/#\\\/schema\\\/person\\\/2c57cf2b7a7ae032e449e4c9b1019eac\"},\"headline\":\"Conade cuestiona rol de opositores y funcionamiento del Parlamento\",\"datePublished\":\"2023-07-01T10:19:01+00:00\",\"mainEntityOfPage\":{\"@id\":\"https:\\\/\\\/www.eldiario.net\\\/portal\\\/2023\\\/07\\\/01\\\/conade-cuestiona-rol-de-opositores-y-funcionamiento-del-parlamento\\\/\"},\"wordCount\":468,\"publisher\":{\"@id\":\"https:\\\/\\\/www.eldiario.net\\\/portal\\\/#organization\"},\"articleSection\":[\"Pol\u00edtica\"],\"inLanguage\":\"es\"},{\"@type\":\"WebPage\",\"@id\":\"https:\\\/\\\/www.eldiario.net\\\/portal\\\/2023\\\/07\\\/01\\\/conade-cuestiona-rol-de-opositores-y-funcionamiento-del-parlamento\\\/\",\"url\":\"https:\\\/\\\/www.eldiario.net\\\/portal\\\/2023\\\/07\\\/01\\\/conade-cuestiona-rol-de-opositores-y-funcionamiento-del-parlamento\\\/\",\"name\":\"Conade cuestiona rol de opositores y funcionamiento del Parlamento - El Diario - Bolivia\",\"isPartOf\":{\"@id\":\"https:\\\/\\\/www.eldiario.net\\\/portal\\\/#website\"},\"datePublished\":\"2023-07-01T10:19:01+00:00\",\"breadcrumb\":{\"@id\":\"https:\\\/\\\/www.eldiario.net\\\/portal\\\/2023\\\/07\\\/01\\\/conade-cuestiona-rol-de-opositores-y-funcionamiento-del-parlamento\\\/#breadcrumb\"},\"inLanguage\":\"es\",\"potentialAction\":[{\"@type\":\"ReadAction\",\"target\":[\"https:\\\/\\\/www.eldiario.net\\\/portal\\\/2023\\\/07\\\/01\\\/conade-cuestiona-rol-de-opositores-y-funcionamiento-del-parlamento\\\/\"]}]},{\"@type\":\"BreadcrumbList\",\"@id\":\"https:\\\/\\\/www.eldiario.net\\\/portal\\\/2023\\\/07\\\/01\\\/conade-cuestiona-rol-de-opositores-y-funcionamiento-del-parlamento\\\/#breadcrumb\",\"itemListElement\":[{\"@type\":\"ListItem\",\"position\":1,\"name\":\"Portada\",\"item\":\"https:\\\/\\\/www.eldiario.net\\\/portal\\\/\"},{\"@type\":\"ListItem\",\"position\":2,\"name\":\"Conade cuestiona rol de opositores y funcionamiento del Parlamento\"}]},{\"@type\":\"WebSite\",\"@id\":\"https:\\\/\\\/www.eldiario.net\\\/portal\\\/#website\",\"url\":\"https:\\\/\\\/www.eldiario.net\\\/portal\\\/\",\"name\":\"El Diario - Decano de la prensa nacional\",\"description\":\"El Diario - Decano de la prensa nacional\",\"publisher\":{\"@id\":\"https:\\\/\\\/www.eldiario.net\\\/portal\\\/#organization\"},\"potentialAction\":[{\"@type\":\"SearchAction\",\"target\":{\"@type\":\"EntryPoint\",\"urlTemplate\":\"https:\\\/\\\/www.eldiario.net\\\/portal\\\/?s={search_term_string}\"},\"query-input\":{\"@type\":\"PropertyValueSpecification\",\"valueRequired\":true,\"valueName\":\"search_term_string\"}}],\"inLanguage\":\"es\"},{\"@type\":\"Organization\",\"@id\":\"https:\\\/\\\/www.eldiario.net\\\/portal\\\/#organization\",\"name\":\"El Diario - Decano de la prensa nacional\",\"url\":\"https:\\\/\\\/www.eldiario.net\\\/portal\\\/\",\"logo\":{\"@type\":\"ImageObject\",\"inLanguage\":\"es\",\"@id\":\"https:\\\/\\\/www.eldiario.net\\\/portal\\\/#\\\/schema\\\/logo\\\/image\\\/\",\"url\":\"https:\\\/\\\/www.eldiario.net\\\/portal\\\/wp-content\\\/uploads\\\/2023\\\/07\\\/logo_ED.jpg\",\"contentUrl\":\"https:\\\/\\\/www.eldiario.net\\\/portal\\\/wp-content\\\/uploads\\\/2023\\\/07\\\/logo_ED.jpg\",\"width\":272,\"height\":52,\"caption\":\"El Diario - Decano de la prensa nacional\"},\"image\":{\"@id\":\"https:\\\/\\\/www.eldiario.net\\\/portal\\\/#\\\/schema\\\/logo\\\/image\\\/\"},\"sameAs\":[\"https:\\\/\\\/www.facebook.com\\\/eldiario.bolivia\\\/\",\"https:\\\/\\\/x.com\\\/eldiario_net\"]},{\"@type\":\"Person\",\"@id\":\"https:\\\/\\\/www.eldiario.net\\\/portal\\\/#\\\/schema\\\/person\\\/2c57cf2b7a7ae032e449e4c9b1019eac\",\"name\":\"Jeanette\",\"image\":{\"@type\":\"ImageObject\",\"inLanguage\":\"es\",\"@id\":\"https:\\\/\\\/secure.gravatar.com\\\/avatar\\\/3ea2118a5f7dad2b7138b1187a6b7ee55f160b9968b66013c3a3ef39dd7e5798?s=96&d=mm&r=g\",\"url\":\"https:\\\/\\\/secure.gravatar.com\\\/avatar\\\/3ea2118a5f7dad2b7138b1187a6b7ee55f160b9968b66013c3a3ef39dd7e5798?s=96&d=mm&r=g\",\"contentUrl\":\"https:\\\/\\\/secure.gravatar.com\\\/avatar\\\/3ea2118a5f7dad2b7138b1187a6b7ee55f160b9968b66013c3a3ef39dd7e5798?s=96&d=mm&r=g\",\"caption\":\"Jeanette\"},\"sameAs\":[\"https:\\\/\\\/www.eldiario.net\\\/portal\"],\"url\":\"https:\\\/\\\/www.eldiario.net\\\/portal\\\/author\\\/jeanette\\\/\"}]}<\/script>\n<!-- \/ Yoast SEO plugin. -->","yoast_head_json":{"title":"Conade cuestiona rol de opositores y funcionamiento del Parlamento - El Diario - Bolivia","robots":{"index":"index","follow":"follow","max-snippet":"max-snippet:-1","max-image-preview":"max-image-preview:large","max-video-preview":"max-video-preview:-1"},"canonical":"https:\/\/www.eldiario.net\/portal\/2023\/07\/01\/conade-cuestiona-rol-de-opositores-y-funcionamiento-del-parlamento\/","og_locale":"es_ES","og_type":"article","og_title":"Conade cuestiona rol de opositores y funcionamiento del Parlamento - El Diario - Bolivia","og_description":"Lamentando que la censura de la Asamblea Legislativa Plurinacional (ALP) contra una autoridad de Gobierno no sea atendida de forma efectiva por el \u00d3rgano Ejecutivo, el representante del Comit\u00e9 Nacional en Defensa de la Democracia (Conade), Manuel Morales, cuestion\u00f3 el actual rol de las bancadas de oposici\u00f3n asegurando que en adelante las determinaciones de esta [&hellip;]","og_url":"https:\/\/www.eldiario.net\/portal\/2023\/07\/01\/conade-cuestiona-rol-de-opositores-y-funcionamiento-del-parlamento\/","og_site_name":"El Diario - Bolivia","article_publisher":"https:\/\/www.facebook.com\/eldiario.bolivia\/","article_published_time":"2023-07-01T10:19:01+00:00","author":"Jeanette","twitter_card":"summary_large_image","twitter_creator":"@eldiario_net","twitter_site":"@eldiario_net","twitter_misc":{"Escrito por":"Jeanette","Tiempo de lectura":"2 minutos"},"schema":{"@context":"https:\/\/schema.org","@graph":[{"@type":"Article","@id":"https:\/\/www.eldiario.net\/portal\/2023\/07\/01\/conade-cuestiona-rol-de-opositores-y-funcionamiento-del-parlamento\/#article","isPartOf":{"@id":"https:\/\/www.eldiario.net\/portal\/2023\/07\/01\/conade-cuestiona-rol-de-opositores-y-funcionamiento-del-parlamento\/"},"author":{"name":"Jeanette","@id":"https:\/\/www.eldiario.net\/portal\/#\/schema\/person\/2c57cf2b7a7ae032e449e4c9b1019eac"},"headline":"Conade cuestiona rol de opositores y funcionamiento del Parlamento","datePublished":"2023-07-01T10:19:01+00:00","mainEntityOfPage":{"@id":"https:\/\/www.eldiario.net\/portal\/2023\/07\/01\/conade-cuestiona-rol-de-opositores-y-funcionamiento-del-parlamento\/"},"wordCount":468,"publisher":{"@id":"https:\/\/www.eldiario.net\/portal\/#organization"},"articleSection":["Pol\u00edtica"],"inLanguage":"es"},{"@type":"WebPage","@id":"https:\/\/www.eldiario.net\/portal\/2023\/07\/01\/conade-cuestiona-rol-de-opositores-y-funcionamiento-del-parlamento\/","url":"https:\/\/www.eldiario.net\/portal\/2023\/07\/01\/conade-cuestiona-rol-de-opositores-y-funcionamiento-del-parlamento\/","name":"Conade cuestiona rol de opositores y funcionamiento del Parlamento - El Diario - Bolivia","isPartOf":{"@id":"https:\/\/www.eldiario.net\/portal\/#website"},"datePublished":"2023-07-01T10:19:01+00:00","breadcrumb":{"@id":"https:\/\/www.eldiario.net\/portal\/2023\/07\/01\/conade-cuestiona-rol-de-opositores-y-funcionamiento-del-parlamento\/#breadcrumb"},"inLanguage":"es","potentialAction":[{"@type":"ReadAction","target":["https:\/\/www.eldiario.net\/portal\/2023\/07\/01\/conade-cuestiona-rol-de-opositores-y-funcionamiento-del-parlamento\/"]}]},{"@type":"BreadcrumbList","@id":"https:\/\/www.eldiario.net\/portal\/2023\/07\/01\/conade-cuestiona-rol-de-opositores-y-funcionamiento-del-parlamento\/#breadcrumb","itemListElement":[{"@type":"ListItem","position":1,"name":"Portada","item":"https:\/\/www.eldiario.net\/portal\/"},{"@type":"ListItem","position":2,"name":"Conade cuestiona rol de opositores y funcionamiento del Parlamento"}]},{"@type":"WebSite","@id":"https:\/\/www.eldiario.net\/portal\/#website","url":"https:\/\/www.eldiario.net\/portal\/","name":"El Diario - Decano de la prensa nacional","description":"El Diario - Decano de la prensa nacional","publisher":{"@id":"https:\/\/www.eldiario.net\/portal\/#organization"},"potentialAction":[{"@type":"SearchAction","target":{"@type":"EntryPoint","urlTemplate":"https:\/\/www.eldiario.net\/portal\/?s={search_term_string}"},"query-input":{"@type":"PropertyValueSpecification","valueRequired":true,"valueName":"search_term_string"}}],"inLanguage":"es"},{"@type":"Organization","@id":"https:\/\/www.eldiario.net\/portal\/#organization","name":"El Diario - Decano de la prensa nacional","url":"https:\/\/www.eldiario.net\/portal\/","logo":{"@type":"ImageObject","inLanguage":"es","@id":"https:\/\/www.eldiario.net\/portal\/#\/schema\/logo\/image\/","url":"https:\/\/www.eldiario.net\/portal\/wp-content\/uploads\/2023\/07\/logo_ED.jpg","contentUrl":"https:\/\/www.eldiario.net\/portal\/wp-content\/uploads\/2023\/07\/logo_ED.jpg","width":272,"height":52,"caption":"El Diario - Decano de la prensa nacional"},"image":{"@id":"https:\/\/www.eldiario.net\/portal\/#\/schema\/logo\/image\/"},"sameAs":["https:\/\/www.facebook.com\/eldiario.bolivia\/","https:\/\/x.com\/eldiario_net"]},{"@type":"Person","@id":"https:\/\/www.eldiario.net\/portal\/#\/schema\/person\/2c57cf2b7a7ae032e449e4c9b1019eac","name":"Jeanette","image":{"@type":"ImageObject","inLanguage":"es","@id":"https:\/\/secure.gravatar.com\/avatar\/3ea2118a5f7dad2b7138b1187a6b7ee55f160b9968b66013c3a3ef39dd7e5798?s=96&d=mm&r=g","url":"https:\/\/secure.gravatar.com\/avatar\/3ea2118a5f7dad2b7138b1187a6b7ee55f160b9968b66013c3a3ef39dd7e5798?s=96&d=mm&r=g","contentUrl":"https:\/\/secure.gravatar.com\/avatar\/3ea2118a5f7dad2b7138b1187a6b7ee55f160b9968b66013c3a3ef39dd7e5798?s=96&d=mm&r=g","caption":"Jeanette"},"sameAs":["https:\/\/www.eldiario.net\/portal"],"url":"https:\/\/www.eldiario.net\/portal\/author\/jeanette\/"}]}},"_links":{"self":[{"href":"https:\/\/www.eldiario.net\/portal\/wp-json\/wp\/v2\/posts\/162940","targetHints":{"allow":["GET"]}}],"collection":[{"href":"https:\/\/www.eldiario.net\/portal\/wp-json\/wp\/v2\/posts"}],"about":[{"href":"https:\/\/www.eldiario.net\/portal\/wp-json\/wp\/v2\/types\/post"}],"author":[{"embeddable":true,"href":"https:\/\/www.eldiario.net\/portal\/wp-json\/wp\/v2\/users\/1"}],"replies":[{"embeddable":true,"href":"https:\/\/www.eldiario.net\/portal\/wp-json\/wp\/v2\/comments?post=162940"}],"version-history":[{"count":0,"href":"https:\/\/www.eldiario.net\/portal\/wp-json\/wp\/v2\/posts\/162940\/revisions"}],"wp:attachment":[{"href":"https:\/\/www.eldiario.net\/portal\/wp-json\/wp\/v2\/media?parent=162940"}],"wp:term":[{"taxonomy":"category","embeddable":true,"href":"https:\/\/www.eldiario.net\/portal\/wp-json\/wp\/v2\/categories?post=162940"},{"taxonomy":"post_tag","embeddable":true,"href":"https:\/\/www.eldiario.net\/portal\/wp-json\/wp\/v2\/tags?post=162940"}],"curies":[{"name":"wp","href":"https:\/\/api.w.org\/{rel}","templated":true}]}}