{"id":162938,"date":"2023-07-01T06:18:27","date_gmt":"2023-07-01T10:18:27","guid":{"rendered":"https:\/\/www.eldiario.net\/portal\/?p=162938"},"modified":"2023-07-01T06:18:27","modified_gmt":"2023-07-01T10:18:27","slug":"victimizacion-de-morales-es-muestra-de-su-egoismo","status":"publish","type":"post","link":"https:\/\/www.eldiario.net\/portal\/2023\/07\/01\/victimizacion-de-morales-es-muestra-de-su-egoismo\/","title":{"rendered":"Victimizaci\u00f3n de Morales  es muestra de su ego\u00edsmo"},"content":{"rendered":"<p>Reprochando al jefe del Movimiento al Socialismo (MAS), Evo Morales, por apelar constantemente a la victimizaci\u00f3n y denuncia de supuestas amenazas contra su integridad, el senador por Comunidad Ciudadana (CC), Rodrigo Paz Pereira, lament\u00f3 que con este tipo de expresiones se demuestre ego\u00edsmo ante una poblaci\u00f3n que verdaderamente vive en indefensi\u00f3n.<br \/>\nEn conferencia de prensa, el legislador representante de Tarija reproch\u00f3 que una persona como Morales disfrace su pugna de poder con el presidente del Estado por la candidatura para las elecciones 2025, apelando a denuncias sobre amenazas contra su vida.<br \/>\nPaz afirm\u00f3 que, por la forma de vida que lleva el l\u00edder cocalero y las medidas de seguridad a las que ya est\u00e1 acostumbrado, es una falta de respeto el considerarse como una posible v\u00edctima de inseguridad.<br \/>\n\u201cTiene las seis federaciones, se transporta en avi\u00f3n y vagonetas privadas, ahora se queja de algo que el pueblo sufre todos los d\u00edas con feminicidios violaciones y asesinatos. \u00c9l tiene seguridad\u201d, afirm\u00f3.<br \/>\nSostuvo que las quejas expresadas por Morales a causa de la restituci\u00f3n del ministro Del Castillo y la posibilidad de que desde esta cartera de Estado se atente contra su vida son una demostraci\u00f3n de \u201cego\u00edsmo tremendo\u201d para con la poblaci\u00f3n, cuando el fondo del asunto son aspiraciones pol\u00edtico-electorales.<br \/>\nEn criterio de Paz, estas disputas no resuelven los problemas de la gente, que deber\u00edan ser las prioridades para el presidente del Estado y del partido de Gobierno, por el contrario, se priorizan los pleitos y la lucha de poder.<br \/>\n\u201cSon los tipos m\u00e1s poderosos, uno porque tiene la billetera del Estado y el otro porque tiene la billetera del Chapare, sin embargo no se preocupan por los bolivianos sino por quien asume el 2025\u201d, finaliz\u00f3.<br \/>\nTras la restituci\u00f3n de Eduardo Del Castillo, en el cargo de Ministro de Gobierno, Morales responsabiliz\u00f3 a la autoridad por cualquier atentado contra su vida o integridad f\u00edsica. \u201cLa militancia del MAS-IPSP es testigo de las amenazas, mentiras y ataques en nuestra contra. S\u00f3lo falt\u00f3 que muestre las esposas como hac\u00eda Arturo Murillo\u201d, expres\u00f3 desde sus redes sociales.<\/p>\n","protected":false},"excerpt":{"rendered":"<p>Reprochando al jefe del Movimiento al Socialismo (MAS), Evo Morales, por apelar constantemente a la victimizaci\u00f3n y denuncia de supuestas amenazas contra su integridad, el senador por Comunidad Ciudadana (CC), Rodrigo Paz Pereira, lament\u00f3 que con este tipo de expresiones se demuestre ego\u00edsmo ante una poblaci\u00f3n que verdaderamente vive en indefensi\u00f3n. En conferencia de prensa, [&hellip;]<\/p>\n","protected":false},"author":1,"featured_media":0,"comment_status":"closed","ping_status":"open","sticky":false,"template":"","format":"standard","meta":{"_acf_changed":false,"footnotes":""},"categories":[14],"tags":[],"class_list":["post-162938","post","type-post","status-publish","format-standard","category-politica"],"acf":{"antetitulo":""},"yoast_head":"<!-- This site is optimized with the Yoast SEO plugin v28.4 - https:\/\/yoast.com\/product\/yoast-seo-wordpress\/ -->\n<title>Victimizaci\u00f3n de Morales es muestra de su ego\u00edsmo - El Diario - Bolivia<\/title>\n<meta name=\"robots\" content=\"index, follow, max-snippet:-1, max-image-preview:large, max-video-preview:-1\" \/>\n<link rel=\"canonical\" href=\"https:\/\/www.eldiario.net\/portal\/2023\/07\/01\/victimizacion-de-morales-es-muestra-de-su-egoismo\/\" \/>\n<meta property=\"og:locale\" content=\"es_ES\" \/>\n<meta property=\"og:type\" content=\"article\" \/>\n<meta property=\"og:title\" content=\"Victimizaci\u00f3n de Morales es muestra de su ego\u00edsmo - El Diario - Bolivia\" \/>\n<meta property=\"og:description\" content=\"Reprochando al jefe del Movimiento al Socialismo (MAS), Evo Morales, por apelar constantemente a la victimizaci\u00f3n y denuncia de supuestas amenazas contra su integridad, el senador por Comunidad Ciudadana (CC), Rodrigo Paz Pereira, lament\u00f3 que con este tipo de expresiones se demuestre ego\u00edsmo ante una poblaci\u00f3n que verdaderamente vive en indefensi\u00f3n. En conferencia de prensa, [&hellip;]\" \/>\n<meta property=\"og:url\" content=\"https:\/\/www.eldiario.net\/portal\/2023\/07\/01\/victimizacion-de-morales-es-muestra-de-su-egoismo\/\" \/>\n<meta property=\"og:site_name\" content=\"El Diario - Bolivia\" \/>\n<meta property=\"article:publisher\" content=\"https:\/\/www.facebook.com\/eldiario.bolivia\/\" \/>\n<meta property=\"article:published_time\" content=\"2023-07-01T10:18:27+00:00\" \/>\n<meta name=\"author\" content=\"Jeanette\" \/>\n<meta name=\"twitter:card\" content=\"summary_large_image\" \/>\n<meta name=\"twitter:creator\" content=\"@eldiario_net\" \/>\n<meta name=\"twitter:site\" content=\"@eldiario_net\" \/>\n<meta name=\"twitter:label1\" content=\"Escrito por\" \/>\n\t<meta name=\"twitter:data1\" content=\"Jeanette\" \/>\n\t<meta name=\"twitter:label2\" content=\"Tiempo de lectura\" \/>\n\t<meta name=\"twitter:data2\" content=\"2 minutos\" \/>\n<script type=\"application\/ld+json\" class=\"yoast-schema-graph\">{\"@context\":\"https:\\\/\\\/schema.org\",\"@graph\":[{\"@type\":\"Article\",\"@id\":\"https:\\\/\\\/www.eldiario.net\\\/portal\\\/2023\\\/07\\\/01\\\/victimizacion-de-morales-es-muestra-de-su-egoismo\\\/#article\",\"isPartOf\":{\"@id\":\"https:\\\/\\\/www.eldiario.net\\\/portal\\\/2023\\\/07\\\/01\\\/victimizacion-de-morales-es-muestra-de-su-egoismo\\\/\"},\"author\":{\"name\":\"Jeanette\",\"@id\":\"https:\\\/\\\/www.eldiario.net\\\/portal\\\/#\\\/schema\\\/person\\\/2c57cf2b7a7ae032e449e4c9b1019eac\"},\"headline\":\"Victimizaci\u00f3n de Morales es muestra de su ego\u00edsmo\",\"datePublished\":\"2023-07-01T10:18:27+00:00\",\"mainEntityOfPage\":{\"@id\":\"https:\\\/\\\/www.eldiario.net\\\/portal\\\/2023\\\/07\\\/01\\\/victimizacion-de-morales-es-muestra-de-su-egoismo\\\/\"},\"wordCount\":370,\"publisher\":{\"@id\":\"https:\\\/\\\/www.eldiario.net\\\/portal\\\/#organization\"},\"articleSection\":[\"Pol\u00edtica\"],\"inLanguage\":\"es\"},{\"@type\":\"WebPage\",\"@id\":\"https:\\\/\\\/www.eldiario.net\\\/portal\\\/2023\\\/07\\\/01\\\/victimizacion-de-morales-es-muestra-de-su-egoismo\\\/\",\"url\":\"https:\\\/\\\/www.eldiario.net\\\/portal\\\/2023\\\/07\\\/01\\\/victimizacion-de-morales-es-muestra-de-su-egoismo\\\/\",\"name\":\"Victimizaci\u00f3n de Morales es muestra de su ego\u00edsmo - El Diario - Bolivia\",\"isPartOf\":{\"@id\":\"https:\\\/\\\/www.eldiario.net\\\/portal\\\/#website\"},\"datePublished\":\"2023-07-01T10:18:27+00:00\",\"breadcrumb\":{\"@id\":\"https:\\\/\\\/www.eldiario.net\\\/portal\\\/2023\\\/07\\\/01\\\/victimizacion-de-morales-es-muestra-de-su-egoismo\\\/#breadcrumb\"},\"inLanguage\":\"es\",\"potentialAction\":[{\"@type\":\"ReadAction\",\"target\":[\"https:\\\/\\\/www.eldiario.net\\\/portal\\\/2023\\\/07\\\/01\\\/victimizacion-de-morales-es-muestra-de-su-egoismo\\\/\"]}]},{\"@type\":\"BreadcrumbList\",\"@id\":\"https:\\\/\\\/www.eldiario.net\\\/portal\\\/2023\\\/07\\\/01\\\/victimizacion-de-morales-es-muestra-de-su-egoismo\\\/#breadcrumb\",\"itemListElement\":[{\"@type\":\"ListItem\",\"position\":1,\"name\":\"Portada\",\"item\":\"https:\\\/\\\/www.eldiario.net\\\/portal\\\/\"},{\"@type\":\"ListItem\",\"position\":2,\"name\":\"Victimizaci\u00f3n de Morales es muestra de su ego\u00edsmo\"}]},{\"@type\":\"WebSite\",\"@id\":\"https:\\\/\\\/www.eldiario.net\\\/portal\\\/#website\",\"url\":\"https:\\\/\\\/www.eldiario.net\\\/portal\\\/\",\"name\":\"El Diario - Decano de la prensa nacional\",\"description\":\"El Diario - Decano de la prensa nacional\",\"publisher\":{\"@id\":\"https:\\\/\\\/www.eldiario.net\\\/portal\\\/#organization\"},\"potentialAction\":[{\"@type\":\"SearchAction\",\"target\":{\"@type\":\"EntryPoint\",\"urlTemplate\":\"https:\\\/\\\/www.eldiario.net\\\/portal\\\/?s={search_term_string}\"},\"query-input\":{\"@type\":\"PropertyValueSpecification\",\"valueRequired\":true,\"valueName\":\"search_term_string\"}}],\"inLanguage\":\"es\"},{\"@type\":\"Organization\",\"@id\":\"https:\\\/\\\/www.eldiario.net\\\/portal\\\/#organization\",\"name\":\"El Diario - Decano de la prensa nacional\",\"url\":\"https:\\\/\\\/www.eldiario.net\\\/portal\\\/\",\"logo\":{\"@type\":\"ImageObject\",\"inLanguage\":\"es\",\"@id\":\"https:\\\/\\\/www.eldiario.net\\\/portal\\\/#\\\/schema\\\/logo\\\/image\\\/\",\"url\":\"https:\\\/\\\/www.eldiario.net\\\/portal\\\/wp-content\\\/uploads\\\/2023\\\/07\\\/logo_ED.jpg\",\"contentUrl\":\"https:\\\/\\\/www.eldiario.net\\\/portal\\\/wp-content\\\/uploads\\\/2023\\\/07\\\/logo_ED.jpg\",\"width\":272,\"height\":52,\"caption\":\"El Diario - Decano de la prensa nacional\"},\"image\":{\"@id\":\"https:\\\/\\\/www.eldiario.net\\\/portal\\\/#\\\/schema\\\/logo\\\/image\\\/\"},\"sameAs\":[\"https:\\\/\\\/www.facebook.com\\\/eldiario.bolivia\\\/\",\"https:\\\/\\\/x.com\\\/eldiario_net\"]},{\"@type\":\"Person\",\"@id\":\"https:\\\/\\\/www.eldiario.net\\\/portal\\\/#\\\/schema\\\/person\\\/2c57cf2b7a7ae032e449e4c9b1019eac\",\"name\":\"Jeanette\",\"image\":{\"@type\":\"ImageObject\",\"inLanguage\":\"es\",\"@id\":\"https:\\\/\\\/secure.gravatar.com\\\/avatar\\\/3ea2118a5f7dad2b7138b1187a6b7ee55f160b9968b66013c3a3ef39dd7e5798?s=96&d=mm&r=g\",\"url\":\"https:\\\/\\\/secure.gravatar.com\\\/avatar\\\/3ea2118a5f7dad2b7138b1187a6b7ee55f160b9968b66013c3a3ef39dd7e5798?s=96&d=mm&r=g\",\"contentUrl\":\"https:\\\/\\\/secure.gravatar.com\\\/avatar\\\/3ea2118a5f7dad2b7138b1187a6b7ee55f160b9968b66013c3a3ef39dd7e5798?s=96&d=mm&r=g\",\"caption\":\"Jeanette\"},\"sameAs\":[\"https:\\\/\\\/www.eldiario.net\\\/portal\"],\"url\":\"https:\\\/\\\/www.eldiario.net\\\/portal\\\/author\\\/jeanette\\\/\"}]}<\/script>\n<!-- \/ Yoast SEO plugin. -->","yoast_head_json":{"title":"Victimizaci\u00f3n de Morales es muestra de su ego\u00edsmo - El Diario - Bolivia","robots":{"index":"index","follow":"follow","max-snippet":"max-snippet:-1","max-image-preview":"max-image-preview:large","max-video-preview":"max-video-preview:-1"},"canonical":"https:\/\/www.eldiario.net\/portal\/2023\/07\/01\/victimizacion-de-morales-es-muestra-de-su-egoismo\/","og_locale":"es_ES","og_type":"article","og_title":"Victimizaci\u00f3n de Morales es muestra de su ego\u00edsmo - El Diario - Bolivia","og_description":"Reprochando al jefe del Movimiento al Socialismo (MAS), Evo Morales, por apelar constantemente a la victimizaci\u00f3n y denuncia de supuestas amenazas contra su integridad, el senador por Comunidad Ciudadana (CC), Rodrigo Paz Pereira, lament\u00f3 que con este tipo de expresiones se demuestre ego\u00edsmo ante una poblaci\u00f3n que verdaderamente vive en indefensi\u00f3n. En conferencia de prensa, [&hellip;]","og_url":"https:\/\/www.eldiario.net\/portal\/2023\/07\/01\/victimizacion-de-morales-es-muestra-de-su-egoismo\/","og_site_name":"El Diario - Bolivia","article_publisher":"https:\/\/www.facebook.com\/eldiario.bolivia\/","article_published_time":"2023-07-01T10:18:27+00:00","author":"Jeanette","twitter_card":"summary_large_image","twitter_creator":"@eldiario_net","twitter_site":"@eldiario_net","twitter_misc":{"Escrito por":"Jeanette","Tiempo de lectura":"2 minutos"},"schema":{"@context":"https:\/\/schema.org","@graph":[{"@type":"Article","@id":"https:\/\/www.eldiario.net\/portal\/2023\/07\/01\/victimizacion-de-morales-es-muestra-de-su-egoismo\/#article","isPartOf":{"@id":"https:\/\/www.eldiario.net\/portal\/2023\/07\/01\/victimizacion-de-morales-es-muestra-de-su-egoismo\/"},"author":{"name":"Jeanette","@id":"https:\/\/www.eldiario.net\/portal\/#\/schema\/person\/2c57cf2b7a7ae032e449e4c9b1019eac"},"headline":"Victimizaci\u00f3n de Morales es muestra de su ego\u00edsmo","datePublished":"2023-07-01T10:18:27+00:00","mainEntityOfPage":{"@id":"https:\/\/www.eldiario.net\/portal\/2023\/07\/01\/victimizacion-de-morales-es-muestra-de-su-egoismo\/"},"wordCount":370,"publisher":{"@id":"https:\/\/www.eldiario.net\/portal\/#organization"},"articleSection":["Pol\u00edtica"],"inLanguage":"es"},{"@type":"WebPage","@id":"https:\/\/www.eldiario.net\/portal\/2023\/07\/01\/victimizacion-de-morales-es-muestra-de-su-egoismo\/","url":"https:\/\/www.eldiario.net\/portal\/2023\/07\/01\/victimizacion-de-morales-es-muestra-de-su-egoismo\/","name":"Victimizaci\u00f3n de Morales es muestra de su ego\u00edsmo - El Diario - Bolivia","isPartOf":{"@id":"https:\/\/www.eldiario.net\/portal\/#website"},"datePublished":"2023-07-01T10:18:27+00:00","breadcrumb":{"@id":"https:\/\/www.eldiario.net\/portal\/2023\/07\/01\/victimizacion-de-morales-es-muestra-de-su-egoismo\/#breadcrumb"},"inLanguage":"es","potentialAction":[{"@type":"ReadAction","target":["https:\/\/www.eldiario.net\/portal\/2023\/07\/01\/victimizacion-de-morales-es-muestra-de-su-egoismo\/"]}]},{"@type":"BreadcrumbList","@id":"https:\/\/www.eldiario.net\/portal\/2023\/07\/01\/victimizacion-de-morales-es-muestra-de-su-egoismo\/#breadcrumb","itemListElement":[{"@type":"ListItem","position":1,"name":"Portada","item":"https:\/\/www.eldiario.net\/portal\/"},{"@type":"ListItem","position":2,"name":"Victimizaci\u00f3n de Morales es muestra de su ego\u00edsmo"}]},{"@type":"WebSite","@id":"https:\/\/www.eldiario.net\/portal\/#website","url":"https:\/\/www.eldiario.net\/portal\/","name":"El Diario - Decano de la prensa nacional","description":"El Diario - Decano de la prensa nacional","publisher":{"@id":"https:\/\/www.eldiario.net\/portal\/#organization"},"potentialAction":[{"@type":"SearchAction","target":{"@type":"EntryPoint","urlTemplate":"https:\/\/www.eldiario.net\/portal\/?s={search_term_string}"},"query-input":{"@type":"PropertyValueSpecification","valueRequired":true,"valueName":"search_term_string"}}],"inLanguage":"es"},{"@type":"Organization","@id":"https:\/\/www.eldiario.net\/portal\/#organization","name":"El Diario - Decano de la prensa nacional","url":"https:\/\/www.eldiario.net\/portal\/","logo":{"@type":"ImageObject","inLanguage":"es","@id":"https:\/\/www.eldiario.net\/portal\/#\/schema\/logo\/image\/","url":"https:\/\/www.eldiario.net\/portal\/wp-content\/uploads\/2023\/07\/logo_ED.jpg","contentUrl":"https:\/\/www.eldiario.net\/portal\/wp-content\/uploads\/2023\/07\/logo_ED.jpg","width":272,"height":52,"caption":"El Diario - Decano de la prensa nacional"},"image":{"@id":"https:\/\/www.eldiario.net\/portal\/#\/schema\/logo\/image\/"},"sameAs":["https:\/\/www.facebook.com\/eldiario.bolivia\/","https:\/\/x.com\/eldiario_net"]},{"@type":"Person","@id":"https:\/\/www.eldiario.net\/portal\/#\/schema\/person\/2c57cf2b7a7ae032e449e4c9b1019eac","name":"Jeanette","image":{"@type":"ImageObject","inLanguage":"es","@id":"https:\/\/secure.gravatar.com\/avatar\/3ea2118a5f7dad2b7138b1187a6b7ee55f160b9968b66013c3a3ef39dd7e5798?s=96&d=mm&r=g","url":"https:\/\/secure.gravatar.com\/avatar\/3ea2118a5f7dad2b7138b1187a6b7ee55f160b9968b66013c3a3ef39dd7e5798?s=96&d=mm&r=g","contentUrl":"https:\/\/secure.gravatar.com\/avatar\/3ea2118a5f7dad2b7138b1187a6b7ee55f160b9968b66013c3a3ef39dd7e5798?s=96&d=mm&r=g","caption":"Jeanette"},"sameAs":["https:\/\/www.eldiario.net\/portal"],"url":"https:\/\/www.eldiario.net\/portal\/author\/jeanette\/"}]}},"_links":{"self":[{"href":"https:\/\/www.eldiario.net\/portal\/wp-json\/wp\/v2\/posts\/162938","targetHints":{"allow":["GET"]}}],"collection":[{"href":"https:\/\/www.eldiario.net\/portal\/wp-json\/wp\/v2\/posts"}],"about":[{"href":"https:\/\/www.eldiario.net\/portal\/wp-json\/wp\/v2\/types\/post"}],"author":[{"embeddable":true,"href":"https:\/\/www.eldiario.net\/portal\/wp-json\/wp\/v2\/users\/1"}],"replies":[{"embeddable":true,"href":"https:\/\/www.eldiario.net\/portal\/wp-json\/wp\/v2\/comments?post=162938"}],"version-history":[{"count":0,"href":"https:\/\/www.eldiario.net\/portal\/wp-json\/wp\/v2\/posts\/162938\/revisions"}],"wp:attachment":[{"href":"https:\/\/www.eldiario.net\/portal\/wp-json\/wp\/v2\/media?parent=162938"}],"wp:term":[{"taxonomy":"category","embeddable":true,"href":"https:\/\/www.eldiario.net\/portal\/wp-json\/wp\/v2\/categories?post=162938"},{"taxonomy":"post_tag","embeddable":true,"href":"https:\/\/www.eldiario.net\/portal\/wp-json\/wp\/v2\/tags?post=162938"}],"curies":[{"name":"wp","href":"https:\/\/api.w.org\/{rel}","templated":true}]}}