{"id":162909,"date":"2023-07-01T06:08:22","date_gmt":"2023-07-01T10:08:22","guid":{"rendered":"https:\/\/www.eldiario.net\/portal\/?p=162909"},"modified":"2023-07-01T06:08:22","modified_gmt":"2023-07-01T10:08:22","slug":"copa-vacia-une-a-shakira-y-manuel-turizo","status":"publish","type":"post","link":"https:\/\/www.eldiario.net\/portal\/2023\/07\/01\/copa-vacia-une-a-shakira-y-manuel-turizo\/","title":{"rendered":"\u201cCopa Vac\u00eda\u201d une a Shakira y Manuel Turizo"},"content":{"rendered":"<p>La colombiana Shakira lanza su nuevo sencillo \u201cCopa Vac\u00eda\u201d junto a Manuel Turizo, el tema viene acompa\u00f1ado de un video musical visualmente impresionante y fant\u00e1stico, codirigido por Shakira y su colaborador de toda la vida, Jaume de Laiguana.<br \/>\nEl video tambi\u00e9n tuvo su estreno mundial en MTV Live, MTVU y MTV Biggest Pop, a trav\u00e9s de la red global de canales de MTV, as\u00ed como en el billboard de Paramount en Times Square.<br \/>\nEl primer sencillo de Shakira en 2023, \u201cMusic Sessions Vol. 53\u201d con Bizarrap, hizo historia al debutar en el puesto n\u00famero 1 a nivel mundial y romper 14 r\u00e9cords mundiales Guinness. Ahora es la canci\u00f3n en espa\u00f1ol con m\u00e1s reproducciones en un solo d\u00eda en la historia, y el quinto debut m\u00e1s alto en la historia de Spotify. En 24 horas, la canci\u00f3n rompi\u00f3 r\u00e9cords en Spotify con m\u00e1s de 14 millones de reproducciones y en YouTube con m\u00e1s de 52 millones de vistas. Ambos interpretaron la canci\u00f3n ante un p\u00fablico extasiado cantando junto a ellos en el programa The Tonight Show Starring Jimmy Fallon, convirti\u00e9ndose en una de las actuaciones musicales m\u00e1s vistas en la historia del programa.<br \/>\nEl mes pasado, la cantante lanz\u00f3 \u201cAcr\u00f3stico\u201d, una emotiva balada de piano en la que Shakira utiliza su ic\u00f3nica y maravillosa voz para mostrar una emoci\u00f3n cruda y vulnerable. Tambi\u00e9n fue honrada como la primera Mujer Latina del A\u00f1o de Billboard en la gala inaugural de Mujeres Latinas en la M\u00fasica. Este logro se suma a un a\u00f1o destacado para el \u00edcono global, quien es la primera artista en tener dos canciones n\u00famero 1 en el Global Top 50 de Spotify, en tener dos canciones en el top 10 este a\u00f1o en el Billboard 200 y Billboard Hot 100.<br \/>\nAdem\u00e1s, tiene los dos sencillos en espa\u00f1ol m\u00e1s altos en la historia de la lista Billboard Hot 100 en todas las categor\u00edas para \u201cSessions #53\u201d y \u201cTQG\u201d. La int\u00e9rprete colombiana ocupa ya el lugar de la artista latina femenina m\u00e1s vendida de la historia, con una trayectoria de d\u00e9cadas marcada por el \u00e9xito y la innovaci\u00f3n, pero ha seguido afianzando su estatus legendario en el \u00faltimo a\u00f1o debido al \u00e9xito arrollador de sus cuatro \u00faltimos \u00e9xitos: \u201cTe Felicito\u201d, \u201cMonoton\u00eda\u201d, \u201cMusic Sessions #53\u201d y \u201cTQG\u201d.<\/p>\n","protected":false},"excerpt":{"rendered":"<p>La colombiana Shakira lanza su nuevo sencillo \u201cCopa Vac\u00eda\u201d junto a Manuel Turizo, el tema viene acompa\u00f1ado de un video musical visualmente impresionante y fant\u00e1stico, codirigido por Shakira y su colaborador de toda la vida, Jaume de Laiguana. El video tambi\u00e9n tuvo su estreno mundial en MTV Live, MTVU y MTV Biggest Pop, a trav\u00e9s [&hellip;]<\/p>\n","protected":false},"author":1,"featured_media":162910,"comment_status":"closed","ping_status":"open","sticky":false,"template":"","format":"standard","meta":{"_acf_changed":false,"footnotes":""},"categories":[8],"tags":[],"class_list":["post-162909","post","type-post","status-publish","format-standard","has-post-thumbnail","category-cultural"],"acf":{"antetitulo":""},"yoast_head":"<!-- This site is optimized with the Yoast SEO plugin v28.4 - https:\/\/yoast.com\/product\/yoast-seo-wordpress\/ -->\n<title>\u201cCopa Vac\u00eda\u201d une a Shakira y Manuel Turizo - El Diario - Bolivia<\/title>\n<meta name=\"robots\" content=\"index, follow, max-snippet:-1, max-image-preview:large, max-video-preview:-1\" \/>\n<link rel=\"canonical\" href=\"https:\/\/www.eldiario.net\/portal\/2023\/07\/01\/copa-vacia-une-a-shakira-y-manuel-turizo\/\" \/>\n<meta property=\"og:locale\" content=\"es_ES\" \/>\n<meta property=\"og:type\" content=\"article\" \/>\n<meta property=\"og:title\" content=\"\u201cCopa Vac\u00eda\u201d une a Shakira y Manuel Turizo - El Diario - Bolivia\" \/>\n<meta property=\"og:description\" content=\"La colombiana Shakira lanza su nuevo sencillo \u201cCopa Vac\u00eda\u201d junto a Manuel Turizo, el tema viene acompa\u00f1ado de un video musical visualmente impresionante y fant\u00e1stico, codirigido por Shakira y su colaborador de toda la vida, Jaume de Laiguana. El video tambi\u00e9n tuvo su estreno mundial en MTV Live, MTVU y MTV Biggest Pop, a trav\u00e9s [&hellip;]\" \/>\n<meta property=\"og:url\" content=\"https:\/\/www.eldiario.net\/portal\/2023\/07\/01\/copa-vacia-une-a-shakira-y-manuel-turizo\/\" \/>\n<meta property=\"og:site_name\" content=\"El Diario - Bolivia\" \/>\n<meta property=\"article:publisher\" content=\"https:\/\/www.facebook.com\/eldiario.bolivia\/\" \/>\n<meta property=\"article:published_time\" content=\"2023-07-01T10:08:22+00:00\" \/>\n<meta property=\"og:image\" content=\"https:\/\/www.eldiario.net\/portal\/wp-content\/uploads\/2023\/07\/Shakira.jpg\" \/>\n\t<meta property=\"og:image:width\" content=\"1041\" \/>\n\t<meta property=\"og:image:height\" content=\"755\" \/>\n\t<meta property=\"og:image:type\" content=\"image\/jpeg\" \/>\n<meta name=\"author\" content=\"Jeanette\" \/>\n<meta name=\"twitter:card\" content=\"summary_large_image\" \/>\n<meta name=\"twitter:creator\" content=\"@eldiario_net\" \/>\n<meta name=\"twitter:site\" content=\"@eldiario_net\" \/>\n<meta name=\"twitter:label1\" content=\"Escrito por\" \/>\n\t<meta name=\"twitter:data1\" content=\"Jeanette\" \/>\n\t<meta name=\"twitter:label2\" content=\"Tiempo de lectura\" \/>\n\t<meta name=\"twitter:data2\" content=\"2 minutos\" \/>\n<script type=\"application\/ld+json\" class=\"yoast-schema-graph\">{\"@context\":\"https:\\\/\\\/schema.org\",\"@graph\":[{\"@type\":\"Article\",\"@id\":\"https:\\\/\\\/www.eldiario.net\\\/portal\\\/2023\\\/07\\\/01\\\/copa-vacia-une-a-shakira-y-manuel-turizo\\\/#article\",\"isPartOf\":{\"@id\":\"https:\\\/\\\/www.eldiario.net\\\/portal\\\/2023\\\/07\\\/01\\\/copa-vacia-une-a-shakira-y-manuel-turizo\\\/\"},\"author\":{\"name\":\"Jeanette\",\"@id\":\"https:\\\/\\\/www.eldiario.net\\\/portal\\\/#\\\/schema\\\/person\\\/2c57cf2b7a7ae032e449e4c9b1019eac\"},\"headline\":\"\u201cCopa Vac\u00eda\u201d une a Shakira y Manuel Turizo\",\"datePublished\":\"2023-07-01T10:08:22+00:00\",\"mainEntityOfPage\":{\"@id\":\"https:\\\/\\\/www.eldiario.net\\\/portal\\\/2023\\\/07\\\/01\\\/copa-vacia-une-a-shakira-y-manuel-turizo\\\/\"},\"wordCount\":408,\"publisher\":{\"@id\":\"https:\\\/\\\/www.eldiario.net\\\/portal\\\/#organization\"},\"image\":{\"@id\":\"https:\\\/\\\/www.eldiario.net\\\/portal\\\/2023\\\/07\\\/01\\\/copa-vacia-une-a-shakira-y-manuel-turizo\\\/#primaryimage\"},\"thumbnailUrl\":\"https:\\\/\\\/www.eldiario.net\\\/portal\\\/wp-content\\\/uploads\\\/2023\\\/07\\\/Shakira.jpg\",\"articleSection\":[\"Cultural\"],\"inLanguage\":\"es\"},{\"@type\":\"WebPage\",\"@id\":\"https:\\\/\\\/www.eldiario.net\\\/portal\\\/2023\\\/07\\\/01\\\/copa-vacia-une-a-shakira-y-manuel-turizo\\\/\",\"url\":\"https:\\\/\\\/www.eldiario.net\\\/portal\\\/2023\\\/07\\\/01\\\/copa-vacia-une-a-shakira-y-manuel-turizo\\\/\",\"name\":\"\u201cCopa Vac\u00eda\u201d une a Shakira y Manuel Turizo - El Diario - Bolivia\",\"isPartOf\":{\"@id\":\"https:\\\/\\\/www.eldiario.net\\\/portal\\\/#website\"},\"primaryImageOfPage\":{\"@id\":\"https:\\\/\\\/www.eldiario.net\\\/portal\\\/2023\\\/07\\\/01\\\/copa-vacia-une-a-shakira-y-manuel-turizo\\\/#primaryimage\"},\"image\":{\"@id\":\"https:\\\/\\\/www.eldiario.net\\\/portal\\\/2023\\\/07\\\/01\\\/copa-vacia-une-a-shakira-y-manuel-turizo\\\/#primaryimage\"},\"thumbnailUrl\":\"https:\\\/\\\/www.eldiario.net\\\/portal\\\/wp-content\\\/uploads\\\/2023\\\/07\\\/Shakira.jpg\",\"datePublished\":\"2023-07-01T10:08:22+00:00\",\"breadcrumb\":{\"@id\":\"https:\\\/\\\/www.eldiario.net\\\/portal\\\/2023\\\/07\\\/01\\\/copa-vacia-une-a-shakira-y-manuel-turizo\\\/#breadcrumb\"},\"inLanguage\":\"es\",\"potentialAction\":[{\"@type\":\"ReadAction\",\"target\":[\"https:\\\/\\\/www.eldiario.net\\\/portal\\\/2023\\\/07\\\/01\\\/copa-vacia-une-a-shakira-y-manuel-turizo\\\/\"]}]},{\"@type\":\"ImageObject\",\"inLanguage\":\"es\",\"@id\":\"https:\\\/\\\/www.eldiario.net\\\/portal\\\/2023\\\/07\\\/01\\\/copa-vacia-une-a-shakira-y-manuel-turizo\\\/#primaryimage\",\"url\":\"https:\\\/\\\/www.eldiario.net\\\/portal\\\/wp-content\\\/uploads\\\/2023\\\/07\\\/Shakira.jpg\",\"contentUrl\":\"https:\\\/\\\/www.eldiario.net\\\/portal\\\/wp-content\\\/uploads\\\/2023\\\/07\\\/Shakira.jpg\",\"width\":1041,\"height\":755,\"caption\":\"LOS INT\u00c9RPRETES COLOMBIANOS MANUEL TURIZO Y SHAKIRA.\"},{\"@type\":\"BreadcrumbList\",\"@id\":\"https:\\\/\\\/www.eldiario.net\\\/portal\\\/2023\\\/07\\\/01\\\/copa-vacia-une-a-shakira-y-manuel-turizo\\\/#breadcrumb\",\"itemListElement\":[{\"@type\":\"ListItem\",\"position\":1,\"name\":\"Portada\",\"item\":\"https:\\\/\\\/www.eldiario.net\\\/portal\\\/\"},{\"@type\":\"ListItem\",\"position\":2,\"name\":\"\u201cCopa Vac\u00eda\u201d une a Shakira y Manuel Turizo\"}]},{\"@type\":\"WebSite\",\"@id\":\"https:\\\/\\\/www.eldiario.net\\\/portal\\\/#website\",\"url\":\"https:\\\/\\\/www.eldiario.net\\\/portal\\\/\",\"name\":\"El Diario - Decano de la prensa nacional\",\"description\":\"El Diario - Decano de la prensa nacional\",\"publisher\":{\"@id\":\"https:\\\/\\\/www.eldiario.net\\\/portal\\\/#organization\"},\"potentialAction\":[{\"@type\":\"SearchAction\",\"target\":{\"@type\":\"EntryPoint\",\"urlTemplate\":\"https:\\\/\\\/www.eldiario.net\\\/portal\\\/?s={search_term_string}\"},\"query-input\":{\"@type\":\"PropertyValueSpecification\",\"valueRequired\":true,\"valueName\":\"search_term_string\"}}],\"inLanguage\":\"es\"},{\"@type\":\"Organization\",\"@id\":\"https:\\\/\\\/www.eldiario.net\\\/portal\\\/#organization\",\"name\":\"El Diario - Decano de la prensa nacional\",\"url\":\"https:\\\/\\\/www.eldiario.net\\\/portal\\\/\",\"logo\":{\"@type\":\"ImageObject\",\"inLanguage\":\"es\",\"@id\":\"https:\\\/\\\/www.eldiario.net\\\/portal\\\/#\\\/schema\\\/logo\\\/image\\\/\",\"url\":\"https:\\\/\\\/www.eldiario.net\\\/portal\\\/wp-content\\\/uploads\\\/2023\\\/07\\\/logo_ED.jpg\",\"contentUrl\":\"https:\\\/\\\/www.eldiario.net\\\/portal\\\/wp-content\\\/uploads\\\/2023\\\/07\\\/logo_ED.jpg\",\"width\":272,\"height\":52,\"caption\":\"El Diario - Decano de la prensa nacional\"},\"image\":{\"@id\":\"https:\\\/\\\/www.eldiario.net\\\/portal\\\/#\\\/schema\\\/logo\\\/image\\\/\"},\"sameAs\":[\"https:\\\/\\\/www.facebook.com\\\/eldiario.bolivia\\\/\",\"https:\\\/\\\/x.com\\\/eldiario_net\"]},{\"@type\":\"Person\",\"@id\":\"https:\\\/\\\/www.eldiario.net\\\/portal\\\/#\\\/schema\\\/person\\\/2c57cf2b7a7ae032e449e4c9b1019eac\",\"name\":\"Jeanette\",\"image\":{\"@type\":\"ImageObject\",\"inLanguage\":\"es\",\"@id\":\"https:\\\/\\\/secure.gravatar.com\\\/avatar\\\/3ea2118a5f7dad2b7138b1187a6b7ee55f160b9968b66013c3a3ef39dd7e5798?s=96&d=mm&r=g\",\"url\":\"https:\\\/\\\/secure.gravatar.com\\\/avatar\\\/3ea2118a5f7dad2b7138b1187a6b7ee55f160b9968b66013c3a3ef39dd7e5798?s=96&d=mm&r=g\",\"contentUrl\":\"https:\\\/\\\/secure.gravatar.com\\\/avatar\\\/3ea2118a5f7dad2b7138b1187a6b7ee55f160b9968b66013c3a3ef39dd7e5798?s=96&d=mm&r=g\",\"caption\":\"Jeanette\"},\"sameAs\":[\"https:\\\/\\\/www.eldiario.net\\\/portal\"],\"url\":\"https:\\\/\\\/www.eldiario.net\\\/portal\\\/author\\\/jeanette\\\/\"}]}<\/script>\n<!-- \/ Yoast SEO plugin. -->","yoast_head_json":{"title":"\u201cCopa Vac\u00eda\u201d une a Shakira y Manuel Turizo - El Diario - Bolivia","robots":{"index":"index","follow":"follow","max-snippet":"max-snippet:-1","max-image-preview":"max-image-preview:large","max-video-preview":"max-video-preview:-1"},"canonical":"https:\/\/www.eldiario.net\/portal\/2023\/07\/01\/copa-vacia-une-a-shakira-y-manuel-turizo\/","og_locale":"es_ES","og_type":"article","og_title":"\u201cCopa Vac\u00eda\u201d une a Shakira y Manuel Turizo - El Diario - Bolivia","og_description":"La colombiana Shakira lanza su nuevo sencillo \u201cCopa Vac\u00eda\u201d junto a Manuel Turizo, el tema viene acompa\u00f1ado de un video musical visualmente impresionante y fant\u00e1stico, codirigido por Shakira y su colaborador de toda la vida, Jaume de Laiguana. El video tambi\u00e9n tuvo su estreno mundial en MTV Live, MTVU y MTV Biggest Pop, a trav\u00e9s [&hellip;]","og_url":"https:\/\/www.eldiario.net\/portal\/2023\/07\/01\/copa-vacia-une-a-shakira-y-manuel-turizo\/","og_site_name":"El Diario - Bolivia","article_publisher":"https:\/\/www.facebook.com\/eldiario.bolivia\/","article_published_time":"2023-07-01T10:08:22+00:00","og_image":[{"width":1041,"height":755,"url":"https:\/\/www.eldiario.net\/portal\/wp-content\/uploads\/2023\/07\/Shakira.jpg","type":"image\/jpeg"}],"author":"Jeanette","twitter_card":"summary_large_image","twitter_creator":"@eldiario_net","twitter_site":"@eldiario_net","twitter_misc":{"Escrito por":"Jeanette","Tiempo de lectura":"2 minutos"},"schema":{"@context":"https:\/\/schema.org","@graph":[{"@type":"Article","@id":"https:\/\/www.eldiario.net\/portal\/2023\/07\/01\/copa-vacia-une-a-shakira-y-manuel-turizo\/#article","isPartOf":{"@id":"https:\/\/www.eldiario.net\/portal\/2023\/07\/01\/copa-vacia-une-a-shakira-y-manuel-turizo\/"},"author":{"name":"Jeanette","@id":"https:\/\/www.eldiario.net\/portal\/#\/schema\/person\/2c57cf2b7a7ae032e449e4c9b1019eac"},"headline":"\u201cCopa Vac\u00eda\u201d une a Shakira y Manuel Turizo","datePublished":"2023-07-01T10:08:22+00:00","mainEntityOfPage":{"@id":"https:\/\/www.eldiario.net\/portal\/2023\/07\/01\/copa-vacia-une-a-shakira-y-manuel-turizo\/"},"wordCount":408,"publisher":{"@id":"https:\/\/www.eldiario.net\/portal\/#organization"},"image":{"@id":"https:\/\/www.eldiario.net\/portal\/2023\/07\/01\/copa-vacia-une-a-shakira-y-manuel-turizo\/#primaryimage"},"thumbnailUrl":"https:\/\/www.eldiario.net\/portal\/wp-content\/uploads\/2023\/07\/Shakira.jpg","articleSection":["Cultural"],"inLanguage":"es"},{"@type":"WebPage","@id":"https:\/\/www.eldiario.net\/portal\/2023\/07\/01\/copa-vacia-une-a-shakira-y-manuel-turizo\/","url":"https:\/\/www.eldiario.net\/portal\/2023\/07\/01\/copa-vacia-une-a-shakira-y-manuel-turizo\/","name":"\u201cCopa Vac\u00eda\u201d une a Shakira y Manuel Turizo - El Diario - Bolivia","isPartOf":{"@id":"https:\/\/www.eldiario.net\/portal\/#website"},"primaryImageOfPage":{"@id":"https:\/\/www.eldiario.net\/portal\/2023\/07\/01\/copa-vacia-une-a-shakira-y-manuel-turizo\/#primaryimage"},"image":{"@id":"https:\/\/www.eldiario.net\/portal\/2023\/07\/01\/copa-vacia-une-a-shakira-y-manuel-turizo\/#primaryimage"},"thumbnailUrl":"https:\/\/www.eldiario.net\/portal\/wp-content\/uploads\/2023\/07\/Shakira.jpg","datePublished":"2023-07-01T10:08:22+00:00","breadcrumb":{"@id":"https:\/\/www.eldiario.net\/portal\/2023\/07\/01\/copa-vacia-une-a-shakira-y-manuel-turizo\/#breadcrumb"},"inLanguage":"es","potentialAction":[{"@type":"ReadAction","target":["https:\/\/www.eldiario.net\/portal\/2023\/07\/01\/copa-vacia-une-a-shakira-y-manuel-turizo\/"]}]},{"@type":"ImageObject","inLanguage":"es","@id":"https:\/\/www.eldiario.net\/portal\/2023\/07\/01\/copa-vacia-une-a-shakira-y-manuel-turizo\/#primaryimage","url":"https:\/\/www.eldiario.net\/portal\/wp-content\/uploads\/2023\/07\/Shakira.jpg","contentUrl":"https:\/\/www.eldiario.net\/portal\/wp-content\/uploads\/2023\/07\/Shakira.jpg","width":1041,"height":755,"caption":"LOS INT\u00c9RPRETES COLOMBIANOS MANUEL TURIZO Y SHAKIRA."},{"@type":"BreadcrumbList","@id":"https:\/\/www.eldiario.net\/portal\/2023\/07\/01\/copa-vacia-une-a-shakira-y-manuel-turizo\/#breadcrumb","itemListElement":[{"@type":"ListItem","position":1,"name":"Portada","item":"https:\/\/www.eldiario.net\/portal\/"},{"@type":"ListItem","position":2,"name":"\u201cCopa Vac\u00eda\u201d une a Shakira y Manuel Turizo"}]},{"@type":"WebSite","@id":"https:\/\/www.eldiario.net\/portal\/#website","url":"https:\/\/www.eldiario.net\/portal\/","name":"El Diario - Decano de la prensa nacional","description":"El Diario - Decano de la prensa nacional","publisher":{"@id":"https:\/\/www.eldiario.net\/portal\/#organization"},"potentialAction":[{"@type":"SearchAction","target":{"@type":"EntryPoint","urlTemplate":"https:\/\/www.eldiario.net\/portal\/?s={search_term_string}"},"query-input":{"@type":"PropertyValueSpecification","valueRequired":true,"valueName":"search_term_string"}}],"inLanguage":"es"},{"@type":"Organization","@id":"https:\/\/www.eldiario.net\/portal\/#organization","name":"El Diario - Decano de la prensa nacional","url":"https:\/\/www.eldiario.net\/portal\/","logo":{"@type":"ImageObject","inLanguage":"es","@id":"https:\/\/www.eldiario.net\/portal\/#\/schema\/logo\/image\/","url":"https:\/\/www.eldiario.net\/portal\/wp-content\/uploads\/2023\/07\/logo_ED.jpg","contentUrl":"https:\/\/www.eldiario.net\/portal\/wp-content\/uploads\/2023\/07\/logo_ED.jpg","width":272,"height":52,"caption":"El Diario - Decano de la prensa nacional"},"image":{"@id":"https:\/\/www.eldiario.net\/portal\/#\/schema\/logo\/image\/"},"sameAs":["https:\/\/www.facebook.com\/eldiario.bolivia\/","https:\/\/x.com\/eldiario_net"]},{"@type":"Person","@id":"https:\/\/www.eldiario.net\/portal\/#\/schema\/person\/2c57cf2b7a7ae032e449e4c9b1019eac","name":"Jeanette","image":{"@type":"ImageObject","inLanguage":"es","@id":"https:\/\/secure.gravatar.com\/avatar\/3ea2118a5f7dad2b7138b1187a6b7ee55f160b9968b66013c3a3ef39dd7e5798?s=96&d=mm&r=g","url":"https:\/\/secure.gravatar.com\/avatar\/3ea2118a5f7dad2b7138b1187a6b7ee55f160b9968b66013c3a3ef39dd7e5798?s=96&d=mm&r=g","contentUrl":"https:\/\/secure.gravatar.com\/avatar\/3ea2118a5f7dad2b7138b1187a6b7ee55f160b9968b66013c3a3ef39dd7e5798?s=96&d=mm&r=g","caption":"Jeanette"},"sameAs":["https:\/\/www.eldiario.net\/portal"],"url":"https:\/\/www.eldiario.net\/portal\/author\/jeanette\/"}]}},"_links":{"self":[{"href":"https:\/\/www.eldiario.net\/portal\/wp-json\/wp\/v2\/posts\/162909","targetHints":{"allow":["GET"]}}],"collection":[{"href":"https:\/\/www.eldiario.net\/portal\/wp-json\/wp\/v2\/posts"}],"about":[{"href":"https:\/\/www.eldiario.net\/portal\/wp-json\/wp\/v2\/types\/post"}],"author":[{"embeddable":true,"href":"https:\/\/www.eldiario.net\/portal\/wp-json\/wp\/v2\/users\/1"}],"replies":[{"embeddable":true,"href":"https:\/\/www.eldiario.net\/portal\/wp-json\/wp\/v2\/comments?post=162909"}],"version-history":[{"count":0,"href":"https:\/\/www.eldiario.net\/portal\/wp-json\/wp\/v2\/posts\/162909\/revisions"}],"wp:featuredmedia":[{"embeddable":true,"href":"https:\/\/www.eldiario.net\/portal\/wp-json\/wp\/v2\/media\/162910"}],"wp:attachment":[{"href":"https:\/\/www.eldiario.net\/portal\/wp-json\/wp\/v2\/media?parent=162909"}],"wp:term":[{"taxonomy":"category","embeddable":true,"href":"https:\/\/www.eldiario.net\/portal\/wp-json\/wp\/v2\/categories?post=162909"},{"taxonomy":"post_tag","embeddable":true,"href":"https:\/\/www.eldiario.net\/portal\/wp-json\/wp\/v2\/tags?post=162909"}],"curies":[{"name":"wp","href":"https:\/\/api.w.org\/{rel}","templated":true}]}}