{"id":162893,"date":"2023-06-30T06:49:32","date_gmt":"2023-06-30T10:49:32","guid":{"rendered":"https:\/\/www.eldiario.net\/portal\/?p=162893"},"modified":"2023-06-30T06:49:32","modified_gmt":"2023-06-30T10:49:32","slug":"a-veces-un-beso-y-el-carino-de-los-hijos-te-desarman","status":"publish","type":"post","link":"https:\/\/www.eldiario.net\/portal\/2023\/06\/30\/a-veces-un-beso-y-el-carino-de-los-hijos-te-desarman\/","title":{"rendered":"DAVID CASTRO \u201cA veces un beso y el cari\u00f1o  de los hijos\u2026 te desarman\u201d"},"content":{"rendered":"<p><strong>Nombre:<\/strong> Crisanto David Castro Olmos.<\/p>\n<p><strong>Fecha y lugar de nacimiento:<\/strong> Nac\u00ed en la ciudad de La Paz un 25 de octubre.<\/p>\n<p><strong>Estudios:<\/strong> Primaria en la Escuela Per\u00fa, secundaria en el colegio Bol\u00edvar, Hugo D\u00e1vila y Bancario. Despu\u00e9s universitarios en la UMSA (Administraci\u00f3n de empresas), pero debido a compromisos por hacerme cargo de la familia muy joven no pude continuar.<\/p>\n<p><strong>Estado civil:<\/strong> Casado.<\/p>\n<p><strong>\u00bfA qu\u00e9 te dedicas hoy?:<\/strong> A la m\u00fasica, como casi toda mi vida, y tambi\u00e9n tengo un par de empresas relacionadas con la m\u00fasica: Una empresa de sonido y otra empresa de tickets y controles.<\/p>\n<p>&nbsp;<\/p>\n<p>&nbsp;<\/p>\n<p><strong>LG: \u00bfQu\u00e9 es lo que el p\u00fablico no sabe de ti?<\/strong><\/p>\n<p>D: No s\u00e9 si saben que soy un fan\u00e1tico del trabajo, que soy una persona humilde y que no olvido mis ra\u00edces, a pesar de haber avanzado y llegado a sitiales muy importantes en mi vida.<\/p>\n<p><strong>LG: \u00bfCu\u00e1l es tu mayor tesoro?<\/strong><\/p>\n<p>D: Mi mayor tesoro es la familia con toda seguridad.<\/p>\n<p><strong>LG: Si volvieras a nacer, \u00bfqu\u00e9 cambiar\u00edas de tu vida?<\/strong><\/p>\n<p>D: Quisiera tener la sapiencia que tengo hoy, pero con unos a\u00f1os menos, para tener m\u00e1s tiempo y mayor capacidad de hacer cosas m\u00e1s grandes.<\/p>\n<p><strong>LG: F\u00edsicamente, \u00bfcambiar\u00edas algo?<\/strong><\/p>\n<p>D: Claro, ser\u00eda de ojos azules, alto (risas).<\/p>\n<p><strong>LG: \u00bfCu\u00e1l es tu mayor fortaleza?<\/strong><\/p>\n<p>D: La lucha constante que tengo, no me achico ante nada, no me corro de nada, afronto todo lo que viene, soy un metedor, como se dice.<\/p>\n<p><strong>LG: \u00bfCu\u00e1l es tu mayor debilidad?<\/strong><\/p>\n<p>D: La familia, porque no es que me doblegue, pero s\u00ed muchas veces quiero hacer cosas con m\u00e1s firmeza, digamos y a veces un beso y el cari\u00f1o de los hijos, especialmente los m\u00e1s chicos, te desarman.<\/p>\n<p><strong>LG: \u00bfQu\u00e9 es lo mejor que han opinado de ti?<\/strong><\/p>\n<p>D: \u201cChato, no te mueras\u201d (sonr\u00ede). Me dijeron muchas cosas bonitas, como gracias por existir, que nunca te mueras, gracias por tu m\u00fasica.<\/p>\n<p><strong>LG: \u00bfY lo peor?<\/strong><\/p>\n<p>D: Uy, qu\u00e9 no dir\u00edan m\u00e1s bien, pero felizmente son haters que no existen, o sea que no dan la cara porque no me lo dicen de frente, lo ponen ah\u00ed en las opiniones del face y cuando entras al perfil es un dibujo, caricatura o m\u00e1scara. Es gente mediocre a la que no valdr\u00eda la pena responder, porque es como un bichito que te molesta, lo puedes aplastar o dejarlo a un lado.<\/p>\n<p><strong>LG: Cuando te miras en el espejo, \u00bfqu\u00e9 ves?<\/strong><\/p>\n<p>D: Depende de a qu\u00e9 hora (sonr\u00ede). Cuando me despierto siempre me sonr\u00edo, me doy \u00e1nimo y cuando estoy por entrar al escenario tambi\u00e9n. Cuando hay tiempo me maquillo o me despeino un poco, porque mi peinado es talco, tal como me levant\u00e9 (sonr\u00ede). Raras veces tengo momentos para reflexionar, creo que cuando deje de trabajar va a haber momentos para mirarme al espejo, retroceder y decir qu\u00e9 hice y qu\u00e9 no hice bien.<\/p>\n<p><strong>LG: \u00bfQu\u00e9 haces en tu tiempo libre?<\/strong><\/p>\n<p>D: Casi no tengo tiempo libre, lo que pasa es que me he acostumbrado a ser una persona s\u00faper activa, le meto a todo, y cuando hay tiempo hago deportes y otras veces comparto con los amigos. Ahora que vivo en Santa Cruz, la vida es m\u00e1s social. Pr\u00e1cticamente todos los d\u00edas tengo invitaciones.<\/p>\n<p><strong>LG: \u00bfQu\u00e9 cosa nunca perdonar\u00edas?<\/strong><\/p>\n<p>D: No soy qui\u00e9n para no perdonar, pero lo que no me gustar\u00eda es la traici\u00f3n, la deslealtad.<\/p>\n<p><strong>LG: \u00bfUna frustraci\u00f3n?<\/strong><\/p>\n<p>D: He tenido muchas, pero han sido moment\u00e1neas. He tenido ca\u00eddas, he salido derrotado muchas veces, pero en un segundo o en un tercer intento he logrado rebasarlas, incluso con mayor expectativa de lo que estaba pretendiendo conseguir.<\/p>\n<p><strong>LG: \u00bfQu\u00e9 haces cuando reniegas?<\/strong><\/p>\n<p>D: Me r\u00edo&#8230; porque si renegando se solucionar\u00eda lo que est\u00e1 hecho mal\u2026 entonces tal vez ni as\u00ed renegar\u00eda. El renegar te hace m\u00e1s viejo, te enferma, te estresa, entonces lo tomo con calma, casi nunca reniego.<\/p>\n<p><strong>LG: \u00bfCu\u00e1l es el mejor consejo que recibiste?<\/strong><\/p>\n<p>D: He recibido much\u00edsimos, porque siempre me ha gustado ver las biograf\u00edas de los triunfadores y todos tienen un denominador com\u00fan, que es la dedicaci\u00f3n, la fuerza y el \u00edmpetu para seguir y seguir. No necesariamente me lo han tenido que decir, sino que yo he visto que todos los que han triunfado, siempre lo han conseguido sobre la base de sacrificio, esfuerzo y renunciaci\u00f3n a otras cosas. Y tambi\u00e9n me han gustado muchos consejos que he podido aprender de Miguel \u00c1ngel Cornejo. Lo he tomado como si fuera un pap\u00e1 postizo o un familiar cercano, porque todo lo que habla es muy lindo y he aprendido bastante de sus ense\u00f1anzas.<\/p>\n<p><strong>LG: \u00bfC\u00f3mo te gustar\u00eda que te recuerden?<\/strong><\/p>\n<p>D: Todos tenemos una fecha de expiraci\u00f3n, todos alg\u00fan d\u00eda vamos a dejar este mundo terrenal f\u00edsicamente, pero creo que van a seguir las canciones y por ah\u00ed la pel\u00edcula que se viene tambi\u00e9n. Creo que <em>A\u00f1oranzas<\/em> va a marcar un antes y un despu\u00e9s en el cine boliviano, sin temor a equivocarme. La pel\u00edcula trata de lo que habla esa canci\u00f3n, la migraci\u00f3n.<\/p>\n<p><strong>LG: Si alguien no te cae, \u00bfse lo dices de frente?<\/strong><\/p>\n<p>D: No creo que sea necesario, porque si alguien no me cae directamente me alejo o no tendr\u00eda por qu\u00e9 decirle. Pero no hay alguien que no me caiga y no es que todos me caen bien, si no me gusta algo de alguien, directamente me alejo nom\u00e1s.<\/p>\n<p><strong>LG: \u00bfQu\u00e9 poderes m\u00e1gicos te gustar\u00eda tener?<\/strong><\/p>\n<p>D: Muchos. Si tuviera un poder m\u00e1gico eliminar\u00eda la pobreza, el hambre, yo he visto sufrir a mucha gente de hambre, de fr\u00edo, y es muy frustrante no tener c\u00f3mo sustentar a una familia.<\/p>\n<p><strong>LG: Si tendr\u00edas que ser otro cantante, \u00bfqui\u00e9n ser\u00edas?<\/strong><\/p>\n<p>D: Admiro mucho a Luis Miguel, es un cap\u00edsimo.<\/p>\n<p><strong>LG: \u00bfQu\u00e9 significa en tu vida la m\u00fasica tropical?<\/strong><\/p>\n<p>D: La m\u00fasica en general, pero la tropical en particular significa mi vida porque gracias a ese g\u00e9nero musical me he dado a conocer, he llegado a donde he llegado, he conocido lo que he conocido, he disfrutado lo que he disfrutado, y todav\u00eda sigo vigente. Han pasado 30 a\u00f1os y si podemos comparar con una marat\u00f3n o carrera, seguimos ah\u00ed, estamos en el primer pelot\u00f3n de punteros. Hay unos artistas que est\u00e1n en el primer lugar, y si alguna vez hemos retrocedido hasta llegar al quinto, al sexto, hemos ido recuperando terreno justamente en base a eso, a perseguir los sue\u00f1os, seguir perseverando, no desmayar.<\/p>\n<p><strong>LG: De no estar en la m\u00fasica, \u00bfa qu\u00e9 te dedicar\u00edas?<\/strong><\/p>\n<p>D: Es una pregunta media dif\u00edcil, porque como nunca he trabajado en otra cosa que no sea la m\u00fasica, no s\u00e9 qu\u00e9 hubiera sido, pero s\u00ed, como sue\u00f1o, me gustaba mucho el f\u00fatbol, pero no hubiera durado porque en el f\u00fatbol a los treinta y pico a\u00f1os ya eres veterano. Por suerte, en la m\u00fasica es hasta que uno pueda y hasta que muere.<\/p>\n<p><strong>LG: \u00bfQu\u00e9 representa para ti tu familia?<\/strong><\/p>\n<p>D: Es mi tesoro\u2026 es lo m\u00e1s valioso que tengo.<\/p>\n<p><strong>LG: \u00bfA qui\u00e9n desear\u00edas abrazar en este momento?<\/strong><\/p>\n<p>D: A mis padres.<\/p>\n<div id='gallery-1' class='gallery galleryid-162893 gallery-columns-3 gallery-size-medium'><figure class='gallery-item'>\n\t\t\t<div class='gallery-icon landscape'>\n\t\t\t\t<a href='https:\/\/www.eldiario.net\/portal\/2023\/06\/30\/a-veces-un-beso-y-el-carino-de-los-hijos-te-desarman\/david-1-principal\/'><img loading=\"lazy\" decoding=\"async\" width=\"300\" height=\"240\" src=\"https:\/\/www.eldiario.net\/portal\/wp-content\/uploads\/2023\/06\/david-1-PRINCIPAL-300x240.jpeg\" class=\"attachment-medium size-medium\" alt=\"\" srcset=\"https:\/\/www.eldiario.net\/portal\/wp-content\/uploads\/2023\/06\/david-1-PRINCIPAL-300x240.jpeg 300w, https:\/\/www.eldiario.net\/portal\/wp-content\/uploads\/2023\/06\/david-1-PRINCIPAL-1024x819.jpeg 1024w, https:\/\/www.eldiario.net\/portal\/wp-content\/uploads\/2023\/06\/david-1-PRINCIPAL-768x614.jpeg 768w, https:\/\/www.eldiario.net\/portal\/wp-content\/uploads\/2023\/06\/david-1-PRINCIPAL-696x557.jpeg 696w, https:\/\/www.eldiario.net\/portal\/wp-content\/uploads\/2023\/06\/david-1-PRINCIPAL-1068x854.jpeg 1068w, https:\/\/www.eldiario.net\/portal\/wp-content\/uploads\/2023\/06\/david-1-PRINCIPAL.jpeg 1280w\" sizes=\"auto, (max-width: 300px) 100vw, 300px\" \/><\/a>\n\t\t\t<\/div><\/figure><figure class='gallery-item'>\n\t\t\t<div class='gallery-icon landscape'>\n\t\t\t\t<a href='https:\/\/www.eldiario.net\/portal\/2023\/06\/30\/a-veces-un-beso-y-el-carino-de-los-hijos-te-desarman\/david-2-2\/'><img loading=\"lazy\" decoding=\"async\" width=\"300\" height=\"240\" src=\"https:\/\/www.eldiario.net\/portal\/wp-content\/uploads\/2023\/06\/david-2-300x240.jpeg\" class=\"attachment-medium size-medium\" alt=\"\" srcset=\"https:\/\/www.eldiario.net\/portal\/wp-content\/uploads\/2023\/06\/david-2-300x240.jpeg 300w, https:\/\/www.eldiario.net\/portal\/wp-content\/uploads\/2023\/06\/david-2-1024x820.jpeg 1024w, https:\/\/www.eldiario.net\/portal\/wp-content\/uploads\/2023\/06\/david-2-768x615.jpeg 768w, https:\/\/www.eldiario.net\/portal\/wp-content\/uploads\/2023\/06\/david-2-696x557.jpeg 696w, https:\/\/www.eldiario.net\/portal\/wp-content\/uploads\/2023\/06\/david-2-1068x855.jpeg 1068w, https:\/\/www.eldiario.net\/portal\/wp-content\/uploads\/2023\/06\/david-2.jpeg 1280w\" sizes=\"auto, (max-width: 300px) 100vw, 300px\" \/><\/a>\n\t\t\t<\/div><\/figure><figure class='gallery-item'>\n\t\t\t<div class='gallery-icon portrait'>\n\t\t\t\t<a href='https:\/\/www.eldiario.net\/portal\/2023\/06\/30\/a-veces-un-beso-y-el-carino-de-los-hijos-te-desarman\/david-3\/'><img loading=\"lazy\" decoding=\"async\" width=\"240\" height=\"300\" src=\"https:\/\/www.eldiario.net\/portal\/wp-content\/uploads\/2023\/06\/david-3-240x300.jpeg\" class=\"attachment-medium size-medium\" alt=\"\" srcset=\"https:\/\/www.eldiario.net\/portal\/wp-content\/uploads\/2023\/06\/david-3-240x300.jpeg 240w, https:\/\/www.eldiario.net\/portal\/wp-content\/uploads\/2023\/06\/david-3-820x1024.jpeg 820w, https:\/\/www.eldiario.net\/portal\/wp-content\/uploads\/2023\/06\/david-3-768x959.jpeg 768w, https:\/\/www.eldiario.net\/portal\/wp-content\/uploads\/2023\/06\/david-3-696x869.jpeg 696w, https:\/\/www.eldiario.net\/portal\/wp-content\/uploads\/2023\/06\/david-3.jpeg 1025w\" sizes=\"auto, (max-width: 240px) 100vw, 240px\" \/><\/a>\n\t\t\t<\/div><\/figure><figure class='gallery-item'>\n\t\t\t<div class='gallery-icon landscape'>\n\t\t\t\t<a href='https:\/\/www.eldiario.net\/portal\/2023\/06\/30\/a-veces-un-beso-y-el-carino-de-los-hijos-te-desarman\/david-4\/'><img loading=\"lazy\" decoding=\"async\" width=\"300\" height=\"223\" src=\"https:\/\/www.eldiario.net\/portal\/wp-content\/uploads\/2023\/06\/david-4-300x223.jpeg\" class=\"attachment-medium size-medium\" alt=\"\" srcset=\"https:\/\/www.eldiario.net\/portal\/wp-content\/uploads\/2023\/06\/david-4-300x223.jpeg 300w, https:\/\/www.eldiario.net\/portal\/wp-content\/uploads\/2023\/06\/david-4-768x572.jpeg 768w, https:\/\/www.eldiario.net\/portal\/wp-content\/uploads\/2023\/06\/david-4-485x360.jpeg 485w, https:\/\/www.eldiario.net\/portal\/wp-content\/uploads\/2023\/06\/david-4-696x518.jpeg 696w, https:\/\/www.eldiario.net\/portal\/wp-content\/uploads\/2023\/06\/david-4.jpeg 1024w\" sizes=\"auto, (max-width: 300px) 100vw, 300px\" \/><\/a>\n\t\t\t<\/div><\/figure><figure class='gallery-item'>\n\t\t\t<div class='gallery-icon landscape'>\n\t\t\t\t<a href='https:\/\/www.eldiario.net\/portal\/2023\/06\/30\/a-veces-un-beso-y-el-carino-de-los-hijos-te-desarman\/david-5\/'><img loading=\"lazy\" decoding=\"async\" width=\"300\" height=\"240\" src=\"https:\/\/www.eldiario.net\/portal\/wp-content\/uploads\/2023\/06\/david-5-300x240.jpeg\" class=\"attachment-medium size-medium\" alt=\"\" srcset=\"https:\/\/www.eldiario.net\/portal\/wp-content\/uploads\/2023\/06\/david-5-300x240.jpeg 300w, https:\/\/www.eldiario.net\/portal\/wp-content\/uploads\/2023\/06\/david-5-1024x820.jpeg 1024w, https:\/\/www.eldiario.net\/portal\/wp-content\/uploads\/2023\/06\/david-5-768x615.jpeg 768w, https:\/\/www.eldiario.net\/portal\/wp-content\/uploads\/2023\/06\/david-5-696x557.jpeg 696w, https:\/\/www.eldiario.net\/portal\/wp-content\/uploads\/2023\/06\/david-5-1068x855.jpeg 1068w, https:\/\/www.eldiario.net\/portal\/wp-content\/uploads\/2023\/06\/david-5.jpeg 1280w\" sizes=\"auto, (max-width: 300px) 100vw, 300px\" \/><\/a>\n\t\t\t<\/div><\/figure><figure class='gallery-item'>\n\t\t\t<div class='gallery-icon portrait'>\n\t\t\t\t<a href='https:\/\/www.eldiario.net\/portal\/2023\/06\/30\/a-veces-un-beso-y-el-carino-de-los-hijos-te-desarman\/david-6\/'><img loading=\"lazy\" decoding=\"async\" width=\"240\" height=\"300\" src=\"https:\/\/www.eldiario.net\/portal\/wp-content\/uploads\/2023\/06\/david-6-240x300.jpeg\" class=\"attachment-medium size-medium\" alt=\"\" srcset=\"https:\/\/www.eldiario.net\/portal\/wp-content\/uploads\/2023\/06\/david-6-240x300.jpeg 240w, https:\/\/www.eldiario.net\/portal\/wp-content\/uploads\/2023\/06\/david-6-820x1024.jpeg 820w, https:\/\/www.eldiario.net\/portal\/wp-content\/uploads\/2023\/06\/david-6-768x959.jpeg 768w, https:\/\/www.eldiario.net\/portal\/wp-content\/uploads\/2023\/06\/david-6-696x869.jpeg 696w, https:\/\/www.eldiario.net\/portal\/wp-content\/uploads\/2023\/06\/david-6.jpeg 1025w\" sizes=\"auto, (max-width: 240px) 100vw, 240px\" \/><\/a>\n\t\t\t<\/div><\/figure>\n\t\t<\/div>\n\n","protected":false},"excerpt":{"rendered":"<p>Nombre: Crisanto David Castro Olmos. Fecha y lugar de nacimiento: Nac\u00ed en la ciudad de La Paz un 25 de octubre. Estudios: Primaria en la Escuela Per\u00fa, secundaria en el colegio Bol\u00edvar, Hugo D\u00e1vila y Bancario. Despu\u00e9s universitarios en la UMSA (Administraci\u00f3n de empresas), pero debido a compromisos por hacerme cargo de la familia muy [&hellip;]<\/p>\n","protected":false},"author":1,"featured_media":162895,"comment_status":"closed","ping_status":"open","sticky":false,"template":"","format":"standard","meta":{"_acf_changed":false,"footnotes":""},"categories":[41],"tags":[],"class_list":["post-162893","post","type-post","status-publish","format-standard","has-post-thumbnail","category-la-guia"],"acf":{"antetitulo":""},"yoast_head":"<!-- This site is optimized with the Yoast SEO plugin v28.4 - https:\/\/yoast.com\/product\/yoast-seo-wordpress\/ -->\n<title>DAVID CASTRO \u201cA veces un beso y el cari\u00f1o de los hijos\u2026 te desarman\u201d - El Diario - Bolivia<\/title>\n<meta name=\"robots\" content=\"index, follow, max-snippet:-1, max-image-preview:large, max-video-preview:-1\" \/>\n<link rel=\"canonical\" href=\"https:\/\/www.eldiario.net\/portal\/2023\/06\/30\/a-veces-un-beso-y-el-carino-de-los-hijos-te-desarman\/\" \/>\n<meta property=\"og:locale\" content=\"es_ES\" \/>\n<meta property=\"og:type\" content=\"article\" \/>\n<meta property=\"og:title\" content=\"DAVID CASTRO \u201cA veces un beso y el cari\u00f1o de los hijos\u2026 te desarman\u201d - El Diario - Bolivia\" \/>\n<meta property=\"og:description\" content=\"Nombre: Crisanto David Castro Olmos. Fecha y lugar de nacimiento: Nac\u00ed en la ciudad de La Paz un 25 de octubre. Estudios: Primaria en la Escuela Per\u00fa, secundaria en el colegio Bol\u00edvar, Hugo D\u00e1vila y Bancario. Despu\u00e9s universitarios en la UMSA (Administraci\u00f3n de empresas), pero debido a compromisos por hacerme cargo de la familia muy [&hellip;]\" \/>\n<meta property=\"og:url\" content=\"https:\/\/www.eldiario.net\/portal\/2023\/06\/30\/a-veces-un-beso-y-el-carino-de-los-hijos-te-desarman\/\" \/>\n<meta property=\"og:site_name\" content=\"El Diario - Bolivia\" \/>\n<meta property=\"article:publisher\" content=\"https:\/\/www.facebook.com\/eldiario.bolivia\/\" \/>\n<meta property=\"article:published_time\" content=\"2023-06-30T10:49:32+00:00\" \/>\n<meta property=\"og:image\" content=\"https:\/\/www.eldiario.net\/portal\/wp-content\/uploads\/2023\/06\/david-1-PRINCIPAL.jpeg\" \/>\n\t<meta property=\"og:image:width\" content=\"1280\" \/>\n\t<meta property=\"og:image:height\" content=\"1024\" \/>\n\t<meta property=\"og:image:type\" content=\"image\/jpeg\" \/>\n<meta name=\"author\" content=\"Jeanette\" \/>\n<meta name=\"twitter:card\" content=\"summary_large_image\" \/>\n<meta name=\"twitter:creator\" content=\"@eldiario_net\" \/>\n<meta name=\"twitter:site\" content=\"@eldiario_net\" \/>\n<meta name=\"twitter:label1\" content=\"Escrito por\" \/>\n\t<meta name=\"twitter:data1\" content=\"Jeanette\" \/>\n\t<meta name=\"twitter:label2\" content=\"Tiempo de lectura\" \/>\n\t<meta name=\"twitter:data2\" content=\"6 minutos\" \/>\n<script type=\"application\/ld+json\" class=\"yoast-schema-graph\">{\"@context\":\"https:\\\/\\\/schema.org\",\"@graph\":[{\"@type\":\"Article\",\"@id\":\"https:\\\/\\\/www.eldiario.net\\\/portal\\\/2023\\\/06\\\/30\\\/a-veces-un-beso-y-el-carino-de-los-hijos-te-desarman\\\/#article\",\"isPartOf\":{\"@id\":\"https:\\\/\\\/www.eldiario.net\\\/portal\\\/2023\\\/06\\\/30\\\/a-veces-un-beso-y-el-carino-de-los-hijos-te-desarman\\\/\"},\"author\":{\"name\":\"Jeanette\",\"@id\":\"https:\\\/\\\/www.eldiario.net\\\/portal\\\/#\\\/schema\\\/person\\\/2c57cf2b7a7ae032e449e4c9b1019eac\"},\"headline\":\"DAVID CASTRO \u201cA veces un beso y el cari\u00f1o de los hijos\u2026 te desarman\u201d\",\"datePublished\":\"2023-06-30T10:49:32+00:00\",\"mainEntityOfPage\":{\"@id\":\"https:\\\/\\\/www.eldiario.net\\\/portal\\\/2023\\\/06\\\/30\\\/a-veces-un-beso-y-el-carino-de-los-hijos-te-desarman\\\/\"},\"wordCount\":1292,\"publisher\":{\"@id\":\"https:\\\/\\\/www.eldiario.net\\\/portal\\\/#organization\"},\"image\":{\"@id\":\"https:\\\/\\\/www.eldiario.net\\\/portal\\\/2023\\\/06\\\/30\\\/a-veces-un-beso-y-el-carino-de-los-hijos-te-desarman\\\/#primaryimage\"},\"thumbnailUrl\":\"https:\\\/\\\/www.eldiario.net\\\/portal\\\/wp-content\\\/uploads\\\/2023\\\/06\\\/david-1-PRINCIPAL.jpeg\",\"articleSection\":[\"La Gu\u00eda\"],\"inLanguage\":\"es\"},{\"@type\":\"WebPage\",\"@id\":\"https:\\\/\\\/www.eldiario.net\\\/portal\\\/2023\\\/06\\\/30\\\/a-veces-un-beso-y-el-carino-de-los-hijos-te-desarman\\\/\",\"url\":\"https:\\\/\\\/www.eldiario.net\\\/portal\\\/2023\\\/06\\\/30\\\/a-veces-un-beso-y-el-carino-de-los-hijos-te-desarman\\\/\",\"name\":\"DAVID CASTRO \u201cA veces un beso y el cari\u00f1o de los hijos\u2026 te desarman\u201d - El Diario - Bolivia\",\"isPartOf\":{\"@id\":\"https:\\\/\\\/www.eldiario.net\\\/portal\\\/#website\"},\"primaryImageOfPage\":{\"@id\":\"https:\\\/\\\/www.eldiario.net\\\/portal\\\/2023\\\/06\\\/30\\\/a-veces-un-beso-y-el-carino-de-los-hijos-te-desarman\\\/#primaryimage\"},\"image\":{\"@id\":\"https:\\\/\\\/www.eldiario.net\\\/portal\\\/2023\\\/06\\\/30\\\/a-veces-un-beso-y-el-carino-de-los-hijos-te-desarman\\\/#primaryimage\"},\"thumbnailUrl\":\"https:\\\/\\\/www.eldiario.net\\\/portal\\\/wp-content\\\/uploads\\\/2023\\\/06\\\/david-1-PRINCIPAL.jpeg\",\"datePublished\":\"2023-06-30T10:49:32+00:00\",\"breadcrumb\":{\"@id\":\"https:\\\/\\\/www.eldiario.net\\\/portal\\\/2023\\\/06\\\/30\\\/a-veces-un-beso-y-el-carino-de-los-hijos-te-desarman\\\/#breadcrumb\"},\"inLanguage\":\"es\",\"potentialAction\":[{\"@type\":\"ReadAction\",\"target\":[\"https:\\\/\\\/www.eldiario.net\\\/portal\\\/2023\\\/06\\\/30\\\/a-veces-un-beso-y-el-carino-de-los-hijos-te-desarman\\\/\"]}]},{\"@type\":\"ImageObject\",\"inLanguage\":\"es\",\"@id\":\"https:\\\/\\\/www.eldiario.net\\\/portal\\\/2023\\\/06\\\/30\\\/a-veces-un-beso-y-el-carino-de-los-hijos-te-desarman\\\/#primaryimage\",\"url\":\"https:\\\/\\\/www.eldiario.net\\\/portal\\\/wp-content\\\/uploads\\\/2023\\\/06\\\/david-1-PRINCIPAL.jpeg\",\"contentUrl\":\"https:\\\/\\\/www.eldiario.net\\\/portal\\\/wp-content\\\/uploads\\\/2023\\\/06\\\/david-1-PRINCIPAL.jpeg\",\"width\":1280,\"height\":1024},{\"@type\":\"BreadcrumbList\",\"@id\":\"https:\\\/\\\/www.eldiario.net\\\/portal\\\/2023\\\/06\\\/30\\\/a-veces-un-beso-y-el-carino-de-los-hijos-te-desarman\\\/#breadcrumb\",\"itemListElement\":[{\"@type\":\"ListItem\",\"position\":1,\"name\":\"Portada\",\"item\":\"https:\\\/\\\/www.eldiario.net\\\/portal\\\/\"},{\"@type\":\"ListItem\",\"position\":2,\"name\":\"DAVID CASTRO \u201cA veces un beso y el cari\u00f1o de los hijos\u2026 te desarman\u201d\"}]},{\"@type\":\"WebSite\",\"@id\":\"https:\\\/\\\/www.eldiario.net\\\/portal\\\/#website\",\"url\":\"https:\\\/\\\/www.eldiario.net\\\/portal\\\/\",\"name\":\"El Diario - Decano de la prensa nacional\",\"description\":\"El Diario - Decano de la prensa nacional\",\"publisher\":{\"@id\":\"https:\\\/\\\/www.eldiario.net\\\/portal\\\/#organization\"},\"potentialAction\":[{\"@type\":\"SearchAction\",\"target\":{\"@type\":\"EntryPoint\",\"urlTemplate\":\"https:\\\/\\\/www.eldiario.net\\\/portal\\\/?s={search_term_string}\"},\"query-input\":{\"@type\":\"PropertyValueSpecification\",\"valueRequired\":true,\"valueName\":\"search_term_string\"}}],\"inLanguage\":\"es\"},{\"@type\":\"Organization\",\"@id\":\"https:\\\/\\\/www.eldiario.net\\\/portal\\\/#organization\",\"name\":\"El Diario - Decano de la prensa nacional\",\"url\":\"https:\\\/\\\/www.eldiario.net\\\/portal\\\/\",\"logo\":{\"@type\":\"ImageObject\",\"inLanguage\":\"es\",\"@id\":\"https:\\\/\\\/www.eldiario.net\\\/portal\\\/#\\\/schema\\\/logo\\\/image\\\/\",\"url\":\"https:\\\/\\\/www.eldiario.net\\\/portal\\\/wp-content\\\/uploads\\\/2023\\\/07\\\/logo_ED.jpg\",\"contentUrl\":\"https:\\\/\\\/www.eldiario.net\\\/portal\\\/wp-content\\\/uploads\\\/2023\\\/07\\\/logo_ED.jpg\",\"width\":272,\"height\":52,\"caption\":\"El Diario - Decano de la prensa nacional\"},\"image\":{\"@id\":\"https:\\\/\\\/www.eldiario.net\\\/portal\\\/#\\\/schema\\\/logo\\\/image\\\/\"},\"sameAs\":[\"https:\\\/\\\/www.facebook.com\\\/eldiario.bolivia\\\/\",\"https:\\\/\\\/x.com\\\/eldiario_net\"]},{\"@type\":\"Person\",\"@id\":\"https:\\\/\\\/www.eldiario.net\\\/portal\\\/#\\\/schema\\\/person\\\/2c57cf2b7a7ae032e449e4c9b1019eac\",\"name\":\"Jeanette\",\"image\":{\"@type\":\"ImageObject\",\"inLanguage\":\"es\",\"@id\":\"https:\\\/\\\/secure.gravatar.com\\\/avatar\\\/3ea2118a5f7dad2b7138b1187a6b7ee55f160b9968b66013c3a3ef39dd7e5798?s=96&d=mm&r=g\",\"url\":\"https:\\\/\\\/secure.gravatar.com\\\/avatar\\\/3ea2118a5f7dad2b7138b1187a6b7ee55f160b9968b66013c3a3ef39dd7e5798?s=96&d=mm&r=g\",\"contentUrl\":\"https:\\\/\\\/secure.gravatar.com\\\/avatar\\\/3ea2118a5f7dad2b7138b1187a6b7ee55f160b9968b66013c3a3ef39dd7e5798?s=96&d=mm&r=g\",\"caption\":\"Jeanette\"},\"sameAs\":[\"https:\\\/\\\/www.eldiario.net\\\/portal\"],\"url\":\"https:\\\/\\\/www.eldiario.net\\\/portal\\\/author\\\/jeanette\\\/\"}]}<\/script>\n<!-- \/ Yoast SEO plugin. -->","yoast_head_json":{"title":"DAVID CASTRO \u201cA veces un beso y el cari\u00f1o de los hijos\u2026 te desarman\u201d - El Diario - Bolivia","robots":{"index":"index","follow":"follow","max-snippet":"max-snippet:-1","max-image-preview":"max-image-preview:large","max-video-preview":"max-video-preview:-1"},"canonical":"https:\/\/www.eldiario.net\/portal\/2023\/06\/30\/a-veces-un-beso-y-el-carino-de-los-hijos-te-desarman\/","og_locale":"es_ES","og_type":"article","og_title":"DAVID CASTRO \u201cA veces un beso y el cari\u00f1o de los hijos\u2026 te desarman\u201d - El Diario - Bolivia","og_description":"Nombre: Crisanto David Castro Olmos. Fecha y lugar de nacimiento: Nac\u00ed en la ciudad de La Paz un 25 de octubre. Estudios: Primaria en la Escuela Per\u00fa, secundaria en el colegio Bol\u00edvar, Hugo D\u00e1vila y Bancario. Despu\u00e9s universitarios en la UMSA (Administraci\u00f3n de empresas), pero debido a compromisos por hacerme cargo de la familia muy [&hellip;]","og_url":"https:\/\/www.eldiario.net\/portal\/2023\/06\/30\/a-veces-un-beso-y-el-carino-de-los-hijos-te-desarman\/","og_site_name":"El Diario - Bolivia","article_publisher":"https:\/\/www.facebook.com\/eldiario.bolivia\/","article_published_time":"2023-06-30T10:49:32+00:00","og_image":[{"width":1280,"height":1024,"url":"https:\/\/www.eldiario.net\/portal\/wp-content\/uploads\/2023\/06\/david-1-PRINCIPAL.jpeg","type":"image\/jpeg"}],"author":"Jeanette","twitter_card":"summary_large_image","twitter_creator":"@eldiario_net","twitter_site":"@eldiario_net","twitter_misc":{"Escrito por":"Jeanette","Tiempo de lectura":"6 minutos"},"schema":{"@context":"https:\/\/schema.org","@graph":[{"@type":"Article","@id":"https:\/\/www.eldiario.net\/portal\/2023\/06\/30\/a-veces-un-beso-y-el-carino-de-los-hijos-te-desarman\/#article","isPartOf":{"@id":"https:\/\/www.eldiario.net\/portal\/2023\/06\/30\/a-veces-un-beso-y-el-carino-de-los-hijos-te-desarman\/"},"author":{"name":"Jeanette","@id":"https:\/\/www.eldiario.net\/portal\/#\/schema\/person\/2c57cf2b7a7ae032e449e4c9b1019eac"},"headline":"DAVID CASTRO \u201cA veces un beso y el cari\u00f1o de los hijos\u2026 te desarman\u201d","datePublished":"2023-06-30T10:49:32+00:00","mainEntityOfPage":{"@id":"https:\/\/www.eldiario.net\/portal\/2023\/06\/30\/a-veces-un-beso-y-el-carino-de-los-hijos-te-desarman\/"},"wordCount":1292,"publisher":{"@id":"https:\/\/www.eldiario.net\/portal\/#organization"},"image":{"@id":"https:\/\/www.eldiario.net\/portal\/2023\/06\/30\/a-veces-un-beso-y-el-carino-de-los-hijos-te-desarman\/#primaryimage"},"thumbnailUrl":"https:\/\/www.eldiario.net\/portal\/wp-content\/uploads\/2023\/06\/david-1-PRINCIPAL.jpeg","articleSection":["La Gu\u00eda"],"inLanguage":"es"},{"@type":"WebPage","@id":"https:\/\/www.eldiario.net\/portal\/2023\/06\/30\/a-veces-un-beso-y-el-carino-de-los-hijos-te-desarman\/","url":"https:\/\/www.eldiario.net\/portal\/2023\/06\/30\/a-veces-un-beso-y-el-carino-de-los-hijos-te-desarman\/","name":"DAVID CASTRO \u201cA veces un beso y el cari\u00f1o de los hijos\u2026 te desarman\u201d - El Diario - Bolivia","isPartOf":{"@id":"https:\/\/www.eldiario.net\/portal\/#website"},"primaryImageOfPage":{"@id":"https:\/\/www.eldiario.net\/portal\/2023\/06\/30\/a-veces-un-beso-y-el-carino-de-los-hijos-te-desarman\/#primaryimage"},"image":{"@id":"https:\/\/www.eldiario.net\/portal\/2023\/06\/30\/a-veces-un-beso-y-el-carino-de-los-hijos-te-desarman\/#primaryimage"},"thumbnailUrl":"https:\/\/www.eldiario.net\/portal\/wp-content\/uploads\/2023\/06\/david-1-PRINCIPAL.jpeg","datePublished":"2023-06-30T10:49:32+00:00","breadcrumb":{"@id":"https:\/\/www.eldiario.net\/portal\/2023\/06\/30\/a-veces-un-beso-y-el-carino-de-los-hijos-te-desarman\/#breadcrumb"},"inLanguage":"es","potentialAction":[{"@type":"ReadAction","target":["https:\/\/www.eldiario.net\/portal\/2023\/06\/30\/a-veces-un-beso-y-el-carino-de-los-hijos-te-desarman\/"]}]},{"@type":"ImageObject","inLanguage":"es","@id":"https:\/\/www.eldiario.net\/portal\/2023\/06\/30\/a-veces-un-beso-y-el-carino-de-los-hijos-te-desarman\/#primaryimage","url":"https:\/\/www.eldiario.net\/portal\/wp-content\/uploads\/2023\/06\/david-1-PRINCIPAL.jpeg","contentUrl":"https:\/\/www.eldiario.net\/portal\/wp-content\/uploads\/2023\/06\/david-1-PRINCIPAL.jpeg","width":1280,"height":1024},{"@type":"BreadcrumbList","@id":"https:\/\/www.eldiario.net\/portal\/2023\/06\/30\/a-veces-un-beso-y-el-carino-de-los-hijos-te-desarman\/#breadcrumb","itemListElement":[{"@type":"ListItem","position":1,"name":"Portada","item":"https:\/\/www.eldiario.net\/portal\/"},{"@type":"ListItem","position":2,"name":"DAVID CASTRO \u201cA veces un beso y el cari\u00f1o de los hijos\u2026 te desarman\u201d"}]},{"@type":"WebSite","@id":"https:\/\/www.eldiario.net\/portal\/#website","url":"https:\/\/www.eldiario.net\/portal\/","name":"El Diario - Decano de la prensa nacional","description":"El Diario - Decano de la prensa nacional","publisher":{"@id":"https:\/\/www.eldiario.net\/portal\/#organization"},"potentialAction":[{"@type":"SearchAction","target":{"@type":"EntryPoint","urlTemplate":"https:\/\/www.eldiario.net\/portal\/?s={search_term_string}"},"query-input":{"@type":"PropertyValueSpecification","valueRequired":true,"valueName":"search_term_string"}}],"inLanguage":"es"},{"@type":"Organization","@id":"https:\/\/www.eldiario.net\/portal\/#organization","name":"El Diario - Decano de la prensa nacional","url":"https:\/\/www.eldiario.net\/portal\/","logo":{"@type":"ImageObject","inLanguage":"es","@id":"https:\/\/www.eldiario.net\/portal\/#\/schema\/logo\/image\/","url":"https:\/\/www.eldiario.net\/portal\/wp-content\/uploads\/2023\/07\/logo_ED.jpg","contentUrl":"https:\/\/www.eldiario.net\/portal\/wp-content\/uploads\/2023\/07\/logo_ED.jpg","width":272,"height":52,"caption":"El Diario - Decano de la prensa nacional"},"image":{"@id":"https:\/\/www.eldiario.net\/portal\/#\/schema\/logo\/image\/"},"sameAs":["https:\/\/www.facebook.com\/eldiario.bolivia\/","https:\/\/x.com\/eldiario_net"]},{"@type":"Person","@id":"https:\/\/www.eldiario.net\/portal\/#\/schema\/person\/2c57cf2b7a7ae032e449e4c9b1019eac","name":"Jeanette","image":{"@type":"ImageObject","inLanguage":"es","@id":"https:\/\/secure.gravatar.com\/avatar\/3ea2118a5f7dad2b7138b1187a6b7ee55f160b9968b66013c3a3ef39dd7e5798?s=96&d=mm&r=g","url":"https:\/\/secure.gravatar.com\/avatar\/3ea2118a5f7dad2b7138b1187a6b7ee55f160b9968b66013c3a3ef39dd7e5798?s=96&d=mm&r=g","contentUrl":"https:\/\/secure.gravatar.com\/avatar\/3ea2118a5f7dad2b7138b1187a6b7ee55f160b9968b66013c3a3ef39dd7e5798?s=96&d=mm&r=g","caption":"Jeanette"},"sameAs":["https:\/\/www.eldiario.net\/portal"],"url":"https:\/\/www.eldiario.net\/portal\/author\/jeanette\/"}]}},"_links":{"self":[{"href":"https:\/\/www.eldiario.net\/portal\/wp-json\/wp\/v2\/posts\/162893","targetHints":{"allow":["GET"]}}],"collection":[{"href":"https:\/\/www.eldiario.net\/portal\/wp-json\/wp\/v2\/posts"}],"about":[{"href":"https:\/\/www.eldiario.net\/portal\/wp-json\/wp\/v2\/types\/post"}],"author":[{"embeddable":true,"href":"https:\/\/www.eldiario.net\/portal\/wp-json\/wp\/v2\/users\/1"}],"replies":[{"embeddable":true,"href":"https:\/\/www.eldiario.net\/portal\/wp-json\/wp\/v2\/comments?post=162893"}],"version-history":[{"count":0,"href":"https:\/\/www.eldiario.net\/portal\/wp-json\/wp\/v2\/posts\/162893\/revisions"}],"wp:featuredmedia":[{"embeddable":true,"href":"https:\/\/www.eldiario.net\/portal\/wp-json\/wp\/v2\/media\/162895"}],"wp:attachment":[{"href":"https:\/\/www.eldiario.net\/portal\/wp-json\/wp\/v2\/media?parent=162893"}],"wp:term":[{"taxonomy":"category","embeddable":true,"href":"https:\/\/www.eldiario.net\/portal\/wp-json\/wp\/v2\/categories?post=162893"},{"taxonomy":"post_tag","embeddable":true,"href":"https:\/\/www.eldiario.net\/portal\/wp-json\/wp\/v2\/tags?post=162893"}],"curies":[{"name":"wp","href":"https:\/\/api.w.org\/{rel}","templated":true}]}}