{"id":162588,"date":"2023-06-29T06:40:45","date_gmt":"2023-06-29T10:40:45","guid":{"rendered":"https:\/\/www.eldiario.net\/portal\/?p=162588"},"modified":"2023-06-29T06:40:45","modified_gmt":"2023-06-29T10:40:45","slug":"allanan-oficinas-de-boa-en-el-aeropuerto-jorge-wilstermann","status":"publish","type":"post","link":"https:\/\/www.eldiario.net\/portal\/2023\/06\/29\/allanan-oficinas-de-boa-en-el-aeropuerto-jorge-wilstermann\/","title":{"rendered":"Allanan oficinas de BoA en el  aeropuerto Jorge Wilstermann"},"content":{"rendered":"<p>La Fuerza Especial de Lucha contra el Narcotr\u00e1fico (Felcn) y dos fiscales allanaron ayer las oficinas de la empresa Boliviana de Aviaci\u00f3n (BoA), en el aeropuerto Jorge Wilstermann de Cochabamba como parte de las investigaciones en el caso \u201cnarcovuelo\u201d.<\/p>\n<p>De acuerdo a medios locales, los uniformados y fiscales llegaron a las 10:00, aproximadamente e iniciaron con su trabajo y tambi\u00e9n ingresaron a las oficinas de la Felcn, a la direcci\u00f3n de Navegaci\u00f3n A\u00e9rea y Aeropuertos Bolivianos (Naabol) y otras instancias. Hasta el momento no se conoce un informe oficial por parte de las autoridades.<\/p>\n<p>Este operativo es el segundo allanamiento con estas caracter\u00edsticas, tras el envi\u00f3 de droga a Barajas, Espa\u00f1a desde territorio nacional.\u00a0 El 5 de junio la Fiscal\u00eda y efectivos de la Felcn tambi\u00e9n intervinieron el aeropuerto de Viru Viru en Santa Cruz. En esa oportunidad incautaron documentos y otros elementos.<\/p>\n<p>El pasado 31 de mayo, se conoci\u00f3 que la Administraci\u00f3n de Aduanas de Espa\u00f1a incaut\u00f3 de 478 kilos de coca\u00edna el 11 de febrero, en un vuelo procedente desde el aeropuerto de Viru Viru de Santa Cruz.<\/p>\n<p>En este proceso existen nueve personas con detenci\u00f3n preventiva, la funcionaria de Seguridad de BoA Gabriela O.; el encargado de canes de la Felcn en el aeropuerto de Viru Viru, Carmelo C. C. G.; el oficial de seguridad civil Juan Carlos V. R.; y los funcionarios de BoA Jorge W. D., Diego V. U., Freddy Ch. G. y Lenny R. L. Adem\u00e1s, de dos personas de la oficina de courier \u2018Jos\u00e9 Mar\u00eda\u2019, Ronald Marcelo C. y Maribel R. A, de donde presuntamente se envi\u00f3 el cargamento.<\/p>\n<p>El 5 de junio, la autoridad jurisdiccional determin\u00f3 declarar la reserva del caso por 10 d\u00edas, mismo que se cumpli\u00f3 la semana pasada. El viernes, durante la audiencia cautelar de la \u00faltima aprehendida, se determin\u00f3 ampliar la reserva por 10 d\u00edas m\u00e1s. (Cochabamba, ANF)<\/p>\n","protected":false},"excerpt":{"rendered":"<p>La Fuerza Especial de Lucha contra el Narcotr\u00e1fico (Felcn) y dos fiscales allanaron ayer las oficinas de la empresa Boliviana de Aviaci\u00f3n (BoA), en el aeropuerto Jorge Wilstermann de Cochabamba como parte de las investigaciones en el caso \u201cnarcovuelo\u201d. De acuerdo a medios locales, los uniformados y fiscales llegaron a las 10:00, aproximadamente e iniciaron [&hellip;]<\/p>\n","protected":false},"author":1,"featured_media":162589,"comment_status":"closed","ping_status":"open","sticky":false,"template":"","format":"standard","meta":{"_acf_changed":false,"footnotes":""},"categories":[12],"tags":[],"class_list":["post-162588","post","type-post","status-publish","format-standard","has-post-thumbnail","category-nacional"],"acf":{"antetitulo":""},"yoast_head":"<!-- This site is optimized with the Yoast SEO plugin v28.3 - https:\/\/yoast.com\/product\/yoast-seo-wordpress\/ -->\n<title>Allanan oficinas de BoA en el aeropuerto Jorge Wilstermann - El Diario - Bolivia<\/title>\n<meta name=\"robots\" content=\"index, follow, max-snippet:-1, max-image-preview:large, max-video-preview:-1\" \/>\n<link rel=\"canonical\" href=\"https:\/\/www.eldiario.net\/portal\/2023\/06\/29\/allanan-oficinas-de-boa-en-el-aeropuerto-jorge-wilstermann\/\" \/>\n<meta property=\"og:locale\" content=\"es_ES\" \/>\n<meta property=\"og:type\" content=\"article\" \/>\n<meta property=\"og:title\" content=\"Allanan oficinas de BoA en el aeropuerto Jorge Wilstermann - El Diario - Bolivia\" \/>\n<meta property=\"og:description\" content=\"La Fuerza Especial de Lucha contra el Narcotr\u00e1fico (Felcn) y dos fiscales allanaron ayer las oficinas de la empresa Boliviana de Aviaci\u00f3n (BoA), en el aeropuerto Jorge Wilstermann de Cochabamba como parte de las investigaciones en el caso \u201cnarcovuelo\u201d. De acuerdo a medios locales, los uniformados y fiscales llegaron a las 10:00, aproximadamente e iniciaron [&hellip;]\" \/>\n<meta property=\"og:url\" content=\"https:\/\/www.eldiario.net\/portal\/2023\/06\/29\/allanan-oficinas-de-boa-en-el-aeropuerto-jorge-wilstermann\/\" \/>\n<meta property=\"og:site_name\" content=\"El Diario - Bolivia\" \/>\n<meta property=\"article:publisher\" content=\"https:\/\/www.facebook.com\/eldiario.bolivia\/\" \/>\n<meta property=\"article:published_time\" content=\"2023-06-29T10:40:45+00:00\" \/>\n<meta property=\"og:image\" content=\"https:\/\/www.eldiario.net\/portal\/wp-content\/uploads\/2023\/06\/NARCO-FOTO.jpg\" \/>\n\t<meta property=\"og:image:width\" content=\"600\" \/>\n\t<meta property=\"og:image:height\" content=\"338\" \/>\n\t<meta property=\"og:image:type\" content=\"image\/jpeg\" \/>\n<meta name=\"author\" content=\"Jeanette\" \/>\n<meta name=\"twitter:card\" content=\"summary_large_image\" \/>\n<meta name=\"twitter:creator\" content=\"@eldiario_net\" \/>\n<meta name=\"twitter:site\" content=\"@eldiario_net\" \/>\n<meta name=\"twitter:label1\" content=\"Escrito por\" \/>\n\t<meta name=\"twitter:data1\" content=\"Jeanette\" \/>\n\t<meta name=\"twitter:label2\" content=\"Tiempo de lectura\" \/>\n\t<meta name=\"twitter:data2\" content=\"2 minutos\" \/>\n<script type=\"application\/ld+json\" class=\"yoast-schema-graph\">{\"@context\":\"https:\\\/\\\/schema.org\",\"@graph\":[{\"@type\":\"Article\",\"@id\":\"https:\\\/\\\/www.eldiario.net\\\/portal\\\/2023\\\/06\\\/29\\\/allanan-oficinas-de-boa-en-el-aeropuerto-jorge-wilstermann\\\/#article\",\"isPartOf\":{\"@id\":\"https:\\\/\\\/www.eldiario.net\\\/portal\\\/2023\\\/06\\\/29\\\/allanan-oficinas-de-boa-en-el-aeropuerto-jorge-wilstermann\\\/\"},\"author\":{\"name\":\"Jeanette\",\"@id\":\"https:\\\/\\\/www.eldiario.net\\\/portal\\\/#\\\/schema\\\/person\\\/f46445640444750d7d753ccd04ae01b7\"},\"headline\":\"Allanan oficinas de BoA en el aeropuerto Jorge Wilstermann\",\"datePublished\":\"2023-06-29T10:40:45+00:00\",\"mainEntityOfPage\":{\"@id\":\"https:\\\/\\\/www.eldiario.net\\\/portal\\\/2023\\\/06\\\/29\\\/allanan-oficinas-de-boa-en-el-aeropuerto-jorge-wilstermann\\\/\"},\"wordCount\":330,\"publisher\":{\"@id\":\"https:\\\/\\\/www.eldiario.net\\\/portal\\\/#organization\"},\"image\":{\"@id\":\"https:\\\/\\\/www.eldiario.net\\\/portal\\\/2023\\\/06\\\/29\\\/allanan-oficinas-de-boa-en-el-aeropuerto-jorge-wilstermann\\\/#primaryimage\"},\"thumbnailUrl\":\"https:\\\/\\\/www.eldiario.net\\\/portal\\\/wp-content\\\/uploads\\\/2023\\\/06\\\/NARCO-FOTO.jpg\",\"articleSection\":[\"Nacional\"],\"inLanguage\":\"es\"},{\"@type\":\"WebPage\",\"@id\":\"https:\\\/\\\/www.eldiario.net\\\/portal\\\/2023\\\/06\\\/29\\\/allanan-oficinas-de-boa-en-el-aeropuerto-jorge-wilstermann\\\/\",\"url\":\"https:\\\/\\\/www.eldiario.net\\\/portal\\\/2023\\\/06\\\/29\\\/allanan-oficinas-de-boa-en-el-aeropuerto-jorge-wilstermann\\\/\",\"name\":\"Allanan oficinas de BoA en el aeropuerto Jorge Wilstermann - El Diario - Bolivia\",\"isPartOf\":{\"@id\":\"https:\\\/\\\/www.eldiario.net\\\/portal\\\/#website\"},\"primaryImageOfPage\":{\"@id\":\"https:\\\/\\\/www.eldiario.net\\\/portal\\\/2023\\\/06\\\/29\\\/allanan-oficinas-de-boa-en-el-aeropuerto-jorge-wilstermann\\\/#primaryimage\"},\"image\":{\"@id\":\"https:\\\/\\\/www.eldiario.net\\\/portal\\\/2023\\\/06\\\/29\\\/allanan-oficinas-de-boa-en-el-aeropuerto-jorge-wilstermann\\\/#primaryimage\"},\"thumbnailUrl\":\"https:\\\/\\\/www.eldiario.net\\\/portal\\\/wp-content\\\/uploads\\\/2023\\\/06\\\/NARCO-FOTO.jpg\",\"datePublished\":\"2023-06-29T10:40:45+00:00\",\"breadcrumb\":{\"@id\":\"https:\\\/\\\/www.eldiario.net\\\/portal\\\/2023\\\/06\\\/29\\\/allanan-oficinas-de-boa-en-el-aeropuerto-jorge-wilstermann\\\/#breadcrumb\"},\"inLanguage\":\"es\",\"potentialAction\":[{\"@type\":\"ReadAction\",\"target\":[\"https:\\\/\\\/www.eldiario.net\\\/portal\\\/2023\\\/06\\\/29\\\/allanan-oficinas-de-boa-en-el-aeropuerto-jorge-wilstermann\\\/\"]}]},{\"@type\":\"ImageObject\",\"inLanguage\":\"es\",\"@id\":\"https:\\\/\\\/www.eldiario.net\\\/portal\\\/2023\\\/06\\\/29\\\/allanan-oficinas-de-boa-en-el-aeropuerto-jorge-wilstermann\\\/#primaryimage\",\"url\":\"https:\\\/\\\/www.eldiario.net\\\/portal\\\/wp-content\\\/uploads\\\/2023\\\/06\\\/NARCO-FOTO.jpg\",\"contentUrl\":\"https:\\\/\\\/www.eldiario.net\\\/portal\\\/wp-content\\\/uploads\\\/2023\\\/06\\\/NARCO-FOTO.jpg\",\"width\":600,\"height\":338,\"caption\":\"La Felcn y la fiscal\u00eda allan\u00f3 las oficinas de Naabol en aeropuerto Jorge Wilstermann. FOTO: OPINI\u00d3N\"},{\"@type\":\"BreadcrumbList\",\"@id\":\"https:\\\/\\\/www.eldiario.net\\\/portal\\\/2023\\\/06\\\/29\\\/allanan-oficinas-de-boa-en-el-aeropuerto-jorge-wilstermann\\\/#breadcrumb\",\"itemListElement\":[{\"@type\":\"ListItem\",\"position\":1,\"name\":\"Portada\",\"item\":\"https:\\\/\\\/www.eldiario.net\\\/portal\\\/\"},{\"@type\":\"ListItem\",\"position\":2,\"name\":\"Allanan oficinas de BoA en el aeropuerto Jorge Wilstermann\"}]},{\"@type\":\"WebSite\",\"@id\":\"https:\\\/\\\/www.eldiario.net\\\/portal\\\/#website\",\"url\":\"https:\\\/\\\/www.eldiario.net\\\/portal\\\/\",\"name\":\"El Diario - Decano de la prensa nacional\",\"description\":\"El Diario - Decano de la prensa nacional\",\"publisher\":{\"@id\":\"https:\\\/\\\/www.eldiario.net\\\/portal\\\/#organization\"},\"potentialAction\":[{\"@type\":\"SearchAction\",\"target\":{\"@type\":\"EntryPoint\",\"urlTemplate\":\"https:\\\/\\\/www.eldiario.net\\\/portal\\\/?s={search_term_string}\"},\"query-input\":{\"@type\":\"PropertyValueSpecification\",\"valueRequired\":true,\"valueName\":\"search_term_string\"}}],\"inLanguage\":\"es\"},{\"@type\":\"Organization\",\"@id\":\"https:\\\/\\\/www.eldiario.net\\\/portal\\\/#organization\",\"name\":\"El Diario - Decano de la prensa nacional\",\"url\":\"https:\\\/\\\/www.eldiario.net\\\/portal\\\/\",\"logo\":{\"@type\":\"ImageObject\",\"inLanguage\":\"es\",\"@id\":\"https:\\\/\\\/www.eldiario.net\\\/portal\\\/#\\\/schema\\\/logo\\\/image\\\/\",\"url\":\"https:\\\/\\\/www.eldiario.net\\\/portal\\\/wp-content\\\/uploads\\\/2023\\\/07\\\/logo_ED.jpg\",\"contentUrl\":\"https:\\\/\\\/www.eldiario.net\\\/portal\\\/wp-content\\\/uploads\\\/2023\\\/07\\\/logo_ED.jpg\",\"width\":272,\"height\":52,\"caption\":\"El Diario - Decano de la prensa nacional\"},\"image\":{\"@id\":\"https:\\\/\\\/www.eldiario.net\\\/portal\\\/#\\\/schema\\\/logo\\\/image\\\/\"},\"sameAs\":[\"https:\\\/\\\/www.facebook.com\\\/eldiario.bolivia\\\/\",\"https:\\\/\\\/x.com\\\/eldiario_net\"]},{\"@type\":\"Person\",\"@id\":\"https:\\\/\\\/www.eldiario.net\\\/portal\\\/#\\\/schema\\\/person\\\/f46445640444750d7d753ccd04ae01b7\",\"name\":\"Jeanette\",\"image\":{\"@type\":\"ImageObject\",\"inLanguage\":\"es\",\"@id\":\"https:\\\/\\\/secure.gravatar.com\\\/avatar\\\/3ea2118a5f7dad2b7138b1187a6b7ee55f160b9968b66013c3a3ef39dd7e5798?s=96&d=mm&r=g\",\"url\":\"https:\\\/\\\/secure.gravatar.com\\\/avatar\\\/3ea2118a5f7dad2b7138b1187a6b7ee55f160b9968b66013c3a3ef39dd7e5798?s=96&d=mm&r=g\",\"contentUrl\":\"https:\\\/\\\/secure.gravatar.com\\\/avatar\\\/3ea2118a5f7dad2b7138b1187a6b7ee55f160b9968b66013c3a3ef39dd7e5798?s=96&d=mm&r=g\",\"caption\":\"Jeanette\"},\"sameAs\":[\"https:\\\/\\\/www.eldiario.net\\\/portal\"],\"url\":\"https:\\\/\\\/www.eldiario.net\\\/portal\\\/author\\\/jeanette\\\/\"}]}<\/script>\n<!-- \/ Yoast SEO plugin. -->","yoast_head_json":{"title":"Allanan oficinas de BoA en el aeropuerto Jorge Wilstermann - El Diario - Bolivia","robots":{"index":"index","follow":"follow","max-snippet":"max-snippet:-1","max-image-preview":"max-image-preview:large","max-video-preview":"max-video-preview:-1"},"canonical":"https:\/\/www.eldiario.net\/portal\/2023\/06\/29\/allanan-oficinas-de-boa-en-el-aeropuerto-jorge-wilstermann\/","og_locale":"es_ES","og_type":"article","og_title":"Allanan oficinas de BoA en el aeropuerto Jorge Wilstermann - El Diario - Bolivia","og_description":"La Fuerza Especial de Lucha contra el Narcotr\u00e1fico (Felcn) y dos fiscales allanaron ayer las oficinas de la empresa Boliviana de Aviaci\u00f3n (BoA), en el aeropuerto Jorge Wilstermann de Cochabamba como parte de las investigaciones en el caso \u201cnarcovuelo\u201d. De acuerdo a medios locales, los uniformados y fiscales llegaron a las 10:00, aproximadamente e iniciaron [&hellip;]","og_url":"https:\/\/www.eldiario.net\/portal\/2023\/06\/29\/allanan-oficinas-de-boa-en-el-aeropuerto-jorge-wilstermann\/","og_site_name":"El Diario - Bolivia","article_publisher":"https:\/\/www.facebook.com\/eldiario.bolivia\/","article_published_time":"2023-06-29T10:40:45+00:00","og_image":[{"width":600,"height":338,"url":"https:\/\/www.eldiario.net\/portal\/wp-content\/uploads\/2023\/06\/NARCO-FOTO.jpg","type":"image\/jpeg"}],"author":"Jeanette","twitter_card":"summary_large_image","twitter_creator":"@eldiario_net","twitter_site":"@eldiario_net","twitter_misc":{"Escrito por":"Jeanette","Tiempo de lectura":"2 minutos"},"schema":{"@context":"https:\/\/schema.org","@graph":[{"@type":"Article","@id":"https:\/\/www.eldiario.net\/portal\/2023\/06\/29\/allanan-oficinas-de-boa-en-el-aeropuerto-jorge-wilstermann\/#article","isPartOf":{"@id":"https:\/\/www.eldiario.net\/portal\/2023\/06\/29\/allanan-oficinas-de-boa-en-el-aeropuerto-jorge-wilstermann\/"},"author":{"name":"Jeanette","@id":"https:\/\/www.eldiario.net\/portal\/#\/schema\/person\/f46445640444750d7d753ccd04ae01b7"},"headline":"Allanan oficinas de BoA en el aeropuerto Jorge Wilstermann","datePublished":"2023-06-29T10:40:45+00:00","mainEntityOfPage":{"@id":"https:\/\/www.eldiario.net\/portal\/2023\/06\/29\/allanan-oficinas-de-boa-en-el-aeropuerto-jorge-wilstermann\/"},"wordCount":330,"publisher":{"@id":"https:\/\/www.eldiario.net\/portal\/#organization"},"image":{"@id":"https:\/\/www.eldiario.net\/portal\/2023\/06\/29\/allanan-oficinas-de-boa-en-el-aeropuerto-jorge-wilstermann\/#primaryimage"},"thumbnailUrl":"https:\/\/www.eldiario.net\/portal\/wp-content\/uploads\/2023\/06\/NARCO-FOTO.jpg","articleSection":["Nacional"],"inLanguage":"es"},{"@type":"WebPage","@id":"https:\/\/www.eldiario.net\/portal\/2023\/06\/29\/allanan-oficinas-de-boa-en-el-aeropuerto-jorge-wilstermann\/","url":"https:\/\/www.eldiario.net\/portal\/2023\/06\/29\/allanan-oficinas-de-boa-en-el-aeropuerto-jorge-wilstermann\/","name":"Allanan oficinas de BoA en el aeropuerto Jorge Wilstermann - El Diario - Bolivia","isPartOf":{"@id":"https:\/\/www.eldiario.net\/portal\/#website"},"primaryImageOfPage":{"@id":"https:\/\/www.eldiario.net\/portal\/2023\/06\/29\/allanan-oficinas-de-boa-en-el-aeropuerto-jorge-wilstermann\/#primaryimage"},"image":{"@id":"https:\/\/www.eldiario.net\/portal\/2023\/06\/29\/allanan-oficinas-de-boa-en-el-aeropuerto-jorge-wilstermann\/#primaryimage"},"thumbnailUrl":"https:\/\/www.eldiario.net\/portal\/wp-content\/uploads\/2023\/06\/NARCO-FOTO.jpg","datePublished":"2023-06-29T10:40:45+00:00","breadcrumb":{"@id":"https:\/\/www.eldiario.net\/portal\/2023\/06\/29\/allanan-oficinas-de-boa-en-el-aeropuerto-jorge-wilstermann\/#breadcrumb"},"inLanguage":"es","potentialAction":[{"@type":"ReadAction","target":["https:\/\/www.eldiario.net\/portal\/2023\/06\/29\/allanan-oficinas-de-boa-en-el-aeropuerto-jorge-wilstermann\/"]}]},{"@type":"ImageObject","inLanguage":"es","@id":"https:\/\/www.eldiario.net\/portal\/2023\/06\/29\/allanan-oficinas-de-boa-en-el-aeropuerto-jorge-wilstermann\/#primaryimage","url":"https:\/\/www.eldiario.net\/portal\/wp-content\/uploads\/2023\/06\/NARCO-FOTO.jpg","contentUrl":"https:\/\/www.eldiario.net\/portal\/wp-content\/uploads\/2023\/06\/NARCO-FOTO.jpg","width":600,"height":338,"caption":"La Felcn y la fiscal\u00eda allan\u00f3 las oficinas de Naabol en aeropuerto Jorge Wilstermann. FOTO: OPINI\u00d3N"},{"@type":"BreadcrumbList","@id":"https:\/\/www.eldiario.net\/portal\/2023\/06\/29\/allanan-oficinas-de-boa-en-el-aeropuerto-jorge-wilstermann\/#breadcrumb","itemListElement":[{"@type":"ListItem","position":1,"name":"Portada","item":"https:\/\/www.eldiario.net\/portal\/"},{"@type":"ListItem","position":2,"name":"Allanan oficinas de BoA en el aeropuerto Jorge Wilstermann"}]},{"@type":"WebSite","@id":"https:\/\/www.eldiario.net\/portal\/#website","url":"https:\/\/www.eldiario.net\/portal\/","name":"El Diario - Decano de la prensa nacional","description":"El Diario - Decano de la prensa nacional","publisher":{"@id":"https:\/\/www.eldiario.net\/portal\/#organization"},"potentialAction":[{"@type":"SearchAction","target":{"@type":"EntryPoint","urlTemplate":"https:\/\/www.eldiario.net\/portal\/?s={search_term_string}"},"query-input":{"@type":"PropertyValueSpecification","valueRequired":true,"valueName":"search_term_string"}}],"inLanguage":"es"},{"@type":"Organization","@id":"https:\/\/www.eldiario.net\/portal\/#organization","name":"El Diario - Decano de la prensa nacional","url":"https:\/\/www.eldiario.net\/portal\/","logo":{"@type":"ImageObject","inLanguage":"es","@id":"https:\/\/www.eldiario.net\/portal\/#\/schema\/logo\/image\/","url":"https:\/\/www.eldiario.net\/portal\/wp-content\/uploads\/2023\/07\/logo_ED.jpg","contentUrl":"https:\/\/www.eldiario.net\/portal\/wp-content\/uploads\/2023\/07\/logo_ED.jpg","width":272,"height":52,"caption":"El Diario - Decano de la prensa nacional"},"image":{"@id":"https:\/\/www.eldiario.net\/portal\/#\/schema\/logo\/image\/"},"sameAs":["https:\/\/www.facebook.com\/eldiario.bolivia\/","https:\/\/x.com\/eldiario_net"]},{"@type":"Person","@id":"https:\/\/www.eldiario.net\/portal\/#\/schema\/person\/f46445640444750d7d753ccd04ae01b7","name":"Jeanette","image":{"@type":"ImageObject","inLanguage":"es","@id":"https:\/\/secure.gravatar.com\/avatar\/3ea2118a5f7dad2b7138b1187a6b7ee55f160b9968b66013c3a3ef39dd7e5798?s=96&d=mm&r=g","url":"https:\/\/secure.gravatar.com\/avatar\/3ea2118a5f7dad2b7138b1187a6b7ee55f160b9968b66013c3a3ef39dd7e5798?s=96&d=mm&r=g","contentUrl":"https:\/\/secure.gravatar.com\/avatar\/3ea2118a5f7dad2b7138b1187a6b7ee55f160b9968b66013c3a3ef39dd7e5798?s=96&d=mm&r=g","caption":"Jeanette"},"sameAs":["https:\/\/www.eldiario.net\/portal"],"url":"https:\/\/www.eldiario.net\/portal\/author\/jeanette\/"}]}},"_links":{"self":[{"href":"https:\/\/www.eldiario.net\/portal\/wp-json\/wp\/v2\/posts\/162588","targetHints":{"allow":["GET"]}}],"collection":[{"href":"https:\/\/www.eldiario.net\/portal\/wp-json\/wp\/v2\/posts"}],"about":[{"href":"https:\/\/www.eldiario.net\/portal\/wp-json\/wp\/v2\/types\/post"}],"author":[{"embeddable":true,"href":"https:\/\/www.eldiario.net\/portal\/wp-json\/wp\/v2\/users\/1"}],"replies":[{"embeddable":true,"href":"https:\/\/www.eldiario.net\/portal\/wp-json\/wp\/v2\/comments?post=162588"}],"version-history":[{"count":0,"href":"https:\/\/www.eldiario.net\/portal\/wp-json\/wp\/v2\/posts\/162588\/revisions"}],"wp:featuredmedia":[{"embeddable":true,"href":"https:\/\/www.eldiario.net\/portal\/wp-json\/wp\/v2\/media\/162589"}],"wp:attachment":[{"href":"https:\/\/www.eldiario.net\/portal\/wp-json\/wp\/v2\/media?parent=162588"}],"wp:term":[{"taxonomy":"category","embeddable":true,"href":"https:\/\/www.eldiario.net\/portal\/wp-json\/wp\/v2\/categories?post=162588"},{"taxonomy":"post_tag","embeddable":true,"href":"https:\/\/www.eldiario.net\/portal\/wp-json\/wp\/v2\/tags?post=162588"}],"curies":[{"name":"wp","href":"https:\/\/api.w.org\/{rel}","templated":true}]}}