{"id":162585,"date":"2023-06-29T06:39:51","date_gmt":"2023-06-29T10:39:51","guid":{"rendered":"https:\/\/www.eldiario.net\/portal\/?p=162585"},"modified":"2023-06-29T06:39:51","modified_gmt":"2023-06-29T10:39:51","slug":"inspeccionan-construccion-de-nueva-terminal-de-buses","status":"publish","type":"post","link":"https:\/\/www.eldiario.net\/portal\/2023\/06\/29\/inspeccionan-construccion-de-nueva-terminal-de-buses\/","title":{"rendered":"Inspeccionan construcci\u00f3n de nueva Terminal de Buses"},"content":{"rendered":"<p>El alcalde de Cochabamba, Manfred Reyes Villa, inspeccion\u00f3 la construcci\u00f3n de la nueva Terminal de Buses ubicada en la zona de Albarrancho, al sur de la ciudad, la misma, ser\u00e1 emplazada sobre 68 mil metros cuadrados.<\/p>\n<p>El proyecto inici\u00f3 en 2022 y se tiene planificado que sea terminado en 2024 y brinde a los cochabambinos la terminal m\u00e1s tecnol\u00f3gica y ecol\u00f3gica del pa\u00eds.<\/p>\n<p>\u201cLa terminal de la avenida Ayacucho queda anacr\u00f3nica para la situaci\u00f3n actual de Cochabamba (\u2026) Nosotros estamos trabajando en las v\u00edas de llegada y salida, estamos haciendo toda la Costanera del Sur\u201d, se\u00f1al\u00f3 la primera autoridad municipal.<\/p>\n<p>El Gobierno Aut\u00f3nomo Municipal de Cochabamba (GAMC) trabaja en las v\u00edas de llegada y salida, se construye la Costanera del Sur, adem\u00e1s se busca v\u00edas alternativas que permitan la fluidez vehicular.<\/p>\n<p>\u201cSera una Terminal enorme con tecnolog\u00eda de punta, fibra \u00f3ptica, con todas las condiciones para los cochabambinos (\u2026) Nuestro objetivo es hacer de Cochabamba la mejor ciudad de Bolivia\u201d, agreg\u00f3 Reyes Villa.<\/p>\n<p>La nueva Terminal ser\u00e1 tres veces m\u00e1s grande que la actual, pues se construir\u00e1n 52 andenes, 121 boleter\u00edas, 60 bodegas y una nueva \u00e1rea de estacionamiento de pre-espera con 80 espacios, adem\u00e1s se brindar\u00e1 todas las condiciones de seguridad y comodidad a los viajeros.<\/p>\n<p>\u201cPara nosotros es un proyecto muy importante porque tendr\u00e1 las caracter\u00edsticas\u00a0 tecnol\u00f3gicas y medio ambientales, este es uno de los lugares m\u00e1s preciosos que ten\u00eda Cochabamba, por ello, trabajaremos en recuperar la flora y la fauna del lugar\u201d, se\u00f1al\u00f3 Jaime Veizaga, presidente de Terrapuerto Bolivia S.A.<\/p>\n<p>En tanto, los vecinos y representantes de la zona indicaron que est\u00e1n contentos y esperanzados con el proyecto, porque la construcci\u00f3n de la Terminal significa desarrollo econ\u00f3mico para el sector. (Cochabamba, agencias)<\/p>\n","protected":false},"excerpt":{"rendered":"<p>El alcalde de Cochabamba, Manfred Reyes Villa, inspeccion\u00f3 la construcci\u00f3n de la nueva Terminal de Buses ubicada en la zona de Albarrancho, al sur de la ciudad, la misma, ser\u00e1 emplazada sobre 68 mil metros cuadrados. El proyecto inici\u00f3 en 2022 y se tiene planificado que sea terminado en 2024 y brinde a los cochabambinos [&hellip;]<\/p>\n","protected":false},"author":1,"featured_media":162586,"comment_status":"closed","ping_status":"open","sticky":false,"template":"","format":"standard","meta":{"_acf_changed":false,"footnotes":""},"categories":[12],"tags":[],"class_list":["post-162585","post","type-post","status-publish","format-standard","has-post-thumbnail","category-nacional"],"acf":{"antetitulo":""},"yoast_head":"<!-- This site is optimized with the Yoast SEO plugin v28.3 - https:\/\/yoast.com\/product\/yoast-seo-wordpress\/ -->\n<title>Inspeccionan construcci\u00f3n de nueva Terminal de Buses - El Diario - Bolivia<\/title>\n<meta name=\"robots\" content=\"index, follow, max-snippet:-1, max-image-preview:large, max-video-preview:-1\" \/>\n<link rel=\"canonical\" href=\"https:\/\/www.eldiario.net\/portal\/2023\/06\/29\/inspeccionan-construccion-de-nueva-terminal-de-buses\/\" \/>\n<meta property=\"og:locale\" content=\"es_ES\" \/>\n<meta property=\"og:type\" content=\"article\" \/>\n<meta property=\"og:title\" content=\"Inspeccionan construcci\u00f3n de nueva Terminal de Buses - El Diario - Bolivia\" \/>\n<meta property=\"og:description\" content=\"El alcalde de Cochabamba, Manfred Reyes Villa, inspeccion\u00f3 la construcci\u00f3n de la nueva Terminal de Buses ubicada en la zona de Albarrancho, al sur de la ciudad, la misma, ser\u00e1 emplazada sobre 68 mil metros cuadrados. El proyecto inici\u00f3 en 2022 y se tiene planificado que sea terminado en 2024 y brinde a los cochabambinos [&hellip;]\" \/>\n<meta property=\"og:url\" content=\"https:\/\/www.eldiario.net\/portal\/2023\/06\/29\/inspeccionan-construccion-de-nueva-terminal-de-buses\/\" \/>\n<meta property=\"og:site_name\" content=\"El Diario - Bolivia\" \/>\n<meta property=\"article:publisher\" content=\"https:\/\/www.facebook.com\/eldiario.bolivia\/\" \/>\n<meta property=\"article:published_time\" content=\"2023-06-29T10:39:51+00:00\" \/>\n<meta property=\"og:image\" content=\"https:\/\/www.eldiario.net\/portal\/wp-content\/uploads\/2023\/06\/TERMINAL-FOTO.jpeg\" \/>\n\t<meta property=\"og:image:width\" content=\"1600\" \/>\n\t<meta property=\"og:image:height\" content=\"900\" \/>\n\t<meta property=\"og:image:type\" content=\"image\/jpeg\" \/>\n<meta name=\"author\" content=\"Jeanette\" \/>\n<meta name=\"twitter:card\" content=\"summary_large_image\" \/>\n<meta name=\"twitter:creator\" content=\"@eldiario_net\" \/>\n<meta name=\"twitter:site\" content=\"@eldiario_net\" \/>\n<meta name=\"twitter:label1\" content=\"Escrito por\" \/>\n\t<meta name=\"twitter:data1\" content=\"Jeanette\" \/>\n\t<meta name=\"twitter:label2\" content=\"Tiempo de lectura\" \/>\n\t<meta name=\"twitter:data2\" content=\"2 minutos\" \/>\n<script type=\"application\/ld+json\" class=\"yoast-schema-graph\">{\"@context\":\"https:\\\/\\\/schema.org\",\"@graph\":[{\"@type\":\"Article\",\"@id\":\"https:\\\/\\\/www.eldiario.net\\\/portal\\\/2023\\\/06\\\/29\\\/inspeccionan-construccion-de-nueva-terminal-de-buses\\\/#article\",\"isPartOf\":{\"@id\":\"https:\\\/\\\/www.eldiario.net\\\/portal\\\/2023\\\/06\\\/29\\\/inspeccionan-construccion-de-nueva-terminal-de-buses\\\/\"},\"author\":{\"name\":\"Jeanette\",\"@id\":\"https:\\\/\\\/www.eldiario.net\\\/portal\\\/#\\\/schema\\\/person\\\/f46445640444750d7d753ccd04ae01b7\"},\"headline\":\"Inspeccionan construcci\u00f3n de nueva Terminal de Buses\",\"datePublished\":\"2023-06-29T10:39:51+00:00\",\"mainEntityOfPage\":{\"@id\":\"https:\\\/\\\/www.eldiario.net\\\/portal\\\/2023\\\/06\\\/29\\\/inspeccionan-construccion-de-nueva-terminal-de-buses\\\/\"},\"wordCount\":311,\"publisher\":{\"@id\":\"https:\\\/\\\/www.eldiario.net\\\/portal\\\/#organization\"},\"image\":{\"@id\":\"https:\\\/\\\/www.eldiario.net\\\/portal\\\/2023\\\/06\\\/29\\\/inspeccionan-construccion-de-nueva-terminal-de-buses\\\/#primaryimage\"},\"thumbnailUrl\":\"https:\\\/\\\/www.eldiario.net\\\/portal\\\/wp-content\\\/uploads\\\/2023\\\/06\\\/TERMINAL-FOTO.jpeg\",\"articleSection\":[\"Nacional\"],\"inLanguage\":\"es\"},{\"@type\":\"WebPage\",\"@id\":\"https:\\\/\\\/www.eldiario.net\\\/portal\\\/2023\\\/06\\\/29\\\/inspeccionan-construccion-de-nueva-terminal-de-buses\\\/\",\"url\":\"https:\\\/\\\/www.eldiario.net\\\/portal\\\/2023\\\/06\\\/29\\\/inspeccionan-construccion-de-nueva-terminal-de-buses\\\/\",\"name\":\"Inspeccionan construcci\u00f3n de nueva Terminal de Buses - El Diario - Bolivia\",\"isPartOf\":{\"@id\":\"https:\\\/\\\/www.eldiario.net\\\/portal\\\/#website\"},\"primaryImageOfPage\":{\"@id\":\"https:\\\/\\\/www.eldiario.net\\\/portal\\\/2023\\\/06\\\/29\\\/inspeccionan-construccion-de-nueva-terminal-de-buses\\\/#primaryimage\"},\"image\":{\"@id\":\"https:\\\/\\\/www.eldiario.net\\\/portal\\\/2023\\\/06\\\/29\\\/inspeccionan-construccion-de-nueva-terminal-de-buses\\\/#primaryimage\"},\"thumbnailUrl\":\"https:\\\/\\\/www.eldiario.net\\\/portal\\\/wp-content\\\/uploads\\\/2023\\\/06\\\/TERMINAL-FOTO.jpeg\",\"datePublished\":\"2023-06-29T10:39:51+00:00\",\"breadcrumb\":{\"@id\":\"https:\\\/\\\/www.eldiario.net\\\/portal\\\/2023\\\/06\\\/29\\\/inspeccionan-construccion-de-nueva-terminal-de-buses\\\/#breadcrumb\"},\"inLanguage\":\"es\",\"potentialAction\":[{\"@type\":\"ReadAction\",\"target\":[\"https:\\\/\\\/www.eldiario.net\\\/portal\\\/2023\\\/06\\\/29\\\/inspeccionan-construccion-de-nueva-terminal-de-buses\\\/\"]}]},{\"@type\":\"ImageObject\",\"inLanguage\":\"es\",\"@id\":\"https:\\\/\\\/www.eldiario.net\\\/portal\\\/2023\\\/06\\\/29\\\/inspeccionan-construccion-de-nueva-terminal-de-buses\\\/#primaryimage\",\"url\":\"https:\\\/\\\/www.eldiario.net\\\/portal\\\/wp-content\\\/uploads\\\/2023\\\/06\\\/TERMINAL-FOTO.jpeg\",\"contentUrl\":\"https:\\\/\\\/www.eldiario.net\\\/portal\\\/wp-content\\\/uploads\\\/2023\\\/06\\\/TERMINAL-FOTO.jpeg\",\"width\":1600,\"height\":900,\"caption\":\"INSPECCI\u00d3N A LO QUE SER\u00c1 LA NUEVA TERMINAL DE BUSES EN COCHABAMBA. FOTO: GMC\"},{\"@type\":\"BreadcrumbList\",\"@id\":\"https:\\\/\\\/www.eldiario.net\\\/portal\\\/2023\\\/06\\\/29\\\/inspeccionan-construccion-de-nueva-terminal-de-buses\\\/#breadcrumb\",\"itemListElement\":[{\"@type\":\"ListItem\",\"position\":1,\"name\":\"Portada\",\"item\":\"https:\\\/\\\/www.eldiario.net\\\/portal\\\/\"},{\"@type\":\"ListItem\",\"position\":2,\"name\":\"Inspeccionan construcci\u00f3n de nueva Terminal de Buses\"}]},{\"@type\":\"WebSite\",\"@id\":\"https:\\\/\\\/www.eldiario.net\\\/portal\\\/#website\",\"url\":\"https:\\\/\\\/www.eldiario.net\\\/portal\\\/\",\"name\":\"El Diario - Decano de la prensa nacional\",\"description\":\"El Diario - Decano de la prensa nacional\",\"publisher\":{\"@id\":\"https:\\\/\\\/www.eldiario.net\\\/portal\\\/#organization\"},\"potentialAction\":[{\"@type\":\"SearchAction\",\"target\":{\"@type\":\"EntryPoint\",\"urlTemplate\":\"https:\\\/\\\/www.eldiario.net\\\/portal\\\/?s={search_term_string}\"},\"query-input\":{\"@type\":\"PropertyValueSpecification\",\"valueRequired\":true,\"valueName\":\"search_term_string\"}}],\"inLanguage\":\"es\"},{\"@type\":\"Organization\",\"@id\":\"https:\\\/\\\/www.eldiario.net\\\/portal\\\/#organization\",\"name\":\"El Diario - Decano de la prensa nacional\",\"url\":\"https:\\\/\\\/www.eldiario.net\\\/portal\\\/\",\"logo\":{\"@type\":\"ImageObject\",\"inLanguage\":\"es\",\"@id\":\"https:\\\/\\\/www.eldiario.net\\\/portal\\\/#\\\/schema\\\/logo\\\/image\\\/\",\"url\":\"https:\\\/\\\/www.eldiario.net\\\/portal\\\/wp-content\\\/uploads\\\/2023\\\/07\\\/logo_ED.jpg\",\"contentUrl\":\"https:\\\/\\\/www.eldiario.net\\\/portal\\\/wp-content\\\/uploads\\\/2023\\\/07\\\/logo_ED.jpg\",\"width\":272,\"height\":52,\"caption\":\"El Diario - Decano de la prensa nacional\"},\"image\":{\"@id\":\"https:\\\/\\\/www.eldiario.net\\\/portal\\\/#\\\/schema\\\/logo\\\/image\\\/\"},\"sameAs\":[\"https:\\\/\\\/www.facebook.com\\\/eldiario.bolivia\\\/\",\"https:\\\/\\\/x.com\\\/eldiario_net\"]},{\"@type\":\"Person\",\"@id\":\"https:\\\/\\\/www.eldiario.net\\\/portal\\\/#\\\/schema\\\/person\\\/f46445640444750d7d753ccd04ae01b7\",\"name\":\"Jeanette\",\"image\":{\"@type\":\"ImageObject\",\"inLanguage\":\"es\",\"@id\":\"https:\\\/\\\/secure.gravatar.com\\\/avatar\\\/3ea2118a5f7dad2b7138b1187a6b7ee55f160b9968b66013c3a3ef39dd7e5798?s=96&d=mm&r=g\",\"url\":\"https:\\\/\\\/secure.gravatar.com\\\/avatar\\\/3ea2118a5f7dad2b7138b1187a6b7ee55f160b9968b66013c3a3ef39dd7e5798?s=96&d=mm&r=g\",\"contentUrl\":\"https:\\\/\\\/secure.gravatar.com\\\/avatar\\\/3ea2118a5f7dad2b7138b1187a6b7ee55f160b9968b66013c3a3ef39dd7e5798?s=96&d=mm&r=g\",\"caption\":\"Jeanette\"},\"sameAs\":[\"https:\\\/\\\/www.eldiario.net\\\/portal\"],\"url\":\"https:\\\/\\\/www.eldiario.net\\\/portal\\\/author\\\/jeanette\\\/\"}]}<\/script>\n<!-- \/ Yoast SEO plugin. -->","yoast_head_json":{"title":"Inspeccionan construcci\u00f3n de nueva Terminal de Buses - El Diario - Bolivia","robots":{"index":"index","follow":"follow","max-snippet":"max-snippet:-1","max-image-preview":"max-image-preview:large","max-video-preview":"max-video-preview:-1"},"canonical":"https:\/\/www.eldiario.net\/portal\/2023\/06\/29\/inspeccionan-construccion-de-nueva-terminal-de-buses\/","og_locale":"es_ES","og_type":"article","og_title":"Inspeccionan construcci\u00f3n de nueva Terminal de Buses - El Diario - Bolivia","og_description":"El alcalde de Cochabamba, Manfred Reyes Villa, inspeccion\u00f3 la construcci\u00f3n de la nueva Terminal de Buses ubicada en la zona de Albarrancho, al sur de la ciudad, la misma, ser\u00e1 emplazada sobre 68 mil metros cuadrados. El proyecto inici\u00f3 en 2022 y se tiene planificado que sea terminado en 2024 y brinde a los cochabambinos [&hellip;]","og_url":"https:\/\/www.eldiario.net\/portal\/2023\/06\/29\/inspeccionan-construccion-de-nueva-terminal-de-buses\/","og_site_name":"El Diario - Bolivia","article_publisher":"https:\/\/www.facebook.com\/eldiario.bolivia\/","article_published_time":"2023-06-29T10:39:51+00:00","og_image":[{"width":1600,"height":900,"url":"https:\/\/www.eldiario.net\/portal\/wp-content\/uploads\/2023\/06\/TERMINAL-FOTO.jpeg","type":"image\/jpeg"}],"author":"Jeanette","twitter_card":"summary_large_image","twitter_creator":"@eldiario_net","twitter_site":"@eldiario_net","twitter_misc":{"Escrito por":"Jeanette","Tiempo de lectura":"2 minutos"},"schema":{"@context":"https:\/\/schema.org","@graph":[{"@type":"Article","@id":"https:\/\/www.eldiario.net\/portal\/2023\/06\/29\/inspeccionan-construccion-de-nueva-terminal-de-buses\/#article","isPartOf":{"@id":"https:\/\/www.eldiario.net\/portal\/2023\/06\/29\/inspeccionan-construccion-de-nueva-terminal-de-buses\/"},"author":{"name":"Jeanette","@id":"https:\/\/www.eldiario.net\/portal\/#\/schema\/person\/f46445640444750d7d753ccd04ae01b7"},"headline":"Inspeccionan construcci\u00f3n de nueva Terminal de Buses","datePublished":"2023-06-29T10:39:51+00:00","mainEntityOfPage":{"@id":"https:\/\/www.eldiario.net\/portal\/2023\/06\/29\/inspeccionan-construccion-de-nueva-terminal-de-buses\/"},"wordCount":311,"publisher":{"@id":"https:\/\/www.eldiario.net\/portal\/#organization"},"image":{"@id":"https:\/\/www.eldiario.net\/portal\/2023\/06\/29\/inspeccionan-construccion-de-nueva-terminal-de-buses\/#primaryimage"},"thumbnailUrl":"https:\/\/www.eldiario.net\/portal\/wp-content\/uploads\/2023\/06\/TERMINAL-FOTO.jpeg","articleSection":["Nacional"],"inLanguage":"es"},{"@type":"WebPage","@id":"https:\/\/www.eldiario.net\/portal\/2023\/06\/29\/inspeccionan-construccion-de-nueva-terminal-de-buses\/","url":"https:\/\/www.eldiario.net\/portal\/2023\/06\/29\/inspeccionan-construccion-de-nueva-terminal-de-buses\/","name":"Inspeccionan construcci\u00f3n de nueva Terminal de Buses - El Diario - Bolivia","isPartOf":{"@id":"https:\/\/www.eldiario.net\/portal\/#website"},"primaryImageOfPage":{"@id":"https:\/\/www.eldiario.net\/portal\/2023\/06\/29\/inspeccionan-construccion-de-nueva-terminal-de-buses\/#primaryimage"},"image":{"@id":"https:\/\/www.eldiario.net\/portal\/2023\/06\/29\/inspeccionan-construccion-de-nueva-terminal-de-buses\/#primaryimage"},"thumbnailUrl":"https:\/\/www.eldiario.net\/portal\/wp-content\/uploads\/2023\/06\/TERMINAL-FOTO.jpeg","datePublished":"2023-06-29T10:39:51+00:00","breadcrumb":{"@id":"https:\/\/www.eldiario.net\/portal\/2023\/06\/29\/inspeccionan-construccion-de-nueva-terminal-de-buses\/#breadcrumb"},"inLanguage":"es","potentialAction":[{"@type":"ReadAction","target":["https:\/\/www.eldiario.net\/portal\/2023\/06\/29\/inspeccionan-construccion-de-nueva-terminal-de-buses\/"]}]},{"@type":"ImageObject","inLanguage":"es","@id":"https:\/\/www.eldiario.net\/portal\/2023\/06\/29\/inspeccionan-construccion-de-nueva-terminal-de-buses\/#primaryimage","url":"https:\/\/www.eldiario.net\/portal\/wp-content\/uploads\/2023\/06\/TERMINAL-FOTO.jpeg","contentUrl":"https:\/\/www.eldiario.net\/portal\/wp-content\/uploads\/2023\/06\/TERMINAL-FOTO.jpeg","width":1600,"height":900,"caption":"INSPECCI\u00d3N A LO QUE SER\u00c1 LA NUEVA TERMINAL DE BUSES EN COCHABAMBA. FOTO: GMC"},{"@type":"BreadcrumbList","@id":"https:\/\/www.eldiario.net\/portal\/2023\/06\/29\/inspeccionan-construccion-de-nueva-terminal-de-buses\/#breadcrumb","itemListElement":[{"@type":"ListItem","position":1,"name":"Portada","item":"https:\/\/www.eldiario.net\/portal\/"},{"@type":"ListItem","position":2,"name":"Inspeccionan construcci\u00f3n de nueva Terminal de Buses"}]},{"@type":"WebSite","@id":"https:\/\/www.eldiario.net\/portal\/#website","url":"https:\/\/www.eldiario.net\/portal\/","name":"El Diario - Decano de la prensa nacional","description":"El Diario - Decano de la prensa nacional","publisher":{"@id":"https:\/\/www.eldiario.net\/portal\/#organization"},"potentialAction":[{"@type":"SearchAction","target":{"@type":"EntryPoint","urlTemplate":"https:\/\/www.eldiario.net\/portal\/?s={search_term_string}"},"query-input":{"@type":"PropertyValueSpecification","valueRequired":true,"valueName":"search_term_string"}}],"inLanguage":"es"},{"@type":"Organization","@id":"https:\/\/www.eldiario.net\/portal\/#organization","name":"El Diario - Decano de la prensa nacional","url":"https:\/\/www.eldiario.net\/portal\/","logo":{"@type":"ImageObject","inLanguage":"es","@id":"https:\/\/www.eldiario.net\/portal\/#\/schema\/logo\/image\/","url":"https:\/\/www.eldiario.net\/portal\/wp-content\/uploads\/2023\/07\/logo_ED.jpg","contentUrl":"https:\/\/www.eldiario.net\/portal\/wp-content\/uploads\/2023\/07\/logo_ED.jpg","width":272,"height":52,"caption":"El Diario - Decano de la prensa nacional"},"image":{"@id":"https:\/\/www.eldiario.net\/portal\/#\/schema\/logo\/image\/"},"sameAs":["https:\/\/www.facebook.com\/eldiario.bolivia\/","https:\/\/x.com\/eldiario_net"]},{"@type":"Person","@id":"https:\/\/www.eldiario.net\/portal\/#\/schema\/person\/f46445640444750d7d753ccd04ae01b7","name":"Jeanette","image":{"@type":"ImageObject","inLanguage":"es","@id":"https:\/\/secure.gravatar.com\/avatar\/3ea2118a5f7dad2b7138b1187a6b7ee55f160b9968b66013c3a3ef39dd7e5798?s=96&d=mm&r=g","url":"https:\/\/secure.gravatar.com\/avatar\/3ea2118a5f7dad2b7138b1187a6b7ee55f160b9968b66013c3a3ef39dd7e5798?s=96&d=mm&r=g","contentUrl":"https:\/\/secure.gravatar.com\/avatar\/3ea2118a5f7dad2b7138b1187a6b7ee55f160b9968b66013c3a3ef39dd7e5798?s=96&d=mm&r=g","caption":"Jeanette"},"sameAs":["https:\/\/www.eldiario.net\/portal"],"url":"https:\/\/www.eldiario.net\/portal\/author\/jeanette\/"}]}},"_links":{"self":[{"href":"https:\/\/www.eldiario.net\/portal\/wp-json\/wp\/v2\/posts\/162585","targetHints":{"allow":["GET"]}}],"collection":[{"href":"https:\/\/www.eldiario.net\/portal\/wp-json\/wp\/v2\/posts"}],"about":[{"href":"https:\/\/www.eldiario.net\/portal\/wp-json\/wp\/v2\/types\/post"}],"author":[{"embeddable":true,"href":"https:\/\/www.eldiario.net\/portal\/wp-json\/wp\/v2\/users\/1"}],"replies":[{"embeddable":true,"href":"https:\/\/www.eldiario.net\/portal\/wp-json\/wp\/v2\/comments?post=162585"}],"version-history":[{"count":0,"href":"https:\/\/www.eldiario.net\/portal\/wp-json\/wp\/v2\/posts\/162585\/revisions"}],"wp:featuredmedia":[{"embeddable":true,"href":"https:\/\/www.eldiario.net\/portal\/wp-json\/wp\/v2\/media\/162586"}],"wp:attachment":[{"href":"https:\/\/www.eldiario.net\/portal\/wp-json\/wp\/v2\/media?parent=162585"}],"wp:term":[{"taxonomy":"category","embeddable":true,"href":"https:\/\/www.eldiario.net\/portal\/wp-json\/wp\/v2\/categories?post=162585"},{"taxonomy":"post_tag","embeddable":true,"href":"https:\/\/www.eldiario.net\/portal\/wp-json\/wp\/v2\/tags?post=162585"}],"curies":[{"name":"wp","href":"https:\/\/api.w.org\/{rel}","templated":true}]}}