{"id":162471,"date":"2023-06-28T07:00:34","date_gmt":"2023-06-28T11:00:34","guid":{"rendered":"https:\/\/www.eldiario.net\/portal\/?p=162471"},"modified":"2023-06-28T07:00:34","modified_gmt":"2023-06-28T11:00:34","slug":"la-compania-ballet-clasico-explora-la-corporalidad-y-expresividad-de-la-danza","status":"publish","type":"post","link":"https:\/\/www.eldiario.net\/portal\/2023\/06\/28\/la-compania-ballet-clasico-explora-la-corporalidad-y-expresividad-de-la-danza\/","title":{"rendered":"La Compa\u00f1\u00eda: Ballet Cl\u00e1sico explora la corporalidad y expresividad de la danza"},"content":{"rendered":"<p>Despu\u00e9s de varios meses de preparaci\u00f3n, el colectivo de bailarines profesionales \u201cLa Compa\u00f1\u00eda: Ballet Cl\u00e1sico\u201d presenta un desafiante repertorio, con tres obras que exploran los diversos aspectos de la corporalidad y expresividad de la danza, en un despliegue de virtuosismo t\u00e9cnico que caracteriza a este elenco.<\/p>\n<p><em>\u00c1ngeles de Arena<\/em> de Francisco Centeno, <em>Concierto<\/em> de Norma Quintana y <em>Tarde en la Siesta<\/em>, reposici\u00f3n de la coreograf\u00eda de Alberto M\u00e9ndez a cargo de Magaly Rodr\u00edguez, son las obras que ser\u00e1n llevadas a escena por <em>La Compa\u00f1\u00eda<\/em> en el marco de su Temporada 2023 el 2 de julio en el Teatro Municipal \u201cAlberto Saavedra P\u00e9rez\u201d y el 5 y 6 de julio en el Teatro Nuna, a horas 19:30.<\/p>\n<p>\u201cLa Compa\u00f1\u00eda llega a esta temporada despu\u00e9s de un trabajo intenso de casi 4 meses, en los que el elenco tuvo la oportunidad de compartir largas horas de ensayo con los maestros- core\u00f3grafos, en las diferentes obras que se llevar\u00e1n a escenario con calidad t\u00e9cnica e interpretativa, y la versatilidad que requiere el programa, que abarca diferentes estilos, desde la danza neocl\u00e1sica a la contempor\u00e1nea. Adem\u00e1s de todo el trabajo de producci\u00f3n, tan importante para poder llegar a escena\u201d, afirm\u00f3 a La Gu\u00eda la primera bailarina Carolina Mercado (C), quien asumi\u00f3 este a\u00f1o la direcci\u00f3n art\u00edstica de <em>La Compa\u00f1\u00eda<\/em>, que fue creada en el a\u00f1o 2014.<\/p>\n<p><strong>LG: \u00bfPor qu\u00e9 escogieron esas tres obras?<\/strong><\/p>\n<p>C: Al elaborar el programa, se plante\u00f3 el deseo que se ten\u00eda ya desde el a\u00f1o pasado de invitar a maestros-core\u00f3grafos, para que realizaran un montaje para el elenco. Es as\u00ed que se invit\u00f3 a maestros que radican en nuestra ciudad. Francisco Centeno (Costa Rica), que maneja un lenguaje contempor\u00e1neo, y que propone en esta ocasi\u00f3n una obra de nueva creaci\u00f3n, <em>\u00c1ngeles de Arena<\/em>.<\/p>\n<p>Magaly Rodr\u00edguez (Cuba), para que realizara la reposici\u00f3n de una obra de repertorio latinoamericano, <em>Tarde en la siesta<\/em> de Alberto M\u00e9ndez.<\/p>\n<p>Y no pod\u00eda faltar una obra de la directora general de <em>La Compa\u00f1\u00eda<\/em>, Norma Quintana, que lleva nuevamente a escena <em>Concierto<\/em>, obra de danza pura con m\u00fasica de Astor Piazzolla.<\/p>\n<p><strong>LG: \u00bfCu\u00e1ntos bailarines integran el elenco?<\/strong><\/p>\n<p>C: 15 bailarines.<\/p>\n<p><strong>LG: \u00bfQu\u00e9 evaluaci\u00f3n hace de estos a\u00f1os de trabajo?<\/strong><\/p>\n<p>C: Considero que la evaluaci\u00f3n es buena, aunque a\u00fan queda mucho por hacer, pero podemos decir que no se ha perdido el objetivo inicial, el desarrollo de la danza profesional en nuestro pa\u00eds. En todos estos a\u00f1os <em>La Compa\u00f1\u00eda<\/em> ha generado espacios de crecimiento y perfeccionamiento para los profesionales de la danza, adem\u00e1s de puestas en escena de gran calidad t\u00e9cnica y art\u00edstica, como <em>Gisselle,<\/em> <em>Don Quijote<\/em>, <em>Grand Pas de Quatre E Interplay<\/em>, entre otras, todas de gran rigurosidad t\u00e9cnica. Son obras que llegaron a escenario bajo la direcci\u00f3n de Norma Quintana, quien es la fundadora de <em>La Compa\u00f1\u00eda<\/em>.<\/p>\n<p><strong>LG: \u00bfQu\u00e9 signific\u00f3 para Carolina Mercado asumir la direcci\u00f3n art\u00edstica de La Compa\u00f1\u00eda?<\/strong><\/p>\n<p>C: Fue un desaf\u00edo muy grande, algo con lo que jam\u00e1s hab\u00eda so\u00f1ado\u2026 pues siempre estuve en el rol de bailarina int\u00e9rprete, o asistente de direcci\u00f3n, pero acept\u00e9 el reto en un tiempo de cambio, manteniendo el objetivo claro, y con un equipo de bailarines y producci\u00f3n muy comprometidos y deseosos de hacer lo que aman: Bailar con toda la responsabilidad y disciplina que implica. Adem\u00e1s de contar con el respaldo de la maestra Norma, muy importante para poder seguir adelante en un puesto de grande responsabilidad, como \u00e9ste.<\/p>\n<p><strong>LG: \u00bfQu\u00e9 se viene despu\u00e9s de esta temporada?<\/strong><\/p>\n<p>C: El trabajo arduo contin\u00faa, volver nuevamente a escenario es un objetivo m\u00e1s, pero debemos considerar que en nuestro medio llevar a escena un espect\u00e1culo como \u00e9ste requiere de una inversi\u00f3n grande de dinero. <em>La Compa\u00f1\u00eda,<\/em> al ser un colectivo independiente de profesionales, depende de hacer alianzas estrat\u00e9gicas con empresas que deseen apoyar el crecimiento del arte en nuestro pa\u00eds, es as\u00ed que ahora contamos con el auspicio de Laboratorios Bag\u00f3, BCP, Laboratorios Delta y DPI, a los que quedamos muy agradecidos por la confianza.<\/p>\n<p><strong>LG: \u00bfDeseas agregar algo?<\/strong><\/p>\n<p>C: Es importante resaltar que <em>La Compa\u00f1\u00eda<\/em> cuenta con un equipo de trabajo detr\u00e1s de bambalinas, que sale de las mismas filas de los bailarines. Adriana Ru\u00edz en la producci\u00f3n ejecutiva, Sarah Revollo en las redes sociales, Adriana Burke en el dise\u00f1o de afiche y programa, Juan V\u00edctor Alarc\u00f3n en la edici\u00f3n de m\u00fasica, Camila Bruckner en la coordinaci\u00f3n de vestuario, Katherina Rehfeldt en la parte administrativa. Tambi\u00e9n contamos con el trabajo de Mar\u00eda Jos\u00e9 Navarro.<\/p>\n<p>La venta de entradas para el Teatro Municipal \u201cAlberto Saavedra P\u00e9rez\u201d se realiza v\u00eda Ticketsline y para el Teatro Nuna a trav\u00e9s de la plataforma Nuna. Los n\u00fameros de contacto son el 65668801 y 70684030.<\/p>\n<p>&nbsp;<\/p>\n<p>&nbsp;<\/p>\n<p>&nbsp;<\/p>\n<p><strong>LAS OBRAS<\/strong><\/p>\n<p><strong>CONCIERTO<\/strong><\/p>\n<p><strong>Coreograf\u00eda: <\/strong>Norma Quintana (Argentina)<\/p>\n<p><strong>M\u00fasica:<\/strong> Astor Piazzolla<\/p>\n<p><strong>Tema<\/strong>: Obra de danza pura que surge a partir del impulso de la m\u00fasica\u2026 De sus repeticiones obsesivas y de la intensidad de sus adagios.<\/p>\n<p><strong>TARDE EN LA SIESTA<\/strong><\/p>\n<p><strong>Reposici\u00f3n y adaptaci\u00f3n de la coreograf\u00eda de Alberto M\u00e9ndez: <\/strong>Magaly Rodr\u00edguez (Cuba)<\/p>\n<p><strong>M\u00fasica: <\/strong>Ernesto Lecuona<\/p>\n<p><strong>Argumento: <\/strong>Complejas relaciones entre cuatro hermanas, cuyos nombres usuales en nuestra cultura hispano americana sugieren rasgos de la psicolog\u00eda de cada una de ellas (Consuelo, Dulce, Esperanza y Soledad). Ellas interact\u00faan, seg\u00fan la construcci\u00f3n del personaje, en secuencias llenas de sutilezas dram\u00e1ticas.<\/p>\n<p><strong>\u00c1NGELES DE ARENA<\/strong><\/p>\n<p><strong>Coreograf\u00eda<\/strong>: Francisco Centeno (Costa Rica)<\/p>\n<p><strong>M\u00fasica: <\/strong>Antonio Vivaldi<\/p>\n<p>Planteamiento e investigaci\u00f3n de movimiento a trav\u00e9s de las diferentes emociones, temperamentos y sensaciones que evocan los bailarines e int\u00e9rpretes por medio del cuerpo, desarrollados en cada una de las escenas de las cuatro estaciones creadas por Antonio Vivaldi: Oto\u00f1o, Primavera, Invierno y Verano.<\/p>\n<p>Obra de estreno creada para el elenco de <em>La Compa\u00f1\u00eda<\/em>.<\/p>\n<p><strong>\u00a0<\/strong><strong>TRAYECTORIA<\/strong><\/p>\n<p>La Compa\u00f1\u00eda es un colectivo independiente de Ballet Cl\u00e1sico, que re\u00fane a profesionales de la danza para la realizaci\u00f3n y puesta en escena de espect\u00e1culos de alto nivel t\u00e9cnico y art\u00edstico bajo la direcci\u00f3n de Norma Quintana, profesional de amplia experiencia en el campo de la producci\u00f3n cultural en nuestro pa\u00eds.<\/p>\n<p>Fue creada en el a\u00f1o 2014 como una iniciativa privada, estableciendo como misi\u00f3n institucional el desarrollo de la danza profesional, buscando ser un referente art\u00edstico en Bolivia.<\/p>\n<p>Su primer montaje fue realizado en 2014 con <em>Giselle<\/em>, ballet en dos actos de Jules Perrot y Jean Corali, con m\u00fasica de Adolphe Adams y con la participaci\u00f3n del maestro Carlos Rosso en la direcci\u00f3n de la orquesta.<\/p>\n<p>En 2015, en el marco de Festival L\u00ednea Cl\u00e1sica, organizado por la Secretar\u00eda Municipal de Culturas, se present\u00f3 la obra <em>Concierto <\/em>sobre la m\u00fasica de Astor Piazzola y coreograf\u00eda de Norma Quintana.<\/p>\n<p>En 2016 present\u00f3 <em>Don Quixote<\/em>, ballet completo en tres actos de Marius Petipa y m\u00fasica de Ludvig Minkus con gira nacional en La Paz, Cochabamba y Santa Cruz.<\/p>\n<p>En 2022 present\u00f3 <em>Concierto de Danzas<\/em>, programa de reposici\u00f3n de obras de repertorio universal: Grand Pas de Quatre, Pas de deux de Giselle, Pas de trois 1er acto del Lago de los Cisnes, Interplay y Carnaval. De manera paralela present\u00f3 <em>1,2,3 el ballet al rev\u00e9s<\/em>, funci\u00f3n l\u00fadica para ni\u00f1os y j\u00f3venes, dentro del programa de formaci\u00f3n de p\u00fablico en el Teatro Do\u00f1a Albina de la Fundaci\u00f3n Sim\u00f3n I. Pati\u00f1o.<\/p>\n<p>Adem\u00e1s de su labor art\u00edstica, <em>La Compa\u00f1\u00eda<\/em> realiza constantes talleres de actualizaci\u00f3n para los integrantes del elenco, con diversos maestros invitados de Bolivia y el exterior.<\/p>\n<div id='gallery-1' class='gallery galleryid-162471 gallery-columns-3 gallery-size-medium'><figure class='gallery-item'>\n\t\t\t<div class='gallery-icon landscape'>\n\t\t\t\t<a href='https:\/\/www.eldiario.net\/portal\/2023\/06\/28\/la-compania-ballet-clasico-explora-la-corporalidad-y-expresividad-de-la-danza\/compania-1-principal\/'><img loading=\"lazy\" decoding=\"async\" width=\"300\" height=\"200\" src=\"https:\/\/www.eldiario.net\/portal\/wp-content\/uploads\/2023\/06\/compania-1-PRINCIPAL-scaled-1-300x200.jpg\" class=\"attachment-medium size-medium\" alt=\"\" srcset=\"https:\/\/www.eldiario.net\/portal\/wp-content\/uploads\/2023\/06\/compania-1-PRINCIPAL-scaled-1-300x200.jpg 300w, https:\/\/www.eldiario.net\/portal\/wp-content\/uploads\/2023\/06\/compania-1-PRINCIPAL-scaled-1-1024x683.jpg 1024w, https:\/\/www.eldiario.net\/portal\/wp-content\/uploads\/2023\/06\/compania-1-PRINCIPAL-scaled-1-768x512.jpg 768w, https:\/\/www.eldiario.net\/portal\/wp-content\/uploads\/2023\/06\/compania-1-PRINCIPAL-scaled-1-1536x1024.jpg 1536w, https:\/\/www.eldiario.net\/portal\/wp-content\/uploads\/2023\/06\/compania-1-PRINCIPAL-scaled-1-2048x1366.jpg 2048w, https:\/\/www.eldiario.net\/portal\/wp-content\/uploads\/2023\/06\/compania-1-PRINCIPAL-scaled-1-696x464.jpg 696w, https:\/\/www.eldiario.net\/portal\/wp-content\/uploads\/2023\/06\/compania-1-PRINCIPAL-scaled-1-1068x712.jpg 1068w, https:\/\/www.eldiario.net\/portal\/wp-content\/uploads\/2023\/06\/compania-1-PRINCIPAL-scaled-1-1920x1280.jpg 1920w\" sizes=\"auto, (max-width: 300px) 100vw, 300px\" \/><\/a>\n\t\t\t<\/div><\/figure><figure class='gallery-item'>\n\t\t\t<div class='gallery-icon landscape'>\n\t\t\t\t<a href='https:\/\/www.eldiario.net\/portal\/2023\/06\/28\/la-compania-ballet-clasico-explora-la-corporalidad-y-expresividad-de-la-danza\/compania-2\/'><img loading=\"lazy\" decoding=\"async\" width=\"300\" height=\"200\" src=\"https:\/\/www.eldiario.net\/portal\/wp-content\/uploads\/2023\/06\/compania-2-scaled-1-300x200.jpg\" class=\"attachment-medium size-medium\" alt=\"\" srcset=\"https:\/\/www.eldiario.net\/portal\/wp-content\/uploads\/2023\/06\/compania-2-scaled-1-300x200.jpg 300w, https:\/\/www.eldiario.net\/portal\/wp-content\/uploads\/2023\/06\/compania-2-scaled-1-1024x683.jpg 1024w, https:\/\/www.eldiario.net\/portal\/wp-content\/uploads\/2023\/06\/compania-2-scaled-1-768x512.jpg 768w, https:\/\/www.eldiario.net\/portal\/wp-content\/uploads\/2023\/06\/compania-2-scaled-1-1536x1024.jpg 1536w, https:\/\/www.eldiario.net\/portal\/wp-content\/uploads\/2023\/06\/compania-2-scaled-1-2048x1366.jpg 2048w, https:\/\/www.eldiario.net\/portal\/wp-content\/uploads\/2023\/06\/compania-2-scaled-1-696x464.jpg 696w, https:\/\/www.eldiario.net\/portal\/wp-content\/uploads\/2023\/06\/compania-2-scaled-1-1068x712.jpg 1068w, https:\/\/www.eldiario.net\/portal\/wp-content\/uploads\/2023\/06\/compania-2-scaled-1-1920x1280.jpg 1920w\" sizes=\"auto, (max-width: 300px) 100vw, 300px\" \/><\/a>\n\t\t\t<\/div><\/figure><figure class='gallery-item'>\n\t\t\t<div class='gallery-icon landscape'>\n\t\t\t\t<a href='https:\/\/www.eldiario.net\/portal\/2023\/06\/28\/la-compania-ballet-clasico-explora-la-corporalidad-y-expresividad-de-la-danza\/compania-3\/'><img loading=\"lazy\" decoding=\"async\" width=\"300\" height=\"252\" src=\"https:\/\/www.eldiario.net\/portal\/wp-content\/uploads\/2023\/06\/compania-3-scaled-1-300x252.jpg\" class=\"attachment-medium size-medium\" alt=\"\" srcset=\"https:\/\/www.eldiario.net\/portal\/wp-content\/uploads\/2023\/06\/compania-3-scaled-1-300x252.jpg 300w, https:\/\/www.eldiario.net\/portal\/wp-content\/uploads\/2023\/06\/compania-3-scaled-1-1024x862.jpg 1024w, https:\/\/www.eldiario.net\/portal\/wp-content\/uploads\/2023\/06\/compania-3-scaled-1-768x646.jpg 768w, https:\/\/www.eldiario.net\/portal\/wp-content\/uploads\/2023\/06\/compania-3-scaled-1-1536x1292.jpg 1536w, https:\/\/www.eldiario.net\/portal\/wp-content\/uploads\/2023\/06\/compania-3-scaled-1-2048x1723.jpg 2048w, https:\/\/www.eldiario.net\/portal\/wp-content\/uploads\/2023\/06\/compania-3-scaled-1-696x586.jpg 696w, https:\/\/www.eldiario.net\/portal\/wp-content\/uploads\/2023\/06\/compania-3-scaled-1-1068x899.jpg 1068w, https:\/\/www.eldiario.net\/portal\/wp-content\/uploads\/2023\/06\/compania-3-scaled-1-1920x1616.jpg 1920w\" sizes=\"auto, (max-width: 300px) 100vw, 300px\" \/><\/a>\n\t\t\t<\/div><\/figure><figure class='gallery-item'>\n\t\t\t<div class='gallery-icon landscape'>\n\t\t\t\t<a href='https:\/\/www.eldiario.net\/portal\/2023\/06\/28\/la-compania-ballet-clasico-explora-la-corporalidad-y-expresividad-de-la-danza\/compania-4\/'><img loading=\"lazy\" decoding=\"async\" width=\"300\" height=\"150\" src=\"https:\/\/www.eldiario.net\/portal\/wp-content\/uploads\/2023\/06\/compania-4-scaled-1-300x150.jpg\" class=\"attachment-medium size-medium\" alt=\"\" srcset=\"https:\/\/www.eldiario.net\/portal\/wp-content\/uploads\/2023\/06\/compania-4-scaled-1-300x150.jpg 300w, https:\/\/www.eldiario.net\/portal\/wp-content\/uploads\/2023\/06\/compania-4-scaled-1-1024x512.jpg 1024w, https:\/\/www.eldiario.net\/portal\/wp-content\/uploads\/2023\/06\/compania-4-scaled-1-768x384.jpg 768w, https:\/\/www.eldiario.net\/portal\/wp-content\/uploads\/2023\/06\/compania-4-scaled-1-1536x768.jpg 1536w, https:\/\/www.eldiario.net\/portal\/wp-content\/uploads\/2023\/06\/compania-4-scaled-1-2048x1024.jpg 2048w, https:\/\/www.eldiario.net\/portal\/wp-content\/uploads\/2023\/06\/compania-4-scaled-1-696x348.jpg 696w, https:\/\/www.eldiario.net\/portal\/wp-content\/uploads\/2023\/06\/compania-4-scaled-1-1068x534.jpg 1068w, https:\/\/www.eldiario.net\/portal\/wp-content\/uploads\/2023\/06\/compania-4-scaled-1-1920x960.jpg 1920w\" sizes=\"auto, (max-width: 300px) 100vw, 300px\" \/><\/a>\n\t\t\t<\/div><\/figure><figure class='gallery-item'>\n\t\t\t<div class='gallery-icon portrait'>\n\t\t\t\t<a href='https:\/\/www.eldiario.net\/portal\/2023\/06\/28\/la-compania-ballet-clasico-explora-la-corporalidad-y-expresividad-de-la-danza\/compania-5\/'><img loading=\"lazy\" decoding=\"async\" width=\"268\" height=\"300\" src=\"https:\/\/www.eldiario.net\/portal\/wp-content\/uploads\/2023\/06\/compania-5-scaled-1-268x300.jpg\" class=\"attachment-medium size-medium\" alt=\"\" srcset=\"https:\/\/www.eldiario.net\/portal\/wp-content\/uploads\/2023\/06\/compania-5-scaled-1-268x300.jpg 268w, https:\/\/www.eldiario.net\/portal\/wp-content\/uploads\/2023\/06\/compania-5-scaled-1-914x1024.jpg 914w, https:\/\/www.eldiario.net\/portal\/wp-content\/uploads\/2023\/06\/compania-5-scaled-1-768x860.jpg 768w, https:\/\/www.eldiario.net\/portal\/wp-content\/uploads\/2023\/06\/compania-5-scaled-1-1371x1536.jpg 1371w, https:\/\/www.eldiario.net\/portal\/wp-content\/uploads\/2023\/06\/compania-5-scaled-1-1828x2048.jpg 1828w, https:\/\/www.eldiario.net\/portal\/wp-content\/uploads\/2023\/06\/compania-5-scaled-1-696x780.jpg 696w, https:\/\/www.eldiario.net\/portal\/wp-content\/uploads\/2023\/06\/compania-5-scaled-1-1068x1197.jpg 1068w, https:\/\/www.eldiario.net\/portal\/wp-content\/uploads\/2023\/06\/compania-5-scaled-1-1920x2151.jpg 1920w\" sizes=\"auto, (max-width: 268px) 100vw, 268px\" \/><\/a>\n\t\t\t<\/div><\/figure>\n\t\t<\/div>\n\n","protected":false},"excerpt":{"rendered":"<p>Despu\u00e9s de varios meses de preparaci\u00f3n, el colectivo de bailarines profesionales \u201cLa Compa\u00f1\u00eda: Ballet Cl\u00e1sico\u201d presenta un desafiante repertorio, con tres obras que exploran los diversos aspectos de la corporalidad y expresividad de la danza, en un despliegue de virtuosismo t\u00e9cnico que caracteriza a este elenco. \u00c1ngeles de Arena de Francisco Centeno, Concierto de Norma [&hellip;]<\/p>\n","protected":false},"author":1,"featured_media":162472,"comment_status":"closed","ping_status":"closed","sticky":false,"template":"","format":"standard","meta":{"_acf_changed":false,"footnotes":""},"categories":[41],"tags":[],"class_list":["post-162471","post","type-post","status-publish","format-standard","has-post-thumbnail","category-la-guia"],"acf":{"antetitulo":""},"yoast_head":"<!-- This site is optimized with the Yoast SEO plugin v28.4 - https:\/\/yoast.com\/product\/yoast-seo-wordpress\/ -->\n<title>La Compa\u00f1\u00eda: Ballet Cl\u00e1sico explora la corporalidad y expresividad de la danza - El Diario - Bolivia<\/title>\n<meta name=\"robots\" content=\"index, follow, max-snippet:-1, max-image-preview:large, max-video-preview:-1\" \/>\n<link rel=\"canonical\" href=\"https:\/\/www.eldiario.net\/portal\/2023\/06\/28\/la-compania-ballet-clasico-explora-la-corporalidad-y-expresividad-de-la-danza\/\" \/>\n<meta property=\"og:locale\" content=\"es_ES\" \/>\n<meta property=\"og:type\" content=\"article\" \/>\n<meta property=\"og:title\" content=\"La Compa\u00f1\u00eda: Ballet Cl\u00e1sico explora la corporalidad y expresividad de la danza - El Diario - Bolivia\" \/>\n<meta property=\"og:description\" content=\"Despu\u00e9s de varios meses de preparaci\u00f3n, el colectivo de bailarines profesionales \u201cLa Compa\u00f1\u00eda: Ballet Cl\u00e1sico\u201d presenta un desafiante repertorio, con tres obras que exploran los diversos aspectos de la corporalidad y expresividad de la danza, en un despliegue de virtuosismo t\u00e9cnico que caracteriza a este elenco. \u00c1ngeles de Arena de Francisco Centeno, Concierto de Norma [&hellip;]\" \/>\n<meta property=\"og:url\" content=\"https:\/\/www.eldiario.net\/portal\/2023\/06\/28\/la-compania-ballet-clasico-explora-la-corporalidad-y-expresividad-de-la-danza\/\" \/>\n<meta property=\"og:site_name\" content=\"El Diario - Bolivia\" \/>\n<meta property=\"article:publisher\" content=\"https:\/\/www.facebook.com\/eldiario.bolivia\/\" \/>\n<meta property=\"article:published_time\" content=\"2023-06-28T11:00:34+00:00\" \/>\n<meta property=\"og:image\" content=\"https:\/\/www.eldiario.net\/portal\/wp-content\/uploads\/2023\/06\/compania-1-PRINCIPAL-scaled-1.jpg\" \/>\n\t<meta property=\"og:image:width\" content=\"2560\" \/>\n\t<meta property=\"og:image:height\" content=\"1707\" \/>\n\t<meta property=\"og:image:type\" content=\"image\/jpeg\" \/>\n<meta name=\"author\" content=\"Jeanette\" \/>\n<meta name=\"twitter:card\" content=\"summary_large_image\" \/>\n<meta name=\"twitter:creator\" content=\"@eldiario_net\" \/>\n<meta name=\"twitter:site\" content=\"@eldiario_net\" \/>\n<meta name=\"twitter:label1\" content=\"Escrito por\" \/>\n\t<meta name=\"twitter:data1\" content=\"Jeanette\" \/>\n\t<meta name=\"twitter:label2\" content=\"Tiempo de lectura\" \/>\n\t<meta name=\"twitter:data2\" content=\"6 minutos\" \/>\n<script type=\"application\/ld+json\" class=\"yoast-schema-graph\">{\"@context\":\"https:\\\/\\\/schema.org\",\"@graph\":[{\"@type\":\"Article\",\"@id\":\"https:\\\/\\\/www.eldiario.net\\\/portal\\\/2023\\\/06\\\/28\\\/la-compania-ballet-clasico-explora-la-corporalidad-y-expresividad-de-la-danza\\\/#article\",\"isPartOf\":{\"@id\":\"https:\\\/\\\/www.eldiario.net\\\/portal\\\/2023\\\/06\\\/28\\\/la-compania-ballet-clasico-explora-la-corporalidad-y-expresividad-de-la-danza\\\/\"},\"author\":{\"name\":\"Jeanette\",\"@id\":\"https:\\\/\\\/www.eldiario.net\\\/portal\\\/#\\\/schema\\\/person\\\/2c57cf2b7a7ae032e449e4c9b1019eac\"},\"headline\":\"La Compa\u00f1\u00eda: Ballet Cl\u00e1sico explora la corporalidad y expresividad de la danza\",\"datePublished\":\"2023-06-28T11:00:34+00:00\",\"mainEntityOfPage\":{\"@id\":\"https:\\\/\\\/www.eldiario.net\\\/portal\\\/2023\\\/06\\\/28\\\/la-compania-ballet-clasico-explora-la-corporalidad-y-expresividad-de-la-danza\\\/\"},\"wordCount\":1356,\"publisher\":{\"@id\":\"https:\\\/\\\/www.eldiario.net\\\/portal\\\/#organization\"},\"image\":{\"@id\":\"https:\\\/\\\/www.eldiario.net\\\/portal\\\/2023\\\/06\\\/28\\\/la-compania-ballet-clasico-explora-la-corporalidad-y-expresividad-de-la-danza\\\/#primaryimage\"},\"thumbnailUrl\":\"https:\\\/\\\/www.eldiario.net\\\/portal\\\/wp-content\\\/uploads\\\/2023\\\/06\\\/compania-1-PRINCIPAL-scaled-1.jpg\",\"articleSection\":[\"La Gu\u00eda\"],\"inLanguage\":\"es\"},{\"@type\":\"WebPage\",\"@id\":\"https:\\\/\\\/www.eldiario.net\\\/portal\\\/2023\\\/06\\\/28\\\/la-compania-ballet-clasico-explora-la-corporalidad-y-expresividad-de-la-danza\\\/\",\"url\":\"https:\\\/\\\/www.eldiario.net\\\/portal\\\/2023\\\/06\\\/28\\\/la-compania-ballet-clasico-explora-la-corporalidad-y-expresividad-de-la-danza\\\/\",\"name\":\"La Compa\u00f1\u00eda: Ballet Cl\u00e1sico explora la corporalidad y expresividad de la danza - El Diario - Bolivia\",\"isPartOf\":{\"@id\":\"https:\\\/\\\/www.eldiario.net\\\/portal\\\/#website\"},\"primaryImageOfPage\":{\"@id\":\"https:\\\/\\\/www.eldiario.net\\\/portal\\\/2023\\\/06\\\/28\\\/la-compania-ballet-clasico-explora-la-corporalidad-y-expresividad-de-la-danza\\\/#primaryimage\"},\"image\":{\"@id\":\"https:\\\/\\\/www.eldiario.net\\\/portal\\\/2023\\\/06\\\/28\\\/la-compania-ballet-clasico-explora-la-corporalidad-y-expresividad-de-la-danza\\\/#primaryimage\"},\"thumbnailUrl\":\"https:\\\/\\\/www.eldiario.net\\\/portal\\\/wp-content\\\/uploads\\\/2023\\\/06\\\/compania-1-PRINCIPAL-scaled-1.jpg\",\"datePublished\":\"2023-06-28T11:00:34+00:00\",\"breadcrumb\":{\"@id\":\"https:\\\/\\\/www.eldiario.net\\\/portal\\\/2023\\\/06\\\/28\\\/la-compania-ballet-clasico-explora-la-corporalidad-y-expresividad-de-la-danza\\\/#breadcrumb\"},\"inLanguage\":\"es\",\"potentialAction\":[{\"@type\":\"ReadAction\",\"target\":[\"https:\\\/\\\/www.eldiario.net\\\/portal\\\/2023\\\/06\\\/28\\\/la-compania-ballet-clasico-explora-la-corporalidad-y-expresividad-de-la-danza\\\/\"]}]},{\"@type\":\"ImageObject\",\"inLanguage\":\"es\",\"@id\":\"https:\\\/\\\/www.eldiario.net\\\/portal\\\/2023\\\/06\\\/28\\\/la-compania-ballet-clasico-explora-la-corporalidad-y-expresividad-de-la-danza\\\/#primaryimage\",\"url\":\"https:\\\/\\\/www.eldiario.net\\\/portal\\\/wp-content\\\/uploads\\\/2023\\\/06\\\/compania-1-PRINCIPAL-scaled-1.jpg\",\"contentUrl\":\"https:\\\/\\\/www.eldiario.net\\\/portal\\\/wp-content\\\/uploads\\\/2023\\\/06\\\/compania-1-PRINCIPAL-scaled-1.jpg\",\"width\":2560,\"height\":1707},{\"@type\":\"BreadcrumbList\",\"@id\":\"https:\\\/\\\/www.eldiario.net\\\/portal\\\/2023\\\/06\\\/28\\\/la-compania-ballet-clasico-explora-la-corporalidad-y-expresividad-de-la-danza\\\/#breadcrumb\",\"itemListElement\":[{\"@type\":\"ListItem\",\"position\":1,\"name\":\"Portada\",\"item\":\"https:\\\/\\\/www.eldiario.net\\\/portal\\\/\"},{\"@type\":\"ListItem\",\"position\":2,\"name\":\"La Compa\u00f1\u00eda: Ballet Cl\u00e1sico explora la corporalidad y expresividad de la danza\"}]},{\"@type\":\"WebSite\",\"@id\":\"https:\\\/\\\/www.eldiario.net\\\/portal\\\/#website\",\"url\":\"https:\\\/\\\/www.eldiario.net\\\/portal\\\/\",\"name\":\"El Diario - Decano de la prensa nacional\",\"description\":\"El Diario - Decano de la prensa nacional\",\"publisher\":{\"@id\":\"https:\\\/\\\/www.eldiario.net\\\/portal\\\/#organization\"},\"potentialAction\":[{\"@type\":\"SearchAction\",\"target\":{\"@type\":\"EntryPoint\",\"urlTemplate\":\"https:\\\/\\\/www.eldiario.net\\\/portal\\\/?s={search_term_string}\"},\"query-input\":{\"@type\":\"PropertyValueSpecification\",\"valueRequired\":true,\"valueName\":\"search_term_string\"}}],\"inLanguage\":\"es\"},{\"@type\":\"Organization\",\"@id\":\"https:\\\/\\\/www.eldiario.net\\\/portal\\\/#organization\",\"name\":\"El Diario - Decano de la prensa nacional\",\"url\":\"https:\\\/\\\/www.eldiario.net\\\/portal\\\/\",\"logo\":{\"@type\":\"ImageObject\",\"inLanguage\":\"es\",\"@id\":\"https:\\\/\\\/www.eldiario.net\\\/portal\\\/#\\\/schema\\\/logo\\\/image\\\/\",\"url\":\"https:\\\/\\\/www.eldiario.net\\\/portal\\\/wp-content\\\/uploads\\\/2023\\\/07\\\/logo_ED.jpg\",\"contentUrl\":\"https:\\\/\\\/www.eldiario.net\\\/portal\\\/wp-content\\\/uploads\\\/2023\\\/07\\\/logo_ED.jpg\",\"width\":272,\"height\":52,\"caption\":\"El Diario - Decano de la prensa nacional\"},\"image\":{\"@id\":\"https:\\\/\\\/www.eldiario.net\\\/portal\\\/#\\\/schema\\\/logo\\\/image\\\/\"},\"sameAs\":[\"https:\\\/\\\/www.facebook.com\\\/eldiario.bolivia\\\/\",\"https:\\\/\\\/x.com\\\/eldiario_net\"]},{\"@type\":\"Person\",\"@id\":\"https:\\\/\\\/www.eldiario.net\\\/portal\\\/#\\\/schema\\\/person\\\/2c57cf2b7a7ae032e449e4c9b1019eac\",\"name\":\"Jeanette\",\"image\":{\"@type\":\"ImageObject\",\"inLanguage\":\"es\",\"@id\":\"https:\\\/\\\/secure.gravatar.com\\\/avatar\\\/3ea2118a5f7dad2b7138b1187a6b7ee55f160b9968b66013c3a3ef39dd7e5798?s=96&d=mm&r=g\",\"url\":\"https:\\\/\\\/secure.gravatar.com\\\/avatar\\\/3ea2118a5f7dad2b7138b1187a6b7ee55f160b9968b66013c3a3ef39dd7e5798?s=96&d=mm&r=g\",\"contentUrl\":\"https:\\\/\\\/secure.gravatar.com\\\/avatar\\\/3ea2118a5f7dad2b7138b1187a6b7ee55f160b9968b66013c3a3ef39dd7e5798?s=96&d=mm&r=g\",\"caption\":\"Jeanette\"},\"sameAs\":[\"https:\\\/\\\/www.eldiario.net\\\/portal\"],\"url\":\"https:\\\/\\\/www.eldiario.net\\\/portal\\\/author\\\/jeanette\\\/\"}]}<\/script>\n<!-- \/ Yoast SEO plugin. -->","yoast_head_json":{"title":"La Compa\u00f1\u00eda: Ballet Cl\u00e1sico explora la corporalidad y expresividad de la danza - El Diario - Bolivia","robots":{"index":"index","follow":"follow","max-snippet":"max-snippet:-1","max-image-preview":"max-image-preview:large","max-video-preview":"max-video-preview:-1"},"canonical":"https:\/\/www.eldiario.net\/portal\/2023\/06\/28\/la-compania-ballet-clasico-explora-la-corporalidad-y-expresividad-de-la-danza\/","og_locale":"es_ES","og_type":"article","og_title":"La Compa\u00f1\u00eda: Ballet Cl\u00e1sico explora la corporalidad y expresividad de la danza - El Diario - Bolivia","og_description":"Despu\u00e9s de varios meses de preparaci\u00f3n, el colectivo de bailarines profesionales \u201cLa Compa\u00f1\u00eda: Ballet Cl\u00e1sico\u201d presenta un desafiante repertorio, con tres obras que exploran los diversos aspectos de la corporalidad y expresividad de la danza, en un despliegue de virtuosismo t\u00e9cnico que caracteriza a este elenco. \u00c1ngeles de Arena de Francisco Centeno, Concierto de Norma [&hellip;]","og_url":"https:\/\/www.eldiario.net\/portal\/2023\/06\/28\/la-compania-ballet-clasico-explora-la-corporalidad-y-expresividad-de-la-danza\/","og_site_name":"El Diario - Bolivia","article_publisher":"https:\/\/www.facebook.com\/eldiario.bolivia\/","article_published_time":"2023-06-28T11:00:34+00:00","og_image":[{"width":2560,"height":1707,"url":"https:\/\/www.eldiario.net\/portal\/wp-content\/uploads\/2023\/06\/compania-1-PRINCIPAL-scaled-1.jpg","type":"image\/jpeg"}],"author":"Jeanette","twitter_card":"summary_large_image","twitter_creator":"@eldiario_net","twitter_site":"@eldiario_net","twitter_misc":{"Escrito por":"Jeanette","Tiempo de lectura":"6 minutos"},"schema":{"@context":"https:\/\/schema.org","@graph":[{"@type":"Article","@id":"https:\/\/www.eldiario.net\/portal\/2023\/06\/28\/la-compania-ballet-clasico-explora-la-corporalidad-y-expresividad-de-la-danza\/#article","isPartOf":{"@id":"https:\/\/www.eldiario.net\/portal\/2023\/06\/28\/la-compania-ballet-clasico-explora-la-corporalidad-y-expresividad-de-la-danza\/"},"author":{"name":"Jeanette","@id":"https:\/\/www.eldiario.net\/portal\/#\/schema\/person\/2c57cf2b7a7ae032e449e4c9b1019eac"},"headline":"La Compa\u00f1\u00eda: Ballet Cl\u00e1sico explora la corporalidad y expresividad de la danza","datePublished":"2023-06-28T11:00:34+00:00","mainEntityOfPage":{"@id":"https:\/\/www.eldiario.net\/portal\/2023\/06\/28\/la-compania-ballet-clasico-explora-la-corporalidad-y-expresividad-de-la-danza\/"},"wordCount":1356,"publisher":{"@id":"https:\/\/www.eldiario.net\/portal\/#organization"},"image":{"@id":"https:\/\/www.eldiario.net\/portal\/2023\/06\/28\/la-compania-ballet-clasico-explora-la-corporalidad-y-expresividad-de-la-danza\/#primaryimage"},"thumbnailUrl":"https:\/\/www.eldiario.net\/portal\/wp-content\/uploads\/2023\/06\/compania-1-PRINCIPAL-scaled-1.jpg","articleSection":["La Gu\u00eda"],"inLanguage":"es"},{"@type":"WebPage","@id":"https:\/\/www.eldiario.net\/portal\/2023\/06\/28\/la-compania-ballet-clasico-explora-la-corporalidad-y-expresividad-de-la-danza\/","url":"https:\/\/www.eldiario.net\/portal\/2023\/06\/28\/la-compania-ballet-clasico-explora-la-corporalidad-y-expresividad-de-la-danza\/","name":"La Compa\u00f1\u00eda: Ballet Cl\u00e1sico explora la corporalidad y expresividad de la danza - El Diario - Bolivia","isPartOf":{"@id":"https:\/\/www.eldiario.net\/portal\/#website"},"primaryImageOfPage":{"@id":"https:\/\/www.eldiario.net\/portal\/2023\/06\/28\/la-compania-ballet-clasico-explora-la-corporalidad-y-expresividad-de-la-danza\/#primaryimage"},"image":{"@id":"https:\/\/www.eldiario.net\/portal\/2023\/06\/28\/la-compania-ballet-clasico-explora-la-corporalidad-y-expresividad-de-la-danza\/#primaryimage"},"thumbnailUrl":"https:\/\/www.eldiario.net\/portal\/wp-content\/uploads\/2023\/06\/compania-1-PRINCIPAL-scaled-1.jpg","datePublished":"2023-06-28T11:00:34+00:00","breadcrumb":{"@id":"https:\/\/www.eldiario.net\/portal\/2023\/06\/28\/la-compania-ballet-clasico-explora-la-corporalidad-y-expresividad-de-la-danza\/#breadcrumb"},"inLanguage":"es","potentialAction":[{"@type":"ReadAction","target":["https:\/\/www.eldiario.net\/portal\/2023\/06\/28\/la-compania-ballet-clasico-explora-la-corporalidad-y-expresividad-de-la-danza\/"]}]},{"@type":"ImageObject","inLanguage":"es","@id":"https:\/\/www.eldiario.net\/portal\/2023\/06\/28\/la-compania-ballet-clasico-explora-la-corporalidad-y-expresividad-de-la-danza\/#primaryimage","url":"https:\/\/www.eldiario.net\/portal\/wp-content\/uploads\/2023\/06\/compania-1-PRINCIPAL-scaled-1.jpg","contentUrl":"https:\/\/www.eldiario.net\/portal\/wp-content\/uploads\/2023\/06\/compania-1-PRINCIPAL-scaled-1.jpg","width":2560,"height":1707},{"@type":"BreadcrumbList","@id":"https:\/\/www.eldiario.net\/portal\/2023\/06\/28\/la-compania-ballet-clasico-explora-la-corporalidad-y-expresividad-de-la-danza\/#breadcrumb","itemListElement":[{"@type":"ListItem","position":1,"name":"Portada","item":"https:\/\/www.eldiario.net\/portal\/"},{"@type":"ListItem","position":2,"name":"La Compa\u00f1\u00eda: Ballet Cl\u00e1sico explora la corporalidad y expresividad de la danza"}]},{"@type":"WebSite","@id":"https:\/\/www.eldiario.net\/portal\/#website","url":"https:\/\/www.eldiario.net\/portal\/","name":"El Diario - Decano de la prensa nacional","description":"El Diario - Decano de la prensa nacional","publisher":{"@id":"https:\/\/www.eldiario.net\/portal\/#organization"},"potentialAction":[{"@type":"SearchAction","target":{"@type":"EntryPoint","urlTemplate":"https:\/\/www.eldiario.net\/portal\/?s={search_term_string}"},"query-input":{"@type":"PropertyValueSpecification","valueRequired":true,"valueName":"search_term_string"}}],"inLanguage":"es"},{"@type":"Organization","@id":"https:\/\/www.eldiario.net\/portal\/#organization","name":"El Diario - Decano de la prensa nacional","url":"https:\/\/www.eldiario.net\/portal\/","logo":{"@type":"ImageObject","inLanguage":"es","@id":"https:\/\/www.eldiario.net\/portal\/#\/schema\/logo\/image\/","url":"https:\/\/www.eldiario.net\/portal\/wp-content\/uploads\/2023\/07\/logo_ED.jpg","contentUrl":"https:\/\/www.eldiario.net\/portal\/wp-content\/uploads\/2023\/07\/logo_ED.jpg","width":272,"height":52,"caption":"El Diario - Decano de la prensa nacional"},"image":{"@id":"https:\/\/www.eldiario.net\/portal\/#\/schema\/logo\/image\/"},"sameAs":["https:\/\/www.facebook.com\/eldiario.bolivia\/","https:\/\/x.com\/eldiario_net"]},{"@type":"Person","@id":"https:\/\/www.eldiario.net\/portal\/#\/schema\/person\/2c57cf2b7a7ae032e449e4c9b1019eac","name":"Jeanette","image":{"@type":"ImageObject","inLanguage":"es","@id":"https:\/\/secure.gravatar.com\/avatar\/3ea2118a5f7dad2b7138b1187a6b7ee55f160b9968b66013c3a3ef39dd7e5798?s=96&d=mm&r=g","url":"https:\/\/secure.gravatar.com\/avatar\/3ea2118a5f7dad2b7138b1187a6b7ee55f160b9968b66013c3a3ef39dd7e5798?s=96&d=mm&r=g","contentUrl":"https:\/\/secure.gravatar.com\/avatar\/3ea2118a5f7dad2b7138b1187a6b7ee55f160b9968b66013c3a3ef39dd7e5798?s=96&d=mm&r=g","caption":"Jeanette"},"sameAs":["https:\/\/www.eldiario.net\/portal"],"url":"https:\/\/www.eldiario.net\/portal\/author\/jeanette\/"}]}},"_links":{"self":[{"href":"https:\/\/www.eldiario.net\/portal\/wp-json\/wp\/v2\/posts\/162471","targetHints":{"allow":["GET"]}}],"collection":[{"href":"https:\/\/www.eldiario.net\/portal\/wp-json\/wp\/v2\/posts"}],"about":[{"href":"https:\/\/www.eldiario.net\/portal\/wp-json\/wp\/v2\/types\/post"}],"author":[{"embeddable":true,"href":"https:\/\/www.eldiario.net\/portal\/wp-json\/wp\/v2\/users\/1"}],"replies":[{"embeddable":true,"href":"https:\/\/www.eldiario.net\/portal\/wp-json\/wp\/v2\/comments?post=162471"}],"version-history":[{"count":0,"href":"https:\/\/www.eldiario.net\/portal\/wp-json\/wp\/v2\/posts\/162471\/revisions"}],"wp:featuredmedia":[{"embeddable":true,"href":"https:\/\/www.eldiario.net\/portal\/wp-json\/wp\/v2\/media\/162472"}],"wp:attachment":[{"href":"https:\/\/www.eldiario.net\/portal\/wp-json\/wp\/v2\/media?parent=162471"}],"wp:term":[{"taxonomy":"category","embeddable":true,"href":"https:\/\/www.eldiario.net\/portal\/wp-json\/wp\/v2\/categories?post=162471"},{"taxonomy":"post_tag","embeddable":true,"href":"https:\/\/www.eldiario.net\/portal\/wp-json\/wp\/v2\/tags?post=162471"}],"curies":[{"name":"wp","href":"https:\/\/api.w.org\/{rel}","templated":true}]}}