{"id":162451,"date":"2023-06-28T06:53:11","date_gmt":"2023-06-28T10:53:11","guid":{"rendered":"https:\/\/www.eldiario.net\/portal\/?p=162451"},"modified":"2023-06-28T06:53:11","modified_gmt":"2023-06-28T10:53:11","slug":"iliana-arsova-escaladora-del-everest-visita-bolivia-para-empoderar-a-las-mujeres-deportistas","status":"publish","type":"post","link":"https:\/\/www.eldiario.net\/portal\/2023\/06\/28\/iliana-arsova-escaladora-del-everest-visita-bolivia-para-empoderar-a-las-mujeres-deportistas\/","title":{"rendered":"Iliana Arsova, escaladora del Everest, visita Bolivia para empoderar a las mujeres deportistas"},"content":{"rendered":"<p>Como parte del proyecto Strong Women Better World, Banco Ecofuturo, en coordinaci\u00f3n con Global Sports Mentoring Program, recibieron a Ilina Arsova, escaladora mundial que logr\u00f3 llegar a la cima de los siete picos m\u00e1s altos en distintos continentes, entre ellos el Everest.<br \/>\n\u00abLas mujeres tienen la convicci\u00f3n y la fuerza para mostrar lide-razgo, por eso esta actividad quiere promover la participaci\u00f3n y el empoderamiento de las mujeres en el deporte. Es as\u00ed que hemos invitado a la deportista de talla mundial, que estar\u00e1 acompa\u00f1ada por la deportista chuquisaque\u00f1a Maira Coll, ambas compartir\u00e1n sus conocimientos sobre la organizaci\u00f3n y c\u00f3mo un deportista puede llegar a entrenar y competir en una instancia ol\u00edmpica\u00bb, destac\u00f3 el gerente General de la entidad financiera, Alejandro Bustillos.<br \/>\nEn la oportunidad, la activista de Macedonia mostr\u00f3 su destreza y aptitudes deportistas al descender de una de las torres del edificio central de Ecofuturo.<br \/>\nDurante el acto, Ecofuturo don\u00f3 una cuerda de 50 mts., especial para escalada, a la organizaci\u00f3n Mujer Monta\u00f1a en La Paz.<\/p>\n<div id='gallery-1' class='gallery galleryid-162451 gallery-columns-3 gallery-size-medium'><figure class='gallery-item'>\n\t\t\t<div class='gallery-icon landscape'>\n\t\t\t\t<a href='https:\/\/www.eldiario.net\/portal\/2023\/06\/28\/iliana-arsova-escaladora-del-everest-visita-bolivia-para-empoderar-a-las-mujeres-deportistas\/dsc_8659\/'><img loading=\"lazy\" decoding=\"async\" width=\"300\" height=\"200\" src=\"https:\/\/www.eldiario.net\/portal\/wp-content\/uploads\/2023\/06\/DSC_8659-300x200.jpg\" class=\"attachment-medium size-medium\" alt=\"\" aria-describedby=\"gallery-1-162452\" srcset=\"https:\/\/www.eldiario.net\/portal\/wp-content\/uploads\/2023\/06\/DSC_8659-300x200.jpg 300w, https:\/\/www.eldiario.net\/portal\/wp-content\/uploads\/2023\/06\/DSC_8659-768x512.jpg 768w, https:\/\/www.eldiario.net\/portal\/wp-content\/uploads\/2023\/06\/DSC_8659-696x464.jpg 696w, https:\/\/www.eldiario.net\/portal\/wp-content\/uploads\/2023\/06\/DSC_8659.jpg 1000w\" sizes=\"auto, (max-width: 300px) 100vw, 300px\" \/><\/a>\n\t\t\t<\/div>\n\t\t\t\t<figcaption class='wp-caption-text gallery-caption' id='gallery-1-162452'>\n\t\t\t\tOTRA INSTANCIA DEL ACTO REALIZADO EN EL AUDITORIO DE ECOFUTURO.\n\t\t\t\t<\/figcaption><\/figure><figure class='gallery-item'>\n\t\t\t<div class='gallery-icon landscape'>\n\t\t\t\t<a href='https:\/\/www.eldiario.net\/portal\/2023\/06\/28\/iliana-arsova-escaladora-del-everest-visita-bolivia-para-empoderar-a-las-mujeres-deportistas\/dsc_8660-2\/'><img loading=\"lazy\" decoding=\"async\" width=\"300\" height=\"200\" src=\"https:\/\/www.eldiario.net\/portal\/wp-content\/uploads\/2023\/06\/DSC_8660-300x200.jpg\" class=\"attachment-medium size-medium\" alt=\"\" aria-describedby=\"gallery-1-162453\" srcset=\"https:\/\/www.eldiario.net\/portal\/wp-content\/uploads\/2023\/06\/DSC_8660-300x200.jpg 300w, https:\/\/www.eldiario.net\/portal\/wp-content\/uploads\/2023\/06\/DSC_8660-768x512.jpg 768w, https:\/\/www.eldiario.net\/portal\/wp-content\/uploads\/2023\/06\/DSC_8660-696x464.jpg 696w, https:\/\/www.eldiario.net\/portal\/wp-content\/uploads\/2023\/06\/DSC_8660.jpg 1000w\" sizes=\"auto, (max-width: 300px) 100vw, 300px\" \/><\/a>\n\t\t\t<\/div>\n\t\t\t\t<figcaption class='wp-caption-text gallery-caption' id='gallery-1-162453'>\n\t\t\t\tMIGUEL PARDO, ELIO VILLAVICENCIO, ROBERTO DELGADILLO Y RA\u00daL RAMALLO, EJECUTIVOS DE BANCO ECOFUTURO.\n\t\t\t\t<\/figcaption><\/figure><figure class='gallery-item'>\n\t\t\t<div class='gallery-icon portrait'>\n\t\t\t\t<a href='https:\/\/www.eldiario.net\/portal\/2023\/06\/28\/iliana-arsova-escaladora-del-everest-visita-bolivia-para-empoderar-a-las-mujeres-deportistas\/dsc_8674-2\/'><img loading=\"lazy\" decoding=\"async\" width=\"200\" height=\"300\" src=\"https:\/\/www.eldiario.net\/portal\/wp-content\/uploads\/2023\/06\/DSC_8674-200x300.jpg\" class=\"attachment-medium size-medium\" alt=\"\" aria-describedby=\"gallery-1-162454\" srcset=\"https:\/\/www.eldiario.net\/portal\/wp-content\/uploads\/2023\/06\/DSC_8674-200x300.jpg 200w, https:\/\/www.eldiario.net\/portal\/wp-content\/uploads\/2023\/06\/DSC_8674-683x1024.jpg 683w, https:\/\/www.eldiario.net\/portal\/wp-content\/uploads\/2023\/06\/DSC_8674-768x1152.jpg 768w, https:\/\/www.eldiario.net\/portal\/wp-content\/uploads\/2023\/06\/DSC_8674-696x1044.jpg 696w, https:\/\/www.eldiario.net\/portal\/wp-content\/uploads\/2023\/06\/DSC_8674.jpg 1000w\" sizes=\"auto, (max-width: 200px) 100vw, 200px\" \/><\/a>\n\t\t\t<\/div>\n\t\t\t\t<figcaption class='wp-caption-text gallery-caption' id='gallery-1-162454'>\n\t\t\t\tILINA ARSOVA, DESCIENDE DE UNA DE LAS TORRES DE ECOFUTURO.\n\t\t\t\t<\/figcaption><\/figure><figure class='gallery-item'>\n\t\t\t<div class='gallery-icon landscape'>\n\t\t\t\t<a href='https:\/\/www.eldiario.net\/portal\/2023\/06\/28\/iliana-arsova-escaladora-del-everest-visita-bolivia-para-empoderar-a-las-mujeres-deportistas\/dsc_8698-2\/'><img loading=\"lazy\" decoding=\"async\" width=\"300\" height=\"200\" src=\"https:\/\/www.eldiario.net\/portal\/wp-content\/uploads\/2023\/06\/DSC_8698-300x200.jpg\" class=\"attachment-medium size-medium\" alt=\"\" aria-describedby=\"gallery-1-162455\" srcset=\"https:\/\/www.eldiario.net\/portal\/wp-content\/uploads\/2023\/06\/DSC_8698-300x200.jpg 300w, https:\/\/www.eldiario.net\/portal\/wp-content\/uploads\/2023\/06\/DSC_8698-768x512.jpg 768w, https:\/\/www.eldiario.net\/portal\/wp-content\/uploads\/2023\/06\/DSC_8698-696x464.jpg 696w, https:\/\/www.eldiario.net\/portal\/wp-content\/uploads\/2023\/06\/DSC_8698.jpg 1000w\" sizes=\"auto, (max-width: 300px) 100vw, 300px\" \/><\/a>\n\t\t\t<\/div>\n\t\t\t\t<figcaption class='wp-caption-text gallery-caption' id='gallery-1-162455'>\n\t\t\t\tILINA ARSOVA, ALEJANDRO BUSTILLOS, GERENTE GENERAL DE ECOFUTURO, Y \u00d3SCAR CH\u00c1VEZ.\n\t\t\t\t<\/figcaption><\/figure><figure class='gallery-item'>\n\t\t\t<div class='gallery-icon portrait'>\n\t\t\t\t<a href='https:\/\/www.eldiario.net\/portal\/2023\/06\/28\/iliana-arsova-escaladora-del-everest-visita-bolivia-para-empoderar-a-las-mujeres-deportistas\/dsc_8701-2\/'><img loading=\"lazy\" decoding=\"async\" width=\"200\" height=\"300\" src=\"https:\/\/www.eldiario.net\/portal\/wp-content\/uploads\/2023\/06\/DSC_8701-200x300.jpg\" class=\"attachment-medium size-medium\" alt=\"\" aria-describedby=\"gallery-1-162456\" srcset=\"https:\/\/www.eldiario.net\/portal\/wp-content\/uploads\/2023\/06\/DSC_8701-200x300.jpg 200w, https:\/\/www.eldiario.net\/portal\/wp-content\/uploads\/2023\/06\/DSC_8701-683x1024.jpg 683w, https:\/\/www.eldiario.net\/portal\/wp-content\/uploads\/2023\/06\/DSC_8701-768x1152.jpg 768w, https:\/\/www.eldiario.net\/portal\/wp-content\/uploads\/2023\/06\/DSC_8701-696x1044.jpg 696w, https:\/\/www.eldiario.net\/portal\/wp-content\/uploads\/2023\/06\/DSC_8701.jpg 1000w\" sizes=\"auto, (max-width: 200px) 100vw, 200px\" \/><\/a>\n\t\t\t<\/div>\n\t\t\t\t<figcaption class='wp-caption-text gallery-caption' id='gallery-1-162456'>\n\t\t\t\tLA ESCALADORA DE TALLA MJNDIAL ILINA ARSOVA.\n\t\t\t\t<\/figcaption><\/figure>\n\t\t<\/div>\n\n","protected":false},"excerpt":{"rendered":"<p>Como parte del proyecto Strong Women Better World, Banco Ecofuturo, en coordinaci\u00f3n con Global Sports Mentoring Program, recibieron a Ilina Arsova, escaladora mundial que logr\u00f3 llegar a la cima de los siete picos m\u00e1s altos en distintos continentes, entre ellos el Everest. \u00abLas mujeres tienen la convicci\u00f3n y la fuerza para mostrar lide-razgo, por eso [&hellip;]<\/p>\n","protected":false},"author":1,"featured_media":162456,"comment_status":"closed","ping_status":"closed","sticky":false,"template":"","format":"standard","meta":{"_acf_changed":false,"footnotes":""},"categories":[40],"tags":[],"class_list":["post-162451","post","type-post","status-publish","format-standard","has-post-thumbnail","category-sociales"],"acf":{"antetitulo":""},"yoast_head":"<!-- This site is optimized with the Yoast SEO plugin v28.4 - https:\/\/yoast.com\/product\/yoast-seo-wordpress\/ -->\n<title>Iliana Arsova, escaladora del Everest, visita Bolivia para empoderar a las mujeres deportistas - El Diario - Bolivia<\/title>\n<meta name=\"robots\" content=\"index, follow, max-snippet:-1, max-image-preview:large, max-video-preview:-1\" \/>\n<link rel=\"canonical\" href=\"https:\/\/www.eldiario.net\/portal\/2023\/06\/28\/iliana-arsova-escaladora-del-everest-visita-bolivia-para-empoderar-a-las-mujeres-deportistas\/\" \/>\n<meta property=\"og:locale\" content=\"es_ES\" \/>\n<meta property=\"og:type\" content=\"article\" \/>\n<meta property=\"og:title\" content=\"Iliana Arsova, escaladora del Everest, visita Bolivia para empoderar a las mujeres deportistas - El Diario - Bolivia\" \/>\n<meta property=\"og:description\" content=\"Como parte del proyecto Strong Women Better World, Banco Ecofuturo, en coordinaci\u00f3n con Global Sports Mentoring Program, recibieron a Ilina Arsova, escaladora mundial que logr\u00f3 llegar a la cima de los siete picos m\u00e1s altos en distintos continentes, entre ellos el Everest. \u00abLas mujeres tienen la convicci\u00f3n y la fuerza para mostrar lide-razgo, por eso [&hellip;]\" \/>\n<meta property=\"og:url\" content=\"https:\/\/www.eldiario.net\/portal\/2023\/06\/28\/iliana-arsova-escaladora-del-everest-visita-bolivia-para-empoderar-a-las-mujeres-deportistas\/\" \/>\n<meta property=\"og:site_name\" content=\"El Diario - Bolivia\" \/>\n<meta property=\"article:publisher\" content=\"https:\/\/www.facebook.com\/eldiario.bolivia\/\" \/>\n<meta property=\"article:published_time\" content=\"2023-06-28T10:53:11+00:00\" \/>\n<meta property=\"og:image\" content=\"https:\/\/www.eldiario.net\/portal\/wp-content\/uploads\/2023\/06\/DSC_8701.jpg\" \/>\n\t<meta property=\"og:image:width\" content=\"1000\" \/>\n\t<meta property=\"og:image:height\" content=\"1500\" \/>\n\t<meta property=\"og:image:type\" content=\"image\/jpeg\" \/>\n<meta name=\"author\" content=\"Jeanette\" \/>\n<meta name=\"twitter:card\" content=\"summary_large_image\" \/>\n<meta name=\"twitter:creator\" content=\"@eldiario_net\" \/>\n<meta name=\"twitter:site\" content=\"@eldiario_net\" \/>\n<meta name=\"twitter:label1\" content=\"Escrito por\" \/>\n\t<meta name=\"twitter:data1\" content=\"Jeanette\" \/>\n\t<meta name=\"twitter:label2\" content=\"Tiempo de lectura\" \/>\n\t<meta name=\"twitter:data2\" content=\"1 minuto\" \/>\n<script type=\"application\/ld+json\" class=\"yoast-schema-graph\">{\"@context\":\"https:\\\/\\\/schema.org\",\"@graph\":[{\"@type\":\"Article\",\"@id\":\"https:\\\/\\\/www.eldiario.net\\\/portal\\\/2023\\\/06\\\/28\\\/iliana-arsova-escaladora-del-everest-visita-bolivia-para-empoderar-a-las-mujeres-deportistas\\\/#article\",\"isPartOf\":{\"@id\":\"https:\\\/\\\/www.eldiario.net\\\/portal\\\/2023\\\/06\\\/28\\\/iliana-arsova-escaladora-del-everest-visita-bolivia-para-empoderar-a-las-mujeres-deportistas\\\/\"},\"author\":{\"name\":\"Jeanette\",\"@id\":\"https:\\\/\\\/www.eldiario.net\\\/portal\\\/#\\\/schema\\\/person\\\/2c57cf2b7a7ae032e449e4c9b1019eac\"},\"headline\":\"Iliana Arsova, escaladora del Everest, visita Bolivia para empoderar a las mujeres deportistas\",\"datePublished\":\"2023-06-28T10:53:11+00:00\",\"mainEntityOfPage\":{\"@id\":\"https:\\\/\\\/www.eldiario.net\\\/portal\\\/2023\\\/06\\\/28\\\/iliana-arsova-escaladora-del-everest-visita-bolivia-para-empoderar-a-las-mujeres-deportistas\\\/\"},\"wordCount\":195,\"publisher\":{\"@id\":\"https:\\\/\\\/www.eldiario.net\\\/portal\\\/#organization\"},\"image\":{\"@id\":\"https:\\\/\\\/www.eldiario.net\\\/portal\\\/2023\\\/06\\\/28\\\/iliana-arsova-escaladora-del-everest-visita-bolivia-para-empoderar-a-las-mujeres-deportistas\\\/#primaryimage\"},\"thumbnailUrl\":\"https:\\\/\\\/www.eldiario.net\\\/portal\\\/wp-content\\\/uploads\\\/2023\\\/06\\\/DSC_8701.jpg\",\"articleSection\":[\"Sociales\"],\"inLanguage\":\"es\"},{\"@type\":\"WebPage\",\"@id\":\"https:\\\/\\\/www.eldiario.net\\\/portal\\\/2023\\\/06\\\/28\\\/iliana-arsova-escaladora-del-everest-visita-bolivia-para-empoderar-a-las-mujeres-deportistas\\\/\",\"url\":\"https:\\\/\\\/www.eldiario.net\\\/portal\\\/2023\\\/06\\\/28\\\/iliana-arsova-escaladora-del-everest-visita-bolivia-para-empoderar-a-las-mujeres-deportistas\\\/\",\"name\":\"Iliana Arsova, escaladora del Everest, visita Bolivia para empoderar a las mujeres deportistas - El Diario - Bolivia\",\"isPartOf\":{\"@id\":\"https:\\\/\\\/www.eldiario.net\\\/portal\\\/#website\"},\"primaryImageOfPage\":{\"@id\":\"https:\\\/\\\/www.eldiario.net\\\/portal\\\/2023\\\/06\\\/28\\\/iliana-arsova-escaladora-del-everest-visita-bolivia-para-empoderar-a-las-mujeres-deportistas\\\/#primaryimage\"},\"image\":{\"@id\":\"https:\\\/\\\/www.eldiario.net\\\/portal\\\/2023\\\/06\\\/28\\\/iliana-arsova-escaladora-del-everest-visita-bolivia-para-empoderar-a-las-mujeres-deportistas\\\/#primaryimage\"},\"thumbnailUrl\":\"https:\\\/\\\/www.eldiario.net\\\/portal\\\/wp-content\\\/uploads\\\/2023\\\/06\\\/DSC_8701.jpg\",\"datePublished\":\"2023-06-28T10:53:11+00:00\",\"breadcrumb\":{\"@id\":\"https:\\\/\\\/www.eldiario.net\\\/portal\\\/2023\\\/06\\\/28\\\/iliana-arsova-escaladora-del-everest-visita-bolivia-para-empoderar-a-las-mujeres-deportistas\\\/#breadcrumb\"},\"inLanguage\":\"es\",\"potentialAction\":[{\"@type\":\"ReadAction\",\"target\":[\"https:\\\/\\\/www.eldiario.net\\\/portal\\\/2023\\\/06\\\/28\\\/iliana-arsova-escaladora-del-everest-visita-bolivia-para-empoderar-a-las-mujeres-deportistas\\\/\"]}]},{\"@type\":\"ImageObject\",\"inLanguage\":\"es\",\"@id\":\"https:\\\/\\\/www.eldiario.net\\\/portal\\\/2023\\\/06\\\/28\\\/iliana-arsova-escaladora-del-everest-visita-bolivia-para-empoderar-a-las-mujeres-deportistas\\\/#primaryimage\",\"url\":\"https:\\\/\\\/www.eldiario.net\\\/portal\\\/wp-content\\\/uploads\\\/2023\\\/06\\\/DSC_8701.jpg\",\"contentUrl\":\"https:\\\/\\\/www.eldiario.net\\\/portal\\\/wp-content\\\/uploads\\\/2023\\\/06\\\/DSC_8701.jpg\",\"width\":1000,\"height\":1500,\"caption\":\"LA ESCALADORA DE TALLA MJNDIAL ILINA ARSOVA.\"},{\"@type\":\"BreadcrumbList\",\"@id\":\"https:\\\/\\\/www.eldiario.net\\\/portal\\\/2023\\\/06\\\/28\\\/iliana-arsova-escaladora-del-everest-visita-bolivia-para-empoderar-a-las-mujeres-deportistas\\\/#breadcrumb\",\"itemListElement\":[{\"@type\":\"ListItem\",\"position\":1,\"name\":\"Portada\",\"item\":\"https:\\\/\\\/www.eldiario.net\\\/portal\\\/\"},{\"@type\":\"ListItem\",\"position\":2,\"name\":\"Iliana Arsova, escaladora del Everest, visita Bolivia para empoderar a las mujeres deportistas\"}]},{\"@type\":\"WebSite\",\"@id\":\"https:\\\/\\\/www.eldiario.net\\\/portal\\\/#website\",\"url\":\"https:\\\/\\\/www.eldiario.net\\\/portal\\\/\",\"name\":\"El Diario - Decano de la prensa nacional\",\"description\":\"El Diario - Decano de la prensa nacional\",\"publisher\":{\"@id\":\"https:\\\/\\\/www.eldiario.net\\\/portal\\\/#organization\"},\"potentialAction\":[{\"@type\":\"SearchAction\",\"target\":{\"@type\":\"EntryPoint\",\"urlTemplate\":\"https:\\\/\\\/www.eldiario.net\\\/portal\\\/?s={search_term_string}\"},\"query-input\":{\"@type\":\"PropertyValueSpecification\",\"valueRequired\":true,\"valueName\":\"search_term_string\"}}],\"inLanguage\":\"es\"},{\"@type\":\"Organization\",\"@id\":\"https:\\\/\\\/www.eldiario.net\\\/portal\\\/#organization\",\"name\":\"El Diario - Decano de la prensa nacional\",\"url\":\"https:\\\/\\\/www.eldiario.net\\\/portal\\\/\",\"logo\":{\"@type\":\"ImageObject\",\"inLanguage\":\"es\",\"@id\":\"https:\\\/\\\/www.eldiario.net\\\/portal\\\/#\\\/schema\\\/logo\\\/image\\\/\",\"url\":\"https:\\\/\\\/www.eldiario.net\\\/portal\\\/wp-content\\\/uploads\\\/2023\\\/07\\\/logo_ED.jpg\",\"contentUrl\":\"https:\\\/\\\/www.eldiario.net\\\/portal\\\/wp-content\\\/uploads\\\/2023\\\/07\\\/logo_ED.jpg\",\"width\":272,\"height\":52,\"caption\":\"El Diario - Decano de la prensa nacional\"},\"image\":{\"@id\":\"https:\\\/\\\/www.eldiario.net\\\/portal\\\/#\\\/schema\\\/logo\\\/image\\\/\"},\"sameAs\":[\"https:\\\/\\\/www.facebook.com\\\/eldiario.bolivia\\\/\",\"https:\\\/\\\/x.com\\\/eldiario_net\"]},{\"@type\":\"Person\",\"@id\":\"https:\\\/\\\/www.eldiario.net\\\/portal\\\/#\\\/schema\\\/person\\\/2c57cf2b7a7ae032e449e4c9b1019eac\",\"name\":\"Jeanette\",\"image\":{\"@type\":\"ImageObject\",\"inLanguage\":\"es\",\"@id\":\"https:\\\/\\\/secure.gravatar.com\\\/avatar\\\/3ea2118a5f7dad2b7138b1187a6b7ee55f160b9968b66013c3a3ef39dd7e5798?s=96&d=mm&r=g\",\"url\":\"https:\\\/\\\/secure.gravatar.com\\\/avatar\\\/3ea2118a5f7dad2b7138b1187a6b7ee55f160b9968b66013c3a3ef39dd7e5798?s=96&d=mm&r=g\",\"contentUrl\":\"https:\\\/\\\/secure.gravatar.com\\\/avatar\\\/3ea2118a5f7dad2b7138b1187a6b7ee55f160b9968b66013c3a3ef39dd7e5798?s=96&d=mm&r=g\",\"caption\":\"Jeanette\"},\"sameAs\":[\"https:\\\/\\\/www.eldiario.net\\\/portal\"],\"url\":\"https:\\\/\\\/www.eldiario.net\\\/portal\\\/author\\\/jeanette\\\/\"}]}<\/script>\n<!-- \/ Yoast SEO plugin. -->","yoast_head_json":{"title":"Iliana Arsova, escaladora del Everest, visita Bolivia para empoderar a las mujeres deportistas - El Diario - Bolivia","robots":{"index":"index","follow":"follow","max-snippet":"max-snippet:-1","max-image-preview":"max-image-preview:large","max-video-preview":"max-video-preview:-1"},"canonical":"https:\/\/www.eldiario.net\/portal\/2023\/06\/28\/iliana-arsova-escaladora-del-everest-visita-bolivia-para-empoderar-a-las-mujeres-deportistas\/","og_locale":"es_ES","og_type":"article","og_title":"Iliana Arsova, escaladora del Everest, visita Bolivia para empoderar a las mujeres deportistas - El Diario - Bolivia","og_description":"Como parte del proyecto Strong Women Better World, Banco Ecofuturo, en coordinaci\u00f3n con Global Sports Mentoring Program, recibieron a Ilina Arsova, escaladora mundial que logr\u00f3 llegar a la cima de los siete picos m\u00e1s altos en distintos continentes, entre ellos el Everest. \u00abLas mujeres tienen la convicci\u00f3n y la fuerza para mostrar lide-razgo, por eso [&hellip;]","og_url":"https:\/\/www.eldiario.net\/portal\/2023\/06\/28\/iliana-arsova-escaladora-del-everest-visita-bolivia-para-empoderar-a-las-mujeres-deportistas\/","og_site_name":"El Diario - Bolivia","article_publisher":"https:\/\/www.facebook.com\/eldiario.bolivia\/","article_published_time":"2023-06-28T10:53:11+00:00","og_image":[{"width":1000,"height":1500,"url":"https:\/\/www.eldiario.net\/portal\/wp-content\/uploads\/2023\/06\/DSC_8701.jpg","type":"image\/jpeg"}],"author":"Jeanette","twitter_card":"summary_large_image","twitter_creator":"@eldiario_net","twitter_site":"@eldiario_net","twitter_misc":{"Escrito por":"Jeanette","Tiempo de lectura":"1 minuto"},"schema":{"@context":"https:\/\/schema.org","@graph":[{"@type":"Article","@id":"https:\/\/www.eldiario.net\/portal\/2023\/06\/28\/iliana-arsova-escaladora-del-everest-visita-bolivia-para-empoderar-a-las-mujeres-deportistas\/#article","isPartOf":{"@id":"https:\/\/www.eldiario.net\/portal\/2023\/06\/28\/iliana-arsova-escaladora-del-everest-visita-bolivia-para-empoderar-a-las-mujeres-deportistas\/"},"author":{"name":"Jeanette","@id":"https:\/\/www.eldiario.net\/portal\/#\/schema\/person\/2c57cf2b7a7ae032e449e4c9b1019eac"},"headline":"Iliana Arsova, escaladora del Everest, visita Bolivia para empoderar a las mujeres deportistas","datePublished":"2023-06-28T10:53:11+00:00","mainEntityOfPage":{"@id":"https:\/\/www.eldiario.net\/portal\/2023\/06\/28\/iliana-arsova-escaladora-del-everest-visita-bolivia-para-empoderar-a-las-mujeres-deportistas\/"},"wordCount":195,"publisher":{"@id":"https:\/\/www.eldiario.net\/portal\/#organization"},"image":{"@id":"https:\/\/www.eldiario.net\/portal\/2023\/06\/28\/iliana-arsova-escaladora-del-everest-visita-bolivia-para-empoderar-a-las-mujeres-deportistas\/#primaryimage"},"thumbnailUrl":"https:\/\/www.eldiario.net\/portal\/wp-content\/uploads\/2023\/06\/DSC_8701.jpg","articleSection":["Sociales"],"inLanguage":"es"},{"@type":"WebPage","@id":"https:\/\/www.eldiario.net\/portal\/2023\/06\/28\/iliana-arsova-escaladora-del-everest-visita-bolivia-para-empoderar-a-las-mujeres-deportistas\/","url":"https:\/\/www.eldiario.net\/portal\/2023\/06\/28\/iliana-arsova-escaladora-del-everest-visita-bolivia-para-empoderar-a-las-mujeres-deportistas\/","name":"Iliana Arsova, escaladora del Everest, visita Bolivia para empoderar a las mujeres deportistas - El Diario - Bolivia","isPartOf":{"@id":"https:\/\/www.eldiario.net\/portal\/#website"},"primaryImageOfPage":{"@id":"https:\/\/www.eldiario.net\/portal\/2023\/06\/28\/iliana-arsova-escaladora-del-everest-visita-bolivia-para-empoderar-a-las-mujeres-deportistas\/#primaryimage"},"image":{"@id":"https:\/\/www.eldiario.net\/portal\/2023\/06\/28\/iliana-arsova-escaladora-del-everest-visita-bolivia-para-empoderar-a-las-mujeres-deportistas\/#primaryimage"},"thumbnailUrl":"https:\/\/www.eldiario.net\/portal\/wp-content\/uploads\/2023\/06\/DSC_8701.jpg","datePublished":"2023-06-28T10:53:11+00:00","breadcrumb":{"@id":"https:\/\/www.eldiario.net\/portal\/2023\/06\/28\/iliana-arsova-escaladora-del-everest-visita-bolivia-para-empoderar-a-las-mujeres-deportistas\/#breadcrumb"},"inLanguage":"es","potentialAction":[{"@type":"ReadAction","target":["https:\/\/www.eldiario.net\/portal\/2023\/06\/28\/iliana-arsova-escaladora-del-everest-visita-bolivia-para-empoderar-a-las-mujeres-deportistas\/"]}]},{"@type":"ImageObject","inLanguage":"es","@id":"https:\/\/www.eldiario.net\/portal\/2023\/06\/28\/iliana-arsova-escaladora-del-everest-visita-bolivia-para-empoderar-a-las-mujeres-deportistas\/#primaryimage","url":"https:\/\/www.eldiario.net\/portal\/wp-content\/uploads\/2023\/06\/DSC_8701.jpg","contentUrl":"https:\/\/www.eldiario.net\/portal\/wp-content\/uploads\/2023\/06\/DSC_8701.jpg","width":1000,"height":1500,"caption":"LA ESCALADORA DE TALLA MJNDIAL ILINA ARSOVA."},{"@type":"BreadcrumbList","@id":"https:\/\/www.eldiario.net\/portal\/2023\/06\/28\/iliana-arsova-escaladora-del-everest-visita-bolivia-para-empoderar-a-las-mujeres-deportistas\/#breadcrumb","itemListElement":[{"@type":"ListItem","position":1,"name":"Portada","item":"https:\/\/www.eldiario.net\/portal\/"},{"@type":"ListItem","position":2,"name":"Iliana Arsova, escaladora del Everest, visita Bolivia para empoderar a las mujeres deportistas"}]},{"@type":"WebSite","@id":"https:\/\/www.eldiario.net\/portal\/#website","url":"https:\/\/www.eldiario.net\/portal\/","name":"El Diario - Decano de la prensa nacional","description":"El Diario - Decano de la prensa nacional","publisher":{"@id":"https:\/\/www.eldiario.net\/portal\/#organization"},"potentialAction":[{"@type":"SearchAction","target":{"@type":"EntryPoint","urlTemplate":"https:\/\/www.eldiario.net\/portal\/?s={search_term_string}"},"query-input":{"@type":"PropertyValueSpecification","valueRequired":true,"valueName":"search_term_string"}}],"inLanguage":"es"},{"@type":"Organization","@id":"https:\/\/www.eldiario.net\/portal\/#organization","name":"El Diario - Decano de la prensa nacional","url":"https:\/\/www.eldiario.net\/portal\/","logo":{"@type":"ImageObject","inLanguage":"es","@id":"https:\/\/www.eldiario.net\/portal\/#\/schema\/logo\/image\/","url":"https:\/\/www.eldiario.net\/portal\/wp-content\/uploads\/2023\/07\/logo_ED.jpg","contentUrl":"https:\/\/www.eldiario.net\/portal\/wp-content\/uploads\/2023\/07\/logo_ED.jpg","width":272,"height":52,"caption":"El Diario - Decano de la prensa nacional"},"image":{"@id":"https:\/\/www.eldiario.net\/portal\/#\/schema\/logo\/image\/"},"sameAs":["https:\/\/www.facebook.com\/eldiario.bolivia\/","https:\/\/x.com\/eldiario_net"]},{"@type":"Person","@id":"https:\/\/www.eldiario.net\/portal\/#\/schema\/person\/2c57cf2b7a7ae032e449e4c9b1019eac","name":"Jeanette","image":{"@type":"ImageObject","inLanguage":"es","@id":"https:\/\/secure.gravatar.com\/avatar\/3ea2118a5f7dad2b7138b1187a6b7ee55f160b9968b66013c3a3ef39dd7e5798?s=96&d=mm&r=g","url":"https:\/\/secure.gravatar.com\/avatar\/3ea2118a5f7dad2b7138b1187a6b7ee55f160b9968b66013c3a3ef39dd7e5798?s=96&d=mm&r=g","contentUrl":"https:\/\/secure.gravatar.com\/avatar\/3ea2118a5f7dad2b7138b1187a6b7ee55f160b9968b66013c3a3ef39dd7e5798?s=96&d=mm&r=g","caption":"Jeanette"},"sameAs":["https:\/\/www.eldiario.net\/portal"],"url":"https:\/\/www.eldiario.net\/portal\/author\/jeanette\/"}]}},"_links":{"self":[{"href":"https:\/\/www.eldiario.net\/portal\/wp-json\/wp\/v2\/posts\/162451","targetHints":{"allow":["GET"]}}],"collection":[{"href":"https:\/\/www.eldiario.net\/portal\/wp-json\/wp\/v2\/posts"}],"about":[{"href":"https:\/\/www.eldiario.net\/portal\/wp-json\/wp\/v2\/types\/post"}],"author":[{"embeddable":true,"href":"https:\/\/www.eldiario.net\/portal\/wp-json\/wp\/v2\/users\/1"}],"replies":[{"embeddable":true,"href":"https:\/\/www.eldiario.net\/portal\/wp-json\/wp\/v2\/comments?post=162451"}],"version-history":[{"count":0,"href":"https:\/\/www.eldiario.net\/portal\/wp-json\/wp\/v2\/posts\/162451\/revisions"}],"wp:featuredmedia":[{"embeddable":true,"href":"https:\/\/www.eldiario.net\/portal\/wp-json\/wp\/v2\/media\/162456"}],"wp:attachment":[{"href":"https:\/\/www.eldiario.net\/portal\/wp-json\/wp\/v2\/media?parent=162451"}],"wp:term":[{"taxonomy":"category","embeddable":true,"href":"https:\/\/www.eldiario.net\/portal\/wp-json\/wp\/v2\/categories?post=162451"},{"taxonomy":"post_tag","embeddable":true,"href":"https:\/\/www.eldiario.net\/portal\/wp-json\/wp\/v2\/tags?post=162451"}],"curies":[{"name":"wp","href":"https:\/\/api.w.org\/{rel}","templated":true}]}}