{"id":162445,"date":"2023-06-28T06:45:26","date_gmt":"2023-06-28T10:45:26","guid":{"rendered":"https:\/\/www.eldiario.net\/portal\/?p=162445"},"modified":"2023-06-28T06:45:26","modified_gmt":"2023-06-28T10:45:26","slug":"bolivia-es-penultimo-en-lucha-contra-corrupcion","status":"publish","type":"post","link":"https:\/\/www.eldiario.net\/portal\/2023\/06\/28\/bolivia-es-penultimo-en-lucha-contra-corrupcion\/","title":{"rendered":"Bolivia es pen\u00faltimo en lucha contra corrupci\u00f3n"},"content":{"rendered":"<p>Un reporte anual del \u00cdndice de Capacidad para Combatir la Corrupci\u00f3n (CCC), en su quinta edici\u00f3n, que fue presentado por el Consejo de las Am\u00e9ricas y Control Risks, hace conocer que Venezuela, Bolivia y Guatemala cuentan con el mayor deterioro en la lucha contra la corrupci\u00f3n en la regi\u00f3n.<br \/>\nSeg\u00fan el estudio, Uruguay encabeza la lista como el pa\u00eds mejor capacitado para combatir la corrupci\u00f3n, con un puntaje de 6,99; seguido por Costa Rica, con 6,76; y Chile, con 6,67.<br \/>\nPor otro lado, Bolivia tiene una calificaci\u00f3n de 2.56 sobre 10, muy por detr\u00e1s de pa\u00edses vecinos como Chile (6.67) o Per\u00fa (5.53) y solo supera a Venezuela, que tiene una nota de 1.46.<br \/>\nDe acuerdo con el director asociado de Control Risks, Theodore Kahn, el deterioro en la capacidad de controlar la corrupci\u00f3n tiene implicaciones graves para la calidad de la democracia y las perspectivas econ\u00f3micas.<br \/>\nEl informe tambi\u00e9n sostiene que \u201cBolivia se mantuvo en el puesto 14 del \u00cdndice, posici\u00f3n que ocupa desde el 2020\u201d y hace una observaci\u00f3n a la justicia \u201clos analistas han se\u00f1alado la continua politizaci\u00f3n del sistema judicial boliviano durante el \u00faltimo a\u00f1o\u201d, se\u00f1alando los casos de aprehensi\u00f3n del gobernador cruce\u00f1o Luis Fernando Camacho y de la expresidenta Jeanine A\u00f1ez.<\/p>\n<p>Inf. P\u00e1g. X, 2do. Cuerpo<\/p>\n<p>PIE DE FOTO<\/p>\n","protected":false},"excerpt":{"rendered":"<p>Un reporte anual del \u00cdndice de Capacidad para Combatir la Corrupci\u00f3n (CCC), en su quinta edici\u00f3n, que fue presentado por el Consejo de las Am\u00e9ricas y Control Risks, hace conocer que Venezuela, Bolivia y Guatemala cuentan con el mayor deterioro en la lucha contra la corrupci\u00f3n en la regi\u00f3n. Seg\u00fan el estudio, Uruguay encabeza la [&hellip;]<\/p>\n","protected":false},"author":1,"featured_media":162446,"comment_status":"closed","ping_status":"closed","sticky":false,"template":"","format":"standard","meta":{"_acf_changed":false,"footnotes":""},"categories":[17],"tags":[],"class_list":["post-162445","post","type-post","status-publish","format-standard","has-post-thumbnail","category-principal"],"acf":{"antetitulo":""},"yoast_head":"<!-- This site is optimized with the Yoast SEO plugin v28.4 - https:\/\/yoast.com\/product\/yoast-seo-wordpress\/ -->\n<title>Bolivia es pen\u00faltimo en lucha contra corrupci\u00f3n - El Diario - Bolivia<\/title>\n<meta name=\"robots\" content=\"index, follow, max-snippet:-1, max-image-preview:large, max-video-preview:-1\" \/>\n<link rel=\"canonical\" href=\"https:\/\/www.eldiario.net\/portal\/2023\/06\/28\/bolivia-es-penultimo-en-lucha-contra-corrupcion\/\" \/>\n<meta property=\"og:locale\" content=\"es_ES\" \/>\n<meta property=\"og:type\" content=\"article\" \/>\n<meta property=\"og:title\" content=\"Bolivia es pen\u00faltimo en lucha contra corrupci\u00f3n - El Diario - Bolivia\" \/>\n<meta property=\"og:description\" content=\"Un reporte anual del \u00cdndice de Capacidad para Combatir la Corrupci\u00f3n (CCC), en su quinta edici\u00f3n, que fue presentado por el Consejo de las Am\u00e9ricas y Control Risks, hace conocer que Venezuela, Bolivia y Guatemala cuentan con el mayor deterioro en la lucha contra la corrupci\u00f3n en la regi\u00f3n. Seg\u00fan el estudio, Uruguay encabeza la [&hellip;]\" \/>\n<meta property=\"og:url\" content=\"https:\/\/www.eldiario.net\/portal\/2023\/06\/28\/bolivia-es-penultimo-en-lucha-contra-corrupcion\/\" \/>\n<meta property=\"og:site_name\" content=\"El Diario - Bolivia\" \/>\n<meta property=\"article:publisher\" content=\"https:\/\/www.facebook.com\/eldiario.bolivia\/\" \/>\n<meta property=\"article:published_time\" content=\"2023-06-28T10:45:26+00:00\" \/>\n<meta property=\"og:image\" content=\"https:\/\/www.eldiario.net\/portal\/wp-content\/uploads\/2023\/06\/P-1-15-cm-x-11-6.jpg\" \/>\n\t<meta property=\"og:image:width\" content=\"700\" \/>\n\t<meta property=\"og:image:height\" content=\"340\" \/>\n\t<meta property=\"og:image:type\" content=\"image\/jpeg\" \/>\n<meta name=\"author\" content=\"Jeanette\" \/>\n<meta name=\"twitter:card\" content=\"summary_large_image\" \/>\n<meta name=\"twitter:creator\" content=\"@eldiario_net\" \/>\n<meta name=\"twitter:site\" content=\"@eldiario_net\" \/>\n<meta name=\"twitter:label1\" content=\"Escrito por\" \/>\n\t<meta name=\"twitter:data1\" content=\"Jeanette\" \/>\n\t<meta name=\"twitter:label2\" content=\"Tiempo de lectura\" \/>\n\t<meta name=\"twitter:data2\" content=\"1 minuto\" \/>\n<script type=\"application\/ld+json\" class=\"yoast-schema-graph\">{\"@context\":\"https:\\\/\\\/schema.org\",\"@graph\":[{\"@type\":\"Article\",\"@id\":\"https:\\\/\\\/www.eldiario.net\\\/portal\\\/2023\\\/06\\\/28\\\/bolivia-es-penultimo-en-lucha-contra-corrupcion\\\/#article\",\"isPartOf\":{\"@id\":\"https:\\\/\\\/www.eldiario.net\\\/portal\\\/2023\\\/06\\\/28\\\/bolivia-es-penultimo-en-lucha-contra-corrupcion\\\/\"},\"author\":{\"name\":\"Jeanette\",\"@id\":\"https:\\\/\\\/www.eldiario.net\\\/portal\\\/#\\\/schema\\\/person\\\/2c57cf2b7a7ae032e449e4c9b1019eac\"},\"headline\":\"Bolivia es pen\u00faltimo en lucha contra corrupci\u00f3n\",\"datePublished\":\"2023-06-28T10:45:26+00:00\",\"mainEntityOfPage\":{\"@id\":\"https:\\\/\\\/www.eldiario.net\\\/portal\\\/2023\\\/06\\\/28\\\/bolivia-es-penultimo-en-lucha-contra-corrupcion\\\/\"},\"wordCount\":237,\"publisher\":{\"@id\":\"https:\\\/\\\/www.eldiario.net\\\/portal\\\/#organization\"},\"image\":{\"@id\":\"https:\\\/\\\/www.eldiario.net\\\/portal\\\/2023\\\/06\\\/28\\\/bolivia-es-penultimo-en-lucha-contra-corrupcion\\\/#primaryimage\"},\"thumbnailUrl\":\"https:\\\/\\\/www.eldiario.net\\\/portal\\\/wp-content\\\/uploads\\\/2023\\\/06\\\/P-1-15-cm-x-11-6.jpg\",\"articleSection\":[\"Principal\"],\"inLanguage\":\"es\"},{\"@type\":\"WebPage\",\"@id\":\"https:\\\/\\\/www.eldiario.net\\\/portal\\\/2023\\\/06\\\/28\\\/bolivia-es-penultimo-en-lucha-contra-corrupcion\\\/\",\"url\":\"https:\\\/\\\/www.eldiario.net\\\/portal\\\/2023\\\/06\\\/28\\\/bolivia-es-penultimo-en-lucha-contra-corrupcion\\\/\",\"name\":\"Bolivia es pen\u00faltimo en lucha contra corrupci\u00f3n - El Diario - Bolivia\",\"isPartOf\":{\"@id\":\"https:\\\/\\\/www.eldiario.net\\\/portal\\\/#website\"},\"primaryImageOfPage\":{\"@id\":\"https:\\\/\\\/www.eldiario.net\\\/portal\\\/2023\\\/06\\\/28\\\/bolivia-es-penultimo-en-lucha-contra-corrupcion\\\/#primaryimage\"},\"image\":{\"@id\":\"https:\\\/\\\/www.eldiario.net\\\/portal\\\/2023\\\/06\\\/28\\\/bolivia-es-penultimo-en-lucha-contra-corrupcion\\\/#primaryimage\"},\"thumbnailUrl\":\"https:\\\/\\\/www.eldiario.net\\\/portal\\\/wp-content\\\/uploads\\\/2023\\\/06\\\/P-1-15-cm-x-11-6.jpg\",\"datePublished\":\"2023-06-28T10:45:26+00:00\",\"breadcrumb\":{\"@id\":\"https:\\\/\\\/www.eldiario.net\\\/portal\\\/2023\\\/06\\\/28\\\/bolivia-es-penultimo-en-lucha-contra-corrupcion\\\/#breadcrumb\"},\"inLanguage\":\"es\",\"potentialAction\":[{\"@type\":\"ReadAction\",\"target\":[\"https:\\\/\\\/www.eldiario.net\\\/portal\\\/2023\\\/06\\\/28\\\/bolivia-es-penultimo-en-lucha-contra-corrupcion\\\/\"]}]},{\"@type\":\"ImageObject\",\"inLanguage\":\"es\",\"@id\":\"https:\\\/\\\/www.eldiario.net\\\/portal\\\/2023\\\/06\\\/28\\\/bolivia-es-penultimo-en-lucha-contra-corrupcion\\\/#primaryimage\",\"url\":\"https:\\\/\\\/www.eldiario.net\\\/portal\\\/wp-content\\\/uploads\\\/2023\\\/06\\\/P-1-15-cm-x-11-6.jpg\",\"contentUrl\":\"https:\\\/\\\/www.eldiario.net\\\/portal\\\/wp-content\\\/uploads\\\/2023\\\/06\\\/P-1-15-cm-x-11-6.jpg\",\"width\":700,\"height\":340,\"caption\":\"Bolivia aparece entre los pa\u00edses con menor puntuaci\u00f3n junto a Guatemala y Venezuela, en el informe presentado por el Consejo de las Am\u00e9ricas y Control Risks.\"},{\"@type\":\"BreadcrumbList\",\"@id\":\"https:\\\/\\\/www.eldiario.net\\\/portal\\\/2023\\\/06\\\/28\\\/bolivia-es-penultimo-en-lucha-contra-corrupcion\\\/#breadcrumb\",\"itemListElement\":[{\"@type\":\"ListItem\",\"position\":1,\"name\":\"Portada\",\"item\":\"https:\\\/\\\/www.eldiario.net\\\/portal\\\/\"},{\"@type\":\"ListItem\",\"position\":2,\"name\":\"Bolivia es pen\u00faltimo en lucha contra corrupci\u00f3n\"}]},{\"@type\":\"WebSite\",\"@id\":\"https:\\\/\\\/www.eldiario.net\\\/portal\\\/#website\",\"url\":\"https:\\\/\\\/www.eldiario.net\\\/portal\\\/\",\"name\":\"El Diario - Decano de la prensa nacional\",\"description\":\"El Diario - Decano de la prensa nacional\",\"publisher\":{\"@id\":\"https:\\\/\\\/www.eldiario.net\\\/portal\\\/#organization\"},\"potentialAction\":[{\"@type\":\"SearchAction\",\"target\":{\"@type\":\"EntryPoint\",\"urlTemplate\":\"https:\\\/\\\/www.eldiario.net\\\/portal\\\/?s={search_term_string}\"},\"query-input\":{\"@type\":\"PropertyValueSpecification\",\"valueRequired\":true,\"valueName\":\"search_term_string\"}}],\"inLanguage\":\"es\"},{\"@type\":\"Organization\",\"@id\":\"https:\\\/\\\/www.eldiario.net\\\/portal\\\/#organization\",\"name\":\"El Diario - Decano de la prensa nacional\",\"url\":\"https:\\\/\\\/www.eldiario.net\\\/portal\\\/\",\"logo\":{\"@type\":\"ImageObject\",\"inLanguage\":\"es\",\"@id\":\"https:\\\/\\\/www.eldiario.net\\\/portal\\\/#\\\/schema\\\/logo\\\/image\\\/\",\"url\":\"https:\\\/\\\/www.eldiario.net\\\/portal\\\/wp-content\\\/uploads\\\/2023\\\/07\\\/logo_ED.jpg\",\"contentUrl\":\"https:\\\/\\\/www.eldiario.net\\\/portal\\\/wp-content\\\/uploads\\\/2023\\\/07\\\/logo_ED.jpg\",\"width\":272,\"height\":52,\"caption\":\"El Diario - Decano de la prensa nacional\"},\"image\":{\"@id\":\"https:\\\/\\\/www.eldiario.net\\\/portal\\\/#\\\/schema\\\/logo\\\/image\\\/\"},\"sameAs\":[\"https:\\\/\\\/www.facebook.com\\\/eldiario.bolivia\\\/\",\"https:\\\/\\\/x.com\\\/eldiario_net\"]},{\"@type\":\"Person\",\"@id\":\"https:\\\/\\\/www.eldiario.net\\\/portal\\\/#\\\/schema\\\/person\\\/2c57cf2b7a7ae032e449e4c9b1019eac\",\"name\":\"Jeanette\",\"image\":{\"@type\":\"ImageObject\",\"inLanguage\":\"es\",\"@id\":\"https:\\\/\\\/secure.gravatar.com\\\/avatar\\\/3ea2118a5f7dad2b7138b1187a6b7ee55f160b9968b66013c3a3ef39dd7e5798?s=96&d=mm&r=g\",\"url\":\"https:\\\/\\\/secure.gravatar.com\\\/avatar\\\/3ea2118a5f7dad2b7138b1187a6b7ee55f160b9968b66013c3a3ef39dd7e5798?s=96&d=mm&r=g\",\"contentUrl\":\"https:\\\/\\\/secure.gravatar.com\\\/avatar\\\/3ea2118a5f7dad2b7138b1187a6b7ee55f160b9968b66013c3a3ef39dd7e5798?s=96&d=mm&r=g\",\"caption\":\"Jeanette\"},\"sameAs\":[\"https:\\\/\\\/www.eldiario.net\\\/portal\"],\"url\":\"https:\\\/\\\/www.eldiario.net\\\/portal\\\/author\\\/jeanette\\\/\"}]}<\/script>\n<!-- \/ Yoast SEO plugin. -->","yoast_head_json":{"title":"Bolivia es pen\u00faltimo en lucha contra corrupci\u00f3n - El Diario - Bolivia","robots":{"index":"index","follow":"follow","max-snippet":"max-snippet:-1","max-image-preview":"max-image-preview:large","max-video-preview":"max-video-preview:-1"},"canonical":"https:\/\/www.eldiario.net\/portal\/2023\/06\/28\/bolivia-es-penultimo-en-lucha-contra-corrupcion\/","og_locale":"es_ES","og_type":"article","og_title":"Bolivia es pen\u00faltimo en lucha contra corrupci\u00f3n - El Diario - Bolivia","og_description":"Un reporte anual del \u00cdndice de Capacidad para Combatir la Corrupci\u00f3n (CCC), en su quinta edici\u00f3n, que fue presentado por el Consejo de las Am\u00e9ricas y Control Risks, hace conocer que Venezuela, Bolivia y Guatemala cuentan con el mayor deterioro en la lucha contra la corrupci\u00f3n en la regi\u00f3n. Seg\u00fan el estudio, Uruguay encabeza la [&hellip;]","og_url":"https:\/\/www.eldiario.net\/portal\/2023\/06\/28\/bolivia-es-penultimo-en-lucha-contra-corrupcion\/","og_site_name":"El Diario - Bolivia","article_publisher":"https:\/\/www.facebook.com\/eldiario.bolivia\/","article_published_time":"2023-06-28T10:45:26+00:00","og_image":[{"width":700,"height":340,"url":"https:\/\/www.eldiario.net\/portal\/wp-content\/uploads\/2023\/06\/P-1-15-cm-x-11-6.jpg","type":"image\/jpeg"}],"author":"Jeanette","twitter_card":"summary_large_image","twitter_creator":"@eldiario_net","twitter_site":"@eldiario_net","twitter_misc":{"Escrito por":"Jeanette","Tiempo de lectura":"1 minuto"},"schema":{"@context":"https:\/\/schema.org","@graph":[{"@type":"Article","@id":"https:\/\/www.eldiario.net\/portal\/2023\/06\/28\/bolivia-es-penultimo-en-lucha-contra-corrupcion\/#article","isPartOf":{"@id":"https:\/\/www.eldiario.net\/portal\/2023\/06\/28\/bolivia-es-penultimo-en-lucha-contra-corrupcion\/"},"author":{"name":"Jeanette","@id":"https:\/\/www.eldiario.net\/portal\/#\/schema\/person\/2c57cf2b7a7ae032e449e4c9b1019eac"},"headline":"Bolivia es pen\u00faltimo en lucha contra corrupci\u00f3n","datePublished":"2023-06-28T10:45:26+00:00","mainEntityOfPage":{"@id":"https:\/\/www.eldiario.net\/portal\/2023\/06\/28\/bolivia-es-penultimo-en-lucha-contra-corrupcion\/"},"wordCount":237,"publisher":{"@id":"https:\/\/www.eldiario.net\/portal\/#organization"},"image":{"@id":"https:\/\/www.eldiario.net\/portal\/2023\/06\/28\/bolivia-es-penultimo-en-lucha-contra-corrupcion\/#primaryimage"},"thumbnailUrl":"https:\/\/www.eldiario.net\/portal\/wp-content\/uploads\/2023\/06\/P-1-15-cm-x-11-6.jpg","articleSection":["Principal"],"inLanguage":"es"},{"@type":"WebPage","@id":"https:\/\/www.eldiario.net\/portal\/2023\/06\/28\/bolivia-es-penultimo-en-lucha-contra-corrupcion\/","url":"https:\/\/www.eldiario.net\/portal\/2023\/06\/28\/bolivia-es-penultimo-en-lucha-contra-corrupcion\/","name":"Bolivia es pen\u00faltimo en lucha contra corrupci\u00f3n - El Diario - Bolivia","isPartOf":{"@id":"https:\/\/www.eldiario.net\/portal\/#website"},"primaryImageOfPage":{"@id":"https:\/\/www.eldiario.net\/portal\/2023\/06\/28\/bolivia-es-penultimo-en-lucha-contra-corrupcion\/#primaryimage"},"image":{"@id":"https:\/\/www.eldiario.net\/portal\/2023\/06\/28\/bolivia-es-penultimo-en-lucha-contra-corrupcion\/#primaryimage"},"thumbnailUrl":"https:\/\/www.eldiario.net\/portal\/wp-content\/uploads\/2023\/06\/P-1-15-cm-x-11-6.jpg","datePublished":"2023-06-28T10:45:26+00:00","breadcrumb":{"@id":"https:\/\/www.eldiario.net\/portal\/2023\/06\/28\/bolivia-es-penultimo-en-lucha-contra-corrupcion\/#breadcrumb"},"inLanguage":"es","potentialAction":[{"@type":"ReadAction","target":["https:\/\/www.eldiario.net\/portal\/2023\/06\/28\/bolivia-es-penultimo-en-lucha-contra-corrupcion\/"]}]},{"@type":"ImageObject","inLanguage":"es","@id":"https:\/\/www.eldiario.net\/portal\/2023\/06\/28\/bolivia-es-penultimo-en-lucha-contra-corrupcion\/#primaryimage","url":"https:\/\/www.eldiario.net\/portal\/wp-content\/uploads\/2023\/06\/P-1-15-cm-x-11-6.jpg","contentUrl":"https:\/\/www.eldiario.net\/portal\/wp-content\/uploads\/2023\/06\/P-1-15-cm-x-11-6.jpg","width":700,"height":340,"caption":"Bolivia aparece entre los pa\u00edses con menor puntuaci\u00f3n junto a Guatemala y Venezuela, en el informe presentado por el Consejo de las Am\u00e9ricas y Control Risks."},{"@type":"BreadcrumbList","@id":"https:\/\/www.eldiario.net\/portal\/2023\/06\/28\/bolivia-es-penultimo-en-lucha-contra-corrupcion\/#breadcrumb","itemListElement":[{"@type":"ListItem","position":1,"name":"Portada","item":"https:\/\/www.eldiario.net\/portal\/"},{"@type":"ListItem","position":2,"name":"Bolivia es pen\u00faltimo en lucha contra corrupci\u00f3n"}]},{"@type":"WebSite","@id":"https:\/\/www.eldiario.net\/portal\/#website","url":"https:\/\/www.eldiario.net\/portal\/","name":"El Diario - Decano de la prensa nacional","description":"El Diario - Decano de la prensa nacional","publisher":{"@id":"https:\/\/www.eldiario.net\/portal\/#organization"},"potentialAction":[{"@type":"SearchAction","target":{"@type":"EntryPoint","urlTemplate":"https:\/\/www.eldiario.net\/portal\/?s={search_term_string}"},"query-input":{"@type":"PropertyValueSpecification","valueRequired":true,"valueName":"search_term_string"}}],"inLanguage":"es"},{"@type":"Organization","@id":"https:\/\/www.eldiario.net\/portal\/#organization","name":"El Diario - Decano de la prensa nacional","url":"https:\/\/www.eldiario.net\/portal\/","logo":{"@type":"ImageObject","inLanguage":"es","@id":"https:\/\/www.eldiario.net\/portal\/#\/schema\/logo\/image\/","url":"https:\/\/www.eldiario.net\/portal\/wp-content\/uploads\/2023\/07\/logo_ED.jpg","contentUrl":"https:\/\/www.eldiario.net\/portal\/wp-content\/uploads\/2023\/07\/logo_ED.jpg","width":272,"height":52,"caption":"El Diario - Decano de la prensa nacional"},"image":{"@id":"https:\/\/www.eldiario.net\/portal\/#\/schema\/logo\/image\/"},"sameAs":["https:\/\/www.facebook.com\/eldiario.bolivia\/","https:\/\/x.com\/eldiario_net"]},{"@type":"Person","@id":"https:\/\/www.eldiario.net\/portal\/#\/schema\/person\/2c57cf2b7a7ae032e449e4c9b1019eac","name":"Jeanette","image":{"@type":"ImageObject","inLanguage":"es","@id":"https:\/\/secure.gravatar.com\/avatar\/3ea2118a5f7dad2b7138b1187a6b7ee55f160b9968b66013c3a3ef39dd7e5798?s=96&d=mm&r=g","url":"https:\/\/secure.gravatar.com\/avatar\/3ea2118a5f7dad2b7138b1187a6b7ee55f160b9968b66013c3a3ef39dd7e5798?s=96&d=mm&r=g","contentUrl":"https:\/\/secure.gravatar.com\/avatar\/3ea2118a5f7dad2b7138b1187a6b7ee55f160b9968b66013c3a3ef39dd7e5798?s=96&d=mm&r=g","caption":"Jeanette"},"sameAs":["https:\/\/www.eldiario.net\/portal"],"url":"https:\/\/www.eldiario.net\/portal\/author\/jeanette\/"}]}},"_links":{"self":[{"href":"https:\/\/www.eldiario.net\/portal\/wp-json\/wp\/v2\/posts\/162445","targetHints":{"allow":["GET"]}}],"collection":[{"href":"https:\/\/www.eldiario.net\/portal\/wp-json\/wp\/v2\/posts"}],"about":[{"href":"https:\/\/www.eldiario.net\/portal\/wp-json\/wp\/v2\/types\/post"}],"author":[{"embeddable":true,"href":"https:\/\/www.eldiario.net\/portal\/wp-json\/wp\/v2\/users\/1"}],"replies":[{"embeddable":true,"href":"https:\/\/www.eldiario.net\/portal\/wp-json\/wp\/v2\/comments?post=162445"}],"version-history":[{"count":0,"href":"https:\/\/www.eldiario.net\/portal\/wp-json\/wp\/v2\/posts\/162445\/revisions"}],"wp:featuredmedia":[{"embeddable":true,"href":"https:\/\/www.eldiario.net\/portal\/wp-json\/wp\/v2\/media\/162446"}],"wp:attachment":[{"href":"https:\/\/www.eldiario.net\/portal\/wp-json\/wp\/v2\/media?parent=162445"}],"wp:term":[{"taxonomy":"category","embeddable":true,"href":"https:\/\/www.eldiario.net\/portal\/wp-json\/wp\/v2\/categories?post=162445"},{"taxonomy":"post_tag","embeddable":true,"href":"https:\/\/www.eldiario.net\/portal\/wp-json\/wp\/v2\/tags?post=162445"}],"curies":[{"name":"wp","href":"https:\/\/api.w.org\/{rel}","templated":true}]}}