{"id":162228,"date":"2023-06-27T06:44:13","date_gmt":"2023-06-27T10:44:13","guid":{"rendered":"https:\/\/www.eldiario.net\/portal\/?p=162228"},"modified":"2023-06-27T06:44:13","modified_gmt":"2023-06-27T10:44:13","slug":"the-strongest-visita-a-river-en-busca-de-la-hazana","status":"publish","type":"post","link":"https:\/\/www.eldiario.net\/portal\/2023\/06\/27\/the-strongest-visita-a-river-en-busca-de-la-hazana\/","title":{"rendered":"The Strongest visita a River en busca de la haza\u00f1a"},"content":{"rendered":"<p>BUENOS AIRES\/ARGENTINA.- The Strongest jugar\u00e1 contra los pron\u00f3sticos, contra River Plate en Buenos Aires y contra s\u00ed mismo este martes (20:00 HB) en el \u00faltimo cotejo del grupo \u201cD\u201d que definir\u00e1 la clasificaci\u00f3n de uno de estos equipos a los octavos de final de la Copa Libertadores de Am\u00e9rica.<\/p>\n<p>Los antecedentes le dan la espalda al plantel atigrado en un momento determinante que vivir\u00e1 en el estadio Monumental, donde necesita de un triunfo \u2013y hacer historia\u2013 para ingresar a la siguiente ronda o en su defecto empatar y esperar otro resultado para saltar al play off de los octavos de final de la Copa Sudamericana.<\/p>\n<p>De la misma manera en la cual la expectativa y la ilusi\u00f3n subi\u00f3 en la afici\u00f3n con la llegada del entrenador portugu\u00e9s, Ricardo Formosinho, baj\u00f3 el porcentaje de optimismo respecto a lo que suceder\u00e1 en el escenario internacional, despu\u00e9s de la goleada sufrida a manos de Nacional Potos\u00ed (3-6) en la Villa Imperial.<\/p>\n<p>La preocupaci\u00f3n est\u00e1 alrededor del funcionamiento colectivo del equipo y los errores individuales de los defensores y mediocampistas, tomando como referencia lo que sucedi\u00f3 el fin de semana.<\/p>\n<p>Como descargo para el cuerpo t\u00e9cnico y el plantel, en Potos\u00ed las bajas fueron Adri\u00e1n Jusino en la defensa y Luciano Ursino junto a Jaime Arrascaita en el mediocampo. Los tres volver\u00e1n a ser titulares este martes con la tarea de devolverle el equilibrio al elenco.<\/p>\n<p>En la ida, The Strongest venci\u00f3 a River Plate (3-1) en La Paz, en ese momento el cuadro millonario estaba atravesando un mal momento e incluso se lo ve\u00eda fuera de la zona de clasificaci\u00f3n. Transcurrieron dos meses y medio, el elenco de la banda roja remont\u00f3 y est\u00e1 segundo con siete puntos, dos por debajo de Fluminense. Sporting Cristal est\u00e1 con siete y el Tigre con seis.<\/p>\n<p>La clasificaci\u00f3n de River Plate est\u00e1 en sus manos, un triunfo ser\u00e1 suficiente y un empate tambi\u00e9n, pero ese camino representa un riesgo innecesario. De manera simult\u00e1nea, Fluminense recibir\u00e1 a Sporting Cristal.<\/p>\n<p>El triunfo sorpresivo de los celestes peruanos sobre The Strongest (2-1) comprometi\u00f3 el futuro de los atigrados, que, en caso de perder, quedar\u00eda como \u00faltimo sin ning\u00fan premio.<\/p>\n<p>El entrenador Mart\u00edn Demichelis tendr\u00e1 la ausencia por lesi\u00f3n de Leandro Gonz\u00e1lez y Mat\u00edas Su\u00e1rez. En contrapartida, Enzo D\u00edaz y Enzo P\u00e9rez volver\u00e1n a ser titulares.<\/p>\n<p>&nbsp;<\/p>\n<p>El \u00e1rbitro Gustavo Tejera (Uruguay) controlar\u00e1 las acciones, asistido desde los laterales por: Nicol\u00e1s Taran y Mart\u00edn Soppi. Juan Lara (Chile) ser\u00e1 el juez VAR y \u00c1ngelo Hermosilla, el AVAR.<\/p>\n<p>&nbsp;<\/p>\n<p>Equipos:<\/p>\n<p>River Plate: Franco Armani; Milton Casco, Paulo D\u00edaz, Emanuel Mammana, Enzo D\u00edaz, Enzo P\u00e9rez, Rodrigo Aliendro, Nicol\u00e1s De la Cruz, Ignacio Fern\u00e1ndez, Esequiel Barco y Lucas Beltr\u00e1n.<\/p>\n<p>DT: Mart\u00edn Demichelis.<\/p>\n<p>The Strongest: Guillermo Viscarra; Sa\u00fal Torres, Gonzalo Castillo, Adriano Jusino, Carlos Roca, Luciano Ursino, \u00c1lvaro Quiroga, Michael Ortega, Jaime Arrascaita, Gabriel Sotomayor y Enrique Triverio.<\/p>\n<p>DT: Ricardo Formosinho.<\/p>\n<p>(APG)<\/p>\n","protected":false},"excerpt":{"rendered":"<p>BUENOS AIRES\/ARGENTINA.- The Strongest jugar\u00e1 contra los pron\u00f3sticos, contra River Plate en Buenos Aires y contra s\u00ed mismo este martes (20:00 HB) en el \u00faltimo cotejo del grupo \u201cD\u201d que definir\u00e1 la clasificaci\u00f3n de uno de estos equipos a los octavos de final de la Copa Libertadores de Am\u00e9rica. Los antecedentes le dan la espalda [&hellip;]<\/p>\n","protected":false},"author":1,"featured_media":162229,"comment_status":"closed","ping_status":"closed","sticky":false,"template":"","format":"standard","meta":{"_acf_changed":false,"footnotes":""},"categories":[6],"tags":[],"class_list":["post-162228","post","type-post","status-publish","format-standard","has-post-thumbnail","category-deportes"],"acf":{"antetitulo":""},"yoast_head":"<!-- This site is optimized with the Yoast SEO plugin v28.3 - https:\/\/yoast.com\/product\/yoast-seo-wordpress\/ -->\n<title>The Strongest visita a River en busca de la haza\u00f1a - El Diario - Bolivia<\/title>\n<meta name=\"robots\" content=\"index, follow, max-snippet:-1, max-image-preview:large, max-video-preview:-1\" \/>\n<link rel=\"canonical\" href=\"https:\/\/www.eldiario.net\/portal\/2023\/06\/27\/the-strongest-visita-a-river-en-busca-de-la-hazana\/\" \/>\n<meta property=\"og:locale\" content=\"es_ES\" \/>\n<meta property=\"og:type\" content=\"article\" \/>\n<meta property=\"og:title\" content=\"The Strongest visita a River en busca de la haza\u00f1a - El Diario - Bolivia\" \/>\n<meta property=\"og:description\" content=\"BUENOS AIRES\/ARGENTINA.- The Strongest jugar\u00e1 contra los pron\u00f3sticos, contra River Plate en Buenos Aires y contra s\u00ed mismo este martes (20:00 HB) en el \u00faltimo cotejo del grupo \u201cD\u201d que definir\u00e1 la clasificaci\u00f3n de uno de estos equipos a los octavos de final de la Copa Libertadores de Am\u00e9rica. Los antecedentes le dan la espalda [&hellip;]\" \/>\n<meta property=\"og:url\" content=\"https:\/\/www.eldiario.net\/portal\/2023\/06\/27\/the-strongest-visita-a-river-en-busca-de-la-hazana\/\" \/>\n<meta property=\"og:site_name\" content=\"El Diario - Bolivia\" \/>\n<meta property=\"article:publisher\" content=\"https:\/\/www.facebook.com\/eldiario.bolivia\/\" \/>\n<meta property=\"article:published_time\" content=\"2023-06-27T10:44:13+00:00\" \/>\n<meta property=\"og:image\" content=\"https:\/\/www.eldiario.net\/portal\/wp-content\/uploads\/2023\/06\/The-Strongest-26-scaled-e1687862642930.jpg\" \/>\n\t<meta property=\"og:image:width\" content=\"1707\" \/>\n\t<meta property=\"og:image:height\" content=\"1248\" \/>\n\t<meta property=\"og:image:type\" content=\"image\/jpeg\" \/>\n<meta name=\"author\" content=\"Jeanette\" \/>\n<meta name=\"twitter:card\" content=\"summary_large_image\" \/>\n<meta name=\"twitter:creator\" content=\"@eldiario_net\" \/>\n<meta name=\"twitter:site\" content=\"@eldiario_net\" \/>\n<meta name=\"twitter:label1\" content=\"Escrito por\" \/>\n\t<meta name=\"twitter:data1\" content=\"Jeanette\" \/>\n\t<meta name=\"twitter:label2\" content=\"Tiempo de lectura\" \/>\n\t<meta name=\"twitter:data2\" content=\"3 minutos\" \/>\n<script type=\"application\/ld+json\" class=\"yoast-schema-graph\">{\"@context\":\"https:\\\/\\\/schema.org\",\"@graph\":[{\"@type\":\"Article\",\"@id\":\"https:\\\/\\\/www.eldiario.net\\\/portal\\\/2023\\\/06\\\/27\\\/the-strongest-visita-a-river-en-busca-de-la-hazana\\\/#article\",\"isPartOf\":{\"@id\":\"https:\\\/\\\/www.eldiario.net\\\/portal\\\/2023\\\/06\\\/27\\\/the-strongest-visita-a-river-en-busca-de-la-hazana\\\/\"},\"author\":{\"name\":\"Jeanette\",\"@id\":\"https:\\\/\\\/www.eldiario.net\\\/portal\\\/#\\\/schema\\\/person\\\/f46445640444750d7d753ccd04ae01b7\"},\"headline\":\"The Strongest visita a River en busca de la haza\u00f1a\",\"datePublished\":\"2023-06-27T10:44:13+00:00\",\"mainEntityOfPage\":{\"@id\":\"https:\\\/\\\/www.eldiario.net\\\/portal\\\/2023\\\/06\\\/27\\\/the-strongest-visita-a-river-en-busca-de-la-hazana\\\/\"},\"wordCount\":526,\"publisher\":{\"@id\":\"https:\\\/\\\/www.eldiario.net\\\/portal\\\/#organization\"},\"image\":{\"@id\":\"https:\\\/\\\/www.eldiario.net\\\/portal\\\/2023\\\/06\\\/27\\\/the-strongest-visita-a-river-en-busca-de-la-hazana\\\/#primaryimage\"},\"thumbnailUrl\":\"https:\\\/\\\/www.eldiario.net\\\/portal\\\/wp-content\\\/uploads\\\/2023\\\/06\\\/The-Strongest-26-scaled-e1687862642930.jpg\",\"articleSection\":[\"Deportes\"],\"inLanguage\":\"es\"},{\"@type\":\"WebPage\",\"@id\":\"https:\\\/\\\/www.eldiario.net\\\/portal\\\/2023\\\/06\\\/27\\\/the-strongest-visita-a-river-en-busca-de-la-hazana\\\/\",\"url\":\"https:\\\/\\\/www.eldiario.net\\\/portal\\\/2023\\\/06\\\/27\\\/the-strongest-visita-a-river-en-busca-de-la-hazana\\\/\",\"name\":\"The Strongest visita a River en busca de la haza\u00f1a - El Diario - Bolivia\",\"isPartOf\":{\"@id\":\"https:\\\/\\\/www.eldiario.net\\\/portal\\\/#website\"},\"primaryImageOfPage\":{\"@id\":\"https:\\\/\\\/www.eldiario.net\\\/portal\\\/2023\\\/06\\\/27\\\/the-strongest-visita-a-river-en-busca-de-la-hazana\\\/#primaryimage\"},\"image\":{\"@id\":\"https:\\\/\\\/www.eldiario.net\\\/portal\\\/2023\\\/06\\\/27\\\/the-strongest-visita-a-river-en-busca-de-la-hazana\\\/#primaryimage\"},\"thumbnailUrl\":\"https:\\\/\\\/www.eldiario.net\\\/portal\\\/wp-content\\\/uploads\\\/2023\\\/06\\\/The-Strongest-26-scaled-e1687862642930.jpg\",\"datePublished\":\"2023-06-27T10:44:13+00:00\",\"breadcrumb\":{\"@id\":\"https:\\\/\\\/www.eldiario.net\\\/portal\\\/2023\\\/06\\\/27\\\/the-strongest-visita-a-river-en-busca-de-la-hazana\\\/#breadcrumb\"},\"inLanguage\":\"es\",\"potentialAction\":[{\"@type\":\"ReadAction\",\"target\":[\"https:\\\/\\\/www.eldiario.net\\\/portal\\\/2023\\\/06\\\/27\\\/the-strongest-visita-a-river-en-busca-de-la-hazana\\\/\"]}]},{\"@type\":\"ImageObject\",\"inLanguage\":\"es\",\"@id\":\"https:\\\/\\\/www.eldiario.net\\\/portal\\\/2023\\\/06\\\/27\\\/the-strongest-visita-a-river-en-busca-de-la-hazana\\\/#primaryimage\",\"url\":\"https:\\\/\\\/www.eldiario.net\\\/portal\\\/wp-content\\\/uploads\\\/2023\\\/06\\\/The-Strongest-26-scaled-e1687862642930.jpg\",\"contentUrl\":\"https:\\\/\\\/www.eldiario.net\\\/portal\\\/wp-content\\\/uploads\\\/2023\\\/06\\\/The-Strongest-26-scaled-e1687862642930.jpg\",\"width\":1707,\"height\":1248},{\"@type\":\"BreadcrumbList\",\"@id\":\"https:\\\/\\\/www.eldiario.net\\\/portal\\\/2023\\\/06\\\/27\\\/the-strongest-visita-a-river-en-busca-de-la-hazana\\\/#breadcrumb\",\"itemListElement\":[{\"@type\":\"ListItem\",\"position\":1,\"name\":\"Portada\",\"item\":\"https:\\\/\\\/www.eldiario.net\\\/portal\\\/\"},{\"@type\":\"ListItem\",\"position\":2,\"name\":\"The Strongest visita a River en busca de la haza\u00f1a\"}]},{\"@type\":\"WebSite\",\"@id\":\"https:\\\/\\\/www.eldiario.net\\\/portal\\\/#website\",\"url\":\"https:\\\/\\\/www.eldiario.net\\\/portal\\\/\",\"name\":\"El Diario - Decano de la prensa nacional\",\"description\":\"El Diario - Decano de la prensa nacional\",\"publisher\":{\"@id\":\"https:\\\/\\\/www.eldiario.net\\\/portal\\\/#organization\"},\"potentialAction\":[{\"@type\":\"SearchAction\",\"target\":{\"@type\":\"EntryPoint\",\"urlTemplate\":\"https:\\\/\\\/www.eldiario.net\\\/portal\\\/?s={search_term_string}\"},\"query-input\":{\"@type\":\"PropertyValueSpecification\",\"valueRequired\":true,\"valueName\":\"search_term_string\"}}],\"inLanguage\":\"es\"},{\"@type\":\"Organization\",\"@id\":\"https:\\\/\\\/www.eldiario.net\\\/portal\\\/#organization\",\"name\":\"El Diario - Decano de la prensa nacional\",\"url\":\"https:\\\/\\\/www.eldiario.net\\\/portal\\\/\",\"logo\":{\"@type\":\"ImageObject\",\"inLanguage\":\"es\",\"@id\":\"https:\\\/\\\/www.eldiario.net\\\/portal\\\/#\\\/schema\\\/logo\\\/image\\\/\",\"url\":\"https:\\\/\\\/www.eldiario.net\\\/portal\\\/wp-content\\\/uploads\\\/2023\\\/07\\\/logo_ED.jpg\",\"contentUrl\":\"https:\\\/\\\/www.eldiario.net\\\/portal\\\/wp-content\\\/uploads\\\/2023\\\/07\\\/logo_ED.jpg\",\"width\":272,\"height\":52,\"caption\":\"El Diario - Decano de la prensa nacional\"},\"image\":{\"@id\":\"https:\\\/\\\/www.eldiario.net\\\/portal\\\/#\\\/schema\\\/logo\\\/image\\\/\"},\"sameAs\":[\"https:\\\/\\\/www.facebook.com\\\/eldiario.bolivia\\\/\",\"https:\\\/\\\/x.com\\\/eldiario_net\"]},{\"@type\":\"Person\",\"@id\":\"https:\\\/\\\/www.eldiario.net\\\/portal\\\/#\\\/schema\\\/person\\\/f46445640444750d7d753ccd04ae01b7\",\"name\":\"Jeanette\",\"image\":{\"@type\":\"ImageObject\",\"inLanguage\":\"es\",\"@id\":\"https:\\\/\\\/secure.gravatar.com\\\/avatar\\\/3ea2118a5f7dad2b7138b1187a6b7ee55f160b9968b66013c3a3ef39dd7e5798?s=96&d=mm&r=g\",\"url\":\"https:\\\/\\\/secure.gravatar.com\\\/avatar\\\/3ea2118a5f7dad2b7138b1187a6b7ee55f160b9968b66013c3a3ef39dd7e5798?s=96&d=mm&r=g\",\"contentUrl\":\"https:\\\/\\\/secure.gravatar.com\\\/avatar\\\/3ea2118a5f7dad2b7138b1187a6b7ee55f160b9968b66013c3a3ef39dd7e5798?s=96&d=mm&r=g\",\"caption\":\"Jeanette\"},\"sameAs\":[\"https:\\\/\\\/www.eldiario.net\\\/portal\"],\"url\":\"https:\\\/\\\/www.eldiario.net\\\/portal\\\/author\\\/jeanette\\\/\"}]}<\/script>\n<!-- \/ Yoast SEO plugin. -->","yoast_head_json":{"title":"The Strongest visita a River en busca de la haza\u00f1a - El Diario - Bolivia","robots":{"index":"index","follow":"follow","max-snippet":"max-snippet:-1","max-image-preview":"max-image-preview:large","max-video-preview":"max-video-preview:-1"},"canonical":"https:\/\/www.eldiario.net\/portal\/2023\/06\/27\/the-strongest-visita-a-river-en-busca-de-la-hazana\/","og_locale":"es_ES","og_type":"article","og_title":"The Strongest visita a River en busca de la haza\u00f1a - El Diario - Bolivia","og_description":"BUENOS AIRES\/ARGENTINA.- The Strongest jugar\u00e1 contra los pron\u00f3sticos, contra River Plate en Buenos Aires y contra s\u00ed mismo este martes (20:00 HB) en el \u00faltimo cotejo del grupo \u201cD\u201d que definir\u00e1 la clasificaci\u00f3n de uno de estos equipos a los octavos de final de la Copa Libertadores de Am\u00e9rica. Los antecedentes le dan la espalda [&hellip;]","og_url":"https:\/\/www.eldiario.net\/portal\/2023\/06\/27\/the-strongest-visita-a-river-en-busca-de-la-hazana\/","og_site_name":"El Diario - Bolivia","article_publisher":"https:\/\/www.facebook.com\/eldiario.bolivia\/","article_published_time":"2023-06-27T10:44:13+00:00","og_image":[{"width":1707,"height":1248,"url":"https:\/\/www.eldiario.net\/portal\/wp-content\/uploads\/2023\/06\/The-Strongest-26-scaled-e1687862642930.jpg","type":"image\/jpeg"}],"author":"Jeanette","twitter_card":"summary_large_image","twitter_creator":"@eldiario_net","twitter_site":"@eldiario_net","twitter_misc":{"Escrito por":"Jeanette","Tiempo de lectura":"3 minutos"},"schema":{"@context":"https:\/\/schema.org","@graph":[{"@type":"Article","@id":"https:\/\/www.eldiario.net\/portal\/2023\/06\/27\/the-strongest-visita-a-river-en-busca-de-la-hazana\/#article","isPartOf":{"@id":"https:\/\/www.eldiario.net\/portal\/2023\/06\/27\/the-strongest-visita-a-river-en-busca-de-la-hazana\/"},"author":{"name":"Jeanette","@id":"https:\/\/www.eldiario.net\/portal\/#\/schema\/person\/f46445640444750d7d753ccd04ae01b7"},"headline":"The Strongest visita a River en busca de la haza\u00f1a","datePublished":"2023-06-27T10:44:13+00:00","mainEntityOfPage":{"@id":"https:\/\/www.eldiario.net\/portal\/2023\/06\/27\/the-strongest-visita-a-river-en-busca-de-la-hazana\/"},"wordCount":526,"publisher":{"@id":"https:\/\/www.eldiario.net\/portal\/#organization"},"image":{"@id":"https:\/\/www.eldiario.net\/portal\/2023\/06\/27\/the-strongest-visita-a-river-en-busca-de-la-hazana\/#primaryimage"},"thumbnailUrl":"https:\/\/www.eldiario.net\/portal\/wp-content\/uploads\/2023\/06\/The-Strongest-26-scaled-e1687862642930.jpg","articleSection":["Deportes"],"inLanguage":"es"},{"@type":"WebPage","@id":"https:\/\/www.eldiario.net\/portal\/2023\/06\/27\/the-strongest-visita-a-river-en-busca-de-la-hazana\/","url":"https:\/\/www.eldiario.net\/portal\/2023\/06\/27\/the-strongest-visita-a-river-en-busca-de-la-hazana\/","name":"The Strongest visita a River en busca de la haza\u00f1a - El Diario - Bolivia","isPartOf":{"@id":"https:\/\/www.eldiario.net\/portal\/#website"},"primaryImageOfPage":{"@id":"https:\/\/www.eldiario.net\/portal\/2023\/06\/27\/the-strongest-visita-a-river-en-busca-de-la-hazana\/#primaryimage"},"image":{"@id":"https:\/\/www.eldiario.net\/portal\/2023\/06\/27\/the-strongest-visita-a-river-en-busca-de-la-hazana\/#primaryimage"},"thumbnailUrl":"https:\/\/www.eldiario.net\/portal\/wp-content\/uploads\/2023\/06\/The-Strongest-26-scaled-e1687862642930.jpg","datePublished":"2023-06-27T10:44:13+00:00","breadcrumb":{"@id":"https:\/\/www.eldiario.net\/portal\/2023\/06\/27\/the-strongest-visita-a-river-en-busca-de-la-hazana\/#breadcrumb"},"inLanguage":"es","potentialAction":[{"@type":"ReadAction","target":["https:\/\/www.eldiario.net\/portal\/2023\/06\/27\/the-strongest-visita-a-river-en-busca-de-la-hazana\/"]}]},{"@type":"ImageObject","inLanguage":"es","@id":"https:\/\/www.eldiario.net\/portal\/2023\/06\/27\/the-strongest-visita-a-river-en-busca-de-la-hazana\/#primaryimage","url":"https:\/\/www.eldiario.net\/portal\/wp-content\/uploads\/2023\/06\/The-Strongest-26-scaled-e1687862642930.jpg","contentUrl":"https:\/\/www.eldiario.net\/portal\/wp-content\/uploads\/2023\/06\/The-Strongest-26-scaled-e1687862642930.jpg","width":1707,"height":1248},{"@type":"BreadcrumbList","@id":"https:\/\/www.eldiario.net\/portal\/2023\/06\/27\/the-strongest-visita-a-river-en-busca-de-la-hazana\/#breadcrumb","itemListElement":[{"@type":"ListItem","position":1,"name":"Portada","item":"https:\/\/www.eldiario.net\/portal\/"},{"@type":"ListItem","position":2,"name":"The Strongest visita a River en busca de la haza\u00f1a"}]},{"@type":"WebSite","@id":"https:\/\/www.eldiario.net\/portal\/#website","url":"https:\/\/www.eldiario.net\/portal\/","name":"El Diario - Decano de la prensa nacional","description":"El Diario - Decano de la prensa nacional","publisher":{"@id":"https:\/\/www.eldiario.net\/portal\/#organization"},"potentialAction":[{"@type":"SearchAction","target":{"@type":"EntryPoint","urlTemplate":"https:\/\/www.eldiario.net\/portal\/?s={search_term_string}"},"query-input":{"@type":"PropertyValueSpecification","valueRequired":true,"valueName":"search_term_string"}}],"inLanguage":"es"},{"@type":"Organization","@id":"https:\/\/www.eldiario.net\/portal\/#organization","name":"El Diario - Decano de la prensa nacional","url":"https:\/\/www.eldiario.net\/portal\/","logo":{"@type":"ImageObject","inLanguage":"es","@id":"https:\/\/www.eldiario.net\/portal\/#\/schema\/logo\/image\/","url":"https:\/\/www.eldiario.net\/portal\/wp-content\/uploads\/2023\/07\/logo_ED.jpg","contentUrl":"https:\/\/www.eldiario.net\/portal\/wp-content\/uploads\/2023\/07\/logo_ED.jpg","width":272,"height":52,"caption":"El Diario - Decano de la prensa nacional"},"image":{"@id":"https:\/\/www.eldiario.net\/portal\/#\/schema\/logo\/image\/"},"sameAs":["https:\/\/www.facebook.com\/eldiario.bolivia\/","https:\/\/x.com\/eldiario_net"]},{"@type":"Person","@id":"https:\/\/www.eldiario.net\/portal\/#\/schema\/person\/f46445640444750d7d753ccd04ae01b7","name":"Jeanette","image":{"@type":"ImageObject","inLanguage":"es","@id":"https:\/\/secure.gravatar.com\/avatar\/3ea2118a5f7dad2b7138b1187a6b7ee55f160b9968b66013c3a3ef39dd7e5798?s=96&d=mm&r=g","url":"https:\/\/secure.gravatar.com\/avatar\/3ea2118a5f7dad2b7138b1187a6b7ee55f160b9968b66013c3a3ef39dd7e5798?s=96&d=mm&r=g","contentUrl":"https:\/\/secure.gravatar.com\/avatar\/3ea2118a5f7dad2b7138b1187a6b7ee55f160b9968b66013c3a3ef39dd7e5798?s=96&d=mm&r=g","caption":"Jeanette"},"sameAs":["https:\/\/www.eldiario.net\/portal"],"url":"https:\/\/www.eldiario.net\/portal\/author\/jeanette\/"}]}},"_links":{"self":[{"href":"https:\/\/www.eldiario.net\/portal\/wp-json\/wp\/v2\/posts\/162228","targetHints":{"allow":["GET"]}}],"collection":[{"href":"https:\/\/www.eldiario.net\/portal\/wp-json\/wp\/v2\/posts"}],"about":[{"href":"https:\/\/www.eldiario.net\/portal\/wp-json\/wp\/v2\/types\/post"}],"author":[{"embeddable":true,"href":"https:\/\/www.eldiario.net\/portal\/wp-json\/wp\/v2\/users\/1"}],"replies":[{"embeddable":true,"href":"https:\/\/www.eldiario.net\/portal\/wp-json\/wp\/v2\/comments?post=162228"}],"version-history":[{"count":0,"href":"https:\/\/www.eldiario.net\/portal\/wp-json\/wp\/v2\/posts\/162228\/revisions"}],"wp:featuredmedia":[{"embeddable":true,"href":"https:\/\/www.eldiario.net\/portal\/wp-json\/wp\/v2\/media\/162229"}],"wp:attachment":[{"href":"https:\/\/www.eldiario.net\/portal\/wp-json\/wp\/v2\/media?parent=162228"}],"wp:term":[{"taxonomy":"category","embeddable":true,"href":"https:\/\/www.eldiario.net\/portal\/wp-json\/wp\/v2\/categories?post=162228"},{"taxonomy":"post_tag","embeddable":true,"href":"https:\/\/www.eldiario.net\/portal\/wp-json\/wp\/v2\/tags?post=162228"}],"curies":[{"name":"wp","href":"https:\/\/api.w.org\/{rel}","templated":true}]}}