{"id":162225,"date":"2023-06-27T06:43:03","date_gmt":"2023-06-27T10:43:03","guid":{"rendered":"https:\/\/www.eldiario.net\/portal\/?p=162225"},"modified":"2023-06-27T06:43:03","modified_gmt":"2023-06-27T10:43:03","slug":"espanol-gonzalez-asume-la-direccion-tecnica-de-real-tomayapo","status":"publish","type":"post","link":"https:\/\/www.eldiario.net\/portal\/2023\/06\/27\/espanol-gonzalez-asume-la-direccion-tecnica-de-real-tomayapo\/","title":{"rendered":"Espa\u00f1ol Gonz\u00e1lez asume la direcci\u00f3n t\u00e9cnica de Real Tomayapo"},"content":{"rendered":"<p>TARIJA.-En un momento dif\u00edcil por los malos resultados, el entrenador espa\u00f1ol David Gonz\u00e1lez Sanz, de 38 a\u00f1os, lleg\u00f3 el domingo a la ciudad de Tarija con las ganas de empujar hacia adelante a Real Tomayapo, elenco que la anterior semana qued\u00f3 sin director t\u00e9cnico.<\/p>\n<p>La dirigencia del club Real Tomayapo opt\u00f3 por mirar en el mercado del extranjero para entregar la direcci\u00f3n t\u00e9cnica del elenco, con lo cual el equipo ha pasado por la mano de tres profesionales, en lo que va de la temporada: Richard Rojas, Juan Vita y Gonz\u00e1lez.<\/p>\n<p>Gonz\u00e1lez indic\u00f3 que est\u00e1 al tanto de la realidad del f\u00fatbol boliviano, porque ha realizado un seguimiento a la actuaci\u00f3n de los dominicanos: Dorny Romero, Edarlyn Reyes y C\u00e9sar Garc\u00eda, actualmente, jugadores de Always Ready y Oriente Petrolero.<\/p>\n<p>La carrera de Gonz\u00e1lez fue desarrollada en Rep\u00fablica Dominicana, donde dirigi\u00f3 a la Selecci\u00f3n Sub-23 y a la Absoluta en ese pa\u00eds en 2019-2020. Adem\u00e1s, condujo a Cibao (2016), Atl\u00e9tico San Crist\u00f3bal (2019) y Pantoja (2021), elencos dominicanos de la Primera Divisi\u00f3n.<\/p>\n<p>El nuevo entrenador tuvo contacto con el preparador f\u00edsico, Pablo Rubinich, quien dirigi\u00f3 de manera interina a Real Tomayapo en el empate sin goles conseguido ante Palmaflor el viernes en Villa Tunari.<\/p>\n<p>En el breve contacto que tuvo con los periodistas que fueron a recibirlo en el aeropuerto de Tarija, Gonz\u00e1lez destac\u00f3 la humildad y la entrega del elenco, y que cuenta con una plantilla con la cual se puede salir adelante.<\/p>\n<p>El debut del espa\u00f1ol ser\u00e1 en condici\u00f3n de visitante: Libertad Gran Mamor\u00e9, el s\u00e1bado 1 de julio (15:00), por la tercera fecha del grupo \u201cA\u201d de la Copa de la Divisi\u00f3n Profesional. Mientras, en el Campeonato su primera actuaci\u00f3n reci\u00e9n ser\u00e1 el 17 de julio (15:00) ante Real Santa Cruz en la capital oriental por la d\u00e9cima novena jornada.(APG)<\/p>\n","protected":false},"excerpt":{"rendered":"<p>TARIJA.-En un momento dif\u00edcil por los malos resultados, el entrenador espa\u00f1ol David Gonz\u00e1lez Sanz, de 38 a\u00f1os, lleg\u00f3 el domingo a la ciudad de Tarija con las ganas de empujar hacia adelante a Real Tomayapo, elenco que la anterior semana qued\u00f3 sin director t\u00e9cnico. La dirigencia del club Real Tomayapo opt\u00f3 por mirar en el [&hellip;]<\/p>\n","protected":false},"author":1,"featured_media":162226,"comment_status":"closed","ping_status":"closed","sticky":false,"template":"","format":"standard","meta":{"_acf_changed":false,"footnotes":""},"categories":[6],"tags":[],"class_list":["post-162225","post","type-post","status-publish","format-standard","has-post-thumbnail","category-deportes"],"acf":{"antetitulo":""},"yoast_head":"<!-- This site is optimized with the Yoast SEO plugin v28.3 - https:\/\/yoast.com\/product\/yoast-seo-wordpress\/ -->\n<title>Espa\u00f1ol Gonz\u00e1lez asume la direcci\u00f3n t\u00e9cnica de Real Tomayapo - El Diario - Bolivia<\/title>\n<meta name=\"robots\" content=\"index, follow, max-snippet:-1, max-image-preview:large, max-video-preview:-1\" \/>\n<link rel=\"canonical\" href=\"https:\/\/www.eldiario.net\/portal\/2023\/06\/27\/espanol-gonzalez-asume-la-direccion-tecnica-de-real-tomayapo\/\" \/>\n<meta property=\"og:locale\" content=\"es_ES\" \/>\n<meta property=\"og:type\" content=\"article\" \/>\n<meta property=\"og:title\" content=\"Espa\u00f1ol Gonz\u00e1lez asume la direcci\u00f3n t\u00e9cnica de Real Tomayapo - El Diario - Bolivia\" \/>\n<meta property=\"og:description\" content=\"TARIJA.-En un momento dif\u00edcil por los malos resultados, el entrenador espa\u00f1ol David Gonz\u00e1lez Sanz, de 38 a\u00f1os, lleg\u00f3 el domingo a la ciudad de Tarija con las ganas de empujar hacia adelante a Real Tomayapo, elenco que la anterior semana qued\u00f3 sin director t\u00e9cnico. La dirigencia del club Real Tomayapo opt\u00f3 por mirar en el [&hellip;]\" \/>\n<meta property=\"og:url\" content=\"https:\/\/www.eldiario.net\/portal\/2023\/06\/27\/espanol-gonzalez-asume-la-direccion-tecnica-de-real-tomayapo\/\" \/>\n<meta property=\"og:site_name\" content=\"El Diario - Bolivia\" \/>\n<meta property=\"article:publisher\" content=\"https:\/\/www.facebook.com\/eldiario.bolivia\/\" \/>\n<meta property=\"article:published_time\" content=\"2023-06-27T10:43:03+00:00\" \/>\n<meta property=\"og:image\" content=\"https:\/\/www.eldiario.net\/portal\/wp-content\/uploads\/2023\/06\/Tomayapo-26.jpg\" \/>\n\t<meta property=\"og:image:width\" content=\"298\" \/>\n\t<meta property=\"og:image:height\" content=\"389\" \/>\n\t<meta property=\"og:image:type\" content=\"image\/jpeg\" \/>\n<meta name=\"author\" content=\"Jeanette\" \/>\n<meta name=\"twitter:card\" content=\"summary_large_image\" \/>\n<meta name=\"twitter:creator\" content=\"@eldiario_net\" \/>\n<meta name=\"twitter:site\" content=\"@eldiario_net\" \/>\n<meta name=\"twitter:label1\" content=\"Escrito por\" \/>\n\t<meta name=\"twitter:data1\" content=\"Jeanette\" \/>\n\t<meta name=\"twitter:label2\" content=\"Tiempo de lectura\" \/>\n\t<meta name=\"twitter:data2\" content=\"2 minutos\" \/>\n<script type=\"application\/ld+json\" class=\"yoast-schema-graph\">{\"@context\":\"https:\\\/\\\/schema.org\",\"@graph\":[{\"@type\":\"Article\",\"@id\":\"https:\\\/\\\/www.eldiario.net\\\/portal\\\/2023\\\/06\\\/27\\\/espanol-gonzalez-asume-la-direccion-tecnica-de-real-tomayapo\\\/#article\",\"isPartOf\":{\"@id\":\"https:\\\/\\\/www.eldiario.net\\\/portal\\\/2023\\\/06\\\/27\\\/espanol-gonzalez-asume-la-direccion-tecnica-de-real-tomayapo\\\/\"},\"author\":{\"name\":\"Jeanette\",\"@id\":\"https:\\\/\\\/www.eldiario.net\\\/portal\\\/#\\\/schema\\\/person\\\/f46445640444750d7d753ccd04ae01b7\"},\"headline\":\"Espa\u00f1ol Gonz\u00e1lez asume la direcci\u00f3n t\u00e9cnica de Real Tomayapo\",\"datePublished\":\"2023-06-27T10:43:03+00:00\",\"mainEntityOfPage\":{\"@id\":\"https:\\\/\\\/www.eldiario.net\\\/portal\\\/2023\\\/06\\\/27\\\/espanol-gonzalez-asume-la-direccion-tecnica-de-real-tomayapo\\\/\"},\"wordCount\":339,\"publisher\":{\"@id\":\"https:\\\/\\\/www.eldiario.net\\\/portal\\\/#organization\"},\"image\":{\"@id\":\"https:\\\/\\\/www.eldiario.net\\\/portal\\\/2023\\\/06\\\/27\\\/espanol-gonzalez-asume-la-direccion-tecnica-de-real-tomayapo\\\/#primaryimage\"},\"thumbnailUrl\":\"https:\\\/\\\/www.eldiario.net\\\/portal\\\/wp-content\\\/uploads\\\/2023\\\/06\\\/Tomayapo-26.jpg\",\"articleSection\":[\"Deportes\"],\"inLanguage\":\"es\"},{\"@type\":\"WebPage\",\"@id\":\"https:\\\/\\\/www.eldiario.net\\\/portal\\\/2023\\\/06\\\/27\\\/espanol-gonzalez-asume-la-direccion-tecnica-de-real-tomayapo\\\/\",\"url\":\"https:\\\/\\\/www.eldiario.net\\\/portal\\\/2023\\\/06\\\/27\\\/espanol-gonzalez-asume-la-direccion-tecnica-de-real-tomayapo\\\/\",\"name\":\"Espa\u00f1ol Gonz\u00e1lez asume la direcci\u00f3n t\u00e9cnica de Real Tomayapo - El Diario - Bolivia\",\"isPartOf\":{\"@id\":\"https:\\\/\\\/www.eldiario.net\\\/portal\\\/#website\"},\"primaryImageOfPage\":{\"@id\":\"https:\\\/\\\/www.eldiario.net\\\/portal\\\/2023\\\/06\\\/27\\\/espanol-gonzalez-asume-la-direccion-tecnica-de-real-tomayapo\\\/#primaryimage\"},\"image\":{\"@id\":\"https:\\\/\\\/www.eldiario.net\\\/portal\\\/2023\\\/06\\\/27\\\/espanol-gonzalez-asume-la-direccion-tecnica-de-real-tomayapo\\\/#primaryimage\"},\"thumbnailUrl\":\"https:\\\/\\\/www.eldiario.net\\\/portal\\\/wp-content\\\/uploads\\\/2023\\\/06\\\/Tomayapo-26.jpg\",\"datePublished\":\"2023-06-27T10:43:03+00:00\",\"breadcrumb\":{\"@id\":\"https:\\\/\\\/www.eldiario.net\\\/portal\\\/2023\\\/06\\\/27\\\/espanol-gonzalez-asume-la-direccion-tecnica-de-real-tomayapo\\\/#breadcrumb\"},\"inLanguage\":\"es\",\"potentialAction\":[{\"@type\":\"ReadAction\",\"target\":[\"https:\\\/\\\/www.eldiario.net\\\/portal\\\/2023\\\/06\\\/27\\\/espanol-gonzalez-asume-la-direccion-tecnica-de-real-tomayapo\\\/\"]}]},{\"@type\":\"ImageObject\",\"inLanguage\":\"es\",\"@id\":\"https:\\\/\\\/www.eldiario.net\\\/portal\\\/2023\\\/06\\\/27\\\/espanol-gonzalez-asume-la-direccion-tecnica-de-real-tomayapo\\\/#primaryimage\",\"url\":\"https:\\\/\\\/www.eldiario.net\\\/portal\\\/wp-content\\\/uploads\\\/2023\\\/06\\\/Tomayapo-26.jpg\",\"contentUrl\":\"https:\\\/\\\/www.eldiario.net\\\/portal\\\/wp-content\\\/uploads\\\/2023\\\/06\\\/Tomayapo-26.jpg\",\"width\":298,\"height\":389},{\"@type\":\"BreadcrumbList\",\"@id\":\"https:\\\/\\\/www.eldiario.net\\\/portal\\\/2023\\\/06\\\/27\\\/espanol-gonzalez-asume-la-direccion-tecnica-de-real-tomayapo\\\/#breadcrumb\",\"itemListElement\":[{\"@type\":\"ListItem\",\"position\":1,\"name\":\"Portada\",\"item\":\"https:\\\/\\\/www.eldiario.net\\\/portal\\\/\"},{\"@type\":\"ListItem\",\"position\":2,\"name\":\"Espa\u00f1ol Gonz\u00e1lez asume la direcci\u00f3n t\u00e9cnica de Real Tomayapo\"}]},{\"@type\":\"WebSite\",\"@id\":\"https:\\\/\\\/www.eldiario.net\\\/portal\\\/#website\",\"url\":\"https:\\\/\\\/www.eldiario.net\\\/portal\\\/\",\"name\":\"El Diario - Decano de la prensa nacional\",\"description\":\"El Diario - Decano de la prensa nacional\",\"publisher\":{\"@id\":\"https:\\\/\\\/www.eldiario.net\\\/portal\\\/#organization\"},\"potentialAction\":[{\"@type\":\"SearchAction\",\"target\":{\"@type\":\"EntryPoint\",\"urlTemplate\":\"https:\\\/\\\/www.eldiario.net\\\/portal\\\/?s={search_term_string}\"},\"query-input\":{\"@type\":\"PropertyValueSpecification\",\"valueRequired\":true,\"valueName\":\"search_term_string\"}}],\"inLanguage\":\"es\"},{\"@type\":\"Organization\",\"@id\":\"https:\\\/\\\/www.eldiario.net\\\/portal\\\/#organization\",\"name\":\"El Diario - Decano de la prensa nacional\",\"url\":\"https:\\\/\\\/www.eldiario.net\\\/portal\\\/\",\"logo\":{\"@type\":\"ImageObject\",\"inLanguage\":\"es\",\"@id\":\"https:\\\/\\\/www.eldiario.net\\\/portal\\\/#\\\/schema\\\/logo\\\/image\\\/\",\"url\":\"https:\\\/\\\/www.eldiario.net\\\/portal\\\/wp-content\\\/uploads\\\/2023\\\/07\\\/logo_ED.jpg\",\"contentUrl\":\"https:\\\/\\\/www.eldiario.net\\\/portal\\\/wp-content\\\/uploads\\\/2023\\\/07\\\/logo_ED.jpg\",\"width\":272,\"height\":52,\"caption\":\"El Diario - Decano de la prensa nacional\"},\"image\":{\"@id\":\"https:\\\/\\\/www.eldiario.net\\\/portal\\\/#\\\/schema\\\/logo\\\/image\\\/\"},\"sameAs\":[\"https:\\\/\\\/www.facebook.com\\\/eldiario.bolivia\\\/\",\"https:\\\/\\\/x.com\\\/eldiario_net\"]},{\"@type\":\"Person\",\"@id\":\"https:\\\/\\\/www.eldiario.net\\\/portal\\\/#\\\/schema\\\/person\\\/f46445640444750d7d753ccd04ae01b7\",\"name\":\"Jeanette\",\"image\":{\"@type\":\"ImageObject\",\"inLanguage\":\"es\",\"@id\":\"https:\\\/\\\/secure.gravatar.com\\\/avatar\\\/3ea2118a5f7dad2b7138b1187a6b7ee55f160b9968b66013c3a3ef39dd7e5798?s=96&d=mm&r=g\",\"url\":\"https:\\\/\\\/secure.gravatar.com\\\/avatar\\\/3ea2118a5f7dad2b7138b1187a6b7ee55f160b9968b66013c3a3ef39dd7e5798?s=96&d=mm&r=g\",\"contentUrl\":\"https:\\\/\\\/secure.gravatar.com\\\/avatar\\\/3ea2118a5f7dad2b7138b1187a6b7ee55f160b9968b66013c3a3ef39dd7e5798?s=96&d=mm&r=g\",\"caption\":\"Jeanette\"},\"sameAs\":[\"https:\\\/\\\/www.eldiario.net\\\/portal\"],\"url\":\"https:\\\/\\\/www.eldiario.net\\\/portal\\\/author\\\/jeanette\\\/\"}]}<\/script>\n<!-- \/ Yoast SEO plugin. -->","yoast_head_json":{"title":"Espa\u00f1ol Gonz\u00e1lez asume la direcci\u00f3n t\u00e9cnica de Real Tomayapo - El Diario - Bolivia","robots":{"index":"index","follow":"follow","max-snippet":"max-snippet:-1","max-image-preview":"max-image-preview:large","max-video-preview":"max-video-preview:-1"},"canonical":"https:\/\/www.eldiario.net\/portal\/2023\/06\/27\/espanol-gonzalez-asume-la-direccion-tecnica-de-real-tomayapo\/","og_locale":"es_ES","og_type":"article","og_title":"Espa\u00f1ol Gonz\u00e1lez asume la direcci\u00f3n t\u00e9cnica de Real Tomayapo - El Diario - Bolivia","og_description":"TARIJA.-En un momento dif\u00edcil por los malos resultados, el entrenador espa\u00f1ol David Gonz\u00e1lez Sanz, de 38 a\u00f1os, lleg\u00f3 el domingo a la ciudad de Tarija con las ganas de empujar hacia adelante a Real Tomayapo, elenco que la anterior semana qued\u00f3 sin director t\u00e9cnico. La dirigencia del club Real Tomayapo opt\u00f3 por mirar en el [&hellip;]","og_url":"https:\/\/www.eldiario.net\/portal\/2023\/06\/27\/espanol-gonzalez-asume-la-direccion-tecnica-de-real-tomayapo\/","og_site_name":"El Diario - Bolivia","article_publisher":"https:\/\/www.facebook.com\/eldiario.bolivia\/","article_published_time":"2023-06-27T10:43:03+00:00","og_image":[{"width":298,"height":389,"url":"https:\/\/www.eldiario.net\/portal\/wp-content\/uploads\/2023\/06\/Tomayapo-26.jpg","type":"image\/jpeg"}],"author":"Jeanette","twitter_card":"summary_large_image","twitter_creator":"@eldiario_net","twitter_site":"@eldiario_net","twitter_misc":{"Escrito por":"Jeanette","Tiempo de lectura":"2 minutos"},"schema":{"@context":"https:\/\/schema.org","@graph":[{"@type":"Article","@id":"https:\/\/www.eldiario.net\/portal\/2023\/06\/27\/espanol-gonzalez-asume-la-direccion-tecnica-de-real-tomayapo\/#article","isPartOf":{"@id":"https:\/\/www.eldiario.net\/portal\/2023\/06\/27\/espanol-gonzalez-asume-la-direccion-tecnica-de-real-tomayapo\/"},"author":{"name":"Jeanette","@id":"https:\/\/www.eldiario.net\/portal\/#\/schema\/person\/f46445640444750d7d753ccd04ae01b7"},"headline":"Espa\u00f1ol Gonz\u00e1lez asume la direcci\u00f3n t\u00e9cnica de Real Tomayapo","datePublished":"2023-06-27T10:43:03+00:00","mainEntityOfPage":{"@id":"https:\/\/www.eldiario.net\/portal\/2023\/06\/27\/espanol-gonzalez-asume-la-direccion-tecnica-de-real-tomayapo\/"},"wordCount":339,"publisher":{"@id":"https:\/\/www.eldiario.net\/portal\/#organization"},"image":{"@id":"https:\/\/www.eldiario.net\/portal\/2023\/06\/27\/espanol-gonzalez-asume-la-direccion-tecnica-de-real-tomayapo\/#primaryimage"},"thumbnailUrl":"https:\/\/www.eldiario.net\/portal\/wp-content\/uploads\/2023\/06\/Tomayapo-26.jpg","articleSection":["Deportes"],"inLanguage":"es"},{"@type":"WebPage","@id":"https:\/\/www.eldiario.net\/portal\/2023\/06\/27\/espanol-gonzalez-asume-la-direccion-tecnica-de-real-tomayapo\/","url":"https:\/\/www.eldiario.net\/portal\/2023\/06\/27\/espanol-gonzalez-asume-la-direccion-tecnica-de-real-tomayapo\/","name":"Espa\u00f1ol Gonz\u00e1lez asume la direcci\u00f3n t\u00e9cnica de Real Tomayapo - El Diario - Bolivia","isPartOf":{"@id":"https:\/\/www.eldiario.net\/portal\/#website"},"primaryImageOfPage":{"@id":"https:\/\/www.eldiario.net\/portal\/2023\/06\/27\/espanol-gonzalez-asume-la-direccion-tecnica-de-real-tomayapo\/#primaryimage"},"image":{"@id":"https:\/\/www.eldiario.net\/portal\/2023\/06\/27\/espanol-gonzalez-asume-la-direccion-tecnica-de-real-tomayapo\/#primaryimage"},"thumbnailUrl":"https:\/\/www.eldiario.net\/portal\/wp-content\/uploads\/2023\/06\/Tomayapo-26.jpg","datePublished":"2023-06-27T10:43:03+00:00","breadcrumb":{"@id":"https:\/\/www.eldiario.net\/portal\/2023\/06\/27\/espanol-gonzalez-asume-la-direccion-tecnica-de-real-tomayapo\/#breadcrumb"},"inLanguage":"es","potentialAction":[{"@type":"ReadAction","target":["https:\/\/www.eldiario.net\/portal\/2023\/06\/27\/espanol-gonzalez-asume-la-direccion-tecnica-de-real-tomayapo\/"]}]},{"@type":"ImageObject","inLanguage":"es","@id":"https:\/\/www.eldiario.net\/portal\/2023\/06\/27\/espanol-gonzalez-asume-la-direccion-tecnica-de-real-tomayapo\/#primaryimage","url":"https:\/\/www.eldiario.net\/portal\/wp-content\/uploads\/2023\/06\/Tomayapo-26.jpg","contentUrl":"https:\/\/www.eldiario.net\/portal\/wp-content\/uploads\/2023\/06\/Tomayapo-26.jpg","width":298,"height":389},{"@type":"BreadcrumbList","@id":"https:\/\/www.eldiario.net\/portal\/2023\/06\/27\/espanol-gonzalez-asume-la-direccion-tecnica-de-real-tomayapo\/#breadcrumb","itemListElement":[{"@type":"ListItem","position":1,"name":"Portada","item":"https:\/\/www.eldiario.net\/portal\/"},{"@type":"ListItem","position":2,"name":"Espa\u00f1ol Gonz\u00e1lez asume la direcci\u00f3n t\u00e9cnica de Real Tomayapo"}]},{"@type":"WebSite","@id":"https:\/\/www.eldiario.net\/portal\/#website","url":"https:\/\/www.eldiario.net\/portal\/","name":"El Diario - Decano de la prensa nacional","description":"El Diario - Decano de la prensa nacional","publisher":{"@id":"https:\/\/www.eldiario.net\/portal\/#organization"},"potentialAction":[{"@type":"SearchAction","target":{"@type":"EntryPoint","urlTemplate":"https:\/\/www.eldiario.net\/portal\/?s={search_term_string}"},"query-input":{"@type":"PropertyValueSpecification","valueRequired":true,"valueName":"search_term_string"}}],"inLanguage":"es"},{"@type":"Organization","@id":"https:\/\/www.eldiario.net\/portal\/#organization","name":"El Diario - Decano de la prensa nacional","url":"https:\/\/www.eldiario.net\/portal\/","logo":{"@type":"ImageObject","inLanguage":"es","@id":"https:\/\/www.eldiario.net\/portal\/#\/schema\/logo\/image\/","url":"https:\/\/www.eldiario.net\/portal\/wp-content\/uploads\/2023\/07\/logo_ED.jpg","contentUrl":"https:\/\/www.eldiario.net\/portal\/wp-content\/uploads\/2023\/07\/logo_ED.jpg","width":272,"height":52,"caption":"El Diario - Decano de la prensa nacional"},"image":{"@id":"https:\/\/www.eldiario.net\/portal\/#\/schema\/logo\/image\/"},"sameAs":["https:\/\/www.facebook.com\/eldiario.bolivia\/","https:\/\/x.com\/eldiario_net"]},{"@type":"Person","@id":"https:\/\/www.eldiario.net\/portal\/#\/schema\/person\/f46445640444750d7d753ccd04ae01b7","name":"Jeanette","image":{"@type":"ImageObject","inLanguage":"es","@id":"https:\/\/secure.gravatar.com\/avatar\/3ea2118a5f7dad2b7138b1187a6b7ee55f160b9968b66013c3a3ef39dd7e5798?s=96&d=mm&r=g","url":"https:\/\/secure.gravatar.com\/avatar\/3ea2118a5f7dad2b7138b1187a6b7ee55f160b9968b66013c3a3ef39dd7e5798?s=96&d=mm&r=g","contentUrl":"https:\/\/secure.gravatar.com\/avatar\/3ea2118a5f7dad2b7138b1187a6b7ee55f160b9968b66013c3a3ef39dd7e5798?s=96&d=mm&r=g","caption":"Jeanette"},"sameAs":["https:\/\/www.eldiario.net\/portal"],"url":"https:\/\/www.eldiario.net\/portal\/author\/jeanette\/"}]}},"_links":{"self":[{"href":"https:\/\/www.eldiario.net\/portal\/wp-json\/wp\/v2\/posts\/162225","targetHints":{"allow":["GET"]}}],"collection":[{"href":"https:\/\/www.eldiario.net\/portal\/wp-json\/wp\/v2\/posts"}],"about":[{"href":"https:\/\/www.eldiario.net\/portal\/wp-json\/wp\/v2\/types\/post"}],"author":[{"embeddable":true,"href":"https:\/\/www.eldiario.net\/portal\/wp-json\/wp\/v2\/users\/1"}],"replies":[{"embeddable":true,"href":"https:\/\/www.eldiario.net\/portal\/wp-json\/wp\/v2\/comments?post=162225"}],"version-history":[{"count":0,"href":"https:\/\/www.eldiario.net\/portal\/wp-json\/wp\/v2\/posts\/162225\/revisions"}],"wp:featuredmedia":[{"embeddable":true,"href":"https:\/\/www.eldiario.net\/portal\/wp-json\/wp\/v2\/media\/162226"}],"wp:attachment":[{"href":"https:\/\/www.eldiario.net\/portal\/wp-json\/wp\/v2\/media?parent=162225"}],"wp:term":[{"taxonomy":"category","embeddable":true,"href":"https:\/\/www.eldiario.net\/portal\/wp-json\/wp\/v2\/categories?post=162225"},{"taxonomy":"post_tag","embeddable":true,"href":"https:\/\/www.eldiario.net\/portal\/wp-json\/wp\/v2\/tags?post=162225"}],"curies":[{"name":"wp","href":"https:\/\/api.w.org\/{rel}","templated":true}]}}