{"id":162164,"date":"2023-06-26T07:08:35","date_gmt":"2023-06-26T11:08:35","guid":{"rendered":"https:\/\/www.eldiario.net\/portal\/?p=162164"},"modified":"2023-06-26T07:08:35","modified_gmt":"2023-06-26T11:08:35","slug":"unit-se-reune-despues-de-15-anos","status":"publish","type":"post","link":"https:\/\/www.eldiario.net\/portal\/2023\/06\/26\/unit-se-reune-despues-de-15-anos\/","title":{"rendered":"Unit se re\u00fane despu\u00e9s de 15 a\u00f1os"},"content":{"rendered":"<p>Despu\u00e9s de un silencio de m\u00e1s de 15 a\u00f1os, la legendaria banda pace\u00f1a de rock <em>Unit<\/em> se reuni\u00f3 para realizar dos conciertos especiales en las ciudades de Santa Cruz de la Sierra y La Paz. El primero fue el 23 de junio en McFly Rock Bar de la ciudad oriental y el segundo ser\u00e1 el 1 de julio en Inni Espacio en la sede de gobierno.<\/p>\n<p>Al igual que en Santa Cruz de la Sierra, el show de La Paz, denominado \u201cUnit-Encore\u201d (De nuevo), incluir\u00e1 un repaso de lo mejor de sus recordados discos: Hide, Red Holocaust y Beware of the Dog; y no se descarta una que otra sorpresa. Adem\u00e1s, se contar\u00e1 con la presencia de <em>Joaquina<\/em> y <em>Unsafe<\/em>.<\/p>\n<p>La banda se encuentra conformada por Coco Bedregal (voz), Andr\u00e9 Dedeco (guitarra), Peter Howard (Bajo) y Mauro Ram\u00edrez (bater\u00eda).<\/p>\n<p>Las entradas para La Paz ya est\u00e1n a la venta en Inni Espacio, Equinoccio y a trav\u00e9s del 63103027. El precio es de 100 Bs.<\/p>\n<p>Para m\u00e1s informaci\u00f3n, los interesados pueden seguir las redes sociales de la banda: @UnitOfficialFB en Facebook y @UnitOfficialIG en Instagram.<\/p>\n<p>A d\u00edas de ese esperado reencuentro y que promete ser, desde ya, inolvidable, La Gu\u00eda convers\u00f3 con Mauro Ram\u00edrez y esto fue lo que nos cont\u00f3 el m\u00fasico.<\/p>\n<p><strong>LG: \u00bfPor qu\u00e9 deciden reencontrarse despu\u00e9s de 15 a\u00f1os?<\/strong><\/p>\n<p>M: Sentimos que ten\u00edamos una deuda con el p\u00fablico, de alguna manera hacer un cierre con ellos y compartir con mucho p\u00fablico joven que no nos hab\u00eda escuchado en vivo<\/p>\n<p><strong>LG: \u00bfC\u00f3mo regresa la banda?, \u00bfhay cambios?, \u00bfse mantiene la esencia musical?<\/strong><\/p>\n<p>M: Seguimos con la misma formaci\u00f3n, excepto Marcelo (segunda guitarra), pero estamos con dos guitarristas de apoyo, uno para La Paz (Sergio Suxo\/Unsafe) y (Pablo Afcha que ya form\u00f3 parte de la banda por el 2002) para Santa Cruz. La esencia es la misma de siempre.<\/p>\n<p><strong>LG: \u00bfQu\u00e9 esperan lograr con este reencuentro?<\/strong><\/p>\n<p>M: Volver a conectar con la gente que nos segu\u00eda y generar nuevos v\u00ednculos con los nuevos fans.<\/p>\n<p><strong>LG: \u00bfQu\u00e9 caracter\u00edsticas especiales tendr\u00e1 este reencuentro?<\/strong><\/p>\n<p>M: En Santa Cruz el 23 de junio hemos invitado para que abra el show a una banda local llamada <em>El \u00faltimo surfista boliviano<\/em>. En La Paz tocaremos el s\u00e1bado 1 de Julio en el espacio INNI. Los artistas invitados para abrir el show ser\u00e1n <em>Joaquina<\/em> y <em>Unsafe<\/em>, lo bueno es que ambas bandas est\u00e1n estrenando disco, as\u00ed que no podr\u00edamos estar m\u00e1s felices por contar con su participaci\u00f3n. Despu\u00e9s del show tendremos la fiesta en el Equinoccio, lo bueno es que con el ticket del show podr\u00e1n ingresar a la fiesta sin pagar extra.<\/p>\n<p><strong>LG: \u00bfQu\u00e9 escuchar\u00e1 el p\u00fablico de La Paz en el concierto del s\u00e1bado 1 de julio?<\/strong><\/p>\n<p>M: Las canciones que son parte de todos los \u00e1lbumes y alguna canci\u00f3n in\u00e9dita que no pudimos grabar.<\/p>\n<p><strong>LG: \u00bfPodemos recordar por qu\u00e9 motivos decidieron separarse?<\/strong><\/p>\n<p>M: (Nos separamos) por razones personales. Me parece que fue en 2008\u2026 sentimos que hab\u00edamos cumplido un ciclo. (Ten\u00edamos) proyectos personales por separado, incluidos nuevos rumbos musicales.<\/p>\n<p><strong>LG: \u00bfQu\u00e9 han hecho los m\u00fasicos de Unit en este tiempo?<\/strong><\/p>\n<p>M: Coco y Andr\u00e9 tocaron muchos a\u00f1os en Argentina, Mauro y Peter hicieron un tiempo m\u00fasica en La Paz en la banda <em>Enfant<\/em>.<\/p>\n<p><strong>LG: \u00bfQu\u00e9 tiempo estuvo activa la banda y qu\u00e9 evaluaci\u00f3n hacen de ese periodo?<\/strong><\/p>\n<p>M: Estuvimos activos me parece que desde el 2000 hasta el 2008. (En un) balance general\u2026 la pasamos muy bien haciendo todo eso, dej\u00e1bamos todo en el escenario\u2026 tal vez queda la espina de no haber sido m\u00e1s serios en algunos aspectos netamente musicales.<\/p>\n<p><strong>LG: \u00bfCu\u00e1l fue el mejor momento de Unit?<\/strong><\/p>\n<p>M: Despu\u00e9s de la salida del <em>Beware of the dog<\/em> se nos abri\u00f3 la puerta grande\u2026 en ese punto ya toc\u00e1bamos en festivales con las bandas top en ese momento: Llegas, Octavia, Atajo\u2026 llen\u00e1bamos bares y pubs, hab\u00eda mucha expectativa por escuchar a la banda \u201cen vivo\u201d ya que los shows eran intensos.<\/p>\n<p><strong>LG: \u00bfQu\u00e9 qued\u00f3 como asignatura pendiente?<\/strong><\/p>\n<p>M: La grabaci\u00f3n de un disco nuevo.<\/p>\n<p><strong>LG: \u00bfQu\u00e9 se viene para Unit despu\u00e9s de estos conciertos de reencuentro?<\/strong><\/p>\n<p>M: No somos una banda establecida, cada uno tiene su propia vida, no pudimos dedicarnos a esto por x o z razones, pero esperamos poder seguir tocando cuando se den las fechas y quiz\u00e1s grabar algo pronto.<\/p>\n<p><strong>LG: \u00bfDeseas agregar algo?<\/strong><\/p>\n<p>M: Pueden adquirir las entradas para La Paz en el 63103027 o tambi\u00e9n pueden comprarlas en espacio INNI o en Equinoccio y agradecer principalmente a <em>Joaquina<\/em> y <em>Unsafe<\/em> por ser parte de esto.<\/p>\n<div id='gallery-1' class='gallery galleryid-162164 gallery-columns-3 gallery-size-medium'><figure class='gallery-item'>\n\t\t\t<div class='gallery-icon landscape'>\n\t\t\t\t<a href='https:\/\/www.eldiario.net\/portal\/2023\/06\/26\/unit-se-reune-despues-de-15-anos\/unit-1principal\/'><img loading=\"lazy\" decoding=\"async\" width=\"300\" height=\"200\" src=\"https:\/\/www.eldiario.net\/portal\/wp-content\/uploads\/2023\/06\/unit-1PRINCIPAL-scaled-1-300x200.jpg\" class=\"attachment-medium size-medium\" alt=\"\" srcset=\"https:\/\/www.eldiario.net\/portal\/wp-content\/uploads\/2023\/06\/unit-1PRINCIPAL-scaled-1-300x200.jpg 300w, https:\/\/www.eldiario.net\/portal\/wp-content\/uploads\/2023\/06\/unit-1PRINCIPAL-scaled-1-1024x683.jpg 1024w, https:\/\/www.eldiario.net\/portal\/wp-content\/uploads\/2023\/06\/unit-1PRINCIPAL-scaled-1-768x512.jpg 768w, https:\/\/www.eldiario.net\/portal\/wp-content\/uploads\/2023\/06\/unit-1PRINCIPAL-scaled-1-1536x1024.jpg 1536w, https:\/\/www.eldiario.net\/portal\/wp-content\/uploads\/2023\/06\/unit-1PRINCIPAL-scaled-1-2048x1366.jpg 2048w, https:\/\/www.eldiario.net\/portal\/wp-content\/uploads\/2023\/06\/unit-1PRINCIPAL-scaled-1-696x464.jpg 696w, https:\/\/www.eldiario.net\/portal\/wp-content\/uploads\/2023\/06\/unit-1PRINCIPAL-scaled-1-1068x712.jpg 1068w, https:\/\/www.eldiario.net\/portal\/wp-content\/uploads\/2023\/06\/unit-1PRINCIPAL-scaled-1-1920x1280.jpg 1920w\" sizes=\"auto, (max-width: 300px) 100vw, 300px\" \/><\/a>\n\t\t\t<\/div><\/figure><figure class='gallery-item'>\n\t\t\t<div class='gallery-icon landscape'>\n\t\t\t\t<a href='https:\/\/www.eldiario.net\/portal\/2023\/06\/26\/unit-se-reune-despues-de-15-anos\/unit-2\/'><img loading=\"lazy\" decoding=\"async\" width=\"300\" height=\"200\" src=\"https:\/\/www.eldiario.net\/portal\/wp-content\/uploads\/2023\/06\/unit-2-scaled-1-300x200.jpg\" class=\"attachment-medium size-medium\" alt=\"\" srcset=\"https:\/\/www.eldiario.net\/portal\/wp-content\/uploads\/2023\/06\/unit-2-scaled-1-300x200.jpg 300w, https:\/\/www.eldiario.net\/portal\/wp-content\/uploads\/2023\/06\/unit-2-scaled-1-1024x683.jpg 1024w, https:\/\/www.eldiario.net\/portal\/wp-content\/uploads\/2023\/06\/unit-2-scaled-1-768x512.jpg 768w, https:\/\/www.eldiario.net\/portal\/wp-content\/uploads\/2023\/06\/unit-2-scaled-1-1536x1024.jpg 1536w, https:\/\/www.eldiario.net\/portal\/wp-content\/uploads\/2023\/06\/unit-2-scaled-1-2048x1366.jpg 2048w, https:\/\/www.eldiario.net\/portal\/wp-content\/uploads\/2023\/06\/unit-2-scaled-1-696x464.jpg 696w, https:\/\/www.eldiario.net\/portal\/wp-content\/uploads\/2023\/06\/unit-2-scaled-1-1068x712.jpg 1068w, https:\/\/www.eldiario.net\/portal\/wp-content\/uploads\/2023\/06\/unit-2-scaled-1-1920x1280.jpg 1920w\" sizes=\"auto, (max-width: 300px) 100vw, 300px\" \/><\/a>\n\t\t\t<\/div><\/figure><figure class='gallery-item'>\n\t\t\t<div class='gallery-icon landscape'>\n\t\t\t\t<a href='https:\/\/www.eldiario.net\/portal\/2023\/06\/26\/unit-se-reune-despues-de-15-anos\/unit-3\/'><img loading=\"lazy\" decoding=\"async\" width=\"300\" height=\"200\" src=\"https:\/\/www.eldiario.net\/portal\/wp-content\/uploads\/2023\/06\/unit-3-scaled-1-300x200.jpg\" class=\"attachment-medium size-medium\" alt=\"\" srcset=\"https:\/\/www.eldiario.net\/portal\/wp-content\/uploads\/2023\/06\/unit-3-scaled-1-300x200.jpg 300w, https:\/\/www.eldiario.net\/portal\/wp-content\/uploads\/2023\/06\/unit-3-scaled-1-1024x683.jpg 1024w, https:\/\/www.eldiario.net\/portal\/wp-content\/uploads\/2023\/06\/unit-3-scaled-1-768x512.jpg 768w, https:\/\/www.eldiario.net\/portal\/wp-content\/uploads\/2023\/06\/unit-3-scaled-1-1536x1024.jpg 1536w, https:\/\/www.eldiario.net\/portal\/wp-content\/uploads\/2023\/06\/unit-3-scaled-1-2048x1366.jpg 2048w, https:\/\/www.eldiario.net\/portal\/wp-content\/uploads\/2023\/06\/unit-3-scaled-1-696x464.jpg 696w, https:\/\/www.eldiario.net\/portal\/wp-content\/uploads\/2023\/06\/unit-3-scaled-1-1068x712.jpg 1068w, https:\/\/www.eldiario.net\/portal\/wp-content\/uploads\/2023\/06\/unit-3-scaled-1-1920x1280.jpg 1920w\" sizes=\"auto, (max-width: 300px) 100vw, 300px\" \/><\/a>\n\t\t\t<\/div><\/figure><figure class='gallery-item'>\n\t\t\t<div class='gallery-icon landscape'>\n\t\t\t\t<a href='https:\/\/www.eldiario.net\/portal\/2023\/06\/26\/unit-se-reune-despues-de-15-anos\/unit-4\/'><img loading=\"lazy\" decoding=\"async\" width=\"300\" height=\"200\" src=\"https:\/\/www.eldiario.net\/portal\/wp-content\/uploads\/2023\/06\/unit-4-scaled-1-300x200.jpg\" class=\"attachment-medium size-medium\" alt=\"\" srcset=\"https:\/\/www.eldiario.net\/portal\/wp-content\/uploads\/2023\/06\/unit-4-scaled-1-300x200.jpg 300w, https:\/\/www.eldiario.net\/portal\/wp-content\/uploads\/2023\/06\/unit-4-scaled-1-1024x683.jpg 1024w, https:\/\/www.eldiario.net\/portal\/wp-content\/uploads\/2023\/06\/unit-4-scaled-1-768x512.jpg 768w, https:\/\/www.eldiario.net\/portal\/wp-content\/uploads\/2023\/06\/unit-4-scaled-1-1536x1024.jpg 1536w, https:\/\/www.eldiario.net\/portal\/wp-content\/uploads\/2023\/06\/unit-4-scaled-1-2048x1366.jpg 2048w, https:\/\/www.eldiario.net\/portal\/wp-content\/uploads\/2023\/06\/unit-4-scaled-1-696x464.jpg 696w, https:\/\/www.eldiario.net\/portal\/wp-content\/uploads\/2023\/06\/unit-4-scaled-1-1068x712.jpg 1068w, https:\/\/www.eldiario.net\/portal\/wp-content\/uploads\/2023\/06\/unit-4-scaled-1-1920x1280.jpg 1920w\" sizes=\"auto, (max-width: 300px) 100vw, 300px\" \/><\/a>\n\t\t\t<\/div><\/figure><figure class='gallery-item'>\n\t\t\t<div class='gallery-icon landscape'>\n\t\t\t\t<a href='https:\/\/www.eldiario.net\/portal\/2023\/06\/26\/unit-se-reune-despues-de-15-anos\/unit-5\/'><img loading=\"lazy\" decoding=\"async\" width=\"300\" height=\"200\" src=\"https:\/\/www.eldiario.net\/portal\/wp-content\/uploads\/2023\/06\/unit-5-scaled-1-300x200.jpg\" class=\"attachment-medium size-medium\" alt=\"\" srcset=\"https:\/\/www.eldiario.net\/portal\/wp-content\/uploads\/2023\/06\/unit-5-scaled-1-300x200.jpg 300w, https:\/\/www.eldiario.net\/portal\/wp-content\/uploads\/2023\/06\/unit-5-scaled-1-1024x683.jpg 1024w, https:\/\/www.eldiario.net\/portal\/wp-content\/uploads\/2023\/06\/unit-5-scaled-1-768x512.jpg 768w, https:\/\/www.eldiario.net\/portal\/wp-content\/uploads\/2023\/06\/unit-5-scaled-1-1536x1024.jpg 1536w, https:\/\/www.eldiario.net\/portal\/wp-content\/uploads\/2023\/06\/unit-5-scaled-1-2048x1366.jpg 2048w, https:\/\/www.eldiario.net\/portal\/wp-content\/uploads\/2023\/06\/unit-5-scaled-1-696x464.jpg 696w, https:\/\/www.eldiario.net\/portal\/wp-content\/uploads\/2023\/06\/unit-5-scaled-1-1068x712.jpg 1068w, https:\/\/www.eldiario.net\/portal\/wp-content\/uploads\/2023\/06\/unit-5-scaled-1-1920x1280.jpg 1920w\" sizes=\"auto, (max-width: 300px) 100vw, 300px\" \/><\/a>\n\t\t\t<\/div><\/figure><figure class='gallery-item'>\n\t\t\t<div class='gallery-icon portrait'>\n\t\t\t\t<a href='https:\/\/www.eldiario.net\/portal\/2023\/06\/26\/unit-se-reune-despues-de-15-anos\/unit-6\/'><img loading=\"lazy\" decoding=\"async\" width=\"240\" height=\"300\" src=\"https:\/\/www.eldiario.net\/portal\/wp-content\/uploads\/2023\/06\/unit-6-240x300.png\" class=\"attachment-medium size-medium\" alt=\"\" srcset=\"https:\/\/www.eldiario.net\/portal\/wp-content\/uploads\/2023\/06\/unit-6-240x300.png 240w, https:\/\/www.eldiario.net\/portal\/wp-content\/uploads\/2023\/06\/unit-6-819x1024.png 819w, https:\/\/www.eldiario.net\/portal\/wp-content\/uploads\/2023\/06\/unit-6-768x960.png 768w, https:\/\/www.eldiario.net\/portal\/wp-content\/uploads\/2023\/06\/unit-6-1229x1536.png 1229w, https:\/\/www.eldiario.net\/portal\/wp-content\/uploads\/2023\/06\/unit-6-696x870.png 696w, https:\/\/www.eldiario.net\/portal\/wp-content\/uploads\/2023\/06\/unit-6-1068x1335.png 1068w, https:\/\/www.eldiario.net\/portal\/wp-content\/uploads\/2023\/06\/unit-6.png 1600w\" sizes=\"auto, (max-width: 240px) 100vw, 240px\" \/><\/a>\n\t\t\t<\/div><\/figure><figure class='gallery-item'>\n\t\t\t<div class='gallery-icon landscape'>\n\t\t\t\t<a href='https:\/\/www.eldiario.net\/portal\/2023\/06\/26\/unit-se-reune-despues-de-15-anos\/unit-7\/'><img loading=\"lazy\" decoding=\"async\" width=\"300\" height=\"200\" src=\"https:\/\/www.eldiario.net\/portal\/wp-content\/uploads\/2023\/06\/unit-7-scaled-1-300x200.jpg\" class=\"attachment-medium size-medium\" alt=\"\" srcset=\"https:\/\/www.eldiario.net\/portal\/wp-content\/uploads\/2023\/06\/unit-7-scaled-1-300x200.jpg 300w, https:\/\/www.eldiario.net\/portal\/wp-content\/uploads\/2023\/06\/unit-7-scaled-1-1024x683.jpg 1024w, https:\/\/www.eldiario.net\/portal\/wp-content\/uploads\/2023\/06\/unit-7-scaled-1-768x512.jpg 768w, https:\/\/www.eldiario.net\/portal\/wp-content\/uploads\/2023\/06\/unit-7-scaled-1-1536x1024.jpg 1536w, https:\/\/www.eldiario.net\/portal\/wp-content\/uploads\/2023\/06\/unit-7-scaled-1-2048x1366.jpg 2048w, https:\/\/www.eldiario.net\/portal\/wp-content\/uploads\/2023\/06\/unit-7-scaled-1-696x464.jpg 696w, https:\/\/www.eldiario.net\/portal\/wp-content\/uploads\/2023\/06\/unit-7-scaled-1-1068x712.jpg 1068w, https:\/\/www.eldiario.net\/portal\/wp-content\/uploads\/2023\/06\/unit-7-scaled-1-1920x1280.jpg 1920w\" sizes=\"auto, (max-width: 300px) 100vw, 300px\" \/><\/a>\n\t\t\t<\/div><\/figure>\n\t\t<\/div>\n\n","protected":false},"excerpt":{"rendered":"<p>Despu\u00e9s de un silencio de m\u00e1s de 15 a\u00f1os, la legendaria banda pace\u00f1a de rock Unit se reuni\u00f3 para realizar dos conciertos especiales en las ciudades de Santa Cruz de la Sierra y La Paz. El primero fue el 23 de junio en McFly Rock Bar de la ciudad oriental y el segundo ser\u00e1 el [&hellip;]<\/p>\n","protected":false},"author":1,"featured_media":162165,"comment_status":"closed","ping_status":"closed","sticky":false,"template":"","format":"standard","meta":{"_acf_changed":false,"footnotes":""},"categories":[41],"tags":[],"class_list":["post-162164","post","type-post","status-publish","format-standard","has-post-thumbnail","category-la-guia"],"acf":{"antetitulo":""},"yoast_head":"<!-- This site is optimized with the Yoast SEO plugin v28.4 - https:\/\/yoast.com\/product\/yoast-seo-wordpress\/ -->\n<title>Unit se re\u00fane despu\u00e9s de 15 a\u00f1os - El Diario - Bolivia<\/title>\n<meta name=\"robots\" content=\"index, follow, max-snippet:-1, max-image-preview:large, max-video-preview:-1\" \/>\n<link rel=\"canonical\" href=\"https:\/\/www.eldiario.net\/portal\/2023\/06\/26\/unit-se-reune-despues-de-15-anos\/\" \/>\n<meta property=\"og:locale\" content=\"es_ES\" \/>\n<meta property=\"og:type\" content=\"article\" \/>\n<meta property=\"og:title\" content=\"Unit se re\u00fane despu\u00e9s de 15 a\u00f1os - El Diario - Bolivia\" \/>\n<meta property=\"og:description\" content=\"Despu\u00e9s de un silencio de m\u00e1s de 15 a\u00f1os, la legendaria banda pace\u00f1a de rock Unit se reuni\u00f3 para realizar dos conciertos especiales en las ciudades de Santa Cruz de la Sierra y La Paz. El primero fue el 23 de junio en McFly Rock Bar de la ciudad oriental y el segundo ser\u00e1 el [&hellip;]\" \/>\n<meta property=\"og:url\" content=\"https:\/\/www.eldiario.net\/portal\/2023\/06\/26\/unit-se-reune-despues-de-15-anos\/\" \/>\n<meta property=\"og:site_name\" content=\"El Diario - Bolivia\" \/>\n<meta property=\"article:publisher\" content=\"https:\/\/www.facebook.com\/eldiario.bolivia\/\" \/>\n<meta property=\"article:published_time\" content=\"2023-06-26T11:08:35+00:00\" \/>\n<meta property=\"og:image\" content=\"https:\/\/www.eldiario.net\/portal\/wp-content\/uploads\/2023\/06\/unit-1PRINCIPAL-scaled-1.jpg\" \/>\n\t<meta property=\"og:image:width\" content=\"2560\" \/>\n\t<meta property=\"og:image:height\" content=\"1707\" \/>\n\t<meta property=\"og:image:type\" content=\"image\/jpeg\" \/>\n<meta name=\"author\" content=\"Jeanette\" \/>\n<meta name=\"twitter:card\" content=\"summary_large_image\" \/>\n<meta name=\"twitter:creator\" content=\"@eldiario_net\" \/>\n<meta name=\"twitter:site\" content=\"@eldiario_net\" \/>\n<meta name=\"twitter:label1\" content=\"Escrito por\" \/>\n\t<meta name=\"twitter:data1\" content=\"Jeanette\" \/>\n\t<meta name=\"twitter:label2\" content=\"Tiempo de lectura\" \/>\n\t<meta name=\"twitter:data2\" content=\"4 minutos\" \/>\n<script type=\"application\/ld+json\" class=\"yoast-schema-graph\">{\"@context\":\"https:\\\/\\\/schema.org\",\"@graph\":[{\"@type\":\"Article\",\"@id\":\"https:\\\/\\\/www.eldiario.net\\\/portal\\\/2023\\\/06\\\/26\\\/unit-se-reune-despues-de-15-anos\\\/#article\",\"isPartOf\":{\"@id\":\"https:\\\/\\\/www.eldiario.net\\\/portal\\\/2023\\\/06\\\/26\\\/unit-se-reune-despues-de-15-anos\\\/\"},\"author\":{\"name\":\"Jeanette\",\"@id\":\"https:\\\/\\\/www.eldiario.net\\\/portal\\\/#\\\/schema\\\/person\\\/2c57cf2b7a7ae032e449e4c9b1019eac\"},\"headline\":\"Unit se re\u00fane despu\u00e9s de 15 a\u00f1os\",\"datePublished\":\"2023-06-26T11:08:35+00:00\",\"mainEntityOfPage\":{\"@id\":\"https:\\\/\\\/www.eldiario.net\\\/portal\\\/2023\\\/06\\\/26\\\/unit-se-reune-despues-de-15-anos\\\/\"},\"wordCount\":812,\"publisher\":{\"@id\":\"https:\\\/\\\/www.eldiario.net\\\/portal\\\/#organization\"},\"image\":{\"@id\":\"https:\\\/\\\/www.eldiario.net\\\/portal\\\/2023\\\/06\\\/26\\\/unit-se-reune-despues-de-15-anos\\\/#primaryimage\"},\"thumbnailUrl\":\"https:\\\/\\\/www.eldiario.net\\\/portal\\\/wp-content\\\/uploads\\\/2023\\\/06\\\/unit-1PRINCIPAL-scaled-1.jpg\",\"articleSection\":[\"La Gu\u00eda\"],\"inLanguage\":\"es\"},{\"@type\":\"WebPage\",\"@id\":\"https:\\\/\\\/www.eldiario.net\\\/portal\\\/2023\\\/06\\\/26\\\/unit-se-reune-despues-de-15-anos\\\/\",\"url\":\"https:\\\/\\\/www.eldiario.net\\\/portal\\\/2023\\\/06\\\/26\\\/unit-se-reune-despues-de-15-anos\\\/\",\"name\":\"Unit se re\u00fane despu\u00e9s de 15 a\u00f1os - El Diario - Bolivia\",\"isPartOf\":{\"@id\":\"https:\\\/\\\/www.eldiario.net\\\/portal\\\/#website\"},\"primaryImageOfPage\":{\"@id\":\"https:\\\/\\\/www.eldiario.net\\\/portal\\\/2023\\\/06\\\/26\\\/unit-se-reune-despues-de-15-anos\\\/#primaryimage\"},\"image\":{\"@id\":\"https:\\\/\\\/www.eldiario.net\\\/portal\\\/2023\\\/06\\\/26\\\/unit-se-reune-despues-de-15-anos\\\/#primaryimage\"},\"thumbnailUrl\":\"https:\\\/\\\/www.eldiario.net\\\/portal\\\/wp-content\\\/uploads\\\/2023\\\/06\\\/unit-1PRINCIPAL-scaled-1.jpg\",\"datePublished\":\"2023-06-26T11:08:35+00:00\",\"breadcrumb\":{\"@id\":\"https:\\\/\\\/www.eldiario.net\\\/portal\\\/2023\\\/06\\\/26\\\/unit-se-reune-despues-de-15-anos\\\/#breadcrumb\"},\"inLanguage\":\"es\",\"potentialAction\":[{\"@type\":\"ReadAction\",\"target\":[\"https:\\\/\\\/www.eldiario.net\\\/portal\\\/2023\\\/06\\\/26\\\/unit-se-reune-despues-de-15-anos\\\/\"]}]},{\"@type\":\"ImageObject\",\"inLanguage\":\"es\",\"@id\":\"https:\\\/\\\/www.eldiario.net\\\/portal\\\/2023\\\/06\\\/26\\\/unit-se-reune-despues-de-15-anos\\\/#primaryimage\",\"url\":\"https:\\\/\\\/www.eldiario.net\\\/portal\\\/wp-content\\\/uploads\\\/2023\\\/06\\\/unit-1PRINCIPAL-scaled-1.jpg\",\"contentUrl\":\"https:\\\/\\\/www.eldiario.net\\\/portal\\\/wp-content\\\/uploads\\\/2023\\\/06\\\/unit-1PRINCIPAL-scaled-1.jpg\",\"width\":2560,\"height\":1707},{\"@type\":\"BreadcrumbList\",\"@id\":\"https:\\\/\\\/www.eldiario.net\\\/portal\\\/2023\\\/06\\\/26\\\/unit-se-reune-despues-de-15-anos\\\/#breadcrumb\",\"itemListElement\":[{\"@type\":\"ListItem\",\"position\":1,\"name\":\"Portada\",\"item\":\"https:\\\/\\\/www.eldiario.net\\\/portal\\\/\"},{\"@type\":\"ListItem\",\"position\":2,\"name\":\"Unit se re\u00fane despu\u00e9s de 15 a\u00f1os\"}]},{\"@type\":\"WebSite\",\"@id\":\"https:\\\/\\\/www.eldiario.net\\\/portal\\\/#website\",\"url\":\"https:\\\/\\\/www.eldiario.net\\\/portal\\\/\",\"name\":\"El Diario - Decano de la prensa nacional\",\"description\":\"El Diario - Decano de la prensa nacional\",\"publisher\":{\"@id\":\"https:\\\/\\\/www.eldiario.net\\\/portal\\\/#organization\"},\"potentialAction\":[{\"@type\":\"SearchAction\",\"target\":{\"@type\":\"EntryPoint\",\"urlTemplate\":\"https:\\\/\\\/www.eldiario.net\\\/portal\\\/?s={search_term_string}\"},\"query-input\":{\"@type\":\"PropertyValueSpecification\",\"valueRequired\":true,\"valueName\":\"search_term_string\"}}],\"inLanguage\":\"es\"},{\"@type\":\"Organization\",\"@id\":\"https:\\\/\\\/www.eldiario.net\\\/portal\\\/#organization\",\"name\":\"El Diario - Decano de la prensa nacional\",\"url\":\"https:\\\/\\\/www.eldiario.net\\\/portal\\\/\",\"logo\":{\"@type\":\"ImageObject\",\"inLanguage\":\"es\",\"@id\":\"https:\\\/\\\/www.eldiario.net\\\/portal\\\/#\\\/schema\\\/logo\\\/image\\\/\",\"url\":\"https:\\\/\\\/www.eldiario.net\\\/portal\\\/wp-content\\\/uploads\\\/2023\\\/07\\\/logo_ED.jpg\",\"contentUrl\":\"https:\\\/\\\/www.eldiario.net\\\/portal\\\/wp-content\\\/uploads\\\/2023\\\/07\\\/logo_ED.jpg\",\"width\":272,\"height\":52,\"caption\":\"El Diario - Decano de la prensa nacional\"},\"image\":{\"@id\":\"https:\\\/\\\/www.eldiario.net\\\/portal\\\/#\\\/schema\\\/logo\\\/image\\\/\"},\"sameAs\":[\"https:\\\/\\\/www.facebook.com\\\/eldiario.bolivia\\\/\",\"https:\\\/\\\/x.com\\\/eldiario_net\"]},{\"@type\":\"Person\",\"@id\":\"https:\\\/\\\/www.eldiario.net\\\/portal\\\/#\\\/schema\\\/person\\\/2c57cf2b7a7ae032e449e4c9b1019eac\",\"name\":\"Jeanette\",\"image\":{\"@type\":\"ImageObject\",\"inLanguage\":\"es\",\"@id\":\"https:\\\/\\\/secure.gravatar.com\\\/avatar\\\/3ea2118a5f7dad2b7138b1187a6b7ee55f160b9968b66013c3a3ef39dd7e5798?s=96&d=mm&r=g\",\"url\":\"https:\\\/\\\/secure.gravatar.com\\\/avatar\\\/3ea2118a5f7dad2b7138b1187a6b7ee55f160b9968b66013c3a3ef39dd7e5798?s=96&d=mm&r=g\",\"contentUrl\":\"https:\\\/\\\/secure.gravatar.com\\\/avatar\\\/3ea2118a5f7dad2b7138b1187a6b7ee55f160b9968b66013c3a3ef39dd7e5798?s=96&d=mm&r=g\",\"caption\":\"Jeanette\"},\"sameAs\":[\"https:\\\/\\\/www.eldiario.net\\\/portal\"],\"url\":\"https:\\\/\\\/www.eldiario.net\\\/portal\\\/author\\\/jeanette\\\/\"}]}<\/script>\n<!-- \/ Yoast SEO plugin. -->","yoast_head_json":{"title":"Unit se re\u00fane despu\u00e9s de 15 a\u00f1os - El Diario - Bolivia","robots":{"index":"index","follow":"follow","max-snippet":"max-snippet:-1","max-image-preview":"max-image-preview:large","max-video-preview":"max-video-preview:-1"},"canonical":"https:\/\/www.eldiario.net\/portal\/2023\/06\/26\/unit-se-reune-despues-de-15-anos\/","og_locale":"es_ES","og_type":"article","og_title":"Unit se re\u00fane despu\u00e9s de 15 a\u00f1os - El Diario - Bolivia","og_description":"Despu\u00e9s de un silencio de m\u00e1s de 15 a\u00f1os, la legendaria banda pace\u00f1a de rock Unit se reuni\u00f3 para realizar dos conciertos especiales en las ciudades de Santa Cruz de la Sierra y La Paz. El primero fue el 23 de junio en McFly Rock Bar de la ciudad oriental y el segundo ser\u00e1 el [&hellip;]","og_url":"https:\/\/www.eldiario.net\/portal\/2023\/06\/26\/unit-se-reune-despues-de-15-anos\/","og_site_name":"El Diario - Bolivia","article_publisher":"https:\/\/www.facebook.com\/eldiario.bolivia\/","article_published_time":"2023-06-26T11:08:35+00:00","og_image":[{"width":2560,"height":1707,"url":"https:\/\/www.eldiario.net\/portal\/wp-content\/uploads\/2023\/06\/unit-1PRINCIPAL-scaled-1.jpg","type":"image\/jpeg"}],"author":"Jeanette","twitter_card":"summary_large_image","twitter_creator":"@eldiario_net","twitter_site":"@eldiario_net","twitter_misc":{"Escrito por":"Jeanette","Tiempo de lectura":"4 minutos"},"schema":{"@context":"https:\/\/schema.org","@graph":[{"@type":"Article","@id":"https:\/\/www.eldiario.net\/portal\/2023\/06\/26\/unit-se-reune-despues-de-15-anos\/#article","isPartOf":{"@id":"https:\/\/www.eldiario.net\/portal\/2023\/06\/26\/unit-se-reune-despues-de-15-anos\/"},"author":{"name":"Jeanette","@id":"https:\/\/www.eldiario.net\/portal\/#\/schema\/person\/2c57cf2b7a7ae032e449e4c9b1019eac"},"headline":"Unit se re\u00fane despu\u00e9s de 15 a\u00f1os","datePublished":"2023-06-26T11:08:35+00:00","mainEntityOfPage":{"@id":"https:\/\/www.eldiario.net\/portal\/2023\/06\/26\/unit-se-reune-despues-de-15-anos\/"},"wordCount":812,"publisher":{"@id":"https:\/\/www.eldiario.net\/portal\/#organization"},"image":{"@id":"https:\/\/www.eldiario.net\/portal\/2023\/06\/26\/unit-se-reune-despues-de-15-anos\/#primaryimage"},"thumbnailUrl":"https:\/\/www.eldiario.net\/portal\/wp-content\/uploads\/2023\/06\/unit-1PRINCIPAL-scaled-1.jpg","articleSection":["La Gu\u00eda"],"inLanguage":"es"},{"@type":"WebPage","@id":"https:\/\/www.eldiario.net\/portal\/2023\/06\/26\/unit-se-reune-despues-de-15-anos\/","url":"https:\/\/www.eldiario.net\/portal\/2023\/06\/26\/unit-se-reune-despues-de-15-anos\/","name":"Unit se re\u00fane despu\u00e9s de 15 a\u00f1os - El Diario - Bolivia","isPartOf":{"@id":"https:\/\/www.eldiario.net\/portal\/#website"},"primaryImageOfPage":{"@id":"https:\/\/www.eldiario.net\/portal\/2023\/06\/26\/unit-se-reune-despues-de-15-anos\/#primaryimage"},"image":{"@id":"https:\/\/www.eldiario.net\/portal\/2023\/06\/26\/unit-se-reune-despues-de-15-anos\/#primaryimage"},"thumbnailUrl":"https:\/\/www.eldiario.net\/portal\/wp-content\/uploads\/2023\/06\/unit-1PRINCIPAL-scaled-1.jpg","datePublished":"2023-06-26T11:08:35+00:00","breadcrumb":{"@id":"https:\/\/www.eldiario.net\/portal\/2023\/06\/26\/unit-se-reune-despues-de-15-anos\/#breadcrumb"},"inLanguage":"es","potentialAction":[{"@type":"ReadAction","target":["https:\/\/www.eldiario.net\/portal\/2023\/06\/26\/unit-se-reune-despues-de-15-anos\/"]}]},{"@type":"ImageObject","inLanguage":"es","@id":"https:\/\/www.eldiario.net\/portal\/2023\/06\/26\/unit-se-reune-despues-de-15-anos\/#primaryimage","url":"https:\/\/www.eldiario.net\/portal\/wp-content\/uploads\/2023\/06\/unit-1PRINCIPAL-scaled-1.jpg","contentUrl":"https:\/\/www.eldiario.net\/portal\/wp-content\/uploads\/2023\/06\/unit-1PRINCIPAL-scaled-1.jpg","width":2560,"height":1707},{"@type":"BreadcrumbList","@id":"https:\/\/www.eldiario.net\/portal\/2023\/06\/26\/unit-se-reune-despues-de-15-anos\/#breadcrumb","itemListElement":[{"@type":"ListItem","position":1,"name":"Portada","item":"https:\/\/www.eldiario.net\/portal\/"},{"@type":"ListItem","position":2,"name":"Unit se re\u00fane despu\u00e9s de 15 a\u00f1os"}]},{"@type":"WebSite","@id":"https:\/\/www.eldiario.net\/portal\/#website","url":"https:\/\/www.eldiario.net\/portal\/","name":"El Diario - Decano de la prensa nacional","description":"El Diario - Decano de la prensa nacional","publisher":{"@id":"https:\/\/www.eldiario.net\/portal\/#organization"},"potentialAction":[{"@type":"SearchAction","target":{"@type":"EntryPoint","urlTemplate":"https:\/\/www.eldiario.net\/portal\/?s={search_term_string}"},"query-input":{"@type":"PropertyValueSpecification","valueRequired":true,"valueName":"search_term_string"}}],"inLanguage":"es"},{"@type":"Organization","@id":"https:\/\/www.eldiario.net\/portal\/#organization","name":"El Diario - Decano de la prensa nacional","url":"https:\/\/www.eldiario.net\/portal\/","logo":{"@type":"ImageObject","inLanguage":"es","@id":"https:\/\/www.eldiario.net\/portal\/#\/schema\/logo\/image\/","url":"https:\/\/www.eldiario.net\/portal\/wp-content\/uploads\/2023\/07\/logo_ED.jpg","contentUrl":"https:\/\/www.eldiario.net\/portal\/wp-content\/uploads\/2023\/07\/logo_ED.jpg","width":272,"height":52,"caption":"El Diario - Decano de la prensa nacional"},"image":{"@id":"https:\/\/www.eldiario.net\/portal\/#\/schema\/logo\/image\/"},"sameAs":["https:\/\/www.facebook.com\/eldiario.bolivia\/","https:\/\/x.com\/eldiario_net"]},{"@type":"Person","@id":"https:\/\/www.eldiario.net\/portal\/#\/schema\/person\/2c57cf2b7a7ae032e449e4c9b1019eac","name":"Jeanette","image":{"@type":"ImageObject","inLanguage":"es","@id":"https:\/\/secure.gravatar.com\/avatar\/3ea2118a5f7dad2b7138b1187a6b7ee55f160b9968b66013c3a3ef39dd7e5798?s=96&d=mm&r=g","url":"https:\/\/secure.gravatar.com\/avatar\/3ea2118a5f7dad2b7138b1187a6b7ee55f160b9968b66013c3a3ef39dd7e5798?s=96&d=mm&r=g","contentUrl":"https:\/\/secure.gravatar.com\/avatar\/3ea2118a5f7dad2b7138b1187a6b7ee55f160b9968b66013c3a3ef39dd7e5798?s=96&d=mm&r=g","caption":"Jeanette"},"sameAs":["https:\/\/www.eldiario.net\/portal"],"url":"https:\/\/www.eldiario.net\/portal\/author\/jeanette\/"}]}},"_links":{"self":[{"href":"https:\/\/www.eldiario.net\/portal\/wp-json\/wp\/v2\/posts\/162164","targetHints":{"allow":["GET"]}}],"collection":[{"href":"https:\/\/www.eldiario.net\/portal\/wp-json\/wp\/v2\/posts"}],"about":[{"href":"https:\/\/www.eldiario.net\/portal\/wp-json\/wp\/v2\/types\/post"}],"author":[{"embeddable":true,"href":"https:\/\/www.eldiario.net\/portal\/wp-json\/wp\/v2\/users\/1"}],"replies":[{"embeddable":true,"href":"https:\/\/www.eldiario.net\/portal\/wp-json\/wp\/v2\/comments?post=162164"}],"version-history":[{"count":0,"href":"https:\/\/www.eldiario.net\/portal\/wp-json\/wp\/v2\/posts\/162164\/revisions"}],"wp:featuredmedia":[{"embeddable":true,"href":"https:\/\/www.eldiario.net\/portal\/wp-json\/wp\/v2\/media\/162165"}],"wp:attachment":[{"href":"https:\/\/www.eldiario.net\/portal\/wp-json\/wp\/v2\/media?parent=162164"}],"wp:term":[{"taxonomy":"category","embeddable":true,"href":"https:\/\/www.eldiario.net\/portal\/wp-json\/wp\/v2\/categories?post=162164"},{"taxonomy":"post_tag","embeddable":true,"href":"https:\/\/www.eldiario.net\/portal\/wp-json\/wp\/v2\/tags?post=162164"}],"curies":[{"name":"wp","href":"https:\/\/api.w.org\/{rel}","templated":true}]}}