{"id":161778,"date":"2023-06-25T05:27:44","date_gmt":"2023-06-25T09:27:44","guid":{"rendered":"https:\/\/www.eldiario.net\/portal\/?p=161778"},"modified":"2023-06-25T05:27:44","modified_gmt":"2023-06-25T09:27:44","slug":"investigadores-abordan-el-barco-de-apoyo-del-titan","status":"publish","type":"post","link":"https:\/\/www.eldiario.net\/portal\/2023\/06\/25\/investigadores-abordan-el-barco-de-apoyo-del-titan\/","title":{"rendered":"Investigadores abordan el  barco de apoyo del Tit\u00e1n"},"content":{"rendered":"<p>Un equipo de investigadores abord\u00f3 ayer el barco de apoyo principal del sumergible \u2018Tit\u00e1n\u2019, cuya implosi\u00f3n cerca de los restos del \u2018Titanic\u2019 provoc\u00f3 la muerte de sus cinco ocupantes.<br \/>\nEl barco \u2018Polar Prince\u2019 atrac\u00f3 en el puerto de St. John\u2019s, en Terranova, con las banderas a media asta en memoria de los fallecidos, y ante los ojos de un grupo de polic\u00edas e investigadores que subieron a bordo despu\u00e9s de que la Junta de Seguridad en el Transporte (TSB) de Canad\u00e1 anunciara que ser\u00eda objeto de una investigaci\u00f3n.<br \/>\nLos barcos de la Guardia Costera Canadiense (CCG) ya hab\u00edan comenzado a regresar al puerto de St. John\u2019s el viernes, cuando la operaci\u00f3n de recuperaci\u00f3n ya daba por muertos a los tripulantes.<br \/>\nEl aventurero brit\u00e1nico Hamish Harding, as\u00ed como Shahzada y Suleman Dawood murieron a bordo del sumergible, junto con el director ejecutivo de la empresa responsable del buque, Stockton Rush, y el ciudadano franc\u00e9s Paul-Henri Nargeolet.<br \/>\nEn un comunicado emitido antes de que los barcos comenzaran a regresar al puerto, el CCG dijo que la operaci\u00f3n de b\u00fasqueda y rescate hab\u00eda concluido.<br \/>\nEl CCG indic\u00f3 uno de sus barcos permanecer\u00eda en la escena y \u201cbrindar\u00eda asistencia y apoyo a las operaciones de recuperaci\u00f3n y salvamento, seg\u00fan lo solicitado por el Centro de Coordinaci\u00f3n de Rescate Mar\u00edtimo de Boston\u201d.<br \/>\nLa TSB, por su parte, hab\u00eda confirmado horas antes el env\u00edo de un equipo de investigadores a St. John\u2019s para recopilar informaci\u00f3n, realizar entrevistas y evaluar la ocurrencia.<br \/>\nEn su propia declaraci\u00f3n, el organismo de seguridad dijo que la investigaci\u00f3n se llevar\u00eda a cabo de acuerdo con la Ley de la Junta de Seguridad e Investigaci\u00f3n de Accidentes de Transporte de Canad\u00e1 y los acuerdos internacionales.<br \/>\nLa TSB, a\u00f1ade la nota, no determinar\u00e1 la responsabilidad civil o penal y realiza investigaciones para el avance de la seguridad del transporte.<br \/>\nLa investigaci\u00f3n se produce despu\u00e9s de que la BBC informara que los correos electr\u00f3nicos de Rush mostraban que hab\u00eda descartado las preocupaciones de seguridad sobre el sumergible \u2018Tit\u00e1n\u2019.(Europa Press).<\/p>\n","protected":false},"excerpt":{"rendered":"<p>Un equipo de investigadores abord\u00f3 ayer el barco de apoyo principal del sumergible \u2018Tit\u00e1n\u2019, cuya implosi\u00f3n cerca de los restos del \u2018Titanic\u2019 provoc\u00f3 la muerte de sus cinco ocupantes. El barco \u2018Polar Prince\u2019 atrac\u00f3 en el puerto de St. John\u2019s, en Terranova, con las banderas a media asta en memoria de los fallecidos, y ante [&hellip;]<\/p>\n","protected":false},"author":1,"featured_media":161779,"comment_status":"closed","ping_status":"closed","sticky":false,"template":"","format":"standard","meta":{"_acf_changed":false,"footnotes":""},"categories":[3],"tags":[],"class_list":["post-161778","post","type-post","status-publish","format-standard","has-post-thumbnail","category-internacional"],"acf":{"antetitulo":""},"yoast_head":"<!-- This site is optimized with the Yoast SEO plugin v28.4 - https:\/\/yoast.com\/product\/yoast-seo-wordpress\/ -->\n<title>Investigadores abordan el barco de apoyo del Tit\u00e1n - El Diario - Bolivia<\/title>\n<meta name=\"robots\" content=\"index, follow, max-snippet:-1, max-image-preview:large, max-video-preview:-1\" \/>\n<link rel=\"canonical\" href=\"https:\/\/www.eldiario.net\/portal\/2023\/06\/25\/investigadores-abordan-el-barco-de-apoyo-del-titan\/\" \/>\n<meta property=\"og:locale\" content=\"es_ES\" \/>\n<meta property=\"og:type\" content=\"article\" \/>\n<meta property=\"og:title\" content=\"Investigadores abordan el barco de apoyo del Tit\u00e1n - El Diario - Bolivia\" \/>\n<meta property=\"og:description\" content=\"Un equipo de investigadores abord\u00f3 ayer el barco de apoyo principal del sumergible \u2018Tit\u00e1n\u2019, cuya implosi\u00f3n cerca de los restos del \u2018Titanic\u2019 provoc\u00f3 la muerte de sus cinco ocupantes. El barco \u2018Polar Prince\u2019 atrac\u00f3 en el puerto de St. John\u2019s, en Terranova, con las banderas a media asta en memoria de los fallecidos, y ante [&hellip;]\" \/>\n<meta property=\"og:url\" content=\"https:\/\/www.eldiario.net\/portal\/2023\/06\/25\/investigadores-abordan-el-barco-de-apoyo-del-titan\/\" \/>\n<meta property=\"og:site_name\" content=\"El Diario - Bolivia\" \/>\n<meta property=\"article:publisher\" content=\"https:\/\/www.facebook.com\/eldiario.bolivia\/\" \/>\n<meta property=\"article:published_time\" content=\"2023-06-25T09:27:44+00:00\" \/>\n<meta property=\"og:image\" content=\"https:\/\/www.eldiario.net\/portal\/wp-content\/uploads\/2023\/06\/BARCO-1.jpg\" \/>\n\t<meta property=\"og:image:width\" content=\"1200\" \/>\n\t<meta property=\"og:image:height\" content=\"759\" \/>\n\t<meta property=\"og:image:type\" content=\"image\/jpeg\" \/>\n<meta name=\"author\" content=\"Jeanette\" \/>\n<meta name=\"twitter:card\" content=\"summary_large_image\" \/>\n<meta name=\"twitter:creator\" content=\"@eldiario_net\" \/>\n<meta name=\"twitter:site\" content=\"@eldiario_net\" \/>\n<meta name=\"twitter:label1\" content=\"Escrito por\" \/>\n\t<meta name=\"twitter:data1\" content=\"Jeanette\" \/>\n\t<meta name=\"twitter:label2\" content=\"Tiempo de lectura\" \/>\n\t<meta name=\"twitter:data2\" content=\"2 minutos\" \/>\n<script type=\"application\/ld+json\" class=\"yoast-schema-graph\">{\"@context\":\"https:\\\/\\\/schema.org\",\"@graph\":[{\"@type\":\"Article\",\"@id\":\"https:\\\/\\\/www.eldiario.net\\\/portal\\\/2023\\\/06\\\/25\\\/investigadores-abordan-el-barco-de-apoyo-del-titan\\\/#article\",\"isPartOf\":{\"@id\":\"https:\\\/\\\/www.eldiario.net\\\/portal\\\/2023\\\/06\\\/25\\\/investigadores-abordan-el-barco-de-apoyo-del-titan\\\/\"},\"author\":{\"name\":\"Jeanette\",\"@id\":\"https:\\\/\\\/www.eldiario.net\\\/portal\\\/#\\\/schema\\\/person\\\/2c57cf2b7a7ae032e449e4c9b1019eac\"},\"headline\":\"Investigadores abordan el barco de apoyo del Tit\u00e1n\",\"datePublished\":\"2023-06-25T09:27:44+00:00\",\"mainEntityOfPage\":{\"@id\":\"https:\\\/\\\/www.eldiario.net\\\/portal\\\/2023\\\/06\\\/25\\\/investigadores-abordan-el-barco-de-apoyo-del-titan\\\/\"},\"wordCount\":381,\"publisher\":{\"@id\":\"https:\\\/\\\/www.eldiario.net\\\/portal\\\/#organization\"},\"image\":{\"@id\":\"https:\\\/\\\/www.eldiario.net\\\/portal\\\/2023\\\/06\\\/25\\\/investigadores-abordan-el-barco-de-apoyo-del-titan\\\/#primaryimage\"},\"thumbnailUrl\":\"https:\\\/\\\/www.eldiario.net\\\/portal\\\/wp-content\\\/uploads\\\/2023\\\/06\\\/BARCO-1.jpg\",\"articleSection\":[\"Internacional\"],\"inLanguage\":\"es\"},{\"@type\":\"WebPage\",\"@id\":\"https:\\\/\\\/www.eldiario.net\\\/portal\\\/2023\\\/06\\\/25\\\/investigadores-abordan-el-barco-de-apoyo-del-titan\\\/\",\"url\":\"https:\\\/\\\/www.eldiario.net\\\/portal\\\/2023\\\/06\\\/25\\\/investigadores-abordan-el-barco-de-apoyo-del-titan\\\/\",\"name\":\"Investigadores abordan el barco de apoyo del Tit\u00e1n - El Diario - Bolivia\",\"isPartOf\":{\"@id\":\"https:\\\/\\\/www.eldiario.net\\\/portal\\\/#website\"},\"primaryImageOfPage\":{\"@id\":\"https:\\\/\\\/www.eldiario.net\\\/portal\\\/2023\\\/06\\\/25\\\/investigadores-abordan-el-barco-de-apoyo-del-titan\\\/#primaryimage\"},\"image\":{\"@id\":\"https:\\\/\\\/www.eldiario.net\\\/portal\\\/2023\\\/06\\\/25\\\/investigadores-abordan-el-barco-de-apoyo-del-titan\\\/#primaryimage\"},\"thumbnailUrl\":\"https:\\\/\\\/www.eldiario.net\\\/portal\\\/wp-content\\\/uploads\\\/2023\\\/06\\\/BARCO-1.jpg\",\"datePublished\":\"2023-06-25T09:27:44+00:00\",\"breadcrumb\":{\"@id\":\"https:\\\/\\\/www.eldiario.net\\\/portal\\\/2023\\\/06\\\/25\\\/investigadores-abordan-el-barco-de-apoyo-del-titan\\\/#breadcrumb\"},\"inLanguage\":\"es\",\"potentialAction\":[{\"@type\":\"ReadAction\",\"target\":[\"https:\\\/\\\/www.eldiario.net\\\/portal\\\/2023\\\/06\\\/25\\\/investigadores-abordan-el-barco-de-apoyo-del-titan\\\/\"]}]},{\"@type\":\"ImageObject\",\"inLanguage\":\"es\",\"@id\":\"https:\\\/\\\/www.eldiario.net\\\/portal\\\/2023\\\/06\\\/25\\\/investigadores-abordan-el-barco-de-apoyo-del-titan\\\/#primaryimage\",\"url\":\"https:\\\/\\\/www.eldiario.net\\\/portal\\\/wp-content\\\/uploads\\\/2023\\\/06\\\/BARCO-1.jpg\",\"contentUrl\":\"https:\\\/\\\/www.eldiario.net\\\/portal\\\/wp-content\\\/uploads\\\/2023\\\/06\\\/BARCO-1.jpg\",\"width\":1200,\"height\":759,\"caption\":\"EL BARCO \\\"POLAR PRINCE\\\" ATRAC\u00d3 EN PUERTO DE ST. JOHNs, EN TERRANOVA. Europa Press\"},{\"@type\":\"BreadcrumbList\",\"@id\":\"https:\\\/\\\/www.eldiario.net\\\/portal\\\/2023\\\/06\\\/25\\\/investigadores-abordan-el-barco-de-apoyo-del-titan\\\/#breadcrumb\",\"itemListElement\":[{\"@type\":\"ListItem\",\"position\":1,\"name\":\"Portada\",\"item\":\"https:\\\/\\\/www.eldiario.net\\\/portal\\\/\"},{\"@type\":\"ListItem\",\"position\":2,\"name\":\"Investigadores abordan el barco de apoyo del Tit\u00e1n\"}]},{\"@type\":\"WebSite\",\"@id\":\"https:\\\/\\\/www.eldiario.net\\\/portal\\\/#website\",\"url\":\"https:\\\/\\\/www.eldiario.net\\\/portal\\\/\",\"name\":\"El Diario - Decano de la prensa nacional\",\"description\":\"El Diario - Decano de la prensa nacional\",\"publisher\":{\"@id\":\"https:\\\/\\\/www.eldiario.net\\\/portal\\\/#organization\"},\"potentialAction\":[{\"@type\":\"SearchAction\",\"target\":{\"@type\":\"EntryPoint\",\"urlTemplate\":\"https:\\\/\\\/www.eldiario.net\\\/portal\\\/?s={search_term_string}\"},\"query-input\":{\"@type\":\"PropertyValueSpecification\",\"valueRequired\":true,\"valueName\":\"search_term_string\"}}],\"inLanguage\":\"es\"},{\"@type\":\"Organization\",\"@id\":\"https:\\\/\\\/www.eldiario.net\\\/portal\\\/#organization\",\"name\":\"El Diario - Decano de la prensa nacional\",\"url\":\"https:\\\/\\\/www.eldiario.net\\\/portal\\\/\",\"logo\":{\"@type\":\"ImageObject\",\"inLanguage\":\"es\",\"@id\":\"https:\\\/\\\/www.eldiario.net\\\/portal\\\/#\\\/schema\\\/logo\\\/image\\\/\",\"url\":\"https:\\\/\\\/www.eldiario.net\\\/portal\\\/wp-content\\\/uploads\\\/2023\\\/07\\\/logo_ED.jpg\",\"contentUrl\":\"https:\\\/\\\/www.eldiario.net\\\/portal\\\/wp-content\\\/uploads\\\/2023\\\/07\\\/logo_ED.jpg\",\"width\":272,\"height\":52,\"caption\":\"El Diario - Decano de la prensa nacional\"},\"image\":{\"@id\":\"https:\\\/\\\/www.eldiario.net\\\/portal\\\/#\\\/schema\\\/logo\\\/image\\\/\"},\"sameAs\":[\"https:\\\/\\\/www.facebook.com\\\/eldiario.bolivia\\\/\",\"https:\\\/\\\/x.com\\\/eldiario_net\"]},{\"@type\":\"Person\",\"@id\":\"https:\\\/\\\/www.eldiario.net\\\/portal\\\/#\\\/schema\\\/person\\\/2c57cf2b7a7ae032e449e4c9b1019eac\",\"name\":\"Jeanette\",\"image\":{\"@type\":\"ImageObject\",\"inLanguage\":\"es\",\"@id\":\"https:\\\/\\\/secure.gravatar.com\\\/avatar\\\/3ea2118a5f7dad2b7138b1187a6b7ee55f160b9968b66013c3a3ef39dd7e5798?s=96&d=mm&r=g\",\"url\":\"https:\\\/\\\/secure.gravatar.com\\\/avatar\\\/3ea2118a5f7dad2b7138b1187a6b7ee55f160b9968b66013c3a3ef39dd7e5798?s=96&d=mm&r=g\",\"contentUrl\":\"https:\\\/\\\/secure.gravatar.com\\\/avatar\\\/3ea2118a5f7dad2b7138b1187a6b7ee55f160b9968b66013c3a3ef39dd7e5798?s=96&d=mm&r=g\",\"caption\":\"Jeanette\"},\"sameAs\":[\"https:\\\/\\\/www.eldiario.net\\\/portal\"],\"url\":\"https:\\\/\\\/www.eldiario.net\\\/portal\\\/author\\\/jeanette\\\/\"}]}<\/script>\n<!-- \/ Yoast SEO plugin. -->","yoast_head_json":{"title":"Investigadores abordan el barco de apoyo del Tit\u00e1n - El Diario - Bolivia","robots":{"index":"index","follow":"follow","max-snippet":"max-snippet:-1","max-image-preview":"max-image-preview:large","max-video-preview":"max-video-preview:-1"},"canonical":"https:\/\/www.eldiario.net\/portal\/2023\/06\/25\/investigadores-abordan-el-barco-de-apoyo-del-titan\/","og_locale":"es_ES","og_type":"article","og_title":"Investigadores abordan el barco de apoyo del Tit\u00e1n - El Diario - Bolivia","og_description":"Un equipo de investigadores abord\u00f3 ayer el barco de apoyo principal del sumergible \u2018Tit\u00e1n\u2019, cuya implosi\u00f3n cerca de los restos del \u2018Titanic\u2019 provoc\u00f3 la muerte de sus cinco ocupantes. El barco \u2018Polar Prince\u2019 atrac\u00f3 en el puerto de St. John\u2019s, en Terranova, con las banderas a media asta en memoria de los fallecidos, y ante [&hellip;]","og_url":"https:\/\/www.eldiario.net\/portal\/2023\/06\/25\/investigadores-abordan-el-barco-de-apoyo-del-titan\/","og_site_name":"El Diario - Bolivia","article_publisher":"https:\/\/www.facebook.com\/eldiario.bolivia\/","article_published_time":"2023-06-25T09:27:44+00:00","og_image":[{"width":1200,"height":759,"url":"https:\/\/www.eldiario.net\/portal\/wp-content\/uploads\/2023\/06\/BARCO-1.jpg","type":"image\/jpeg"}],"author":"Jeanette","twitter_card":"summary_large_image","twitter_creator":"@eldiario_net","twitter_site":"@eldiario_net","twitter_misc":{"Escrito por":"Jeanette","Tiempo de lectura":"2 minutos"},"schema":{"@context":"https:\/\/schema.org","@graph":[{"@type":"Article","@id":"https:\/\/www.eldiario.net\/portal\/2023\/06\/25\/investigadores-abordan-el-barco-de-apoyo-del-titan\/#article","isPartOf":{"@id":"https:\/\/www.eldiario.net\/portal\/2023\/06\/25\/investigadores-abordan-el-barco-de-apoyo-del-titan\/"},"author":{"name":"Jeanette","@id":"https:\/\/www.eldiario.net\/portal\/#\/schema\/person\/2c57cf2b7a7ae032e449e4c9b1019eac"},"headline":"Investigadores abordan el barco de apoyo del Tit\u00e1n","datePublished":"2023-06-25T09:27:44+00:00","mainEntityOfPage":{"@id":"https:\/\/www.eldiario.net\/portal\/2023\/06\/25\/investigadores-abordan-el-barco-de-apoyo-del-titan\/"},"wordCount":381,"publisher":{"@id":"https:\/\/www.eldiario.net\/portal\/#organization"},"image":{"@id":"https:\/\/www.eldiario.net\/portal\/2023\/06\/25\/investigadores-abordan-el-barco-de-apoyo-del-titan\/#primaryimage"},"thumbnailUrl":"https:\/\/www.eldiario.net\/portal\/wp-content\/uploads\/2023\/06\/BARCO-1.jpg","articleSection":["Internacional"],"inLanguage":"es"},{"@type":"WebPage","@id":"https:\/\/www.eldiario.net\/portal\/2023\/06\/25\/investigadores-abordan-el-barco-de-apoyo-del-titan\/","url":"https:\/\/www.eldiario.net\/portal\/2023\/06\/25\/investigadores-abordan-el-barco-de-apoyo-del-titan\/","name":"Investigadores abordan el barco de apoyo del Tit\u00e1n - El Diario - Bolivia","isPartOf":{"@id":"https:\/\/www.eldiario.net\/portal\/#website"},"primaryImageOfPage":{"@id":"https:\/\/www.eldiario.net\/portal\/2023\/06\/25\/investigadores-abordan-el-barco-de-apoyo-del-titan\/#primaryimage"},"image":{"@id":"https:\/\/www.eldiario.net\/portal\/2023\/06\/25\/investigadores-abordan-el-barco-de-apoyo-del-titan\/#primaryimage"},"thumbnailUrl":"https:\/\/www.eldiario.net\/portal\/wp-content\/uploads\/2023\/06\/BARCO-1.jpg","datePublished":"2023-06-25T09:27:44+00:00","breadcrumb":{"@id":"https:\/\/www.eldiario.net\/portal\/2023\/06\/25\/investigadores-abordan-el-barco-de-apoyo-del-titan\/#breadcrumb"},"inLanguage":"es","potentialAction":[{"@type":"ReadAction","target":["https:\/\/www.eldiario.net\/portal\/2023\/06\/25\/investigadores-abordan-el-barco-de-apoyo-del-titan\/"]}]},{"@type":"ImageObject","inLanguage":"es","@id":"https:\/\/www.eldiario.net\/portal\/2023\/06\/25\/investigadores-abordan-el-barco-de-apoyo-del-titan\/#primaryimage","url":"https:\/\/www.eldiario.net\/portal\/wp-content\/uploads\/2023\/06\/BARCO-1.jpg","contentUrl":"https:\/\/www.eldiario.net\/portal\/wp-content\/uploads\/2023\/06\/BARCO-1.jpg","width":1200,"height":759,"caption":"EL BARCO \"POLAR PRINCE\" ATRAC\u00d3 EN PUERTO DE ST. JOHNs, EN TERRANOVA. Europa Press"},{"@type":"BreadcrumbList","@id":"https:\/\/www.eldiario.net\/portal\/2023\/06\/25\/investigadores-abordan-el-barco-de-apoyo-del-titan\/#breadcrumb","itemListElement":[{"@type":"ListItem","position":1,"name":"Portada","item":"https:\/\/www.eldiario.net\/portal\/"},{"@type":"ListItem","position":2,"name":"Investigadores abordan el barco de apoyo del Tit\u00e1n"}]},{"@type":"WebSite","@id":"https:\/\/www.eldiario.net\/portal\/#website","url":"https:\/\/www.eldiario.net\/portal\/","name":"El Diario - Decano de la prensa nacional","description":"El Diario - Decano de la prensa nacional","publisher":{"@id":"https:\/\/www.eldiario.net\/portal\/#organization"},"potentialAction":[{"@type":"SearchAction","target":{"@type":"EntryPoint","urlTemplate":"https:\/\/www.eldiario.net\/portal\/?s={search_term_string}"},"query-input":{"@type":"PropertyValueSpecification","valueRequired":true,"valueName":"search_term_string"}}],"inLanguage":"es"},{"@type":"Organization","@id":"https:\/\/www.eldiario.net\/portal\/#organization","name":"El Diario - Decano de la prensa nacional","url":"https:\/\/www.eldiario.net\/portal\/","logo":{"@type":"ImageObject","inLanguage":"es","@id":"https:\/\/www.eldiario.net\/portal\/#\/schema\/logo\/image\/","url":"https:\/\/www.eldiario.net\/portal\/wp-content\/uploads\/2023\/07\/logo_ED.jpg","contentUrl":"https:\/\/www.eldiario.net\/portal\/wp-content\/uploads\/2023\/07\/logo_ED.jpg","width":272,"height":52,"caption":"El Diario - Decano de la prensa nacional"},"image":{"@id":"https:\/\/www.eldiario.net\/portal\/#\/schema\/logo\/image\/"},"sameAs":["https:\/\/www.facebook.com\/eldiario.bolivia\/","https:\/\/x.com\/eldiario_net"]},{"@type":"Person","@id":"https:\/\/www.eldiario.net\/portal\/#\/schema\/person\/2c57cf2b7a7ae032e449e4c9b1019eac","name":"Jeanette","image":{"@type":"ImageObject","inLanguage":"es","@id":"https:\/\/secure.gravatar.com\/avatar\/3ea2118a5f7dad2b7138b1187a6b7ee55f160b9968b66013c3a3ef39dd7e5798?s=96&d=mm&r=g","url":"https:\/\/secure.gravatar.com\/avatar\/3ea2118a5f7dad2b7138b1187a6b7ee55f160b9968b66013c3a3ef39dd7e5798?s=96&d=mm&r=g","contentUrl":"https:\/\/secure.gravatar.com\/avatar\/3ea2118a5f7dad2b7138b1187a6b7ee55f160b9968b66013c3a3ef39dd7e5798?s=96&d=mm&r=g","caption":"Jeanette"},"sameAs":["https:\/\/www.eldiario.net\/portal"],"url":"https:\/\/www.eldiario.net\/portal\/author\/jeanette\/"}]}},"_links":{"self":[{"href":"https:\/\/www.eldiario.net\/portal\/wp-json\/wp\/v2\/posts\/161778","targetHints":{"allow":["GET"]}}],"collection":[{"href":"https:\/\/www.eldiario.net\/portal\/wp-json\/wp\/v2\/posts"}],"about":[{"href":"https:\/\/www.eldiario.net\/portal\/wp-json\/wp\/v2\/types\/post"}],"author":[{"embeddable":true,"href":"https:\/\/www.eldiario.net\/portal\/wp-json\/wp\/v2\/users\/1"}],"replies":[{"embeddable":true,"href":"https:\/\/www.eldiario.net\/portal\/wp-json\/wp\/v2\/comments?post=161778"}],"version-history":[{"count":0,"href":"https:\/\/www.eldiario.net\/portal\/wp-json\/wp\/v2\/posts\/161778\/revisions"}],"wp:featuredmedia":[{"embeddable":true,"href":"https:\/\/www.eldiario.net\/portal\/wp-json\/wp\/v2\/media\/161779"}],"wp:attachment":[{"href":"https:\/\/www.eldiario.net\/portal\/wp-json\/wp\/v2\/media?parent=161778"}],"wp:term":[{"taxonomy":"category","embeddable":true,"href":"https:\/\/www.eldiario.net\/portal\/wp-json\/wp\/v2\/categories?post=161778"},{"taxonomy":"post_tag","embeddable":true,"href":"https:\/\/www.eldiario.net\/portal\/wp-json\/wp\/v2\/tags?post=161778"}],"curies":[{"name":"wp","href":"https:\/\/api.w.org\/{rel}","templated":true}]}}