{"id":161776,"date":"2023-06-25T05:26:14","date_gmt":"2023-06-25T09:26:14","guid":{"rendered":"https:\/\/www.eldiario.net\/portal\/?p=161776"},"modified":"2023-06-25T05:26:14","modified_gmt":"2023-06-25T09:26:14","slug":"ue-y-ministros-del-g7-discuten-sobre-crisis-abierta-en-rusia","status":"publish","type":"post","link":"https:\/\/www.eldiario.net\/portal\/2023\/06\/25\/ue-y-ministros-del-g7-discuten-sobre-crisis-abierta-en-rusia\/","title":{"rendered":"UE y ministros del G7 discuten  sobre crisis abierta en Rusia"},"content":{"rendered":"<p>Los m\u00e1ximos responsables diplom\u00e1ticos de la Uni\u00f3n Europea y el G7 (Alemania, Canad\u00e1, Estados Unidos, Francia, Italia, Jap\u00f3n y Reino Unido) mantuvieron ayer una conversaci\u00f3n de urgencia para discutir la crisis abierta en las \u00faltimas horas en Rusia, a ra\u00edz de la rebeli\u00f3n declarada por el grupo de mercenarios ruso Wagner.<br \/>\n\u201cHe mantenido una conversaci\u00f3n telef\u00f3nica con los ministros de Exteriores del G7 para intercambiar impresiones sobre la situaci\u00f3n en Rusia\u201d, hiso saber el Alto Representante de Asuntos Exteriores y Pol\u00edtica de Seguridad, Josep Borrell, en su cuenta de Twitter.<br \/>\nEn su mensaje, Borrell indic\u00f3 que est\u00e1 ejerciendo labores de coordinaci\u00f3n dentro de la Uni\u00f3n Europea para abordar la situaci\u00f3n y inform\u00f3 de que activ\u00f3 \u00abel centro de respuestas a crisis\u00bb de la UE antes de la celebraci\u00f3n del Consejo de Exteriores de la UE, el pr\u00f3ximo lunes.<br \/>\nEl responsable diplom\u00e1tico europeo ratific\u00f3 su mensaje con la ratificaci\u00f3n de que el respaldo de la Uni\u00f3n Europea a Ucrania \u00abcontin\u00faa inc\u00f3lume\u00bb.<br \/>\nRusia se encuentra en estado de alerta tras la rebeli\u00f3n protagonizada esta pasada noche por el grupo de mercenarios Wagner con su l\u00edder a la cabeza, Yevgeni Prigozhin, que tom\u00f3 la ciudad rusa de Rostov, sede del mando militar ruso para el sur, y estar\u00eda avanzando hacia la capital rusa.<br \/>\nLa operaci\u00f3n fue ordenada por Prigozhin tras denunciar la muerte de muchos de sus mercenarios en un ataque del propio Ej\u00e9rcito ruso, que el Ministerio de Defensa, enfrentado desde hace meses al l\u00edder de los mercenarios, desminti\u00f3 categ\u00f3ricamente. (Europa Press).<\/p>\n","protected":false},"excerpt":{"rendered":"<p>Los m\u00e1ximos responsables diplom\u00e1ticos de la Uni\u00f3n Europea y el G7 (Alemania, Canad\u00e1, Estados Unidos, Francia, Italia, Jap\u00f3n y Reino Unido) mantuvieron ayer una conversaci\u00f3n de urgencia para discutir la crisis abierta en las \u00faltimas horas en Rusia, a ra\u00edz de la rebeli\u00f3n declarada por el grupo de mercenarios ruso Wagner. \u201cHe mantenido una conversaci\u00f3n [&hellip;]<\/p>\n","protected":false},"author":1,"featured_media":0,"comment_status":"closed","ping_status":"closed","sticky":false,"template":"","format":"standard","meta":{"_acf_changed":false,"footnotes":""},"categories":[3],"tags":[],"class_list":["post-161776","post","type-post","status-publish","format-standard","category-internacional"],"acf":{"antetitulo":""},"yoast_head":"<!-- This site is optimized with the Yoast SEO plugin v28.4 - https:\/\/yoast.com\/product\/yoast-seo-wordpress\/ -->\n<title>UE y ministros del G7 discuten sobre crisis abierta en Rusia - El Diario - Bolivia<\/title>\n<meta name=\"robots\" content=\"index, follow, max-snippet:-1, max-image-preview:large, max-video-preview:-1\" \/>\n<link rel=\"canonical\" href=\"https:\/\/www.eldiario.net\/portal\/2023\/06\/25\/ue-y-ministros-del-g7-discuten-sobre-crisis-abierta-en-rusia\/\" \/>\n<meta property=\"og:locale\" content=\"es_ES\" \/>\n<meta property=\"og:type\" content=\"article\" \/>\n<meta property=\"og:title\" content=\"UE y ministros del G7 discuten sobre crisis abierta en Rusia - El Diario - Bolivia\" \/>\n<meta property=\"og:description\" content=\"Los m\u00e1ximos responsables diplom\u00e1ticos de la Uni\u00f3n Europea y el G7 (Alemania, Canad\u00e1, Estados Unidos, Francia, Italia, Jap\u00f3n y Reino Unido) mantuvieron ayer una conversaci\u00f3n de urgencia para discutir la crisis abierta en las \u00faltimas horas en Rusia, a ra\u00edz de la rebeli\u00f3n declarada por el grupo de mercenarios ruso Wagner. \u201cHe mantenido una conversaci\u00f3n [&hellip;]\" \/>\n<meta property=\"og:url\" content=\"https:\/\/www.eldiario.net\/portal\/2023\/06\/25\/ue-y-ministros-del-g7-discuten-sobre-crisis-abierta-en-rusia\/\" \/>\n<meta property=\"og:site_name\" content=\"El Diario - Bolivia\" \/>\n<meta property=\"article:publisher\" content=\"https:\/\/www.facebook.com\/eldiario.bolivia\/\" \/>\n<meta property=\"article:published_time\" content=\"2023-06-25T09:26:14+00:00\" \/>\n<meta name=\"author\" content=\"Jeanette\" \/>\n<meta name=\"twitter:card\" content=\"summary_large_image\" \/>\n<meta name=\"twitter:creator\" content=\"@eldiario_net\" \/>\n<meta name=\"twitter:site\" content=\"@eldiario_net\" \/>\n<meta name=\"twitter:label1\" content=\"Escrito por\" \/>\n\t<meta name=\"twitter:data1\" content=\"Jeanette\" \/>\n\t<meta name=\"twitter:label2\" content=\"Tiempo de lectura\" \/>\n\t<meta name=\"twitter:data2\" content=\"2 minutos\" \/>\n<script type=\"application\/ld+json\" class=\"yoast-schema-graph\">{\"@context\":\"https:\\\/\\\/schema.org\",\"@graph\":[{\"@type\":\"Article\",\"@id\":\"https:\\\/\\\/www.eldiario.net\\\/portal\\\/2023\\\/06\\\/25\\\/ue-y-ministros-del-g7-discuten-sobre-crisis-abierta-en-rusia\\\/#article\",\"isPartOf\":{\"@id\":\"https:\\\/\\\/www.eldiario.net\\\/portal\\\/2023\\\/06\\\/25\\\/ue-y-ministros-del-g7-discuten-sobre-crisis-abierta-en-rusia\\\/\"},\"author\":{\"name\":\"Jeanette\",\"@id\":\"https:\\\/\\\/www.eldiario.net\\\/portal\\\/#\\\/schema\\\/person\\\/2c57cf2b7a7ae032e449e4c9b1019eac\"},\"headline\":\"UE y ministros del G7 discuten sobre crisis abierta en Rusia\",\"datePublished\":\"2023-06-25T09:26:14+00:00\",\"mainEntityOfPage\":{\"@id\":\"https:\\\/\\\/www.eldiario.net\\\/portal\\\/2023\\\/06\\\/25\\\/ue-y-ministros-del-g7-discuten-sobre-crisis-abierta-en-rusia\\\/\"},\"wordCount\":289,\"publisher\":{\"@id\":\"https:\\\/\\\/www.eldiario.net\\\/portal\\\/#organization\"},\"articleSection\":[\"Internacional\"],\"inLanguage\":\"es\"},{\"@type\":\"WebPage\",\"@id\":\"https:\\\/\\\/www.eldiario.net\\\/portal\\\/2023\\\/06\\\/25\\\/ue-y-ministros-del-g7-discuten-sobre-crisis-abierta-en-rusia\\\/\",\"url\":\"https:\\\/\\\/www.eldiario.net\\\/portal\\\/2023\\\/06\\\/25\\\/ue-y-ministros-del-g7-discuten-sobre-crisis-abierta-en-rusia\\\/\",\"name\":\"UE y ministros del G7 discuten sobre crisis abierta en Rusia - El Diario - Bolivia\",\"isPartOf\":{\"@id\":\"https:\\\/\\\/www.eldiario.net\\\/portal\\\/#website\"},\"datePublished\":\"2023-06-25T09:26:14+00:00\",\"breadcrumb\":{\"@id\":\"https:\\\/\\\/www.eldiario.net\\\/portal\\\/2023\\\/06\\\/25\\\/ue-y-ministros-del-g7-discuten-sobre-crisis-abierta-en-rusia\\\/#breadcrumb\"},\"inLanguage\":\"es\",\"potentialAction\":[{\"@type\":\"ReadAction\",\"target\":[\"https:\\\/\\\/www.eldiario.net\\\/portal\\\/2023\\\/06\\\/25\\\/ue-y-ministros-del-g7-discuten-sobre-crisis-abierta-en-rusia\\\/\"]}]},{\"@type\":\"BreadcrumbList\",\"@id\":\"https:\\\/\\\/www.eldiario.net\\\/portal\\\/2023\\\/06\\\/25\\\/ue-y-ministros-del-g7-discuten-sobre-crisis-abierta-en-rusia\\\/#breadcrumb\",\"itemListElement\":[{\"@type\":\"ListItem\",\"position\":1,\"name\":\"Portada\",\"item\":\"https:\\\/\\\/www.eldiario.net\\\/portal\\\/\"},{\"@type\":\"ListItem\",\"position\":2,\"name\":\"UE y ministros del G7 discuten sobre crisis abierta en Rusia\"}]},{\"@type\":\"WebSite\",\"@id\":\"https:\\\/\\\/www.eldiario.net\\\/portal\\\/#website\",\"url\":\"https:\\\/\\\/www.eldiario.net\\\/portal\\\/\",\"name\":\"El Diario - Decano de la prensa nacional\",\"description\":\"El Diario - Decano de la prensa nacional\",\"publisher\":{\"@id\":\"https:\\\/\\\/www.eldiario.net\\\/portal\\\/#organization\"},\"potentialAction\":[{\"@type\":\"SearchAction\",\"target\":{\"@type\":\"EntryPoint\",\"urlTemplate\":\"https:\\\/\\\/www.eldiario.net\\\/portal\\\/?s={search_term_string}\"},\"query-input\":{\"@type\":\"PropertyValueSpecification\",\"valueRequired\":true,\"valueName\":\"search_term_string\"}}],\"inLanguage\":\"es\"},{\"@type\":\"Organization\",\"@id\":\"https:\\\/\\\/www.eldiario.net\\\/portal\\\/#organization\",\"name\":\"El Diario - Decano de la prensa nacional\",\"url\":\"https:\\\/\\\/www.eldiario.net\\\/portal\\\/\",\"logo\":{\"@type\":\"ImageObject\",\"inLanguage\":\"es\",\"@id\":\"https:\\\/\\\/www.eldiario.net\\\/portal\\\/#\\\/schema\\\/logo\\\/image\\\/\",\"url\":\"https:\\\/\\\/www.eldiario.net\\\/portal\\\/wp-content\\\/uploads\\\/2023\\\/07\\\/logo_ED.jpg\",\"contentUrl\":\"https:\\\/\\\/www.eldiario.net\\\/portal\\\/wp-content\\\/uploads\\\/2023\\\/07\\\/logo_ED.jpg\",\"width\":272,\"height\":52,\"caption\":\"El Diario - Decano de la prensa nacional\"},\"image\":{\"@id\":\"https:\\\/\\\/www.eldiario.net\\\/portal\\\/#\\\/schema\\\/logo\\\/image\\\/\"},\"sameAs\":[\"https:\\\/\\\/www.facebook.com\\\/eldiario.bolivia\\\/\",\"https:\\\/\\\/x.com\\\/eldiario_net\"]},{\"@type\":\"Person\",\"@id\":\"https:\\\/\\\/www.eldiario.net\\\/portal\\\/#\\\/schema\\\/person\\\/2c57cf2b7a7ae032e449e4c9b1019eac\",\"name\":\"Jeanette\",\"image\":{\"@type\":\"ImageObject\",\"inLanguage\":\"es\",\"@id\":\"https:\\\/\\\/secure.gravatar.com\\\/avatar\\\/3ea2118a5f7dad2b7138b1187a6b7ee55f160b9968b66013c3a3ef39dd7e5798?s=96&d=mm&r=g\",\"url\":\"https:\\\/\\\/secure.gravatar.com\\\/avatar\\\/3ea2118a5f7dad2b7138b1187a6b7ee55f160b9968b66013c3a3ef39dd7e5798?s=96&d=mm&r=g\",\"contentUrl\":\"https:\\\/\\\/secure.gravatar.com\\\/avatar\\\/3ea2118a5f7dad2b7138b1187a6b7ee55f160b9968b66013c3a3ef39dd7e5798?s=96&d=mm&r=g\",\"caption\":\"Jeanette\"},\"sameAs\":[\"https:\\\/\\\/www.eldiario.net\\\/portal\"],\"url\":\"https:\\\/\\\/www.eldiario.net\\\/portal\\\/author\\\/jeanette\\\/\"}]}<\/script>\n<!-- \/ Yoast SEO plugin. -->","yoast_head_json":{"title":"UE y ministros del G7 discuten sobre crisis abierta en Rusia - El Diario - Bolivia","robots":{"index":"index","follow":"follow","max-snippet":"max-snippet:-1","max-image-preview":"max-image-preview:large","max-video-preview":"max-video-preview:-1"},"canonical":"https:\/\/www.eldiario.net\/portal\/2023\/06\/25\/ue-y-ministros-del-g7-discuten-sobre-crisis-abierta-en-rusia\/","og_locale":"es_ES","og_type":"article","og_title":"UE y ministros del G7 discuten sobre crisis abierta en Rusia - El Diario - Bolivia","og_description":"Los m\u00e1ximos responsables diplom\u00e1ticos de la Uni\u00f3n Europea y el G7 (Alemania, Canad\u00e1, Estados Unidos, Francia, Italia, Jap\u00f3n y Reino Unido) mantuvieron ayer una conversaci\u00f3n de urgencia para discutir la crisis abierta en las \u00faltimas horas en Rusia, a ra\u00edz de la rebeli\u00f3n declarada por el grupo de mercenarios ruso Wagner. \u201cHe mantenido una conversaci\u00f3n [&hellip;]","og_url":"https:\/\/www.eldiario.net\/portal\/2023\/06\/25\/ue-y-ministros-del-g7-discuten-sobre-crisis-abierta-en-rusia\/","og_site_name":"El Diario - Bolivia","article_publisher":"https:\/\/www.facebook.com\/eldiario.bolivia\/","article_published_time":"2023-06-25T09:26:14+00:00","author":"Jeanette","twitter_card":"summary_large_image","twitter_creator":"@eldiario_net","twitter_site":"@eldiario_net","twitter_misc":{"Escrito por":"Jeanette","Tiempo de lectura":"2 minutos"},"schema":{"@context":"https:\/\/schema.org","@graph":[{"@type":"Article","@id":"https:\/\/www.eldiario.net\/portal\/2023\/06\/25\/ue-y-ministros-del-g7-discuten-sobre-crisis-abierta-en-rusia\/#article","isPartOf":{"@id":"https:\/\/www.eldiario.net\/portal\/2023\/06\/25\/ue-y-ministros-del-g7-discuten-sobre-crisis-abierta-en-rusia\/"},"author":{"name":"Jeanette","@id":"https:\/\/www.eldiario.net\/portal\/#\/schema\/person\/2c57cf2b7a7ae032e449e4c9b1019eac"},"headline":"UE y ministros del G7 discuten sobre crisis abierta en Rusia","datePublished":"2023-06-25T09:26:14+00:00","mainEntityOfPage":{"@id":"https:\/\/www.eldiario.net\/portal\/2023\/06\/25\/ue-y-ministros-del-g7-discuten-sobre-crisis-abierta-en-rusia\/"},"wordCount":289,"publisher":{"@id":"https:\/\/www.eldiario.net\/portal\/#organization"},"articleSection":["Internacional"],"inLanguage":"es"},{"@type":"WebPage","@id":"https:\/\/www.eldiario.net\/portal\/2023\/06\/25\/ue-y-ministros-del-g7-discuten-sobre-crisis-abierta-en-rusia\/","url":"https:\/\/www.eldiario.net\/portal\/2023\/06\/25\/ue-y-ministros-del-g7-discuten-sobre-crisis-abierta-en-rusia\/","name":"UE y ministros del G7 discuten sobre crisis abierta en Rusia - El Diario - Bolivia","isPartOf":{"@id":"https:\/\/www.eldiario.net\/portal\/#website"},"datePublished":"2023-06-25T09:26:14+00:00","breadcrumb":{"@id":"https:\/\/www.eldiario.net\/portal\/2023\/06\/25\/ue-y-ministros-del-g7-discuten-sobre-crisis-abierta-en-rusia\/#breadcrumb"},"inLanguage":"es","potentialAction":[{"@type":"ReadAction","target":["https:\/\/www.eldiario.net\/portal\/2023\/06\/25\/ue-y-ministros-del-g7-discuten-sobre-crisis-abierta-en-rusia\/"]}]},{"@type":"BreadcrumbList","@id":"https:\/\/www.eldiario.net\/portal\/2023\/06\/25\/ue-y-ministros-del-g7-discuten-sobre-crisis-abierta-en-rusia\/#breadcrumb","itemListElement":[{"@type":"ListItem","position":1,"name":"Portada","item":"https:\/\/www.eldiario.net\/portal\/"},{"@type":"ListItem","position":2,"name":"UE y ministros del G7 discuten sobre crisis abierta en Rusia"}]},{"@type":"WebSite","@id":"https:\/\/www.eldiario.net\/portal\/#website","url":"https:\/\/www.eldiario.net\/portal\/","name":"El Diario - Decano de la prensa nacional","description":"El Diario - Decano de la prensa nacional","publisher":{"@id":"https:\/\/www.eldiario.net\/portal\/#organization"},"potentialAction":[{"@type":"SearchAction","target":{"@type":"EntryPoint","urlTemplate":"https:\/\/www.eldiario.net\/portal\/?s={search_term_string}"},"query-input":{"@type":"PropertyValueSpecification","valueRequired":true,"valueName":"search_term_string"}}],"inLanguage":"es"},{"@type":"Organization","@id":"https:\/\/www.eldiario.net\/portal\/#organization","name":"El Diario - Decano de la prensa nacional","url":"https:\/\/www.eldiario.net\/portal\/","logo":{"@type":"ImageObject","inLanguage":"es","@id":"https:\/\/www.eldiario.net\/portal\/#\/schema\/logo\/image\/","url":"https:\/\/www.eldiario.net\/portal\/wp-content\/uploads\/2023\/07\/logo_ED.jpg","contentUrl":"https:\/\/www.eldiario.net\/portal\/wp-content\/uploads\/2023\/07\/logo_ED.jpg","width":272,"height":52,"caption":"El Diario - Decano de la prensa nacional"},"image":{"@id":"https:\/\/www.eldiario.net\/portal\/#\/schema\/logo\/image\/"},"sameAs":["https:\/\/www.facebook.com\/eldiario.bolivia\/","https:\/\/x.com\/eldiario_net"]},{"@type":"Person","@id":"https:\/\/www.eldiario.net\/portal\/#\/schema\/person\/2c57cf2b7a7ae032e449e4c9b1019eac","name":"Jeanette","image":{"@type":"ImageObject","inLanguage":"es","@id":"https:\/\/secure.gravatar.com\/avatar\/3ea2118a5f7dad2b7138b1187a6b7ee55f160b9968b66013c3a3ef39dd7e5798?s=96&d=mm&r=g","url":"https:\/\/secure.gravatar.com\/avatar\/3ea2118a5f7dad2b7138b1187a6b7ee55f160b9968b66013c3a3ef39dd7e5798?s=96&d=mm&r=g","contentUrl":"https:\/\/secure.gravatar.com\/avatar\/3ea2118a5f7dad2b7138b1187a6b7ee55f160b9968b66013c3a3ef39dd7e5798?s=96&d=mm&r=g","caption":"Jeanette"},"sameAs":["https:\/\/www.eldiario.net\/portal"],"url":"https:\/\/www.eldiario.net\/portal\/author\/jeanette\/"}]}},"_links":{"self":[{"href":"https:\/\/www.eldiario.net\/portal\/wp-json\/wp\/v2\/posts\/161776","targetHints":{"allow":["GET"]}}],"collection":[{"href":"https:\/\/www.eldiario.net\/portal\/wp-json\/wp\/v2\/posts"}],"about":[{"href":"https:\/\/www.eldiario.net\/portal\/wp-json\/wp\/v2\/types\/post"}],"author":[{"embeddable":true,"href":"https:\/\/www.eldiario.net\/portal\/wp-json\/wp\/v2\/users\/1"}],"replies":[{"embeddable":true,"href":"https:\/\/www.eldiario.net\/portal\/wp-json\/wp\/v2\/comments?post=161776"}],"version-history":[{"count":0,"href":"https:\/\/www.eldiario.net\/portal\/wp-json\/wp\/v2\/posts\/161776\/revisions"}],"wp:attachment":[{"href":"https:\/\/www.eldiario.net\/portal\/wp-json\/wp\/v2\/media?parent=161776"}],"wp:term":[{"taxonomy":"category","embeddable":true,"href":"https:\/\/www.eldiario.net\/portal\/wp-json\/wp\/v2\/categories?post=161776"},{"taxonomy":"post_tag","embeddable":true,"href":"https:\/\/www.eldiario.net\/portal\/wp-json\/wp\/v2\/tags?post=161776"}],"curies":[{"name":"wp","href":"https:\/\/api.w.org\/{rel}","templated":true}]}}