{"id":161764,"date":"2023-06-24T09:03:27","date_gmt":"2023-06-24T13:03:27","guid":{"rendered":"https:\/\/www.eldiario.net\/portal\/?p=161764"},"modified":"2023-06-24T09:03:27","modified_gmt":"2023-06-24T13:03:27","slug":"las-fajas-o-wakanaka-en-la-nueva-exposicion-del-musef","status":"publish","type":"post","link":"https:\/\/www.eldiario.net\/portal\/2023\/06\/24\/las-fajas-o-wakanaka-en-la-nueva-exposicion-del-musef\/","title":{"rendered":"Las fajas o wak\u2019anaka en la  nueva exposici\u00f3n del MUSEF"},"content":{"rendered":"<p>El Museo Nacional de Etnograf\u00eda y Folklore (MUSEF), dependiente de la Fundaci\u00f3n Cultural del Banco Central de Bolivia (FC-BCB), inaugurar\u00e1 este jueves 29 de junio, a las 18:30 horas, una nueva exposici\u00f3n temporal centrada en una pieza textil especialmente importante para las cosmovisiones aymaras, quechuas y urus: Las fajas, wak\u2019as en aymara o chumpi en quechua.<\/p>\n<p>Aunque se trata de una pieza que principalmente cumple la funci\u00f3n de sostener las prendas de vestir en torno al cuerpo, las wak\u2019anaka est\u00e1n presentes desde el inicio hasta el final de la vida: Sobre el vientre materno cuidando la nueva vida que se est\u00e1 gestando; envolviendo a los m\u00e1s peque\u00f1os para cuidar su energ\u00eda vital; sosteniendo las prendas de vestir en diferentes variedades y que acompa\u00f1an tanto en ritos de paso como en la vida\u00a0 cotidiana y, finalmente, envolviendo cuidadosamente a los muertos, y acompa\u00f1\u00e1ndolos, de esa manera, en su tr\u00e1nsito hacia la vida eterna.<\/p>\n<p>La nueva exposici\u00f3n <em>Wak\u2019a\u00f1 wak\u2019a: fajas protectoras y formadoras de la vida<\/em> se ha trabajado bas\u00e1ndose en la investigaci\u00f3n y la revisi\u00f3n a detalle de las fajas que resguarda el Museo en sus bodegas, organizadas de acuerdo con su \u00e9poca, funci\u00f3n y caracter\u00edsticas individuales.<\/p>\n<p>Esta investigaci\u00f3n gira alrededor del concepto Crianza Mutua, ya que las wak\u2019anaka no son solo piezas textiles inertes, sino que se convierten en seres que entran en di\u00e1logo con la vida humana. Las fajas pueden, de esa manera, convertirse en marcadores para contar la historia de una persona.<\/p>\n<p>\u201cEsta exposici\u00f3n pretende conmover a los y las visitantes mostrando c\u00f3mo los tejidos no solo visten y abrigan, sino que llevan profundos significados que acompa\u00f1an la vida\u201d, afirma la directora del MUSEF, Elvira Espejo. \u201cDesde la Crianza Mutua podemos entender estos di\u00e1logos y relaciones que llevan a reflexionar m\u00e1s all\u00e1 de la pieza final y su valor est\u00e9tico. El tejido de las fajas implica el desarrollo de una cadena operatoria que parte de la elecci\u00f3n de las materias primas, colores y formas que responden a circunstancias especiales: El nacimiento, la preservaci\u00f3n de la primera parte de la vida, el acompa\u00f1amiento del crecimiento y las ceremonias especiales y, por \u00faltimo, la muerte. Cada faja es especial\u201d, dice.<\/p>\n<p>Esta nueva sala temporal ha sido montada en el Patio Siglo XX del MUSEF. Durante un a\u00f1o los y las visitantes podr\u00e1n disfrutar de la muestra y tambi\u00e9n acceder, dentro de poco, al cat\u00e1logo <em>Wak\u2019a\u00f1 wak\u2019a: fajas protectoras y formadoras de la vida<\/em>, libro que sintetiza la investigaci\u00f3n y el guion museogr\u00e1fico de la exposici\u00f3n.<\/p>\n<p><strong>SOBRE LA EXPOSICI\u00d3N <\/strong><\/p>\n<p>(FRAGMENTO DEL CAT\u00c1LOGO \u201cWAK\u2019AN\u0303 WAK\u2019A: FAJAS PROTECTORAS Y FORMADORAS DE LA VIDA\u201d)<\/p>\n<p>Con la exposicio\u0301n \u201cWak\u2019an\u0303 wak\u2019a. Fajas protectoras y formadoras de la vida\u201d se pretende mostrar y explicar las particularidades del uso de la wak\u2019a \u2018faja\u2019 en el entorno social. A partir de esta exposicio\u0301n, el pu\u0301blico en general comprendera\u0301 las diferentes wak\u2019anaka que se utilizan en el a\u0301mbito social de acuerdo con las circunstancias, tomando en cuenta la cultura, ge\u0301nero y edad. Asi\u0301 tambie\u0301n visualizara\u0301n la importancia del uso de acuerdo con las particularidades (estructuras y te\u0301cnicas) que tiene la wak\u2019a.<\/p>\n<p>Como todo ser de la Pachamama, la wak\u2019a forma parte de la vida de todas las personas. Por esto los seres humanos convivimos diariamente con la wak\u2019a, sin importar las particularidades de las actividades que se realizan. Aunque actualmente es reemplazada por otras piezas que tambie\u0301n son prendas de vestir. Este es el caso del cinturo\u0301n u otras piezas que tienen la funcio\u0301n de sujetar y cen\u0303ir la cintura. Concientizar y fortalecer sobre estos aspectos y de su funcionalidad es otra de las importancias que se visibilizara\u0301 en la exposicio\u0301n.<\/p>\n<p>En el recorrido de la exposicio\u0301n se aprecia la relacio\u0301n de la wak\u2019a con sitios de la divinidad que nos protegen a los seres de la Pachamama y que nos transmite el qamasa (fuerza) y con la wak\u2019a que nos forma, cubre, protege y sostiene en la cintura a la altura del pupu (ombligo), en qhichwa, y kururu, en aymara \u2018centro de la vida\u2019.<\/p>\n<p>(\u2026) A partir del variado uso de la wak\u2019a (ritual, festivo y diario), ella esta\u0301 estrechamente vinculada a los valores sociales y culturales. Asi\u0301, la wak\u2019a expresa una idea, pensamiento de un determinado grupo social y el sentimiento. A la vez, marca las distintas etapas del ciclo de la vida y social de las personas, desde antes de nacer hasta viajar a la vida eterna, donde las madres generadoras de nuevas vidas utilizan la wak\u2019a para no lastimar y proteger de los seres negativos a los seres que esta\u0301n en el proceso del desarrollo en el interior de la jakan\u0303a \u2018placenta\u2019. Pero, al avanzar de edad, lo ma\u0301s interesante es c\u00f3mo se desarrolla la wak\u2019a desde los recie\u0301n nacidos hasta llegar a la nin\u0303ez (se envuelven en los recie\u0301n nacidos y se cin\u0303en a los nin\u0303os). Tambie\u0301n se utiliza la wak\u2019a durante la formacio\u0301n del cuerpo en los nin\u0303os y adolescentes, donde el cuerpo se fija acorde al ge\u0301nero. Como manifiesta Arnold (2016), la faja se lleva en la cintura para ayudarle a crecer bien. La idea aqui\u0301 es ayudar en el desarrollo del crecimiento desde el \u201ccentro\u201d, taypi en aymara y chawpi en quechua. En ese sentido, desde el kururu \u2018ombligo\u2019 se generan las energi\u0301as a todo el cuerpo del ser humano.<\/p>\n<p><img loading=\"lazy\" decoding=\"async\" class=\"aligncenter wp-image-161765 size-large\" src=\"https:\/\/www.eldiario.net\/portal\/wp-content\/uploads\/2023\/06\/faja-2-684x1024.jpg\" alt=\"\" width=\"684\" height=\"1024\" srcset=\"https:\/\/www.eldiario.net\/portal\/wp-content\/uploads\/2023\/06\/faja-2-684x1024.jpg 684w, https:\/\/www.eldiario.net\/portal\/wp-content\/uploads\/2023\/06\/faja-2-200x300.jpg 200w, https:\/\/www.eldiario.net\/portal\/wp-content\/uploads\/2023\/06\/faja-2-768x1150.jpg 768w, https:\/\/www.eldiario.net\/portal\/wp-content\/uploads\/2023\/06\/faja-2-1026x1536.jpg 1026w, https:\/\/www.eldiario.net\/portal\/wp-content\/uploads\/2023\/06\/faja-2-1367x2048.jpg 1367w, https:\/\/www.eldiario.net\/portal\/wp-content\/uploads\/2023\/06\/faja-2-696x1042.jpg 696w, https:\/\/www.eldiario.net\/portal\/wp-content\/uploads\/2023\/06\/faja-2-1068x1600.jpg 1068w, https:\/\/www.eldiario.net\/portal\/wp-content\/uploads\/2023\/06\/faja-2.jpg 1577w\" sizes=\"auto, (max-width: 684px) 100vw, 684px\" \/> <img loading=\"lazy\" decoding=\"async\" class=\"aligncenter wp-image-161766 size-large\" src=\"https:\/\/www.eldiario.net\/portal\/wp-content\/uploads\/2023\/06\/faja-3-683x1024.jpg\" alt=\"\" width=\"683\" height=\"1024\" srcset=\"https:\/\/www.eldiario.net\/portal\/wp-content\/uploads\/2023\/06\/faja-3-683x1024.jpg 683w, https:\/\/www.eldiario.net\/portal\/wp-content\/uploads\/2023\/06\/faja-3-200x300.jpg 200w, https:\/\/www.eldiario.net\/portal\/wp-content\/uploads\/2023\/06\/faja-3-768x1151.jpg 768w, https:\/\/www.eldiario.net\/portal\/wp-content\/uploads\/2023\/06\/faja-3-1025x1536.jpg 1025w, https:\/\/www.eldiario.net\/portal\/wp-content\/uploads\/2023\/06\/faja-3-696x1043.jpg 696w, https:\/\/www.eldiario.net\/portal\/wp-content\/uploads\/2023\/06\/faja-3-1068x1601.jpg 1068w, https:\/\/www.eldiario.net\/portal\/wp-content\/uploads\/2023\/06\/faja-3.jpg 1182w\" sizes=\"auto, (max-width: 683px) 100vw, 683px\" \/> <img loading=\"lazy\" decoding=\"async\" class=\"aligncenter wp-image-161767 size-large\" src=\"https:\/\/www.eldiario.net\/portal\/wp-content\/uploads\/2023\/06\/faja-4-684x1024.jpg\" alt=\"\" width=\"684\" height=\"1024\" srcset=\"https:\/\/www.eldiario.net\/portal\/wp-content\/uploads\/2023\/06\/faja-4-684x1024.jpg 684w, https:\/\/www.eldiario.net\/portal\/wp-content\/uploads\/2023\/06\/faja-4-200x300.jpg 200w, https:\/\/www.eldiario.net\/portal\/wp-content\/uploads\/2023\/06\/faja-4-768x1150.jpg 768w, https:\/\/www.eldiario.net\/portal\/wp-content\/uploads\/2023\/06\/faja-4-1026x1536.jpg 1026w, https:\/\/www.eldiario.net\/portal\/wp-content\/uploads\/2023\/06\/faja-4-1367x2048.jpg 1367w, https:\/\/www.eldiario.net\/portal\/wp-content\/uploads\/2023\/06\/faja-4-696x1042.jpg 696w, https:\/\/www.eldiario.net\/portal\/wp-content\/uploads\/2023\/06\/faja-4-1068x1600.jpg 1068w, https:\/\/www.eldiario.net\/portal\/wp-content\/uploads\/2023\/06\/faja-4.jpg 1577w\" sizes=\"auto, (max-width: 684px) 100vw, 684px\" \/> <img loading=\"lazy\" decoding=\"async\" class=\"aligncenter wp-image-161768 size-large\" src=\"https:\/\/www.eldiario.net\/portal\/wp-content\/uploads\/2023\/06\/faja-5-1024x683.jpg\" alt=\"\" width=\"1024\" height=\"683\" \/><\/p>\n","protected":false},"excerpt":{"rendered":"<p>El Museo Nacional de Etnograf\u00eda y Folklore (MUSEF), dependiente de la Fundaci\u00f3n Cultural del Banco Central de Bolivia (FC-BCB), inaugurar\u00e1 este jueves 29 de junio, a las 18:30 horas, una nueva exposici\u00f3n temporal centrada en una pieza textil especialmente importante para las cosmovisiones aymaras, quechuas y urus: Las fajas, wak\u2019as en aymara o chumpi en [&hellip;]<\/p>\n","protected":false},"author":2,"featured_media":161769,"comment_status":"closed","ping_status":"closed","sticky":false,"template":"","format":"standard","meta":{"_acf_changed":false,"footnotes":""},"categories":[41],"tags":[],"class_list":["post-161764","post","type-post","status-publish","format-standard","has-post-thumbnail","category-la-guia"],"acf":{"antetitulo":""},"yoast_head":"<!-- This site is optimized with the Yoast SEO plugin v28.4 - https:\/\/yoast.com\/product\/yoast-seo-wordpress\/ -->\n<title>Las fajas o wak\u2019anaka en la nueva exposici\u00f3n del MUSEF - El Diario - Bolivia<\/title>\n<meta name=\"robots\" content=\"index, follow, max-snippet:-1, max-image-preview:large, max-video-preview:-1\" \/>\n<link rel=\"canonical\" href=\"https:\/\/www.eldiario.net\/portal\/2023\/06\/24\/las-fajas-o-wakanaka-en-la-nueva-exposicion-del-musef\/\" \/>\n<meta property=\"og:locale\" content=\"es_ES\" \/>\n<meta property=\"og:type\" content=\"article\" \/>\n<meta property=\"og:title\" content=\"Las fajas o wak\u2019anaka en la nueva exposici\u00f3n del MUSEF - El Diario - Bolivia\" \/>\n<meta property=\"og:description\" content=\"El Museo Nacional de Etnograf\u00eda y Folklore (MUSEF), dependiente de la Fundaci\u00f3n Cultural del Banco Central de Bolivia (FC-BCB), inaugurar\u00e1 este jueves 29 de junio, a las 18:30 horas, una nueva exposici\u00f3n temporal centrada en una pieza textil especialmente importante para las cosmovisiones aymaras, quechuas y urus: Las fajas, wak\u2019as en aymara o chumpi en [&hellip;]\" \/>\n<meta property=\"og:url\" content=\"https:\/\/www.eldiario.net\/portal\/2023\/06\/24\/las-fajas-o-wakanaka-en-la-nueva-exposicion-del-musef\/\" \/>\n<meta property=\"og:site_name\" content=\"El Diario - Bolivia\" \/>\n<meta property=\"article:publisher\" content=\"https:\/\/www.facebook.com\/eldiario.bolivia\/\" \/>\n<meta property=\"article:published_time\" content=\"2023-06-24T13:03:27+00:00\" \/>\n<meta property=\"og:image\" content=\"https:\/\/www.eldiario.net\/portal\/wp-content\/uploads\/2023\/06\/faja-PRINCIPAL-1024x683.jpg\" \/>\n\t<meta property=\"og:image:width\" content=\"1024\" \/>\n\t<meta property=\"og:image:height\" content=\"683\" \/>\n\t<meta property=\"og:image:type\" content=\"image\/jpeg\" \/>\n<meta name=\"author\" content=\"luis Camacho\" \/>\n<meta name=\"twitter:card\" content=\"summary_large_image\" \/>\n<meta name=\"twitter:creator\" content=\"@eldiario_net\" \/>\n<meta name=\"twitter:site\" content=\"@eldiario_net\" \/>\n<meta name=\"twitter:label1\" content=\"Escrito por\" \/>\n\t<meta name=\"twitter:data1\" content=\"luis Camacho\" \/>\n\t<meta name=\"twitter:label2\" content=\"Tiempo de lectura\" \/>\n\t<meta name=\"twitter:data2\" content=\"5 minutos\" \/>\n<script type=\"application\/ld+json\" class=\"yoast-schema-graph\">{\"@context\":\"https:\\\/\\\/schema.org\",\"@graph\":[{\"@type\":\"Article\",\"@id\":\"https:\\\/\\\/www.eldiario.net\\\/portal\\\/2023\\\/06\\\/24\\\/las-fajas-o-wakanaka-en-la-nueva-exposicion-del-musef\\\/#article\",\"isPartOf\":{\"@id\":\"https:\\\/\\\/www.eldiario.net\\\/portal\\\/2023\\\/06\\\/24\\\/las-fajas-o-wakanaka-en-la-nueva-exposicion-del-musef\\\/\"},\"author\":{\"name\":\"luis Camacho\",\"@id\":\"https:\\\/\\\/www.eldiario.net\\\/portal\\\/#\\\/schema\\\/person\\\/c1a5d38e458b10c8ebd62f4189b82bbc\"},\"headline\":\"Las fajas o wak\u2019anaka en la nueva exposici\u00f3n del MUSEF\",\"datePublished\":\"2023-06-24T13:03:27+00:00\",\"mainEntityOfPage\":{\"@id\":\"https:\\\/\\\/www.eldiario.net\\\/portal\\\/2023\\\/06\\\/24\\\/las-fajas-o-wakanaka-en-la-nueva-exposicion-del-musef\\\/\"},\"wordCount\":975,\"publisher\":{\"@id\":\"https:\\\/\\\/www.eldiario.net\\\/portal\\\/#organization\"},\"image\":{\"@id\":\"https:\\\/\\\/www.eldiario.net\\\/portal\\\/2023\\\/06\\\/24\\\/las-fajas-o-wakanaka-en-la-nueva-exposicion-del-musef\\\/#primaryimage\"},\"thumbnailUrl\":\"https:\\\/\\\/www.eldiario.net\\\/portal\\\/wp-content\\\/uploads\\\/2023\\\/06\\\/faja-PRINCIPAL.jpg\",\"articleSection\":[\"La Gu\u00eda\"],\"inLanguage\":\"es\"},{\"@type\":\"WebPage\",\"@id\":\"https:\\\/\\\/www.eldiario.net\\\/portal\\\/2023\\\/06\\\/24\\\/las-fajas-o-wakanaka-en-la-nueva-exposicion-del-musef\\\/\",\"url\":\"https:\\\/\\\/www.eldiario.net\\\/portal\\\/2023\\\/06\\\/24\\\/las-fajas-o-wakanaka-en-la-nueva-exposicion-del-musef\\\/\",\"name\":\"Las fajas o wak\u2019anaka en la nueva exposici\u00f3n del MUSEF - El Diario - Bolivia\",\"isPartOf\":{\"@id\":\"https:\\\/\\\/www.eldiario.net\\\/portal\\\/#website\"},\"primaryImageOfPage\":{\"@id\":\"https:\\\/\\\/www.eldiario.net\\\/portal\\\/2023\\\/06\\\/24\\\/las-fajas-o-wakanaka-en-la-nueva-exposicion-del-musef\\\/#primaryimage\"},\"image\":{\"@id\":\"https:\\\/\\\/www.eldiario.net\\\/portal\\\/2023\\\/06\\\/24\\\/las-fajas-o-wakanaka-en-la-nueva-exposicion-del-musef\\\/#primaryimage\"},\"thumbnailUrl\":\"https:\\\/\\\/www.eldiario.net\\\/portal\\\/wp-content\\\/uploads\\\/2023\\\/06\\\/faja-PRINCIPAL.jpg\",\"datePublished\":\"2023-06-24T13:03:27+00:00\",\"breadcrumb\":{\"@id\":\"https:\\\/\\\/www.eldiario.net\\\/portal\\\/2023\\\/06\\\/24\\\/las-fajas-o-wakanaka-en-la-nueva-exposicion-del-musef\\\/#breadcrumb\"},\"inLanguage\":\"es\",\"potentialAction\":[{\"@type\":\"ReadAction\",\"target\":[\"https:\\\/\\\/www.eldiario.net\\\/portal\\\/2023\\\/06\\\/24\\\/las-fajas-o-wakanaka-en-la-nueva-exposicion-del-musef\\\/\"]}]},{\"@type\":\"ImageObject\",\"inLanguage\":\"es\",\"@id\":\"https:\\\/\\\/www.eldiario.net\\\/portal\\\/2023\\\/06\\\/24\\\/las-fajas-o-wakanaka-en-la-nueva-exposicion-del-musef\\\/#primaryimage\",\"url\":\"https:\\\/\\\/www.eldiario.net\\\/portal\\\/wp-content\\\/uploads\\\/2023\\\/06\\\/faja-PRINCIPAL.jpg\",\"contentUrl\":\"https:\\\/\\\/www.eldiario.net\\\/portal\\\/wp-content\\\/uploads\\\/2023\\\/06\\\/faja-PRINCIPAL.jpg\",\"width\":2362,\"height\":1575},{\"@type\":\"BreadcrumbList\",\"@id\":\"https:\\\/\\\/www.eldiario.net\\\/portal\\\/2023\\\/06\\\/24\\\/las-fajas-o-wakanaka-en-la-nueva-exposicion-del-musef\\\/#breadcrumb\",\"itemListElement\":[{\"@type\":\"ListItem\",\"position\":1,\"name\":\"Portada\",\"item\":\"https:\\\/\\\/www.eldiario.net\\\/portal\\\/\"},{\"@type\":\"ListItem\",\"position\":2,\"name\":\"Las fajas o wak\u2019anaka en la nueva exposici\u00f3n del MUSEF\"}]},{\"@type\":\"WebSite\",\"@id\":\"https:\\\/\\\/www.eldiario.net\\\/portal\\\/#website\",\"url\":\"https:\\\/\\\/www.eldiario.net\\\/portal\\\/\",\"name\":\"El Diario - Decano de la prensa nacional\",\"description\":\"El Diario - Decano de la prensa nacional\",\"publisher\":{\"@id\":\"https:\\\/\\\/www.eldiario.net\\\/portal\\\/#organization\"},\"potentialAction\":[{\"@type\":\"SearchAction\",\"target\":{\"@type\":\"EntryPoint\",\"urlTemplate\":\"https:\\\/\\\/www.eldiario.net\\\/portal\\\/?s={search_term_string}\"},\"query-input\":{\"@type\":\"PropertyValueSpecification\",\"valueRequired\":true,\"valueName\":\"search_term_string\"}}],\"inLanguage\":\"es\"},{\"@type\":\"Organization\",\"@id\":\"https:\\\/\\\/www.eldiario.net\\\/portal\\\/#organization\",\"name\":\"El Diario - Decano de la prensa nacional\",\"url\":\"https:\\\/\\\/www.eldiario.net\\\/portal\\\/\",\"logo\":{\"@type\":\"ImageObject\",\"inLanguage\":\"es\",\"@id\":\"https:\\\/\\\/www.eldiario.net\\\/portal\\\/#\\\/schema\\\/logo\\\/image\\\/\",\"url\":\"https:\\\/\\\/www.eldiario.net\\\/portal\\\/wp-content\\\/uploads\\\/2023\\\/07\\\/logo_ED.jpg\",\"contentUrl\":\"https:\\\/\\\/www.eldiario.net\\\/portal\\\/wp-content\\\/uploads\\\/2023\\\/07\\\/logo_ED.jpg\",\"width\":272,\"height\":52,\"caption\":\"El Diario - Decano de la prensa nacional\"},\"image\":{\"@id\":\"https:\\\/\\\/www.eldiario.net\\\/portal\\\/#\\\/schema\\\/logo\\\/image\\\/\"},\"sameAs\":[\"https:\\\/\\\/www.facebook.com\\\/eldiario.bolivia\\\/\",\"https:\\\/\\\/x.com\\\/eldiario_net\"]},{\"@type\":\"Person\",\"@id\":\"https:\\\/\\\/www.eldiario.net\\\/portal\\\/#\\\/schema\\\/person\\\/c1a5d38e458b10c8ebd62f4189b82bbc\",\"name\":\"luis Camacho\",\"image\":{\"@type\":\"ImageObject\",\"inLanguage\":\"es\",\"@id\":\"https:\\\/\\\/secure.gravatar.com\\\/avatar\\\/69ecb836b3826d5a2501bf06ab2a2f2c8ab211cc846758f395df21684cb38313?s=96&d=mm&r=g\",\"url\":\"https:\\\/\\\/secure.gravatar.com\\\/avatar\\\/69ecb836b3826d5a2501bf06ab2a2f2c8ab211cc846758f395df21684cb38313?s=96&d=mm&r=g\",\"contentUrl\":\"https:\\\/\\\/secure.gravatar.com\\\/avatar\\\/69ecb836b3826d5a2501bf06ab2a2f2c8ab211cc846758f395df21684cb38313?s=96&d=mm&r=g\",\"caption\":\"luis Camacho\"},\"url\":\"https:\\\/\\\/www.eldiario.net\\\/portal\\\/author\\\/luis\\\/\"}]}<\/script>\n<!-- \/ Yoast SEO plugin. -->","yoast_head_json":{"title":"Las fajas o wak\u2019anaka en la nueva exposici\u00f3n del MUSEF - El Diario - Bolivia","robots":{"index":"index","follow":"follow","max-snippet":"max-snippet:-1","max-image-preview":"max-image-preview:large","max-video-preview":"max-video-preview:-1"},"canonical":"https:\/\/www.eldiario.net\/portal\/2023\/06\/24\/las-fajas-o-wakanaka-en-la-nueva-exposicion-del-musef\/","og_locale":"es_ES","og_type":"article","og_title":"Las fajas o wak\u2019anaka en la nueva exposici\u00f3n del MUSEF - El Diario - Bolivia","og_description":"El Museo Nacional de Etnograf\u00eda y Folklore (MUSEF), dependiente de la Fundaci\u00f3n Cultural del Banco Central de Bolivia (FC-BCB), inaugurar\u00e1 este jueves 29 de junio, a las 18:30 horas, una nueva exposici\u00f3n temporal centrada en una pieza textil especialmente importante para las cosmovisiones aymaras, quechuas y urus: Las fajas, wak\u2019as en aymara o chumpi en [&hellip;]","og_url":"https:\/\/www.eldiario.net\/portal\/2023\/06\/24\/las-fajas-o-wakanaka-en-la-nueva-exposicion-del-musef\/","og_site_name":"El Diario - Bolivia","article_publisher":"https:\/\/www.facebook.com\/eldiario.bolivia\/","article_published_time":"2023-06-24T13:03:27+00:00","og_image":[{"width":1024,"height":683,"url":"https:\/\/www.eldiario.net\/portal\/wp-content\/uploads\/2023\/06\/faja-PRINCIPAL-1024x683.jpg","type":"image\/jpeg"}],"author":"luis Camacho","twitter_card":"summary_large_image","twitter_creator":"@eldiario_net","twitter_site":"@eldiario_net","twitter_misc":{"Escrito por":"luis Camacho","Tiempo de lectura":"5 minutos"},"schema":{"@context":"https:\/\/schema.org","@graph":[{"@type":"Article","@id":"https:\/\/www.eldiario.net\/portal\/2023\/06\/24\/las-fajas-o-wakanaka-en-la-nueva-exposicion-del-musef\/#article","isPartOf":{"@id":"https:\/\/www.eldiario.net\/portal\/2023\/06\/24\/las-fajas-o-wakanaka-en-la-nueva-exposicion-del-musef\/"},"author":{"name":"luis Camacho","@id":"https:\/\/www.eldiario.net\/portal\/#\/schema\/person\/c1a5d38e458b10c8ebd62f4189b82bbc"},"headline":"Las fajas o wak\u2019anaka en la nueva exposici\u00f3n del MUSEF","datePublished":"2023-06-24T13:03:27+00:00","mainEntityOfPage":{"@id":"https:\/\/www.eldiario.net\/portal\/2023\/06\/24\/las-fajas-o-wakanaka-en-la-nueva-exposicion-del-musef\/"},"wordCount":975,"publisher":{"@id":"https:\/\/www.eldiario.net\/portal\/#organization"},"image":{"@id":"https:\/\/www.eldiario.net\/portal\/2023\/06\/24\/las-fajas-o-wakanaka-en-la-nueva-exposicion-del-musef\/#primaryimage"},"thumbnailUrl":"https:\/\/www.eldiario.net\/portal\/wp-content\/uploads\/2023\/06\/faja-PRINCIPAL.jpg","articleSection":["La Gu\u00eda"],"inLanguage":"es"},{"@type":"WebPage","@id":"https:\/\/www.eldiario.net\/portal\/2023\/06\/24\/las-fajas-o-wakanaka-en-la-nueva-exposicion-del-musef\/","url":"https:\/\/www.eldiario.net\/portal\/2023\/06\/24\/las-fajas-o-wakanaka-en-la-nueva-exposicion-del-musef\/","name":"Las fajas o wak\u2019anaka en la nueva exposici\u00f3n del MUSEF - El Diario - Bolivia","isPartOf":{"@id":"https:\/\/www.eldiario.net\/portal\/#website"},"primaryImageOfPage":{"@id":"https:\/\/www.eldiario.net\/portal\/2023\/06\/24\/las-fajas-o-wakanaka-en-la-nueva-exposicion-del-musef\/#primaryimage"},"image":{"@id":"https:\/\/www.eldiario.net\/portal\/2023\/06\/24\/las-fajas-o-wakanaka-en-la-nueva-exposicion-del-musef\/#primaryimage"},"thumbnailUrl":"https:\/\/www.eldiario.net\/portal\/wp-content\/uploads\/2023\/06\/faja-PRINCIPAL.jpg","datePublished":"2023-06-24T13:03:27+00:00","breadcrumb":{"@id":"https:\/\/www.eldiario.net\/portal\/2023\/06\/24\/las-fajas-o-wakanaka-en-la-nueva-exposicion-del-musef\/#breadcrumb"},"inLanguage":"es","potentialAction":[{"@type":"ReadAction","target":["https:\/\/www.eldiario.net\/portal\/2023\/06\/24\/las-fajas-o-wakanaka-en-la-nueva-exposicion-del-musef\/"]}]},{"@type":"ImageObject","inLanguage":"es","@id":"https:\/\/www.eldiario.net\/portal\/2023\/06\/24\/las-fajas-o-wakanaka-en-la-nueva-exposicion-del-musef\/#primaryimage","url":"https:\/\/www.eldiario.net\/portal\/wp-content\/uploads\/2023\/06\/faja-PRINCIPAL.jpg","contentUrl":"https:\/\/www.eldiario.net\/portal\/wp-content\/uploads\/2023\/06\/faja-PRINCIPAL.jpg","width":2362,"height":1575},{"@type":"BreadcrumbList","@id":"https:\/\/www.eldiario.net\/portal\/2023\/06\/24\/las-fajas-o-wakanaka-en-la-nueva-exposicion-del-musef\/#breadcrumb","itemListElement":[{"@type":"ListItem","position":1,"name":"Portada","item":"https:\/\/www.eldiario.net\/portal\/"},{"@type":"ListItem","position":2,"name":"Las fajas o wak\u2019anaka en la nueva exposici\u00f3n del MUSEF"}]},{"@type":"WebSite","@id":"https:\/\/www.eldiario.net\/portal\/#website","url":"https:\/\/www.eldiario.net\/portal\/","name":"El Diario - Decano de la prensa nacional","description":"El Diario - Decano de la prensa nacional","publisher":{"@id":"https:\/\/www.eldiario.net\/portal\/#organization"},"potentialAction":[{"@type":"SearchAction","target":{"@type":"EntryPoint","urlTemplate":"https:\/\/www.eldiario.net\/portal\/?s={search_term_string}"},"query-input":{"@type":"PropertyValueSpecification","valueRequired":true,"valueName":"search_term_string"}}],"inLanguage":"es"},{"@type":"Organization","@id":"https:\/\/www.eldiario.net\/portal\/#organization","name":"El Diario - Decano de la prensa nacional","url":"https:\/\/www.eldiario.net\/portal\/","logo":{"@type":"ImageObject","inLanguage":"es","@id":"https:\/\/www.eldiario.net\/portal\/#\/schema\/logo\/image\/","url":"https:\/\/www.eldiario.net\/portal\/wp-content\/uploads\/2023\/07\/logo_ED.jpg","contentUrl":"https:\/\/www.eldiario.net\/portal\/wp-content\/uploads\/2023\/07\/logo_ED.jpg","width":272,"height":52,"caption":"El Diario - Decano de la prensa nacional"},"image":{"@id":"https:\/\/www.eldiario.net\/portal\/#\/schema\/logo\/image\/"},"sameAs":["https:\/\/www.facebook.com\/eldiario.bolivia\/","https:\/\/x.com\/eldiario_net"]},{"@type":"Person","@id":"https:\/\/www.eldiario.net\/portal\/#\/schema\/person\/c1a5d38e458b10c8ebd62f4189b82bbc","name":"luis Camacho","image":{"@type":"ImageObject","inLanguage":"es","@id":"https:\/\/secure.gravatar.com\/avatar\/69ecb836b3826d5a2501bf06ab2a2f2c8ab211cc846758f395df21684cb38313?s=96&d=mm&r=g","url":"https:\/\/secure.gravatar.com\/avatar\/69ecb836b3826d5a2501bf06ab2a2f2c8ab211cc846758f395df21684cb38313?s=96&d=mm&r=g","contentUrl":"https:\/\/secure.gravatar.com\/avatar\/69ecb836b3826d5a2501bf06ab2a2f2c8ab211cc846758f395df21684cb38313?s=96&d=mm&r=g","caption":"luis Camacho"},"url":"https:\/\/www.eldiario.net\/portal\/author\/luis\/"}]}},"_links":{"self":[{"href":"https:\/\/www.eldiario.net\/portal\/wp-json\/wp\/v2\/posts\/161764","targetHints":{"allow":["GET"]}}],"collection":[{"href":"https:\/\/www.eldiario.net\/portal\/wp-json\/wp\/v2\/posts"}],"about":[{"href":"https:\/\/www.eldiario.net\/portal\/wp-json\/wp\/v2\/types\/post"}],"author":[{"embeddable":true,"href":"https:\/\/www.eldiario.net\/portal\/wp-json\/wp\/v2\/users\/2"}],"replies":[{"embeddable":true,"href":"https:\/\/www.eldiario.net\/portal\/wp-json\/wp\/v2\/comments?post=161764"}],"version-history":[{"count":0,"href":"https:\/\/www.eldiario.net\/portal\/wp-json\/wp\/v2\/posts\/161764\/revisions"}],"wp:featuredmedia":[{"embeddable":true,"href":"https:\/\/www.eldiario.net\/portal\/wp-json\/wp\/v2\/media\/161769"}],"wp:attachment":[{"href":"https:\/\/www.eldiario.net\/portal\/wp-json\/wp\/v2\/media?parent=161764"}],"wp:term":[{"taxonomy":"category","embeddable":true,"href":"https:\/\/www.eldiario.net\/portal\/wp-json\/wp\/v2\/categories?post=161764"},{"taxonomy":"post_tag","embeddable":true,"href":"https:\/\/www.eldiario.net\/portal\/wp-json\/wp\/v2\/tags?post=161764"}],"curies":[{"name":"wp","href":"https:\/\/api.w.org\/{rel}","templated":true}]}}