{"id":161665,"date":"2023-06-24T00:47:27","date_gmt":"2023-06-24T04:47:27","guid":{"rendered":"https:\/\/www.eldiario.net\/portal\/?p=161665"},"modified":"2023-06-24T00:47:27","modified_gmt":"2023-06-24T04:47:27","slug":"vigilia-de-mujeres-que-reclaman-devolucion-de-sede-de-la-apdhb-requiere-carpa-y-banos-con-urgencia","status":"publish","type":"post","link":"https:\/\/www.eldiario.net\/portal\/2023\/06\/24\/vigilia-de-mujeres-que-reclaman-devolucion-de-sede-de-la-apdhb-requiere-carpa-y-banos-con-urgencia\/","title":{"rendered":"Vigilia de mujeres que reclaman devoluci\u00f3n de sede de la Apdhb requiere carpa y ba\u00f1os con urgencia"},"content":{"rendered":"<p>&nbsp;<\/p>\n<p>La vigilia de mujeres, liderada por la presidenta de la Asamblea Permanente de Derechos Humanos de Bolivia (Apdhb) Amparo Carvajal, requiere con urgencia una carpa y ba\u00f1os para continuar su protesta instalada en el callej\u00f3n posterior al inmueble que est\u00e1 ocupado por militantes del partido gobernante, desde hace 23 d\u00edas.<br \/>\nCarvajal, de 84 a\u00f1os, junto a mujeres que voluntariamente realizan la defensa de los derechos ciudadanos, permanece bajo un improvisado protector contra el sol, mientras a unos metros hacen guardia mujeres y polic\u00edas con uniformes contra motines.<br \/>\n\u201cYo pago el agua y la luz y no tengo acceso al edificio\u201d, reclama mientras en el interior del inmueble que desde 1992 cobij\u00f3 a la hist\u00f3rica Asamblea, unas cinco personas permanecen desde el viernes 2 de junio cuando irrumpieron, junto a decenas de militantes del partido oficialista, con violencia y soldaron las cerraduras de la puerta principal.<br \/>\nCarvajal tiene la salud muy fr\u00e1gil y pese a ello dice estar convencida de continuar con su protesta, en la extensi\u00f3n de una callejuela que por las noches y madrugadas registra temperaturas bajo cero.<br \/>\nHasta ayer, usaron una carpa prestada, pero deben devolverla. Ante la falta de este equipo, pidieron la ayuda de los ciudadanos para obtener este equipo que las ayude a soportar uno de los inviernos m\u00e1s duros de los \u00faltimos a\u00f1os.<br \/>\nAl inicio de una protestas, unos vecinos permit\u00edan el uso de sus servicios higi\u00e9nicos, pero sin anuncio previo cesaron su ayuda. Una activista teme que hayan sufrido alguna amenaza.<br \/>\n\u201cDe acuerdo a ley, su participaci\u00f3n como Presidenta de la Apdhb hace que el Estado se obligue a respetar y hacer respetar los derechos que reclama, y est\u00e1n protegidos por el bloque de constitucionalidad al existir un convenio con la Organizaci\u00f3n Internacional del Trabajo (OIT) que garantiza el derecho a la protesta\u201d, explic\u00f3 la asesora legal de la Asociaci\u00f3n Nacional de la Prensa (ANP), Mabel Antezana.<\/p>\n<p>SIN COBERTURA EN TV<br \/>\nDesde que perdi\u00f3 dos recursos ante la justicia, por lograr la devoluci\u00f3n del edificio, \u201clos canales de televisi\u00f3n no volvieron al lugar\u201d, coment\u00f3 una de las activistas que acompa\u00f1a a Carvajal, y su versi\u00f3n fue apoyada por sus compa\u00f1eras.<br \/>\nAyer, las defensoras recibieron la visita de la presidenta de la Asociaci\u00f3n Nacional de Periodistas de Bolivia (ANPB), Zulema Alanes, y del presidente de la Asociaci\u00f3n de Periodistas de La Paz (APLP), Ra\u00fal Pe\u00f1aranda, en un gesto de solidaridad con el reclamo.<br \/>\n\u201cRepudiamos la ocupaci\u00f3n de las oficinas de la APDHB y demandamos la devoluci\u00f3n del edificio y el respeto a la representaci\u00f3n leg\u00edtima de Amparo Carvajal\u201d, declar\u00f3 Alanes a la Unidad de Monitoreo de la Asociaci\u00f3n Nacional de la Prensa (ANP).<br \/>\nEl pasado 2 de junio, la ANP que representa a los principales diarios bolivianos, expres\u00f3 firme rechazo a la toma violenta de las oficinas de la Apdhb, y reclam\u00f3 el respeto a las instituciones que defienden los derechos de los ciudadanos.<\/p>\n","protected":false},"excerpt":{"rendered":"<p>&nbsp; La vigilia de mujeres, liderada por la presidenta de la Asamblea Permanente de Derechos Humanos de Bolivia (Apdhb) Amparo Carvajal, requiere con urgencia una carpa y ba\u00f1os para continuar su protesta instalada en el callej\u00f3n posterior al inmueble que est\u00e1 ocupado por militantes del partido gobernante, desde hace 23 d\u00edas. Carvajal, de 84 a\u00f1os, [&hellip;]<\/p>\n","protected":false},"author":1,"featured_media":161666,"comment_status":"closed","ping_status":"closed","sticky":false,"template":"","format":"standard","meta":{"_acf_changed":false,"footnotes":""},"categories":[39],"tags":[],"class_list":["post-161665","post","type-post","status-publish","format-standard","has-post-thumbnail","category-sociedad"],"acf":{"antetitulo":""},"yoast_head":"<!-- This site is optimized with the Yoast SEO plugin v28.3 - https:\/\/yoast.com\/product\/yoast-seo-wordpress\/ -->\n<title>Vigilia de mujeres que reclaman devoluci\u00f3n de sede de la Apdhb requiere carpa y ba\u00f1os con urgencia - El Diario - Bolivia<\/title>\n<meta name=\"robots\" content=\"index, follow, max-snippet:-1, max-image-preview:large, max-video-preview:-1\" \/>\n<link rel=\"canonical\" href=\"https:\/\/www.eldiario.net\/portal\/2023\/06\/24\/vigilia-de-mujeres-que-reclaman-devolucion-de-sede-de-la-apdhb-requiere-carpa-y-banos-con-urgencia\/\" \/>\n<meta property=\"og:locale\" content=\"es_ES\" \/>\n<meta property=\"og:type\" content=\"article\" \/>\n<meta property=\"og:title\" content=\"Vigilia de mujeres que reclaman devoluci\u00f3n de sede de la Apdhb requiere carpa y ba\u00f1os con urgencia - El Diario - Bolivia\" \/>\n<meta property=\"og:description\" content=\"&nbsp; La vigilia de mujeres, liderada por la presidenta de la Asamblea Permanente de Derechos Humanos de Bolivia (Apdhb) Amparo Carvajal, requiere con urgencia una carpa y ba\u00f1os para continuar su protesta instalada en el callej\u00f3n posterior al inmueble que est\u00e1 ocupado por militantes del partido gobernante, desde hace 23 d\u00edas. Carvajal, de 84 a\u00f1os, [&hellip;]\" \/>\n<meta property=\"og:url\" content=\"https:\/\/www.eldiario.net\/portal\/2023\/06\/24\/vigilia-de-mujeres-que-reclaman-devolucion-de-sede-de-la-apdhb-requiere-carpa-y-banos-con-urgencia\/\" \/>\n<meta property=\"og:site_name\" content=\"El Diario - Bolivia\" \/>\n<meta property=\"article:publisher\" content=\"https:\/\/www.facebook.com\/eldiario.bolivia\/\" \/>\n<meta property=\"article:published_time\" content=\"2023-06-24T04:47:27+00:00\" \/>\n<meta property=\"og:image\" content=\"https:\/\/www.eldiario.net\/portal\/wp-content\/uploads\/2023\/06\/ANP-scaled-1.jpg\" \/>\n\t<meta property=\"og:image:width\" content=\"2560\" \/>\n\t<meta property=\"og:image:height\" content=\"1920\" \/>\n\t<meta property=\"og:image:type\" content=\"image\/jpeg\" \/>\n<meta name=\"author\" content=\"Jeanette\" \/>\n<meta name=\"twitter:card\" content=\"summary_large_image\" \/>\n<meta name=\"twitter:creator\" content=\"@eldiario_net\" \/>\n<meta name=\"twitter:site\" content=\"@eldiario_net\" \/>\n<meta name=\"twitter:label1\" content=\"Escrito por\" \/>\n\t<meta name=\"twitter:data1\" content=\"Jeanette\" \/>\n\t<meta name=\"twitter:label2\" content=\"Tiempo de lectura\" \/>\n\t<meta name=\"twitter:data2\" content=\"3 minutos\" \/>\n<script type=\"application\/ld+json\" class=\"yoast-schema-graph\">{\"@context\":\"https:\\\/\\\/schema.org\",\"@graph\":[{\"@type\":\"Article\",\"@id\":\"https:\\\/\\\/www.eldiario.net\\\/portal\\\/2023\\\/06\\\/24\\\/vigilia-de-mujeres-que-reclaman-devolucion-de-sede-de-la-apdhb-requiere-carpa-y-banos-con-urgencia\\\/#article\",\"isPartOf\":{\"@id\":\"https:\\\/\\\/www.eldiario.net\\\/portal\\\/2023\\\/06\\\/24\\\/vigilia-de-mujeres-que-reclaman-devolucion-de-sede-de-la-apdhb-requiere-carpa-y-banos-con-urgencia\\\/\"},\"author\":{\"name\":\"Jeanette\",\"@id\":\"https:\\\/\\\/www.eldiario.net\\\/portal\\\/#\\\/schema\\\/person\\\/f46445640444750d7d753ccd04ae01b7\"},\"headline\":\"Vigilia de mujeres que reclaman devoluci\u00f3n de sede de la Apdhb requiere carpa y ba\u00f1os con urgencia\",\"datePublished\":\"2023-06-24T04:47:27+00:00\",\"mainEntityOfPage\":{\"@id\":\"https:\\\/\\\/www.eldiario.net\\\/portal\\\/2023\\\/06\\\/24\\\/vigilia-de-mujeres-que-reclaman-devolucion-de-sede-de-la-apdhb-requiere-carpa-y-banos-con-urgencia\\\/\"},\"wordCount\":525,\"publisher\":{\"@id\":\"https:\\\/\\\/www.eldiario.net\\\/portal\\\/#organization\"},\"image\":{\"@id\":\"https:\\\/\\\/www.eldiario.net\\\/portal\\\/2023\\\/06\\\/24\\\/vigilia-de-mujeres-que-reclaman-devolucion-de-sede-de-la-apdhb-requiere-carpa-y-banos-con-urgencia\\\/#primaryimage\"},\"thumbnailUrl\":\"https:\\\/\\\/www.eldiario.net\\\/portal\\\/wp-content\\\/uploads\\\/2023\\\/06\\\/ANP-scaled-1.jpg\",\"articleSection\":[\"Sociedad - Seguridad\"],\"inLanguage\":\"es\"},{\"@type\":\"WebPage\",\"@id\":\"https:\\\/\\\/www.eldiario.net\\\/portal\\\/2023\\\/06\\\/24\\\/vigilia-de-mujeres-que-reclaman-devolucion-de-sede-de-la-apdhb-requiere-carpa-y-banos-con-urgencia\\\/\",\"url\":\"https:\\\/\\\/www.eldiario.net\\\/portal\\\/2023\\\/06\\\/24\\\/vigilia-de-mujeres-que-reclaman-devolucion-de-sede-de-la-apdhb-requiere-carpa-y-banos-con-urgencia\\\/\",\"name\":\"Vigilia de mujeres que reclaman devoluci\u00f3n de sede de la Apdhb requiere carpa y ba\u00f1os con urgencia - El Diario - Bolivia\",\"isPartOf\":{\"@id\":\"https:\\\/\\\/www.eldiario.net\\\/portal\\\/#website\"},\"primaryImageOfPage\":{\"@id\":\"https:\\\/\\\/www.eldiario.net\\\/portal\\\/2023\\\/06\\\/24\\\/vigilia-de-mujeres-que-reclaman-devolucion-de-sede-de-la-apdhb-requiere-carpa-y-banos-con-urgencia\\\/#primaryimage\"},\"image\":{\"@id\":\"https:\\\/\\\/www.eldiario.net\\\/portal\\\/2023\\\/06\\\/24\\\/vigilia-de-mujeres-que-reclaman-devolucion-de-sede-de-la-apdhb-requiere-carpa-y-banos-con-urgencia\\\/#primaryimage\"},\"thumbnailUrl\":\"https:\\\/\\\/www.eldiario.net\\\/portal\\\/wp-content\\\/uploads\\\/2023\\\/06\\\/ANP-scaled-1.jpg\",\"datePublished\":\"2023-06-24T04:47:27+00:00\",\"breadcrumb\":{\"@id\":\"https:\\\/\\\/www.eldiario.net\\\/portal\\\/2023\\\/06\\\/24\\\/vigilia-de-mujeres-que-reclaman-devolucion-de-sede-de-la-apdhb-requiere-carpa-y-banos-con-urgencia\\\/#breadcrumb\"},\"inLanguage\":\"es\",\"potentialAction\":[{\"@type\":\"ReadAction\",\"target\":[\"https:\\\/\\\/www.eldiario.net\\\/portal\\\/2023\\\/06\\\/24\\\/vigilia-de-mujeres-que-reclaman-devolucion-de-sede-de-la-apdhb-requiere-carpa-y-banos-con-urgencia\\\/\"]}]},{\"@type\":\"ImageObject\",\"inLanguage\":\"es\",\"@id\":\"https:\\\/\\\/www.eldiario.net\\\/portal\\\/2023\\\/06\\\/24\\\/vigilia-de-mujeres-que-reclaman-devolucion-de-sede-de-la-apdhb-requiere-carpa-y-banos-con-urgencia\\\/#primaryimage\",\"url\":\"https:\\\/\\\/www.eldiario.net\\\/portal\\\/wp-content\\\/uploads\\\/2023\\\/06\\\/ANP-scaled-1.jpg\",\"contentUrl\":\"https:\\\/\\\/www.eldiario.net\\\/portal\\\/wp-content\\\/uploads\\\/2023\\\/06\\\/ANP-scaled-1.jpg\",\"width\":2560,\"height\":1920,\"caption\":\"LA PRESIDENTA DE LA ASAMBLEA PERMANENTE DE DERECHOS HUMANOS DE BOLIVIA (APDHB), AMPARO CARVAJAL, APARECE JUNTO A LA PRESIDENTA DE LOS PERIODISTAS DE BOLIVIA, ZULEMA ALANES, Y EL PRESIDENTE DE LA ASOCIACI\u00d3N DE PERIODISTAS DE LA PAZ (APLP), RA\u00daL PE\u00d1ARANDA.\"},{\"@type\":\"BreadcrumbList\",\"@id\":\"https:\\\/\\\/www.eldiario.net\\\/portal\\\/2023\\\/06\\\/24\\\/vigilia-de-mujeres-que-reclaman-devolucion-de-sede-de-la-apdhb-requiere-carpa-y-banos-con-urgencia\\\/#breadcrumb\",\"itemListElement\":[{\"@type\":\"ListItem\",\"position\":1,\"name\":\"Portada\",\"item\":\"https:\\\/\\\/www.eldiario.net\\\/portal\\\/\"},{\"@type\":\"ListItem\",\"position\":2,\"name\":\"Vigilia de mujeres que reclaman devoluci\u00f3n de sede de la Apdhb requiere carpa y ba\u00f1os con urgencia\"}]},{\"@type\":\"WebSite\",\"@id\":\"https:\\\/\\\/www.eldiario.net\\\/portal\\\/#website\",\"url\":\"https:\\\/\\\/www.eldiario.net\\\/portal\\\/\",\"name\":\"El Diario - Decano de la prensa nacional\",\"description\":\"El Diario - Decano de la prensa nacional\",\"publisher\":{\"@id\":\"https:\\\/\\\/www.eldiario.net\\\/portal\\\/#organization\"},\"potentialAction\":[{\"@type\":\"SearchAction\",\"target\":{\"@type\":\"EntryPoint\",\"urlTemplate\":\"https:\\\/\\\/www.eldiario.net\\\/portal\\\/?s={search_term_string}\"},\"query-input\":{\"@type\":\"PropertyValueSpecification\",\"valueRequired\":true,\"valueName\":\"search_term_string\"}}],\"inLanguage\":\"es\"},{\"@type\":\"Organization\",\"@id\":\"https:\\\/\\\/www.eldiario.net\\\/portal\\\/#organization\",\"name\":\"El Diario - Decano de la prensa nacional\",\"url\":\"https:\\\/\\\/www.eldiario.net\\\/portal\\\/\",\"logo\":{\"@type\":\"ImageObject\",\"inLanguage\":\"es\",\"@id\":\"https:\\\/\\\/www.eldiario.net\\\/portal\\\/#\\\/schema\\\/logo\\\/image\\\/\",\"url\":\"https:\\\/\\\/www.eldiario.net\\\/portal\\\/wp-content\\\/uploads\\\/2023\\\/07\\\/logo_ED.jpg\",\"contentUrl\":\"https:\\\/\\\/www.eldiario.net\\\/portal\\\/wp-content\\\/uploads\\\/2023\\\/07\\\/logo_ED.jpg\",\"width\":272,\"height\":52,\"caption\":\"El Diario - Decano de la prensa nacional\"},\"image\":{\"@id\":\"https:\\\/\\\/www.eldiario.net\\\/portal\\\/#\\\/schema\\\/logo\\\/image\\\/\"},\"sameAs\":[\"https:\\\/\\\/www.facebook.com\\\/eldiario.bolivia\\\/\",\"https:\\\/\\\/x.com\\\/eldiario_net\"]},{\"@type\":\"Person\",\"@id\":\"https:\\\/\\\/www.eldiario.net\\\/portal\\\/#\\\/schema\\\/person\\\/f46445640444750d7d753ccd04ae01b7\",\"name\":\"Jeanette\",\"image\":{\"@type\":\"ImageObject\",\"inLanguage\":\"es\",\"@id\":\"https:\\\/\\\/secure.gravatar.com\\\/avatar\\\/3ea2118a5f7dad2b7138b1187a6b7ee55f160b9968b66013c3a3ef39dd7e5798?s=96&d=mm&r=g\",\"url\":\"https:\\\/\\\/secure.gravatar.com\\\/avatar\\\/3ea2118a5f7dad2b7138b1187a6b7ee55f160b9968b66013c3a3ef39dd7e5798?s=96&d=mm&r=g\",\"contentUrl\":\"https:\\\/\\\/secure.gravatar.com\\\/avatar\\\/3ea2118a5f7dad2b7138b1187a6b7ee55f160b9968b66013c3a3ef39dd7e5798?s=96&d=mm&r=g\",\"caption\":\"Jeanette\"},\"sameAs\":[\"https:\\\/\\\/www.eldiario.net\\\/portal\"],\"url\":\"https:\\\/\\\/www.eldiario.net\\\/portal\\\/author\\\/jeanette\\\/\"}]}<\/script>\n<!-- \/ Yoast SEO plugin. -->","yoast_head_json":{"title":"Vigilia de mujeres que reclaman devoluci\u00f3n de sede de la Apdhb requiere carpa y ba\u00f1os con urgencia - El Diario - Bolivia","robots":{"index":"index","follow":"follow","max-snippet":"max-snippet:-1","max-image-preview":"max-image-preview:large","max-video-preview":"max-video-preview:-1"},"canonical":"https:\/\/www.eldiario.net\/portal\/2023\/06\/24\/vigilia-de-mujeres-que-reclaman-devolucion-de-sede-de-la-apdhb-requiere-carpa-y-banos-con-urgencia\/","og_locale":"es_ES","og_type":"article","og_title":"Vigilia de mujeres que reclaman devoluci\u00f3n de sede de la Apdhb requiere carpa y ba\u00f1os con urgencia - El Diario - Bolivia","og_description":"&nbsp; La vigilia de mujeres, liderada por la presidenta de la Asamblea Permanente de Derechos Humanos de Bolivia (Apdhb) Amparo Carvajal, requiere con urgencia una carpa y ba\u00f1os para continuar su protesta instalada en el callej\u00f3n posterior al inmueble que est\u00e1 ocupado por militantes del partido gobernante, desde hace 23 d\u00edas. Carvajal, de 84 a\u00f1os, [&hellip;]","og_url":"https:\/\/www.eldiario.net\/portal\/2023\/06\/24\/vigilia-de-mujeres-que-reclaman-devolucion-de-sede-de-la-apdhb-requiere-carpa-y-banos-con-urgencia\/","og_site_name":"El Diario - Bolivia","article_publisher":"https:\/\/www.facebook.com\/eldiario.bolivia\/","article_published_time":"2023-06-24T04:47:27+00:00","og_image":[{"width":2560,"height":1920,"url":"https:\/\/www.eldiario.net\/portal\/wp-content\/uploads\/2023\/06\/ANP-scaled-1.jpg","type":"image\/jpeg"}],"author":"Jeanette","twitter_card":"summary_large_image","twitter_creator":"@eldiario_net","twitter_site":"@eldiario_net","twitter_misc":{"Escrito por":"Jeanette","Tiempo de lectura":"3 minutos"},"schema":{"@context":"https:\/\/schema.org","@graph":[{"@type":"Article","@id":"https:\/\/www.eldiario.net\/portal\/2023\/06\/24\/vigilia-de-mujeres-que-reclaman-devolucion-de-sede-de-la-apdhb-requiere-carpa-y-banos-con-urgencia\/#article","isPartOf":{"@id":"https:\/\/www.eldiario.net\/portal\/2023\/06\/24\/vigilia-de-mujeres-que-reclaman-devolucion-de-sede-de-la-apdhb-requiere-carpa-y-banos-con-urgencia\/"},"author":{"name":"Jeanette","@id":"https:\/\/www.eldiario.net\/portal\/#\/schema\/person\/f46445640444750d7d753ccd04ae01b7"},"headline":"Vigilia de mujeres que reclaman devoluci\u00f3n de sede de la Apdhb requiere carpa y ba\u00f1os con urgencia","datePublished":"2023-06-24T04:47:27+00:00","mainEntityOfPage":{"@id":"https:\/\/www.eldiario.net\/portal\/2023\/06\/24\/vigilia-de-mujeres-que-reclaman-devolucion-de-sede-de-la-apdhb-requiere-carpa-y-banos-con-urgencia\/"},"wordCount":525,"publisher":{"@id":"https:\/\/www.eldiario.net\/portal\/#organization"},"image":{"@id":"https:\/\/www.eldiario.net\/portal\/2023\/06\/24\/vigilia-de-mujeres-que-reclaman-devolucion-de-sede-de-la-apdhb-requiere-carpa-y-banos-con-urgencia\/#primaryimage"},"thumbnailUrl":"https:\/\/www.eldiario.net\/portal\/wp-content\/uploads\/2023\/06\/ANP-scaled-1.jpg","articleSection":["Sociedad - Seguridad"],"inLanguage":"es"},{"@type":"WebPage","@id":"https:\/\/www.eldiario.net\/portal\/2023\/06\/24\/vigilia-de-mujeres-que-reclaman-devolucion-de-sede-de-la-apdhb-requiere-carpa-y-banos-con-urgencia\/","url":"https:\/\/www.eldiario.net\/portal\/2023\/06\/24\/vigilia-de-mujeres-que-reclaman-devolucion-de-sede-de-la-apdhb-requiere-carpa-y-banos-con-urgencia\/","name":"Vigilia de mujeres que reclaman devoluci\u00f3n de sede de la Apdhb requiere carpa y ba\u00f1os con urgencia - El Diario - Bolivia","isPartOf":{"@id":"https:\/\/www.eldiario.net\/portal\/#website"},"primaryImageOfPage":{"@id":"https:\/\/www.eldiario.net\/portal\/2023\/06\/24\/vigilia-de-mujeres-que-reclaman-devolucion-de-sede-de-la-apdhb-requiere-carpa-y-banos-con-urgencia\/#primaryimage"},"image":{"@id":"https:\/\/www.eldiario.net\/portal\/2023\/06\/24\/vigilia-de-mujeres-que-reclaman-devolucion-de-sede-de-la-apdhb-requiere-carpa-y-banos-con-urgencia\/#primaryimage"},"thumbnailUrl":"https:\/\/www.eldiario.net\/portal\/wp-content\/uploads\/2023\/06\/ANP-scaled-1.jpg","datePublished":"2023-06-24T04:47:27+00:00","breadcrumb":{"@id":"https:\/\/www.eldiario.net\/portal\/2023\/06\/24\/vigilia-de-mujeres-que-reclaman-devolucion-de-sede-de-la-apdhb-requiere-carpa-y-banos-con-urgencia\/#breadcrumb"},"inLanguage":"es","potentialAction":[{"@type":"ReadAction","target":["https:\/\/www.eldiario.net\/portal\/2023\/06\/24\/vigilia-de-mujeres-que-reclaman-devolucion-de-sede-de-la-apdhb-requiere-carpa-y-banos-con-urgencia\/"]}]},{"@type":"ImageObject","inLanguage":"es","@id":"https:\/\/www.eldiario.net\/portal\/2023\/06\/24\/vigilia-de-mujeres-que-reclaman-devolucion-de-sede-de-la-apdhb-requiere-carpa-y-banos-con-urgencia\/#primaryimage","url":"https:\/\/www.eldiario.net\/portal\/wp-content\/uploads\/2023\/06\/ANP-scaled-1.jpg","contentUrl":"https:\/\/www.eldiario.net\/portal\/wp-content\/uploads\/2023\/06\/ANP-scaled-1.jpg","width":2560,"height":1920,"caption":"LA PRESIDENTA DE LA ASAMBLEA PERMANENTE DE DERECHOS HUMANOS DE BOLIVIA (APDHB), AMPARO CARVAJAL, APARECE JUNTO A LA PRESIDENTA DE LOS PERIODISTAS DE BOLIVIA, ZULEMA ALANES, Y EL PRESIDENTE DE LA ASOCIACI\u00d3N DE PERIODISTAS DE LA PAZ (APLP), RA\u00daL PE\u00d1ARANDA."},{"@type":"BreadcrumbList","@id":"https:\/\/www.eldiario.net\/portal\/2023\/06\/24\/vigilia-de-mujeres-que-reclaman-devolucion-de-sede-de-la-apdhb-requiere-carpa-y-banos-con-urgencia\/#breadcrumb","itemListElement":[{"@type":"ListItem","position":1,"name":"Portada","item":"https:\/\/www.eldiario.net\/portal\/"},{"@type":"ListItem","position":2,"name":"Vigilia de mujeres que reclaman devoluci\u00f3n de sede de la Apdhb requiere carpa y ba\u00f1os con urgencia"}]},{"@type":"WebSite","@id":"https:\/\/www.eldiario.net\/portal\/#website","url":"https:\/\/www.eldiario.net\/portal\/","name":"El Diario - Decano de la prensa nacional","description":"El Diario - Decano de la prensa nacional","publisher":{"@id":"https:\/\/www.eldiario.net\/portal\/#organization"},"potentialAction":[{"@type":"SearchAction","target":{"@type":"EntryPoint","urlTemplate":"https:\/\/www.eldiario.net\/portal\/?s={search_term_string}"},"query-input":{"@type":"PropertyValueSpecification","valueRequired":true,"valueName":"search_term_string"}}],"inLanguage":"es"},{"@type":"Organization","@id":"https:\/\/www.eldiario.net\/portal\/#organization","name":"El Diario - Decano de la prensa nacional","url":"https:\/\/www.eldiario.net\/portal\/","logo":{"@type":"ImageObject","inLanguage":"es","@id":"https:\/\/www.eldiario.net\/portal\/#\/schema\/logo\/image\/","url":"https:\/\/www.eldiario.net\/portal\/wp-content\/uploads\/2023\/07\/logo_ED.jpg","contentUrl":"https:\/\/www.eldiario.net\/portal\/wp-content\/uploads\/2023\/07\/logo_ED.jpg","width":272,"height":52,"caption":"El Diario - Decano de la prensa nacional"},"image":{"@id":"https:\/\/www.eldiario.net\/portal\/#\/schema\/logo\/image\/"},"sameAs":["https:\/\/www.facebook.com\/eldiario.bolivia\/","https:\/\/x.com\/eldiario_net"]},{"@type":"Person","@id":"https:\/\/www.eldiario.net\/portal\/#\/schema\/person\/f46445640444750d7d753ccd04ae01b7","name":"Jeanette","image":{"@type":"ImageObject","inLanguage":"es","@id":"https:\/\/secure.gravatar.com\/avatar\/3ea2118a5f7dad2b7138b1187a6b7ee55f160b9968b66013c3a3ef39dd7e5798?s=96&d=mm&r=g","url":"https:\/\/secure.gravatar.com\/avatar\/3ea2118a5f7dad2b7138b1187a6b7ee55f160b9968b66013c3a3ef39dd7e5798?s=96&d=mm&r=g","contentUrl":"https:\/\/secure.gravatar.com\/avatar\/3ea2118a5f7dad2b7138b1187a6b7ee55f160b9968b66013c3a3ef39dd7e5798?s=96&d=mm&r=g","caption":"Jeanette"},"sameAs":["https:\/\/www.eldiario.net\/portal"],"url":"https:\/\/www.eldiario.net\/portal\/author\/jeanette\/"}]}},"_links":{"self":[{"href":"https:\/\/www.eldiario.net\/portal\/wp-json\/wp\/v2\/posts\/161665","targetHints":{"allow":["GET"]}}],"collection":[{"href":"https:\/\/www.eldiario.net\/portal\/wp-json\/wp\/v2\/posts"}],"about":[{"href":"https:\/\/www.eldiario.net\/portal\/wp-json\/wp\/v2\/types\/post"}],"author":[{"embeddable":true,"href":"https:\/\/www.eldiario.net\/portal\/wp-json\/wp\/v2\/users\/1"}],"replies":[{"embeddable":true,"href":"https:\/\/www.eldiario.net\/portal\/wp-json\/wp\/v2\/comments?post=161665"}],"version-history":[{"count":0,"href":"https:\/\/www.eldiario.net\/portal\/wp-json\/wp\/v2\/posts\/161665\/revisions"}],"wp:featuredmedia":[{"embeddable":true,"href":"https:\/\/www.eldiario.net\/portal\/wp-json\/wp\/v2\/media\/161666"}],"wp:attachment":[{"href":"https:\/\/www.eldiario.net\/portal\/wp-json\/wp\/v2\/media?parent=161665"}],"wp:term":[{"taxonomy":"category","embeddable":true,"href":"https:\/\/www.eldiario.net\/portal\/wp-json\/wp\/v2\/categories?post=161665"},{"taxonomy":"post_tag","embeddable":true,"href":"https:\/\/www.eldiario.net\/portal\/wp-json\/wp\/v2\/tags?post=161665"}],"curies":[{"name":"wp","href":"https:\/\/api.w.org\/{rel}","templated":true}]}}