{"id":161659,"date":"2023-06-24T00:43:10","date_gmt":"2023-06-24T04:43:10","guid":{"rendered":"https:\/\/www.eldiario.net\/portal\/?p=161659"},"modified":"2023-06-24T00:43:10","modified_gmt":"2023-06-24T04:43:10","slug":"piden-sancion-maxima-para-juez-que-libero-a-asesino-de-nino-en-yapacani","status":"publish","type":"post","link":"https:\/\/www.eldiario.net\/portal\/2023\/06\/24\/piden-sancion-maxima-para-juez-que-libero-a-asesino-de-nino-en-yapacani\/","title":{"rendered":"Piden sanci\u00f3n m\u00e1xima para juez que  liber\u00f3 a asesino de ni\u00f1o en Yapacan\u00ed"},"content":{"rendered":"<p>El infanticida confeso del ni\u00f1o de nueve a\u00f1os, asesinado y violado en Yapacan\u00ed (Santa Cruz), Ruddy Ya\u00f1ez, fue trasladado ayer a la c\u00e1rcel de Chonchocoro de La Paz. En tanto las cr\u00edticas para el \u00d3rgano Judicial no se dejaron esperar pidiendo una sanci\u00f3n m\u00e1xima para la juez que otorg\u00f3 libertad a este sujeto con antecedentes penales.<br \/>\nA las 17.30 horas de ayer, aproximadamente, el violador y asesino del menor lleg\u00f3 a la ciudad de El Alto con un fuerte resguardo policial y despu\u00e9s fue trasladado al penal de Chonchocoro, donde deber\u00e1 cumplir su condena de 30 a\u00f1os de c\u00e1rcel por el delito de infanticidio.<br \/>\nEl sujeto que confes\u00f3 el il\u00edcito, fue sentenciado a 30 a\u00f1os de c\u00e1rcel sin derecho a indulto, en un proceso abreviado realizado la noche del jueves.<br \/>\nYa\u00f1ez Villavicencio confes\u00f3 en su declaraci\u00f3n ante la Fiscal\u00eda que asesin\u00f3 a Jos\u00e9 Andr\u00e9s, la ma\u00f1ana del viernes 16 de junio, el mismo d\u00eda que lo hab\u00eda raptado engatus\u00e1ndolo con dinero.<\/p>\n<p>SANCI\u00d3N<br \/>\nEl vocero presidencial, Jorge Richter, manifest\u00f3 ayer que la jueza que liber\u00f3 al asesino, \u201cdebe tener una sanci\u00f3n de la misma dimensi\u00f3n y tiempo que la del criminal, porque la responsabilidad de ella ha llevado a otra v\u00edctima, a un ni\u00f1o que empezaba a vivir\u201d.<br \/>\nEl 24 de julio de 2018, la jueza Mar\u00eda Luisa Saavedra de Yapacan\u00ed orden\u00f3 la libertad de Ya\u00f1ez con medidas sustitutivas y el pago de una fianza, que ascendi\u00f3 a Bs 5.000.<br \/>\nEn 2021, Ya\u00f1ez fue denunciado por abuso sexual. Del caso se conoce que se orden\u00f3 la detenci\u00f3n preventiva que fue firmado en julio de 2021.<br \/>\nEn entrevista con RTP, Richter dijo que \u201chay una corporaci\u00f3n de jueces\u201d en el poder judicial, donde se brindan favores mutuos.<br \/>\nRecord\u00f3 que hay jueces que liberaron a acusados de feminicidio y volvieron a sus funciones.<br \/>\n\u201cUna persona que ha liberado a un feminicida, ahora est\u00e1 haciendo justicia y l\u00edbrenos a cualquier para no caer con ese juez y pudiese determinar alguna situaci\u00f3n, peor a\u00fan si es la libertad de uno\u201d, se\u00f1al\u00f3 Richter.<\/p>\n<p>&nbsp;<\/p>\n","protected":false},"excerpt":{"rendered":"<p>El infanticida confeso del ni\u00f1o de nueve a\u00f1os, asesinado y violado en Yapacan\u00ed (Santa Cruz), Ruddy Ya\u00f1ez, fue trasladado ayer a la c\u00e1rcel de Chonchocoro de La Paz. En tanto las cr\u00edticas para el \u00d3rgano Judicial no se dejaron esperar pidiendo una sanci\u00f3n m\u00e1xima para la juez que otorg\u00f3 libertad a este sujeto con antecedentes [&hellip;]<\/p>\n","protected":false},"author":1,"featured_media":161660,"comment_status":"closed","ping_status":"closed","sticky":false,"template":"","format":"standard","meta":{"_acf_changed":false,"footnotes":""},"categories":[39],"tags":[],"class_list":["post-161659","post","type-post","status-publish","format-standard","has-post-thumbnail","category-sociedad"],"acf":{"antetitulo":""},"yoast_head":"<!-- This site is optimized with the Yoast SEO plugin v28.3 - https:\/\/yoast.com\/product\/yoast-seo-wordpress\/ -->\n<title>Piden sanci\u00f3n m\u00e1xima para juez que liber\u00f3 a asesino de ni\u00f1o en Yapacan\u00ed - El Diario - Bolivia<\/title>\n<meta name=\"robots\" content=\"index, follow, max-snippet:-1, max-image-preview:large, max-video-preview:-1\" \/>\n<link rel=\"canonical\" href=\"https:\/\/www.eldiario.net\/portal\/2023\/06\/24\/piden-sancion-maxima-para-juez-que-libero-a-asesino-de-nino-en-yapacani\/\" \/>\n<meta property=\"og:locale\" content=\"es_ES\" \/>\n<meta property=\"og:type\" content=\"article\" \/>\n<meta property=\"og:title\" content=\"Piden sanci\u00f3n m\u00e1xima para juez que liber\u00f3 a asesino de ni\u00f1o en Yapacan\u00ed - El Diario - Bolivia\" \/>\n<meta property=\"og:description\" content=\"El infanticida confeso del ni\u00f1o de nueve a\u00f1os, asesinado y violado en Yapacan\u00ed (Santa Cruz), Ruddy Ya\u00f1ez, fue trasladado ayer a la c\u00e1rcel de Chonchocoro de La Paz. En tanto las cr\u00edticas para el \u00d3rgano Judicial no se dejaron esperar pidiendo una sanci\u00f3n m\u00e1xima para la juez que otorg\u00f3 libertad a este sujeto con antecedentes [&hellip;]\" \/>\n<meta property=\"og:url\" content=\"https:\/\/www.eldiario.net\/portal\/2023\/06\/24\/piden-sancion-maxima-para-juez-que-libero-a-asesino-de-nino-en-yapacani\/\" \/>\n<meta property=\"og:site_name\" content=\"El Diario - Bolivia\" \/>\n<meta property=\"article:publisher\" content=\"https:\/\/www.facebook.com\/eldiario.bolivia\/\" \/>\n<meta property=\"article:published_time\" content=\"2023-06-24T04:43:10+00:00\" \/>\n<meta property=\"og:image\" content=\"https:\/\/www.eldiario.net\/portal\/wp-content\/uploads\/2023\/06\/YANEZ.jpg\" \/>\n\t<meta property=\"og:image:width\" content=\"992\" \/>\n\t<meta property=\"og:image:height\" content=\"558\" \/>\n\t<meta property=\"og:image:type\" content=\"image\/jpeg\" \/>\n<meta name=\"author\" content=\"Jeanette\" \/>\n<meta name=\"twitter:card\" content=\"summary_large_image\" \/>\n<meta name=\"twitter:creator\" content=\"@eldiario_net\" \/>\n<meta name=\"twitter:site\" content=\"@eldiario_net\" \/>\n<meta name=\"twitter:label1\" content=\"Escrito por\" \/>\n\t<meta name=\"twitter:data1\" content=\"Jeanette\" \/>\n\t<meta name=\"twitter:label2\" content=\"Tiempo de lectura\" \/>\n\t<meta name=\"twitter:data2\" content=\"2 minutos\" \/>\n<script type=\"application\/ld+json\" class=\"yoast-schema-graph\">{\"@context\":\"https:\\\/\\\/schema.org\",\"@graph\":[{\"@type\":\"Article\",\"@id\":\"https:\\\/\\\/www.eldiario.net\\\/portal\\\/2023\\\/06\\\/24\\\/piden-sancion-maxima-para-juez-que-libero-a-asesino-de-nino-en-yapacani\\\/#article\",\"isPartOf\":{\"@id\":\"https:\\\/\\\/www.eldiario.net\\\/portal\\\/2023\\\/06\\\/24\\\/piden-sancion-maxima-para-juez-que-libero-a-asesino-de-nino-en-yapacani\\\/\"},\"author\":{\"name\":\"Jeanette\",\"@id\":\"https:\\\/\\\/www.eldiario.net\\\/portal\\\/#\\\/schema\\\/person\\\/f46445640444750d7d753ccd04ae01b7\"},\"headline\":\"Piden sanci\u00f3n m\u00e1xima para juez que liber\u00f3 a asesino de ni\u00f1o en Yapacan\u00ed\",\"datePublished\":\"2023-06-24T04:43:10+00:00\",\"mainEntityOfPage\":{\"@id\":\"https:\\\/\\\/www.eldiario.net\\\/portal\\\/2023\\\/06\\\/24\\\/piden-sancion-maxima-para-juez-que-libero-a-asesino-de-nino-en-yapacani\\\/\"},\"wordCount\":380,\"publisher\":{\"@id\":\"https:\\\/\\\/www.eldiario.net\\\/portal\\\/#organization\"},\"image\":{\"@id\":\"https:\\\/\\\/www.eldiario.net\\\/portal\\\/2023\\\/06\\\/24\\\/piden-sancion-maxima-para-juez-que-libero-a-asesino-de-nino-en-yapacani\\\/#primaryimage\"},\"thumbnailUrl\":\"https:\\\/\\\/www.eldiario.net\\\/portal\\\/wp-content\\\/uploads\\\/2023\\\/06\\\/YANEZ.jpg\",\"articleSection\":[\"Sociedad - Seguridad\"],\"inLanguage\":\"es\"},{\"@type\":\"WebPage\",\"@id\":\"https:\\\/\\\/www.eldiario.net\\\/portal\\\/2023\\\/06\\\/24\\\/piden-sancion-maxima-para-juez-que-libero-a-asesino-de-nino-en-yapacani\\\/\",\"url\":\"https:\\\/\\\/www.eldiario.net\\\/portal\\\/2023\\\/06\\\/24\\\/piden-sancion-maxima-para-juez-que-libero-a-asesino-de-nino-en-yapacani\\\/\",\"name\":\"Piden sanci\u00f3n m\u00e1xima para juez que liber\u00f3 a asesino de ni\u00f1o en Yapacan\u00ed - El Diario - Bolivia\",\"isPartOf\":{\"@id\":\"https:\\\/\\\/www.eldiario.net\\\/portal\\\/#website\"},\"primaryImageOfPage\":{\"@id\":\"https:\\\/\\\/www.eldiario.net\\\/portal\\\/2023\\\/06\\\/24\\\/piden-sancion-maxima-para-juez-que-libero-a-asesino-de-nino-en-yapacani\\\/#primaryimage\"},\"image\":{\"@id\":\"https:\\\/\\\/www.eldiario.net\\\/portal\\\/2023\\\/06\\\/24\\\/piden-sancion-maxima-para-juez-que-libero-a-asesino-de-nino-en-yapacani\\\/#primaryimage\"},\"thumbnailUrl\":\"https:\\\/\\\/www.eldiario.net\\\/portal\\\/wp-content\\\/uploads\\\/2023\\\/06\\\/YANEZ.jpg\",\"datePublished\":\"2023-06-24T04:43:10+00:00\",\"breadcrumb\":{\"@id\":\"https:\\\/\\\/www.eldiario.net\\\/portal\\\/2023\\\/06\\\/24\\\/piden-sancion-maxima-para-juez-que-libero-a-asesino-de-nino-en-yapacani\\\/#breadcrumb\"},\"inLanguage\":\"es\",\"potentialAction\":[{\"@type\":\"ReadAction\",\"target\":[\"https:\\\/\\\/www.eldiario.net\\\/portal\\\/2023\\\/06\\\/24\\\/piden-sancion-maxima-para-juez-que-libero-a-asesino-de-nino-en-yapacani\\\/\"]}]},{\"@type\":\"ImageObject\",\"inLanguage\":\"es\",\"@id\":\"https:\\\/\\\/www.eldiario.net\\\/portal\\\/2023\\\/06\\\/24\\\/piden-sancion-maxima-para-juez-que-libero-a-asesino-de-nino-en-yapacani\\\/#primaryimage\",\"url\":\"https:\\\/\\\/www.eldiario.net\\\/portal\\\/wp-content\\\/uploads\\\/2023\\\/06\\\/YANEZ.jpg\",\"contentUrl\":\"https:\\\/\\\/www.eldiario.net\\\/portal\\\/wp-content\\\/uploads\\\/2023\\\/06\\\/YANEZ.jpg\",\"width\":992,\"height\":558,\"caption\":\"EL ASESINO CONFESO GUARDA DETENCI\u00d3N EN EL PENAL DE CHONCHOCORO.\"},{\"@type\":\"BreadcrumbList\",\"@id\":\"https:\\\/\\\/www.eldiario.net\\\/portal\\\/2023\\\/06\\\/24\\\/piden-sancion-maxima-para-juez-que-libero-a-asesino-de-nino-en-yapacani\\\/#breadcrumb\",\"itemListElement\":[{\"@type\":\"ListItem\",\"position\":1,\"name\":\"Portada\",\"item\":\"https:\\\/\\\/www.eldiario.net\\\/portal\\\/\"},{\"@type\":\"ListItem\",\"position\":2,\"name\":\"Piden sanci\u00f3n m\u00e1xima para juez que liber\u00f3 a asesino de ni\u00f1o en Yapacan\u00ed\"}]},{\"@type\":\"WebSite\",\"@id\":\"https:\\\/\\\/www.eldiario.net\\\/portal\\\/#website\",\"url\":\"https:\\\/\\\/www.eldiario.net\\\/portal\\\/\",\"name\":\"El Diario - Decano de la prensa nacional\",\"description\":\"El Diario - Decano de la prensa nacional\",\"publisher\":{\"@id\":\"https:\\\/\\\/www.eldiario.net\\\/portal\\\/#organization\"},\"potentialAction\":[{\"@type\":\"SearchAction\",\"target\":{\"@type\":\"EntryPoint\",\"urlTemplate\":\"https:\\\/\\\/www.eldiario.net\\\/portal\\\/?s={search_term_string}\"},\"query-input\":{\"@type\":\"PropertyValueSpecification\",\"valueRequired\":true,\"valueName\":\"search_term_string\"}}],\"inLanguage\":\"es\"},{\"@type\":\"Organization\",\"@id\":\"https:\\\/\\\/www.eldiario.net\\\/portal\\\/#organization\",\"name\":\"El Diario - Decano de la prensa nacional\",\"url\":\"https:\\\/\\\/www.eldiario.net\\\/portal\\\/\",\"logo\":{\"@type\":\"ImageObject\",\"inLanguage\":\"es\",\"@id\":\"https:\\\/\\\/www.eldiario.net\\\/portal\\\/#\\\/schema\\\/logo\\\/image\\\/\",\"url\":\"https:\\\/\\\/www.eldiario.net\\\/portal\\\/wp-content\\\/uploads\\\/2023\\\/07\\\/logo_ED.jpg\",\"contentUrl\":\"https:\\\/\\\/www.eldiario.net\\\/portal\\\/wp-content\\\/uploads\\\/2023\\\/07\\\/logo_ED.jpg\",\"width\":272,\"height\":52,\"caption\":\"El Diario - Decano de la prensa nacional\"},\"image\":{\"@id\":\"https:\\\/\\\/www.eldiario.net\\\/portal\\\/#\\\/schema\\\/logo\\\/image\\\/\"},\"sameAs\":[\"https:\\\/\\\/www.facebook.com\\\/eldiario.bolivia\\\/\",\"https:\\\/\\\/x.com\\\/eldiario_net\"]},{\"@type\":\"Person\",\"@id\":\"https:\\\/\\\/www.eldiario.net\\\/portal\\\/#\\\/schema\\\/person\\\/f46445640444750d7d753ccd04ae01b7\",\"name\":\"Jeanette\",\"image\":{\"@type\":\"ImageObject\",\"inLanguage\":\"es\",\"@id\":\"https:\\\/\\\/secure.gravatar.com\\\/avatar\\\/3ea2118a5f7dad2b7138b1187a6b7ee55f160b9968b66013c3a3ef39dd7e5798?s=96&d=mm&r=g\",\"url\":\"https:\\\/\\\/secure.gravatar.com\\\/avatar\\\/3ea2118a5f7dad2b7138b1187a6b7ee55f160b9968b66013c3a3ef39dd7e5798?s=96&d=mm&r=g\",\"contentUrl\":\"https:\\\/\\\/secure.gravatar.com\\\/avatar\\\/3ea2118a5f7dad2b7138b1187a6b7ee55f160b9968b66013c3a3ef39dd7e5798?s=96&d=mm&r=g\",\"caption\":\"Jeanette\"},\"sameAs\":[\"https:\\\/\\\/www.eldiario.net\\\/portal\"],\"url\":\"https:\\\/\\\/www.eldiario.net\\\/portal\\\/author\\\/jeanette\\\/\"}]}<\/script>\n<!-- \/ Yoast SEO plugin. -->","yoast_head_json":{"title":"Piden sanci\u00f3n m\u00e1xima para juez que liber\u00f3 a asesino de ni\u00f1o en Yapacan\u00ed - El Diario - Bolivia","robots":{"index":"index","follow":"follow","max-snippet":"max-snippet:-1","max-image-preview":"max-image-preview:large","max-video-preview":"max-video-preview:-1"},"canonical":"https:\/\/www.eldiario.net\/portal\/2023\/06\/24\/piden-sancion-maxima-para-juez-que-libero-a-asesino-de-nino-en-yapacani\/","og_locale":"es_ES","og_type":"article","og_title":"Piden sanci\u00f3n m\u00e1xima para juez que liber\u00f3 a asesino de ni\u00f1o en Yapacan\u00ed - El Diario - Bolivia","og_description":"El infanticida confeso del ni\u00f1o de nueve a\u00f1os, asesinado y violado en Yapacan\u00ed (Santa Cruz), Ruddy Ya\u00f1ez, fue trasladado ayer a la c\u00e1rcel de Chonchocoro de La Paz. En tanto las cr\u00edticas para el \u00d3rgano Judicial no se dejaron esperar pidiendo una sanci\u00f3n m\u00e1xima para la juez que otorg\u00f3 libertad a este sujeto con antecedentes [&hellip;]","og_url":"https:\/\/www.eldiario.net\/portal\/2023\/06\/24\/piden-sancion-maxima-para-juez-que-libero-a-asesino-de-nino-en-yapacani\/","og_site_name":"El Diario - Bolivia","article_publisher":"https:\/\/www.facebook.com\/eldiario.bolivia\/","article_published_time":"2023-06-24T04:43:10+00:00","og_image":[{"width":992,"height":558,"url":"https:\/\/www.eldiario.net\/portal\/wp-content\/uploads\/2023\/06\/YANEZ.jpg","type":"image\/jpeg"}],"author":"Jeanette","twitter_card":"summary_large_image","twitter_creator":"@eldiario_net","twitter_site":"@eldiario_net","twitter_misc":{"Escrito por":"Jeanette","Tiempo de lectura":"2 minutos"},"schema":{"@context":"https:\/\/schema.org","@graph":[{"@type":"Article","@id":"https:\/\/www.eldiario.net\/portal\/2023\/06\/24\/piden-sancion-maxima-para-juez-que-libero-a-asesino-de-nino-en-yapacani\/#article","isPartOf":{"@id":"https:\/\/www.eldiario.net\/portal\/2023\/06\/24\/piden-sancion-maxima-para-juez-que-libero-a-asesino-de-nino-en-yapacani\/"},"author":{"name":"Jeanette","@id":"https:\/\/www.eldiario.net\/portal\/#\/schema\/person\/f46445640444750d7d753ccd04ae01b7"},"headline":"Piden sanci\u00f3n m\u00e1xima para juez que liber\u00f3 a asesino de ni\u00f1o en Yapacan\u00ed","datePublished":"2023-06-24T04:43:10+00:00","mainEntityOfPage":{"@id":"https:\/\/www.eldiario.net\/portal\/2023\/06\/24\/piden-sancion-maxima-para-juez-que-libero-a-asesino-de-nino-en-yapacani\/"},"wordCount":380,"publisher":{"@id":"https:\/\/www.eldiario.net\/portal\/#organization"},"image":{"@id":"https:\/\/www.eldiario.net\/portal\/2023\/06\/24\/piden-sancion-maxima-para-juez-que-libero-a-asesino-de-nino-en-yapacani\/#primaryimage"},"thumbnailUrl":"https:\/\/www.eldiario.net\/portal\/wp-content\/uploads\/2023\/06\/YANEZ.jpg","articleSection":["Sociedad - Seguridad"],"inLanguage":"es"},{"@type":"WebPage","@id":"https:\/\/www.eldiario.net\/portal\/2023\/06\/24\/piden-sancion-maxima-para-juez-que-libero-a-asesino-de-nino-en-yapacani\/","url":"https:\/\/www.eldiario.net\/portal\/2023\/06\/24\/piden-sancion-maxima-para-juez-que-libero-a-asesino-de-nino-en-yapacani\/","name":"Piden sanci\u00f3n m\u00e1xima para juez que liber\u00f3 a asesino de ni\u00f1o en Yapacan\u00ed - El Diario - Bolivia","isPartOf":{"@id":"https:\/\/www.eldiario.net\/portal\/#website"},"primaryImageOfPage":{"@id":"https:\/\/www.eldiario.net\/portal\/2023\/06\/24\/piden-sancion-maxima-para-juez-que-libero-a-asesino-de-nino-en-yapacani\/#primaryimage"},"image":{"@id":"https:\/\/www.eldiario.net\/portal\/2023\/06\/24\/piden-sancion-maxima-para-juez-que-libero-a-asesino-de-nino-en-yapacani\/#primaryimage"},"thumbnailUrl":"https:\/\/www.eldiario.net\/portal\/wp-content\/uploads\/2023\/06\/YANEZ.jpg","datePublished":"2023-06-24T04:43:10+00:00","breadcrumb":{"@id":"https:\/\/www.eldiario.net\/portal\/2023\/06\/24\/piden-sancion-maxima-para-juez-que-libero-a-asesino-de-nino-en-yapacani\/#breadcrumb"},"inLanguage":"es","potentialAction":[{"@type":"ReadAction","target":["https:\/\/www.eldiario.net\/portal\/2023\/06\/24\/piden-sancion-maxima-para-juez-que-libero-a-asesino-de-nino-en-yapacani\/"]}]},{"@type":"ImageObject","inLanguage":"es","@id":"https:\/\/www.eldiario.net\/portal\/2023\/06\/24\/piden-sancion-maxima-para-juez-que-libero-a-asesino-de-nino-en-yapacani\/#primaryimage","url":"https:\/\/www.eldiario.net\/portal\/wp-content\/uploads\/2023\/06\/YANEZ.jpg","contentUrl":"https:\/\/www.eldiario.net\/portal\/wp-content\/uploads\/2023\/06\/YANEZ.jpg","width":992,"height":558,"caption":"EL ASESINO CONFESO GUARDA DETENCI\u00d3N EN EL PENAL DE CHONCHOCORO."},{"@type":"BreadcrumbList","@id":"https:\/\/www.eldiario.net\/portal\/2023\/06\/24\/piden-sancion-maxima-para-juez-que-libero-a-asesino-de-nino-en-yapacani\/#breadcrumb","itemListElement":[{"@type":"ListItem","position":1,"name":"Portada","item":"https:\/\/www.eldiario.net\/portal\/"},{"@type":"ListItem","position":2,"name":"Piden sanci\u00f3n m\u00e1xima para juez que liber\u00f3 a asesino de ni\u00f1o en Yapacan\u00ed"}]},{"@type":"WebSite","@id":"https:\/\/www.eldiario.net\/portal\/#website","url":"https:\/\/www.eldiario.net\/portal\/","name":"El Diario - Decano de la prensa nacional","description":"El Diario - Decano de la prensa nacional","publisher":{"@id":"https:\/\/www.eldiario.net\/portal\/#organization"},"potentialAction":[{"@type":"SearchAction","target":{"@type":"EntryPoint","urlTemplate":"https:\/\/www.eldiario.net\/portal\/?s={search_term_string}"},"query-input":{"@type":"PropertyValueSpecification","valueRequired":true,"valueName":"search_term_string"}}],"inLanguage":"es"},{"@type":"Organization","@id":"https:\/\/www.eldiario.net\/portal\/#organization","name":"El Diario - Decano de la prensa nacional","url":"https:\/\/www.eldiario.net\/portal\/","logo":{"@type":"ImageObject","inLanguage":"es","@id":"https:\/\/www.eldiario.net\/portal\/#\/schema\/logo\/image\/","url":"https:\/\/www.eldiario.net\/portal\/wp-content\/uploads\/2023\/07\/logo_ED.jpg","contentUrl":"https:\/\/www.eldiario.net\/portal\/wp-content\/uploads\/2023\/07\/logo_ED.jpg","width":272,"height":52,"caption":"El Diario - Decano de la prensa nacional"},"image":{"@id":"https:\/\/www.eldiario.net\/portal\/#\/schema\/logo\/image\/"},"sameAs":["https:\/\/www.facebook.com\/eldiario.bolivia\/","https:\/\/x.com\/eldiario_net"]},{"@type":"Person","@id":"https:\/\/www.eldiario.net\/portal\/#\/schema\/person\/f46445640444750d7d753ccd04ae01b7","name":"Jeanette","image":{"@type":"ImageObject","inLanguage":"es","@id":"https:\/\/secure.gravatar.com\/avatar\/3ea2118a5f7dad2b7138b1187a6b7ee55f160b9968b66013c3a3ef39dd7e5798?s=96&d=mm&r=g","url":"https:\/\/secure.gravatar.com\/avatar\/3ea2118a5f7dad2b7138b1187a6b7ee55f160b9968b66013c3a3ef39dd7e5798?s=96&d=mm&r=g","contentUrl":"https:\/\/secure.gravatar.com\/avatar\/3ea2118a5f7dad2b7138b1187a6b7ee55f160b9968b66013c3a3ef39dd7e5798?s=96&d=mm&r=g","caption":"Jeanette"},"sameAs":["https:\/\/www.eldiario.net\/portal"],"url":"https:\/\/www.eldiario.net\/portal\/author\/jeanette\/"}]}},"_links":{"self":[{"href":"https:\/\/www.eldiario.net\/portal\/wp-json\/wp\/v2\/posts\/161659","targetHints":{"allow":["GET"]}}],"collection":[{"href":"https:\/\/www.eldiario.net\/portal\/wp-json\/wp\/v2\/posts"}],"about":[{"href":"https:\/\/www.eldiario.net\/portal\/wp-json\/wp\/v2\/types\/post"}],"author":[{"embeddable":true,"href":"https:\/\/www.eldiario.net\/portal\/wp-json\/wp\/v2\/users\/1"}],"replies":[{"embeddable":true,"href":"https:\/\/www.eldiario.net\/portal\/wp-json\/wp\/v2\/comments?post=161659"}],"version-history":[{"count":0,"href":"https:\/\/www.eldiario.net\/portal\/wp-json\/wp\/v2\/posts\/161659\/revisions"}],"wp:featuredmedia":[{"embeddable":true,"href":"https:\/\/www.eldiario.net\/portal\/wp-json\/wp\/v2\/media\/161660"}],"wp:attachment":[{"href":"https:\/\/www.eldiario.net\/portal\/wp-json\/wp\/v2\/media?parent=161659"}],"wp:term":[{"taxonomy":"category","embeddable":true,"href":"https:\/\/www.eldiario.net\/portal\/wp-json\/wp\/v2\/categories?post=161659"},{"taxonomy":"post_tag","embeddable":true,"href":"https:\/\/www.eldiario.net\/portal\/wp-json\/wp\/v2\/tags?post=161659"}],"curies":[{"name":"wp","href":"https:\/\/api.w.org\/{rel}","templated":true}]}}