{"id":161655,"date":"2023-06-24T00:38:50","date_gmt":"2023-06-24T04:38:50","guid":{"rendered":"https:\/\/www.eldiario.net\/portal\/?p=161655"},"modified":"2023-06-24T00:38:50","modified_gmt":"2023-06-24T04:38:50","slug":"gobierno-exigira-camaras-de-seguridad-en-colegios","status":"publish","type":"post","link":"https:\/\/www.eldiario.net\/portal\/2023\/06\/24\/gobierno-exigira-camaras-de-seguridad-en-colegios\/","title":{"rendered":"Gobierno exigir\u00e1 c\u00e1maras de seguridad en colegios"},"content":{"rendered":"<p>A tiempo de condenar la violencia f\u00edsica, sexual y psicol\u00f3gica que se ejerce en algunas unidades educativas del territorio nacional, el Gobierno, mediante el Ministerio de Educaci\u00f3n, anunci\u00f3 que se exigir\u00e1 la instalaci\u00f3n de c\u00e1maras de seguridad tanto en establecimientos p\u00fablicos como en privados. Un caso reciente fue denunciado por pap\u00e1s de un colegio pace\u00f1o, por esas situaciones, el presidente Luis Arce Catacora convoc\u00f3 a una reuni\u00f3n para definir acciones al respecto.<br \/>\n\u201cComo Ministerio de Educaci\u00f3n, vamos a exigir que las unidades educativas p\u00fablicas y privadas cuenten con c\u00e1maras de seguridad para brindar un mejor control y brindar seguridad a nuestros ni\u00f1os y adolescentes\u201d, sostuvo el ministro de Educaci\u00f3n, Edgar Pary.<br \/>\nAcot\u00f3 que los Gobiernos Municipales y los propietarios de unidades educativas privadas son responsables de prever la compra de esos equipos, porque as\u00ed lo est\u00edpula el Art\u00edculo 80 de la Ley Educativa 070 Avelino Si\u00f1ani\u2013Elizardo P\u00e9rez.<br \/>\nEn conferencia de prensa, que tambi\u00e9n cont\u00f3 con la presencia de la viceministra de Igualdad de Oportunidades, Nadia Cruz, y el director del Servicio Plurinacional de Asistencia a la V\u00edctima (Sepdavi), Fernando Atanacio, Pary y las autoridades mencionadas, manifestaron su rechazo a todos los hechos de violencia y agresi\u00f3n registrados en cualquier colegio boliviano.<br \/>\n\u201cNuestro Gobierno rechaza, repudia y condena los hechos de violencia f\u00edsica sexual y psicol\u00f3gica que vienen ocurriendo en unidades educativas p\u00fablicas, privadas y de convenio del pa\u00eds. Como Gobierno, vamos a trabajar y vamos a seguir luchando contra este flagelo que afecta a nuestras ni\u00f1as y ni\u00f1os y j\u00f3venes estudiantes\u201d, refiri\u00f3 el ministro de Educaci\u00f3n.<br \/>\nUno de los hechos condenados, habr\u00eda ocurrido la semana pasada al interior de un colegio privado de la ciudad de Santa Cruz, referido a un caso de violaci\u00f3n cometido por estudiantes de quinto a\u00f1o de secundaria en contra de otro de 12 a\u00f1os, adem\u00e1s existir\u00eda una segunda v\u00edctima de los agresores.<br \/>\nAnte esta situaci\u00f3n, el Gobierno inst\u00f3 a todas las instituciones administrativas y judiciales a identificar y sancionar a todos los responsables \u201cpor acci\u00f3n u omisi\u00f3n\u201d de los hechos de violencia sexual ocurridos en esa unidad educativa.<br \/>\n\u201cDesde el Ministerio de Justicia convocamos a las instancias administrativas y jurisdiccionales a iniciar todos los procesos administrativos y judiciales para sancionar a todas y todos los responsables por acci\u00f3n u omisi\u00f3n de la violencia sexual suscitada en el colegio A.\u201d, manifest\u00f3 la viceministra Cruz.<br \/>\nAsimismo, se exigi\u00f3 a la Defensor\u00eda de la Ni\u00f1ez y Adolescencia (DNA) garantizar protecci\u00f3n biopsicosocial legal a las v\u00edctimas para evitar cualquier forma de revictimizaci\u00f3n. Tambi\u00e9n se indic\u00f3 que en la Fiscal\u00eda cruce\u00f1a hay dos procesos por esos hechos; uno, a denuncia de una persona particular y otro, por la DNA.<br \/>\nComo una de las medidas para combatir estos hechos, los ministerios de Educaci\u00f3n y de Justicia y Transparencia Institucional, se constituyeron en parte coadyuvante en la investigaci\u00f3n sobre esos hechos de violaci\u00f3n.<br \/>\n\u201cEl Ministerio de Educaci\u00f3n y el Ministerio de Justicia se constituyen en parte coadyuvante en la investigaci\u00f3n sobre los hechos de violaci\u00f3n ocurridos en la unidad educativa de Santa Cruz. No nos vamos a quedar con los brazos cruzados, vamos a ser parte coadyuvante de este hecho\u201d, reiter\u00f3 Pary.<br \/>\nPero ese no ser\u00eda el \u00fanico caso, a escasas horas, padres de familia de un colegio particular pace\u00f1o, tambi\u00e9n expresaron su molest\u00eda y denunciaron un caso de violaci\u00f3n sexual contra una estudiante de ese establecimiento por parte del regente. Por este hecho, los progenitores exigen la renuncia de la directora de la unidad educativa.<br \/>\n\u201cNo sabemos cu\u00e1ntos casos m\u00e1s hay, conocemos de uno, est\u00e1 en redes sociales. El director ya renunci\u00f3 y est\u00e1 la denuncia, pero a nosotros no nos informan ni siquiera podemos entrar al colegio. Queremos que la directora-hermana (religiosa) renuncie y que nuestro colegio vuelva a lo que era hace a\u00f1os, tenga el prestigio que perdi\u00f3\u201d, sostuvo una madre de familia quien prefiri\u00f3 no identificarse.<br \/>\nCon el fin de que estos casos no se repitan y definir acciones conjuntas para luchar contra este flagelo que afecta a los estudiantes, el presidente Luis Arce Catacora convoc\u00f3 a una reuni\u00f3n con los actores involucrados en la protecci\u00f3n de ni\u00f1as, ni\u00f1os y adolescentes en las unidades educativas, donde asistir\u00e1n autoridades y miembros del Sistema Educativo Plurinacional y de Seguridad Ciudadana.<\/p>\n<p>DATOS<br \/>\nLa viceministra Nadia Cruz inform\u00f3 que, en los \u00faltimos 10 a\u00f1os, el Ministerio P\u00fablico registr\u00f3 7.115 casos de violencia familiar y dom\u00e9stica a v\u00edctimas de entre 0 y 17 a\u00f1os; 15.661 casos de violencia a infantes, ni\u00f1as, ni\u00f1os o adolescentes; 9.794 casos de estupro y 469 casos de infanticidio.<\/p>\n","protected":false},"excerpt":{"rendered":"<p>A tiempo de condenar la violencia f\u00edsica, sexual y psicol\u00f3gica que se ejerce en algunas unidades educativas del territorio nacional, el Gobierno, mediante el Ministerio de Educaci\u00f3n, anunci\u00f3 que se exigir\u00e1 la instalaci\u00f3n de c\u00e1maras de seguridad tanto en establecimientos p\u00fablicos como en privados. Un caso reciente fue denunciado por pap\u00e1s de un colegio pace\u00f1o, [&hellip;]<\/p>\n","protected":false},"author":1,"featured_media":0,"comment_status":"closed","ping_status":"closed","sticky":false,"template":"","format":"standard","meta":{"_acf_changed":false,"footnotes":""},"categories":[12],"tags":[],"class_list":["post-161655","post","type-post","status-publish","format-standard","category-nacional"],"acf":{"antetitulo":""},"yoast_head":"<!-- This site is optimized with the Yoast SEO plugin v28.3 - https:\/\/yoast.com\/product\/yoast-seo-wordpress\/ -->\n<title>Gobierno exigir\u00e1 c\u00e1maras de seguridad en colegios - El Diario - Bolivia<\/title>\n<meta name=\"robots\" content=\"index, follow, max-snippet:-1, max-image-preview:large, max-video-preview:-1\" \/>\n<link rel=\"canonical\" href=\"https:\/\/www.eldiario.net\/portal\/2023\/06\/24\/gobierno-exigira-camaras-de-seguridad-en-colegios\/\" \/>\n<meta property=\"og:locale\" content=\"es_ES\" \/>\n<meta property=\"og:type\" content=\"article\" \/>\n<meta property=\"og:title\" content=\"Gobierno exigir\u00e1 c\u00e1maras de seguridad en colegios - El Diario - Bolivia\" \/>\n<meta property=\"og:description\" content=\"A tiempo de condenar la violencia f\u00edsica, sexual y psicol\u00f3gica que se ejerce en algunas unidades educativas del territorio nacional, el Gobierno, mediante el Ministerio de Educaci\u00f3n, anunci\u00f3 que se exigir\u00e1 la instalaci\u00f3n de c\u00e1maras de seguridad tanto en establecimientos p\u00fablicos como en privados. Un caso reciente fue denunciado por pap\u00e1s de un colegio pace\u00f1o, [&hellip;]\" \/>\n<meta property=\"og:url\" content=\"https:\/\/www.eldiario.net\/portal\/2023\/06\/24\/gobierno-exigira-camaras-de-seguridad-en-colegios\/\" \/>\n<meta property=\"og:site_name\" content=\"El Diario - Bolivia\" \/>\n<meta property=\"article:publisher\" content=\"https:\/\/www.facebook.com\/eldiario.bolivia\/\" \/>\n<meta property=\"article:published_time\" content=\"2023-06-24T04:38:50+00:00\" \/>\n<meta name=\"author\" content=\"Jeanette\" \/>\n<meta name=\"twitter:card\" content=\"summary_large_image\" \/>\n<meta name=\"twitter:creator\" content=\"@eldiario_net\" \/>\n<meta name=\"twitter:site\" content=\"@eldiario_net\" \/>\n<meta name=\"twitter:label1\" content=\"Escrito por\" \/>\n\t<meta name=\"twitter:data1\" content=\"Jeanette\" \/>\n\t<meta name=\"twitter:label2\" content=\"Tiempo de lectura\" \/>\n\t<meta name=\"twitter:data2\" content=\"4 minutos\" \/>\n<script type=\"application\/ld+json\" class=\"yoast-schema-graph\">{\"@context\":\"https:\\\/\\\/schema.org\",\"@graph\":[{\"@type\":\"Article\",\"@id\":\"https:\\\/\\\/www.eldiario.net\\\/portal\\\/2023\\\/06\\\/24\\\/gobierno-exigira-camaras-de-seguridad-en-colegios\\\/#article\",\"isPartOf\":{\"@id\":\"https:\\\/\\\/www.eldiario.net\\\/portal\\\/2023\\\/06\\\/24\\\/gobierno-exigira-camaras-de-seguridad-en-colegios\\\/\"},\"author\":{\"name\":\"Jeanette\",\"@id\":\"https:\\\/\\\/www.eldiario.net\\\/portal\\\/#\\\/schema\\\/person\\\/f46445640444750d7d753ccd04ae01b7\"},\"headline\":\"Gobierno exigir\u00e1 c\u00e1maras de seguridad en colegios\",\"datePublished\":\"2023-06-24T04:38:50+00:00\",\"mainEntityOfPage\":{\"@id\":\"https:\\\/\\\/www.eldiario.net\\\/portal\\\/2023\\\/06\\\/24\\\/gobierno-exigira-camaras-de-seguridad-en-colegios\\\/\"},\"wordCount\":824,\"publisher\":{\"@id\":\"https:\\\/\\\/www.eldiario.net\\\/portal\\\/#organization\"},\"articleSection\":[\"Nacional\"],\"inLanguage\":\"es\"},{\"@type\":\"WebPage\",\"@id\":\"https:\\\/\\\/www.eldiario.net\\\/portal\\\/2023\\\/06\\\/24\\\/gobierno-exigira-camaras-de-seguridad-en-colegios\\\/\",\"url\":\"https:\\\/\\\/www.eldiario.net\\\/portal\\\/2023\\\/06\\\/24\\\/gobierno-exigira-camaras-de-seguridad-en-colegios\\\/\",\"name\":\"Gobierno exigir\u00e1 c\u00e1maras de seguridad en colegios - El Diario - Bolivia\",\"isPartOf\":{\"@id\":\"https:\\\/\\\/www.eldiario.net\\\/portal\\\/#website\"},\"datePublished\":\"2023-06-24T04:38:50+00:00\",\"breadcrumb\":{\"@id\":\"https:\\\/\\\/www.eldiario.net\\\/portal\\\/2023\\\/06\\\/24\\\/gobierno-exigira-camaras-de-seguridad-en-colegios\\\/#breadcrumb\"},\"inLanguage\":\"es\",\"potentialAction\":[{\"@type\":\"ReadAction\",\"target\":[\"https:\\\/\\\/www.eldiario.net\\\/portal\\\/2023\\\/06\\\/24\\\/gobierno-exigira-camaras-de-seguridad-en-colegios\\\/\"]}]},{\"@type\":\"BreadcrumbList\",\"@id\":\"https:\\\/\\\/www.eldiario.net\\\/portal\\\/2023\\\/06\\\/24\\\/gobierno-exigira-camaras-de-seguridad-en-colegios\\\/#breadcrumb\",\"itemListElement\":[{\"@type\":\"ListItem\",\"position\":1,\"name\":\"Portada\",\"item\":\"https:\\\/\\\/www.eldiario.net\\\/portal\\\/\"},{\"@type\":\"ListItem\",\"position\":2,\"name\":\"Gobierno exigir\u00e1 c\u00e1maras de seguridad en colegios\"}]},{\"@type\":\"WebSite\",\"@id\":\"https:\\\/\\\/www.eldiario.net\\\/portal\\\/#website\",\"url\":\"https:\\\/\\\/www.eldiario.net\\\/portal\\\/\",\"name\":\"El Diario - Decano de la prensa nacional\",\"description\":\"El Diario - Decano de la prensa nacional\",\"publisher\":{\"@id\":\"https:\\\/\\\/www.eldiario.net\\\/portal\\\/#organization\"},\"potentialAction\":[{\"@type\":\"SearchAction\",\"target\":{\"@type\":\"EntryPoint\",\"urlTemplate\":\"https:\\\/\\\/www.eldiario.net\\\/portal\\\/?s={search_term_string}\"},\"query-input\":{\"@type\":\"PropertyValueSpecification\",\"valueRequired\":true,\"valueName\":\"search_term_string\"}}],\"inLanguage\":\"es\"},{\"@type\":\"Organization\",\"@id\":\"https:\\\/\\\/www.eldiario.net\\\/portal\\\/#organization\",\"name\":\"El Diario - Decano de la prensa nacional\",\"url\":\"https:\\\/\\\/www.eldiario.net\\\/portal\\\/\",\"logo\":{\"@type\":\"ImageObject\",\"inLanguage\":\"es\",\"@id\":\"https:\\\/\\\/www.eldiario.net\\\/portal\\\/#\\\/schema\\\/logo\\\/image\\\/\",\"url\":\"https:\\\/\\\/www.eldiario.net\\\/portal\\\/wp-content\\\/uploads\\\/2023\\\/07\\\/logo_ED.jpg\",\"contentUrl\":\"https:\\\/\\\/www.eldiario.net\\\/portal\\\/wp-content\\\/uploads\\\/2023\\\/07\\\/logo_ED.jpg\",\"width\":272,\"height\":52,\"caption\":\"El Diario - Decano de la prensa nacional\"},\"image\":{\"@id\":\"https:\\\/\\\/www.eldiario.net\\\/portal\\\/#\\\/schema\\\/logo\\\/image\\\/\"},\"sameAs\":[\"https:\\\/\\\/www.facebook.com\\\/eldiario.bolivia\\\/\",\"https:\\\/\\\/x.com\\\/eldiario_net\"]},{\"@type\":\"Person\",\"@id\":\"https:\\\/\\\/www.eldiario.net\\\/portal\\\/#\\\/schema\\\/person\\\/f46445640444750d7d753ccd04ae01b7\",\"name\":\"Jeanette\",\"image\":{\"@type\":\"ImageObject\",\"inLanguage\":\"es\",\"@id\":\"https:\\\/\\\/secure.gravatar.com\\\/avatar\\\/3ea2118a5f7dad2b7138b1187a6b7ee55f160b9968b66013c3a3ef39dd7e5798?s=96&d=mm&r=g\",\"url\":\"https:\\\/\\\/secure.gravatar.com\\\/avatar\\\/3ea2118a5f7dad2b7138b1187a6b7ee55f160b9968b66013c3a3ef39dd7e5798?s=96&d=mm&r=g\",\"contentUrl\":\"https:\\\/\\\/secure.gravatar.com\\\/avatar\\\/3ea2118a5f7dad2b7138b1187a6b7ee55f160b9968b66013c3a3ef39dd7e5798?s=96&d=mm&r=g\",\"caption\":\"Jeanette\"},\"sameAs\":[\"https:\\\/\\\/www.eldiario.net\\\/portal\"],\"url\":\"https:\\\/\\\/www.eldiario.net\\\/portal\\\/author\\\/jeanette\\\/\"}]}<\/script>\n<!-- \/ Yoast SEO plugin. -->","yoast_head_json":{"title":"Gobierno exigir\u00e1 c\u00e1maras de seguridad en colegios - El Diario - Bolivia","robots":{"index":"index","follow":"follow","max-snippet":"max-snippet:-1","max-image-preview":"max-image-preview:large","max-video-preview":"max-video-preview:-1"},"canonical":"https:\/\/www.eldiario.net\/portal\/2023\/06\/24\/gobierno-exigira-camaras-de-seguridad-en-colegios\/","og_locale":"es_ES","og_type":"article","og_title":"Gobierno exigir\u00e1 c\u00e1maras de seguridad en colegios - El Diario - Bolivia","og_description":"A tiempo de condenar la violencia f\u00edsica, sexual y psicol\u00f3gica que se ejerce en algunas unidades educativas del territorio nacional, el Gobierno, mediante el Ministerio de Educaci\u00f3n, anunci\u00f3 que se exigir\u00e1 la instalaci\u00f3n de c\u00e1maras de seguridad tanto en establecimientos p\u00fablicos como en privados. Un caso reciente fue denunciado por pap\u00e1s de un colegio pace\u00f1o, [&hellip;]","og_url":"https:\/\/www.eldiario.net\/portal\/2023\/06\/24\/gobierno-exigira-camaras-de-seguridad-en-colegios\/","og_site_name":"El Diario - Bolivia","article_publisher":"https:\/\/www.facebook.com\/eldiario.bolivia\/","article_published_time":"2023-06-24T04:38:50+00:00","author":"Jeanette","twitter_card":"summary_large_image","twitter_creator":"@eldiario_net","twitter_site":"@eldiario_net","twitter_misc":{"Escrito por":"Jeanette","Tiempo de lectura":"4 minutos"},"schema":{"@context":"https:\/\/schema.org","@graph":[{"@type":"Article","@id":"https:\/\/www.eldiario.net\/portal\/2023\/06\/24\/gobierno-exigira-camaras-de-seguridad-en-colegios\/#article","isPartOf":{"@id":"https:\/\/www.eldiario.net\/portal\/2023\/06\/24\/gobierno-exigira-camaras-de-seguridad-en-colegios\/"},"author":{"name":"Jeanette","@id":"https:\/\/www.eldiario.net\/portal\/#\/schema\/person\/f46445640444750d7d753ccd04ae01b7"},"headline":"Gobierno exigir\u00e1 c\u00e1maras de seguridad en colegios","datePublished":"2023-06-24T04:38:50+00:00","mainEntityOfPage":{"@id":"https:\/\/www.eldiario.net\/portal\/2023\/06\/24\/gobierno-exigira-camaras-de-seguridad-en-colegios\/"},"wordCount":824,"publisher":{"@id":"https:\/\/www.eldiario.net\/portal\/#organization"},"articleSection":["Nacional"],"inLanguage":"es"},{"@type":"WebPage","@id":"https:\/\/www.eldiario.net\/portal\/2023\/06\/24\/gobierno-exigira-camaras-de-seguridad-en-colegios\/","url":"https:\/\/www.eldiario.net\/portal\/2023\/06\/24\/gobierno-exigira-camaras-de-seguridad-en-colegios\/","name":"Gobierno exigir\u00e1 c\u00e1maras de seguridad en colegios - El Diario - Bolivia","isPartOf":{"@id":"https:\/\/www.eldiario.net\/portal\/#website"},"datePublished":"2023-06-24T04:38:50+00:00","breadcrumb":{"@id":"https:\/\/www.eldiario.net\/portal\/2023\/06\/24\/gobierno-exigira-camaras-de-seguridad-en-colegios\/#breadcrumb"},"inLanguage":"es","potentialAction":[{"@type":"ReadAction","target":["https:\/\/www.eldiario.net\/portal\/2023\/06\/24\/gobierno-exigira-camaras-de-seguridad-en-colegios\/"]}]},{"@type":"BreadcrumbList","@id":"https:\/\/www.eldiario.net\/portal\/2023\/06\/24\/gobierno-exigira-camaras-de-seguridad-en-colegios\/#breadcrumb","itemListElement":[{"@type":"ListItem","position":1,"name":"Portada","item":"https:\/\/www.eldiario.net\/portal\/"},{"@type":"ListItem","position":2,"name":"Gobierno exigir\u00e1 c\u00e1maras de seguridad en colegios"}]},{"@type":"WebSite","@id":"https:\/\/www.eldiario.net\/portal\/#website","url":"https:\/\/www.eldiario.net\/portal\/","name":"El Diario - Decano de la prensa nacional","description":"El Diario - Decano de la prensa nacional","publisher":{"@id":"https:\/\/www.eldiario.net\/portal\/#organization"},"potentialAction":[{"@type":"SearchAction","target":{"@type":"EntryPoint","urlTemplate":"https:\/\/www.eldiario.net\/portal\/?s={search_term_string}"},"query-input":{"@type":"PropertyValueSpecification","valueRequired":true,"valueName":"search_term_string"}}],"inLanguage":"es"},{"@type":"Organization","@id":"https:\/\/www.eldiario.net\/portal\/#organization","name":"El Diario - Decano de la prensa nacional","url":"https:\/\/www.eldiario.net\/portal\/","logo":{"@type":"ImageObject","inLanguage":"es","@id":"https:\/\/www.eldiario.net\/portal\/#\/schema\/logo\/image\/","url":"https:\/\/www.eldiario.net\/portal\/wp-content\/uploads\/2023\/07\/logo_ED.jpg","contentUrl":"https:\/\/www.eldiario.net\/portal\/wp-content\/uploads\/2023\/07\/logo_ED.jpg","width":272,"height":52,"caption":"El Diario - Decano de la prensa nacional"},"image":{"@id":"https:\/\/www.eldiario.net\/portal\/#\/schema\/logo\/image\/"},"sameAs":["https:\/\/www.facebook.com\/eldiario.bolivia\/","https:\/\/x.com\/eldiario_net"]},{"@type":"Person","@id":"https:\/\/www.eldiario.net\/portal\/#\/schema\/person\/f46445640444750d7d753ccd04ae01b7","name":"Jeanette","image":{"@type":"ImageObject","inLanguage":"es","@id":"https:\/\/secure.gravatar.com\/avatar\/3ea2118a5f7dad2b7138b1187a6b7ee55f160b9968b66013c3a3ef39dd7e5798?s=96&d=mm&r=g","url":"https:\/\/secure.gravatar.com\/avatar\/3ea2118a5f7dad2b7138b1187a6b7ee55f160b9968b66013c3a3ef39dd7e5798?s=96&d=mm&r=g","contentUrl":"https:\/\/secure.gravatar.com\/avatar\/3ea2118a5f7dad2b7138b1187a6b7ee55f160b9968b66013c3a3ef39dd7e5798?s=96&d=mm&r=g","caption":"Jeanette"},"sameAs":["https:\/\/www.eldiario.net\/portal"],"url":"https:\/\/www.eldiario.net\/portal\/author\/jeanette\/"}]}},"_links":{"self":[{"href":"https:\/\/www.eldiario.net\/portal\/wp-json\/wp\/v2\/posts\/161655","targetHints":{"allow":["GET"]}}],"collection":[{"href":"https:\/\/www.eldiario.net\/portal\/wp-json\/wp\/v2\/posts"}],"about":[{"href":"https:\/\/www.eldiario.net\/portal\/wp-json\/wp\/v2\/types\/post"}],"author":[{"embeddable":true,"href":"https:\/\/www.eldiario.net\/portal\/wp-json\/wp\/v2\/users\/1"}],"replies":[{"embeddable":true,"href":"https:\/\/www.eldiario.net\/portal\/wp-json\/wp\/v2\/comments?post=161655"}],"version-history":[{"count":0,"href":"https:\/\/www.eldiario.net\/portal\/wp-json\/wp\/v2\/posts\/161655\/revisions"}],"wp:attachment":[{"href":"https:\/\/www.eldiario.net\/portal\/wp-json\/wp\/v2\/media?parent=161655"}],"wp:term":[{"taxonomy":"category","embeddable":true,"href":"https:\/\/www.eldiario.net\/portal\/wp-json\/wp\/v2\/categories?post=161655"},{"taxonomy":"post_tag","embeddable":true,"href":"https:\/\/www.eldiario.net\/portal\/wp-json\/wp\/v2\/tags?post=161655"}],"curies":[{"name":"wp","href":"https:\/\/api.w.org\/{rel}","templated":true}]}}