{"id":161649,"date":"2023-06-24T00:33:50","date_gmt":"2023-06-24T04:33:50","guid":{"rendered":"https:\/\/www.eldiario.net\/portal\/?p=161649"},"modified":"2023-06-24T00:33:50","modified_gmt":"2023-06-24T04:33:50","slug":"umsa-y-comuna-pacena-cuantificaran-a-gente-que-vive-en-situacion-de-calle","status":"publish","type":"post","link":"https:\/\/www.eldiario.net\/portal\/2023\/06\/24\/umsa-y-comuna-pacena-cuantificaran-a-gente-que-vive-en-situacion-de-calle\/","title":{"rendered":"UMSA y comuna pace\u00f1a cuantificar\u00e1n a gente que vive en situaci\u00f3n de calle"},"content":{"rendered":"<p>Con el objetivo de indagar en qu\u00e9 condiciones viven las personas en situaci\u00f3n de calle, adem\u00e1s de determinar la cantidad de esa poblaci\u00f3n y edades, para as\u00ed planificar un abordaje y \u201cayudarlos a tener una vida digna para dejar la calle\u201d, autoridades de la comuna pace\u00f1a y de la Universidad Mayor de San Andr\u00e9s (UMSA) firmaron un acuerdo que permitir\u00e1 hacer un abordaje al respecto.<br \/>\n\u201cEste diagn\u00f3stico es muy importante, porque nos ayuda a entender las causas, porque hay que tener una visi\u00f3n integral, entender las causas que llevan (a esa situaci\u00f3n), las cosas no son las mismas, las cosas que elevan esa situaci\u00f3n es pobreza en general, pero tambi\u00e9n es pobreza de esp\u00edritu de familias desestructuradas\u201d, manifest\u00f3 el alcalde de La Paz, Iv\u00e1n Arias.<br \/>\nPor su parte, el titular de la Facultad de Humanidades y Ciencias de la Educaci\u00f3n de la UMSA, Freddy Luis Maidana, detall\u00f3 que la finalidad de identificar a las personas en situaci\u00f3n de calle es obtener datos informativos y ser\u00e1n universitarios de tercer a\u00f1o hacia adelante los que coadyuvar\u00e1n.<br \/>\n\u201cHay problemas sociales, de hogar, problemas socioculturales, psicosociales, pero de gran manera estos temas van a ser abordados a trav\u00e9s de este proyecto, la finalidad es tener datos informativos que nos permitan llevar adelante proyectos de investigaci\u00f3n a trav\u00e9s de tesis, proyectos de grado, trabajos dirigidos, esa informaci\u00f3n b\u00e1sicamente nos va a servir para desarrollar pol\u00edticas p\u00fablicas, que beneficien al municipio pace\u00f1o y la universidad en su conjunto\u201d, sostuvo.<br \/>\nAcot\u00f3 que ocho carreras y un programa de cine coadyuvar\u00e1n las tareas de sistematizaci\u00f3n. \u201cEn esta tarea est\u00e1n comprometidos estudiantes de las distintas carreras de la facultad, en realidad son ocho carreras m\u00e1s un programa de cine que est\u00e1 coadyuvando en esta tarea\u201d.<br \/>\nEn tanto que, el rector de la UMSA, Oscar Heredia, aplaudi\u00f3 el compromiso de 300 estudiantes voluntarios de la casa superior de estudios. \u201cEl compromiso de los estudiantes quienes deben ser m\u00e1s de 300 voluntarios, yo creo que vamos a llegar un poco m\u00e1s (\u2026) en este momento estamos hablando de grupos marginados y discriminados de la sociedad por distintas razones\u201d, apunt\u00f3.<br \/>\nLa secretaria municipal de Educaci\u00f3n y Desarrollo Social de la comuna pace\u00f1a, Amparo Morales, destac\u00f3 que la identificaci\u00f3n permitir\u00e1 abordar la reinserci\u00f3n. \u201cGracias a una alianza que hemos realizado desde la Direcci\u00f3n de Defensor\u00edas Municipales, tenemos nosotros una unidad, que atiende a las personas en situaci\u00f3n de calle y riesgo social, es necesario hacer este diagn\u00f3stico para que nosotros hagamos los abordajes correspondientes con esas personas, y reinsertarlas a la sociedad, apoyarles con un proyecto de vida para que salgan de las calles y puedan vivir y tener mejor calidad de vida\u201d.<br \/>\nPie de foto:<br \/>\nCr\u00e9dito:<\/p>\n","protected":false},"excerpt":{"rendered":"<p>Con el objetivo de indagar en qu\u00e9 condiciones viven las personas en situaci\u00f3n de calle, adem\u00e1s de determinar la cantidad de esa poblaci\u00f3n y edades, para as\u00ed planificar un abordaje y \u201cayudarlos a tener una vida digna para dejar la calle\u201d, autoridades de la comuna pace\u00f1a y de la Universidad Mayor de San Andr\u00e9s (UMSA) [&hellip;]<\/p>\n","protected":false},"author":1,"featured_media":161650,"comment_status":"closed","ping_status":"closed","sticky":false,"template":"","format":"standard","meta":{"_acf_changed":false,"footnotes":""},"categories":[12],"tags":[],"class_list":["post-161649","post","type-post","status-publish","format-standard","has-post-thumbnail","category-nacional"],"acf":{"antetitulo":""},"yoast_head":"<!-- This site is optimized with the Yoast SEO plugin v28.3 - https:\/\/yoast.com\/product\/yoast-seo-wordpress\/ -->\n<title>UMSA y comuna pace\u00f1a cuantificar\u00e1n a gente que vive en situaci\u00f3n de calle - El Diario - Bolivia<\/title>\n<meta name=\"robots\" content=\"index, follow, max-snippet:-1, max-image-preview:large, max-video-preview:-1\" \/>\n<link rel=\"canonical\" href=\"https:\/\/www.eldiario.net\/portal\/2023\/06\/24\/umsa-y-comuna-pacena-cuantificaran-a-gente-que-vive-en-situacion-de-calle\/\" \/>\n<meta property=\"og:locale\" content=\"es_ES\" \/>\n<meta property=\"og:type\" content=\"article\" \/>\n<meta property=\"og:title\" content=\"UMSA y comuna pace\u00f1a cuantificar\u00e1n a gente que vive en situaci\u00f3n de calle - El Diario - Bolivia\" \/>\n<meta property=\"og:description\" content=\"Con el objetivo de indagar en qu\u00e9 condiciones viven las personas en situaci\u00f3n de calle, adem\u00e1s de determinar la cantidad de esa poblaci\u00f3n y edades, para as\u00ed planificar un abordaje y \u201cayudarlos a tener una vida digna para dejar la calle\u201d, autoridades de la comuna pace\u00f1a y de la Universidad Mayor de San Andr\u00e9s (UMSA) [&hellip;]\" \/>\n<meta property=\"og:url\" content=\"https:\/\/www.eldiario.net\/portal\/2023\/06\/24\/umsa-y-comuna-pacena-cuantificaran-a-gente-que-vive-en-situacion-de-calle\/\" \/>\n<meta property=\"og:site_name\" content=\"El Diario - Bolivia\" \/>\n<meta property=\"article:publisher\" content=\"https:\/\/www.facebook.com\/eldiario.bolivia\/\" \/>\n<meta property=\"article:published_time\" content=\"2023-06-24T04:33:50+00:00\" \/>\n<meta property=\"og:image\" content=\"https:\/\/www.eldiario.net\/portal\/wp-content\/uploads\/2023\/06\/F-2-UMSA.jpg\" \/>\n\t<meta property=\"og:image:width\" content=\"1600\" \/>\n\t<meta property=\"og:image:height\" content=\"1066\" \/>\n\t<meta property=\"og:image:type\" content=\"image\/jpeg\" \/>\n<meta name=\"author\" content=\"Jeanette\" \/>\n<meta name=\"twitter:card\" content=\"summary_large_image\" \/>\n<meta name=\"twitter:creator\" content=\"@eldiario_net\" \/>\n<meta name=\"twitter:site\" content=\"@eldiario_net\" \/>\n<meta name=\"twitter:label1\" content=\"Escrito por\" \/>\n\t<meta name=\"twitter:data1\" content=\"Jeanette\" \/>\n\t<meta name=\"twitter:label2\" content=\"Tiempo de lectura\" \/>\n\t<meta name=\"twitter:data2\" content=\"3 minutos\" \/>\n<script type=\"application\/ld+json\" class=\"yoast-schema-graph\">{\"@context\":\"https:\\\/\\\/schema.org\",\"@graph\":[{\"@type\":\"Article\",\"@id\":\"https:\\\/\\\/www.eldiario.net\\\/portal\\\/2023\\\/06\\\/24\\\/umsa-y-comuna-pacena-cuantificaran-a-gente-que-vive-en-situacion-de-calle\\\/#article\",\"isPartOf\":{\"@id\":\"https:\\\/\\\/www.eldiario.net\\\/portal\\\/2023\\\/06\\\/24\\\/umsa-y-comuna-pacena-cuantificaran-a-gente-que-vive-en-situacion-de-calle\\\/\"},\"author\":{\"name\":\"Jeanette\",\"@id\":\"https:\\\/\\\/www.eldiario.net\\\/portal\\\/#\\\/schema\\\/person\\\/f46445640444750d7d753ccd04ae01b7\"},\"headline\":\"UMSA y comuna pace\u00f1a cuantificar\u00e1n a gente que vive en situaci\u00f3n de calle\",\"datePublished\":\"2023-06-24T04:33:50+00:00\",\"mainEntityOfPage\":{\"@id\":\"https:\\\/\\\/www.eldiario.net\\\/portal\\\/2023\\\/06\\\/24\\\/umsa-y-comuna-pacena-cuantificaran-a-gente-que-vive-en-situacion-de-calle\\\/\"},\"wordCount\":497,\"publisher\":{\"@id\":\"https:\\\/\\\/www.eldiario.net\\\/portal\\\/#organization\"},\"image\":{\"@id\":\"https:\\\/\\\/www.eldiario.net\\\/portal\\\/2023\\\/06\\\/24\\\/umsa-y-comuna-pacena-cuantificaran-a-gente-que-vive-en-situacion-de-calle\\\/#primaryimage\"},\"thumbnailUrl\":\"https:\\\/\\\/www.eldiario.net\\\/portal\\\/wp-content\\\/uploads\\\/2023\\\/06\\\/F-2-UMSA.jpg\",\"articleSection\":[\"Nacional\"],\"inLanguage\":\"es\"},{\"@type\":\"WebPage\",\"@id\":\"https:\\\/\\\/www.eldiario.net\\\/portal\\\/2023\\\/06\\\/24\\\/umsa-y-comuna-pacena-cuantificaran-a-gente-que-vive-en-situacion-de-calle\\\/\",\"url\":\"https:\\\/\\\/www.eldiario.net\\\/portal\\\/2023\\\/06\\\/24\\\/umsa-y-comuna-pacena-cuantificaran-a-gente-que-vive-en-situacion-de-calle\\\/\",\"name\":\"UMSA y comuna pace\u00f1a cuantificar\u00e1n a gente que vive en situaci\u00f3n de calle - El Diario - Bolivia\",\"isPartOf\":{\"@id\":\"https:\\\/\\\/www.eldiario.net\\\/portal\\\/#website\"},\"primaryImageOfPage\":{\"@id\":\"https:\\\/\\\/www.eldiario.net\\\/portal\\\/2023\\\/06\\\/24\\\/umsa-y-comuna-pacena-cuantificaran-a-gente-que-vive-en-situacion-de-calle\\\/#primaryimage\"},\"image\":{\"@id\":\"https:\\\/\\\/www.eldiario.net\\\/portal\\\/2023\\\/06\\\/24\\\/umsa-y-comuna-pacena-cuantificaran-a-gente-que-vive-en-situacion-de-calle\\\/#primaryimage\"},\"thumbnailUrl\":\"https:\\\/\\\/www.eldiario.net\\\/portal\\\/wp-content\\\/uploads\\\/2023\\\/06\\\/F-2-UMSA.jpg\",\"datePublished\":\"2023-06-24T04:33:50+00:00\",\"breadcrumb\":{\"@id\":\"https:\\\/\\\/www.eldiario.net\\\/portal\\\/2023\\\/06\\\/24\\\/umsa-y-comuna-pacena-cuantificaran-a-gente-que-vive-en-situacion-de-calle\\\/#breadcrumb\"},\"inLanguage\":\"es\",\"potentialAction\":[{\"@type\":\"ReadAction\",\"target\":[\"https:\\\/\\\/www.eldiario.net\\\/portal\\\/2023\\\/06\\\/24\\\/umsa-y-comuna-pacena-cuantificaran-a-gente-que-vive-en-situacion-de-calle\\\/\"]}]},{\"@type\":\"ImageObject\",\"inLanguage\":\"es\",\"@id\":\"https:\\\/\\\/www.eldiario.net\\\/portal\\\/2023\\\/06\\\/24\\\/umsa-y-comuna-pacena-cuantificaran-a-gente-que-vive-en-situacion-de-calle\\\/#primaryimage\",\"url\":\"https:\\\/\\\/www.eldiario.net\\\/portal\\\/wp-content\\\/uploads\\\/2023\\\/06\\\/F-2-UMSA.jpg\",\"contentUrl\":\"https:\\\/\\\/www.eldiario.net\\\/portal\\\/wp-content\\\/uploads\\\/2023\\\/06\\\/F-2-UMSA.jpg\",\"width\":1600,\"height\":1066,\"caption\":\"Las autoridades durante la conferencia de prensa.\"},{\"@type\":\"BreadcrumbList\",\"@id\":\"https:\\\/\\\/www.eldiario.net\\\/portal\\\/2023\\\/06\\\/24\\\/umsa-y-comuna-pacena-cuantificaran-a-gente-que-vive-en-situacion-de-calle\\\/#breadcrumb\",\"itemListElement\":[{\"@type\":\"ListItem\",\"position\":1,\"name\":\"Portada\",\"item\":\"https:\\\/\\\/www.eldiario.net\\\/portal\\\/\"},{\"@type\":\"ListItem\",\"position\":2,\"name\":\"UMSA y comuna pace\u00f1a cuantificar\u00e1n a gente que vive en situaci\u00f3n de calle\"}]},{\"@type\":\"WebSite\",\"@id\":\"https:\\\/\\\/www.eldiario.net\\\/portal\\\/#website\",\"url\":\"https:\\\/\\\/www.eldiario.net\\\/portal\\\/\",\"name\":\"El Diario - Decano de la prensa nacional\",\"description\":\"El Diario - Decano de la prensa nacional\",\"publisher\":{\"@id\":\"https:\\\/\\\/www.eldiario.net\\\/portal\\\/#organization\"},\"potentialAction\":[{\"@type\":\"SearchAction\",\"target\":{\"@type\":\"EntryPoint\",\"urlTemplate\":\"https:\\\/\\\/www.eldiario.net\\\/portal\\\/?s={search_term_string}\"},\"query-input\":{\"@type\":\"PropertyValueSpecification\",\"valueRequired\":true,\"valueName\":\"search_term_string\"}}],\"inLanguage\":\"es\"},{\"@type\":\"Organization\",\"@id\":\"https:\\\/\\\/www.eldiario.net\\\/portal\\\/#organization\",\"name\":\"El Diario - Decano de la prensa nacional\",\"url\":\"https:\\\/\\\/www.eldiario.net\\\/portal\\\/\",\"logo\":{\"@type\":\"ImageObject\",\"inLanguage\":\"es\",\"@id\":\"https:\\\/\\\/www.eldiario.net\\\/portal\\\/#\\\/schema\\\/logo\\\/image\\\/\",\"url\":\"https:\\\/\\\/www.eldiario.net\\\/portal\\\/wp-content\\\/uploads\\\/2023\\\/07\\\/logo_ED.jpg\",\"contentUrl\":\"https:\\\/\\\/www.eldiario.net\\\/portal\\\/wp-content\\\/uploads\\\/2023\\\/07\\\/logo_ED.jpg\",\"width\":272,\"height\":52,\"caption\":\"El Diario - Decano de la prensa nacional\"},\"image\":{\"@id\":\"https:\\\/\\\/www.eldiario.net\\\/portal\\\/#\\\/schema\\\/logo\\\/image\\\/\"},\"sameAs\":[\"https:\\\/\\\/www.facebook.com\\\/eldiario.bolivia\\\/\",\"https:\\\/\\\/x.com\\\/eldiario_net\"]},{\"@type\":\"Person\",\"@id\":\"https:\\\/\\\/www.eldiario.net\\\/portal\\\/#\\\/schema\\\/person\\\/f46445640444750d7d753ccd04ae01b7\",\"name\":\"Jeanette\",\"image\":{\"@type\":\"ImageObject\",\"inLanguage\":\"es\",\"@id\":\"https:\\\/\\\/secure.gravatar.com\\\/avatar\\\/3ea2118a5f7dad2b7138b1187a6b7ee55f160b9968b66013c3a3ef39dd7e5798?s=96&d=mm&r=g\",\"url\":\"https:\\\/\\\/secure.gravatar.com\\\/avatar\\\/3ea2118a5f7dad2b7138b1187a6b7ee55f160b9968b66013c3a3ef39dd7e5798?s=96&d=mm&r=g\",\"contentUrl\":\"https:\\\/\\\/secure.gravatar.com\\\/avatar\\\/3ea2118a5f7dad2b7138b1187a6b7ee55f160b9968b66013c3a3ef39dd7e5798?s=96&d=mm&r=g\",\"caption\":\"Jeanette\"},\"sameAs\":[\"https:\\\/\\\/www.eldiario.net\\\/portal\"],\"url\":\"https:\\\/\\\/www.eldiario.net\\\/portal\\\/author\\\/jeanette\\\/\"}]}<\/script>\n<!-- \/ Yoast SEO plugin. -->","yoast_head_json":{"title":"UMSA y comuna pace\u00f1a cuantificar\u00e1n a gente que vive en situaci\u00f3n de calle - El Diario - Bolivia","robots":{"index":"index","follow":"follow","max-snippet":"max-snippet:-1","max-image-preview":"max-image-preview:large","max-video-preview":"max-video-preview:-1"},"canonical":"https:\/\/www.eldiario.net\/portal\/2023\/06\/24\/umsa-y-comuna-pacena-cuantificaran-a-gente-que-vive-en-situacion-de-calle\/","og_locale":"es_ES","og_type":"article","og_title":"UMSA y comuna pace\u00f1a cuantificar\u00e1n a gente que vive en situaci\u00f3n de calle - El Diario - Bolivia","og_description":"Con el objetivo de indagar en qu\u00e9 condiciones viven las personas en situaci\u00f3n de calle, adem\u00e1s de determinar la cantidad de esa poblaci\u00f3n y edades, para as\u00ed planificar un abordaje y \u201cayudarlos a tener una vida digna para dejar la calle\u201d, autoridades de la comuna pace\u00f1a y de la Universidad Mayor de San Andr\u00e9s (UMSA) [&hellip;]","og_url":"https:\/\/www.eldiario.net\/portal\/2023\/06\/24\/umsa-y-comuna-pacena-cuantificaran-a-gente-que-vive-en-situacion-de-calle\/","og_site_name":"El Diario - Bolivia","article_publisher":"https:\/\/www.facebook.com\/eldiario.bolivia\/","article_published_time":"2023-06-24T04:33:50+00:00","og_image":[{"width":1600,"height":1066,"url":"https:\/\/www.eldiario.net\/portal\/wp-content\/uploads\/2023\/06\/F-2-UMSA.jpg","type":"image\/jpeg"}],"author":"Jeanette","twitter_card":"summary_large_image","twitter_creator":"@eldiario_net","twitter_site":"@eldiario_net","twitter_misc":{"Escrito por":"Jeanette","Tiempo de lectura":"3 minutos"},"schema":{"@context":"https:\/\/schema.org","@graph":[{"@type":"Article","@id":"https:\/\/www.eldiario.net\/portal\/2023\/06\/24\/umsa-y-comuna-pacena-cuantificaran-a-gente-que-vive-en-situacion-de-calle\/#article","isPartOf":{"@id":"https:\/\/www.eldiario.net\/portal\/2023\/06\/24\/umsa-y-comuna-pacena-cuantificaran-a-gente-que-vive-en-situacion-de-calle\/"},"author":{"name":"Jeanette","@id":"https:\/\/www.eldiario.net\/portal\/#\/schema\/person\/f46445640444750d7d753ccd04ae01b7"},"headline":"UMSA y comuna pace\u00f1a cuantificar\u00e1n a gente que vive en situaci\u00f3n de calle","datePublished":"2023-06-24T04:33:50+00:00","mainEntityOfPage":{"@id":"https:\/\/www.eldiario.net\/portal\/2023\/06\/24\/umsa-y-comuna-pacena-cuantificaran-a-gente-que-vive-en-situacion-de-calle\/"},"wordCount":497,"publisher":{"@id":"https:\/\/www.eldiario.net\/portal\/#organization"},"image":{"@id":"https:\/\/www.eldiario.net\/portal\/2023\/06\/24\/umsa-y-comuna-pacena-cuantificaran-a-gente-que-vive-en-situacion-de-calle\/#primaryimage"},"thumbnailUrl":"https:\/\/www.eldiario.net\/portal\/wp-content\/uploads\/2023\/06\/F-2-UMSA.jpg","articleSection":["Nacional"],"inLanguage":"es"},{"@type":"WebPage","@id":"https:\/\/www.eldiario.net\/portal\/2023\/06\/24\/umsa-y-comuna-pacena-cuantificaran-a-gente-que-vive-en-situacion-de-calle\/","url":"https:\/\/www.eldiario.net\/portal\/2023\/06\/24\/umsa-y-comuna-pacena-cuantificaran-a-gente-que-vive-en-situacion-de-calle\/","name":"UMSA y comuna pace\u00f1a cuantificar\u00e1n a gente que vive en situaci\u00f3n de calle - El Diario - Bolivia","isPartOf":{"@id":"https:\/\/www.eldiario.net\/portal\/#website"},"primaryImageOfPage":{"@id":"https:\/\/www.eldiario.net\/portal\/2023\/06\/24\/umsa-y-comuna-pacena-cuantificaran-a-gente-que-vive-en-situacion-de-calle\/#primaryimage"},"image":{"@id":"https:\/\/www.eldiario.net\/portal\/2023\/06\/24\/umsa-y-comuna-pacena-cuantificaran-a-gente-que-vive-en-situacion-de-calle\/#primaryimage"},"thumbnailUrl":"https:\/\/www.eldiario.net\/portal\/wp-content\/uploads\/2023\/06\/F-2-UMSA.jpg","datePublished":"2023-06-24T04:33:50+00:00","breadcrumb":{"@id":"https:\/\/www.eldiario.net\/portal\/2023\/06\/24\/umsa-y-comuna-pacena-cuantificaran-a-gente-que-vive-en-situacion-de-calle\/#breadcrumb"},"inLanguage":"es","potentialAction":[{"@type":"ReadAction","target":["https:\/\/www.eldiario.net\/portal\/2023\/06\/24\/umsa-y-comuna-pacena-cuantificaran-a-gente-que-vive-en-situacion-de-calle\/"]}]},{"@type":"ImageObject","inLanguage":"es","@id":"https:\/\/www.eldiario.net\/portal\/2023\/06\/24\/umsa-y-comuna-pacena-cuantificaran-a-gente-que-vive-en-situacion-de-calle\/#primaryimage","url":"https:\/\/www.eldiario.net\/portal\/wp-content\/uploads\/2023\/06\/F-2-UMSA.jpg","contentUrl":"https:\/\/www.eldiario.net\/portal\/wp-content\/uploads\/2023\/06\/F-2-UMSA.jpg","width":1600,"height":1066,"caption":"Las autoridades durante la conferencia de prensa."},{"@type":"BreadcrumbList","@id":"https:\/\/www.eldiario.net\/portal\/2023\/06\/24\/umsa-y-comuna-pacena-cuantificaran-a-gente-que-vive-en-situacion-de-calle\/#breadcrumb","itemListElement":[{"@type":"ListItem","position":1,"name":"Portada","item":"https:\/\/www.eldiario.net\/portal\/"},{"@type":"ListItem","position":2,"name":"UMSA y comuna pace\u00f1a cuantificar\u00e1n a gente que vive en situaci\u00f3n de calle"}]},{"@type":"WebSite","@id":"https:\/\/www.eldiario.net\/portal\/#website","url":"https:\/\/www.eldiario.net\/portal\/","name":"El Diario - Decano de la prensa nacional","description":"El Diario - Decano de la prensa nacional","publisher":{"@id":"https:\/\/www.eldiario.net\/portal\/#organization"},"potentialAction":[{"@type":"SearchAction","target":{"@type":"EntryPoint","urlTemplate":"https:\/\/www.eldiario.net\/portal\/?s={search_term_string}"},"query-input":{"@type":"PropertyValueSpecification","valueRequired":true,"valueName":"search_term_string"}}],"inLanguage":"es"},{"@type":"Organization","@id":"https:\/\/www.eldiario.net\/portal\/#organization","name":"El Diario - Decano de la prensa nacional","url":"https:\/\/www.eldiario.net\/portal\/","logo":{"@type":"ImageObject","inLanguage":"es","@id":"https:\/\/www.eldiario.net\/portal\/#\/schema\/logo\/image\/","url":"https:\/\/www.eldiario.net\/portal\/wp-content\/uploads\/2023\/07\/logo_ED.jpg","contentUrl":"https:\/\/www.eldiario.net\/portal\/wp-content\/uploads\/2023\/07\/logo_ED.jpg","width":272,"height":52,"caption":"El Diario - Decano de la prensa nacional"},"image":{"@id":"https:\/\/www.eldiario.net\/portal\/#\/schema\/logo\/image\/"},"sameAs":["https:\/\/www.facebook.com\/eldiario.bolivia\/","https:\/\/x.com\/eldiario_net"]},{"@type":"Person","@id":"https:\/\/www.eldiario.net\/portal\/#\/schema\/person\/f46445640444750d7d753ccd04ae01b7","name":"Jeanette","image":{"@type":"ImageObject","inLanguage":"es","@id":"https:\/\/secure.gravatar.com\/avatar\/3ea2118a5f7dad2b7138b1187a6b7ee55f160b9968b66013c3a3ef39dd7e5798?s=96&d=mm&r=g","url":"https:\/\/secure.gravatar.com\/avatar\/3ea2118a5f7dad2b7138b1187a6b7ee55f160b9968b66013c3a3ef39dd7e5798?s=96&d=mm&r=g","contentUrl":"https:\/\/secure.gravatar.com\/avatar\/3ea2118a5f7dad2b7138b1187a6b7ee55f160b9968b66013c3a3ef39dd7e5798?s=96&d=mm&r=g","caption":"Jeanette"},"sameAs":["https:\/\/www.eldiario.net\/portal"],"url":"https:\/\/www.eldiario.net\/portal\/author\/jeanette\/"}]}},"_links":{"self":[{"href":"https:\/\/www.eldiario.net\/portal\/wp-json\/wp\/v2\/posts\/161649","targetHints":{"allow":["GET"]}}],"collection":[{"href":"https:\/\/www.eldiario.net\/portal\/wp-json\/wp\/v2\/posts"}],"about":[{"href":"https:\/\/www.eldiario.net\/portal\/wp-json\/wp\/v2\/types\/post"}],"author":[{"embeddable":true,"href":"https:\/\/www.eldiario.net\/portal\/wp-json\/wp\/v2\/users\/1"}],"replies":[{"embeddable":true,"href":"https:\/\/www.eldiario.net\/portal\/wp-json\/wp\/v2\/comments?post=161649"}],"version-history":[{"count":0,"href":"https:\/\/www.eldiario.net\/portal\/wp-json\/wp\/v2\/posts\/161649\/revisions"}],"wp:featuredmedia":[{"embeddable":true,"href":"https:\/\/www.eldiario.net\/portal\/wp-json\/wp\/v2\/media\/161650"}],"wp:attachment":[{"href":"https:\/\/www.eldiario.net\/portal\/wp-json\/wp\/v2\/media?parent=161649"}],"wp:term":[{"taxonomy":"category","embeddable":true,"href":"https:\/\/www.eldiario.net\/portal\/wp-json\/wp\/v2\/categories?post=161649"},{"taxonomy":"post_tag","embeddable":true,"href":"https:\/\/www.eldiario.net\/portal\/wp-json\/wp\/v2\/tags?post=161649"}],"curies":[{"name":"wp","href":"https:\/\/api.w.org\/{rel}","templated":true}]}}