{"id":161644,"date":"2023-06-24T00:29:10","date_gmt":"2023-06-24T04:29:10","guid":{"rendered":"https:\/\/www.eldiario.net\/portal\/?p=161644"},"modified":"2023-06-24T00:29:10","modified_gmt":"2023-06-24T04:29:10","slug":"oposicion-tilda-de-inmoral-al-gobierno-de-luis-arce","status":"publish","type":"post","link":"https:\/\/www.eldiario.net\/portal\/2023\/06\/24\/oposicion-tilda-de-inmoral-al-gobierno-de-luis-arce\/","title":{"rendered":"Oposici\u00f3n tilda de inmoral al gobierno de Luis Arce"},"content":{"rendered":"<p>Parlamentarios de Comunidad Ciudadana (CC) y Creemos tildaron de inmoral al gobierno de Luis Arce por anunciar que desde una de las vicepresidencias de la Asamblea de la Organizaci\u00f3n de las Naciones Unidas (ONU) promover\u00e1n el cuidado del medioambiente y los derechos de los pueblos ind\u00edgenas, cuando en Bolivia \u201cno se respeta\u201d los derechos de esa poblaci\u00f3n.<br \/>\nA la cabeza del representante permanente de Bolivia ante la ONU, Diego Pary, Bolivia asumir\u00e1 en septiembre una de las vicepresidencias de la organizaci\u00f3n internacional en representaci\u00f3n de Am\u00e9rica Latina y el Caribe; en ese marco, el diplom\u00e1tico inform\u00f3 que impulsar\u00e1 la defensa de los ind\u00edgenas y la Madre Tierra.<br \/>\n\u201cVamos a generar consensos, propuestas de todos los pa\u00edses del mundo, pero, como Bolivia, fundamentalmente vamos a impulsar el tema de los derechos de los pueblos ind\u00edgenas, el cambio clim\u00e1tico, los derechos de la Madre Tierra, son una de nuestras prioridades; tambi\u00e9n, (propondremos) lo que se denominaba una \u2018Asamblea de la Tierra\u2019\u201d, declar\u00f3 Pary.<br \/>\nEl anunci\u00f3 gener\u00f3 cr\u00edticas de opositores en la Asamblea Legislativa Plurinacional (ALP) porque el Gobierno \u201cutiliza\u201d a los ind\u00edgenas bolivianos solamente como bandera y no defiende realmente sus derechos, al contario, permite que su h\u00e1bitat siga siendo deteriorado constantemente.<br \/>\nLa diputada de CC, Toribia Lero, record\u00f3 a Diego Pary que, desde el gobierno de Evo Morales hasta el actual de Luis Arce, el Movimiento al Socialismo (MAS) impuls\u00f3 normativas que afectaron a los ind\u00edgenas del pa\u00eds.<br \/>\n\u201cLa Ley de Hidrocarburos era muy buena, pero con los decretos supremos de Evo Morales se distorsion\u00f3 totalmente. Que anulen esas leyes ecocidas, biocidas, etnocidas, incendiarias. Ustedes saben cu\u00e1ntas hect\u00e1reas al a\u00f1o arden en el Oriente boliviano, esos decretos, justamente los aprob\u00f3 este gobierno nefasto del MAS\u201d, declar\u00f3 Lero a la ANF.<br \/>\nLa opositora tild\u00f3 a Pary y al Gobierno masista de tener \u201cdoble y hasta triple moral\u201d cuando habla de ese tema.<br \/>\n\u201cSon unos abusivos, usan, se aprovechan de la bondad que tienen, de lo pac\u00edfico que son los pueblos ind\u00edgenas. No solamente estoy hablando de la Amazonia, Oriente y Chaco de Bolivia, tambi\u00e9n de la regi\u00f3n andina que hace m\u00e1s de 500 a\u00f1os est\u00e1n sacudidos por la actividad minera, est\u00e1n totalmente contaminados los r\u00edos\u201d, a\u00f1adi\u00f3 la legisladora.<br \/>\nLa diputada de Creemos por la Chiquitan\u00eda de Santa Cruz, Mar\u00eda Ren\u00e9 \u00c1lvarez, coincidi\u00f3 en que el gobierno del MAS tiene un doble discurso cuando habla de temas de derechos ind\u00edgenas y medioambientales, debido a que la realidad de la que ellos hablan no existe.<br \/>\n\u201cVemos un doble discurso por parte del Gobierno. Ciertamente hay una serie de normativas, pero no lo cumplen, la defensa de la Madre Tierra lo hacen de boca para afuera; sin embargo, la realidad que vivimos es totalmente distinta\u201d, subray\u00f3.<br \/>\nLa parlamentaria record\u00f3 que en el pa\u00eds existe gran cantidad de r\u00edos contaminados con mercurio por la extracci\u00f3n ilegal de oro y lo peor es que el problema contin\u00faa extendi\u00e9ndose a otros lugares del pa\u00eds.<br \/>\nAdem\u00e1s, \u00c1lvarez sostuvo que en distintas oportunidades denunci\u00f3 que en las \u00e1reas protegidas existen todo tipo de actividades il\u00edcitas; por ejemplo, la instalaci\u00f3n de laboratorios de narcotr\u00e1fico. Sin embargo, el Gobierno no act\u00faa para proteger esos territorios.<br \/>\nEl diputado de CC, Alejandro Reyes, puntualiz\u00f3 que los pueblos ind\u00edgenas del norte del departamento de La Paz sufren por la contaminaci\u00f3n del mercurio, corroborado por un estudio que realiz\u00f3 la Central de Pueblos Ind\u00edgenas de La Paz (Cpilab) que revel\u00f3 que tienen mercurio en sus cuerpos hasta 10 veces m\u00e1s de los niveles permitidos.<br \/>\nLa directora ejecutiva de la Autoridad Plurinacional de la Madre Tierra de Bolivia, Ang\u00e9lica Ponce, asegur\u00f3 que la derecha boliviana tiene que saber que el MAS es de los campesinos y puso a esa poblaci\u00f3n en primer plano a nivel internacional.<br \/>\n\u201cNosotros, como Bolivia, somos referente en el tema de defender los derechos de la Madre Tierra, no solamente en Bolivia; (entonces), ese reconocimiento nos da la ONU y hay que felicitar ese trabajo constante que realiza nuestro Gobierno a la cabeza nuestro hermano Lucho y antes con el compa\u00f1ero Evo\u201d, subray\u00f3.<br \/>\nAl ser cuestionado sobre c\u00f3mo se puede explicar que los pueblos ind\u00edgenas del norte de La Paz est\u00e9n con altos grados de mercurio en su cuerpo, Ponce se limit\u00f3 a explicar que est\u00e1n trabajando con los pueblos ind\u00edgenas en la socializaci\u00f3n de plataformas. (ANF).<\/p>\n","protected":false},"excerpt":{"rendered":"<p>Parlamentarios de Comunidad Ciudadana (CC) y Creemos tildaron de inmoral al gobierno de Luis Arce por anunciar que desde una de las vicepresidencias de la Asamblea de la Organizaci\u00f3n de las Naciones Unidas (ONU) promover\u00e1n el cuidado del medioambiente y los derechos de los pueblos ind\u00edgenas, cuando en Bolivia \u201cno se respeta\u201d los derechos de [&hellip;]<\/p>\n","protected":false},"author":1,"featured_media":161645,"comment_status":"closed","ping_status":"closed","sticky":false,"template":"","format":"standard","meta":{"_acf_changed":false,"footnotes":""},"categories":[14],"tags":[],"class_list":["post-161644","post","type-post","status-publish","format-standard","has-post-thumbnail","category-politica"],"acf":{"antetitulo":""},"yoast_head":"<!-- This site is optimized with the Yoast SEO plugin v28.3 - https:\/\/yoast.com\/product\/yoast-seo-wordpress\/ -->\n<title>Oposici\u00f3n tilda de inmoral al gobierno de Luis Arce - El Diario - Bolivia<\/title>\n<meta name=\"robots\" content=\"index, follow, max-snippet:-1, max-image-preview:large, max-video-preview:-1\" \/>\n<link rel=\"canonical\" href=\"https:\/\/www.eldiario.net\/portal\/2023\/06\/24\/oposicion-tilda-de-inmoral-al-gobierno-de-luis-arce\/\" \/>\n<meta property=\"og:locale\" content=\"es_ES\" \/>\n<meta property=\"og:type\" content=\"article\" \/>\n<meta property=\"og:title\" content=\"Oposici\u00f3n tilda de inmoral al gobierno de Luis Arce - El Diario - Bolivia\" \/>\n<meta property=\"og:description\" content=\"Parlamentarios de Comunidad Ciudadana (CC) y Creemos tildaron de inmoral al gobierno de Luis Arce por anunciar que desde una de las vicepresidencias de la Asamblea de la Organizaci\u00f3n de las Naciones Unidas (ONU) promover\u00e1n el cuidado del medioambiente y los derechos de los pueblos ind\u00edgenas, cuando en Bolivia \u201cno se respeta\u201d los derechos de [&hellip;]\" \/>\n<meta property=\"og:url\" content=\"https:\/\/www.eldiario.net\/portal\/2023\/06\/24\/oposicion-tilda-de-inmoral-al-gobierno-de-luis-arce\/\" \/>\n<meta property=\"og:site_name\" content=\"El Diario - Bolivia\" \/>\n<meta property=\"article:publisher\" content=\"https:\/\/www.facebook.com\/eldiario.bolivia\/\" \/>\n<meta property=\"article:published_time\" content=\"2023-06-24T04:29:10+00:00\" \/>\n<meta property=\"og:image\" content=\"https:\/\/www.eldiario.net\/portal\/wp-content\/uploads\/2023\/06\/40-POL-12.jpg\" \/>\n\t<meta property=\"og:image:width\" content=\"600\" \/>\n\t<meta property=\"og:image:height\" content=\"338\" \/>\n\t<meta property=\"og:image:type\" content=\"image\/jpeg\" \/>\n<meta name=\"author\" content=\"Jeanette\" \/>\n<meta name=\"twitter:card\" content=\"summary_large_image\" \/>\n<meta name=\"twitter:creator\" content=\"@eldiario_net\" \/>\n<meta name=\"twitter:site\" content=\"@eldiario_net\" \/>\n<meta name=\"twitter:label1\" content=\"Escrito por\" \/>\n\t<meta name=\"twitter:data1\" content=\"Jeanette\" \/>\n\t<meta name=\"twitter:label2\" content=\"Tiempo de lectura\" \/>\n\t<meta name=\"twitter:data2\" content=\"4 minutos\" \/>\n<script type=\"application\/ld+json\" class=\"yoast-schema-graph\">{\"@context\":\"https:\\\/\\\/schema.org\",\"@graph\":[{\"@type\":\"Article\",\"@id\":\"https:\\\/\\\/www.eldiario.net\\\/portal\\\/2023\\\/06\\\/24\\\/oposicion-tilda-de-inmoral-al-gobierno-de-luis-arce\\\/#article\",\"isPartOf\":{\"@id\":\"https:\\\/\\\/www.eldiario.net\\\/portal\\\/2023\\\/06\\\/24\\\/oposicion-tilda-de-inmoral-al-gobierno-de-luis-arce\\\/\"},\"author\":{\"name\":\"Jeanette\",\"@id\":\"https:\\\/\\\/www.eldiario.net\\\/portal\\\/#\\\/schema\\\/person\\\/f46445640444750d7d753ccd04ae01b7\"},\"headline\":\"Oposici\u00f3n tilda de inmoral al gobierno de Luis Arce\",\"datePublished\":\"2023-06-24T04:29:10+00:00\",\"mainEntityOfPage\":{\"@id\":\"https:\\\/\\\/www.eldiario.net\\\/portal\\\/2023\\\/06\\\/24\\\/oposicion-tilda-de-inmoral-al-gobierno-de-luis-arce\\\/\"},\"wordCount\":780,\"publisher\":{\"@id\":\"https:\\\/\\\/www.eldiario.net\\\/portal\\\/#organization\"},\"image\":{\"@id\":\"https:\\\/\\\/www.eldiario.net\\\/portal\\\/2023\\\/06\\\/24\\\/oposicion-tilda-de-inmoral-al-gobierno-de-luis-arce\\\/#primaryimage\"},\"thumbnailUrl\":\"https:\\\/\\\/www.eldiario.net\\\/portal\\\/wp-content\\\/uploads\\\/2023\\\/06\\\/40-POL-12.jpg\",\"articleSection\":[\"Pol\u00edtica\"],\"inLanguage\":\"es\"},{\"@type\":\"WebPage\",\"@id\":\"https:\\\/\\\/www.eldiario.net\\\/portal\\\/2023\\\/06\\\/24\\\/oposicion-tilda-de-inmoral-al-gobierno-de-luis-arce\\\/\",\"url\":\"https:\\\/\\\/www.eldiario.net\\\/portal\\\/2023\\\/06\\\/24\\\/oposicion-tilda-de-inmoral-al-gobierno-de-luis-arce\\\/\",\"name\":\"Oposici\u00f3n tilda de inmoral al gobierno de Luis Arce - El Diario - Bolivia\",\"isPartOf\":{\"@id\":\"https:\\\/\\\/www.eldiario.net\\\/portal\\\/#website\"},\"primaryImageOfPage\":{\"@id\":\"https:\\\/\\\/www.eldiario.net\\\/portal\\\/2023\\\/06\\\/24\\\/oposicion-tilda-de-inmoral-al-gobierno-de-luis-arce\\\/#primaryimage\"},\"image\":{\"@id\":\"https:\\\/\\\/www.eldiario.net\\\/portal\\\/2023\\\/06\\\/24\\\/oposicion-tilda-de-inmoral-al-gobierno-de-luis-arce\\\/#primaryimage\"},\"thumbnailUrl\":\"https:\\\/\\\/www.eldiario.net\\\/portal\\\/wp-content\\\/uploads\\\/2023\\\/06\\\/40-POL-12.jpg\",\"datePublished\":\"2023-06-24T04:29:10+00:00\",\"breadcrumb\":{\"@id\":\"https:\\\/\\\/www.eldiario.net\\\/portal\\\/2023\\\/06\\\/24\\\/oposicion-tilda-de-inmoral-al-gobierno-de-luis-arce\\\/#breadcrumb\"},\"inLanguage\":\"es\",\"potentialAction\":[{\"@type\":\"ReadAction\",\"target\":[\"https:\\\/\\\/www.eldiario.net\\\/portal\\\/2023\\\/06\\\/24\\\/oposicion-tilda-de-inmoral-al-gobierno-de-luis-arce\\\/\"]}]},{\"@type\":\"ImageObject\",\"inLanguage\":\"es\",\"@id\":\"https:\\\/\\\/www.eldiario.net\\\/portal\\\/2023\\\/06\\\/24\\\/oposicion-tilda-de-inmoral-al-gobierno-de-luis-arce\\\/#primaryimage\",\"url\":\"https:\\\/\\\/www.eldiario.net\\\/portal\\\/wp-content\\\/uploads\\\/2023\\\/06\\\/40-POL-12.jpg\",\"contentUrl\":\"https:\\\/\\\/www.eldiario.net\\\/portal\\\/wp-content\\\/uploads\\\/2023\\\/06\\\/40-POL-12.jpg\",\"width\":600,\"height\":338},{\"@type\":\"BreadcrumbList\",\"@id\":\"https:\\\/\\\/www.eldiario.net\\\/portal\\\/2023\\\/06\\\/24\\\/oposicion-tilda-de-inmoral-al-gobierno-de-luis-arce\\\/#breadcrumb\",\"itemListElement\":[{\"@type\":\"ListItem\",\"position\":1,\"name\":\"Portada\",\"item\":\"https:\\\/\\\/www.eldiario.net\\\/portal\\\/\"},{\"@type\":\"ListItem\",\"position\":2,\"name\":\"Oposici\u00f3n tilda de inmoral al gobierno de Luis Arce\"}]},{\"@type\":\"WebSite\",\"@id\":\"https:\\\/\\\/www.eldiario.net\\\/portal\\\/#website\",\"url\":\"https:\\\/\\\/www.eldiario.net\\\/portal\\\/\",\"name\":\"El Diario - Decano de la prensa nacional\",\"description\":\"El Diario - Decano de la prensa nacional\",\"publisher\":{\"@id\":\"https:\\\/\\\/www.eldiario.net\\\/portal\\\/#organization\"},\"potentialAction\":[{\"@type\":\"SearchAction\",\"target\":{\"@type\":\"EntryPoint\",\"urlTemplate\":\"https:\\\/\\\/www.eldiario.net\\\/portal\\\/?s={search_term_string}\"},\"query-input\":{\"@type\":\"PropertyValueSpecification\",\"valueRequired\":true,\"valueName\":\"search_term_string\"}}],\"inLanguage\":\"es\"},{\"@type\":\"Organization\",\"@id\":\"https:\\\/\\\/www.eldiario.net\\\/portal\\\/#organization\",\"name\":\"El Diario - Decano de la prensa nacional\",\"url\":\"https:\\\/\\\/www.eldiario.net\\\/portal\\\/\",\"logo\":{\"@type\":\"ImageObject\",\"inLanguage\":\"es\",\"@id\":\"https:\\\/\\\/www.eldiario.net\\\/portal\\\/#\\\/schema\\\/logo\\\/image\\\/\",\"url\":\"https:\\\/\\\/www.eldiario.net\\\/portal\\\/wp-content\\\/uploads\\\/2023\\\/07\\\/logo_ED.jpg\",\"contentUrl\":\"https:\\\/\\\/www.eldiario.net\\\/portal\\\/wp-content\\\/uploads\\\/2023\\\/07\\\/logo_ED.jpg\",\"width\":272,\"height\":52,\"caption\":\"El Diario - Decano de la prensa nacional\"},\"image\":{\"@id\":\"https:\\\/\\\/www.eldiario.net\\\/portal\\\/#\\\/schema\\\/logo\\\/image\\\/\"},\"sameAs\":[\"https:\\\/\\\/www.facebook.com\\\/eldiario.bolivia\\\/\",\"https:\\\/\\\/x.com\\\/eldiario_net\"]},{\"@type\":\"Person\",\"@id\":\"https:\\\/\\\/www.eldiario.net\\\/portal\\\/#\\\/schema\\\/person\\\/f46445640444750d7d753ccd04ae01b7\",\"name\":\"Jeanette\",\"image\":{\"@type\":\"ImageObject\",\"inLanguage\":\"es\",\"@id\":\"https:\\\/\\\/secure.gravatar.com\\\/avatar\\\/3ea2118a5f7dad2b7138b1187a6b7ee55f160b9968b66013c3a3ef39dd7e5798?s=96&d=mm&r=g\",\"url\":\"https:\\\/\\\/secure.gravatar.com\\\/avatar\\\/3ea2118a5f7dad2b7138b1187a6b7ee55f160b9968b66013c3a3ef39dd7e5798?s=96&d=mm&r=g\",\"contentUrl\":\"https:\\\/\\\/secure.gravatar.com\\\/avatar\\\/3ea2118a5f7dad2b7138b1187a6b7ee55f160b9968b66013c3a3ef39dd7e5798?s=96&d=mm&r=g\",\"caption\":\"Jeanette\"},\"sameAs\":[\"https:\\\/\\\/www.eldiario.net\\\/portal\"],\"url\":\"https:\\\/\\\/www.eldiario.net\\\/portal\\\/author\\\/jeanette\\\/\"}]}<\/script>\n<!-- \/ Yoast SEO plugin. -->","yoast_head_json":{"title":"Oposici\u00f3n tilda de inmoral al gobierno de Luis Arce - El Diario - Bolivia","robots":{"index":"index","follow":"follow","max-snippet":"max-snippet:-1","max-image-preview":"max-image-preview:large","max-video-preview":"max-video-preview:-1"},"canonical":"https:\/\/www.eldiario.net\/portal\/2023\/06\/24\/oposicion-tilda-de-inmoral-al-gobierno-de-luis-arce\/","og_locale":"es_ES","og_type":"article","og_title":"Oposici\u00f3n tilda de inmoral al gobierno de Luis Arce - El Diario - Bolivia","og_description":"Parlamentarios de Comunidad Ciudadana (CC) y Creemos tildaron de inmoral al gobierno de Luis Arce por anunciar que desde una de las vicepresidencias de la Asamblea de la Organizaci\u00f3n de las Naciones Unidas (ONU) promover\u00e1n el cuidado del medioambiente y los derechos de los pueblos ind\u00edgenas, cuando en Bolivia \u201cno se respeta\u201d los derechos de [&hellip;]","og_url":"https:\/\/www.eldiario.net\/portal\/2023\/06\/24\/oposicion-tilda-de-inmoral-al-gobierno-de-luis-arce\/","og_site_name":"El Diario - Bolivia","article_publisher":"https:\/\/www.facebook.com\/eldiario.bolivia\/","article_published_time":"2023-06-24T04:29:10+00:00","og_image":[{"width":600,"height":338,"url":"https:\/\/www.eldiario.net\/portal\/wp-content\/uploads\/2023\/06\/40-POL-12.jpg","type":"image\/jpeg"}],"author":"Jeanette","twitter_card":"summary_large_image","twitter_creator":"@eldiario_net","twitter_site":"@eldiario_net","twitter_misc":{"Escrito por":"Jeanette","Tiempo de lectura":"4 minutos"},"schema":{"@context":"https:\/\/schema.org","@graph":[{"@type":"Article","@id":"https:\/\/www.eldiario.net\/portal\/2023\/06\/24\/oposicion-tilda-de-inmoral-al-gobierno-de-luis-arce\/#article","isPartOf":{"@id":"https:\/\/www.eldiario.net\/portal\/2023\/06\/24\/oposicion-tilda-de-inmoral-al-gobierno-de-luis-arce\/"},"author":{"name":"Jeanette","@id":"https:\/\/www.eldiario.net\/portal\/#\/schema\/person\/f46445640444750d7d753ccd04ae01b7"},"headline":"Oposici\u00f3n tilda de inmoral al gobierno de Luis Arce","datePublished":"2023-06-24T04:29:10+00:00","mainEntityOfPage":{"@id":"https:\/\/www.eldiario.net\/portal\/2023\/06\/24\/oposicion-tilda-de-inmoral-al-gobierno-de-luis-arce\/"},"wordCount":780,"publisher":{"@id":"https:\/\/www.eldiario.net\/portal\/#organization"},"image":{"@id":"https:\/\/www.eldiario.net\/portal\/2023\/06\/24\/oposicion-tilda-de-inmoral-al-gobierno-de-luis-arce\/#primaryimage"},"thumbnailUrl":"https:\/\/www.eldiario.net\/portal\/wp-content\/uploads\/2023\/06\/40-POL-12.jpg","articleSection":["Pol\u00edtica"],"inLanguage":"es"},{"@type":"WebPage","@id":"https:\/\/www.eldiario.net\/portal\/2023\/06\/24\/oposicion-tilda-de-inmoral-al-gobierno-de-luis-arce\/","url":"https:\/\/www.eldiario.net\/portal\/2023\/06\/24\/oposicion-tilda-de-inmoral-al-gobierno-de-luis-arce\/","name":"Oposici\u00f3n tilda de inmoral al gobierno de Luis Arce - El Diario - Bolivia","isPartOf":{"@id":"https:\/\/www.eldiario.net\/portal\/#website"},"primaryImageOfPage":{"@id":"https:\/\/www.eldiario.net\/portal\/2023\/06\/24\/oposicion-tilda-de-inmoral-al-gobierno-de-luis-arce\/#primaryimage"},"image":{"@id":"https:\/\/www.eldiario.net\/portal\/2023\/06\/24\/oposicion-tilda-de-inmoral-al-gobierno-de-luis-arce\/#primaryimage"},"thumbnailUrl":"https:\/\/www.eldiario.net\/portal\/wp-content\/uploads\/2023\/06\/40-POL-12.jpg","datePublished":"2023-06-24T04:29:10+00:00","breadcrumb":{"@id":"https:\/\/www.eldiario.net\/portal\/2023\/06\/24\/oposicion-tilda-de-inmoral-al-gobierno-de-luis-arce\/#breadcrumb"},"inLanguage":"es","potentialAction":[{"@type":"ReadAction","target":["https:\/\/www.eldiario.net\/portal\/2023\/06\/24\/oposicion-tilda-de-inmoral-al-gobierno-de-luis-arce\/"]}]},{"@type":"ImageObject","inLanguage":"es","@id":"https:\/\/www.eldiario.net\/portal\/2023\/06\/24\/oposicion-tilda-de-inmoral-al-gobierno-de-luis-arce\/#primaryimage","url":"https:\/\/www.eldiario.net\/portal\/wp-content\/uploads\/2023\/06\/40-POL-12.jpg","contentUrl":"https:\/\/www.eldiario.net\/portal\/wp-content\/uploads\/2023\/06\/40-POL-12.jpg","width":600,"height":338},{"@type":"BreadcrumbList","@id":"https:\/\/www.eldiario.net\/portal\/2023\/06\/24\/oposicion-tilda-de-inmoral-al-gobierno-de-luis-arce\/#breadcrumb","itemListElement":[{"@type":"ListItem","position":1,"name":"Portada","item":"https:\/\/www.eldiario.net\/portal\/"},{"@type":"ListItem","position":2,"name":"Oposici\u00f3n tilda de inmoral al gobierno de Luis Arce"}]},{"@type":"WebSite","@id":"https:\/\/www.eldiario.net\/portal\/#website","url":"https:\/\/www.eldiario.net\/portal\/","name":"El Diario - Decano de la prensa nacional","description":"El Diario - Decano de la prensa nacional","publisher":{"@id":"https:\/\/www.eldiario.net\/portal\/#organization"},"potentialAction":[{"@type":"SearchAction","target":{"@type":"EntryPoint","urlTemplate":"https:\/\/www.eldiario.net\/portal\/?s={search_term_string}"},"query-input":{"@type":"PropertyValueSpecification","valueRequired":true,"valueName":"search_term_string"}}],"inLanguage":"es"},{"@type":"Organization","@id":"https:\/\/www.eldiario.net\/portal\/#organization","name":"El Diario - Decano de la prensa nacional","url":"https:\/\/www.eldiario.net\/portal\/","logo":{"@type":"ImageObject","inLanguage":"es","@id":"https:\/\/www.eldiario.net\/portal\/#\/schema\/logo\/image\/","url":"https:\/\/www.eldiario.net\/portal\/wp-content\/uploads\/2023\/07\/logo_ED.jpg","contentUrl":"https:\/\/www.eldiario.net\/portal\/wp-content\/uploads\/2023\/07\/logo_ED.jpg","width":272,"height":52,"caption":"El Diario - Decano de la prensa nacional"},"image":{"@id":"https:\/\/www.eldiario.net\/portal\/#\/schema\/logo\/image\/"},"sameAs":["https:\/\/www.facebook.com\/eldiario.bolivia\/","https:\/\/x.com\/eldiario_net"]},{"@type":"Person","@id":"https:\/\/www.eldiario.net\/portal\/#\/schema\/person\/f46445640444750d7d753ccd04ae01b7","name":"Jeanette","image":{"@type":"ImageObject","inLanguage":"es","@id":"https:\/\/secure.gravatar.com\/avatar\/3ea2118a5f7dad2b7138b1187a6b7ee55f160b9968b66013c3a3ef39dd7e5798?s=96&d=mm&r=g","url":"https:\/\/secure.gravatar.com\/avatar\/3ea2118a5f7dad2b7138b1187a6b7ee55f160b9968b66013c3a3ef39dd7e5798?s=96&d=mm&r=g","contentUrl":"https:\/\/secure.gravatar.com\/avatar\/3ea2118a5f7dad2b7138b1187a6b7ee55f160b9968b66013c3a3ef39dd7e5798?s=96&d=mm&r=g","caption":"Jeanette"},"sameAs":["https:\/\/www.eldiario.net\/portal"],"url":"https:\/\/www.eldiario.net\/portal\/author\/jeanette\/"}]}},"_links":{"self":[{"href":"https:\/\/www.eldiario.net\/portal\/wp-json\/wp\/v2\/posts\/161644","targetHints":{"allow":["GET"]}}],"collection":[{"href":"https:\/\/www.eldiario.net\/portal\/wp-json\/wp\/v2\/posts"}],"about":[{"href":"https:\/\/www.eldiario.net\/portal\/wp-json\/wp\/v2\/types\/post"}],"author":[{"embeddable":true,"href":"https:\/\/www.eldiario.net\/portal\/wp-json\/wp\/v2\/users\/1"}],"replies":[{"embeddable":true,"href":"https:\/\/www.eldiario.net\/portal\/wp-json\/wp\/v2\/comments?post=161644"}],"version-history":[{"count":0,"href":"https:\/\/www.eldiario.net\/portal\/wp-json\/wp\/v2\/posts\/161644\/revisions"}],"wp:featuredmedia":[{"embeddable":true,"href":"https:\/\/www.eldiario.net\/portal\/wp-json\/wp\/v2\/media\/161645"}],"wp:attachment":[{"href":"https:\/\/www.eldiario.net\/portal\/wp-json\/wp\/v2\/media?parent=161644"}],"wp:term":[{"taxonomy":"category","embeddable":true,"href":"https:\/\/www.eldiario.net\/portal\/wp-json\/wp\/v2\/categories?post=161644"},{"taxonomy":"post_tag","embeddable":true,"href":"https:\/\/www.eldiario.net\/portal\/wp-json\/wp\/v2\/tags?post=161644"}],"curies":[{"name":"wp","href":"https:\/\/api.w.org\/{rel}","templated":true}]}}