{"id":161641,"date":"2023-06-24T00:26:13","date_gmt":"2023-06-24T04:26:13","guid":{"rendered":"https:\/\/www.eldiario.net\/portal\/?p=161641"},"modified":"2023-06-24T00:26:13","modified_gmt":"2023-06-24T04:26:13","slug":"cuestionan-falta-de-seriedad-en-las-investigaciones-por-narcovuelos","status":"publish","type":"post","link":"https:\/\/www.eldiario.net\/portal\/2023\/06\/24\/cuestionan-falta-de-seriedad-en-las-investigaciones-por-narcovuelos\/","title":{"rendered":"Cuestionan falta de seriedad en las investigaciones por \u201cnarcovuelos\u201d"},"content":{"rendered":"<p>Ante las sospechas por la posible existencia de m\u00e1s vuelos en los que se transport\u00f3 droga desde territorio nacional hasta diferentes puntos en el exterior, el senador por la agrupaci\u00f3n Creemos, Henry Montero, lament\u00f3 la falta de seriedad con que las autoridades encaran las investigaciones en este caso.<br \/>\n\u201cNo nos sorprende que hubieran m\u00e1s casos por narcovuelos, porque si sali\u00f3 un avi\u00f3n seguramente salieron otros. En este caso lo que el Gobierno debe hacer es transparentar todo el proceso de investigaci\u00f3n en relaci\u00f3n a estas acusaciones\u201d, expres\u00f3 el legislador cruce\u00f1o.<br \/>\nMontero adem\u00e1s cuestion\u00f3 la falta de seriedad con que se llevan adelante las respectivas investigaciones, al grado de levantar sospechas que apuntan a una falta de inter\u00e9s en querer llegar a esclarecer este caso.<br \/>\n\u201cNo hay seriedad y no se quiere esclarecer este tema. Seguramente en este tema tendr\u00e1n que responder a las peticiones de informe presentado por los colegas para ver realmente a que vino ese segundo vuelo\u201d, se\u00f1al\u00f3.<br \/>\nSobre los pedidos para mantener las investigaciones en reserva, el asamble\u00edsta lament\u00f3 que se contin\u00fae tratando de ocultar detalles de este esc\u00e1ndalo, cuando casi todo lo ocurrido ya es de conocimiento p\u00fablico.<br \/>\n\u201cNo s\u00e9 por qu\u00e9 todos los casos que afectan directamente al Gobierno los ponen como confidencial, cuando ya es de conocimiento general que hubo un narcovuelo, que existi\u00f3 la droga y que sali\u00f3 de Viru Viru, lo que debe esclarecerse es qui\u00e9n envi\u00f3 el cargamento y cu\u00e1l fue la tarea de las instancias encargadas del control en esta terminal a\u00e9rea\u201d, finaliz\u00f3.<br \/>\nEsta semana, legisladores de Creemos denunciaron que el pasado 28 de febrero arrib\u00f3 al aeropuerto de Viru Viru, el vuelo BFY525R del operador Bestfly Aircraft Management, empresa en el mercado de la aviaci\u00f3n de Angola, en el que llegaron s\u00fabditos extranjeros. Se sospecha de un segundo \u201cnarcovuelo\u201d. Por ello, se enviaron tres Peticiones de Informe Escrito a los ministros de Obras P\u00fablicas, de Econom\u00eda y de Gobierno para que se explique los controles y supervisi\u00f3n que se realiz\u00f3 ante el arribo de esta aeronave.<br \/>\nEn criterio de Montero, en ambos casos se debe dar con los responsables y no solo cambiar a los encargados, \u201ctodas estas son solo medidas parche\u201d, afirm\u00f3.<\/p>\n<p>&nbsp;<\/p>\n","protected":false},"excerpt":{"rendered":"<p>Ante las sospechas por la posible existencia de m\u00e1s vuelos en los que se transport\u00f3 droga desde territorio nacional hasta diferentes puntos en el exterior, el senador por la agrupaci\u00f3n Creemos, Henry Montero, lament\u00f3 la falta de seriedad con que las autoridades encaran las investigaciones en este caso. \u201cNo nos sorprende que hubieran m\u00e1s casos [&hellip;]<\/p>\n","protected":false},"author":1,"featured_media":161642,"comment_status":"closed","ping_status":"closed","sticky":false,"template":"","format":"standard","meta":{"_acf_changed":false,"footnotes":""},"categories":[14],"tags":[],"class_list":["post-161641","post","type-post","status-publish","format-standard","has-post-thumbnail","category-politica"],"acf":{"antetitulo":""},"yoast_head":"<!-- This site is optimized with the Yoast SEO plugin v28.3 - https:\/\/yoast.com\/product\/yoast-seo-wordpress\/ -->\n<title>Cuestionan falta de seriedad en las investigaciones por \u201cnarcovuelos\u201d - El Diario - Bolivia<\/title>\n<meta name=\"robots\" content=\"index, follow, max-snippet:-1, max-image-preview:large, max-video-preview:-1\" \/>\n<link rel=\"canonical\" href=\"https:\/\/www.eldiario.net\/portal\/2023\/06\/24\/cuestionan-falta-de-seriedad-en-las-investigaciones-por-narcovuelos\/\" \/>\n<meta property=\"og:locale\" content=\"es_ES\" \/>\n<meta property=\"og:type\" content=\"article\" \/>\n<meta property=\"og:title\" content=\"Cuestionan falta de seriedad en las investigaciones por \u201cnarcovuelos\u201d - El Diario - Bolivia\" \/>\n<meta property=\"og:description\" content=\"Ante las sospechas por la posible existencia de m\u00e1s vuelos en los que se transport\u00f3 droga desde territorio nacional hasta diferentes puntos en el exterior, el senador por la agrupaci\u00f3n Creemos, Henry Montero, lament\u00f3 la falta de seriedad con que las autoridades encaran las investigaciones en este caso. \u201cNo nos sorprende que hubieran m\u00e1s casos [&hellip;]\" \/>\n<meta property=\"og:url\" content=\"https:\/\/www.eldiario.net\/portal\/2023\/06\/24\/cuestionan-falta-de-seriedad-en-las-investigaciones-por-narcovuelos\/\" \/>\n<meta property=\"og:site_name\" content=\"El Diario - Bolivia\" \/>\n<meta property=\"article:publisher\" content=\"https:\/\/www.facebook.com\/eldiario.bolivia\/\" \/>\n<meta property=\"article:published_time\" content=\"2023-06-24T04:26:13+00:00\" \/>\n<meta property=\"og:image\" content=\"https:\/\/www.eldiario.net\/portal\/wp-content\/uploads\/2023\/06\/42-POL-1.jpg\" \/>\n\t<meta property=\"og:image:width\" content=\"1000\" \/>\n\t<meta property=\"og:image:height\" content=\"562\" \/>\n\t<meta property=\"og:image:type\" content=\"image\/jpeg\" \/>\n<meta name=\"author\" content=\"Jeanette\" \/>\n<meta name=\"twitter:card\" content=\"summary_large_image\" \/>\n<meta name=\"twitter:creator\" content=\"@eldiario_net\" \/>\n<meta name=\"twitter:site\" content=\"@eldiario_net\" \/>\n<meta name=\"twitter:label1\" content=\"Escrito por\" \/>\n\t<meta name=\"twitter:data1\" content=\"Jeanette\" \/>\n\t<meta name=\"twitter:label2\" content=\"Tiempo de lectura\" \/>\n\t<meta name=\"twitter:data2\" content=\"2 minutos\" \/>\n<script type=\"application\/ld+json\" class=\"yoast-schema-graph\">{\"@context\":\"https:\\\/\\\/schema.org\",\"@graph\":[{\"@type\":\"Article\",\"@id\":\"https:\\\/\\\/www.eldiario.net\\\/portal\\\/2023\\\/06\\\/24\\\/cuestionan-falta-de-seriedad-en-las-investigaciones-por-narcovuelos\\\/#article\",\"isPartOf\":{\"@id\":\"https:\\\/\\\/www.eldiario.net\\\/portal\\\/2023\\\/06\\\/24\\\/cuestionan-falta-de-seriedad-en-las-investigaciones-por-narcovuelos\\\/\"},\"author\":{\"name\":\"Jeanette\",\"@id\":\"https:\\\/\\\/www.eldiario.net\\\/portal\\\/#\\\/schema\\\/person\\\/f46445640444750d7d753ccd04ae01b7\"},\"headline\":\"Cuestionan falta de seriedad en las investigaciones por \u201cnarcovuelos\u201d\",\"datePublished\":\"2023-06-24T04:26:13+00:00\",\"mainEntityOfPage\":{\"@id\":\"https:\\\/\\\/www.eldiario.net\\\/portal\\\/2023\\\/06\\\/24\\\/cuestionan-falta-de-seriedad-en-las-investigaciones-por-narcovuelos\\\/\"},\"wordCount\":397,\"publisher\":{\"@id\":\"https:\\\/\\\/www.eldiario.net\\\/portal\\\/#organization\"},\"image\":{\"@id\":\"https:\\\/\\\/www.eldiario.net\\\/portal\\\/2023\\\/06\\\/24\\\/cuestionan-falta-de-seriedad-en-las-investigaciones-por-narcovuelos\\\/#primaryimage\"},\"thumbnailUrl\":\"https:\\\/\\\/www.eldiario.net\\\/portal\\\/wp-content\\\/uploads\\\/2023\\\/06\\\/42-POL-1.jpg\",\"articleSection\":[\"Pol\u00edtica\"],\"inLanguage\":\"es\"},{\"@type\":\"WebPage\",\"@id\":\"https:\\\/\\\/www.eldiario.net\\\/portal\\\/2023\\\/06\\\/24\\\/cuestionan-falta-de-seriedad-en-las-investigaciones-por-narcovuelos\\\/\",\"url\":\"https:\\\/\\\/www.eldiario.net\\\/portal\\\/2023\\\/06\\\/24\\\/cuestionan-falta-de-seriedad-en-las-investigaciones-por-narcovuelos\\\/\",\"name\":\"Cuestionan falta de seriedad en las investigaciones por \u201cnarcovuelos\u201d - El Diario - Bolivia\",\"isPartOf\":{\"@id\":\"https:\\\/\\\/www.eldiario.net\\\/portal\\\/#website\"},\"primaryImageOfPage\":{\"@id\":\"https:\\\/\\\/www.eldiario.net\\\/portal\\\/2023\\\/06\\\/24\\\/cuestionan-falta-de-seriedad-en-las-investigaciones-por-narcovuelos\\\/#primaryimage\"},\"image\":{\"@id\":\"https:\\\/\\\/www.eldiario.net\\\/portal\\\/2023\\\/06\\\/24\\\/cuestionan-falta-de-seriedad-en-las-investigaciones-por-narcovuelos\\\/#primaryimage\"},\"thumbnailUrl\":\"https:\\\/\\\/www.eldiario.net\\\/portal\\\/wp-content\\\/uploads\\\/2023\\\/06\\\/42-POL-1.jpg\",\"datePublished\":\"2023-06-24T04:26:13+00:00\",\"breadcrumb\":{\"@id\":\"https:\\\/\\\/www.eldiario.net\\\/portal\\\/2023\\\/06\\\/24\\\/cuestionan-falta-de-seriedad-en-las-investigaciones-por-narcovuelos\\\/#breadcrumb\"},\"inLanguage\":\"es\",\"potentialAction\":[{\"@type\":\"ReadAction\",\"target\":[\"https:\\\/\\\/www.eldiario.net\\\/portal\\\/2023\\\/06\\\/24\\\/cuestionan-falta-de-seriedad-en-las-investigaciones-por-narcovuelos\\\/\"]}]},{\"@type\":\"ImageObject\",\"inLanguage\":\"es\",\"@id\":\"https:\\\/\\\/www.eldiario.net\\\/portal\\\/2023\\\/06\\\/24\\\/cuestionan-falta-de-seriedad-en-las-investigaciones-por-narcovuelos\\\/#primaryimage\",\"url\":\"https:\\\/\\\/www.eldiario.net\\\/portal\\\/wp-content\\\/uploads\\\/2023\\\/06\\\/42-POL-1.jpg\",\"contentUrl\":\"https:\\\/\\\/www.eldiario.net\\\/portal\\\/wp-content\\\/uploads\\\/2023\\\/06\\\/42-POL-1.jpg\",\"width\":1000,\"height\":562,\"caption\":\"Senador Henry Montero (Creemos).\"},{\"@type\":\"BreadcrumbList\",\"@id\":\"https:\\\/\\\/www.eldiario.net\\\/portal\\\/2023\\\/06\\\/24\\\/cuestionan-falta-de-seriedad-en-las-investigaciones-por-narcovuelos\\\/#breadcrumb\",\"itemListElement\":[{\"@type\":\"ListItem\",\"position\":1,\"name\":\"Portada\",\"item\":\"https:\\\/\\\/www.eldiario.net\\\/portal\\\/\"},{\"@type\":\"ListItem\",\"position\":2,\"name\":\"Cuestionan falta de seriedad en las investigaciones por \u201cnarcovuelos\u201d\"}]},{\"@type\":\"WebSite\",\"@id\":\"https:\\\/\\\/www.eldiario.net\\\/portal\\\/#website\",\"url\":\"https:\\\/\\\/www.eldiario.net\\\/portal\\\/\",\"name\":\"El Diario - Decano de la prensa nacional\",\"description\":\"El Diario - Decano de la prensa nacional\",\"publisher\":{\"@id\":\"https:\\\/\\\/www.eldiario.net\\\/portal\\\/#organization\"},\"potentialAction\":[{\"@type\":\"SearchAction\",\"target\":{\"@type\":\"EntryPoint\",\"urlTemplate\":\"https:\\\/\\\/www.eldiario.net\\\/portal\\\/?s={search_term_string}\"},\"query-input\":{\"@type\":\"PropertyValueSpecification\",\"valueRequired\":true,\"valueName\":\"search_term_string\"}}],\"inLanguage\":\"es\"},{\"@type\":\"Organization\",\"@id\":\"https:\\\/\\\/www.eldiario.net\\\/portal\\\/#organization\",\"name\":\"El Diario - Decano de la prensa nacional\",\"url\":\"https:\\\/\\\/www.eldiario.net\\\/portal\\\/\",\"logo\":{\"@type\":\"ImageObject\",\"inLanguage\":\"es\",\"@id\":\"https:\\\/\\\/www.eldiario.net\\\/portal\\\/#\\\/schema\\\/logo\\\/image\\\/\",\"url\":\"https:\\\/\\\/www.eldiario.net\\\/portal\\\/wp-content\\\/uploads\\\/2023\\\/07\\\/logo_ED.jpg\",\"contentUrl\":\"https:\\\/\\\/www.eldiario.net\\\/portal\\\/wp-content\\\/uploads\\\/2023\\\/07\\\/logo_ED.jpg\",\"width\":272,\"height\":52,\"caption\":\"El Diario - Decano de la prensa nacional\"},\"image\":{\"@id\":\"https:\\\/\\\/www.eldiario.net\\\/portal\\\/#\\\/schema\\\/logo\\\/image\\\/\"},\"sameAs\":[\"https:\\\/\\\/www.facebook.com\\\/eldiario.bolivia\\\/\",\"https:\\\/\\\/x.com\\\/eldiario_net\"]},{\"@type\":\"Person\",\"@id\":\"https:\\\/\\\/www.eldiario.net\\\/portal\\\/#\\\/schema\\\/person\\\/f46445640444750d7d753ccd04ae01b7\",\"name\":\"Jeanette\",\"image\":{\"@type\":\"ImageObject\",\"inLanguage\":\"es\",\"@id\":\"https:\\\/\\\/secure.gravatar.com\\\/avatar\\\/3ea2118a5f7dad2b7138b1187a6b7ee55f160b9968b66013c3a3ef39dd7e5798?s=96&d=mm&r=g\",\"url\":\"https:\\\/\\\/secure.gravatar.com\\\/avatar\\\/3ea2118a5f7dad2b7138b1187a6b7ee55f160b9968b66013c3a3ef39dd7e5798?s=96&d=mm&r=g\",\"contentUrl\":\"https:\\\/\\\/secure.gravatar.com\\\/avatar\\\/3ea2118a5f7dad2b7138b1187a6b7ee55f160b9968b66013c3a3ef39dd7e5798?s=96&d=mm&r=g\",\"caption\":\"Jeanette\"},\"sameAs\":[\"https:\\\/\\\/www.eldiario.net\\\/portal\"],\"url\":\"https:\\\/\\\/www.eldiario.net\\\/portal\\\/author\\\/jeanette\\\/\"}]}<\/script>\n<!-- \/ Yoast SEO plugin. -->","yoast_head_json":{"title":"Cuestionan falta de seriedad en las investigaciones por \u201cnarcovuelos\u201d - El Diario - Bolivia","robots":{"index":"index","follow":"follow","max-snippet":"max-snippet:-1","max-image-preview":"max-image-preview:large","max-video-preview":"max-video-preview:-1"},"canonical":"https:\/\/www.eldiario.net\/portal\/2023\/06\/24\/cuestionan-falta-de-seriedad-en-las-investigaciones-por-narcovuelos\/","og_locale":"es_ES","og_type":"article","og_title":"Cuestionan falta de seriedad en las investigaciones por \u201cnarcovuelos\u201d - El Diario - Bolivia","og_description":"Ante las sospechas por la posible existencia de m\u00e1s vuelos en los que se transport\u00f3 droga desde territorio nacional hasta diferentes puntos en el exterior, el senador por la agrupaci\u00f3n Creemos, Henry Montero, lament\u00f3 la falta de seriedad con que las autoridades encaran las investigaciones en este caso. \u201cNo nos sorprende que hubieran m\u00e1s casos [&hellip;]","og_url":"https:\/\/www.eldiario.net\/portal\/2023\/06\/24\/cuestionan-falta-de-seriedad-en-las-investigaciones-por-narcovuelos\/","og_site_name":"El Diario - Bolivia","article_publisher":"https:\/\/www.facebook.com\/eldiario.bolivia\/","article_published_time":"2023-06-24T04:26:13+00:00","og_image":[{"width":1000,"height":562,"url":"https:\/\/www.eldiario.net\/portal\/wp-content\/uploads\/2023\/06\/42-POL-1.jpg","type":"image\/jpeg"}],"author":"Jeanette","twitter_card":"summary_large_image","twitter_creator":"@eldiario_net","twitter_site":"@eldiario_net","twitter_misc":{"Escrito por":"Jeanette","Tiempo de lectura":"2 minutos"},"schema":{"@context":"https:\/\/schema.org","@graph":[{"@type":"Article","@id":"https:\/\/www.eldiario.net\/portal\/2023\/06\/24\/cuestionan-falta-de-seriedad-en-las-investigaciones-por-narcovuelos\/#article","isPartOf":{"@id":"https:\/\/www.eldiario.net\/portal\/2023\/06\/24\/cuestionan-falta-de-seriedad-en-las-investigaciones-por-narcovuelos\/"},"author":{"name":"Jeanette","@id":"https:\/\/www.eldiario.net\/portal\/#\/schema\/person\/f46445640444750d7d753ccd04ae01b7"},"headline":"Cuestionan falta de seriedad en las investigaciones por \u201cnarcovuelos\u201d","datePublished":"2023-06-24T04:26:13+00:00","mainEntityOfPage":{"@id":"https:\/\/www.eldiario.net\/portal\/2023\/06\/24\/cuestionan-falta-de-seriedad-en-las-investigaciones-por-narcovuelos\/"},"wordCount":397,"publisher":{"@id":"https:\/\/www.eldiario.net\/portal\/#organization"},"image":{"@id":"https:\/\/www.eldiario.net\/portal\/2023\/06\/24\/cuestionan-falta-de-seriedad-en-las-investigaciones-por-narcovuelos\/#primaryimage"},"thumbnailUrl":"https:\/\/www.eldiario.net\/portal\/wp-content\/uploads\/2023\/06\/42-POL-1.jpg","articleSection":["Pol\u00edtica"],"inLanguage":"es"},{"@type":"WebPage","@id":"https:\/\/www.eldiario.net\/portal\/2023\/06\/24\/cuestionan-falta-de-seriedad-en-las-investigaciones-por-narcovuelos\/","url":"https:\/\/www.eldiario.net\/portal\/2023\/06\/24\/cuestionan-falta-de-seriedad-en-las-investigaciones-por-narcovuelos\/","name":"Cuestionan falta de seriedad en las investigaciones por \u201cnarcovuelos\u201d - El Diario - Bolivia","isPartOf":{"@id":"https:\/\/www.eldiario.net\/portal\/#website"},"primaryImageOfPage":{"@id":"https:\/\/www.eldiario.net\/portal\/2023\/06\/24\/cuestionan-falta-de-seriedad-en-las-investigaciones-por-narcovuelos\/#primaryimage"},"image":{"@id":"https:\/\/www.eldiario.net\/portal\/2023\/06\/24\/cuestionan-falta-de-seriedad-en-las-investigaciones-por-narcovuelos\/#primaryimage"},"thumbnailUrl":"https:\/\/www.eldiario.net\/portal\/wp-content\/uploads\/2023\/06\/42-POL-1.jpg","datePublished":"2023-06-24T04:26:13+00:00","breadcrumb":{"@id":"https:\/\/www.eldiario.net\/portal\/2023\/06\/24\/cuestionan-falta-de-seriedad-en-las-investigaciones-por-narcovuelos\/#breadcrumb"},"inLanguage":"es","potentialAction":[{"@type":"ReadAction","target":["https:\/\/www.eldiario.net\/portal\/2023\/06\/24\/cuestionan-falta-de-seriedad-en-las-investigaciones-por-narcovuelos\/"]}]},{"@type":"ImageObject","inLanguage":"es","@id":"https:\/\/www.eldiario.net\/portal\/2023\/06\/24\/cuestionan-falta-de-seriedad-en-las-investigaciones-por-narcovuelos\/#primaryimage","url":"https:\/\/www.eldiario.net\/portal\/wp-content\/uploads\/2023\/06\/42-POL-1.jpg","contentUrl":"https:\/\/www.eldiario.net\/portal\/wp-content\/uploads\/2023\/06\/42-POL-1.jpg","width":1000,"height":562,"caption":"Senador Henry Montero (Creemos)."},{"@type":"BreadcrumbList","@id":"https:\/\/www.eldiario.net\/portal\/2023\/06\/24\/cuestionan-falta-de-seriedad-en-las-investigaciones-por-narcovuelos\/#breadcrumb","itemListElement":[{"@type":"ListItem","position":1,"name":"Portada","item":"https:\/\/www.eldiario.net\/portal\/"},{"@type":"ListItem","position":2,"name":"Cuestionan falta de seriedad en las investigaciones por \u201cnarcovuelos\u201d"}]},{"@type":"WebSite","@id":"https:\/\/www.eldiario.net\/portal\/#website","url":"https:\/\/www.eldiario.net\/portal\/","name":"El Diario - Decano de la prensa nacional","description":"El Diario - Decano de la prensa nacional","publisher":{"@id":"https:\/\/www.eldiario.net\/portal\/#organization"},"potentialAction":[{"@type":"SearchAction","target":{"@type":"EntryPoint","urlTemplate":"https:\/\/www.eldiario.net\/portal\/?s={search_term_string}"},"query-input":{"@type":"PropertyValueSpecification","valueRequired":true,"valueName":"search_term_string"}}],"inLanguage":"es"},{"@type":"Organization","@id":"https:\/\/www.eldiario.net\/portal\/#organization","name":"El Diario - Decano de la prensa nacional","url":"https:\/\/www.eldiario.net\/portal\/","logo":{"@type":"ImageObject","inLanguage":"es","@id":"https:\/\/www.eldiario.net\/portal\/#\/schema\/logo\/image\/","url":"https:\/\/www.eldiario.net\/portal\/wp-content\/uploads\/2023\/07\/logo_ED.jpg","contentUrl":"https:\/\/www.eldiario.net\/portal\/wp-content\/uploads\/2023\/07\/logo_ED.jpg","width":272,"height":52,"caption":"El Diario - Decano de la prensa nacional"},"image":{"@id":"https:\/\/www.eldiario.net\/portal\/#\/schema\/logo\/image\/"},"sameAs":["https:\/\/www.facebook.com\/eldiario.bolivia\/","https:\/\/x.com\/eldiario_net"]},{"@type":"Person","@id":"https:\/\/www.eldiario.net\/portal\/#\/schema\/person\/f46445640444750d7d753ccd04ae01b7","name":"Jeanette","image":{"@type":"ImageObject","inLanguage":"es","@id":"https:\/\/secure.gravatar.com\/avatar\/3ea2118a5f7dad2b7138b1187a6b7ee55f160b9968b66013c3a3ef39dd7e5798?s=96&d=mm&r=g","url":"https:\/\/secure.gravatar.com\/avatar\/3ea2118a5f7dad2b7138b1187a6b7ee55f160b9968b66013c3a3ef39dd7e5798?s=96&d=mm&r=g","contentUrl":"https:\/\/secure.gravatar.com\/avatar\/3ea2118a5f7dad2b7138b1187a6b7ee55f160b9968b66013c3a3ef39dd7e5798?s=96&d=mm&r=g","caption":"Jeanette"},"sameAs":["https:\/\/www.eldiario.net\/portal"],"url":"https:\/\/www.eldiario.net\/portal\/author\/jeanette\/"}]}},"_links":{"self":[{"href":"https:\/\/www.eldiario.net\/portal\/wp-json\/wp\/v2\/posts\/161641","targetHints":{"allow":["GET"]}}],"collection":[{"href":"https:\/\/www.eldiario.net\/portal\/wp-json\/wp\/v2\/posts"}],"about":[{"href":"https:\/\/www.eldiario.net\/portal\/wp-json\/wp\/v2\/types\/post"}],"author":[{"embeddable":true,"href":"https:\/\/www.eldiario.net\/portal\/wp-json\/wp\/v2\/users\/1"}],"replies":[{"embeddable":true,"href":"https:\/\/www.eldiario.net\/portal\/wp-json\/wp\/v2\/comments?post=161641"}],"version-history":[{"count":0,"href":"https:\/\/www.eldiario.net\/portal\/wp-json\/wp\/v2\/posts\/161641\/revisions"}],"wp:featuredmedia":[{"embeddable":true,"href":"https:\/\/www.eldiario.net\/portal\/wp-json\/wp\/v2\/media\/161642"}],"wp:attachment":[{"href":"https:\/\/www.eldiario.net\/portal\/wp-json\/wp\/v2\/media?parent=161641"}],"wp:term":[{"taxonomy":"category","embeddable":true,"href":"https:\/\/www.eldiario.net\/portal\/wp-json\/wp\/v2\/categories?post=161641"},{"taxonomy":"post_tag","embeddable":true,"href":"https:\/\/www.eldiario.net\/portal\/wp-json\/wp\/v2\/tags?post=161641"}],"curies":[{"name":"wp","href":"https:\/\/api.w.org\/{rel}","templated":true}]}}