{"id":161638,"date":"2023-06-24T00:22:37","date_gmt":"2023-06-24T04:22:37","guid":{"rendered":"https:\/\/www.eldiario.net\/portal\/?p=161638"},"modified":"2023-06-24T00:22:37","modified_gmt":"2023-06-24T04:22:37","slug":"el-mas-prioriza-agenda-politica-antes-que-norma-por-delitos-sexuales","status":"publish","type":"post","link":"https:\/\/www.eldiario.net\/portal\/2023\/06\/24\/el-mas-prioriza-agenda-politica-antes-que-norma-por-delitos-sexuales\/","title":{"rendered":"El MAS prioriza agenda pol\u00edtica  antes que norma por delitos sexuales"},"content":{"rendered":"<p>Tras la determinaci\u00f3n de suspender la 128 Sesi\u00f3n Ordinaria de la C\u00e1mara de Diputados en la que deb\u00eda tratarse el Proyecto de Ley que declara la imprescriptibilidad de delitos sexuales contra ni\u00f1os, el diputado por Comunidad Ciudadana (CC), Jos\u00e9 Manuel Ormachea, cuestion\u00f3 a sus colegas del oficialismo por priorizar asuntos de car\u00e1cter pol\u00edtico antes que el an\u00e1lisis de una norma para luchar contra la pederastia en el pa\u00eds.<br \/>\nEn conferencia de prensa, Ormachea reproch\u00f3 el proceder de sus colegas en la C\u00e1mara Baja, por dejar de lado el an\u00e1lisis de un tema preocupante como la pederastia y los abusos contra menores, problem\u00e1tica que en el \u00faltimo tiempo ha provocado diferentes discursos de repudio, mismos que no se reflejan en la celeridad que se le da a normativas referidas al tema en la ALP.<br \/>\n\u201cEste es un tema fundamental a tratar en la C\u00e1mara de Diputados, tenemos informaci\u00f3n de que han llegado un mont\u00f3n de solicitudes de licencia por parte de distintos parlamentarios, m\u00e1s de treinta peticiones, en su inmensa mayor\u00eda del Movimiento al Socialismo\u201d, cuestion\u00f3 Ormachea.<br \/>\nPor el alto n\u00famero de excusas y la posterior determinaci\u00f3n de suspender la sesi\u00f3n en la que iba a tratarse una normativa para determinar la imprescriptibilidad en este tipo de delitos, el legislador pace\u00f1o lament\u00f3 el bajo inter\u00e9s demostrado para tratar normativas en este sentido.<br \/>\n\u201cSe nota que no se quiere tratar el tema de la pederastia en nuestro pa\u00eds y es bastante contradictorio con todo lo que se dijo sobre estar tremendamente preocupados por estos hechos en colegios e instituciones religiosas\u201d, dijo.<br \/>\nOrmachea cuestion\u00f3 que con estas actitudes se dilate, a\u00fan m\u00e1s, el tratamiento de normas importantes para el bienestar y la seguridad de la poblaci\u00f3n, tomando en cuenta los recientes hechos en un colegio de la ciudad de Santa Cruz y la aprehensi\u00f3n de un sacerdote acusado de abuso sexual en el departamento de Tarija.<br \/>\nAyer, legisladores del oficialismo participaron de una reuni\u00f3n convocada por la direcci\u00f3n nacional del MAS, en el municipio de Colcapirhua, en Cochabamba.<br \/>\nPara el diputado Juan Jos\u00e9 J\u00e1uregui, el hecho de que algunos parlamentarios del oficialismo prioricen actividades de car\u00e1cter pol\u00edtico solo significa que desconocen sus roles como parlamentarios.<br \/>\n\u201cEstos eventos de encuentros pol\u00edticos y la participaci\u00f3n de algunos legisladores priorizando un evento de esta naturaleza y desconociendo las facultades para las que han sido electos, sobre todo trat\u00e1ndose de una ley de esta importancia, es un desconocimiento de las atribuciones, facultades y deberes de los asamble\u00edstas\u201d, indic\u00f3.<\/p>\n","protected":false},"excerpt":{"rendered":"<p>Tras la determinaci\u00f3n de suspender la 128 Sesi\u00f3n Ordinaria de la C\u00e1mara de Diputados en la que deb\u00eda tratarse el Proyecto de Ley que declara la imprescriptibilidad de delitos sexuales contra ni\u00f1os, el diputado por Comunidad Ciudadana (CC), Jos\u00e9 Manuel Ormachea, cuestion\u00f3 a sus colegas del oficialismo por priorizar asuntos de car\u00e1cter pol\u00edtico antes que [&hellip;]<\/p>\n","protected":false},"author":1,"featured_media":161639,"comment_status":"closed","ping_status":"closed","sticky":false,"template":"","format":"standard","meta":{"_acf_changed":false,"footnotes":""},"categories":[14],"tags":[],"class_list":["post-161638","post","type-post","status-publish","format-standard","has-post-thumbnail","category-politica"],"acf":{"antetitulo":""},"yoast_head":"<!-- This site is optimized with the Yoast SEO plugin v28.3 - https:\/\/yoast.com\/product\/yoast-seo-wordpress\/ -->\n<title>El MAS prioriza agenda pol\u00edtica antes que norma por delitos sexuales - El Diario - Bolivia<\/title>\n<meta name=\"robots\" content=\"index, follow, max-snippet:-1, max-image-preview:large, max-video-preview:-1\" \/>\n<link rel=\"canonical\" href=\"https:\/\/www.eldiario.net\/portal\/2023\/06\/24\/el-mas-prioriza-agenda-politica-antes-que-norma-por-delitos-sexuales\/\" \/>\n<meta property=\"og:locale\" content=\"es_ES\" \/>\n<meta property=\"og:type\" content=\"article\" \/>\n<meta property=\"og:title\" content=\"El MAS prioriza agenda pol\u00edtica antes que norma por delitos sexuales - El Diario - Bolivia\" \/>\n<meta property=\"og:description\" content=\"Tras la determinaci\u00f3n de suspender la 128 Sesi\u00f3n Ordinaria de la C\u00e1mara de Diputados en la que deb\u00eda tratarse el Proyecto de Ley que declara la imprescriptibilidad de delitos sexuales contra ni\u00f1os, el diputado por Comunidad Ciudadana (CC), Jos\u00e9 Manuel Ormachea, cuestion\u00f3 a sus colegas del oficialismo por priorizar asuntos de car\u00e1cter pol\u00edtico antes que [&hellip;]\" \/>\n<meta property=\"og:url\" content=\"https:\/\/www.eldiario.net\/portal\/2023\/06\/24\/el-mas-prioriza-agenda-politica-antes-que-norma-por-delitos-sexuales\/\" \/>\n<meta property=\"og:site_name\" content=\"El Diario - Bolivia\" \/>\n<meta property=\"article:publisher\" content=\"https:\/\/www.facebook.com\/eldiario.bolivia\/\" \/>\n<meta property=\"article:published_time\" content=\"2023-06-24T04:22:37+00:00\" \/>\n<meta property=\"og:image\" content=\"https:\/\/www.eldiario.net\/portal\/wp-content\/uploads\/2023\/06\/41-POL-10.jpg\" \/>\n\t<meta property=\"og:image:width\" content=\"1280\" \/>\n\t<meta property=\"og:image:height\" content=\"720\" \/>\n\t<meta property=\"og:image:type\" content=\"image\/jpeg\" \/>\n<meta name=\"author\" content=\"Jeanette\" \/>\n<meta name=\"twitter:card\" content=\"summary_large_image\" \/>\n<meta name=\"twitter:creator\" content=\"@eldiario_net\" \/>\n<meta name=\"twitter:site\" content=\"@eldiario_net\" \/>\n<meta name=\"twitter:label1\" content=\"Escrito por\" \/>\n\t<meta name=\"twitter:data1\" content=\"Jeanette\" \/>\n\t<meta name=\"twitter:label2\" content=\"Tiempo de lectura\" \/>\n\t<meta name=\"twitter:data2\" content=\"2 minutos\" \/>\n<script type=\"application\/ld+json\" class=\"yoast-schema-graph\">{\"@context\":\"https:\\\/\\\/schema.org\",\"@graph\":[{\"@type\":\"Article\",\"@id\":\"https:\\\/\\\/www.eldiario.net\\\/portal\\\/2023\\\/06\\\/24\\\/el-mas-prioriza-agenda-politica-antes-que-norma-por-delitos-sexuales\\\/#article\",\"isPartOf\":{\"@id\":\"https:\\\/\\\/www.eldiario.net\\\/portal\\\/2023\\\/06\\\/24\\\/el-mas-prioriza-agenda-politica-antes-que-norma-por-delitos-sexuales\\\/\"},\"author\":{\"name\":\"Jeanette\",\"@id\":\"https:\\\/\\\/www.eldiario.net\\\/portal\\\/#\\\/schema\\\/person\\\/f46445640444750d7d753ccd04ae01b7\"},\"headline\":\"El MAS prioriza agenda pol\u00edtica antes que norma por delitos sexuales\",\"datePublished\":\"2023-06-24T04:22:37+00:00\",\"mainEntityOfPage\":{\"@id\":\"https:\\\/\\\/www.eldiario.net\\\/portal\\\/2023\\\/06\\\/24\\\/el-mas-prioriza-agenda-politica-antes-que-norma-por-delitos-sexuales\\\/\"},\"wordCount\":458,\"publisher\":{\"@id\":\"https:\\\/\\\/www.eldiario.net\\\/portal\\\/#organization\"},\"image\":{\"@id\":\"https:\\\/\\\/www.eldiario.net\\\/portal\\\/2023\\\/06\\\/24\\\/el-mas-prioriza-agenda-politica-antes-que-norma-por-delitos-sexuales\\\/#primaryimage\"},\"thumbnailUrl\":\"https:\\\/\\\/www.eldiario.net\\\/portal\\\/wp-content\\\/uploads\\\/2023\\\/06\\\/41-POL-10.jpg\",\"articleSection\":[\"Pol\u00edtica\"],\"inLanguage\":\"es\"},{\"@type\":\"WebPage\",\"@id\":\"https:\\\/\\\/www.eldiario.net\\\/portal\\\/2023\\\/06\\\/24\\\/el-mas-prioriza-agenda-politica-antes-que-norma-por-delitos-sexuales\\\/\",\"url\":\"https:\\\/\\\/www.eldiario.net\\\/portal\\\/2023\\\/06\\\/24\\\/el-mas-prioriza-agenda-politica-antes-que-norma-por-delitos-sexuales\\\/\",\"name\":\"El MAS prioriza agenda pol\u00edtica antes que norma por delitos sexuales - El Diario - Bolivia\",\"isPartOf\":{\"@id\":\"https:\\\/\\\/www.eldiario.net\\\/portal\\\/#website\"},\"primaryImageOfPage\":{\"@id\":\"https:\\\/\\\/www.eldiario.net\\\/portal\\\/2023\\\/06\\\/24\\\/el-mas-prioriza-agenda-politica-antes-que-norma-por-delitos-sexuales\\\/#primaryimage\"},\"image\":{\"@id\":\"https:\\\/\\\/www.eldiario.net\\\/portal\\\/2023\\\/06\\\/24\\\/el-mas-prioriza-agenda-politica-antes-que-norma-por-delitos-sexuales\\\/#primaryimage\"},\"thumbnailUrl\":\"https:\\\/\\\/www.eldiario.net\\\/portal\\\/wp-content\\\/uploads\\\/2023\\\/06\\\/41-POL-10.jpg\",\"datePublished\":\"2023-06-24T04:22:37+00:00\",\"breadcrumb\":{\"@id\":\"https:\\\/\\\/www.eldiario.net\\\/portal\\\/2023\\\/06\\\/24\\\/el-mas-prioriza-agenda-politica-antes-que-norma-por-delitos-sexuales\\\/#breadcrumb\"},\"inLanguage\":\"es\",\"potentialAction\":[{\"@type\":\"ReadAction\",\"target\":[\"https:\\\/\\\/www.eldiario.net\\\/portal\\\/2023\\\/06\\\/24\\\/el-mas-prioriza-agenda-politica-antes-que-norma-por-delitos-sexuales\\\/\"]}]},{\"@type\":\"ImageObject\",\"inLanguage\":\"es\",\"@id\":\"https:\\\/\\\/www.eldiario.net\\\/portal\\\/2023\\\/06\\\/24\\\/el-mas-prioriza-agenda-politica-antes-que-norma-por-delitos-sexuales\\\/#primaryimage\",\"url\":\"https:\\\/\\\/www.eldiario.net\\\/portal\\\/wp-content\\\/uploads\\\/2023\\\/06\\\/41-POL-10.jpg\",\"contentUrl\":\"https:\\\/\\\/www.eldiario.net\\\/portal\\\/wp-content\\\/uploads\\\/2023\\\/06\\\/41-POL-10.jpg\",\"width\":1280,\"height\":720,\"caption\":\"Diputado Jos\u00e9 Manuel Ormachea (CC).\"},{\"@type\":\"BreadcrumbList\",\"@id\":\"https:\\\/\\\/www.eldiario.net\\\/portal\\\/2023\\\/06\\\/24\\\/el-mas-prioriza-agenda-politica-antes-que-norma-por-delitos-sexuales\\\/#breadcrumb\",\"itemListElement\":[{\"@type\":\"ListItem\",\"position\":1,\"name\":\"Portada\",\"item\":\"https:\\\/\\\/www.eldiario.net\\\/portal\\\/\"},{\"@type\":\"ListItem\",\"position\":2,\"name\":\"El MAS prioriza agenda pol\u00edtica antes que norma por delitos sexuales\"}]},{\"@type\":\"WebSite\",\"@id\":\"https:\\\/\\\/www.eldiario.net\\\/portal\\\/#website\",\"url\":\"https:\\\/\\\/www.eldiario.net\\\/portal\\\/\",\"name\":\"El Diario - Decano de la prensa nacional\",\"description\":\"El Diario - Decano de la prensa nacional\",\"publisher\":{\"@id\":\"https:\\\/\\\/www.eldiario.net\\\/portal\\\/#organization\"},\"potentialAction\":[{\"@type\":\"SearchAction\",\"target\":{\"@type\":\"EntryPoint\",\"urlTemplate\":\"https:\\\/\\\/www.eldiario.net\\\/portal\\\/?s={search_term_string}\"},\"query-input\":{\"@type\":\"PropertyValueSpecification\",\"valueRequired\":true,\"valueName\":\"search_term_string\"}}],\"inLanguage\":\"es\"},{\"@type\":\"Organization\",\"@id\":\"https:\\\/\\\/www.eldiario.net\\\/portal\\\/#organization\",\"name\":\"El Diario - Decano de la prensa nacional\",\"url\":\"https:\\\/\\\/www.eldiario.net\\\/portal\\\/\",\"logo\":{\"@type\":\"ImageObject\",\"inLanguage\":\"es\",\"@id\":\"https:\\\/\\\/www.eldiario.net\\\/portal\\\/#\\\/schema\\\/logo\\\/image\\\/\",\"url\":\"https:\\\/\\\/www.eldiario.net\\\/portal\\\/wp-content\\\/uploads\\\/2023\\\/07\\\/logo_ED.jpg\",\"contentUrl\":\"https:\\\/\\\/www.eldiario.net\\\/portal\\\/wp-content\\\/uploads\\\/2023\\\/07\\\/logo_ED.jpg\",\"width\":272,\"height\":52,\"caption\":\"El Diario - Decano de la prensa nacional\"},\"image\":{\"@id\":\"https:\\\/\\\/www.eldiario.net\\\/portal\\\/#\\\/schema\\\/logo\\\/image\\\/\"},\"sameAs\":[\"https:\\\/\\\/www.facebook.com\\\/eldiario.bolivia\\\/\",\"https:\\\/\\\/x.com\\\/eldiario_net\"]},{\"@type\":\"Person\",\"@id\":\"https:\\\/\\\/www.eldiario.net\\\/portal\\\/#\\\/schema\\\/person\\\/f46445640444750d7d753ccd04ae01b7\",\"name\":\"Jeanette\",\"image\":{\"@type\":\"ImageObject\",\"inLanguage\":\"es\",\"@id\":\"https:\\\/\\\/secure.gravatar.com\\\/avatar\\\/3ea2118a5f7dad2b7138b1187a6b7ee55f160b9968b66013c3a3ef39dd7e5798?s=96&d=mm&r=g\",\"url\":\"https:\\\/\\\/secure.gravatar.com\\\/avatar\\\/3ea2118a5f7dad2b7138b1187a6b7ee55f160b9968b66013c3a3ef39dd7e5798?s=96&d=mm&r=g\",\"contentUrl\":\"https:\\\/\\\/secure.gravatar.com\\\/avatar\\\/3ea2118a5f7dad2b7138b1187a6b7ee55f160b9968b66013c3a3ef39dd7e5798?s=96&d=mm&r=g\",\"caption\":\"Jeanette\"},\"sameAs\":[\"https:\\\/\\\/www.eldiario.net\\\/portal\"],\"url\":\"https:\\\/\\\/www.eldiario.net\\\/portal\\\/author\\\/jeanette\\\/\"}]}<\/script>\n<!-- \/ Yoast SEO plugin. -->","yoast_head_json":{"title":"El MAS prioriza agenda pol\u00edtica antes que norma por delitos sexuales - El Diario - Bolivia","robots":{"index":"index","follow":"follow","max-snippet":"max-snippet:-1","max-image-preview":"max-image-preview:large","max-video-preview":"max-video-preview:-1"},"canonical":"https:\/\/www.eldiario.net\/portal\/2023\/06\/24\/el-mas-prioriza-agenda-politica-antes-que-norma-por-delitos-sexuales\/","og_locale":"es_ES","og_type":"article","og_title":"El MAS prioriza agenda pol\u00edtica antes que norma por delitos sexuales - El Diario - Bolivia","og_description":"Tras la determinaci\u00f3n de suspender la 128 Sesi\u00f3n Ordinaria de la C\u00e1mara de Diputados en la que deb\u00eda tratarse el Proyecto de Ley que declara la imprescriptibilidad de delitos sexuales contra ni\u00f1os, el diputado por Comunidad Ciudadana (CC), Jos\u00e9 Manuel Ormachea, cuestion\u00f3 a sus colegas del oficialismo por priorizar asuntos de car\u00e1cter pol\u00edtico antes que [&hellip;]","og_url":"https:\/\/www.eldiario.net\/portal\/2023\/06\/24\/el-mas-prioriza-agenda-politica-antes-que-norma-por-delitos-sexuales\/","og_site_name":"El Diario - Bolivia","article_publisher":"https:\/\/www.facebook.com\/eldiario.bolivia\/","article_published_time":"2023-06-24T04:22:37+00:00","og_image":[{"width":1280,"height":720,"url":"https:\/\/www.eldiario.net\/portal\/wp-content\/uploads\/2023\/06\/41-POL-10.jpg","type":"image\/jpeg"}],"author":"Jeanette","twitter_card":"summary_large_image","twitter_creator":"@eldiario_net","twitter_site":"@eldiario_net","twitter_misc":{"Escrito por":"Jeanette","Tiempo de lectura":"2 minutos"},"schema":{"@context":"https:\/\/schema.org","@graph":[{"@type":"Article","@id":"https:\/\/www.eldiario.net\/portal\/2023\/06\/24\/el-mas-prioriza-agenda-politica-antes-que-norma-por-delitos-sexuales\/#article","isPartOf":{"@id":"https:\/\/www.eldiario.net\/portal\/2023\/06\/24\/el-mas-prioriza-agenda-politica-antes-que-norma-por-delitos-sexuales\/"},"author":{"name":"Jeanette","@id":"https:\/\/www.eldiario.net\/portal\/#\/schema\/person\/f46445640444750d7d753ccd04ae01b7"},"headline":"El MAS prioriza agenda pol\u00edtica antes que norma por delitos sexuales","datePublished":"2023-06-24T04:22:37+00:00","mainEntityOfPage":{"@id":"https:\/\/www.eldiario.net\/portal\/2023\/06\/24\/el-mas-prioriza-agenda-politica-antes-que-norma-por-delitos-sexuales\/"},"wordCount":458,"publisher":{"@id":"https:\/\/www.eldiario.net\/portal\/#organization"},"image":{"@id":"https:\/\/www.eldiario.net\/portal\/2023\/06\/24\/el-mas-prioriza-agenda-politica-antes-que-norma-por-delitos-sexuales\/#primaryimage"},"thumbnailUrl":"https:\/\/www.eldiario.net\/portal\/wp-content\/uploads\/2023\/06\/41-POL-10.jpg","articleSection":["Pol\u00edtica"],"inLanguage":"es"},{"@type":"WebPage","@id":"https:\/\/www.eldiario.net\/portal\/2023\/06\/24\/el-mas-prioriza-agenda-politica-antes-que-norma-por-delitos-sexuales\/","url":"https:\/\/www.eldiario.net\/portal\/2023\/06\/24\/el-mas-prioriza-agenda-politica-antes-que-norma-por-delitos-sexuales\/","name":"El MAS prioriza agenda pol\u00edtica antes que norma por delitos sexuales - El Diario - Bolivia","isPartOf":{"@id":"https:\/\/www.eldiario.net\/portal\/#website"},"primaryImageOfPage":{"@id":"https:\/\/www.eldiario.net\/portal\/2023\/06\/24\/el-mas-prioriza-agenda-politica-antes-que-norma-por-delitos-sexuales\/#primaryimage"},"image":{"@id":"https:\/\/www.eldiario.net\/portal\/2023\/06\/24\/el-mas-prioriza-agenda-politica-antes-que-norma-por-delitos-sexuales\/#primaryimage"},"thumbnailUrl":"https:\/\/www.eldiario.net\/portal\/wp-content\/uploads\/2023\/06\/41-POL-10.jpg","datePublished":"2023-06-24T04:22:37+00:00","breadcrumb":{"@id":"https:\/\/www.eldiario.net\/portal\/2023\/06\/24\/el-mas-prioriza-agenda-politica-antes-que-norma-por-delitos-sexuales\/#breadcrumb"},"inLanguage":"es","potentialAction":[{"@type":"ReadAction","target":["https:\/\/www.eldiario.net\/portal\/2023\/06\/24\/el-mas-prioriza-agenda-politica-antes-que-norma-por-delitos-sexuales\/"]}]},{"@type":"ImageObject","inLanguage":"es","@id":"https:\/\/www.eldiario.net\/portal\/2023\/06\/24\/el-mas-prioriza-agenda-politica-antes-que-norma-por-delitos-sexuales\/#primaryimage","url":"https:\/\/www.eldiario.net\/portal\/wp-content\/uploads\/2023\/06\/41-POL-10.jpg","contentUrl":"https:\/\/www.eldiario.net\/portal\/wp-content\/uploads\/2023\/06\/41-POL-10.jpg","width":1280,"height":720,"caption":"Diputado Jos\u00e9 Manuel Ormachea (CC)."},{"@type":"BreadcrumbList","@id":"https:\/\/www.eldiario.net\/portal\/2023\/06\/24\/el-mas-prioriza-agenda-politica-antes-que-norma-por-delitos-sexuales\/#breadcrumb","itemListElement":[{"@type":"ListItem","position":1,"name":"Portada","item":"https:\/\/www.eldiario.net\/portal\/"},{"@type":"ListItem","position":2,"name":"El MAS prioriza agenda pol\u00edtica antes que norma por delitos sexuales"}]},{"@type":"WebSite","@id":"https:\/\/www.eldiario.net\/portal\/#website","url":"https:\/\/www.eldiario.net\/portal\/","name":"El Diario - Decano de la prensa nacional","description":"El Diario - Decano de la prensa nacional","publisher":{"@id":"https:\/\/www.eldiario.net\/portal\/#organization"},"potentialAction":[{"@type":"SearchAction","target":{"@type":"EntryPoint","urlTemplate":"https:\/\/www.eldiario.net\/portal\/?s={search_term_string}"},"query-input":{"@type":"PropertyValueSpecification","valueRequired":true,"valueName":"search_term_string"}}],"inLanguage":"es"},{"@type":"Organization","@id":"https:\/\/www.eldiario.net\/portal\/#organization","name":"El Diario - Decano de la prensa nacional","url":"https:\/\/www.eldiario.net\/portal\/","logo":{"@type":"ImageObject","inLanguage":"es","@id":"https:\/\/www.eldiario.net\/portal\/#\/schema\/logo\/image\/","url":"https:\/\/www.eldiario.net\/portal\/wp-content\/uploads\/2023\/07\/logo_ED.jpg","contentUrl":"https:\/\/www.eldiario.net\/portal\/wp-content\/uploads\/2023\/07\/logo_ED.jpg","width":272,"height":52,"caption":"El Diario - Decano de la prensa nacional"},"image":{"@id":"https:\/\/www.eldiario.net\/portal\/#\/schema\/logo\/image\/"},"sameAs":["https:\/\/www.facebook.com\/eldiario.bolivia\/","https:\/\/x.com\/eldiario_net"]},{"@type":"Person","@id":"https:\/\/www.eldiario.net\/portal\/#\/schema\/person\/f46445640444750d7d753ccd04ae01b7","name":"Jeanette","image":{"@type":"ImageObject","inLanguage":"es","@id":"https:\/\/secure.gravatar.com\/avatar\/3ea2118a5f7dad2b7138b1187a6b7ee55f160b9968b66013c3a3ef39dd7e5798?s=96&d=mm&r=g","url":"https:\/\/secure.gravatar.com\/avatar\/3ea2118a5f7dad2b7138b1187a6b7ee55f160b9968b66013c3a3ef39dd7e5798?s=96&d=mm&r=g","contentUrl":"https:\/\/secure.gravatar.com\/avatar\/3ea2118a5f7dad2b7138b1187a6b7ee55f160b9968b66013c3a3ef39dd7e5798?s=96&d=mm&r=g","caption":"Jeanette"},"sameAs":["https:\/\/www.eldiario.net\/portal"],"url":"https:\/\/www.eldiario.net\/portal\/author\/jeanette\/"}]}},"_links":{"self":[{"href":"https:\/\/www.eldiario.net\/portal\/wp-json\/wp\/v2\/posts\/161638","targetHints":{"allow":["GET"]}}],"collection":[{"href":"https:\/\/www.eldiario.net\/portal\/wp-json\/wp\/v2\/posts"}],"about":[{"href":"https:\/\/www.eldiario.net\/portal\/wp-json\/wp\/v2\/types\/post"}],"author":[{"embeddable":true,"href":"https:\/\/www.eldiario.net\/portal\/wp-json\/wp\/v2\/users\/1"}],"replies":[{"embeddable":true,"href":"https:\/\/www.eldiario.net\/portal\/wp-json\/wp\/v2\/comments?post=161638"}],"version-history":[{"count":0,"href":"https:\/\/www.eldiario.net\/portal\/wp-json\/wp\/v2\/posts\/161638\/revisions"}],"wp:featuredmedia":[{"embeddable":true,"href":"https:\/\/www.eldiario.net\/portal\/wp-json\/wp\/v2\/media\/161639"}],"wp:attachment":[{"href":"https:\/\/www.eldiario.net\/portal\/wp-json\/wp\/v2\/media?parent=161638"}],"wp:term":[{"taxonomy":"category","embeddable":true,"href":"https:\/\/www.eldiario.net\/portal\/wp-json\/wp\/v2\/categories?post=161638"},{"taxonomy":"post_tag","embeddable":true,"href":"https:\/\/www.eldiario.net\/portal\/wp-json\/wp\/v2\/tags?post=161638"}],"curies":[{"name":"wp","href":"https:\/\/api.w.org\/{rel}","templated":true}]}}