{"id":161636,"date":"2023-06-24T00:18:34","date_gmt":"2023-06-24T04:18:34","guid":{"rendered":"https:\/\/www.eldiario.net\/portal\/?p=161636"},"modified":"2023-06-24T00:18:34","modified_gmt":"2023-06-24T04:18:34","slug":"congreso-del-mas-fue-convocado-por-una-dirigencia-caduca-y-prorrogada","status":"publish","type":"post","link":"https:\/\/www.eldiario.net\/portal\/2023\/06\/24\/congreso-del-mas-fue-convocado-por-una-dirigencia-caduca-y-prorrogada\/","title":{"rendered":"Congreso del MAS fue convocado por una dirigencia caduca y prorrogada"},"content":{"rendered":"<p>Afirmando que la actual dirigencia del Movimiento al Socialismo (MAS), ha prorrogado sus funciones al frente de esta organizaci\u00f3n pol\u00edtica, el diputado oficialista, Juan Jos\u00e9 J\u00e1uregui, puso en duda la validez de la convocatoria a Congreso Nacional programado para el mes de octubre y sostuvo que deben ser los sectores sociales que dieron origen al partido azul, los encargados de reconducir y reestructurar su direcci\u00f3n nacional.<br \/>\nEn conferencia de prensa, J\u00e1uregui record\u00f3 que los estatutos vigentes de la fuerza pol\u00edtica en actual funci\u00f3n de Gobierno, establecen claramente el per\u00edodo de mandato para su dirigencia en un lapso m\u00e1ximo de dos a\u00f1os, lo que pone en duda si los actos y convocatorias que se realicen desde la actual direcci\u00f3n nacional cuente con validez y legitimidad.<br \/>\n\u201cEste directorio ya se ha prorrogado por seis a\u00f1os. Ahora lo que se debe analizar es s\u00ed ser\u00e1 l\u00edcita la convocatoria de una dirigencia caduca y prorrogada\u201d, afirm\u00f3 el legislador del ala renovadora.<br \/>\nEn relaci\u00f3n a este encuentro y los pedidos de renovaci\u00f3n expresados por diferentes sectores aliados del MAS, J\u00e1uregui sostuvo que es importante analizar la pertinencia de que organizaciones sociales que dieron origen al instrumento pol\u00edtico sean ahora las encargadas de reconducir la renovaci\u00f3n y la reestructuraci\u00f3n de su dirigencia nacional.<br \/>\nPese a todas las posiciones en relaci\u00f3n a estos temas, el parlamentario oficialista asegur\u00f3 que a\u00fan es muy prematuro asumir una posici\u00f3n definitiva, sin embargo, es importante que los aspectos ya referidos sean tomados en cuenta en el congreso nacional.<br \/>\n\u201cEs anticipado poder emitir un criterio sobre la conducta que vamos a tener al mes de octubre pero lo cierto es que existen estos dos escenarios. Tenemos una dirigencia prorrogada y necesariamente tendr\u00edamos que volver a la g\u00e9nesis del MAS que son los sectores que dieron origen a esta organizaci\u00f3n pol\u00edtica\u201d, concluy\u00f3.<br \/>\nEl jueves, desde la Direcci\u00f3n Nacional del Movimiento al Socialismo, se fij\u00f3 a la localidad de Lauca \u00d1, en el Chapare, como la sede para el congreso nacional de esta organizaci\u00f3n pol\u00edtica, a realizarse los d\u00edas 3, 4 y 5 del pr\u00f3ximo mes de octubre. As\u00ed mismo, se anunci\u00f3 que se cursar\u00e1n invitaciones al presidente Luis Arce y al vicepresidente David Choquehuanca, para que formen parte del encuentro.<br \/>\n\u201cSer\u00e1n invitados el Presidente y el Vicepresidente, adem\u00e1s de tres gobernadores. Tambi\u00e9n vamos a invitar a embajadores afines a nuestro movimiento pol\u00edtico. Van surgiendo movimientos pol\u00edticos, a veces humanistas, progresistas, pero tambi\u00e9n antiimperialistas y los embajadores son nuestros aliados estrat\u00e9gicos, ser\u00e1n invitados al congreso\u201d, inform\u00f3 el jefe del MAS, Evo Morales.<br \/>\nEn cuanto a la representaci\u00f3n por departamentos, detall\u00f3 que La Paz, Cochabamba y Santa Cruz participar\u00e1n, cada uno, con 150 delegados titulares; Potos\u00ed y Chuquisaca con 120 cada uno; Oruro y Tarija con 100; Beni con 80; y Pando con 70 delegados. \u201cVan a ser m\u00e1s los representantes de la Direcci\u00f3n Nacional, por direcci\u00f3n departamental tienen cinco titulares, las fuerzas sociales nacionales tienen cinco delegados; el Pacto de Unidad, especialmente los fundadores, tienen cinco delegados\u201d, indic\u00f3.<br \/>\nEsta semana, la Confederaci\u00f3n Sindical de Comunidades Interculturales Originarias de Bolivia, determin\u00f3 expulsar de sus filas al vicepresidente del MAS, Gerardo Garc\u00eda, debido a sus recientes declaraciones contra el presidente Luis Arce.<br \/>\nEste sector tambi\u00e9n cuestion\u00f3 a la direcci\u00f3n nacional del partido azul por no haber convocado, hasta ese momento, a un congreso para elegir a sus nuevos representantes, recordando que Morales y Garc\u00eda asumieron esta direcci\u00f3n desde diciembre de 2016. Tomando en cuenta que su per\u00edodo de funciones no deb\u00eda pasar los dos a\u00f1os, seg\u00fan estatuto, se los acus\u00f3 de transgredir el art\u00edculo 13 de su normativa interna.<br \/>\nLa convocatoria a este congreso nacional surge en momentos que la crisis interna en el partido azul se profundiz\u00f3 por los constantes ataques y acusaciones mutuas entre las alas \u201cradical\u201d y \u201crenovadora\u201d.<\/p>\n","protected":false},"excerpt":{"rendered":"<p>Afirmando que la actual dirigencia del Movimiento al Socialismo (MAS), ha prorrogado sus funciones al frente de esta organizaci\u00f3n pol\u00edtica, el diputado oficialista, Juan Jos\u00e9 J\u00e1uregui, puso en duda la validez de la convocatoria a Congreso Nacional programado para el mes de octubre y sostuvo que deben ser los sectores sociales que dieron origen al [&hellip;]<\/p>\n","protected":false},"author":1,"featured_media":0,"comment_status":"closed","ping_status":"closed","sticky":false,"template":"","format":"standard","meta":{"_acf_changed":false,"footnotes":""},"categories":[14],"tags":[],"class_list":["post-161636","post","type-post","status-publish","format-standard","category-politica"],"acf":{"antetitulo":""},"yoast_head":"<!-- This site is optimized with the Yoast SEO plugin v28.3 - https:\/\/yoast.com\/product\/yoast-seo-wordpress\/ -->\n<title>Congreso del MAS fue convocado por una dirigencia caduca y prorrogada - El Diario - Bolivia<\/title>\n<meta name=\"robots\" content=\"index, follow, max-snippet:-1, max-image-preview:large, max-video-preview:-1\" \/>\n<link rel=\"canonical\" href=\"https:\/\/www.eldiario.net\/portal\/2023\/06\/24\/congreso-del-mas-fue-convocado-por-una-dirigencia-caduca-y-prorrogada\/\" \/>\n<meta property=\"og:locale\" content=\"es_ES\" \/>\n<meta property=\"og:type\" content=\"article\" \/>\n<meta property=\"og:title\" content=\"Congreso del MAS fue convocado por una dirigencia caduca y prorrogada - El Diario - Bolivia\" \/>\n<meta property=\"og:description\" content=\"Afirmando que la actual dirigencia del Movimiento al Socialismo (MAS), ha prorrogado sus funciones al frente de esta organizaci\u00f3n pol\u00edtica, el diputado oficialista, Juan Jos\u00e9 J\u00e1uregui, puso en duda la validez de la convocatoria a Congreso Nacional programado para el mes de octubre y sostuvo que deben ser los sectores sociales que dieron origen al [&hellip;]\" \/>\n<meta property=\"og:url\" content=\"https:\/\/www.eldiario.net\/portal\/2023\/06\/24\/congreso-del-mas-fue-convocado-por-una-dirigencia-caduca-y-prorrogada\/\" \/>\n<meta property=\"og:site_name\" content=\"El Diario - Bolivia\" \/>\n<meta property=\"article:publisher\" content=\"https:\/\/www.facebook.com\/eldiario.bolivia\/\" \/>\n<meta property=\"article:published_time\" content=\"2023-06-24T04:18:34+00:00\" \/>\n<meta name=\"author\" content=\"Jeanette\" \/>\n<meta name=\"twitter:card\" content=\"summary_large_image\" \/>\n<meta name=\"twitter:creator\" content=\"@eldiario_net\" \/>\n<meta name=\"twitter:site\" content=\"@eldiario_net\" \/>\n<meta name=\"twitter:label1\" content=\"Escrito por\" \/>\n\t<meta name=\"twitter:data1\" content=\"Jeanette\" \/>\n\t<meta name=\"twitter:label2\" content=\"Tiempo de lectura\" \/>\n\t<meta name=\"twitter:data2\" content=\"3 minutos\" \/>\n<script type=\"application\/ld+json\" class=\"yoast-schema-graph\">{\"@context\":\"https:\\\/\\\/schema.org\",\"@graph\":[{\"@type\":\"Article\",\"@id\":\"https:\\\/\\\/www.eldiario.net\\\/portal\\\/2023\\\/06\\\/24\\\/congreso-del-mas-fue-convocado-por-una-dirigencia-caduca-y-prorrogada\\\/#article\",\"isPartOf\":{\"@id\":\"https:\\\/\\\/www.eldiario.net\\\/portal\\\/2023\\\/06\\\/24\\\/congreso-del-mas-fue-convocado-por-una-dirigencia-caduca-y-prorrogada\\\/\"},\"author\":{\"name\":\"Jeanette\",\"@id\":\"https:\\\/\\\/www.eldiario.net\\\/portal\\\/#\\\/schema\\\/person\\\/f46445640444750d7d753ccd04ae01b7\"},\"headline\":\"Congreso del MAS fue convocado por una dirigencia caduca y prorrogada\",\"datePublished\":\"2023-06-24T04:18:34+00:00\",\"mainEntityOfPage\":{\"@id\":\"https:\\\/\\\/www.eldiario.net\\\/portal\\\/2023\\\/06\\\/24\\\/congreso-del-mas-fue-convocado-por-una-dirigencia-caduca-y-prorrogada\\\/\"},\"wordCount\":681,\"publisher\":{\"@id\":\"https:\\\/\\\/www.eldiario.net\\\/portal\\\/#organization\"},\"articleSection\":[\"Pol\u00edtica\"],\"inLanguage\":\"es\"},{\"@type\":\"WebPage\",\"@id\":\"https:\\\/\\\/www.eldiario.net\\\/portal\\\/2023\\\/06\\\/24\\\/congreso-del-mas-fue-convocado-por-una-dirigencia-caduca-y-prorrogada\\\/\",\"url\":\"https:\\\/\\\/www.eldiario.net\\\/portal\\\/2023\\\/06\\\/24\\\/congreso-del-mas-fue-convocado-por-una-dirigencia-caduca-y-prorrogada\\\/\",\"name\":\"Congreso del MAS fue convocado por una dirigencia caduca y prorrogada - El Diario - Bolivia\",\"isPartOf\":{\"@id\":\"https:\\\/\\\/www.eldiario.net\\\/portal\\\/#website\"},\"datePublished\":\"2023-06-24T04:18:34+00:00\",\"breadcrumb\":{\"@id\":\"https:\\\/\\\/www.eldiario.net\\\/portal\\\/2023\\\/06\\\/24\\\/congreso-del-mas-fue-convocado-por-una-dirigencia-caduca-y-prorrogada\\\/#breadcrumb\"},\"inLanguage\":\"es\",\"potentialAction\":[{\"@type\":\"ReadAction\",\"target\":[\"https:\\\/\\\/www.eldiario.net\\\/portal\\\/2023\\\/06\\\/24\\\/congreso-del-mas-fue-convocado-por-una-dirigencia-caduca-y-prorrogada\\\/\"]}]},{\"@type\":\"BreadcrumbList\",\"@id\":\"https:\\\/\\\/www.eldiario.net\\\/portal\\\/2023\\\/06\\\/24\\\/congreso-del-mas-fue-convocado-por-una-dirigencia-caduca-y-prorrogada\\\/#breadcrumb\",\"itemListElement\":[{\"@type\":\"ListItem\",\"position\":1,\"name\":\"Portada\",\"item\":\"https:\\\/\\\/www.eldiario.net\\\/portal\\\/\"},{\"@type\":\"ListItem\",\"position\":2,\"name\":\"Congreso del MAS fue convocado por una dirigencia caduca y prorrogada\"}]},{\"@type\":\"WebSite\",\"@id\":\"https:\\\/\\\/www.eldiario.net\\\/portal\\\/#website\",\"url\":\"https:\\\/\\\/www.eldiario.net\\\/portal\\\/\",\"name\":\"El Diario - Decano de la prensa nacional\",\"description\":\"El Diario - Decano de la prensa nacional\",\"publisher\":{\"@id\":\"https:\\\/\\\/www.eldiario.net\\\/portal\\\/#organization\"},\"potentialAction\":[{\"@type\":\"SearchAction\",\"target\":{\"@type\":\"EntryPoint\",\"urlTemplate\":\"https:\\\/\\\/www.eldiario.net\\\/portal\\\/?s={search_term_string}\"},\"query-input\":{\"@type\":\"PropertyValueSpecification\",\"valueRequired\":true,\"valueName\":\"search_term_string\"}}],\"inLanguage\":\"es\"},{\"@type\":\"Organization\",\"@id\":\"https:\\\/\\\/www.eldiario.net\\\/portal\\\/#organization\",\"name\":\"El Diario - Decano de la prensa nacional\",\"url\":\"https:\\\/\\\/www.eldiario.net\\\/portal\\\/\",\"logo\":{\"@type\":\"ImageObject\",\"inLanguage\":\"es\",\"@id\":\"https:\\\/\\\/www.eldiario.net\\\/portal\\\/#\\\/schema\\\/logo\\\/image\\\/\",\"url\":\"https:\\\/\\\/www.eldiario.net\\\/portal\\\/wp-content\\\/uploads\\\/2023\\\/07\\\/logo_ED.jpg\",\"contentUrl\":\"https:\\\/\\\/www.eldiario.net\\\/portal\\\/wp-content\\\/uploads\\\/2023\\\/07\\\/logo_ED.jpg\",\"width\":272,\"height\":52,\"caption\":\"El Diario - Decano de la prensa nacional\"},\"image\":{\"@id\":\"https:\\\/\\\/www.eldiario.net\\\/portal\\\/#\\\/schema\\\/logo\\\/image\\\/\"},\"sameAs\":[\"https:\\\/\\\/www.facebook.com\\\/eldiario.bolivia\\\/\",\"https:\\\/\\\/x.com\\\/eldiario_net\"]},{\"@type\":\"Person\",\"@id\":\"https:\\\/\\\/www.eldiario.net\\\/portal\\\/#\\\/schema\\\/person\\\/f46445640444750d7d753ccd04ae01b7\",\"name\":\"Jeanette\",\"image\":{\"@type\":\"ImageObject\",\"inLanguage\":\"es\",\"@id\":\"https:\\\/\\\/secure.gravatar.com\\\/avatar\\\/3ea2118a5f7dad2b7138b1187a6b7ee55f160b9968b66013c3a3ef39dd7e5798?s=96&d=mm&r=g\",\"url\":\"https:\\\/\\\/secure.gravatar.com\\\/avatar\\\/3ea2118a5f7dad2b7138b1187a6b7ee55f160b9968b66013c3a3ef39dd7e5798?s=96&d=mm&r=g\",\"contentUrl\":\"https:\\\/\\\/secure.gravatar.com\\\/avatar\\\/3ea2118a5f7dad2b7138b1187a6b7ee55f160b9968b66013c3a3ef39dd7e5798?s=96&d=mm&r=g\",\"caption\":\"Jeanette\"},\"sameAs\":[\"https:\\\/\\\/www.eldiario.net\\\/portal\"],\"url\":\"https:\\\/\\\/www.eldiario.net\\\/portal\\\/author\\\/jeanette\\\/\"}]}<\/script>\n<!-- \/ Yoast SEO plugin. -->","yoast_head_json":{"title":"Congreso del MAS fue convocado por una dirigencia caduca y prorrogada - El Diario - Bolivia","robots":{"index":"index","follow":"follow","max-snippet":"max-snippet:-1","max-image-preview":"max-image-preview:large","max-video-preview":"max-video-preview:-1"},"canonical":"https:\/\/www.eldiario.net\/portal\/2023\/06\/24\/congreso-del-mas-fue-convocado-por-una-dirigencia-caduca-y-prorrogada\/","og_locale":"es_ES","og_type":"article","og_title":"Congreso del MAS fue convocado por una dirigencia caduca y prorrogada - El Diario - Bolivia","og_description":"Afirmando que la actual dirigencia del Movimiento al Socialismo (MAS), ha prorrogado sus funciones al frente de esta organizaci\u00f3n pol\u00edtica, el diputado oficialista, Juan Jos\u00e9 J\u00e1uregui, puso en duda la validez de la convocatoria a Congreso Nacional programado para el mes de octubre y sostuvo que deben ser los sectores sociales que dieron origen al [&hellip;]","og_url":"https:\/\/www.eldiario.net\/portal\/2023\/06\/24\/congreso-del-mas-fue-convocado-por-una-dirigencia-caduca-y-prorrogada\/","og_site_name":"El Diario - Bolivia","article_publisher":"https:\/\/www.facebook.com\/eldiario.bolivia\/","article_published_time":"2023-06-24T04:18:34+00:00","author":"Jeanette","twitter_card":"summary_large_image","twitter_creator":"@eldiario_net","twitter_site":"@eldiario_net","twitter_misc":{"Escrito por":"Jeanette","Tiempo de lectura":"3 minutos"},"schema":{"@context":"https:\/\/schema.org","@graph":[{"@type":"Article","@id":"https:\/\/www.eldiario.net\/portal\/2023\/06\/24\/congreso-del-mas-fue-convocado-por-una-dirigencia-caduca-y-prorrogada\/#article","isPartOf":{"@id":"https:\/\/www.eldiario.net\/portal\/2023\/06\/24\/congreso-del-mas-fue-convocado-por-una-dirigencia-caduca-y-prorrogada\/"},"author":{"name":"Jeanette","@id":"https:\/\/www.eldiario.net\/portal\/#\/schema\/person\/f46445640444750d7d753ccd04ae01b7"},"headline":"Congreso del MAS fue convocado por una dirigencia caduca y prorrogada","datePublished":"2023-06-24T04:18:34+00:00","mainEntityOfPage":{"@id":"https:\/\/www.eldiario.net\/portal\/2023\/06\/24\/congreso-del-mas-fue-convocado-por-una-dirigencia-caduca-y-prorrogada\/"},"wordCount":681,"publisher":{"@id":"https:\/\/www.eldiario.net\/portal\/#organization"},"articleSection":["Pol\u00edtica"],"inLanguage":"es"},{"@type":"WebPage","@id":"https:\/\/www.eldiario.net\/portal\/2023\/06\/24\/congreso-del-mas-fue-convocado-por-una-dirigencia-caduca-y-prorrogada\/","url":"https:\/\/www.eldiario.net\/portal\/2023\/06\/24\/congreso-del-mas-fue-convocado-por-una-dirigencia-caduca-y-prorrogada\/","name":"Congreso del MAS fue convocado por una dirigencia caduca y prorrogada - El Diario - Bolivia","isPartOf":{"@id":"https:\/\/www.eldiario.net\/portal\/#website"},"datePublished":"2023-06-24T04:18:34+00:00","breadcrumb":{"@id":"https:\/\/www.eldiario.net\/portal\/2023\/06\/24\/congreso-del-mas-fue-convocado-por-una-dirigencia-caduca-y-prorrogada\/#breadcrumb"},"inLanguage":"es","potentialAction":[{"@type":"ReadAction","target":["https:\/\/www.eldiario.net\/portal\/2023\/06\/24\/congreso-del-mas-fue-convocado-por-una-dirigencia-caduca-y-prorrogada\/"]}]},{"@type":"BreadcrumbList","@id":"https:\/\/www.eldiario.net\/portal\/2023\/06\/24\/congreso-del-mas-fue-convocado-por-una-dirigencia-caduca-y-prorrogada\/#breadcrumb","itemListElement":[{"@type":"ListItem","position":1,"name":"Portada","item":"https:\/\/www.eldiario.net\/portal\/"},{"@type":"ListItem","position":2,"name":"Congreso del MAS fue convocado por una dirigencia caduca y prorrogada"}]},{"@type":"WebSite","@id":"https:\/\/www.eldiario.net\/portal\/#website","url":"https:\/\/www.eldiario.net\/portal\/","name":"El Diario - Decano de la prensa nacional","description":"El Diario - Decano de la prensa nacional","publisher":{"@id":"https:\/\/www.eldiario.net\/portal\/#organization"},"potentialAction":[{"@type":"SearchAction","target":{"@type":"EntryPoint","urlTemplate":"https:\/\/www.eldiario.net\/portal\/?s={search_term_string}"},"query-input":{"@type":"PropertyValueSpecification","valueRequired":true,"valueName":"search_term_string"}}],"inLanguage":"es"},{"@type":"Organization","@id":"https:\/\/www.eldiario.net\/portal\/#organization","name":"El Diario - Decano de la prensa nacional","url":"https:\/\/www.eldiario.net\/portal\/","logo":{"@type":"ImageObject","inLanguage":"es","@id":"https:\/\/www.eldiario.net\/portal\/#\/schema\/logo\/image\/","url":"https:\/\/www.eldiario.net\/portal\/wp-content\/uploads\/2023\/07\/logo_ED.jpg","contentUrl":"https:\/\/www.eldiario.net\/portal\/wp-content\/uploads\/2023\/07\/logo_ED.jpg","width":272,"height":52,"caption":"El Diario - Decano de la prensa nacional"},"image":{"@id":"https:\/\/www.eldiario.net\/portal\/#\/schema\/logo\/image\/"},"sameAs":["https:\/\/www.facebook.com\/eldiario.bolivia\/","https:\/\/x.com\/eldiario_net"]},{"@type":"Person","@id":"https:\/\/www.eldiario.net\/portal\/#\/schema\/person\/f46445640444750d7d753ccd04ae01b7","name":"Jeanette","image":{"@type":"ImageObject","inLanguage":"es","@id":"https:\/\/secure.gravatar.com\/avatar\/3ea2118a5f7dad2b7138b1187a6b7ee55f160b9968b66013c3a3ef39dd7e5798?s=96&d=mm&r=g","url":"https:\/\/secure.gravatar.com\/avatar\/3ea2118a5f7dad2b7138b1187a6b7ee55f160b9968b66013c3a3ef39dd7e5798?s=96&d=mm&r=g","contentUrl":"https:\/\/secure.gravatar.com\/avatar\/3ea2118a5f7dad2b7138b1187a6b7ee55f160b9968b66013c3a3ef39dd7e5798?s=96&d=mm&r=g","caption":"Jeanette"},"sameAs":["https:\/\/www.eldiario.net\/portal"],"url":"https:\/\/www.eldiario.net\/portal\/author\/jeanette\/"}]}},"_links":{"self":[{"href":"https:\/\/www.eldiario.net\/portal\/wp-json\/wp\/v2\/posts\/161636","targetHints":{"allow":["GET"]}}],"collection":[{"href":"https:\/\/www.eldiario.net\/portal\/wp-json\/wp\/v2\/posts"}],"about":[{"href":"https:\/\/www.eldiario.net\/portal\/wp-json\/wp\/v2\/types\/post"}],"author":[{"embeddable":true,"href":"https:\/\/www.eldiario.net\/portal\/wp-json\/wp\/v2\/users\/1"}],"replies":[{"embeddable":true,"href":"https:\/\/www.eldiario.net\/portal\/wp-json\/wp\/v2\/comments?post=161636"}],"version-history":[{"count":0,"href":"https:\/\/www.eldiario.net\/portal\/wp-json\/wp\/v2\/posts\/161636\/revisions"}],"wp:attachment":[{"href":"https:\/\/www.eldiario.net\/portal\/wp-json\/wp\/v2\/media?parent=161636"}],"wp:term":[{"taxonomy":"category","embeddable":true,"href":"https:\/\/www.eldiario.net\/portal\/wp-json\/wp\/v2\/categories?post=161636"},{"taxonomy":"post_tag","embeddable":true,"href":"https:\/\/www.eldiario.net\/portal\/wp-json\/wp\/v2\/tags?post=161636"}],"curies":[{"name":"wp","href":"https:\/\/api.w.org\/{rel}","templated":true}]}}