{"id":161633,"date":"2023-06-24T00:15:12","date_gmt":"2023-06-24T04:15:12","guid":{"rendered":"https:\/\/www.eldiario.net\/portal\/?p=161633"},"modified":"2023-06-24T00:15:12","modified_gmt":"2023-06-24T04:15:12","slug":"preocupa-ley-europea-que-autoriza-espionaje-a-periodistas-y-sus-fuentes","status":"publish","type":"post","link":"https:\/\/www.eldiario.net\/portal\/2023\/06\/24\/preocupa-ley-europea-que-autoriza-espionaje-a-periodistas-y-sus-fuentes\/","title":{"rendered":"Preocupa ley europea que autoriza  espionaje a periodistas y sus fuentes"},"content":{"rendered":"<p>La prensa europea rechaza la nueva Ley Europea de Libertad de los Medios de Comunicaci\u00f3n, que da sus primeros pasos en la Uni\u00f3n Europea, por \u201cel peligroso desprecio de los principios de libertad de prensa\u201d que podr\u00eda conllevar.<br \/>\nEsta norma nace con la intenci\u00f3n de proteger a los periodistas y a los proveedores de medios de las injerencias pol\u00edticas, ante la creciente preocupaci\u00f3n en la UE por la politizaci\u00f3n de los medios de comunicaci\u00f3n y por la falta de transparencia en cuanto a su propiedad, seg\u00fan explican desde la UE. El texto, sin embargo, amenazar\u00eda la labor period\u00edstica y pone en riesgo el secreto de las comunicaciones al permitir que los gobiernos de la UE puedan autorizar el espionaje de periodistas y sus fuentes por motivos vagos de seguridad nacional, denuncian las asociaciones de prensa europea.<br \/>\nSu reacci\u00f3n llega despu\u00e9s de que los pa\u00edses de la UE acordaron una postura com\u00fan para negociar lo que ser\u00e1 la futura ley, sobre la que ahora tendr\u00e1n que iniciarse las negociaciones con el Parlamento Europeo una vez que este haya establecido a su vez su posici\u00f3n (que deber\u00eda aprobarse en el pleno a mediados de octubre). El objetivo conjunto, aclaran desde la UE, es que la Comisi\u00f3n, el Consejo y el Parlamento fijen postura, los llamados tr\u00edlogos y que concluyan las negociaciones antes de las pr\u00f3ximas elecciones al Parlamento Europeo (del 6 al 9 de junio de 2024).<br \/>\nLa Federaci\u00f3n Europea de Periodistas (EFJ por sus siglas en ingl\u00e9s), a la que pertenece la FAPE, cree que, pese a haber estado abogando por una regulaci\u00f3n fuerte y efectiva para responder a las numerosas amenazas que se plantean a la libertad de prensa en estos \u00faltimos tiempos, este acuerdo permite que los gobiernos de la UE tengan autorizaci\u00f3n para utilizar el espionaje.<br \/>\nEsta excepci\u00f3n, advierten desde la EFJ, dejar\u00eda sin efecto las protecciones otorgadas originalmente y pasa por alto la jurisprudencia del Tribunal de Justicia de la Uni\u00f3n Europea (TJUE) en el que se deja claro que, el mero prop\u00f3sito de salvaguardar la seguridad nacional no puede hacer inaplicable el derecho de la UE y no exime a los Estados miembros de sus obligaciones de cumplir con la ley. La EFJ, por lo tanto, se opone en\u00e9rgicamente a esta excepci\u00f3n al considerar que va en contra del objeto mismo de la legislaci\u00f3n.<br \/>\nLa comisi\u00f3n de investigaci\u00f3n sobre el uso del software Pegasus que se realiz\u00f3 en el Parlamento Europeo ya advirti\u00f3 a los Estados miembros de que la excusa de la seguridad nacional no puede suponer carta blanca para el uso de este tipo de programas evadiendo la legislaci\u00f3n europea, pero los tratados comunitarios otorgan a cada gobierno competencia total sobre c\u00f3mo protege su seguridad nacional.<\/p>\n<p>PROPIEDAD DE MEDIOS Y TRANSPARENCIA<br \/>\nEl Consejo, en un comunicado, explicaba que el reglamento busca salvaguardar la libertad, el pluralismo y la independencia de los medios de comunicaci\u00f3n. Tambi\u00e9n mostraba su preocupaci\u00f3n por informes recientes de la Comisi\u00f3n y del Media Pluralism Monitor (instrumento de seguimiento del pluralismo en los medios de comunicaci\u00f3n), que hab\u00edan puesto de relieve una serie de preocupaciones en la UE en relaci\u00f3n con temas como: la politizaci\u00f3n de los medios de comunicaci\u00f3n, la transparencia de su propiedad y la independencia de los reguladores de dichos medios.<br \/>\nEl acuerdo a la postura que se fij\u00f3 en el Consejo, se traduce en que los Estados miembros decidieron aplicar de forma m\u00e1s amplia los nuevos requisitos de transparencia tras la legislaci\u00f3n propuesta por la Comisi\u00f3n Europea el 16 de septiembre de 2022, con la intenci\u00f3n de introducir salvaguardias contra la interferencia pol\u00edtica, la concentraci\u00f3n de los medios y proteger a los periodistas y sus fuentes contra la vigilancia. (Infobae).<\/p>\n","protected":false},"excerpt":{"rendered":"<p>La prensa europea rechaza la nueva Ley Europea de Libertad de los Medios de Comunicaci\u00f3n, que da sus primeros pasos en la Uni\u00f3n Europea, por \u201cel peligroso desprecio de los principios de libertad de prensa\u201d que podr\u00eda conllevar. Esta norma nace con la intenci\u00f3n de proteger a los periodistas y a los proveedores de medios [&hellip;]<\/p>\n","protected":false},"author":1,"featured_media":161634,"comment_status":"closed","ping_status":"closed","sticky":false,"template":"","format":"standard","meta":{"_acf_changed":false,"footnotes":""},"categories":[3],"tags":[],"class_list":["post-161633","post","type-post","status-publish","format-standard","has-post-thumbnail","category-internacional"],"acf":{"antetitulo":""},"yoast_head":"<!-- This site is optimized with the Yoast SEO plugin v28.3 - https:\/\/yoast.com\/product\/yoast-seo-wordpress\/ -->\n<title>Preocupa ley europea que autoriza espionaje a periodistas y sus fuentes - El Diario - Bolivia<\/title>\n<meta name=\"robots\" content=\"index, follow, max-snippet:-1, max-image-preview:large, max-video-preview:-1\" \/>\n<link rel=\"canonical\" href=\"https:\/\/www.eldiario.net\/portal\/2023\/06\/24\/preocupa-ley-europea-que-autoriza-espionaje-a-periodistas-y-sus-fuentes\/\" \/>\n<meta property=\"og:locale\" content=\"es_ES\" \/>\n<meta property=\"og:type\" content=\"article\" \/>\n<meta property=\"og:title\" content=\"Preocupa ley europea que autoriza espionaje a periodistas y sus fuentes - El Diario - Bolivia\" \/>\n<meta property=\"og:description\" content=\"La prensa europea rechaza la nueva Ley Europea de Libertad de los Medios de Comunicaci\u00f3n, que da sus primeros pasos en la Uni\u00f3n Europea, por \u201cel peligroso desprecio de los principios de libertad de prensa\u201d que podr\u00eda conllevar. Esta norma nace con la intenci\u00f3n de proteger a los periodistas y a los proveedores de medios [&hellip;]\" \/>\n<meta property=\"og:url\" content=\"https:\/\/www.eldiario.net\/portal\/2023\/06\/24\/preocupa-ley-europea-que-autoriza-espionaje-a-periodistas-y-sus-fuentes\/\" \/>\n<meta property=\"og:site_name\" content=\"El Diario - Bolivia\" \/>\n<meta property=\"article:publisher\" content=\"https:\/\/www.facebook.com\/eldiario.bolivia\/\" \/>\n<meta property=\"article:published_time\" content=\"2023-06-24T04:15:12+00:00\" \/>\n<meta property=\"og:image\" content=\"https:\/\/www.eldiario.net\/portal\/wp-content\/uploads\/2023\/06\/PARLAMENTO-scaled-1.jpg\" \/>\n\t<meta property=\"og:image:width\" content=\"2560\" \/>\n\t<meta property=\"og:image:height\" content=\"1440\" \/>\n\t<meta property=\"og:image:type\" content=\"image\/jpeg\" \/>\n<meta name=\"author\" content=\"Jeanette\" \/>\n<meta name=\"twitter:card\" content=\"summary_large_image\" \/>\n<meta name=\"twitter:creator\" content=\"@eldiario_net\" \/>\n<meta name=\"twitter:site\" content=\"@eldiario_net\" \/>\n<meta name=\"twitter:label1\" content=\"Escrito por\" \/>\n\t<meta name=\"twitter:data1\" content=\"Jeanette\" \/>\n\t<meta name=\"twitter:label2\" content=\"Tiempo de lectura\" \/>\n\t<meta name=\"twitter:data2\" content=\"3 minutos\" \/>\n<script type=\"application\/ld+json\" class=\"yoast-schema-graph\">{\"@context\":\"https:\\\/\\\/schema.org\",\"@graph\":[{\"@type\":\"Article\",\"@id\":\"https:\\\/\\\/www.eldiario.net\\\/portal\\\/2023\\\/06\\\/24\\\/preocupa-ley-europea-que-autoriza-espionaje-a-periodistas-y-sus-fuentes\\\/#article\",\"isPartOf\":{\"@id\":\"https:\\\/\\\/www.eldiario.net\\\/portal\\\/2023\\\/06\\\/24\\\/preocupa-ley-europea-que-autoriza-espionaje-a-periodistas-y-sus-fuentes\\\/\"},\"author\":{\"name\":\"Jeanette\",\"@id\":\"https:\\\/\\\/www.eldiario.net\\\/portal\\\/#\\\/schema\\\/person\\\/f46445640444750d7d753ccd04ae01b7\"},\"headline\":\"Preocupa ley europea que autoriza espionaje a periodistas y sus fuentes\",\"datePublished\":\"2023-06-24T04:15:12+00:00\",\"mainEntityOfPage\":{\"@id\":\"https:\\\/\\\/www.eldiario.net\\\/portal\\\/2023\\\/06\\\/24\\\/preocupa-ley-europea-que-autoriza-espionaje-a-periodistas-y-sus-fuentes\\\/\"},\"wordCount\":670,\"publisher\":{\"@id\":\"https:\\\/\\\/www.eldiario.net\\\/portal\\\/#organization\"},\"image\":{\"@id\":\"https:\\\/\\\/www.eldiario.net\\\/portal\\\/2023\\\/06\\\/24\\\/preocupa-ley-europea-que-autoriza-espionaje-a-periodistas-y-sus-fuentes\\\/#primaryimage\"},\"thumbnailUrl\":\"https:\\\/\\\/www.eldiario.net\\\/portal\\\/wp-content\\\/uploads\\\/2023\\\/06\\\/PARLAMENTO-scaled-1.jpg\",\"articleSection\":[\"Internacional\"],\"inLanguage\":\"es\"},{\"@type\":\"WebPage\",\"@id\":\"https:\\\/\\\/www.eldiario.net\\\/portal\\\/2023\\\/06\\\/24\\\/preocupa-ley-europea-que-autoriza-espionaje-a-periodistas-y-sus-fuentes\\\/\",\"url\":\"https:\\\/\\\/www.eldiario.net\\\/portal\\\/2023\\\/06\\\/24\\\/preocupa-ley-europea-que-autoriza-espionaje-a-periodistas-y-sus-fuentes\\\/\",\"name\":\"Preocupa ley europea que autoriza espionaje a periodistas y sus fuentes - El Diario - Bolivia\",\"isPartOf\":{\"@id\":\"https:\\\/\\\/www.eldiario.net\\\/portal\\\/#website\"},\"primaryImageOfPage\":{\"@id\":\"https:\\\/\\\/www.eldiario.net\\\/portal\\\/2023\\\/06\\\/24\\\/preocupa-ley-europea-que-autoriza-espionaje-a-periodistas-y-sus-fuentes\\\/#primaryimage\"},\"image\":{\"@id\":\"https:\\\/\\\/www.eldiario.net\\\/portal\\\/2023\\\/06\\\/24\\\/preocupa-ley-europea-que-autoriza-espionaje-a-periodistas-y-sus-fuentes\\\/#primaryimage\"},\"thumbnailUrl\":\"https:\\\/\\\/www.eldiario.net\\\/portal\\\/wp-content\\\/uploads\\\/2023\\\/06\\\/PARLAMENTO-scaled-1.jpg\",\"datePublished\":\"2023-06-24T04:15:12+00:00\",\"breadcrumb\":{\"@id\":\"https:\\\/\\\/www.eldiario.net\\\/portal\\\/2023\\\/06\\\/24\\\/preocupa-ley-europea-que-autoriza-espionaje-a-periodistas-y-sus-fuentes\\\/#breadcrumb\"},\"inLanguage\":\"es\",\"potentialAction\":[{\"@type\":\"ReadAction\",\"target\":[\"https:\\\/\\\/www.eldiario.net\\\/portal\\\/2023\\\/06\\\/24\\\/preocupa-ley-europea-que-autoriza-espionaje-a-periodistas-y-sus-fuentes\\\/\"]}]},{\"@type\":\"ImageObject\",\"inLanguage\":\"es\",\"@id\":\"https:\\\/\\\/www.eldiario.net\\\/portal\\\/2023\\\/06\\\/24\\\/preocupa-ley-europea-que-autoriza-espionaje-a-periodistas-y-sus-fuentes\\\/#primaryimage\",\"url\":\"https:\\\/\\\/www.eldiario.net\\\/portal\\\/wp-content\\\/uploads\\\/2023\\\/06\\\/PARLAMENTO-scaled-1.jpg\",\"contentUrl\":\"https:\\\/\\\/www.eldiario.net\\\/portal\\\/wp-content\\\/uploads\\\/2023\\\/06\\\/PARLAMENTO-scaled-1.jpg\",\"width\":2560,\"height\":1440,\"caption\":\"PARLAMENTO EUROPEO REUNIDO EN SESI\u00d3N PLENARIA QUE PROMOVI\u00f3 LA LEY. REUTERS\"},{\"@type\":\"BreadcrumbList\",\"@id\":\"https:\\\/\\\/www.eldiario.net\\\/portal\\\/2023\\\/06\\\/24\\\/preocupa-ley-europea-que-autoriza-espionaje-a-periodistas-y-sus-fuentes\\\/#breadcrumb\",\"itemListElement\":[{\"@type\":\"ListItem\",\"position\":1,\"name\":\"Portada\",\"item\":\"https:\\\/\\\/www.eldiario.net\\\/portal\\\/\"},{\"@type\":\"ListItem\",\"position\":2,\"name\":\"Preocupa ley europea que autoriza espionaje a periodistas y sus fuentes\"}]},{\"@type\":\"WebSite\",\"@id\":\"https:\\\/\\\/www.eldiario.net\\\/portal\\\/#website\",\"url\":\"https:\\\/\\\/www.eldiario.net\\\/portal\\\/\",\"name\":\"El Diario - Decano de la prensa nacional\",\"description\":\"El Diario - Decano de la prensa nacional\",\"publisher\":{\"@id\":\"https:\\\/\\\/www.eldiario.net\\\/portal\\\/#organization\"},\"potentialAction\":[{\"@type\":\"SearchAction\",\"target\":{\"@type\":\"EntryPoint\",\"urlTemplate\":\"https:\\\/\\\/www.eldiario.net\\\/portal\\\/?s={search_term_string}\"},\"query-input\":{\"@type\":\"PropertyValueSpecification\",\"valueRequired\":true,\"valueName\":\"search_term_string\"}}],\"inLanguage\":\"es\"},{\"@type\":\"Organization\",\"@id\":\"https:\\\/\\\/www.eldiario.net\\\/portal\\\/#organization\",\"name\":\"El Diario - Decano de la prensa nacional\",\"url\":\"https:\\\/\\\/www.eldiario.net\\\/portal\\\/\",\"logo\":{\"@type\":\"ImageObject\",\"inLanguage\":\"es\",\"@id\":\"https:\\\/\\\/www.eldiario.net\\\/portal\\\/#\\\/schema\\\/logo\\\/image\\\/\",\"url\":\"https:\\\/\\\/www.eldiario.net\\\/portal\\\/wp-content\\\/uploads\\\/2023\\\/07\\\/logo_ED.jpg\",\"contentUrl\":\"https:\\\/\\\/www.eldiario.net\\\/portal\\\/wp-content\\\/uploads\\\/2023\\\/07\\\/logo_ED.jpg\",\"width\":272,\"height\":52,\"caption\":\"El Diario - Decano de la prensa nacional\"},\"image\":{\"@id\":\"https:\\\/\\\/www.eldiario.net\\\/portal\\\/#\\\/schema\\\/logo\\\/image\\\/\"},\"sameAs\":[\"https:\\\/\\\/www.facebook.com\\\/eldiario.bolivia\\\/\",\"https:\\\/\\\/x.com\\\/eldiario_net\"]},{\"@type\":\"Person\",\"@id\":\"https:\\\/\\\/www.eldiario.net\\\/portal\\\/#\\\/schema\\\/person\\\/f46445640444750d7d753ccd04ae01b7\",\"name\":\"Jeanette\",\"image\":{\"@type\":\"ImageObject\",\"inLanguage\":\"es\",\"@id\":\"https:\\\/\\\/secure.gravatar.com\\\/avatar\\\/3ea2118a5f7dad2b7138b1187a6b7ee55f160b9968b66013c3a3ef39dd7e5798?s=96&d=mm&r=g\",\"url\":\"https:\\\/\\\/secure.gravatar.com\\\/avatar\\\/3ea2118a5f7dad2b7138b1187a6b7ee55f160b9968b66013c3a3ef39dd7e5798?s=96&d=mm&r=g\",\"contentUrl\":\"https:\\\/\\\/secure.gravatar.com\\\/avatar\\\/3ea2118a5f7dad2b7138b1187a6b7ee55f160b9968b66013c3a3ef39dd7e5798?s=96&d=mm&r=g\",\"caption\":\"Jeanette\"},\"sameAs\":[\"https:\\\/\\\/www.eldiario.net\\\/portal\"],\"url\":\"https:\\\/\\\/www.eldiario.net\\\/portal\\\/author\\\/jeanette\\\/\"}]}<\/script>\n<!-- \/ Yoast SEO plugin. -->","yoast_head_json":{"title":"Preocupa ley europea que autoriza espionaje a periodistas y sus fuentes - El Diario - Bolivia","robots":{"index":"index","follow":"follow","max-snippet":"max-snippet:-1","max-image-preview":"max-image-preview:large","max-video-preview":"max-video-preview:-1"},"canonical":"https:\/\/www.eldiario.net\/portal\/2023\/06\/24\/preocupa-ley-europea-que-autoriza-espionaje-a-periodistas-y-sus-fuentes\/","og_locale":"es_ES","og_type":"article","og_title":"Preocupa ley europea que autoriza espionaje a periodistas y sus fuentes - El Diario - Bolivia","og_description":"La prensa europea rechaza la nueva Ley Europea de Libertad de los Medios de Comunicaci\u00f3n, que da sus primeros pasos en la Uni\u00f3n Europea, por \u201cel peligroso desprecio de los principios de libertad de prensa\u201d que podr\u00eda conllevar. Esta norma nace con la intenci\u00f3n de proteger a los periodistas y a los proveedores de medios [&hellip;]","og_url":"https:\/\/www.eldiario.net\/portal\/2023\/06\/24\/preocupa-ley-europea-que-autoriza-espionaje-a-periodistas-y-sus-fuentes\/","og_site_name":"El Diario - Bolivia","article_publisher":"https:\/\/www.facebook.com\/eldiario.bolivia\/","article_published_time":"2023-06-24T04:15:12+00:00","og_image":[{"width":2560,"height":1440,"url":"https:\/\/www.eldiario.net\/portal\/wp-content\/uploads\/2023\/06\/PARLAMENTO-scaled-1.jpg","type":"image\/jpeg"}],"author":"Jeanette","twitter_card":"summary_large_image","twitter_creator":"@eldiario_net","twitter_site":"@eldiario_net","twitter_misc":{"Escrito por":"Jeanette","Tiempo de lectura":"3 minutos"},"schema":{"@context":"https:\/\/schema.org","@graph":[{"@type":"Article","@id":"https:\/\/www.eldiario.net\/portal\/2023\/06\/24\/preocupa-ley-europea-que-autoriza-espionaje-a-periodistas-y-sus-fuentes\/#article","isPartOf":{"@id":"https:\/\/www.eldiario.net\/portal\/2023\/06\/24\/preocupa-ley-europea-que-autoriza-espionaje-a-periodistas-y-sus-fuentes\/"},"author":{"name":"Jeanette","@id":"https:\/\/www.eldiario.net\/portal\/#\/schema\/person\/f46445640444750d7d753ccd04ae01b7"},"headline":"Preocupa ley europea que autoriza espionaje a periodistas y sus fuentes","datePublished":"2023-06-24T04:15:12+00:00","mainEntityOfPage":{"@id":"https:\/\/www.eldiario.net\/portal\/2023\/06\/24\/preocupa-ley-europea-que-autoriza-espionaje-a-periodistas-y-sus-fuentes\/"},"wordCount":670,"publisher":{"@id":"https:\/\/www.eldiario.net\/portal\/#organization"},"image":{"@id":"https:\/\/www.eldiario.net\/portal\/2023\/06\/24\/preocupa-ley-europea-que-autoriza-espionaje-a-periodistas-y-sus-fuentes\/#primaryimage"},"thumbnailUrl":"https:\/\/www.eldiario.net\/portal\/wp-content\/uploads\/2023\/06\/PARLAMENTO-scaled-1.jpg","articleSection":["Internacional"],"inLanguage":"es"},{"@type":"WebPage","@id":"https:\/\/www.eldiario.net\/portal\/2023\/06\/24\/preocupa-ley-europea-que-autoriza-espionaje-a-periodistas-y-sus-fuentes\/","url":"https:\/\/www.eldiario.net\/portal\/2023\/06\/24\/preocupa-ley-europea-que-autoriza-espionaje-a-periodistas-y-sus-fuentes\/","name":"Preocupa ley europea que autoriza espionaje a periodistas y sus fuentes - El Diario - Bolivia","isPartOf":{"@id":"https:\/\/www.eldiario.net\/portal\/#website"},"primaryImageOfPage":{"@id":"https:\/\/www.eldiario.net\/portal\/2023\/06\/24\/preocupa-ley-europea-que-autoriza-espionaje-a-periodistas-y-sus-fuentes\/#primaryimage"},"image":{"@id":"https:\/\/www.eldiario.net\/portal\/2023\/06\/24\/preocupa-ley-europea-que-autoriza-espionaje-a-periodistas-y-sus-fuentes\/#primaryimage"},"thumbnailUrl":"https:\/\/www.eldiario.net\/portal\/wp-content\/uploads\/2023\/06\/PARLAMENTO-scaled-1.jpg","datePublished":"2023-06-24T04:15:12+00:00","breadcrumb":{"@id":"https:\/\/www.eldiario.net\/portal\/2023\/06\/24\/preocupa-ley-europea-que-autoriza-espionaje-a-periodistas-y-sus-fuentes\/#breadcrumb"},"inLanguage":"es","potentialAction":[{"@type":"ReadAction","target":["https:\/\/www.eldiario.net\/portal\/2023\/06\/24\/preocupa-ley-europea-que-autoriza-espionaje-a-periodistas-y-sus-fuentes\/"]}]},{"@type":"ImageObject","inLanguage":"es","@id":"https:\/\/www.eldiario.net\/portal\/2023\/06\/24\/preocupa-ley-europea-que-autoriza-espionaje-a-periodistas-y-sus-fuentes\/#primaryimage","url":"https:\/\/www.eldiario.net\/portal\/wp-content\/uploads\/2023\/06\/PARLAMENTO-scaled-1.jpg","contentUrl":"https:\/\/www.eldiario.net\/portal\/wp-content\/uploads\/2023\/06\/PARLAMENTO-scaled-1.jpg","width":2560,"height":1440,"caption":"PARLAMENTO EUROPEO REUNIDO EN SESI\u00d3N PLENARIA QUE PROMOVI\u00f3 LA LEY. REUTERS"},{"@type":"BreadcrumbList","@id":"https:\/\/www.eldiario.net\/portal\/2023\/06\/24\/preocupa-ley-europea-que-autoriza-espionaje-a-periodistas-y-sus-fuentes\/#breadcrumb","itemListElement":[{"@type":"ListItem","position":1,"name":"Portada","item":"https:\/\/www.eldiario.net\/portal\/"},{"@type":"ListItem","position":2,"name":"Preocupa ley europea que autoriza espionaje a periodistas y sus fuentes"}]},{"@type":"WebSite","@id":"https:\/\/www.eldiario.net\/portal\/#website","url":"https:\/\/www.eldiario.net\/portal\/","name":"El Diario - Decano de la prensa nacional","description":"El Diario - Decano de la prensa nacional","publisher":{"@id":"https:\/\/www.eldiario.net\/portal\/#organization"},"potentialAction":[{"@type":"SearchAction","target":{"@type":"EntryPoint","urlTemplate":"https:\/\/www.eldiario.net\/portal\/?s={search_term_string}"},"query-input":{"@type":"PropertyValueSpecification","valueRequired":true,"valueName":"search_term_string"}}],"inLanguage":"es"},{"@type":"Organization","@id":"https:\/\/www.eldiario.net\/portal\/#organization","name":"El Diario - Decano de la prensa nacional","url":"https:\/\/www.eldiario.net\/portal\/","logo":{"@type":"ImageObject","inLanguage":"es","@id":"https:\/\/www.eldiario.net\/portal\/#\/schema\/logo\/image\/","url":"https:\/\/www.eldiario.net\/portal\/wp-content\/uploads\/2023\/07\/logo_ED.jpg","contentUrl":"https:\/\/www.eldiario.net\/portal\/wp-content\/uploads\/2023\/07\/logo_ED.jpg","width":272,"height":52,"caption":"El Diario - Decano de la prensa nacional"},"image":{"@id":"https:\/\/www.eldiario.net\/portal\/#\/schema\/logo\/image\/"},"sameAs":["https:\/\/www.facebook.com\/eldiario.bolivia\/","https:\/\/x.com\/eldiario_net"]},{"@type":"Person","@id":"https:\/\/www.eldiario.net\/portal\/#\/schema\/person\/f46445640444750d7d753ccd04ae01b7","name":"Jeanette","image":{"@type":"ImageObject","inLanguage":"es","@id":"https:\/\/secure.gravatar.com\/avatar\/3ea2118a5f7dad2b7138b1187a6b7ee55f160b9968b66013c3a3ef39dd7e5798?s=96&d=mm&r=g","url":"https:\/\/secure.gravatar.com\/avatar\/3ea2118a5f7dad2b7138b1187a6b7ee55f160b9968b66013c3a3ef39dd7e5798?s=96&d=mm&r=g","contentUrl":"https:\/\/secure.gravatar.com\/avatar\/3ea2118a5f7dad2b7138b1187a6b7ee55f160b9968b66013c3a3ef39dd7e5798?s=96&d=mm&r=g","caption":"Jeanette"},"sameAs":["https:\/\/www.eldiario.net\/portal"],"url":"https:\/\/www.eldiario.net\/portal\/author\/jeanette\/"}]}},"_links":{"self":[{"href":"https:\/\/www.eldiario.net\/portal\/wp-json\/wp\/v2\/posts\/161633","targetHints":{"allow":["GET"]}}],"collection":[{"href":"https:\/\/www.eldiario.net\/portal\/wp-json\/wp\/v2\/posts"}],"about":[{"href":"https:\/\/www.eldiario.net\/portal\/wp-json\/wp\/v2\/types\/post"}],"author":[{"embeddable":true,"href":"https:\/\/www.eldiario.net\/portal\/wp-json\/wp\/v2\/users\/1"}],"replies":[{"embeddable":true,"href":"https:\/\/www.eldiario.net\/portal\/wp-json\/wp\/v2\/comments?post=161633"}],"version-history":[{"count":0,"href":"https:\/\/www.eldiario.net\/portal\/wp-json\/wp\/v2\/posts\/161633\/revisions"}],"wp:featuredmedia":[{"embeddable":true,"href":"https:\/\/www.eldiario.net\/portal\/wp-json\/wp\/v2\/media\/161634"}],"wp:attachment":[{"href":"https:\/\/www.eldiario.net\/portal\/wp-json\/wp\/v2\/media?parent=161633"}],"wp:term":[{"taxonomy":"category","embeddable":true,"href":"https:\/\/www.eldiario.net\/portal\/wp-json\/wp\/v2\/categories?post=161633"},{"taxonomy":"post_tag","embeddable":true,"href":"https:\/\/www.eldiario.net\/portal\/wp-json\/wp\/v2\/tags?post=161633"}],"curies":[{"name":"wp","href":"https:\/\/api.w.org\/{rel}","templated":true}]}}