{"id":161630,"date":"2023-06-24T00:11:14","date_gmt":"2023-06-24T04:11:14","guid":{"rendered":"https:\/\/www.eldiario.net\/portal\/?p=161630"},"modified":"2023-06-24T00:11:14","modified_gmt":"2023-06-24T04:11:14","slug":"la-violencia-y-la-burocracia-pone-en-riesgo-ayuda-humanitaria-en-sudan","status":"publish","type":"post","link":"https:\/\/www.eldiario.net\/portal\/2023\/06\/24\/la-violencia-y-la-burocracia-pone-en-riesgo-ayuda-humanitaria-en-sudan\/","title":{"rendered":"La violencia y la burocracia pone en  riesgo ayuda humanitaria en Sud\u00e1n"},"content":{"rendered":"<p>M\u00e9dicos sin Fronteras (MSF) alert\u00f3 ayer que la violencia generalizada y las dificultades burocr\u00e1ticas impiden la llegada regular de ayuda humanitaria a las zonas m\u00e1s afectadas por la guerra entre el Ej\u00e9rcito sudan\u00e9s y las Fuerzas de Apoyo R\u00e1pido (RSF), en la capital, Jartum, y la regi\u00f3n de Darfur.<br \/>\n\u201cLa gente muere mientras el sistema de salud del pa\u00eds se tambalea bajo el peso de unas necesidades abrumadoras\u201d, alerta Jean Nicolas Armstrong Dangelser, coordinador de Emergencias de MSF en Sud\u00e1n, quien denuncia niveles de violencia espeluznante por parte de Ej\u00e9rcito y paramilitares.<br \/>\nA ello se a\u00f1aden las enormes dificultades a las que se enfrentan los equipos de MSF para atravesar los innumerables controles en las carreteras del pa\u00eds, como lamenta el doctor Javid Abdelomoneim, jefe del equipo m\u00e9dico de MSF que acab\u00f3 bloqueado cuando intentaba efectuar un reparto de ayuda m\u00e9dica de emergencia desde Port Sud\u00e1n, donde MSF tiene su base de operaciones.<br \/>\n\u201c\u00bfPor qu\u00e9, despu\u00e9s de dos, tres, cuatro, cinco, seis, siete conversaciones con las autoridades, nuestros permisos para viajar de vuelta a Jartum y a los estados del r\u00edo Nilo fueron rechazados?\u201d, lament\u00f3 el doctor Abdelomoneim. \u00abHan pasado semanas y todo mi equipo sigue sentado en Port Sud\u00e1n sin poder hacer nada\u00bb, a\u00f1adi\u00f3.<br \/>\nMSF acusa a las autoridades de impedir repetidamente la circulaci\u00f3n de personal humanitario, m\u00e9dico y de suministros, de rechazar permisos de viaje solicitados a tiempo y con documentaci\u00f3n en regla sin que en alg\u00fan momento existan dado claros motivos e incluso denuncia que, en ocasiones, el personal de MSF fue acosado, amenazado o detenido.<br \/>\nA pesar de las reiteradas solicitudes y peticiones, las autoridades sudanesas lograron mucho menos visados de los que MSF necesita para traer personal suficiente para responder a las inmensas necesidades de la poblaci\u00f3n sudanesa en un proceso incoherente, poco fiable y sin garant\u00eda alguna.<br \/>\n\u00abAunque no est\u00e1 claro si estas acciones son un intento deliberado de restringir la ayuda humanitaria, las consecuencias para la poblaci\u00f3n son las mismas que si lo fueran: un acceso reducido a la asistencia sanitaria en el momento en que esta resulta m\u00e1s urgente\u00bb, lamenta la organizaci\u00f3n. (Europa Press).<\/p>\n","protected":false},"excerpt":{"rendered":"<p>M\u00e9dicos sin Fronteras (MSF) alert\u00f3 ayer que la violencia generalizada y las dificultades burocr\u00e1ticas impiden la llegada regular de ayuda humanitaria a las zonas m\u00e1s afectadas por la guerra entre el Ej\u00e9rcito sudan\u00e9s y las Fuerzas de Apoyo R\u00e1pido (RSF), en la capital, Jartum, y la regi\u00f3n de Darfur. \u201cLa gente muere mientras el sistema [&hellip;]<\/p>\n","protected":false},"author":1,"featured_media":161631,"comment_status":"closed","ping_status":"closed","sticky":false,"template":"","format":"standard","meta":{"_acf_changed":false,"footnotes":""},"categories":[3],"tags":[],"class_list":["post-161630","post","type-post","status-publish","format-standard","has-post-thumbnail","category-internacional"],"acf":{"antetitulo":""},"yoast_head":"<!-- This site is optimized with the Yoast SEO plugin v28.3 - https:\/\/yoast.com\/product\/yoast-seo-wordpress\/ -->\n<title>La violencia y la burocracia pone en riesgo ayuda humanitaria en Sud\u00e1n - El Diario - Bolivia<\/title>\n<meta name=\"robots\" content=\"index, follow, max-snippet:-1, max-image-preview:large, max-video-preview:-1\" \/>\n<link rel=\"canonical\" href=\"https:\/\/www.eldiario.net\/portal\/2023\/06\/24\/la-violencia-y-la-burocracia-pone-en-riesgo-ayuda-humanitaria-en-sudan\/\" \/>\n<meta property=\"og:locale\" content=\"es_ES\" \/>\n<meta property=\"og:type\" content=\"article\" \/>\n<meta property=\"og:title\" content=\"La violencia y la burocracia pone en riesgo ayuda humanitaria en Sud\u00e1n - El Diario - Bolivia\" \/>\n<meta property=\"og:description\" content=\"M\u00e9dicos sin Fronteras (MSF) alert\u00f3 ayer que la violencia generalizada y las dificultades burocr\u00e1ticas impiden la llegada regular de ayuda humanitaria a las zonas m\u00e1s afectadas por la guerra entre el Ej\u00e9rcito sudan\u00e9s y las Fuerzas de Apoyo R\u00e1pido (RSF), en la capital, Jartum, y la regi\u00f3n de Darfur. \u201cLa gente muere mientras el sistema [&hellip;]\" \/>\n<meta property=\"og:url\" content=\"https:\/\/www.eldiario.net\/portal\/2023\/06\/24\/la-violencia-y-la-burocracia-pone-en-riesgo-ayuda-humanitaria-en-sudan\/\" \/>\n<meta property=\"og:site_name\" content=\"El Diario - Bolivia\" \/>\n<meta property=\"article:publisher\" content=\"https:\/\/www.facebook.com\/eldiario.bolivia\/\" \/>\n<meta property=\"article:published_time\" content=\"2023-06-24T04:11:14+00:00\" \/>\n<meta property=\"og:image\" content=\"https:\/\/www.eldiario.net\/portal\/wp-content\/uploads\/2023\/06\/PERSONAL.jpg\" \/>\n\t<meta property=\"og:image:width\" content=\"936\" \/>\n\t<meta property=\"og:image:height\" content=\"600\" \/>\n\t<meta property=\"og:image:type\" content=\"image\/jpeg\" \/>\n<meta name=\"author\" content=\"Jeanette\" \/>\n<meta name=\"twitter:card\" content=\"summary_large_image\" \/>\n<meta name=\"twitter:creator\" content=\"@eldiario_net\" \/>\n<meta name=\"twitter:site\" content=\"@eldiario_net\" \/>\n<meta name=\"twitter:label1\" content=\"Escrito por\" \/>\n\t<meta name=\"twitter:data1\" content=\"Jeanette\" \/>\n\t<meta name=\"twitter:label2\" content=\"Tiempo de lectura\" \/>\n\t<meta name=\"twitter:data2\" content=\"2 minutos\" \/>\n<script type=\"application\/ld+json\" class=\"yoast-schema-graph\">{\"@context\":\"https:\\\/\\\/schema.org\",\"@graph\":[{\"@type\":\"Article\",\"@id\":\"https:\\\/\\\/www.eldiario.net\\\/portal\\\/2023\\\/06\\\/24\\\/la-violencia-y-la-burocracia-pone-en-riesgo-ayuda-humanitaria-en-sudan\\\/#article\",\"isPartOf\":{\"@id\":\"https:\\\/\\\/www.eldiario.net\\\/portal\\\/2023\\\/06\\\/24\\\/la-violencia-y-la-burocracia-pone-en-riesgo-ayuda-humanitaria-en-sudan\\\/\"},\"author\":{\"name\":\"Jeanette\",\"@id\":\"https:\\\/\\\/www.eldiario.net\\\/portal\\\/#\\\/schema\\\/person\\\/f46445640444750d7d753ccd04ae01b7\"},\"headline\":\"La violencia y la burocracia pone en riesgo ayuda humanitaria en Sud\u00e1n\",\"datePublished\":\"2023-06-24T04:11:14+00:00\",\"mainEntityOfPage\":{\"@id\":\"https:\\\/\\\/www.eldiario.net\\\/portal\\\/2023\\\/06\\\/24\\\/la-violencia-y-la-burocracia-pone-en-riesgo-ayuda-humanitaria-en-sudan\\\/\"},\"wordCount\":393,\"publisher\":{\"@id\":\"https:\\\/\\\/www.eldiario.net\\\/portal\\\/#organization\"},\"image\":{\"@id\":\"https:\\\/\\\/www.eldiario.net\\\/portal\\\/2023\\\/06\\\/24\\\/la-violencia-y-la-burocracia-pone-en-riesgo-ayuda-humanitaria-en-sudan\\\/#primaryimage\"},\"thumbnailUrl\":\"https:\\\/\\\/www.eldiario.net\\\/portal\\\/wp-content\\\/uploads\\\/2023\\\/06\\\/PERSONAL.jpg\",\"articleSection\":[\"Internacional\"],\"inLanguage\":\"es\"},{\"@type\":\"WebPage\",\"@id\":\"https:\\\/\\\/www.eldiario.net\\\/portal\\\/2023\\\/06\\\/24\\\/la-violencia-y-la-burocracia-pone-en-riesgo-ayuda-humanitaria-en-sudan\\\/\",\"url\":\"https:\\\/\\\/www.eldiario.net\\\/portal\\\/2023\\\/06\\\/24\\\/la-violencia-y-la-burocracia-pone-en-riesgo-ayuda-humanitaria-en-sudan\\\/\",\"name\":\"La violencia y la burocracia pone en riesgo ayuda humanitaria en Sud\u00e1n - El Diario - Bolivia\",\"isPartOf\":{\"@id\":\"https:\\\/\\\/www.eldiario.net\\\/portal\\\/#website\"},\"primaryImageOfPage\":{\"@id\":\"https:\\\/\\\/www.eldiario.net\\\/portal\\\/2023\\\/06\\\/24\\\/la-violencia-y-la-burocracia-pone-en-riesgo-ayuda-humanitaria-en-sudan\\\/#primaryimage\"},\"image\":{\"@id\":\"https:\\\/\\\/www.eldiario.net\\\/portal\\\/2023\\\/06\\\/24\\\/la-violencia-y-la-burocracia-pone-en-riesgo-ayuda-humanitaria-en-sudan\\\/#primaryimage\"},\"thumbnailUrl\":\"https:\\\/\\\/www.eldiario.net\\\/portal\\\/wp-content\\\/uploads\\\/2023\\\/06\\\/PERSONAL.jpg\",\"datePublished\":\"2023-06-24T04:11:14+00:00\",\"breadcrumb\":{\"@id\":\"https:\\\/\\\/www.eldiario.net\\\/portal\\\/2023\\\/06\\\/24\\\/la-violencia-y-la-burocracia-pone-en-riesgo-ayuda-humanitaria-en-sudan\\\/#breadcrumb\"},\"inLanguage\":\"es\",\"potentialAction\":[{\"@type\":\"ReadAction\",\"target\":[\"https:\\\/\\\/www.eldiario.net\\\/portal\\\/2023\\\/06\\\/24\\\/la-violencia-y-la-burocracia-pone-en-riesgo-ayuda-humanitaria-en-sudan\\\/\"]}]},{\"@type\":\"ImageObject\",\"inLanguage\":\"es\",\"@id\":\"https:\\\/\\\/www.eldiario.net\\\/portal\\\/2023\\\/06\\\/24\\\/la-violencia-y-la-burocracia-pone-en-riesgo-ayuda-humanitaria-en-sudan\\\/#primaryimage\",\"url\":\"https:\\\/\\\/www.eldiario.net\\\/portal\\\/wp-content\\\/uploads\\\/2023\\\/06\\\/PERSONAL.jpg\",\"contentUrl\":\"https:\\\/\\\/www.eldiario.net\\\/portal\\\/wp-content\\\/uploads\\\/2023\\\/06\\\/PERSONAL.jpg\",\"width\":936,\"height\":600,\"caption\":\"EXISTEN MUCHAS DIFICULTADES PARA INGRESAR EQUIPOS DE AYUDA.\"},{\"@type\":\"BreadcrumbList\",\"@id\":\"https:\\\/\\\/www.eldiario.net\\\/portal\\\/2023\\\/06\\\/24\\\/la-violencia-y-la-burocracia-pone-en-riesgo-ayuda-humanitaria-en-sudan\\\/#breadcrumb\",\"itemListElement\":[{\"@type\":\"ListItem\",\"position\":1,\"name\":\"Portada\",\"item\":\"https:\\\/\\\/www.eldiario.net\\\/portal\\\/\"},{\"@type\":\"ListItem\",\"position\":2,\"name\":\"La violencia y la burocracia pone en riesgo ayuda humanitaria en Sud\u00e1n\"}]},{\"@type\":\"WebSite\",\"@id\":\"https:\\\/\\\/www.eldiario.net\\\/portal\\\/#website\",\"url\":\"https:\\\/\\\/www.eldiario.net\\\/portal\\\/\",\"name\":\"El Diario - Decano de la prensa nacional\",\"description\":\"El Diario - Decano de la prensa nacional\",\"publisher\":{\"@id\":\"https:\\\/\\\/www.eldiario.net\\\/portal\\\/#organization\"},\"potentialAction\":[{\"@type\":\"SearchAction\",\"target\":{\"@type\":\"EntryPoint\",\"urlTemplate\":\"https:\\\/\\\/www.eldiario.net\\\/portal\\\/?s={search_term_string}\"},\"query-input\":{\"@type\":\"PropertyValueSpecification\",\"valueRequired\":true,\"valueName\":\"search_term_string\"}}],\"inLanguage\":\"es\"},{\"@type\":\"Organization\",\"@id\":\"https:\\\/\\\/www.eldiario.net\\\/portal\\\/#organization\",\"name\":\"El Diario - Decano de la prensa nacional\",\"url\":\"https:\\\/\\\/www.eldiario.net\\\/portal\\\/\",\"logo\":{\"@type\":\"ImageObject\",\"inLanguage\":\"es\",\"@id\":\"https:\\\/\\\/www.eldiario.net\\\/portal\\\/#\\\/schema\\\/logo\\\/image\\\/\",\"url\":\"https:\\\/\\\/www.eldiario.net\\\/portal\\\/wp-content\\\/uploads\\\/2023\\\/07\\\/logo_ED.jpg\",\"contentUrl\":\"https:\\\/\\\/www.eldiario.net\\\/portal\\\/wp-content\\\/uploads\\\/2023\\\/07\\\/logo_ED.jpg\",\"width\":272,\"height\":52,\"caption\":\"El Diario - Decano de la prensa nacional\"},\"image\":{\"@id\":\"https:\\\/\\\/www.eldiario.net\\\/portal\\\/#\\\/schema\\\/logo\\\/image\\\/\"},\"sameAs\":[\"https:\\\/\\\/www.facebook.com\\\/eldiario.bolivia\\\/\",\"https:\\\/\\\/x.com\\\/eldiario_net\"]},{\"@type\":\"Person\",\"@id\":\"https:\\\/\\\/www.eldiario.net\\\/portal\\\/#\\\/schema\\\/person\\\/f46445640444750d7d753ccd04ae01b7\",\"name\":\"Jeanette\",\"image\":{\"@type\":\"ImageObject\",\"inLanguage\":\"es\",\"@id\":\"https:\\\/\\\/secure.gravatar.com\\\/avatar\\\/3ea2118a5f7dad2b7138b1187a6b7ee55f160b9968b66013c3a3ef39dd7e5798?s=96&d=mm&r=g\",\"url\":\"https:\\\/\\\/secure.gravatar.com\\\/avatar\\\/3ea2118a5f7dad2b7138b1187a6b7ee55f160b9968b66013c3a3ef39dd7e5798?s=96&d=mm&r=g\",\"contentUrl\":\"https:\\\/\\\/secure.gravatar.com\\\/avatar\\\/3ea2118a5f7dad2b7138b1187a6b7ee55f160b9968b66013c3a3ef39dd7e5798?s=96&d=mm&r=g\",\"caption\":\"Jeanette\"},\"sameAs\":[\"https:\\\/\\\/www.eldiario.net\\\/portal\"],\"url\":\"https:\\\/\\\/www.eldiario.net\\\/portal\\\/author\\\/jeanette\\\/\"}]}<\/script>\n<!-- \/ Yoast SEO plugin. -->","yoast_head_json":{"title":"La violencia y la burocracia pone en riesgo ayuda humanitaria en Sud\u00e1n - El Diario - Bolivia","robots":{"index":"index","follow":"follow","max-snippet":"max-snippet:-1","max-image-preview":"max-image-preview:large","max-video-preview":"max-video-preview:-1"},"canonical":"https:\/\/www.eldiario.net\/portal\/2023\/06\/24\/la-violencia-y-la-burocracia-pone-en-riesgo-ayuda-humanitaria-en-sudan\/","og_locale":"es_ES","og_type":"article","og_title":"La violencia y la burocracia pone en riesgo ayuda humanitaria en Sud\u00e1n - El Diario - Bolivia","og_description":"M\u00e9dicos sin Fronteras (MSF) alert\u00f3 ayer que la violencia generalizada y las dificultades burocr\u00e1ticas impiden la llegada regular de ayuda humanitaria a las zonas m\u00e1s afectadas por la guerra entre el Ej\u00e9rcito sudan\u00e9s y las Fuerzas de Apoyo R\u00e1pido (RSF), en la capital, Jartum, y la regi\u00f3n de Darfur. \u201cLa gente muere mientras el sistema [&hellip;]","og_url":"https:\/\/www.eldiario.net\/portal\/2023\/06\/24\/la-violencia-y-la-burocracia-pone-en-riesgo-ayuda-humanitaria-en-sudan\/","og_site_name":"El Diario - Bolivia","article_publisher":"https:\/\/www.facebook.com\/eldiario.bolivia\/","article_published_time":"2023-06-24T04:11:14+00:00","og_image":[{"width":936,"height":600,"url":"https:\/\/www.eldiario.net\/portal\/wp-content\/uploads\/2023\/06\/PERSONAL.jpg","type":"image\/jpeg"}],"author":"Jeanette","twitter_card":"summary_large_image","twitter_creator":"@eldiario_net","twitter_site":"@eldiario_net","twitter_misc":{"Escrito por":"Jeanette","Tiempo de lectura":"2 minutos"},"schema":{"@context":"https:\/\/schema.org","@graph":[{"@type":"Article","@id":"https:\/\/www.eldiario.net\/portal\/2023\/06\/24\/la-violencia-y-la-burocracia-pone-en-riesgo-ayuda-humanitaria-en-sudan\/#article","isPartOf":{"@id":"https:\/\/www.eldiario.net\/portal\/2023\/06\/24\/la-violencia-y-la-burocracia-pone-en-riesgo-ayuda-humanitaria-en-sudan\/"},"author":{"name":"Jeanette","@id":"https:\/\/www.eldiario.net\/portal\/#\/schema\/person\/f46445640444750d7d753ccd04ae01b7"},"headline":"La violencia y la burocracia pone en riesgo ayuda humanitaria en Sud\u00e1n","datePublished":"2023-06-24T04:11:14+00:00","mainEntityOfPage":{"@id":"https:\/\/www.eldiario.net\/portal\/2023\/06\/24\/la-violencia-y-la-burocracia-pone-en-riesgo-ayuda-humanitaria-en-sudan\/"},"wordCount":393,"publisher":{"@id":"https:\/\/www.eldiario.net\/portal\/#organization"},"image":{"@id":"https:\/\/www.eldiario.net\/portal\/2023\/06\/24\/la-violencia-y-la-burocracia-pone-en-riesgo-ayuda-humanitaria-en-sudan\/#primaryimage"},"thumbnailUrl":"https:\/\/www.eldiario.net\/portal\/wp-content\/uploads\/2023\/06\/PERSONAL.jpg","articleSection":["Internacional"],"inLanguage":"es"},{"@type":"WebPage","@id":"https:\/\/www.eldiario.net\/portal\/2023\/06\/24\/la-violencia-y-la-burocracia-pone-en-riesgo-ayuda-humanitaria-en-sudan\/","url":"https:\/\/www.eldiario.net\/portal\/2023\/06\/24\/la-violencia-y-la-burocracia-pone-en-riesgo-ayuda-humanitaria-en-sudan\/","name":"La violencia y la burocracia pone en riesgo ayuda humanitaria en Sud\u00e1n - El Diario - Bolivia","isPartOf":{"@id":"https:\/\/www.eldiario.net\/portal\/#website"},"primaryImageOfPage":{"@id":"https:\/\/www.eldiario.net\/portal\/2023\/06\/24\/la-violencia-y-la-burocracia-pone-en-riesgo-ayuda-humanitaria-en-sudan\/#primaryimage"},"image":{"@id":"https:\/\/www.eldiario.net\/portal\/2023\/06\/24\/la-violencia-y-la-burocracia-pone-en-riesgo-ayuda-humanitaria-en-sudan\/#primaryimage"},"thumbnailUrl":"https:\/\/www.eldiario.net\/portal\/wp-content\/uploads\/2023\/06\/PERSONAL.jpg","datePublished":"2023-06-24T04:11:14+00:00","breadcrumb":{"@id":"https:\/\/www.eldiario.net\/portal\/2023\/06\/24\/la-violencia-y-la-burocracia-pone-en-riesgo-ayuda-humanitaria-en-sudan\/#breadcrumb"},"inLanguage":"es","potentialAction":[{"@type":"ReadAction","target":["https:\/\/www.eldiario.net\/portal\/2023\/06\/24\/la-violencia-y-la-burocracia-pone-en-riesgo-ayuda-humanitaria-en-sudan\/"]}]},{"@type":"ImageObject","inLanguage":"es","@id":"https:\/\/www.eldiario.net\/portal\/2023\/06\/24\/la-violencia-y-la-burocracia-pone-en-riesgo-ayuda-humanitaria-en-sudan\/#primaryimage","url":"https:\/\/www.eldiario.net\/portal\/wp-content\/uploads\/2023\/06\/PERSONAL.jpg","contentUrl":"https:\/\/www.eldiario.net\/portal\/wp-content\/uploads\/2023\/06\/PERSONAL.jpg","width":936,"height":600,"caption":"EXISTEN MUCHAS DIFICULTADES PARA INGRESAR EQUIPOS DE AYUDA."},{"@type":"BreadcrumbList","@id":"https:\/\/www.eldiario.net\/portal\/2023\/06\/24\/la-violencia-y-la-burocracia-pone-en-riesgo-ayuda-humanitaria-en-sudan\/#breadcrumb","itemListElement":[{"@type":"ListItem","position":1,"name":"Portada","item":"https:\/\/www.eldiario.net\/portal\/"},{"@type":"ListItem","position":2,"name":"La violencia y la burocracia pone en riesgo ayuda humanitaria en Sud\u00e1n"}]},{"@type":"WebSite","@id":"https:\/\/www.eldiario.net\/portal\/#website","url":"https:\/\/www.eldiario.net\/portal\/","name":"El Diario - Decano de la prensa nacional","description":"El Diario - Decano de la prensa nacional","publisher":{"@id":"https:\/\/www.eldiario.net\/portal\/#organization"},"potentialAction":[{"@type":"SearchAction","target":{"@type":"EntryPoint","urlTemplate":"https:\/\/www.eldiario.net\/portal\/?s={search_term_string}"},"query-input":{"@type":"PropertyValueSpecification","valueRequired":true,"valueName":"search_term_string"}}],"inLanguage":"es"},{"@type":"Organization","@id":"https:\/\/www.eldiario.net\/portal\/#organization","name":"El Diario - Decano de la prensa nacional","url":"https:\/\/www.eldiario.net\/portal\/","logo":{"@type":"ImageObject","inLanguage":"es","@id":"https:\/\/www.eldiario.net\/portal\/#\/schema\/logo\/image\/","url":"https:\/\/www.eldiario.net\/portal\/wp-content\/uploads\/2023\/07\/logo_ED.jpg","contentUrl":"https:\/\/www.eldiario.net\/portal\/wp-content\/uploads\/2023\/07\/logo_ED.jpg","width":272,"height":52,"caption":"El Diario - Decano de la prensa nacional"},"image":{"@id":"https:\/\/www.eldiario.net\/portal\/#\/schema\/logo\/image\/"},"sameAs":["https:\/\/www.facebook.com\/eldiario.bolivia\/","https:\/\/x.com\/eldiario_net"]},{"@type":"Person","@id":"https:\/\/www.eldiario.net\/portal\/#\/schema\/person\/f46445640444750d7d753ccd04ae01b7","name":"Jeanette","image":{"@type":"ImageObject","inLanguage":"es","@id":"https:\/\/secure.gravatar.com\/avatar\/3ea2118a5f7dad2b7138b1187a6b7ee55f160b9968b66013c3a3ef39dd7e5798?s=96&d=mm&r=g","url":"https:\/\/secure.gravatar.com\/avatar\/3ea2118a5f7dad2b7138b1187a6b7ee55f160b9968b66013c3a3ef39dd7e5798?s=96&d=mm&r=g","contentUrl":"https:\/\/secure.gravatar.com\/avatar\/3ea2118a5f7dad2b7138b1187a6b7ee55f160b9968b66013c3a3ef39dd7e5798?s=96&d=mm&r=g","caption":"Jeanette"},"sameAs":["https:\/\/www.eldiario.net\/portal"],"url":"https:\/\/www.eldiario.net\/portal\/author\/jeanette\/"}]}},"_links":{"self":[{"href":"https:\/\/www.eldiario.net\/portal\/wp-json\/wp\/v2\/posts\/161630","targetHints":{"allow":["GET"]}}],"collection":[{"href":"https:\/\/www.eldiario.net\/portal\/wp-json\/wp\/v2\/posts"}],"about":[{"href":"https:\/\/www.eldiario.net\/portal\/wp-json\/wp\/v2\/types\/post"}],"author":[{"embeddable":true,"href":"https:\/\/www.eldiario.net\/portal\/wp-json\/wp\/v2\/users\/1"}],"replies":[{"embeddable":true,"href":"https:\/\/www.eldiario.net\/portal\/wp-json\/wp\/v2\/comments?post=161630"}],"version-history":[{"count":0,"href":"https:\/\/www.eldiario.net\/portal\/wp-json\/wp\/v2\/posts\/161630\/revisions"}],"wp:featuredmedia":[{"embeddable":true,"href":"https:\/\/www.eldiario.net\/portal\/wp-json\/wp\/v2\/media\/161631"}],"wp:attachment":[{"href":"https:\/\/www.eldiario.net\/portal\/wp-json\/wp\/v2\/media?parent=161630"}],"wp:term":[{"taxonomy":"category","embeddable":true,"href":"https:\/\/www.eldiario.net\/portal\/wp-json\/wp\/v2\/categories?post=161630"},{"taxonomy":"post_tag","embeddable":true,"href":"https:\/\/www.eldiario.net\/portal\/wp-json\/wp\/v2\/tags?post=161630"}],"curies":[{"name":"wp","href":"https:\/\/api.w.org\/{rel}","templated":true}]}}