{"id":161610,"date":"2023-06-24T00:44:21","date_gmt":"2023-06-24T04:44:21","guid":{"rendered":"https:\/\/www.eldiario.net\/portal\/?p=161610"},"modified":"2023-06-24T00:44:21","modified_gmt":"2023-06-24T04:44:21","slug":"sesion-informativa-del-programa-de-construccion-de-alianzas-de-koica","status":"publish","type":"post","link":"https:\/\/www.eldiario.net\/portal\/2023\/06\/24\/sesion-informativa-del-programa-de-construccion-de-alianzas-de-koica\/","title":{"rendered":"Sesi\u00f3n informativa del Programa de Construcci\u00f3n de Alianzas de KOICA"},"content":{"rendered":"<p>La Agencia de Cooperaci\u00f3n Internacional de Corea \u2013 KOICA en Bolivia realiz\u00f3 una sesi\u00f3n informativa para aplicar al Programa de Construcci\u00f3n de Alianzas de KOICA 2023, con la finalidad de explorar nuevas formas de cooperaci\u00f3n con ONG coreanas, ONG locales e internacionales en Bolivia.<br \/>\nParticiparon alrededor de 100 personas de 50 instituciones a nivel nacional, entre ONGs, Fundaciones, organismos de la sociedad civil a nivel nacional en diferentes \u00e1reas como: Salud, Medio Ambiente, Agricultura, Genero y Educaci\u00f3n.<br \/>\nEl evento se inici\u00f3 con las palabras de bienvenida del director Nacional, Sikhyon Kim, posteriormente se present\u00f3 el Programa de Construcci\u00f3n de Alianzas, introducci\u00f3n a la cooperaci\u00f3n p\u00fablico-privada, c\u00f3mo redactar un PCP para poder aplicar y se realiz\u00f3 una pr\u00e1ctica grupal a cargo de G\u00e9nesis Ramallo, coordinadora. Posteriormente, Suyeong Choi, coordinadora de KOICA, present\u00f3 la elaboraci\u00f3n de la matriz de marco l\u00f3gico y un ejemplo grupal de practica para los presentes.<br \/>\nKOICA es cooperaci\u00f3n no reembolsable para el desarrollo de diferentes pa\u00edses del mundo y viene contribuyendo a Bolivia en el \u00e1rea de salud, saneamiento b\u00e1sico, riego, agricultura y capacitaci\u00f3n, contribuyendo al desarrollo y mejora de calidad de vida de la sociedad boliviana.<\/p>\n<div id='gallery-1' class='gallery galleryid-161610 gallery-columns-3 gallery-size-medium'><figure class='gallery-item'>\n\t\t\t<div class='gallery-icon landscape'>\n\t\t\t\t<a href='https:\/\/www.eldiario.net\/portal\/2023\/06\/24\/sesion-informativa-del-programa-de-construccion-de-alianzas-de-koica\/13-5\/'><img loading=\"lazy\" decoding=\"async\" width=\"300\" height=\"200\" src=\"https:\/\/www.eldiario.net\/portal\/wp-content\/uploads\/2023\/06\/13-300x200.jpg\" class=\"attachment-medium size-medium\" alt=\"\" aria-describedby=\"gallery-1-161611\" srcset=\"https:\/\/www.eldiario.net\/portal\/wp-content\/uploads\/2023\/06\/13-300x200.jpg 300w, https:\/\/www.eldiario.net\/portal\/wp-content\/uploads\/2023\/06\/13-768x512.jpg 768w, https:\/\/www.eldiario.net\/portal\/wp-content\/uploads\/2023\/06\/13-696x464.jpg 696w, https:\/\/www.eldiario.net\/portal\/wp-content\/uploads\/2023\/06\/13.jpg 1000w\" sizes=\"auto, (max-width: 300px) 100vw, 300px\" \/><\/a>\n\t\t\t<\/div>\n\t\t\t\t<figcaption class='wp-caption-text gallery-caption' id='gallery-1-161611'>\n\t\t\t\tSEUNGHWAN KIM Y YEASEUL RYU, PASANTES DE KOICA.\n\t\t\t\t<\/figcaption><\/figure><figure class='gallery-item'>\n\t\t\t<div class='gallery-icon landscape'>\n\t\t\t\t<a href='https:\/\/www.eldiario.net\/portal\/2023\/06\/24\/sesion-informativa-del-programa-de-construccion-de-alianzas-de-koica\/grupal\/'><img loading=\"lazy\" decoding=\"async\" width=\"300\" height=\"225\" src=\"https:\/\/www.eldiario.net\/portal\/wp-content\/uploads\/2023\/06\/Grupal-300x225.jpg\" class=\"attachment-medium size-medium\" alt=\"\" aria-describedby=\"gallery-1-161612\" srcset=\"https:\/\/www.eldiario.net\/portal\/wp-content\/uploads\/2023\/06\/Grupal-300x225.jpg 300w, https:\/\/www.eldiario.net\/portal\/wp-content\/uploads\/2023\/06\/Grupal-768x576.jpg 768w, https:\/\/www.eldiario.net\/portal\/wp-content\/uploads\/2023\/06\/Grupal-696x522.jpg 696w, https:\/\/www.eldiario.net\/portal\/wp-content\/uploads\/2023\/06\/Grupal.jpg 1000w\" sizes=\"auto, (max-width: 300px) 100vw, 300px\" \/><\/a>\n\t\t\t<\/div>\n\t\t\t\t<figcaption class='wp-caption-text gallery-caption' id='gallery-1-161612'>\n\t\t\t\tORGANIZADORS Y PARTICIPANTES DE LA SESI\u00d3N INFORMATIVA DE KOICA.\n\t\t\t\t<\/figcaption><\/figure><figure class='gallery-item'>\n\t\t\t<div class='gallery-icon landscape'>\n\t\t\t\t<a href='https:\/\/www.eldiario.net\/portal\/2023\/06\/24\/sesion-informativa-del-programa-de-construccion-de-alianzas-de-koica\/1-151\/'><img loading=\"lazy\" decoding=\"async\" width=\"300\" height=\"225\" src=\"https:\/\/www.eldiario.net\/portal\/wp-content\/uploads\/2023\/06\/1-1-300x225.jpg\" class=\"attachment-medium size-medium\" alt=\"\" srcset=\"https:\/\/www.eldiario.net\/portal\/wp-content\/uploads\/2023\/06\/1-1-300x225.jpg 300w, https:\/\/www.eldiario.net\/portal\/wp-content\/uploads\/2023\/06\/1-1-768x576.jpg 768w, https:\/\/www.eldiario.net\/portal\/wp-content\/uploads\/2023\/06\/1-1-696x522.jpg 696w, https:\/\/www.eldiario.net\/portal\/wp-content\/uploads\/2023\/06\/1-1.jpg 1000w\" sizes=\"auto, (max-width: 300px) 100vw, 300px\" \/><\/a>\n\t\t\t<\/div><\/figure><figure class='gallery-item'>\n\t\t\t<div class='gallery-icon landscape'>\n\t\t\t\t<a href='https:\/\/www.eldiario.net\/portal\/2023\/06\/24\/sesion-informativa-del-programa-de-construccion-de-alianzas-de-koica\/2-124\/'><img loading=\"lazy\" decoding=\"async\" width=\"300\" height=\"225\" src=\"https:\/\/www.eldiario.net\/portal\/wp-content\/uploads\/2023\/06\/2-1-300x225.jpg\" class=\"attachment-medium size-medium\" alt=\"\" aria-describedby=\"gallery-1-161614\" srcset=\"https:\/\/www.eldiario.net\/portal\/wp-content\/uploads\/2023\/06\/2-1-300x225.jpg 300w, https:\/\/www.eldiario.net\/portal\/wp-content\/uploads\/2023\/06\/2-1-768x576.jpg 768w, https:\/\/www.eldiario.net\/portal\/wp-content\/uploads\/2023\/06\/2-1-696x522.jpg 696w, https:\/\/www.eldiario.net\/portal\/wp-content\/uploads\/2023\/06\/2-1.jpg 1000w\" sizes=\"auto, (max-width: 300px) 100vw, 300px\" \/><\/a>\n\t\t\t<\/div>\n\t\t\t\t<figcaption class='wp-caption-text gallery-caption' id='gallery-1-161614'>\n\t\t\t\tG\u00c9NESIS RAMALLO, COORDINADORA DE PROYECTOS.\n\t\t\t\t<\/figcaption><\/figure><figure class='gallery-item'>\n\t\t\t<div class='gallery-icon landscape'>\n\t\t\t\t<a href='https:\/\/www.eldiario.net\/portal\/2023\/06\/24\/sesion-informativa-del-programa-de-construccion-de-alianzas-de-koica\/3-101\/'><img loading=\"lazy\" decoding=\"async\" width=\"300\" height=\"225\" src=\"https:\/\/www.eldiario.net\/portal\/wp-content\/uploads\/2023\/06\/3-300x225.jpg\" class=\"attachment-medium size-medium\" alt=\"\" aria-describedby=\"gallery-1-161615\" srcset=\"https:\/\/www.eldiario.net\/portal\/wp-content\/uploads\/2023\/06\/3-300x225.jpg 300w, https:\/\/www.eldiario.net\/portal\/wp-content\/uploads\/2023\/06\/3-768x576.jpg 768w, https:\/\/www.eldiario.net\/portal\/wp-content\/uploads\/2023\/06\/3-696x522.jpg 696w, https:\/\/www.eldiario.net\/portal\/wp-content\/uploads\/2023\/06\/3.jpg 1000w\" sizes=\"auto, (max-width: 300px) 100vw, 300px\" \/><\/a>\n\t\t\t<\/div>\n\t\t\t\t<figcaption class='wp-caption-text gallery-caption' id='gallery-1-161615'>\n\t\t\t\tOTRO GRUPO DE PARTICIPANTES.\n\t\t\t\t<\/figcaption><\/figure><figure class='gallery-item'>\n\t\t\t<div class='gallery-icon landscape'>\n\t\t\t\t<a href='https:\/\/www.eldiario.net\/portal\/2023\/06\/24\/sesion-informativa-del-programa-de-construccion-de-alianzas-de-koica\/7-22\/'><img loading=\"lazy\" decoding=\"async\" width=\"300\" height=\"225\" src=\"https:\/\/www.eldiario.net\/portal\/wp-content\/uploads\/2023\/06\/7-300x225.jpg\" class=\"attachment-medium size-medium\" alt=\"\" aria-describedby=\"gallery-1-161616\" srcset=\"https:\/\/www.eldiario.net\/portal\/wp-content\/uploads\/2023\/06\/7-300x225.jpg 300w, https:\/\/www.eldiario.net\/portal\/wp-content\/uploads\/2023\/06\/7-768x576.jpg 768w, https:\/\/www.eldiario.net\/portal\/wp-content\/uploads\/2023\/06\/7-696x522.jpg 696w, https:\/\/www.eldiario.net\/portal\/wp-content\/uploads\/2023\/06\/7.jpg 1000w\" sizes=\"auto, (max-width: 300px) 100vw, 300px\" \/><\/a>\n\t\t\t<\/div>\n\t\t\t\t<figcaption class='wp-caption-text gallery-caption' id='gallery-1-161616'>\n\t\t\t\tSUYEONG CHOI SUPERVISANDO LA PR\u00c1CTICA GRUPAL.\n\t\t\t\t<\/figcaption><\/figure><figure class='gallery-item'>\n\t\t\t<div class='gallery-icon landscape'>\n\t\t\t\t<a href='https:\/\/www.eldiario.net\/portal\/2023\/06\/24\/sesion-informativa-del-programa-de-construccion-de-alianzas-de-koica\/8-19\/'><img loading=\"lazy\" decoding=\"async\" width=\"300\" height=\"225\" src=\"https:\/\/www.eldiario.net\/portal\/wp-content\/uploads\/2023\/06\/8-300x225.jpg\" class=\"attachment-medium size-medium\" alt=\"\" aria-describedby=\"gallery-1-161617\" srcset=\"https:\/\/www.eldiario.net\/portal\/wp-content\/uploads\/2023\/06\/8-300x225.jpg 300w, https:\/\/www.eldiario.net\/portal\/wp-content\/uploads\/2023\/06\/8-768x576.jpg 768w, https:\/\/www.eldiario.net\/portal\/wp-content\/uploads\/2023\/06\/8-696x522.jpg 696w, https:\/\/www.eldiario.net\/portal\/wp-content\/uploads\/2023\/06\/8.jpg 1000w\" sizes=\"auto, (max-width: 300px) 100vw, 300px\" \/><\/a>\n\t\t\t<\/div>\n\t\t\t\t<figcaption class='wp-caption-text gallery-caption' id='gallery-1-161617'>\n\t\t\t\tCARLOS BUITRAGO, ADMINISTRADOR DE PROYECTOS.\n\t\t\t\t<\/figcaption><\/figure><figure class='gallery-item'>\n\t\t\t<div class='gallery-icon portrait'>\n\t\t\t\t<a href='https:\/\/www.eldiario.net\/portal\/2023\/06\/24\/sesion-informativa-del-programa-de-construccion-de-alianzas-de-koica\/10-16\/'><img loading=\"lazy\" decoding=\"async\" width=\"225\" height=\"300\" src=\"https:\/\/www.eldiario.net\/portal\/wp-content\/uploads\/2023\/06\/10-225x300.jpg\" class=\"attachment-medium size-medium\" alt=\"\" aria-describedby=\"gallery-1-161618\" srcset=\"https:\/\/www.eldiario.net\/portal\/wp-content\/uploads\/2023\/06\/10-225x300.jpg 225w, https:\/\/www.eldiario.net\/portal\/wp-content\/uploads\/2023\/06\/10-768x1024.jpg 768w, https:\/\/www.eldiario.net\/portal\/wp-content\/uploads\/2023\/06\/10-696x928.jpg 696w, https:\/\/www.eldiario.net\/portal\/wp-content\/uploads\/2023\/06\/10.jpg 1000w\" sizes=\"auto, (max-width: 225px) 100vw, 225px\" \/><\/a>\n\t\t\t<\/div>\n\t\t\t\t<figcaption class='wp-caption-text gallery-caption' id='gallery-1-161618'>\n\t\t\t\tSUYEONG CHOI, COORDINADORA DE PROYECTOS.\n\t\t\t\t<\/figcaption><\/figure>\n\t\t<\/div>\n\n","protected":false},"excerpt":{"rendered":"<p>La Agencia de Cooperaci\u00f3n Internacional de Corea \u2013 KOICA en Bolivia realiz\u00f3 una sesi\u00f3n informativa para aplicar al Programa de Construcci\u00f3n de Alianzas de KOICA 2023, con la finalidad de explorar nuevas formas de cooperaci\u00f3n con ONG coreanas, ONG locales e internacionales en Bolivia. Participaron alrededor de 100 personas de 50 instituciones a nivel nacional, [&hellip;]<\/p>\n","protected":false},"author":1,"featured_media":161612,"comment_status":"closed","ping_status":"closed","sticky":false,"template":"","format":"standard","meta":{"_acf_changed":false,"footnotes":""},"categories":[40],"tags":[],"class_list":["post-161610","post","type-post","status-publish","format-standard","has-post-thumbnail","category-sociales"],"acf":{"antetitulo":""},"yoast_head":"<!-- This site is optimized with the Yoast SEO plugin v28.3 - https:\/\/yoast.com\/product\/yoast-seo-wordpress\/ -->\n<title>Sesi\u00f3n informativa del Programa de Construcci\u00f3n de Alianzas de KOICA - El Diario - Bolivia<\/title>\n<meta name=\"robots\" content=\"index, follow, max-snippet:-1, max-image-preview:large, max-video-preview:-1\" \/>\n<link rel=\"canonical\" href=\"https:\/\/www.eldiario.net\/portal\/2023\/06\/24\/sesion-informativa-del-programa-de-construccion-de-alianzas-de-koica\/\" \/>\n<meta property=\"og:locale\" content=\"es_ES\" \/>\n<meta property=\"og:type\" content=\"article\" \/>\n<meta property=\"og:title\" content=\"Sesi\u00f3n informativa del Programa de Construcci\u00f3n de Alianzas de KOICA - El Diario - Bolivia\" \/>\n<meta property=\"og:description\" content=\"La Agencia de Cooperaci\u00f3n Internacional de Corea \u2013 KOICA en Bolivia realiz\u00f3 una sesi\u00f3n informativa para aplicar al Programa de Construcci\u00f3n de Alianzas de KOICA 2023, con la finalidad de explorar nuevas formas de cooperaci\u00f3n con ONG coreanas, ONG locales e internacionales en Bolivia. Participaron alrededor de 100 personas de 50 instituciones a nivel nacional, [&hellip;]\" \/>\n<meta property=\"og:url\" content=\"https:\/\/www.eldiario.net\/portal\/2023\/06\/24\/sesion-informativa-del-programa-de-construccion-de-alianzas-de-koica\/\" \/>\n<meta property=\"og:site_name\" content=\"El Diario - Bolivia\" \/>\n<meta property=\"article:publisher\" content=\"https:\/\/www.facebook.com\/eldiario.bolivia\/\" \/>\n<meta property=\"article:published_time\" content=\"2023-06-24T04:44:21+00:00\" \/>\n<meta property=\"og:image\" content=\"https:\/\/www.eldiario.net\/portal\/wp-content\/uploads\/2023\/06\/Grupal.jpg\" \/>\n\t<meta property=\"og:image:width\" content=\"1000\" \/>\n\t<meta property=\"og:image:height\" content=\"750\" \/>\n\t<meta property=\"og:image:type\" content=\"image\/jpeg\" \/>\n<meta name=\"author\" content=\"Jeanette\" \/>\n<meta name=\"twitter:card\" content=\"summary_large_image\" \/>\n<meta name=\"twitter:creator\" content=\"@eldiario_net\" \/>\n<meta name=\"twitter:site\" content=\"@eldiario_net\" \/>\n<meta name=\"twitter:label1\" content=\"Escrito por\" \/>\n\t<meta name=\"twitter:data1\" content=\"Jeanette\" \/>\n\t<meta name=\"twitter:label2\" content=\"Tiempo de lectura\" \/>\n\t<meta name=\"twitter:data2\" content=\"1 minuto\" \/>\n<script type=\"application\/ld+json\" class=\"yoast-schema-graph\">{\"@context\":\"https:\\\/\\\/schema.org\",\"@graph\":[{\"@type\":\"Article\",\"@id\":\"https:\\\/\\\/www.eldiario.net\\\/portal\\\/2023\\\/06\\\/24\\\/sesion-informativa-del-programa-de-construccion-de-alianzas-de-koica\\\/#article\",\"isPartOf\":{\"@id\":\"https:\\\/\\\/www.eldiario.net\\\/portal\\\/2023\\\/06\\\/24\\\/sesion-informativa-del-programa-de-construccion-de-alianzas-de-koica\\\/\"},\"author\":{\"name\":\"Jeanette\",\"@id\":\"https:\\\/\\\/www.eldiario.net\\\/portal\\\/#\\\/schema\\\/person\\\/f46445640444750d7d753ccd04ae01b7\"},\"headline\":\"Sesi\u00f3n informativa del Programa de Construcci\u00f3n de Alianzas de KOICA\",\"datePublished\":\"2023-06-24T04:44:21+00:00\",\"mainEntityOfPage\":{\"@id\":\"https:\\\/\\\/www.eldiario.net\\\/portal\\\/2023\\\/06\\\/24\\\/sesion-informativa-del-programa-de-construccion-de-alianzas-de-koica\\\/\"},\"wordCount\":220,\"publisher\":{\"@id\":\"https:\\\/\\\/www.eldiario.net\\\/portal\\\/#organization\"},\"image\":{\"@id\":\"https:\\\/\\\/www.eldiario.net\\\/portal\\\/2023\\\/06\\\/24\\\/sesion-informativa-del-programa-de-construccion-de-alianzas-de-koica\\\/#primaryimage\"},\"thumbnailUrl\":\"https:\\\/\\\/www.eldiario.net\\\/portal\\\/wp-content\\\/uploads\\\/2023\\\/06\\\/Grupal.jpg\",\"articleSection\":[\"Sociales\"],\"inLanguage\":\"es\"},{\"@type\":\"WebPage\",\"@id\":\"https:\\\/\\\/www.eldiario.net\\\/portal\\\/2023\\\/06\\\/24\\\/sesion-informativa-del-programa-de-construccion-de-alianzas-de-koica\\\/\",\"url\":\"https:\\\/\\\/www.eldiario.net\\\/portal\\\/2023\\\/06\\\/24\\\/sesion-informativa-del-programa-de-construccion-de-alianzas-de-koica\\\/\",\"name\":\"Sesi\u00f3n informativa del Programa de Construcci\u00f3n de Alianzas de KOICA - El Diario - Bolivia\",\"isPartOf\":{\"@id\":\"https:\\\/\\\/www.eldiario.net\\\/portal\\\/#website\"},\"primaryImageOfPage\":{\"@id\":\"https:\\\/\\\/www.eldiario.net\\\/portal\\\/2023\\\/06\\\/24\\\/sesion-informativa-del-programa-de-construccion-de-alianzas-de-koica\\\/#primaryimage\"},\"image\":{\"@id\":\"https:\\\/\\\/www.eldiario.net\\\/portal\\\/2023\\\/06\\\/24\\\/sesion-informativa-del-programa-de-construccion-de-alianzas-de-koica\\\/#primaryimage\"},\"thumbnailUrl\":\"https:\\\/\\\/www.eldiario.net\\\/portal\\\/wp-content\\\/uploads\\\/2023\\\/06\\\/Grupal.jpg\",\"datePublished\":\"2023-06-24T04:44:21+00:00\",\"breadcrumb\":{\"@id\":\"https:\\\/\\\/www.eldiario.net\\\/portal\\\/2023\\\/06\\\/24\\\/sesion-informativa-del-programa-de-construccion-de-alianzas-de-koica\\\/#breadcrumb\"},\"inLanguage\":\"es\",\"potentialAction\":[{\"@type\":\"ReadAction\",\"target\":[\"https:\\\/\\\/www.eldiario.net\\\/portal\\\/2023\\\/06\\\/24\\\/sesion-informativa-del-programa-de-construccion-de-alianzas-de-koica\\\/\"]}]},{\"@type\":\"ImageObject\",\"inLanguage\":\"es\",\"@id\":\"https:\\\/\\\/www.eldiario.net\\\/portal\\\/2023\\\/06\\\/24\\\/sesion-informativa-del-programa-de-construccion-de-alianzas-de-koica\\\/#primaryimage\",\"url\":\"https:\\\/\\\/www.eldiario.net\\\/portal\\\/wp-content\\\/uploads\\\/2023\\\/06\\\/Grupal.jpg\",\"contentUrl\":\"https:\\\/\\\/www.eldiario.net\\\/portal\\\/wp-content\\\/uploads\\\/2023\\\/06\\\/Grupal.jpg\",\"width\":1000,\"height\":750,\"caption\":\"ORGANIZADORS Y PARTICIPANTES DE LA SESI\u00d3N INFORMATIVA DE KOICA.\"},{\"@type\":\"BreadcrumbList\",\"@id\":\"https:\\\/\\\/www.eldiario.net\\\/portal\\\/2023\\\/06\\\/24\\\/sesion-informativa-del-programa-de-construccion-de-alianzas-de-koica\\\/#breadcrumb\",\"itemListElement\":[{\"@type\":\"ListItem\",\"position\":1,\"name\":\"Portada\",\"item\":\"https:\\\/\\\/www.eldiario.net\\\/portal\\\/\"},{\"@type\":\"ListItem\",\"position\":2,\"name\":\"Sesi\u00f3n informativa del Programa de Construcci\u00f3n de Alianzas de KOICA\"}]},{\"@type\":\"WebSite\",\"@id\":\"https:\\\/\\\/www.eldiario.net\\\/portal\\\/#website\",\"url\":\"https:\\\/\\\/www.eldiario.net\\\/portal\\\/\",\"name\":\"El Diario - Decano de la prensa nacional\",\"description\":\"El Diario - Decano de la prensa nacional\",\"publisher\":{\"@id\":\"https:\\\/\\\/www.eldiario.net\\\/portal\\\/#organization\"},\"potentialAction\":[{\"@type\":\"SearchAction\",\"target\":{\"@type\":\"EntryPoint\",\"urlTemplate\":\"https:\\\/\\\/www.eldiario.net\\\/portal\\\/?s={search_term_string}\"},\"query-input\":{\"@type\":\"PropertyValueSpecification\",\"valueRequired\":true,\"valueName\":\"search_term_string\"}}],\"inLanguage\":\"es\"},{\"@type\":\"Organization\",\"@id\":\"https:\\\/\\\/www.eldiario.net\\\/portal\\\/#organization\",\"name\":\"El Diario - Decano de la prensa nacional\",\"url\":\"https:\\\/\\\/www.eldiario.net\\\/portal\\\/\",\"logo\":{\"@type\":\"ImageObject\",\"inLanguage\":\"es\",\"@id\":\"https:\\\/\\\/www.eldiario.net\\\/portal\\\/#\\\/schema\\\/logo\\\/image\\\/\",\"url\":\"https:\\\/\\\/www.eldiario.net\\\/portal\\\/wp-content\\\/uploads\\\/2023\\\/07\\\/logo_ED.jpg\",\"contentUrl\":\"https:\\\/\\\/www.eldiario.net\\\/portal\\\/wp-content\\\/uploads\\\/2023\\\/07\\\/logo_ED.jpg\",\"width\":272,\"height\":52,\"caption\":\"El Diario - Decano de la prensa nacional\"},\"image\":{\"@id\":\"https:\\\/\\\/www.eldiario.net\\\/portal\\\/#\\\/schema\\\/logo\\\/image\\\/\"},\"sameAs\":[\"https:\\\/\\\/www.facebook.com\\\/eldiario.bolivia\\\/\",\"https:\\\/\\\/x.com\\\/eldiario_net\"]},{\"@type\":\"Person\",\"@id\":\"https:\\\/\\\/www.eldiario.net\\\/portal\\\/#\\\/schema\\\/person\\\/f46445640444750d7d753ccd04ae01b7\",\"name\":\"Jeanette\",\"image\":{\"@type\":\"ImageObject\",\"inLanguage\":\"es\",\"@id\":\"https:\\\/\\\/secure.gravatar.com\\\/avatar\\\/3ea2118a5f7dad2b7138b1187a6b7ee55f160b9968b66013c3a3ef39dd7e5798?s=96&d=mm&r=g\",\"url\":\"https:\\\/\\\/secure.gravatar.com\\\/avatar\\\/3ea2118a5f7dad2b7138b1187a6b7ee55f160b9968b66013c3a3ef39dd7e5798?s=96&d=mm&r=g\",\"contentUrl\":\"https:\\\/\\\/secure.gravatar.com\\\/avatar\\\/3ea2118a5f7dad2b7138b1187a6b7ee55f160b9968b66013c3a3ef39dd7e5798?s=96&d=mm&r=g\",\"caption\":\"Jeanette\"},\"sameAs\":[\"https:\\\/\\\/www.eldiario.net\\\/portal\"],\"url\":\"https:\\\/\\\/www.eldiario.net\\\/portal\\\/author\\\/jeanette\\\/\"}]}<\/script>\n<!-- \/ Yoast SEO plugin. -->","yoast_head_json":{"title":"Sesi\u00f3n informativa del Programa de Construcci\u00f3n de Alianzas de KOICA - El Diario - Bolivia","robots":{"index":"index","follow":"follow","max-snippet":"max-snippet:-1","max-image-preview":"max-image-preview:large","max-video-preview":"max-video-preview:-1"},"canonical":"https:\/\/www.eldiario.net\/portal\/2023\/06\/24\/sesion-informativa-del-programa-de-construccion-de-alianzas-de-koica\/","og_locale":"es_ES","og_type":"article","og_title":"Sesi\u00f3n informativa del Programa de Construcci\u00f3n de Alianzas de KOICA - El Diario - Bolivia","og_description":"La Agencia de Cooperaci\u00f3n Internacional de Corea \u2013 KOICA en Bolivia realiz\u00f3 una sesi\u00f3n informativa para aplicar al Programa de Construcci\u00f3n de Alianzas de KOICA 2023, con la finalidad de explorar nuevas formas de cooperaci\u00f3n con ONG coreanas, ONG locales e internacionales en Bolivia. Participaron alrededor de 100 personas de 50 instituciones a nivel nacional, [&hellip;]","og_url":"https:\/\/www.eldiario.net\/portal\/2023\/06\/24\/sesion-informativa-del-programa-de-construccion-de-alianzas-de-koica\/","og_site_name":"El Diario - Bolivia","article_publisher":"https:\/\/www.facebook.com\/eldiario.bolivia\/","article_published_time":"2023-06-24T04:44:21+00:00","og_image":[{"width":1000,"height":750,"url":"https:\/\/www.eldiario.net\/portal\/wp-content\/uploads\/2023\/06\/Grupal.jpg","type":"image\/jpeg"}],"author":"Jeanette","twitter_card":"summary_large_image","twitter_creator":"@eldiario_net","twitter_site":"@eldiario_net","twitter_misc":{"Escrito por":"Jeanette","Tiempo de lectura":"1 minuto"},"schema":{"@context":"https:\/\/schema.org","@graph":[{"@type":"Article","@id":"https:\/\/www.eldiario.net\/portal\/2023\/06\/24\/sesion-informativa-del-programa-de-construccion-de-alianzas-de-koica\/#article","isPartOf":{"@id":"https:\/\/www.eldiario.net\/portal\/2023\/06\/24\/sesion-informativa-del-programa-de-construccion-de-alianzas-de-koica\/"},"author":{"name":"Jeanette","@id":"https:\/\/www.eldiario.net\/portal\/#\/schema\/person\/f46445640444750d7d753ccd04ae01b7"},"headline":"Sesi\u00f3n informativa del Programa de Construcci\u00f3n de Alianzas de KOICA","datePublished":"2023-06-24T04:44:21+00:00","mainEntityOfPage":{"@id":"https:\/\/www.eldiario.net\/portal\/2023\/06\/24\/sesion-informativa-del-programa-de-construccion-de-alianzas-de-koica\/"},"wordCount":220,"publisher":{"@id":"https:\/\/www.eldiario.net\/portal\/#organization"},"image":{"@id":"https:\/\/www.eldiario.net\/portal\/2023\/06\/24\/sesion-informativa-del-programa-de-construccion-de-alianzas-de-koica\/#primaryimage"},"thumbnailUrl":"https:\/\/www.eldiario.net\/portal\/wp-content\/uploads\/2023\/06\/Grupal.jpg","articleSection":["Sociales"],"inLanguage":"es"},{"@type":"WebPage","@id":"https:\/\/www.eldiario.net\/portal\/2023\/06\/24\/sesion-informativa-del-programa-de-construccion-de-alianzas-de-koica\/","url":"https:\/\/www.eldiario.net\/portal\/2023\/06\/24\/sesion-informativa-del-programa-de-construccion-de-alianzas-de-koica\/","name":"Sesi\u00f3n informativa del Programa de Construcci\u00f3n de Alianzas de KOICA - El Diario - Bolivia","isPartOf":{"@id":"https:\/\/www.eldiario.net\/portal\/#website"},"primaryImageOfPage":{"@id":"https:\/\/www.eldiario.net\/portal\/2023\/06\/24\/sesion-informativa-del-programa-de-construccion-de-alianzas-de-koica\/#primaryimage"},"image":{"@id":"https:\/\/www.eldiario.net\/portal\/2023\/06\/24\/sesion-informativa-del-programa-de-construccion-de-alianzas-de-koica\/#primaryimage"},"thumbnailUrl":"https:\/\/www.eldiario.net\/portal\/wp-content\/uploads\/2023\/06\/Grupal.jpg","datePublished":"2023-06-24T04:44:21+00:00","breadcrumb":{"@id":"https:\/\/www.eldiario.net\/portal\/2023\/06\/24\/sesion-informativa-del-programa-de-construccion-de-alianzas-de-koica\/#breadcrumb"},"inLanguage":"es","potentialAction":[{"@type":"ReadAction","target":["https:\/\/www.eldiario.net\/portal\/2023\/06\/24\/sesion-informativa-del-programa-de-construccion-de-alianzas-de-koica\/"]}]},{"@type":"ImageObject","inLanguage":"es","@id":"https:\/\/www.eldiario.net\/portal\/2023\/06\/24\/sesion-informativa-del-programa-de-construccion-de-alianzas-de-koica\/#primaryimage","url":"https:\/\/www.eldiario.net\/portal\/wp-content\/uploads\/2023\/06\/Grupal.jpg","contentUrl":"https:\/\/www.eldiario.net\/portal\/wp-content\/uploads\/2023\/06\/Grupal.jpg","width":1000,"height":750,"caption":"ORGANIZADORS Y PARTICIPANTES DE LA SESI\u00d3N INFORMATIVA DE KOICA."},{"@type":"BreadcrumbList","@id":"https:\/\/www.eldiario.net\/portal\/2023\/06\/24\/sesion-informativa-del-programa-de-construccion-de-alianzas-de-koica\/#breadcrumb","itemListElement":[{"@type":"ListItem","position":1,"name":"Portada","item":"https:\/\/www.eldiario.net\/portal\/"},{"@type":"ListItem","position":2,"name":"Sesi\u00f3n informativa del Programa de Construcci\u00f3n de Alianzas de KOICA"}]},{"@type":"WebSite","@id":"https:\/\/www.eldiario.net\/portal\/#website","url":"https:\/\/www.eldiario.net\/portal\/","name":"El Diario - Decano de la prensa nacional","description":"El Diario - Decano de la prensa nacional","publisher":{"@id":"https:\/\/www.eldiario.net\/portal\/#organization"},"potentialAction":[{"@type":"SearchAction","target":{"@type":"EntryPoint","urlTemplate":"https:\/\/www.eldiario.net\/portal\/?s={search_term_string}"},"query-input":{"@type":"PropertyValueSpecification","valueRequired":true,"valueName":"search_term_string"}}],"inLanguage":"es"},{"@type":"Organization","@id":"https:\/\/www.eldiario.net\/portal\/#organization","name":"El Diario - Decano de la prensa nacional","url":"https:\/\/www.eldiario.net\/portal\/","logo":{"@type":"ImageObject","inLanguage":"es","@id":"https:\/\/www.eldiario.net\/portal\/#\/schema\/logo\/image\/","url":"https:\/\/www.eldiario.net\/portal\/wp-content\/uploads\/2023\/07\/logo_ED.jpg","contentUrl":"https:\/\/www.eldiario.net\/portal\/wp-content\/uploads\/2023\/07\/logo_ED.jpg","width":272,"height":52,"caption":"El Diario - Decano de la prensa nacional"},"image":{"@id":"https:\/\/www.eldiario.net\/portal\/#\/schema\/logo\/image\/"},"sameAs":["https:\/\/www.facebook.com\/eldiario.bolivia\/","https:\/\/x.com\/eldiario_net"]},{"@type":"Person","@id":"https:\/\/www.eldiario.net\/portal\/#\/schema\/person\/f46445640444750d7d753ccd04ae01b7","name":"Jeanette","image":{"@type":"ImageObject","inLanguage":"es","@id":"https:\/\/secure.gravatar.com\/avatar\/3ea2118a5f7dad2b7138b1187a6b7ee55f160b9968b66013c3a3ef39dd7e5798?s=96&d=mm&r=g","url":"https:\/\/secure.gravatar.com\/avatar\/3ea2118a5f7dad2b7138b1187a6b7ee55f160b9968b66013c3a3ef39dd7e5798?s=96&d=mm&r=g","contentUrl":"https:\/\/secure.gravatar.com\/avatar\/3ea2118a5f7dad2b7138b1187a6b7ee55f160b9968b66013c3a3ef39dd7e5798?s=96&d=mm&r=g","caption":"Jeanette"},"sameAs":["https:\/\/www.eldiario.net\/portal"],"url":"https:\/\/www.eldiario.net\/portal\/author\/jeanette\/"}]}},"_links":{"self":[{"href":"https:\/\/www.eldiario.net\/portal\/wp-json\/wp\/v2\/posts\/161610","targetHints":{"allow":["GET"]}}],"collection":[{"href":"https:\/\/www.eldiario.net\/portal\/wp-json\/wp\/v2\/posts"}],"about":[{"href":"https:\/\/www.eldiario.net\/portal\/wp-json\/wp\/v2\/types\/post"}],"author":[{"embeddable":true,"href":"https:\/\/www.eldiario.net\/portal\/wp-json\/wp\/v2\/users\/1"}],"replies":[{"embeddable":true,"href":"https:\/\/www.eldiario.net\/portal\/wp-json\/wp\/v2\/comments?post=161610"}],"version-history":[{"count":0,"href":"https:\/\/www.eldiario.net\/portal\/wp-json\/wp\/v2\/posts\/161610\/revisions"}],"wp:featuredmedia":[{"embeddable":true,"href":"https:\/\/www.eldiario.net\/portal\/wp-json\/wp\/v2\/media\/161612"}],"wp:attachment":[{"href":"https:\/\/www.eldiario.net\/portal\/wp-json\/wp\/v2\/media?parent=161610"}],"wp:term":[{"taxonomy":"category","embeddable":true,"href":"https:\/\/www.eldiario.net\/portal\/wp-json\/wp\/v2\/categories?post=161610"},{"taxonomy":"post_tag","embeddable":true,"href":"https:\/\/www.eldiario.net\/portal\/wp-json\/wp\/v2\/tags?post=161610"}],"curies":[{"name":"wp","href":"https:\/\/api.w.org\/{rel}","templated":true}]}}