{"id":161607,"date":"2023-06-24T00:42:32","date_gmt":"2023-06-24T04:42:32","guid":{"rendered":"https:\/\/www.eldiario.net\/portal\/?p=161607"},"modified":"2023-06-24T00:42:32","modified_gmt":"2023-06-24T04:42:32","slug":"saneamiento-de-tierra-no-respalda-produccion-agricola","status":"publish","type":"post","link":"https:\/\/www.eldiario.net\/portal\/2023\/06\/24\/saneamiento-de-tierra-no-respalda-produccion-agricola\/","title":{"rendered":"Saneamiento de tierra no  respalda producci\u00f3n agr\u00edcola"},"content":{"rendered":"<p>La producci\u00f3n agr\u00edcola requiere grandes extensiones de tierra, una de las caracter\u00edsticas del desarrollo cruce\u00f1o fue la producci\u00f3n en amplias zonas, pero el saneamiento que lleva el Instituto Nacional de Reforma Agraria (INRA) no va en esa direcci\u00f3n y prioriza la propiedad a favor de poblaciones ind\u00edgenas, que no necesariamente deben cumplir la funci\u00f3n social.<br \/>\nLos datos del Instituto Nacional de Reforma Agraria revelan que m\u00e1s del 80% del territorio nacional puede llegar a ser propiedad de comunidades y peque\u00f1os productores. Dicho dato emerge de la sumatoria de lo hasta ahora saneado a favor de estas categor\u00edas de tierra agraria; pues, a diciembre de 2022, las comunidades campesinas ya ten\u00edan tituladas al menos 28 millones de hect\u00e1reas y las poblaciones Ind\u00edgena Originario Campesinas 27 millones.<br \/>\nA ellas se suma el Estado que posee en Tierras Fiscales 26,8 millones de hect\u00e1reas que, por mandato de la Ley 3545, deben destinarse de forma exclusiva a pueblos y comunidades Ind\u00edgena Originario Campesinas (TIOC). Y as\u00ed, lo m\u00e1s probable es que se llegue a cubrir un 81,8% de la superficie del pa\u00eds.<br \/>\nEsto significa que esa porci\u00f3n de territorio nacional deja de tener un control estatal, puesto que al titularse de forma colectiva, las tierras adquieren la condici\u00f3n de irreversibles e indivisibles. Por lo tanto, no pueden ser recuperadas, aunque no cumplan funci\u00f3n social alguna. En contrapartida, s\u00f3lo el 16% (alrededor de 14,9 millones de hect\u00e1reas) est\u00e1n tituladas en favor de medianos productores y empresas agropecuarias, que s\u00ed est\u00e1n obligadas a producir en toda su extensi\u00f3n.<br \/>\nEntregas gratuitas<br \/>\nAdem\u00e1s, haciendo una revisi\u00f3n de las entregas gratuitas de tierra realizadas en el oriente del pa\u00eds, se observa que en Santa Cruz 1.468.597 hect\u00e1reas fueron dotadas a 930 comunidades, en Pando 340.675 a 113 poblaciones y en Beni 315.527 a favor de 19 comunidades.<br \/>\n\u00abEn el caso de Santa Cruz, las hect\u00e1reas dotadas no se visualizan en el circuito productivo agr\u00edcola o ganadero, y no se nota el aporte al trabajo que hacen los peque\u00f1os, medianos y grandes productores, quienes producen granos, carnes, l\u00e1cteos y otros que benefician al desarrollo econ\u00f3mico y social del pa\u00eds\u00bb, asever\u00f3 el abogado experto en derecho agrario Fernando Asturizaga, durante su intervenci\u00f3n en el conversatorio \u00abLos desaf\u00edos para la seguridad jur\u00eddica sobre la tenencia de la tierra\u00bb, realizado por Anapo a finales de mayo.<br \/>\n\u00abLa dotaci\u00f3n colectiva es una medida que no coincide con el modelo productivo cruce\u00f1o, que se basa en la propiedad individual de la tierra\u00bb, enfatiz\u00f3 el jurista. De acuerdo con su investigaci\u00f3n, las hect\u00e1reas a favor de comunidades son usadas para el desmonte, el alquiler informal de tierras y la explotaci\u00f3n maderera, pero no existe certeza de qu\u00e9 sucede al interior de ellas, ni c\u00f3mo se eligi\u00f3 a sus beneficiarios.<br \/>\nAsturizaga indic\u00f3 que \u00abel pa\u00eds no valora el aparato productivo cruce\u00f1o\u00bb, sujeto a avasallamientos, restricci\u00f3n de exportaciones y a un proceso infinito de reforma agraria que busca su reducci\u00f3n gradual. \u00abSe llega al extremo de que el Tribunal Constitucional califique al derecho propietario sobre la tierra de medianos productores y empresas como meras expectativas\u00bb, asever\u00f3.<br \/>\nEntre 2010 a 2019, el INRA revis\u00f3 209 dotaciones, de \u00e9stas solo 17 cumplen el rol social, es decir, las tierras han sido destinadas a la residencia o a una producci\u00f3n de subsistencia de los miembros de las comunidades y pueblos ind\u00edgenas. De estas dotaciones, seg\u00fan el propio INRA, 51 comunidades cumplen parcialmente el objetivo, 61 no cumplen y 80 no han completado su revisi\u00f3n.<br \/>\nCabe se\u00f1alar que, durante los \u00faltimos cuatro a\u00f1os, no se ha verificado la funci\u00f3n social de comunidades con autorizaci\u00f3n de asentamiento, pero s\u00ed iniciaron procesos de reversi\u00f3n de propiedades tituladas a medianos y grandes productores. Por ello, Asturizaga considera que no existe seguridad jur\u00eddica plena para los productores, quienes -a pesar de contar con un t\u00edtulo de propiedad- son vulnerables a sufrir atropellos y revisiones eternas de sus predios, lo cual frena las inversiones en el campo.<br \/>\n\u00abSi no se concluye el proceso de reforma agraria y se otorga un valor definitivo al t\u00edtulo de propiedad, la incertidumbre sobre el productor continuar\u00e1 frenando las inversiones, el acceso a la tecnolog\u00eda y el incremento de la productividad\u00bb, manifest\u00f3 el especialista.<\/p>\n","protected":false},"excerpt":{"rendered":"<p>La producci\u00f3n agr\u00edcola requiere grandes extensiones de tierra, una de las caracter\u00edsticas del desarrollo cruce\u00f1o fue la producci\u00f3n en amplias zonas, pero el saneamiento que lleva el Instituto Nacional de Reforma Agraria (INRA) no va en esa direcci\u00f3n y prioriza la propiedad a favor de poblaciones ind\u00edgenas, que no necesariamente deben cumplir la funci\u00f3n social. [&hellip;]<\/p>\n","protected":false},"author":1,"featured_media":161608,"comment_status":"closed","ping_status":"closed","sticky":false,"template":"","format":"standard","meta":{"_acf_changed":false,"footnotes":""},"categories":[7],"tags":[],"class_list":["post-161607","post","type-post","status-publish","format-standard","has-post-thumbnail","category-economia"],"acf":{"antetitulo":""},"yoast_head":"<!-- This site is optimized with the Yoast SEO plugin v28.3 - https:\/\/yoast.com\/product\/yoast-seo-wordpress\/ -->\n<title>Saneamiento de tierra no respalda producci\u00f3n agr\u00edcola - El Diario - Bolivia<\/title>\n<meta name=\"robots\" content=\"index, follow, max-snippet:-1, max-image-preview:large, max-video-preview:-1\" \/>\n<link rel=\"canonical\" href=\"https:\/\/www.eldiario.net\/portal\/2023\/06\/24\/saneamiento-de-tierra-no-respalda-produccion-agricola\/\" \/>\n<meta property=\"og:locale\" content=\"es_ES\" \/>\n<meta property=\"og:type\" content=\"article\" \/>\n<meta property=\"og:title\" content=\"Saneamiento de tierra no respalda producci\u00f3n agr\u00edcola - El Diario - Bolivia\" \/>\n<meta property=\"og:description\" content=\"La producci\u00f3n agr\u00edcola requiere grandes extensiones de tierra, una de las caracter\u00edsticas del desarrollo cruce\u00f1o fue la producci\u00f3n en amplias zonas, pero el saneamiento que lleva el Instituto Nacional de Reforma Agraria (INRA) no va en esa direcci\u00f3n y prioriza la propiedad a favor de poblaciones ind\u00edgenas, que no necesariamente deben cumplir la funci\u00f3n social. [&hellip;]\" \/>\n<meta property=\"og:url\" content=\"https:\/\/www.eldiario.net\/portal\/2023\/06\/24\/saneamiento-de-tierra-no-respalda-produccion-agricola\/\" \/>\n<meta property=\"og:site_name\" content=\"El Diario - Bolivia\" \/>\n<meta property=\"article:publisher\" content=\"https:\/\/www.facebook.com\/eldiario.bolivia\/\" \/>\n<meta property=\"article:published_time\" content=\"2023-06-24T04:42:32+00:00\" \/>\n<meta property=\"og:image\" content=\"https:\/\/www.eldiario.net\/portal\/wp-content\/uploads\/2023\/06\/tierra-1.jpg\" \/>\n\t<meta property=\"og:image:width\" content=\"1205\" \/>\n\t<meta property=\"og:image:height\" content=\"1280\" \/>\n\t<meta property=\"og:image:type\" content=\"image\/jpeg\" \/>\n<meta name=\"author\" content=\"Jeanette\" \/>\n<meta name=\"twitter:card\" content=\"summary_large_image\" \/>\n<meta name=\"twitter:creator\" content=\"@eldiario_net\" \/>\n<meta name=\"twitter:site\" content=\"@eldiario_net\" \/>\n<meta name=\"twitter:label1\" content=\"Escrito por\" \/>\n\t<meta name=\"twitter:data1\" content=\"Jeanette\" \/>\n\t<meta name=\"twitter:label2\" content=\"Tiempo de lectura\" \/>\n\t<meta name=\"twitter:data2\" content=\"4 minutos\" \/>\n<script type=\"application\/ld+json\" class=\"yoast-schema-graph\">{\"@context\":\"https:\\\/\\\/schema.org\",\"@graph\":[{\"@type\":\"Article\",\"@id\":\"https:\\\/\\\/www.eldiario.net\\\/portal\\\/2023\\\/06\\\/24\\\/saneamiento-de-tierra-no-respalda-produccion-agricola\\\/#article\",\"isPartOf\":{\"@id\":\"https:\\\/\\\/www.eldiario.net\\\/portal\\\/2023\\\/06\\\/24\\\/saneamiento-de-tierra-no-respalda-produccion-agricola\\\/\"},\"author\":{\"name\":\"Jeanette\",\"@id\":\"https:\\\/\\\/www.eldiario.net\\\/portal\\\/#\\\/schema\\\/person\\\/f46445640444750d7d753ccd04ae01b7\"},\"headline\":\"Saneamiento de tierra no respalda producci\u00f3n agr\u00edcola\",\"datePublished\":\"2023-06-24T04:42:32+00:00\",\"mainEntityOfPage\":{\"@id\":\"https:\\\/\\\/www.eldiario.net\\\/portal\\\/2023\\\/06\\\/24\\\/saneamiento-de-tierra-no-respalda-produccion-agricola\\\/\"},\"wordCount\":741,\"publisher\":{\"@id\":\"https:\\\/\\\/www.eldiario.net\\\/portal\\\/#organization\"},\"image\":{\"@id\":\"https:\\\/\\\/www.eldiario.net\\\/portal\\\/2023\\\/06\\\/24\\\/saneamiento-de-tierra-no-respalda-produccion-agricola\\\/#primaryimage\"},\"thumbnailUrl\":\"https:\\\/\\\/www.eldiario.net\\\/portal\\\/wp-content\\\/uploads\\\/2023\\\/06\\\/tierra-1.jpg\",\"articleSection\":[\"Econom\u00eda\"],\"inLanguage\":\"es\"},{\"@type\":\"WebPage\",\"@id\":\"https:\\\/\\\/www.eldiario.net\\\/portal\\\/2023\\\/06\\\/24\\\/saneamiento-de-tierra-no-respalda-produccion-agricola\\\/\",\"url\":\"https:\\\/\\\/www.eldiario.net\\\/portal\\\/2023\\\/06\\\/24\\\/saneamiento-de-tierra-no-respalda-produccion-agricola\\\/\",\"name\":\"Saneamiento de tierra no respalda producci\u00f3n agr\u00edcola - El Diario - Bolivia\",\"isPartOf\":{\"@id\":\"https:\\\/\\\/www.eldiario.net\\\/portal\\\/#website\"},\"primaryImageOfPage\":{\"@id\":\"https:\\\/\\\/www.eldiario.net\\\/portal\\\/2023\\\/06\\\/24\\\/saneamiento-de-tierra-no-respalda-produccion-agricola\\\/#primaryimage\"},\"image\":{\"@id\":\"https:\\\/\\\/www.eldiario.net\\\/portal\\\/2023\\\/06\\\/24\\\/saneamiento-de-tierra-no-respalda-produccion-agricola\\\/#primaryimage\"},\"thumbnailUrl\":\"https:\\\/\\\/www.eldiario.net\\\/portal\\\/wp-content\\\/uploads\\\/2023\\\/06\\\/tierra-1.jpg\",\"datePublished\":\"2023-06-24T04:42:32+00:00\",\"breadcrumb\":{\"@id\":\"https:\\\/\\\/www.eldiario.net\\\/portal\\\/2023\\\/06\\\/24\\\/saneamiento-de-tierra-no-respalda-produccion-agricola\\\/#breadcrumb\"},\"inLanguage\":\"es\",\"potentialAction\":[{\"@type\":\"ReadAction\",\"target\":[\"https:\\\/\\\/www.eldiario.net\\\/portal\\\/2023\\\/06\\\/24\\\/saneamiento-de-tierra-no-respalda-produccion-agricola\\\/\"]}]},{\"@type\":\"ImageObject\",\"inLanguage\":\"es\",\"@id\":\"https:\\\/\\\/www.eldiario.net\\\/portal\\\/2023\\\/06\\\/24\\\/saneamiento-de-tierra-no-respalda-produccion-agricola\\\/#primaryimage\",\"url\":\"https:\\\/\\\/www.eldiario.net\\\/portal\\\/wp-content\\\/uploads\\\/2023\\\/06\\\/tierra-1.jpg\",\"contentUrl\":\"https:\\\/\\\/www.eldiario.net\\\/portal\\\/wp-content\\\/uploads\\\/2023\\\/06\\\/tierra-1.jpg\",\"width\":1205,\"height\":1280},{\"@type\":\"BreadcrumbList\",\"@id\":\"https:\\\/\\\/www.eldiario.net\\\/portal\\\/2023\\\/06\\\/24\\\/saneamiento-de-tierra-no-respalda-produccion-agricola\\\/#breadcrumb\",\"itemListElement\":[{\"@type\":\"ListItem\",\"position\":1,\"name\":\"Portada\",\"item\":\"https:\\\/\\\/www.eldiario.net\\\/portal\\\/\"},{\"@type\":\"ListItem\",\"position\":2,\"name\":\"Saneamiento de tierra no respalda producci\u00f3n agr\u00edcola\"}]},{\"@type\":\"WebSite\",\"@id\":\"https:\\\/\\\/www.eldiario.net\\\/portal\\\/#website\",\"url\":\"https:\\\/\\\/www.eldiario.net\\\/portal\\\/\",\"name\":\"El Diario - Decano de la prensa nacional\",\"description\":\"El Diario - Decano de la prensa nacional\",\"publisher\":{\"@id\":\"https:\\\/\\\/www.eldiario.net\\\/portal\\\/#organization\"},\"potentialAction\":[{\"@type\":\"SearchAction\",\"target\":{\"@type\":\"EntryPoint\",\"urlTemplate\":\"https:\\\/\\\/www.eldiario.net\\\/portal\\\/?s={search_term_string}\"},\"query-input\":{\"@type\":\"PropertyValueSpecification\",\"valueRequired\":true,\"valueName\":\"search_term_string\"}}],\"inLanguage\":\"es\"},{\"@type\":\"Organization\",\"@id\":\"https:\\\/\\\/www.eldiario.net\\\/portal\\\/#organization\",\"name\":\"El Diario - Decano de la prensa nacional\",\"url\":\"https:\\\/\\\/www.eldiario.net\\\/portal\\\/\",\"logo\":{\"@type\":\"ImageObject\",\"inLanguage\":\"es\",\"@id\":\"https:\\\/\\\/www.eldiario.net\\\/portal\\\/#\\\/schema\\\/logo\\\/image\\\/\",\"url\":\"https:\\\/\\\/www.eldiario.net\\\/portal\\\/wp-content\\\/uploads\\\/2023\\\/07\\\/logo_ED.jpg\",\"contentUrl\":\"https:\\\/\\\/www.eldiario.net\\\/portal\\\/wp-content\\\/uploads\\\/2023\\\/07\\\/logo_ED.jpg\",\"width\":272,\"height\":52,\"caption\":\"El Diario - Decano de la prensa nacional\"},\"image\":{\"@id\":\"https:\\\/\\\/www.eldiario.net\\\/portal\\\/#\\\/schema\\\/logo\\\/image\\\/\"},\"sameAs\":[\"https:\\\/\\\/www.facebook.com\\\/eldiario.bolivia\\\/\",\"https:\\\/\\\/x.com\\\/eldiario_net\"]},{\"@type\":\"Person\",\"@id\":\"https:\\\/\\\/www.eldiario.net\\\/portal\\\/#\\\/schema\\\/person\\\/f46445640444750d7d753ccd04ae01b7\",\"name\":\"Jeanette\",\"image\":{\"@type\":\"ImageObject\",\"inLanguage\":\"es\",\"@id\":\"https:\\\/\\\/secure.gravatar.com\\\/avatar\\\/3ea2118a5f7dad2b7138b1187a6b7ee55f160b9968b66013c3a3ef39dd7e5798?s=96&d=mm&r=g\",\"url\":\"https:\\\/\\\/secure.gravatar.com\\\/avatar\\\/3ea2118a5f7dad2b7138b1187a6b7ee55f160b9968b66013c3a3ef39dd7e5798?s=96&d=mm&r=g\",\"contentUrl\":\"https:\\\/\\\/secure.gravatar.com\\\/avatar\\\/3ea2118a5f7dad2b7138b1187a6b7ee55f160b9968b66013c3a3ef39dd7e5798?s=96&d=mm&r=g\",\"caption\":\"Jeanette\"},\"sameAs\":[\"https:\\\/\\\/www.eldiario.net\\\/portal\"],\"url\":\"https:\\\/\\\/www.eldiario.net\\\/portal\\\/author\\\/jeanette\\\/\"}]}<\/script>\n<!-- \/ Yoast SEO plugin. -->","yoast_head_json":{"title":"Saneamiento de tierra no respalda producci\u00f3n agr\u00edcola - El Diario - Bolivia","robots":{"index":"index","follow":"follow","max-snippet":"max-snippet:-1","max-image-preview":"max-image-preview:large","max-video-preview":"max-video-preview:-1"},"canonical":"https:\/\/www.eldiario.net\/portal\/2023\/06\/24\/saneamiento-de-tierra-no-respalda-produccion-agricola\/","og_locale":"es_ES","og_type":"article","og_title":"Saneamiento de tierra no respalda producci\u00f3n agr\u00edcola - El Diario - Bolivia","og_description":"La producci\u00f3n agr\u00edcola requiere grandes extensiones de tierra, una de las caracter\u00edsticas del desarrollo cruce\u00f1o fue la producci\u00f3n en amplias zonas, pero el saneamiento que lleva el Instituto Nacional de Reforma Agraria (INRA) no va en esa direcci\u00f3n y prioriza la propiedad a favor de poblaciones ind\u00edgenas, que no necesariamente deben cumplir la funci\u00f3n social. [&hellip;]","og_url":"https:\/\/www.eldiario.net\/portal\/2023\/06\/24\/saneamiento-de-tierra-no-respalda-produccion-agricola\/","og_site_name":"El Diario - Bolivia","article_publisher":"https:\/\/www.facebook.com\/eldiario.bolivia\/","article_published_time":"2023-06-24T04:42:32+00:00","og_image":[{"width":1205,"height":1280,"url":"https:\/\/www.eldiario.net\/portal\/wp-content\/uploads\/2023\/06\/tierra-1.jpg","type":"image\/jpeg"}],"author":"Jeanette","twitter_card":"summary_large_image","twitter_creator":"@eldiario_net","twitter_site":"@eldiario_net","twitter_misc":{"Escrito por":"Jeanette","Tiempo de lectura":"4 minutos"},"schema":{"@context":"https:\/\/schema.org","@graph":[{"@type":"Article","@id":"https:\/\/www.eldiario.net\/portal\/2023\/06\/24\/saneamiento-de-tierra-no-respalda-produccion-agricola\/#article","isPartOf":{"@id":"https:\/\/www.eldiario.net\/portal\/2023\/06\/24\/saneamiento-de-tierra-no-respalda-produccion-agricola\/"},"author":{"name":"Jeanette","@id":"https:\/\/www.eldiario.net\/portal\/#\/schema\/person\/f46445640444750d7d753ccd04ae01b7"},"headline":"Saneamiento de tierra no respalda producci\u00f3n agr\u00edcola","datePublished":"2023-06-24T04:42:32+00:00","mainEntityOfPage":{"@id":"https:\/\/www.eldiario.net\/portal\/2023\/06\/24\/saneamiento-de-tierra-no-respalda-produccion-agricola\/"},"wordCount":741,"publisher":{"@id":"https:\/\/www.eldiario.net\/portal\/#organization"},"image":{"@id":"https:\/\/www.eldiario.net\/portal\/2023\/06\/24\/saneamiento-de-tierra-no-respalda-produccion-agricola\/#primaryimage"},"thumbnailUrl":"https:\/\/www.eldiario.net\/portal\/wp-content\/uploads\/2023\/06\/tierra-1.jpg","articleSection":["Econom\u00eda"],"inLanguage":"es"},{"@type":"WebPage","@id":"https:\/\/www.eldiario.net\/portal\/2023\/06\/24\/saneamiento-de-tierra-no-respalda-produccion-agricola\/","url":"https:\/\/www.eldiario.net\/portal\/2023\/06\/24\/saneamiento-de-tierra-no-respalda-produccion-agricola\/","name":"Saneamiento de tierra no respalda producci\u00f3n agr\u00edcola - El Diario - Bolivia","isPartOf":{"@id":"https:\/\/www.eldiario.net\/portal\/#website"},"primaryImageOfPage":{"@id":"https:\/\/www.eldiario.net\/portal\/2023\/06\/24\/saneamiento-de-tierra-no-respalda-produccion-agricola\/#primaryimage"},"image":{"@id":"https:\/\/www.eldiario.net\/portal\/2023\/06\/24\/saneamiento-de-tierra-no-respalda-produccion-agricola\/#primaryimage"},"thumbnailUrl":"https:\/\/www.eldiario.net\/portal\/wp-content\/uploads\/2023\/06\/tierra-1.jpg","datePublished":"2023-06-24T04:42:32+00:00","breadcrumb":{"@id":"https:\/\/www.eldiario.net\/portal\/2023\/06\/24\/saneamiento-de-tierra-no-respalda-produccion-agricola\/#breadcrumb"},"inLanguage":"es","potentialAction":[{"@type":"ReadAction","target":["https:\/\/www.eldiario.net\/portal\/2023\/06\/24\/saneamiento-de-tierra-no-respalda-produccion-agricola\/"]}]},{"@type":"ImageObject","inLanguage":"es","@id":"https:\/\/www.eldiario.net\/portal\/2023\/06\/24\/saneamiento-de-tierra-no-respalda-produccion-agricola\/#primaryimage","url":"https:\/\/www.eldiario.net\/portal\/wp-content\/uploads\/2023\/06\/tierra-1.jpg","contentUrl":"https:\/\/www.eldiario.net\/portal\/wp-content\/uploads\/2023\/06\/tierra-1.jpg","width":1205,"height":1280},{"@type":"BreadcrumbList","@id":"https:\/\/www.eldiario.net\/portal\/2023\/06\/24\/saneamiento-de-tierra-no-respalda-produccion-agricola\/#breadcrumb","itemListElement":[{"@type":"ListItem","position":1,"name":"Portada","item":"https:\/\/www.eldiario.net\/portal\/"},{"@type":"ListItem","position":2,"name":"Saneamiento de tierra no respalda producci\u00f3n agr\u00edcola"}]},{"@type":"WebSite","@id":"https:\/\/www.eldiario.net\/portal\/#website","url":"https:\/\/www.eldiario.net\/portal\/","name":"El Diario - Decano de la prensa nacional","description":"El Diario - Decano de la prensa nacional","publisher":{"@id":"https:\/\/www.eldiario.net\/portal\/#organization"},"potentialAction":[{"@type":"SearchAction","target":{"@type":"EntryPoint","urlTemplate":"https:\/\/www.eldiario.net\/portal\/?s={search_term_string}"},"query-input":{"@type":"PropertyValueSpecification","valueRequired":true,"valueName":"search_term_string"}}],"inLanguage":"es"},{"@type":"Organization","@id":"https:\/\/www.eldiario.net\/portal\/#organization","name":"El Diario - Decano de la prensa nacional","url":"https:\/\/www.eldiario.net\/portal\/","logo":{"@type":"ImageObject","inLanguage":"es","@id":"https:\/\/www.eldiario.net\/portal\/#\/schema\/logo\/image\/","url":"https:\/\/www.eldiario.net\/portal\/wp-content\/uploads\/2023\/07\/logo_ED.jpg","contentUrl":"https:\/\/www.eldiario.net\/portal\/wp-content\/uploads\/2023\/07\/logo_ED.jpg","width":272,"height":52,"caption":"El Diario - Decano de la prensa nacional"},"image":{"@id":"https:\/\/www.eldiario.net\/portal\/#\/schema\/logo\/image\/"},"sameAs":["https:\/\/www.facebook.com\/eldiario.bolivia\/","https:\/\/x.com\/eldiario_net"]},{"@type":"Person","@id":"https:\/\/www.eldiario.net\/portal\/#\/schema\/person\/f46445640444750d7d753ccd04ae01b7","name":"Jeanette","image":{"@type":"ImageObject","inLanguage":"es","@id":"https:\/\/secure.gravatar.com\/avatar\/3ea2118a5f7dad2b7138b1187a6b7ee55f160b9968b66013c3a3ef39dd7e5798?s=96&d=mm&r=g","url":"https:\/\/secure.gravatar.com\/avatar\/3ea2118a5f7dad2b7138b1187a6b7ee55f160b9968b66013c3a3ef39dd7e5798?s=96&d=mm&r=g","contentUrl":"https:\/\/secure.gravatar.com\/avatar\/3ea2118a5f7dad2b7138b1187a6b7ee55f160b9968b66013c3a3ef39dd7e5798?s=96&d=mm&r=g","caption":"Jeanette"},"sameAs":["https:\/\/www.eldiario.net\/portal"],"url":"https:\/\/www.eldiario.net\/portal\/author\/jeanette\/"}]}},"_links":{"self":[{"href":"https:\/\/www.eldiario.net\/portal\/wp-json\/wp\/v2\/posts\/161607","targetHints":{"allow":["GET"]}}],"collection":[{"href":"https:\/\/www.eldiario.net\/portal\/wp-json\/wp\/v2\/posts"}],"about":[{"href":"https:\/\/www.eldiario.net\/portal\/wp-json\/wp\/v2\/types\/post"}],"author":[{"embeddable":true,"href":"https:\/\/www.eldiario.net\/portal\/wp-json\/wp\/v2\/users\/1"}],"replies":[{"embeddable":true,"href":"https:\/\/www.eldiario.net\/portal\/wp-json\/wp\/v2\/comments?post=161607"}],"version-history":[{"count":0,"href":"https:\/\/www.eldiario.net\/portal\/wp-json\/wp\/v2\/posts\/161607\/revisions"}],"wp:featuredmedia":[{"embeddable":true,"href":"https:\/\/www.eldiario.net\/portal\/wp-json\/wp\/v2\/media\/161608"}],"wp:attachment":[{"href":"https:\/\/www.eldiario.net\/portal\/wp-json\/wp\/v2\/media?parent=161607"}],"wp:term":[{"taxonomy":"category","embeddable":true,"href":"https:\/\/www.eldiario.net\/portal\/wp-json\/wp\/v2\/categories?post=161607"},{"taxonomy":"post_tag","embeddable":true,"href":"https:\/\/www.eldiario.net\/portal\/wp-json\/wp\/v2\/tags?post=161607"}],"curies":[{"name":"wp","href":"https:\/\/api.w.org\/{rel}","templated":true}]}}