{"id":161601,"date":"2023-06-24T00:40:15","date_gmt":"2023-06-24T04:40:15","guid":{"rendered":"https:\/\/www.eldiario.net\/portal\/?p=161601"},"modified":"2023-06-24T00:40:15","modified_gmt":"2023-06-24T04:40:15","slug":"apoyan-formacion-de-emprendimientos-mediante-incubadoras-de-empresas","status":"publish","type":"post","link":"https:\/\/www.eldiario.net\/portal\/2023\/06\/24\/apoyan-formacion-de-emprendimientos-mediante-incubadoras-de-empresas\/","title":{"rendered":"Apoyan formaci\u00f3n de emprendimientos  mediante incubadoras de empresas"},"content":{"rendered":"<p>El apoyo a la formaci\u00f3n de emprendimientos econ\u00f3micos mediante incubadoras de empresas, es un paso para la generaci\u00f3n de empleos formales a nivel nacional. La academia tom\u00f3 partido para que las ideas se conviertan en negocios.<br \/>\nOnce proyectos pasaron del proceso de preincubaci\u00f3n al de incubaci\u00f3n, lo que implica contar con la alta probabilidad de contar con emprendimientos que en el corto plazo podr\u00e1n entran en la fase de formalizarse en el mercado.<br \/>\nDiecis\u00e9is emprendimientos culminaron su respectivo ciclo de capacitaci\u00f3n en la Incubadora de Empresas de la UPSA (IncubaUPSA), que realiz\u00f3 una entrega de reconocimientos durante el acto de graduaci\u00f3n que tuvo lugar el 12 de junio en el Sal\u00f3n Auditorio.<br \/>\nEntre tanto, otros cinco emprendimientos han pasado del proceso de incubaci\u00f3n al de postincubaci\u00f3n, lo que implica que iniciar\u00e1n la formalizaci\u00f3n con los tr\u00e1mites de Matr\u00edcula de Comercio, N\u00famero de Identificaci\u00f3n Tributaria, Licencia de Funcionamiento, Certificado de Empleador Afiliaci\u00f3n\u00a0a las AFP, Afiliaci\u00f3n Caja Nacional de Salud, entre otros, se los invitar\u00e1 a participar en la Aceleradora de la Agencia Santa Cruz Innova (InnovaUp).<br \/>\nEs el caso de Camila Almendras Gonzales, del Club de Rob\u00f3tica Santa Cruz, quien cre\u00f3 una empresa que incentiva el aprendizaje en el \u00e1mbito tecnol\u00f3gico, promueve la formaci\u00f3n integral e impulsa las habilidades enfocadas en las \u00e1reas de programaci\u00f3n y rob\u00f3tica.<br \/>\nEntre tanto, el emprendimiento 4H, de Ofelia Quiroz, se dedica a crear art\u00edculos en cuero con acabados \u00fanicos. Arqvisto, de Julio Rodr\u00edguez, es una empresa que se dedica a fotograf\u00eda con drones para inmobiliarias, planos arquitect\u00f3nicos, medir superficies de terrenos, etc.<br \/>\nVanessa Michelle Ortega Monta\u00f1o cre\u00f3 DuxAcademy, empresa dedicada a impartir cursos de liderazgo juvenil. Por su parte, Geraldine Mart\u00ednez Verduguez y Heiddy Mart\u00ednez Verduguez crearon Marrones, tienda virtual de \u2018donuts\u2019 con variedad de presentaciones.<br \/>\nFreddy Pacheco, coordinador de IncubaUPSA, explic\u00f3 que \u201cen la etapa inicial, los emprendedores presentan prototipos y un modelo de negocio, para testear el mercado. Y en la segunda etapa, se trabaja en t\u00e9cnicas de ventas, mercadeo, cartera de clientes\u201d.<br \/>\nLa Decana de la Facultad de Ciencias Empresariales, Mary Esther Parada, destac\u00f3 que los estudiantes \u201clograron su objetivo de ser emprendedores, trabajando con equipos interdisciplinarios y maximizando el networking gestionado al interior de IncubaUPSA, lo que aport\u00f3 miradas diferentes a su idea de negocio haciendo de ellas altamente atractivas\u201d.<\/p>\n","protected":false},"excerpt":{"rendered":"<p>El apoyo a la formaci\u00f3n de emprendimientos econ\u00f3micos mediante incubadoras de empresas, es un paso para la generaci\u00f3n de empleos formales a nivel nacional. La academia tom\u00f3 partido para que las ideas se conviertan en negocios. Once proyectos pasaron del proceso de preincubaci\u00f3n al de incubaci\u00f3n, lo que implica contar con la alta probabilidad de [&hellip;]<\/p>\n","protected":false},"author":1,"featured_media":161602,"comment_status":"closed","ping_status":"closed","sticky":false,"template":"","format":"standard","meta":{"_acf_changed":false,"footnotes":""},"categories":[7],"tags":[],"class_list":["post-161601","post","type-post","status-publish","format-standard","has-post-thumbnail","category-economia"],"acf":{"antetitulo":""},"yoast_head":"<!-- This site is optimized with the Yoast SEO plugin v28.3 - https:\/\/yoast.com\/product\/yoast-seo-wordpress\/ -->\n<title>Apoyan formaci\u00f3n de emprendimientos mediante incubadoras de empresas - El Diario - Bolivia<\/title>\n<meta name=\"robots\" content=\"index, follow, max-snippet:-1, max-image-preview:large, max-video-preview:-1\" \/>\n<link rel=\"canonical\" href=\"https:\/\/www.eldiario.net\/portal\/2023\/06\/24\/apoyan-formacion-de-emprendimientos-mediante-incubadoras-de-empresas\/\" \/>\n<meta property=\"og:locale\" content=\"es_ES\" \/>\n<meta property=\"og:type\" content=\"article\" \/>\n<meta property=\"og:title\" content=\"Apoyan formaci\u00f3n de emprendimientos mediante incubadoras de empresas - El Diario - Bolivia\" \/>\n<meta property=\"og:description\" content=\"El apoyo a la formaci\u00f3n de emprendimientos econ\u00f3micos mediante incubadoras de empresas, es un paso para la generaci\u00f3n de empleos formales a nivel nacional. La academia tom\u00f3 partido para que las ideas se conviertan en negocios. Once proyectos pasaron del proceso de preincubaci\u00f3n al de incubaci\u00f3n, lo que implica contar con la alta probabilidad de [&hellip;]\" \/>\n<meta property=\"og:url\" content=\"https:\/\/www.eldiario.net\/portal\/2023\/06\/24\/apoyan-formacion-de-emprendimientos-mediante-incubadoras-de-empresas\/\" \/>\n<meta property=\"og:site_name\" content=\"El Diario - Bolivia\" \/>\n<meta property=\"article:publisher\" content=\"https:\/\/www.facebook.com\/eldiario.bolivia\/\" \/>\n<meta property=\"article:published_time\" content=\"2023-06-24T04:40:15+00:00\" \/>\n<meta property=\"og:image\" content=\"https:\/\/www.eldiario.net\/portal\/wp-content\/uploads\/2023\/06\/incubadora-scaled-1.jpg\" \/>\n\t<meta property=\"og:image:width\" content=\"2560\" \/>\n\t<meta property=\"og:image:height\" content=\"1748\" \/>\n\t<meta property=\"og:image:type\" content=\"image\/jpeg\" \/>\n<meta name=\"author\" content=\"Jeanette\" \/>\n<meta name=\"twitter:card\" content=\"summary_large_image\" \/>\n<meta name=\"twitter:creator\" content=\"@eldiario_net\" \/>\n<meta name=\"twitter:site\" content=\"@eldiario_net\" \/>\n<meta name=\"twitter:label1\" content=\"Escrito por\" \/>\n\t<meta name=\"twitter:data1\" content=\"Jeanette\" \/>\n\t<meta name=\"twitter:label2\" content=\"Tiempo de lectura\" \/>\n\t<meta name=\"twitter:data2\" content=\"2 minutos\" \/>\n<script type=\"application\/ld+json\" class=\"yoast-schema-graph\">{\"@context\":\"https:\\\/\\\/schema.org\",\"@graph\":[{\"@type\":\"Article\",\"@id\":\"https:\\\/\\\/www.eldiario.net\\\/portal\\\/2023\\\/06\\\/24\\\/apoyan-formacion-de-emprendimientos-mediante-incubadoras-de-empresas\\\/#article\",\"isPartOf\":{\"@id\":\"https:\\\/\\\/www.eldiario.net\\\/portal\\\/2023\\\/06\\\/24\\\/apoyan-formacion-de-emprendimientos-mediante-incubadoras-de-empresas\\\/\"},\"author\":{\"name\":\"Jeanette\",\"@id\":\"https:\\\/\\\/www.eldiario.net\\\/portal\\\/#\\\/schema\\\/person\\\/f46445640444750d7d753ccd04ae01b7\"},\"headline\":\"Apoyan formaci\u00f3n de emprendimientos mediante incubadoras de empresas\",\"datePublished\":\"2023-06-24T04:40:15+00:00\",\"mainEntityOfPage\":{\"@id\":\"https:\\\/\\\/www.eldiario.net\\\/portal\\\/2023\\\/06\\\/24\\\/apoyan-formacion-de-emprendimientos-mediante-incubadoras-de-empresas\\\/\"},\"wordCount\":421,\"publisher\":{\"@id\":\"https:\\\/\\\/www.eldiario.net\\\/portal\\\/#organization\"},\"image\":{\"@id\":\"https:\\\/\\\/www.eldiario.net\\\/portal\\\/2023\\\/06\\\/24\\\/apoyan-formacion-de-emprendimientos-mediante-incubadoras-de-empresas\\\/#primaryimage\"},\"thumbnailUrl\":\"https:\\\/\\\/www.eldiario.net\\\/portal\\\/wp-content\\\/uploads\\\/2023\\\/06\\\/incubadora-scaled-1.jpg\",\"articleSection\":[\"Econom\u00eda\"],\"inLanguage\":\"es\"},{\"@type\":\"WebPage\",\"@id\":\"https:\\\/\\\/www.eldiario.net\\\/portal\\\/2023\\\/06\\\/24\\\/apoyan-formacion-de-emprendimientos-mediante-incubadoras-de-empresas\\\/\",\"url\":\"https:\\\/\\\/www.eldiario.net\\\/portal\\\/2023\\\/06\\\/24\\\/apoyan-formacion-de-emprendimientos-mediante-incubadoras-de-empresas\\\/\",\"name\":\"Apoyan formaci\u00f3n de emprendimientos mediante incubadoras de empresas - El Diario - Bolivia\",\"isPartOf\":{\"@id\":\"https:\\\/\\\/www.eldiario.net\\\/portal\\\/#website\"},\"primaryImageOfPage\":{\"@id\":\"https:\\\/\\\/www.eldiario.net\\\/portal\\\/2023\\\/06\\\/24\\\/apoyan-formacion-de-emprendimientos-mediante-incubadoras-de-empresas\\\/#primaryimage\"},\"image\":{\"@id\":\"https:\\\/\\\/www.eldiario.net\\\/portal\\\/2023\\\/06\\\/24\\\/apoyan-formacion-de-emprendimientos-mediante-incubadoras-de-empresas\\\/#primaryimage\"},\"thumbnailUrl\":\"https:\\\/\\\/www.eldiario.net\\\/portal\\\/wp-content\\\/uploads\\\/2023\\\/06\\\/incubadora-scaled-1.jpg\",\"datePublished\":\"2023-06-24T04:40:15+00:00\",\"breadcrumb\":{\"@id\":\"https:\\\/\\\/www.eldiario.net\\\/portal\\\/2023\\\/06\\\/24\\\/apoyan-formacion-de-emprendimientos-mediante-incubadoras-de-empresas\\\/#breadcrumb\"},\"inLanguage\":\"es\",\"potentialAction\":[{\"@type\":\"ReadAction\",\"target\":[\"https:\\\/\\\/www.eldiario.net\\\/portal\\\/2023\\\/06\\\/24\\\/apoyan-formacion-de-emprendimientos-mediante-incubadoras-de-empresas\\\/\"]}]},{\"@type\":\"ImageObject\",\"inLanguage\":\"es\",\"@id\":\"https:\\\/\\\/www.eldiario.net\\\/portal\\\/2023\\\/06\\\/24\\\/apoyan-formacion-de-emprendimientos-mediante-incubadoras-de-empresas\\\/#primaryimage\",\"url\":\"https:\\\/\\\/www.eldiario.net\\\/portal\\\/wp-content\\\/uploads\\\/2023\\\/06\\\/incubadora-scaled-1.jpg\",\"contentUrl\":\"https:\\\/\\\/www.eldiario.net\\\/portal\\\/wp-content\\\/uploads\\\/2023\\\/06\\\/incubadora-scaled-1.jpg\",\"width\":2560,\"height\":1748,\"caption\":\"Participantes de las incubadoras.\"},{\"@type\":\"BreadcrumbList\",\"@id\":\"https:\\\/\\\/www.eldiario.net\\\/portal\\\/2023\\\/06\\\/24\\\/apoyan-formacion-de-emprendimientos-mediante-incubadoras-de-empresas\\\/#breadcrumb\",\"itemListElement\":[{\"@type\":\"ListItem\",\"position\":1,\"name\":\"Portada\",\"item\":\"https:\\\/\\\/www.eldiario.net\\\/portal\\\/\"},{\"@type\":\"ListItem\",\"position\":2,\"name\":\"Apoyan formaci\u00f3n de emprendimientos mediante incubadoras de empresas\"}]},{\"@type\":\"WebSite\",\"@id\":\"https:\\\/\\\/www.eldiario.net\\\/portal\\\/#website\",\"url\":\"https:\\\/\\\/www.eldiario.net\\\/portal\\\/\",\"name\":\"El Diario - Decano de la prensa nacional\",\"description\":\"El Diario - Decano de la prensa nacional\",\"publisher\":{\"@id\":\"https:\\\/\\\/www.eldiario.net\\\/portal\\\/#organization\"},\"potentialAction\":[{\"@type\":\"SearchAction\",\"target\":{\"@type\":\"EntryPoint\",\"urlTemplate\":\"https:\\\/\\\/www.eldiario.net\\\/portal\\\/?s={search_term_string}\"},\"query-input\":{\"@type\":\"PropertyValueSpecification\",\"valueRequired\":true,\"valueName\":\"search_term_string\"}}],\"inLanguage\":\"es\"},{\"@type\":\"Organization\",\"@id\":\"https:\\\/\\\/www.eldiario.net\\\/portal\\\/#organization\",\"name\":\"El Diario - Decano de la prensa nacional\",\"url\":\"https:\\\/\\\/www.eldiario.net\\\/portal\\\/\",\"logo\":{\"@type\":\"ImageObject\",\"inLanguage\":\"es\",\"@id\":\"https:\\\/\\\/www.eldiario.net\\\/portal\\\/#\\\/schema\\\/logo\\\/image\\\/\",\"url\":\"https:\\\/\\\/www.eldiario.net\\\/portal\\\/wp-content\\\/uploads\\\/2023\\\/07\\\/logo_ED.jpg\",\"contentUrl\":\"https:\\\/\\\/www.eldiario.net\\\/portal\\\/wp-content\\\/uploads\\\/2023\\\/07\\\/logo_ED.jpg\",\"width\":272,\"height\":52,\"caption\":\"El Diario - Decano de la prensa nacional\"},\"image\":{\"@id\":\"https:\\\/\\\/www.eldiario.net\\\/portal\\\/#\\\/schema\\\/logo\\\/image\\\/\"},\"sameAs\":[\"https:\\\/\\\/www.facebook.com\\\/eldiario.bolivia\\\/\",\"https:\\\/\\\/x.com\\\/eldiario_net\"]},{\"@type\":\"Person\",\"@id\":\"https:\\\/\\\/www.eldiario.net\\\/portal\\\/#\\\/schema\\\/person\\\/f46445640444750d7d753ccd04ae01b7\",\"name\":\"Jeanette\",\"image\":{\"@type\":\"ImageObject\",\"inLanguage\":\"es\",\"@id\":\"https:\\\/\\\/secure.gravatar.com\\\/avatar\\\/3ea2118a5f7dad2b7138b1187a6b7ee55f160b9968b66013c3a3ef39dd7e5798?s=96&d=mm&r=g\",\"url\":\"https:\\\/\\\/secure.gravatar.com\\\/avatar\\\/3ea2118a5f7dad2b7138b1187a6b7ee55f160b9968b66013c3a3ef39dd7e5798?s=96&d=mm&r=g\",\"contentUrl\":\"https:\\\/\\\/secure.gravatar.com\\\/avatar\\\/3ea2118a5f7dad2b7138b1187a6b7ee55f160b9968b66013c3a3ef39dd7e5798?s=96&d=mm&r=g\",\"caption\":\"Jeanette\"},\"sameAs\":[\"https:\\\/\\\/www.eldiario.net\\\/portal\"],\"url\":\"https:\\\/\\\/www.eldiario.net\\\/portal\\\/author\\\/jeanette\\\/\"}]}<\/script>\n<!-- \/ Yoast SEO plugin. -->","yoast_head_json":{"title":"Apoyan formaci\u00f3n de emprendimientos mediante incubadoras de empresas - El Diario - Bolivia","robots":{"index":"index","follow":"follow","max-snippet":"max-snippet:-1","max-image-preview":"max-image-preview:large","max-video-preview":"max-video-preview:-1"},"canonical":"https:\/\/www.eldiario.net\/portal\/2023\/06\/24\/apoyan-formacion-de-emprendimientos-mediante-incubadoras-de-empresas\/","og_locale":"es_ES","og_type":"article","og_title":"Apoyan formaci\u00f3n de emprendimientos mediante incubadoras de empresas - El Diario - Bolivia","og_description":"El apoyo a la formaci\u00f3n de emprendimientos econ\u00f3micos mediante incubadoras de empresas, es un paso para la generaci\u00f3n de empleos formales a nivel nacional. La academia tom\u00f3 partido para que las ideas se conviertan en negocios. Once proyectos pasaron del proceso de preincubaci\u00f3n al de incubaci\u00f3n, lo que implica contar con la alta probabilidad de [&hellip;]","og_url":"https:\/\/www.eldiario.net\/portal\/2023\/06\/24\/apoyan-formacion-de-emprendimientos-mediante-incubadoras-de-empresas\/","og_site_name":"El Diario - Bolivia","article_publisher":"https:\/\/www.facebook.com\/eldiario.bolivia\/","article_published_time":"2023-06-24T04:40:15+00:00","og_image":[{"width":2560,"height":1748,"url":"https:\/\/www.eldiario.net\/portal\/wp-content\/uploads\/2023\/06\/incubadora-scaled-1.jpg","type":"image\/jpeg"}],"author":"Jeanette","twitter_card":"summary_large_image","twitter_creator":"@eldiario_net","twitter_site":"@eldiario_net","twitter_misc":{"Escrito por":"Jeanette","Tiempo de lectura":"2 minutos"},"schema":{"@context":"https:\/\/schema.org","@graph":[{"@type":"Article","@id":"https:\/\/www.eldiario.net\/portal\/2023\/06\/24\/apoyan-formacion-de-emprendimientos-mediante-incubadoras-de-empresas\/#article","isPartOf":{"@id":"https:\/\/www.eldiario.net\/portal\/2023\/06\/24\/apoyan-formacion-de-emprendimientos-mediante-incubadoras-de-empresas\/"},"author":{"name":"Jeanette","@id":"https:\/\/www.eldiario.net\/portal\/#\/schema\/person\/f46445640444750d7d753ccd04ae01b7"},"headline":"Apoyan formaci\u00f3n de emprendimientos mediante incubadoras de empresas","datePublished":"2023-06-24T04:40:15+00:00","mainEntityOfPage":{"@id":"https:\/\/www.eldiario.net\/portal\/2023\/06\/24\/apoyan-formacion-de-emprendimientos-mediante-incubadoras-de-empresas\/"},"wordCount":421,"publisher":{"@id":"https:\/\/www.eldiario.net\/portal\/#organization"},"image":{"@id":"https:\/\/www.eldiario.net\/portal\/2023\/06\/24\/apoyan-formacion-de-emprendimientos-mediante-incubadoras-de-empresas\/#primaryimage"},"thumbnailUrl":"https:\/\/www.eldiario.net\/portal\/wp-content\/uploads\/2023\/06\/incubadora-scaled-1.jpg","articleSection":["Econom\u00eda"],"inLanguage":"es"},{"@type":"WebPage","@id":"https:\/\/www.eldiario.net\/portal\/2023\/06\/24\/apoyan-formacion-de-emprendimientos-mediante-incubadoras-de-empresas\/","url":"https:\/\/www.eldiario.net\/portal\/2023\/06\/24\/apoyan-formacion-de-emprendimientos-mediante-incubadoras-de-empresas\/","name":"Apoyan formaci\u00f3n de emprendimientos mediante incubadoras de empresas - El Diario - Bolivia","isPartOf":{"@id":"https:\/\/www.eldiario.net\/portal\/#website"},"primaryImageOfPage":{"@id":"https:\/\/www.eldiario.net\/portal\/2023\/06\/24\/apoyan-formacion-de-emprendimientos-mediante-incubadoras-de-empresas\/#primaryimage"},"image":{"@id":"https:\/\/www.eldiario.net\/portal\/2023\/06\/24\/apoyan-formacion-de-emprendimientos-mediante-incubadoras-de-empresas\/#primaryimage"},"thumbnailUrl":"https:\/\/www.eldiario.net\/portal\/wp-content\/uploads\/2023\/06\/incubadora-scaled-1.jpg","datePublished":"2023-06-24T04:40:15+00:00","breadcrumb":{"@id":"https:\/\/www.eldiario.net\/portal\/2023\/06\/24\/apoyan-formacion-de-emprendimientos-mediante-incubadoras-de-empresas\/#breadcrumb"},"inLanguage":"es","potentialAction":[{"@type":"ReadAction","target":["https:\/\/www.eldiario.net\/portal\/2023\/06\/24\/apoyan-formacion-de-emprendimientos-mediante-incubadoras-de-empresas\/"]}]},{"@type":"ImageObject","inLanguage":"es","@id":"https:\/\/www.eldiario.net\/portal\/2023\/06\/24\/apoyan-formacion-de-emprendimientos-mediante-incubadoras-de-empresas\/#primaryimage","url":"https:\/\/www.eldiario.net\/portal\/wp-content\/uploads\/2023\/06\/incubadora-scaled-1.jpg","contentUrl":"https:\/\/www.eldiario.net\/portal\/wp-content\/uploads\/2023\/06\/incubadora-scaled-1.jpg","width":2560,"height":1748,"caption":"Participantes de las incubadoras."},{"@type":"BreadcrumbList","@id":"https:\/\/www.eldiario.net\/portal\/2023\/06\/24\/apoyan-formacion-de-emprendimientos-mediante-incubadoras-de-empresas\/#breadcrumb","itemListElement":[{"@type":"ListItem","position":1,"name":"Portada","item":"https:\/\/www.eldiario.net\/portal\/"},{"@type":"ListItem","position":2,"name":"Apoyan formaci\u00f3n de emprendimientos mediante incubadoras de empresas"}]},{"@type":"WebSite","@id":"https:\/\/www.eldiario.net\/portal\/#website","url":"https:\/\/www.eldiario.net\/portal\/","name":"El Diario - Decano de la prensa nacional","description":"El Diario - Decano de la prensa nacional","publisher":{"@id":"https:\/\/www.eldiario.net\/portal\/#organization"},"potentialAction":[{"@type":"SearchAction","target":{"@type":"EntryPoint","urlTemplate":"https:\/\/www.eldiario.net\/portal\/?s={search_term_string}"},"query-input":{"@type":"PropertyValueSpecification","valueRequired":true,"valueName":"search_term_string"}}],"inLanguage":"es"},{"@type":"Organization","@id":"https:\/\/www.eldiario.net\/portal\/#organization","name":"El Diario - Decano de la prensa nacional","url":"https:\/\/www.eldiario.net\/portal\/","logo":{"@type":"ImageObject","inLanguage":"es","@id":"https:\/\/www.eldiario.net\/portal\/#\/schema\/logo\/image\/","url":"https:\/\/www.eldiario.net\/portal\/wp-content\/uploads\/2023\/07\/logo_ED.jpg","contentUrl":"https:\/\/www.eldiario.net\/portal\/wp-content\/uploads\/2023\/07\/logo_ED.jpg","width":272,"height":52,"caption":"El Diario - Decano de la prensa nacional"},"image":{"@id":"https:\/\/www.eldiario.net\/portal\/#\/schema\/logo\/image\/"},"sameAs":["https:\/\/www.facebook.com\/eldiario.bolivia\/","https:\/\/x.com\/eldiario_net"]},{"@type":"Person","@id":"https:\/\/www.eldiario.net\/portal\/#\/schema\/person\/f46445640444750d7d753ccd04ae01b7","name":"Jeanette","image":{"@type":"ImageObject","inLanguage":"es","@id":"https:\/\/secure.gravatar.com\/avatar\/3ea2118a5f7dad2b7138b1187a6b7ee55f160b9968b66013c3a3ef39dd7e5798?s=96&d=mm&r=g","url":"https:\/\/secure.gravatar.com\/avatar\/3ea2118a5f7dad2b7138b1187a6b7ee55f160b9968b66013c3a3ef39dd7e5798?s=96&d=mm&r=g","contentUrl":"https:\/\/secure.gravatar.com\/avatar\/3ea2118a5f7dad2b7138b1187a6b7ee55f160b9968b66013c3a3ef39dd7e5798?s=96&d=mm&r=g","caption":"Jeanette"},"sameAs":["https:\/\/www.eldiario.net\/portal"],"url":"https:\/\/www.eldiario.net\/portal\/author\/jeanette\/"}]}},"_links":{"self":[{"href":"https:\/\/www.eldiario.net\/portal\/wp-json\/wp\/v2\/posts\/161601","targetHints":{"allow":["GET"]}}],"collection":[{"href":"https:\/\/www.eldiario.net\/portal\/wp-json\/wp\/v2\/posts"}],"about":[{"href":"https:\/\/www.eldiario.net\/portal\/wp-json\/wp\/v2\/types\/post"}],"author":[{"embeddable":true,"href":"https:\/\/www.eldiario.net\/portal\/wp-json\/wp\/v2\/users\/1"}],"replies":[{"embeddable":true,"href":"https:\/\/www.eldiario.net\/portal\/wp-json\/wp\/v2\/comments?post=161601"}],"version-history":[{"count":0,"href":"https:\/\/www.eldiario.net\/portal\/wp-json\/wp\/v2\/posts\/161601\/revisions"}],"wp:featuredmedia":[{"embeddable":true,"href":"https:\/\/www.eldiario.net\/portal\/wp-json\/wp\/v2\/media\/161602"}],"wp:attachment":[{"href":"https:\/\/www.eldiario.net\/portal\/wp-json\/wp\/v2\/media?parent=161601"}],"wp:term":[{"taxonomy":"category","embeddable":true,"href":"https:\/\/www.eldiario.net\/portal\/wp-json\/wp\/v2\/categories?post=161601"},{"taxonomy":"post_tag","embeddable":true,"href":"https:\/\/www.eldiario.net\/portal\/wp-json\/wp\/v2\/tags?post=161601"}],"curies":[{"name":"wp","href":"https:\/\/api.w.org\/{rel}","templated":true}]}}