{"id":161598,"date":"2023-06-24T00:39:20","date_gmt":"2023-06-24T04:39:20","guid":{"rendered":"https:\/\/www.eldiario.net\/portal\/?p=161598"},"modified":"2023-06-24T00:39:20","modified_gmt":"2023-06-24T04:39:20","slug":"aseguran-que-cambios-al-codigo-tributario-mostrara-lucha-frontal-contra-el-contrabando","status":"publish","type":"post","link":"https:\/\/www.eldiario.net\/portal\/2023\/06\/24\/aseguran-que-cambios-al-codigo-tributario-mostrara-lucha-frontal-contra-el-contrabando\/","title":{"rendered":"Aseguran que cambios al C\u00f3digo Tributario  mostrar\u00e1 lucha frontal contra el contrabando"},"content":{"rendered":"<p>De acuerdo al C\u00f3digo Tributario boliviano, el contrabando s\u00f3lo es considerado un delito perseguido penalmente cuando el tributo omitido del monto de la mercader\u00eda supera las 200.000 Unidades de Fomento a la Vivienda, cuyo monto equivale a ocho camiones de alto tonelaje cargados con cerveza ilegal. Por ello, los industriales y empresarios abogan por cambios en la normativa para mostrar una lucha verdadera contra el contrabando.<br \/>\nEn Bolivia un contrabandista puede ser atrapado con ocho tr\u00e1iler de cerveza ilegal y no se considera delito. El dato fue dado a conocer durante el Seminario Internacional \u201cDel Comercio Informal al Crimen Organizado: Los desaf\u00edos de la regi\u00f3n frente al contrabando\u201d, por el gerente Regional de Asuntos Corporativos de Cervecer\u00eda Boliviana Nacional, Ronald Camacho.<br \/>\nSeg\u00fan un estudio, encargado por CBN a la empresa internacional Euromonitor el a\u00f1o 2019, \u201cel contrabando de cerveza en Bolivia asciende a 337 millones de litros anuales e ingresa principalmente por las fronteras de Argentina y Brasil. Se estima que el estado deja de percibir anualmente 118 millones de d\u00f3lares por concepto de tributo omitido a ra\u00edz del contrabando de cerveza. Estas cifras seguramente son m\u00e1s elevadas al d\u00eda de hoy\u201d, explic\u00f3 el ejecutivo.<br \/>\nEstas cifras muestran que la industria cervecera en Bolivia es una de las m\u00e1s afectadas por el delito del contrabando, delito que tiene un impacto negativo en la generaci\u00f3n de empleo, la inversi\u00f3n, los ingresos del Estado y tambi\u00e9n la salud de la poblaci\u00f3n.<br \/>\nUna de las conclusiones del evento, en la que coincidieron la mayor parte de los expositores fue en la necesidad urgente de tomar acciones que permitan disminuir el contrabando, particularmente el de cerveza en Bolivia. Los representantes de varias industrias piden al Estado modificar y endurecer la normativa actual, que es permisiva con este delito, cada vez m\u00e1s violento.<br \/>\nLa industria cervecera en Bolivia es uno de los sectores que m\u00e1s tributos paga al estado y este sector, a la vez, tiene los impuestos m\u00e1s elevados de la regi\u00f3n. Parad\u00f3jicamente, tambi\u00e9n es el sector m\u00e1s golpeado por el contrabando. Se estima que de cada diez cervezas que se consumen en el pa\u00eds, dos son ingresadas ilegalmente.<br \/>\n\u201cEl gobierno, en todos sus niveles, el sector privado y la poblaci\u00f3n deben unirse para combatir este il\u00edcito, esto permitir\u00e1 la reactivaci\u00f3n del sector productivo, que implica la generaci\u00f3n de empleo, una mayor inversi\u00f3n y un consecuente incremento en la recaudaci\u00f3n tributaria\u201d, concluy\u00f3 Ronald Camacho.<br \/>\nAdem\u00e1s, los participantes tambi\u00e9n coincidieron en indicar que ya no se habla de contrabandistas, sino de organizaciones criminales que tiene todo un equipo para evadir y combatir a las fuerzas del orden en las fronteras, y en los pasos no autorizados.<\/p>\n","protected":false},"excerpt":{"rendered":"<p>De acuerdo al C\u00f3digo Tributario boliviano, el contrabando s\u00f3lo es considerado un delito perseguido penalmente cuando el tributo omitido del monto de la mercader\u00eda supera las 200.000 Unidades de Fomento a la Vivienda, cuyo monto equivale a ocho camiones de alto tonelaje cargados con cerveza ilegal. Por ello, los industriales y empresarios abogan por cambios [&hellip;]<\/p>\n","protected":false},"author":1,"featured_media":161599,"comment_status":"closed","ping_status":"closed","sticky":false,"template":"","format":"standard","meta":{"_acf_changed":false,"footnotes":""},"categories":[7],"tags":[],"class_list":["post-161598","post","type-post","status-publish","format-standard","has-post-thumbnail","category-economia"],"acf":{"antetitulo":""},"yoast_head":"<!-- This site is optimized with the Yoast SEO plugin v28.3 - https:\/\/yoast.com\/product\/yoast-seo-wordpress\/ -->\n<title>Aseguran que cambios al C\u00f3digo Tributario mostrar\u00e1 lucha frontal contra el contrabando - El Diario - Bolivia<\/title>\n<meta name=\"robots\" content=\"index, follow, max-snippet:-1, max-image-preview:large, max-video-preview:-1\" \/>\n<link rel=\"canonical\" href=\"https:\/\/www.eldiario.net\/portal\/2023\/06\/24\/aseguran-que-cambios-al-codigo-tributario-mostrara-lucha-frontal-contra-el-contrabando\/\" \/>\n<meta property=\"og:locale\" content=\"es_ES\" \/>\n<meta property=\"og:type\" content=\"article\" \/>\n<meta property=\"og:title\" content=\"Aseguran que cambios al C\u00f3digo Tributario mostrar\u00e1 lucha frontal contra el contrabando - El Diario - Bolivia\" \/>\n<meta property=\"og:description\" content=\"De acuerdo al C\u00f3digo Tributario boliviano, el contrabando s\u00f3lo es considerado un delito perseguido penalmente cuando el tributo omitido del monto de la mercader\u00eda supera las 200.000 Unidades de Fomento a la Vivienda, cuyo monto equivale a ocho camiones de alto tonelaje cargados con cerveza ilegal. Por ello, los industriales y empresarios abogan por cambios [&hellip;]\" \/>\n<meta property=\"og:url\" content=\"https:\/\/www.eldiario.net\/portal\/2023\/06\/24\/aseguran-que-cambios-al-codigo-tributario-mostrara-lucha-frontal-contra-el-contrabando\/\" \/>\n<meta property=\"og:site_name\" content=\"El Diario - Bolivia\" \/>\n<meta property=\"article:publisher\" content=\"https:\/\/www.facebook.com\/eldiario.bolivia\/\" \/>\n<meta property=\"article:published_time\" content=\"2023-06-24T04:39:20+00:00\" \/>\n<meta property=\"og:image\" content=\"https:\/\/www.eldiario.net\/portal\/wp-content\/uploads\/2023\/06\/contra-1.jpg\" \/>\n\t<meta property=\"og:image:width\" content=\"1600\" \/>\n\t<meta property=\"og:image:height\" content=\"1016\" \/>\n\t<meta property=\"og:image:type\" content=\"image\/jpeg\" \/>\n<meta name=\"author\" content=\"Jeanette\" \/>\n<meta name=\"twitter:card\" content=\"summary_large_image\" \/>\n<meta name=\"twitter:creator\" content=\"@eldiario_net\" \/>\n<meta name=\"twitter:site\" content=\"@eldiario_net\" \/>\n<meta name=\"twitter:label1\" content=\"Escrito por\" \/>\n\t<meta name=\"twitter:data1\" content=\"Jeanette\" \/>\n\t<meta name=\"twitter:label2\" content=\"Tiempo de lectura\" \/>\n\t<meta name=\"twitter:data2\" content=\"3 minutos\" \/>\n<script type=\"application\/ld+json\" class=\"yoast-schema-graph\">{\"@context\":\"https:\\\/\\\/schema.org\",\"@graph\":[{\"@type\":\"Article\",\"@id\":\"https:\\\/\\\/www.eldiario.net\\\/portal\\\/2023\\\/06\\\/24\\\/aseguran-que-cambios-al-codigo-tributario-mostrara-lucha-frontal-contra-el-contrabando\\\/#article\",\"isPartOf\":{\"@id\":\"https:\\\/\\\/www.eldiario.net\\\/portal\\\/2023\\\/06\\\/24\\\/aseguran-que-cambios-al-codigo-tributario-mostrara-lucha-frontal-contra-el-contrabando\\\/\"},\"author\":{\"name\":\"Jeanette\",\"@id\":\"https:\\\/\\\/www.eldiario.net\\\/portal\\\/#\\\/schema\\\/person\\\/f46445640444750d7d753ccd04ae01b7\"},\"headline\":\"Aseguran que cambios al C\u00f3digo Tributario mostrar\u00e1 lucha frontal contra el contrabando\",\"datePublished\":\"2023-06-24T04:39:20+00:00\",\"mainEntityOfPage\":{\"@id\":\"https:\\\/\\\/www.eldiario.net\\\/portal\\\/2023\\\/06\\\/24\\\/aseguran-que-cambios-al-codigo-tributario-mostrara-lucha-frontal-contra-el-contrabando\\\/\"},\"wordCount\":484,\"publisher\":{\"@id\":\"https:\\\/\\\/www.eldiario.net\\\/portal\\\/#organization\"},\"image\":{\"@id\":\"https:\\\/\\\/www.eldiario.net\\\/portal\\\/2023\\\/06\\\/24\\\/aseguran-que-cambios-al-codigo-tributario-mostrara-lucha-frontal-contra-el-contrabando\\\/#primaryimage\"},\"thumbnailUrl\":\"https:\\\/\\\/www.eldiario.net\\\/portal\\\/wp-content\\\/uploads\\\/2023\\\/06\\\/contra-1.jpg\",\"articleSection\":[\"Econom\u00eda\"],\"inLanguage\":\"es\"},{\"@type\":\"WebPage\",\"@id\":\"https:\\\/\\\/www.eldiario.net\\\/portal\\\/2023\\\/06\\\/24\\\/aseguran-que-cambios-al-codigo-tributario-mostrara-lucha-frontal-contra-el-contrabando\\\/\",\"url\":\"https:\\\/\\\/www.eldiario.net\\\/portal\\\/2023\\\/06\\\/24\\\/aseguran-que-cambios-al-codigo-tributario-mostrara-lucha-frontal-contra-el-contrabando\\\/\",\"name\":\"Aseguran que cambios al C\u00f3digo Tributario mostrar\u00e1 lucha frontal contra el contrabando - El Diario - Bolivia\",\"isPartOf\":{\"@id\":\"https:\\\/\\\/www.eldiario.net\\\/portal\\\/#website\"},\"primaryImageOfPage\":{\"@id\":\"https:\\\/\\\/www.eldiario.net\\\/portal\\\/2023\\\/06\\\/24\\\/aseguran-que-cambios-al-codigo-tributario-mostrara-lucha-frontal-contra-el-contrabando\\\/#primaryimage\"},\"image\":{\"@id\":\"https:\\\/\\\/www.eldiario.net\\\/portal\\\/2023\\\/06\\\/24\\\/aseguran-que-cambios-al-codigo-tributario-mostrara-lucha-frontal-contra-el-contrabando\\\/#primaryimage\"},\"thumbnailUrl\":\"https:\\\/\\\/www.eldiario.net\\\/portal\\\/wp-content\\\/uploads\\\/2023\\\/06\\\/contra-1.jpg\",\"datePublished\":\"2023-06-24T04:39:20+00:00\",\"breadcrumb\":{\"@id\":\"https:\\\/\\\/www.eldiario.net\\\/portal\\\/2023\\\/06\\\/24\\\/aseguran-que-cambios-al-codigo-tributario-mostrara-lucha-frontal-contra-el-contrabando\\\/#breadcrumb\"},\"inLanguage\":\"es\",\"potentialAction\":[{\"@type\":\"ReadAction\",\"target\":[\"https:\\\/\\\/www.eldiario.net\\\/portal\\\/2023\\\/06\\\/24\\\/aseguran-que-cambios-al-codigo-tributario-mostrara-lucha-frontal-contra-el-contrabando\\\/\"]}]},{\"@type\":\"ImageObject\",\"inLanguage\":\"es\",\"@id\":\"https:\\\/\\\/www.eldiario.net\\\/portal\\\/2023\\\/06\\\/24\\\/aseguran-que-cambios-al-codigo-tributario-mostrara-lucha-frontal-contra-el-contrabando\\\/#primaryimage\",\"url\":\"https:\\\/\\\/www.eldiario.net\\\/portal\\\/wp-content\\\/uploads\\\/2023\\\/06\\\/contra-1.jpg\",\"contentUrl\":\"https:\\\/\\\/www.eldiario.net\\\/portal\\\/wp-content\\\/uploads\\\/2023\\\/06\\\/contra-1.jpg\",\"width\":1600,\"height\":1016,\"caption\":\"Presentaci\u00f3n de los datos del negocio ilegal de la cerveza en las fronteras.\"},{\"@type\":\"BreadcrumbList\",\"@id\":\"https:\\\/\\\/www.eldiario.net\\\/portal\\\/2023\\\/06\\\/24\\\/aseguran-que-cambios-al-codigo-tributario-mostrara-lucha-frontal-contra-el-contrabando\\\/#breadcrumb\",\"itemListElement\":[{\"@type\":\"ListItem\",\"position\":1,\"name\":\"Portada\",\"item\":\"https:\\\/\\\/www.eldiario.net\\\/portal\\\/\"},{\"@type\":\"ListItem\",\"position\":2,\"name\":\"Aseguran que cambios al C\u00f3digo Tributario mostrar\u00e1 lucha frontal contra el contrabando\"}]},{\"@type\":\"WebSite\",\"@id\":\"https:\\\/\\\/www.eldiario.net\\\/portal\\\/#website\",\"url\":\"https:\\\/\\\/www.eldiario.net\\\/portal\\\/\",\"name\":\"El Diario - Decano de la prensa nacional\",\"description\":\"El Diario - Decano de la prensa nacional\",\"publisher\":{\"@id\":\"https:\\\/\\\/www.eldiario.net\\\/portal\\\/#organization\"},\"potentialAction\":[{\"@type\":\"SearchAction\",\"target\":{\"@type\":\"EntryPoint\",\"urlTemplate\":\"https:\\\/\\\/www.eldiario.net\\\/portal\\\/?s={search_term_string}\"},\"query-input\":{\"@type\":\"PropertyValueSpecification\",\"valueRequired\":true,\"valueName\":\"search_term_string\"}}],\"inLanguage\":\"es\"},{\"@type\":\"Organization\",\"@id\":\"https:\\\/\\\/www.eldiario.net\\\/portal\\\/#organization\",\"name\":\"El Diario - Decano de la prensa nacional\",\"url\":\"https:\\\/\\\/www.eldiario.net\\\/portal\\\/\",\"logo\":{\"@type\":\"ImageObject\",\"inLanguage\":\"es\",\"@id\":\"https:\\\/\\\/www.eldiario.net\\\/portal\\\/#\\\/schema\\\/logo\\\/image\\\/\",\"url\":\"https:\\\/\\\/www.eldiario.net\\\/portal\\\/wp-content\\\/uploads\\\/2023\\\/07\\\/logo_ED.jpg\",\"contentUrl\":\"https:\\\/\\\/www.eldiario.net\\\/portal\\\/wp-content\\\/uploads\\\/2023\\\/07\\\/logo_ED.jpg\",\"width\":272,\"height\":52,\"caption\":\"El Diario - Decano de la prensa nacional\"},\"image\":{\"@id\":\"https:\\\/\\\/www.eldiario.net\\\/portal\\\/#\\\/schema\\\/logo\\\/image\\\/\"},\"sameAs\":[\"https:\\\/\\\/www.facebook.com\\\/eldiario.bolivia\\\/\",\"https:\\\/\\\/x.com\\\/eldiario_net\"]},{\"@type\":\"Person\",\"@id\":\"https:\\\/\\\/www.eldiario.net\\\/portal\\\/#\\\/schema\\\/person\\\/f46445640444750d7d753ccd04ae01b7\",\"name\":\"Jeanette\",\"image\":{\"@type\":\"ImageObject\",\"inLanguage\":\"es\",\"@id\":\"https:\\\/\\\/secure.gravatar.com\\\/avatar\\\/3ea2118a5f7dad2b7138b1187a6b7ee55f160b9968b66013c3a3ef39dd7e5798?s=96&d=mm&r=g\",\"url\":\"https:\\\/\\\/secure.gravatar.com\\\/avatar\\\/3ea2118a5f7dad2b7138b1187a6b7ee55f160b9968b66013c3a3ef39dd7e5798?s=96&d=mm&r=g\",\"contentUrl\":\"https:\\\/\\\/secure.gravatar.com\\\/avatar\\\/3ea2118a5f7dad2b7138b1187a6b7ee55f160b9968b66013c3a3ef39dd7e5798?s=96&d=mm&r=g\",\"caption\":\"Jeanette\"},\"sameAs\":[\"https:\\\/\\\/www.eldiario.net\\\/portal\"],\"url\":\"https:\\\/\\\/www.eldiario.net\\\/portal\\\/author\\\/jeanette\\\/\"}]}<\/script>\n<!-- \/ Yoast SEO plugin. -->","yoast_head_json":{"title":"Aseguran que cambios al C\u00f3digo Tributario mostrar\u00e1 lucha frontal contra el contrabando - El Diario - Bolivia","robots":{"index":"index","follow":"follow","max-snippet":"max-snippet:-1","max-image-preview":"max-image-preview:large","max-video-preview":"max-video-preview:-1"},"canonical":"https:\/\/www.eldiario.net\/portal\/2023\/06\/24\/aseguran-que-cambios-al-codigo-tributario-mostrara-lucha-frontal-contra-el-contrabando\/","og_locale":"es_ES","og_type":"article","og_title":"Aseguran que cambios al C\u00f3digo Tributario mostrar\u00e1 lucha frontal contra el contrabando - El Diario - Bolivia","og_description":"De acuerdo al C\u00f3digo Tributario boliviano, el contrabando s\u00f3lo es considerado un delito perseguido penalmente cuando el tributo omitido del monto de la mercader\u00eda supera las 200.000 Unidades de Fomento a la Vivienda, cuyo monto equivale a ocho camiones de alto tonelaje cargados con cerveza ilegal. Por ello, los industriales y empresarios abogan por cambios [&hellip;]","og_url":"https:\/\/www.eldiario.net\/portal\/2023\/06\/24\/aseguran-que-cambios-al-codigo-tributario-mostrara-lucha-frontal-contra-el-contrabando\/","og_site_name":"El Diario - Bolivia","article_publisher":"https:\/\/www.facebook.com\/eldiario.bolivia\/","article_published_time":"2023-06-24T04:39:20+00:00","og_image":[{"width":1600,"height":1016,"url":"https:\/\/www.eldiario.net\/portal\/wp-content\/uploads\/2023\/06\/contra-1.jpg","type":"image\/jpeg"}],"author":"Jeanette","twitter_card":"summary_large_image","twitter_creator":"@eldiario_net","twitter_site":"@eldiario_net","twitter_misc":{"Escrito por":"Jeanette","Tiempo de lectura":"3 minutos"},"schema":{"@context":"https:\/\/schema.org","@graph":[{"@type":"Article","@id":"https:\/\/www.eldiario.net\/portal\/2023\/06\/24\/aseguran-que-cambios-al-codigo-tributario-mostrara-lucha-frontal-contra-el-contrabando\/#article","isPartOf":{"@id":"https:\/\/www.eldiario.net\/portal\/2023\/06\/24\/aseguran-que-cambios-al-codigo-tributario-mostrara-lucha-frontal-contra-el-contrabando\/"},"author":{"name":"Jeanette","@id":"https:\/\/www.eldiario.net\/portal\/#\/schema\/person\/f46445640444750d7d753ccd04ae01b7"},"headline":"Aseguran que cambios al C\u00f3digo Tributario mostrar\u00e1 lucha frontal contra el contrabando","datePublished":"2023-06-24T04:39:20+00:00","mainEntityOfPage":{"@id":"https:\/\/www.eldiario.net\/portal\/2023\/06\/24\/aseguran-que-cambios-al-codigo-tributario-mostrara-lucha-frontal-contra-el-contrabando\/"},"wordCount":484,"publisher":{"@id":"https:\/\/www.eldiario.net\/portal\/#organization"},"image":{"@id":"https:\/\/www.eldiario.net\/portal\/2023\/06\/24\/aseguran-que-cambios-al-codigo-tributario-mostrara-lucha-frontal-contra-el-contrabando\/#primaryimage"},"thumbnailUrl":"https:\/\/www.eldiario.net\/portal\/wp-content\/uploads\/2023\/06\/contra-1.jpg","articleSection":["Econom\u00eda"],"inLanguage":"es"},{"@type":"WebPage","@id":"https:\/\/www.eldiario.net\/portal\/2023\/06\/24\/aseguran-que-cambios-al-codigo-tributario-mostrara-lucha-frontal-contra-el-contrabando\/","url":"https:\/\/www.eldiario.net\/portal\/2023\/06\/24\/aseguran-que-cambios-al-codigo-tributario-mostrara-lucha-frontal-contra-el-contrabando\/","name":"Aseguran que cambios al C\u00f3digo Tributario mostrar\u00e1 lucha frontal contra el contrabando - El Diario - Bolivia","isPartOf":{"@id":"https:\/\/www.eldiario.net\/portal\/#website"},"primaryImageOfPage":{"@id":"https:\/\/www.eldiario.net\/portal\/2023\/06\/24\/aseguran-que-cambios-al-codigo-tributario-mostrara-lucha-frontal-contra-el-contrabando\/#primaryimage"},"image":{"@id":"https:\/\/www.eldiario.net\/portal\/2023\/06\/24\/aseguran-que-cambios-al-codigo-tributario-mostrara-lucha-frontal-contra-el-contrabando\/#primaryimage"},"thumbnailUrl":"https:\/\/www.eldiario.net\/portal\/wp-content\/uploads\/2023\/06\/contra-1.jpg","datePublished":"2023-06-24T04:39:20+00:00","breadcrumb":{"@id":"https:\/\/www.eldiario.net\/portal\/2023\/06\/24\/aseguran-que-cambios-al-codigo-tributario-mostrara-lucha-frontal-contra-el-contrabando\/#breadcrumb"},"inLanguage":"es","potentialAction":[{"@type":"ReadAction","target":["https:\/\/www.eldiario.net\/portal\/2023\/06\/24\/aseguran-que-cambios-al-codigo-tributario-mostrara-lucha-frontal-contra-el-contrabando\/"]}]},{"@type":"ImageObject","inLanguage":"es","@id":"https:\/\/www.eldiario.net\/portal\/2023\/06\/24\/aseguran-que-cambios-al-codigo-tributario-mostrara-lucha-frontal-contra-el-contrabando\/#primaryimage","url":"https:\/\/www.eldiario.net\/portal\/wp-content\/uploads\/2023\/06\/contra-1.jpg","contentUrl":"https:\/\/www.eldiario.net\/portal\/wp-content\/uploads\/2023\/06\/contra-1.jpg","width":1600,"height":1016,"caption":"Presentaci\u00f3n de los datos del negocio ilegal de la cerveza en las fronteras."},{"@type":"BreadcrumbList","@id":"https:\/\/www.eldiario.net\/portal\/2023\/06\/24\/aseguran-que-cambios-al-codigo-tributario-mostrara-lucha-frontal-contra-el-contrabando\/#breadcrumb","itemListElement":[{"@type":"ListItem","position":1,"name":"Portada","item":"https:\/\/www.eldiario.net\/portal\/"},{"@type":"ListItem","position":2,"name":"Aseguran que cambios al C\u00f3digo Tributario mostrar\u00e1 lucha frontal contra el contrabando"}]},{"@type":"WebSite","@id":"https:\/\/www.eldiario.net\/portal\/#website","url":"https:\/\/www.eldiario.net\/portal\/","name":"El Diario - Decano de la prensa nacional","description":"El Diario - Decano de la prensa nacional","publisher":{"@id":"https:\/\/www.eldiario.net\/portal\/#organization"},"potentialAction":[{"@type":"SearchAction","target":{"@type":"EntryPoint","urlTemplate":"https:\/\/www.eldiario.net\/portal\/?s={search_term_string}"},"query-input":{"@type":"PropertyValueSpecification","valueRequired":true,"valueName":"search_term_string"}}],"inLanguage":"es"},{"@type":"Organization","@id":"https:\/\/www.eldiario.net\/portal\/#organization","name":"El Diario - Decano de la prensa nacional","url":"https:\/\/www.eldiario.net\/portal\/","logo":{"@type":"ImageObject","inLanguage":"es","@id":"https:\/\/www.eldiario.net\/portal\/#\/schema\/logo\/image\/","url":"https:\/\/www.eldiario.net\/portal\/wp-content\/uploads\/2023\/07\/logo_ED.jpg","contentUrl":"https:\/\/www.eldiario.net\/portal\/wp-content\/uploads\/2023\/07\/logo_ED.jpg","width":272,"height":52,"caption":"El Diario - Decano de la prensa nacional"},"image":{"@id":"https:\/\/www.eldiario.net\/portal\/#\/schema\/logo\/image\/"},"sameAs":["https:\/\/www.facebook.com\/eldiario.bolivia\/","https:\/\/x.com\/eldiario_net"]},{"@type":"Person","@id":"https:\/\/www.eldiario.net\/portal\/#\/schema\/person\/f46445640444750d7d753ccd04ae01b7","name":"Jeanette","image":{"@type":"ImageObject","inLanguage":"es","@id":"https:\/\/secure.gravatar.com\/avatar\/3ea2118a5f7dad2b7138b1187a6b7ee55f160b9968b66013c3a3ef39dd7e5798?s=96&d=mm&r=g","url":"https:\/\/secure.gravatar.com\/avatar\/3ea2118a5f7dad2b7138b1187a6b7ee55f160b9968b66013c3a3ef39dd7e5798?s=96&d=mm&r=g","contentUrl":"https:\/\/secure.gravatar.com\/avatar\/3ea2118a5f7dad2b7138b1187a6b7ee55f160b9968b66013c3a3ef39dd7e5798?s=96&d=mm&r=g","caption":"Jeanette"},"sameAs":["https:\/\/www.eldiario.net\/portal"],"url":"https:\/\/www.eldiario.net\/portal\/author\/jeanette\/"}]}},"_links":{"self":[{"href":"https:\/\/www.eldiario.net\/portal\/wp-json\/wp\/v2\/posts\/161598","targetHints":{"allow":["GET"]}}],"collection":[{"href":"https:\/\/www.eldiario.net\/portal\/wp-json\/wp\/v2\/posts"}],"about":[{"href":"https:\/\/www.eldiario.net\/portal\/wp-json\/wp\/v2\/types\/post"}],"author":[{"embeddable":true,"href":"https:\/\/www.eldiario.net\/portal\/wp-json\/wp\/v2\/users\/1"}],"replies":[{"embeddable":true,"href":"https:\/\/www.eldiario.net\/portal\/wp-json\/wp\/v2\/comments?post=161598"}],"version-history":[{"count":0,"href":"https:\/\/www.eldiario.net\/portal\/wp-json\/wp\/v2\/posts\/161598\/revisions"}],"wp:featuredmedia":[{"embeddable":true,"href":"https:\/\/www.eldiario.net\/portal\/wp-json\/wp\/v2\/media\/161599"}],"wp:attachment":[{"href":"https:\/\/www.eldiario.net\/portal\/wp-json\/wp\/v2\/media?parent=161598"}],"wp:term":[{"taxonomy":"category","embeddable":true,"href":"https:\/\/www.eldiario.net\/portal\/wp-json\/wp\/v2\/categories?post=161598"},{"taxonomy":"post_tag","embeddable":true,"href":"https:\/\/www.eldiario.net\/portal\/wp-json\/wp\/v2\/tags?post=161598"}],"curies":[{"name":"wp","href":"https:\/\/api.w.org\/{rel}","templated":true}]}}