{"id":161265,"date":"2023-06-22T05:53:39","date_gmt":"2023-06-22T09:53:39","guid":{"rendered":"https:\/\/www.eldiario.net\/portal\/?p=161265"},"modified":"2023-06-22T05:53:39","modified_gmt":"2023-06-22T09:53:39","slug":"el-semaforo","status":"publish","type":"post","link":"https:\/\/www.eldiario.net\/portal\/2023\/06\/22\/el-semaforo\/","title":{"rendered":"El sem\u00e1foro"},"content":{"rendered":"<p>Varios son los sem\u00e1foros que suelo encontrar en mi traslado ma\u00f1anero de casa a la universidad, los cuales se encargan de avisarnos en silencio si podemos continuar, detenernos o avisarnos que pronto tendremos que parar, siendo mejor que no me apure, porque est\u00e1 al caer la \u201croja\u201d.<\/p>\n<p>Este \u00faltimo color es asociado al peligro, la guerra, la energ\u00eda, la fortaleza, la determinaci\u00f3n, as\u00ed como a la pasi\u00f3n, al deseo y al amor; recomendado para encaminar a las personas a tomar decisiones r\u00e1pidas durante su estancia en un sitio web. Por otra parte, vinculado por investigadores de las Ciencias M\u00e9dicas, nos indica que el rojo mejora el metabolismo humano, aumenta el ritmo respiratorio y eleva la presi\u00f3n sangu\u00ednea. En el caso del sem\u00e1foro, por su alta visibilidad, en el minuto que estoy detenido y pr\u00e1cticamente abstra\u00eddo, suelo revisar mentalmente mis prioridades una vez que llegue al trabajo y en muchas ocasiones me suele suceder lo siguiente:<\/p>\n<p>Soy despertado bruscamente por un claxon o pito por alguien apurado o tal vez un gentil conductor indic\u00e1ndome que ya cambi\u00f3 la luz a verde; qu\u00e9 decir en aquellas avenidas de tres carriles, donde el de la izquierda es solo para doblar a la izquierda, y que motoristas, taxistas, hasta buseros muy imprudentes, osados, peligrosos, \u00bfasesinos en potencia?,\u00a0 utilizan como v\u00eda de escape, amagando con doblar y realmente dan un giro hacia el carril que usted ocupa, rozando a nuestro amigo el sem\u00e1foro, el cual nos se\u00f1alizaba otra \u201corientaci\u00f3n\u201d.<\/p>\n<p>Para colmo, a veces caes en la tentaci\u00f3n (no justificable, ya que pasar\u00edas a la categor\u00eda de infractor) de hacer lo mismo, cuando aprecias que no son uno, sino hasta tres y cuatro veh\u00edculos que no respetan el alto y parece ser que usted es la persona que atrasa a los apurados.<\/p>\n<p>\u00bfQu\u00e9 hacer?, \u00bfsumarse a la indisciplina?, \u00bfpermitir que los infractores te juzguen como \u201cbaboso\u201d por respetar las leyes del tr\u00e1nsito?\u00a0 No hace mucho, casualmente, al ser el \u201ccaminito\u201d siempre el mismo, a unos 50 metros aproximadamente, buscando cu\u00e1l era el color que me esperaba, acerc\u00e1ndome al sem\u00e1foro y no logrando visualizarlo, ello me trajo confusi\u00f3n.<\/p>\n<p>\u00bfAcaso se habr\u00e1 marchado \u201ccansado\u201d de que se burlen de \u00e9l, que pocos le hagan caso, dada la desventaja de no poder silbar o que desde sus entra\u00f1as se extiendan dos brazos adicionales, que le indiquen al conductor: \u00a1ALTO!, no ves la ROJA?<\/p>\n<p>Se notaba el espacio vac\u00edo, donde deb\u00eda estar, simplemente no estaba. Cuando me acerqu\u00e9, a la izquierda, all\u00ed yac\u00eda inclinado sobre un costado en se\u00f1al de dolor, donde nada indicaba, ning\u00fan parpadeo de luces, todo a oscura y a sus pies una camioneta, que se resist\u00eda a cumplir la Ley de la inercia. Al parecer el accidente hab\u00eda ocurrido minutos antes, donde uno de los integrantes del veh\u00edculo, a\u00fan algo aturdido, revisaba los da\u00f1os del m\u00f3vil, \u00bfy del pobre sem\u00e1foro?<\/p>\n<p>Para nada era un simple objeto, sin vida, m\u00e1s all\u00e1 de haberle causado la muerte. En la noche al regresar, a\u00fan permanec\u00edan las consecuencias del accidente: veh\u00edculos que con cierta precauci\u00f3n se deten\u00edan y poco a poco ced\u00edan el paso o no, ante la ausencia de quien hoy posiblemente est\u00e9 tirado en el patio de alguna estaci\u00f3n de polic\u00eda.<\/p>\n<p>&nbsp;<\/p>\n<p><em>El autor es Licenciado en Ciencias Pedag\u00f3gicas.<\/em><\/p>\n","protected":false},"excerpt":{"rendered":"<p>Varios son los sem\u00e1foros que suelo encontrar en mi traslado ma\u00f1anero de casa a la universidad, los cuales se encargan de avisarnos en silencio si podemos continuar, detenernos o avisarnos que pronto tendremos que parar, siendo mejor que no me apure, porque est\u00e1 al caer la \u201croja\u201d. Este \u00faltimo color es asociado al peligro, la [&hellip;]<\/p>\n","protected":false},"author":1,"featured_media":160310,"comment_status":"closed","ping_status":"closed","sticky":false,"template":"","format":"standard","meta":{"_acf_changed":false,"footnotes":""},"categories":[9],"tags":[],"class_list":["post-161265","post","type-post","status-publish","format-standard","has-post-thumbnail","category-opinion"],"acf":{"antetitulo":""},"yoast_head":"<!-- This site is optimized with the Yoast SEO plugin v28.4 - https:\/\/yoast.com\/product\/yoast-seo-wordpress\/ -->\n<title>El sem\u00e1foro - El Diario - Bolivia<\/title>\n<meta name=\"robots\" content=\"index, follow, max-snippet:-1, max-image-preview:large, max-video-preview:-1\" \/>\n<link rel=\"canonical\" href=\"https:\/\/www.eldiario.net\/portal\/2023\/06\/22\/el-semaforo\/\" \/>\n<meta property=\"og:locale\" content=\"es_ES\" \/>\n<meta property=\"og:type\" content=\"article\" \/>\n<meta property=\"og:title\" content=\"El sem\u00e1foro - El Diario - Bolivia\" \/>\n<meta property=\"og:description\" content=\"Varios son los sem\u00e1foros que suelo encontrar en mi traslado ma\u00f1anero de casa a la universidad, los cuales se encargan de avisarnos en silencio si podemos continuar, detenernos o avisarnos que pronto tendremos que parar, siendo mejor que no me apure, porque est\u00e1 al caer la \u201croja\u201d. Este \u00faltimo color es asociado al peligro, la [&hellip;]\" \/>\n<meta property=\"og:url\" content=\"https:\/\/www.eldiario.net\/portal\/2023\/06\/22\/el-semaforo\/\" \/>\n<meta property=\"og:site_name\" content=\"El Diario - Bolivia\" \/>\n<meta property=\"article:publisher\" content=\"https:\/\/www.facebook.com\/eldiario.bolivia\/\" \/>\n<meta property=\"article:published_time\" content=\"2023-06-22T09:53:39+00:00\" \/>\n<meta property=\"og:image\" content=\"https:\/\/www.eldiario.net\/portal\/wp-content\/uploads\/2023\/06\/Ernesto-Gonzalez-Valdes.jpg\" \/>\n\t<meta property=\"og:image:width\" content=\"1200\" \/>\n\t<meta property=\"og:image:height\" content=\"628\" \/>\n\t<meta property=\"og:image:type\" content=\"image\/jpeg\" \/>\n<meta name=\"author\" content=\"Jeanette\" \/>\n<meta name=\"twitter:card\" content=\"summary_large_image\" \/>\n<meta name=\"twitter:creator\" content=\"@eldiario_net\" \/>\n<meta name=\"twitter:site\" content=\"@eldiario_net\" \/>\n<meta name=\"twitter:label1\" content=\"Escrito por\" \/>\n\t<meta name=\"twitter:data1\" content=\"Jeanette\" \/>\n\t<meta name=\"twitter:label2\" content=\"Tiempo de lectura\" \/>\n\t<meta name=\"twitter:data2\" content=\"3 minutos\" \/>\n<script type=\"application\/ld+json\" class=\"yoast-schema-graph\">{\"@context\":\"https:\\\/\\\/schema.org\",\"@graph\":[{\"@type\":\"Article\",\"@id\":\"https:\\\/\\\/www.eldiario.net\\\/portal\\\/2023\\\/06\\\/22\\\/el-semaforo\\\/#article\",\"isPartOf\":{\"@id\":\"https:\\\/\\\/www.eldiario.net\\\/portal\\\/2023\\\/06\\\/22\\\/el-semaforo\\\/\"},\"author\":{\"name\":\"Jeanette\",\"@id\":\"https:\\\/\\\/www.eldiario.net\\\/portal\\\/#\\\/schema\\\/person\\\/2c57cf2b7a7ae032e449e4c9b1019eac\"},\"headline\":\"El sem\u00e1foro\",\"datePublished\":\"2023-06-22T09:53:39+00:00\",\"mainEntityOfPage\":{\"@id\":\"https:\\\/\\\/www.eldiario.net\\\/portal\\\/2023\\\/06\\\/22\\\/el-semaforo\\\/\"},\"wordCount\":592,\"publisher\":{\"@id\":\"https:\\\/\\\/www.eldiario.net\\\/portal\\\/#organization\"},\"image\":{\"@id\":\"https:\\\/\\\/www.eldiario.net\\\/portal\\\/2023\\\/06\\\/22\\\/el-semaforo\\\/#primaryimage\"},\"thumbnailUrl\":\"https:\\\/\\\/www.eldiario.net\\\/portal\\\/wp-content\\\/uploads\\\/2023\\\/06\\\/Ernesto-Gonzalez-Valdes.jpg\",\"articleSection\":[\"Opini\u00f3n\"],\"inLanguage\":\"es\"},{\"@type\":\"WebPage\",\"@id\":\"https:\\\/\\\/www.eldiario.net\\\/portal\\\/2023\\\/06\\\/22\\\/el-semaforo\\\/\",\"url\":\"https:\\\/\\\/www.eldiario.net\\\/portal\\\/2023\\\/06\\\/22\\\/el-semaforo\\\/\",\"name\":\"El sem\u00e1foro - El Diario - Bolivia\",\"isPartOf\":{\"@id\":\"https:\\\/\\\/www.eldiario.net\\\/portal\\\/#website\"},\"primaryImageOfPage\":{\"@id\":\"https:\\\/\\\/www.eldiario.net\\\/portal\\\/2023\\\/06\\\/22\\\/el-semaforo\\\/#primaryimage\"},\"image\":{\"@id\":\"https:\\\/\\\/www.eldiario.net\\\/portal\\\/2023\\\/06\\\/22\\\/el-semaforo\\\/#primaryimage\"},\"thumbnailUrl\":\"https:\\\/\\\/www.eldiario.net\\\/portal\\\/wp-content\\\/uploads\\\/2023\\\/06\\\/Ernesto-Gonzalez-Valdes.jpg\",\"datePublished\":\"2023-06-22T09:53:39+00:00\",\"breadcrumb\":{\"@id\":\"https:\\\/\\\/www.eldiario.net\\\/portal\\\/2023\\\/06\\\/22\\\/el-semaforo\\\/#breadcrumb\"},\"inLanguage\":\"es\",\"potentialAction\":[{\"@type\":\"ReadAction\",\"target\":[\"https:\\\/\\\/www.eldiario.net\\\/portal\\\/2023\\\/06\\\/22\\\/el-semaforo\\\/\"]}]},{\"@type\":\"ImageObject\",\"inLanguage\":\"es\",\"@id\":\"https:\\\/\\\/www.eldiario.net\\\/portal\\\/2023\\\/06\\\/22\\\/el-semaforo\\\/#primaryimage\",\"url\":\"https:\\\/\\\/www.eldiario.net\\\/portal\\\/wp-content\\\/uploads\\\/2023\\\/06\\\/Ernesto-Gonzalez-Valdes.jpg\",\"contentUrl\":\"https:\\\/\\\/www.eldiario.net\\\/portal\\\/wp-content\\\/uploads\\\/2023\\\/06\\\/Ernesto-Gonzalez-Valdes.jpg\",\"width\":1200,\"height\":628,\"caption\":\"Ernesto Gonz\u00e1lez Vald\u00e9s\"},{\"@type\":\"BreadcrumbList\",\"@id\":\"https:\\\/\\\/www.eldiario.net\\\/portal\\\/2023\\\/06\\\/22\\\/el-semaforo\\\/#breadcrumb\",\"itemListElement\":[{\"@type\":\"ListItem\",\"position\":1,\"name\":\"Portada\",\"item\":\"https:\\\/\\\/www.eldiario.net\\\/portal\\\/\"},{\"@type\":\"ListItem\",\"position\":2,\"name\":\"El sem\u00e1foro\"}]},{\"@type\":\"WebSite\",\"@id\":\"https:\\\/\\\/www.eldiario.net\\\/portal\\\/#website\",\"url\":\"https:\\\/\\\/www.eldiario.net\\\/portal\\\/\",\"name\":\"El Diario - Decano de la prensa nacional\",\"description\":\"El Diario - Decano de la prensa nacional\",\"publisher\":{\"@id\":\"https:\\\/\\\/www.eldiario.net\\\/portal\\\/#organization\"},\"potentialAction\":[{\"@type\":\"SearchAction\",\"target\":{\"@type\":\"EntryPoint\",\"urlTemplate\":\"https:\\\/\\\/www.eldiario.net\\\/portal\\\/?s={search_term_string}\"},\"query-input\":{\"@type\":\"PropertyValueSpecification\",\"valueRequired\":true,\"valueName\":\"search_term_string\"}}],\"inLanguage\":\"es\"},{\"@type\":\"Organization\",\"@id\":\"https:\\\/\\\/www.eldiario.net\\\/portal\\\/#organization\",\"name\":\"El Diario - Decano de la prensa nacional\",\"url\":\"https:\\\/\\\/www.eldiario.net\\\/portal\\\/\",\"logo\":{\"@type\":\"ImageObject\",\"inLanguage\":\"es\",\"@id\":\"https:\\\/\\\/www.eldiario.net\\\/portal\\\/#\\\/schema\\\/logo\\\/image\\\/\",\"url\":\"https:\\\/\\\/www.eldiario.net\\\/portal\\\/wp-content\\\/uploads\\\/2023\\\/07\\\/logo_ED.jpg\",\"contentUrl\":\"https:\\\/\\\/www.eldiario.net\\\/portal\\\/wp-content\\\/uploads\\\/2023\\\/07\\\/logo_ED.jpg\",\"width\":272,\"height\":52,\"caption\":\"El Diario - Decano de la prensa nacional\"},\"image\":{\"@id\":\"https:\\\/\\\/www.eldiario.net\\\/portal\\\/#\\\/schema\\\/logo\\\/image\\\/\"},\"sameAs\":[\"https:\\\/\\\/www.facebook.com\\\/eldiario.bolivia\\\/\",\"https:\\\/\\\/x.com\\\/eldiario_net\"]},{\"@type\":\"Person\",\"@id\":\"https:\\\/\\\/www.eldiario.net\\\/portal\\\/#\\\/schema\\\/person\\\/2c57cf2b7a7ae032e449e4c9b1019eac\",\"name\":\"Jeanette\",\"image\":{\"@type\":\"ImageObject\",\"inLanguage\":\"es\",\"@id\":\"https:\\\/\\\/secure.gravatar.com\\\/avatar\\\/3ea2118a5f7dad2b7138b1187a6b7ee55f160b9968b66013c3a3ef39dd7e5798?s=96&d=mm&r=g\",\"url\":\"https:\\\/\\\/secure.gravatar.com\\\/avatar\\\/3ea2118a5f7dad2b7138b1187a6b7ee55f160b9968b66013c3a3ef39dd7e5798?s=96&d=mm&r=g\",\"contentUrl\":\"https:\\\/\\\/secure.gravatar.com\\\/avatar\\\/3ea2118a5f7dad2b7138b1187a6b7ee55f160b9968b66013c3a3ef39dd7e5798?s=96&d=mm&r=g\",\"caption\":\"Jeanette\"},\"sameAs\":[\"https:\\\/\\\/www.eldiario.net\\\/portal\"],\"url\":\"https:\\\/\\\/www.eldiario.net\\\/portal\\\/author\\\/jeanette\\\/\"}]}<\/script>\n<!-- \/ Yoast SEO plugin. -->","yoast_head_json":{"title":"El sem\u00e1foro - El Diario - Bolivia","robots":{"index":"index","follow":"follow","max-snippet":"max-snippet:-1","max-image-preview":"max-image-preview:large","max-video-preview":"max-video-preview:-1"},"canonical":"https:\/\/www.eldiario.net\/portal\/2023\/06\/22\/el-semaforo\/","og_locale":"es_ES","og_type":"article","og_title":"El sem\u00e1foro - El Diario - Bolivia","og_description":"Varios son los sem\u00e1foros que suelo encontrar en mi traslado ma\u00f1anero de casa a la universidad, los cuales se encargan de avisarnos en silencio si podemos continuar, detenernos o avisarnos que pronto tendremos que parar, siendo mejor que no me apure, porque est\u00e1 al caer la \u201croja\u201d. Este \u00faltimo color es asociado al peligro, la [&hellip;]","og_url":"https:\/\/www.eldiario.net\/portal\/2023\/06\/22\/el-semaforo\/","og_site_name":"El Diario - Bolivia","article_publisher":"https:\/\/www.facebook.com\/eldiario.bolivia\/","article_published_time":"2023-06-22T09:53:39+00:00","og_image":[{"width":1200,"height":628,"url":"https:\/\/www.eldiario.net\/portal\/wp-content\/uploads\/2023\/06\/Ernesto-Gonzalez-Valdes.jpg","type":"image\/jpeg"}],"author":"Jeanette","twitter_card":"summary_large_image","twitter_creator":"@eldiario_net","twitter_site":"@eldiario_net","twitter_misc":{"Escrito por":"Jeanette","Tiempo de lectura":"3 minutos"},"schema":{"@context":"https:\/\/schema.org","@graph":[{"@type":"Article","@id":"https:\/\/www.eldiario.net\/portal\/2023\/06\/22\/el-semaforo\/#article","isPartOf":{"@id":"https:\/\/www.eldiario.net\/portal\/2023\/06\/22\/el-semaforo\/"},"author":{"name":"Jeanette","@id":"https:\/\/www.eldiario.net\/portal\/#\/schema\/person\/2c57cf2b7a7ae032e449e4c9b1019eac"},"headline":"El sem\u00e1foro","datePublished":"2023-06-22T09:53:39+00:00","mainEntityOfPage":{"@id":"https:\/\/www.eldiario.net\/portal\/2023\/06\/22\/el-semaforo\/"},"wordCount":592,"publisher":{"@id":"https:\/\/www.eldiario.net\/portal\/#organization"},"image":{"@id":"https:\/\/www.eldiario.net\/portal\/2023\/06\/22\/el-semaforo\/#primaryimage"},"thumbnailUrl":"https:\/\/www.eldiario.net\/portal\/wp-content\/uploads\/2023\/06\/Ernesto-Gonzalez-Valdes.jpg","articleSection":["Opini\u00f3n"],"inLanguage":"es"},{"@type":"WebPage","@id":"https:\/\/www.eldiario.net\/portal\/2023\/06\/22\/el-semaforo\/","url":"https:\/\/www.eldiario.net\/portal\/2023\/06\/22\/el-semaforo\/","name":"El sem\u00e1foro - El Diario - Bolivia","isPartOf":{"@id":"https:\/\/www.eldiario.net\/portal\/#website"},"primaryImageOfPage":{"@id":"https:\/\/www.eldiario.net\/portal\/2023\/06\/22\/el-semaforo\/#primaryimage"},"image":{"@id":"https:\/\/www.eldiario.net\/portal\/2023\/06\/22\/el-semaforo\/#primaryimage"},"thumbnailUrl":"https:\/\/www.eldiario.net\/portal\/wp-content\/uploads\/2023\/06\/Ernesto-Gonzalez-Valdes.jpg","datePublished":"2023-06-22T09:53:39+00:00","breadcrumb":{"@id":"https:\/\/www.eldiario.net\/portal\/2023\/06\/22\/el-semaforo\/#breadcrumb"},"inLanguage":"es","potentialAction":[{"@type":"ReadAction","target":["https:\/\/www.eldiario.net\/portal\/2023\/06\/22\/el-semaforo\/"]}]},{"@type":"ImageObject","inLanguage":"es","@id":"https:\/\/www.eldiario.net\/portal\/2023\/06\/22\/el-semaforo\/#primaryimage","url":"https:\/\/www.eldiario.net\/portal\/wp-content\/uploads\/2023\/06\/Ernesto-Gonzalez-Valdes.jpg","contentUrl":"https:\/\/www.eldiario.net\/portal\/wp-content\/uploads\/2023\/06\/Ernesto-Gonzalez-Valdes.jpg","width":1200,"height":628,"caption":"Ernesto Gonz\u00e1lez Vald\u00e9s"},{"@type":"BreadcrumbList","@id":"https:\/\/www.eldiario.net\/portal\/2023\/06\/22\/el-semaforo\/#breadcrumb","itemListElement":[{"@type":"ListItem","position":1,"name":"Portada","item":"https:\/\/www.eldiario.net\/portal\/"},{"@type":"ListItem","position":2,"name":"El sem\u00e1foro"}]},{"@type":"WebSite","@id":"https:\/\/www.eldiario.net\/portal\/#website","url":"https:\/\/www.eldiario.net\/portal\/","name":"El Diario - Decano de la prensa nacional","description":"El Diario - Decano de la prensa nacional","publisher":{"@id":"https:\/\/www.eldiario.net\/portal\/#organization"},"potentialAction":[{"@type":"SearchAction","target":{"@type":"EntryPoint","urlTemplate":"https:\/\/www.eldiario.net\/portal\/?s={search_term_string}"},"query-input":{"@type":"PropertyValueSpecification","valueRequired":true,"valueName":"search_term_string"}}],"inLanguage":"es"},{"@type":"Organization","@id":"https:\/\/www.eldiario.net\/portal\/#organization","name":"El Diario - Decano de la prensa nacional","url":"https:\/\/www.eldiario.net\/portal\/","logo":{"@type":"ImageObject","inLanguage":"es","@id":"https:\/\/www.eldiario.net\/portal\/#\/schema\/logo\/image\/","url":"https:\/\/www.eldiario.net\/portal\/wp-content\/uploads\/2023\/07\/logo_ED.jpg","contentUrl":"https:\/\/www.eldiario.net\/portal\/wp-content\/uploads\/2023\/07\/logo_ED.jpg","width":272,"height":52,"caption":"El Diario - Decano de la prensa nacional"},"image":{"@id":"https:\/\/www.eldiario.net\/portal\/#\/schema\/logo\/image\/"},"sameAs":["https:\/\/www.facebook.com\/eldiario.bolivia\/","https:\/\/x.com\/eldiario_net"]},{"@type":"Person","@id":"https:\/\/www.eldiario.net\/portal\/#\/schema\/person\/2c57cf2b7a7ae032e449e4c9b1019eac","name":"Jeanette","image":{"@type":"ImageObject","inLanguage":"es","@id":"https:\/\/secure.gravatar.com\/avatar\/3ea2118a5f7dad2b7138b1187a6b7ee55f160b9968b66013c3a3ef39dd7e5798?s=96&d=mm&r=g","url":"https:\/\/secure.gravatar.com\/avatar\/3ea2118a5f7dad2b7138b1187a6b7ee55f160b9968b66013c3a3ef39dd7e5798?s=96&d=mm&r=g","contentUrl":"https:\/\/secure.gravatar.com\/avatar\/3ea2118a5f7dad2b7138b1187a6b7ee55f160b9968b66013c3a3ef39dd7e5798?s=96&d=mm&r=g","caption":"Jeanette"},"sameAs":["https:\/\/www.eldiario.net\/portal"],"url":"https:\/\/www.eldiario.net\/portal\/author\/jeanette\/"}]}},"_links":{"self":[{"href":"https:\/\/www.eldiario.net\/portal\/wp-json\/wp\/v2\/posts\/161265","targetHints":{"allow":["GET"]}}],"collection":[{"href":"https:\/\/www.eldiario.net\/portal\/wp-json\/wp\/v2\/posts"}],"about":[{"href":"https:\/\/www.eldiario.net\/portal\/wp-json\/wp\/v2\/types\/post"}],"author":[{"embeddable":true,"href":"https:\/\/www.eldiario.net\/portal\/wp-json\/wp\/v2\/users\/1"}],"replies":[{"embeddable":true,"href":"https:\/\/www.eldiario.net\/portal\/wp-json\/wp\/v2\/comments?post=161265"}],"version-history":[{"count":0,"href":"https:\/\/www.eldiario.net\/portal\/wp-json\/wp\/v2\/posts\/161265\/revisions"}],"wp:featuredmedia":[{"embeddable":true,"href":"https:\/\/www.eldiario.net\/portal\/wp-json\/wp\/v2\/media\/160310"}],"wp:attachment":[{"href":"https:\/\/www.eldiario.net\/portal\/wp-json\/wp\/v2\/media?parent=161265"}],"wp:term":[{"taxonomy":"category","embeddable":true,"href":"https:\/\/www.eldiario.net\/portal\/wp-json\/wp\/v2\/categories?post=161265"},{"taxonomy":"post_tag","embeddable":true,"href":"https:\/\/www.eldiario.net\/portal\/wp-json\/wp\/v2\/tags?post=161265"}],"curies":[{"name":"wp","href":"https:\/\/api.w.org\/{rel}","templated":true}]}}