{"id":161263,"date":"2023-06-22T05:52:54","date_gmt":"2023-06-22T09:52:54","guid":{"rendered":"https:\/\/www.eldiario.net\/portal\/?p=161263"},"modified":"2023-06-22T05:52:54","modified_gmt":"2023-06-22T09:52:54","slug":"crean-un-algoritmo-para-proyectar","status":"publish","type":"post","link":"https:\/\/www.eldiario.net\/portal\/2023\/06\/22\/crean-un-algoritmo-para-proyectar\/","title":{"rendered":"Crean un algoritmo para proyectar"},"content":{"rendered":"<p><em><strong>Luciana Constantino<\/strong><\/em><\/p>\n<p>&nbsp;<\/p>\n<p>Un grupo de cient\u00edficos de la Universidad de Campinas (Unicamp), en el estado de Sao Paulo, Brasil, desarroll\u00f3 un algoritmo con capacidad para proyectar el futuro de la vegetaci\u00f3n amaz\u00f3nica, con escenarios referentes a las transformaciones de la selva que el cambio clim\u00e1tico provocar\u00e1. Uno de los resultados muestra que un clima m\u00e1s seco en esa regi\u00f3n, con una disminuci\u00f3n del 50 % en las precipitaciones, podr\u00eda incrementar la diversidad, pero con menores \u00edndices de existencias de carbono.<\/p>\n<p>Sucede que se producir\u00eda entonces un incremento del almacenamiento de di\u00f3xido de carbono (CO2) en las ra\u00edces de la vegetaci\u00f3n, en detrimento de la absorci\u00f3n a trav\u00e9s de las hojas y los troncos, que poseen una mayor capacidad de acumulaci\u00f3n. Al tener en cuenta diversas situaciones, los investigadores calcularon que la absorci\u00f3n podr\u00eda ser entre un 57,48 % y un 57,75 % menor en comparaci\u00f3n con las condiciones clim\u00e1ticas habituales.<\/p>\n<p>A este algoritmo, el primero de ese tipo exclusivamente brasile\u00f1o, se lo apod\u00f3 CAET\u00ca, que en el idioma tup\u00ed-guaran\u00ed significa \u201cmonte virgen\u201d. Este nombre proviene de la sigla CArbon and Ecosysten functional-Trait Evaluation model (modelo para la evaluaci\u00f3n de las caracter\u00edsticas funcionales de carbono y del ecosistema, en una traducci\u00f3n libre). Y sus primeros resultados aparecen descritos en un art\u00edculo publicado en la revista cient\u00edfica <em>Ecological Modelling<\/em>.<\/p>\n<p>CAET\u00ca simula fen\u00f3menos de la naturaleza mediante la aplicaci\u00f3n de ecuaciones matem\u00e1ticas alimentadas con datos de condiciones ambientales tales como lluvias, incidencia solar y niveles de CO2. Con esta informaci\u00f3n, el algoritmo responde cu\u00e1l puede ser la tasa de fotos\u00edntesis en determinadas condiciones o en qu\u00e9 parte almacenar\u00e1n m\u00e1s carbono las plantas (en sus ra\u00edces, en sus hojas o en sus troncos). Y as\u00ed es posible estimar la cantidad de carbono que la selva puede almacenar, y a partir de qu\u00e9 punto deja de recuperarse la vegetaci\u00f3n nativa.<\/p>\n<p>\u201cEl principal resultado de esta investigaci\u00f3n consisti\u00f3 en demostrar que la inclusi\u00f3n de la diversidad en los modelos de vegetaci\u00f3n mejora la capacidad de proyecci\u00f3n frente a los cambios clim\u00e1ticos, con lo cual se mejora tambi\u00e9n la credibilidad. Y el segundo punto, un resultado inesperado, muestra que tras aplicar una merma del 50 % en las precipitaciones, se registr\u00f3 una expansi\u00f3n de la diversidad de estrategias de las plantas, pero con una menor captaci\u00f3n de carbono proveniente de la atm\u00f3sfera. Esto puede generar un resultado distinto en lo concerniente a la mitigaci\u00f3n del cambio clim\u00e1tico. En este caso, el aumento de la diversidad no necesariamente puede apuntar un saldo positivo\u201d, afirma Bianca Fazio Rius, autora principal del art\u00edculo y doctoranda en el Instituto de Biolog\u00eda (IB) de la Unicamp.<\/p>\n<p>Fazio Rius cont\u00f3 con el apoyo de la FAPESP, que tambi\u00e9n financi\u00f3 este estudio mediante el otorgamiento de una beca a Joao Paulo Darela Filho y a trav\u00e9s del AmazonFACE, un programa de investigaciones en cuyo marco se estudia en experimentos de campo de qu\u00e9 manera el aumento de CO2 atmosf\u00e9rico afecta a la selva amaz\u00f3nica, a su biodiversidad y a los servicios ecosist\u00e9micos (sepa m\u00e1s ingresando a este enlace: amazonface.unicamp.br\/#).<\/p>\n<p>La investigadora integra el equipo del Laboratorio de Ciencia del Sistema Terrestre, coordinado por el profesor David Montenegro Lapola, quien dirigi\u00f3 el estudio.<\/p>\n<p>\u201cCon el algoritmo CAET\u00ca, al tiempo que se apunta a mejorar la representaci\u00f3n de la enorme diversidad biol\u00f3gica de la selva tropical m\u00e1s grande del mundo, tambi\u00e9n se genera un est\u00edmulo al recabado de datos en campo que a\u00fan son necesarios para el dise\u00f1o de este tipo de modelos\u201d, le explica Montenegro Lapola a Agencia FAPESP.<\/p>\n<p>El profesor fue uno de los brasile\u00f1os que, junto a otros 34 cient\u00edficos de instituciones del pa\u00eds e internacionales, suscribieron el art\u00edculo destacado en la portada de la revista <em>Science<\/em> a comienzos de este a\u00f1o, en donde se muestra que alrededor del 38 % de la actual \u00e1rea de la Amazonia padece alg\u00fan tipo de degradaci\u00f3n causada por cuatro factores: el fuego, la extracci\u00f3n selectiva de madera (en su mayor\u00eda ilegal), los efectos de borde (que son alteraciones en \u00e1reas selv\u00e1ticas aleda\u00f1as a zonas deforestadas) y las sequ\u00edas extremas. El resultado de esto consiste en que las emisiones de carbono ocasionadas por la p\u00e9rdida gradual de vegetaci\u00f3n son equivalentes o incluso mayores que las registradas por el desmonte.<\/p>\n<p>&nbsp;<\/p>\n<p><strong>VENTAJAS Y DESVENTAJAS<\/strong><\/p>\n<p>Los modelos de vegetaci\u00f3n han venido utiliz\u00e1ndose ampliamente para explorar el destino del balance de carbono de la selva amaz\u00f3nica en condiciones clim\u00e1ticas proyectadas hacia el futuro. Estudios anteriores mostraron que durante los \u00faltimos 40 a\u00f1os la Amazonia se volvi\u00f3 1 \u00b0C m\u00e1s c\u00e1lida y lleg\u00f3 a experimentar una merma de hasta un 36 % en el nivel de lluvias en algunas \u00e1reas. Como reflejo de la deforestaci\u00f3n, la degradaci\u00f3n vegetal y el calentamiento global, la selva tambi\u00e9n ha perdido su capacidad de absorber CO2.<\/p>\n<p>Asimismo, un informe dado a conocer el 17 de mayo por la Organizaci\u00f3n Meteorol\u00f3gica Mundial advierte que la temperatura global alcanzar\u00e1 niveles r\u00e9cords durante los pr\u00f3ximos cinco a\u00f1os a causa de los gases que causan el efecto invernadero y del fen\u00f3meno El Ni\u00f1o, con un pron\u00f3stico de mengua en el r\u00e9gimen de lluvias para la Amazonia.<\/p>\n<p>No obstante, los algoritmos actuales emplean como base un peque\u00f1o conjunto de los denominados tipos funcionales de plantas (TFP), con una subrepresentaci\u00f3n de la diversidad. De este modo, la combinaci\u00f3n de caracter\u00edsticas halladas en los ecosistemas modelos est\u00e1 simplificada ante la complejidad de la mayor selva tropical del mundo, lo que genera escenarios limitados o que sobrestiman los impactos de los cambios ambientales.<\/p>\n<p>Entre los tipos existentes actualmente se encuentran los modelos din\u00e1micos de vegetaci\u00f3n global (DGVM), programas que efect\u00faan simulaciones y proyecciones de la din\u00e1mica vegetal de una regi\u00f3n, entre ellos el Jena Diversity (JeDi). Por otra parte, entre las ventajas de estas simulaciones se encuentra el hecho de que no dependen de la log\u00edstica y de las grandes inversiones necesarias para la realizaci\u00f3n de un experimento de campo a gran escala.<\/p>\n<p>&nbsp;<\/p>\n<p><strong>EL PUNTO DE INFLEXI\u00d3N<\/strong><\/p>\n<p>Fazio Rius explica que este estudio no se enfoca en las especies. \u201cAplicamos la idea de que cada ejemplar \u2212incluso los individuos situados dentro de una misma especie\u2212 puede considerarse como un tipo de estrategia tendiente a lidiar con el ambiente. Las estrategias creadas computacionalmente no pertenecen necesariamente a una determinada especie\u201d, dice.<\/p>\n<p>La investigadora explica que dichas estrategias constituyen un conjunto de caracter\u00edsticas de las plantas o de cualquier ser vivo que indicar\u00e1n de qu\u00e9 manera este responde al ambiente o el mismo lo afecta. Por ejemplo, una planta que adapta la profundidad de sus ra\u00edces para poder tener acceso al agua dependiendo de la altura del manto fre\u00e1tico. Esto puede determinar la supervivencia y la reproducci\u00f3n de esos ejemplares, y se relaciona con los servicios ecosist\u00e9micos, tales como la capacidad de absorci\u00f3n de carbono o la generaci\u00f3n de humedad referente al ciclo de lluvias.<\/p>\n<p>\u201cLo que vimos con el clima, que se fue volviendo m\u00e1s seco, fue un cambio en la aparici\u00f3n de tipos de estrategia de vida en la Amazonia. Observamos un aumento del surgimiento de estrategias an\u00e1logas a las del Cerrado. Es como si se produjese un adentramiento del Cerrado en la selva, un desenlace que en otros trabajos ya se hab\u00eda planteado\u201d, a\u00f1ade Fazio Rius.<\/p>\n<p>Los cient\u00edficos hacen hincapi\u00e9 en que la investigaci\u00f3n con CAET\u00ca aport\u00f3 m\u00e1s evidencias que indican que la inclusi\u00f3n de la variabilidad y de la diversidad puede tener implicaciones en el modelado del denominado \u201cpunto de inflexi\u00f3n\u201d de la Amazonia, cuando la vegetaci\u00f3n natural ya no logra recuperarse. Uno de los primeros art\u00edculos en los cuales se abord\u00f3 este tema llev\u00f3 las firmas de los investigadores Thomas Lovejoy (1941-2021), el bi\u00f3logo que acu\u00f1\u00f3 el t\u00e9rmino \u201cdiversidad biol\u00f3gica\u201d, y Carlos Nobre, copresidente del Panel Cient\u00edfico para la Amazonia, al destacar la importancia del ciclo hidrol\u00f3gico de la selva tropical no solamente para Brasil sino para toda Am\u00e9rica del Sur y para otras regiones.<\/p>\n<p>A trav\u00e9s de la evapotranspiraci\u00f3n, la selva asegura durante todo el a\u00f1o la existencia de la humedad que aportan las lluvias en partes de la cuenca del R\u00edo de la Plata, por ejemplo, especialmente en el sur de Paraguay y el sur de Brasil, Uruguay y el centro-este de Argentina.<\/p>\n<p>&nbsp;<\/p>\n<p><strong>EL HISTORIAL<\/strong><\/p>\n<p>El dise\u00f1o de CAET\u00ca empez\u00f3 en el a\u00f1o 2015, con base en el modelo ecosist\u00e9mico CPTEC-PVM2, con Montenegro Lapola como uno de los part\u00edcipes en el desarrollo inicial.<\/p>\n<p>\u201cLa mayor\u00eda de los modelos de vegetaci\u00f3n representa a la Amazonia con dos o tres tipos de estrategias. La propuesta fue incluir una mayor diversidad. Seguiremos desarroll\u00e1ndolo, pues un modelo nunca est\u00e1 terminado\u201d, afirma Fazio Rius.<\/p>\n<p>En esa misma l\u00ednea, la doctoranda del IB de la Unicamp B\u00e1rbara Cardeli se sum\u00f3 al grupo y est\u00e1 trabajando en el modelo para incluir un m\u00f3dulo que apunta a cuantificar los servicios ecosist\u00e9micos. \u201cLa idea es que sea posible ver a trav\u00e9s de algunos procesos de una manera sencilla de qu\u00e9 manera las estrategias de la vegetaci\u00f3n distribuyen carbono, y qu\u00e9 servicios ecosist\u00e9micos est\u00e1n asegurados o cu\u00e1les no lo est\u00e1n, por ejemplo. Pretendemos incluir datos num\u00e9ricos, valores de c\u00f3mo se encuentra la oferta de estos servicios\u201d, comenta Cardeli.<\/p>\n<p>Desde la \u00f3ptica de los investigadores, CAET\u00ca puede erigirse como una herramienta que suministre datos para la toma de decisiones y la elaboraci\u00f3n de pol\u00edticas p\u00fablicas orientadas hacia el mercado de carbono. Durante la Conferencia de las Naciones Unidas sobre el Cambio Clim\u00e1tico (COP26), Brasil asumi\u00f3 el compromiso de disminuir un 50 % las emisiones de carbono del pa\u00eds para 2030 con relaci\u00f3n a los datos de 2005, y de neutralizarlas para 2050\u2026 (Agencia FAPESP).<\/p>\n","protected":false},"excerpt":{"rendered":"<p>Luciana Constantino &nbsp; Un grupo de cient\u00edficos de la Universidad de Campinas (Unicamp), en el estado de Sao Paulo, Brasil, desarroll\u00f3 un algoritmo con capacidad para proyectar el futuro de la vegetaci\u00f3n amaz\u00f3nica, con escenarios referentes a las transformaciones de la selva que el cambio clim\u00e1tico provocar\u00e1. Uno de los resultados muestra que un clima [&hellip;]<\/p>\n","protected":false},"author":1,"featured_media":0,"comment_status":"closed","ping_status":"closed","sticky":false,"template":"","format":"standard","meta":{"_acf_changed":false,"footnotes":""},"categories":[9],"tags":[],"class_list":["post-161263","post","type-post","status-publish","format-standard","category-opinion"],"acf":{"antetitulo":""},"yoast_head":"<!-- This site is optimized with the Yoast SEO plugin v28.4 - https:\/\/yoast.com\/product\/yoast-seo-wordpress\/ -->\n<title>Crean un algoritmo para proyectar - El Diario - Bolivia<\/title>\n<meta name=\"robots\" content=\"index, follow, max-snippet:-1, max-image-preview:large, max-video-preview:-1\" \/>\n<link rel=\"canonical\" href=\"https:\/\/www.eldiario.net\/portal\/2023\/06\/22\/crean-un-algoritmo-para-proyectar\/\" \/>\n<meta property=\"og:locale\" content=\"es_ES\" \/>\n<meta property=\"og:type\" content=\"article\" \/>\n<meta property=\"og:title\" content=\"Crean un algoritmo para proyectar - El Diario - Bolivia\" \/>\n<meta property=\"og:description\" content=\"Luciana Constantino &nbsp; Un grupo de cient\u00edficos de la Universidad de Campinas (Unicamp), en el estado de Sao Paulo, Brasil, desarroll\u00f3 un algoritmo con capacidad para proyectar el futuro de la vegetaci\u00f3n amaz\u00f3nica, con escenarios referentes a las transformaciones de la selva que el cambio clim\u00e1tico provocar\u00e1. Uno de los resultados muestra que un clima [&hellip;]\" \/>\n<meta property=\"og:url\" content=\"https:\/\/www.eldiario.net\/portal\/2023\/06\/22\/crean-un-algoritmo-para-proyectar\/\" \/>\n<meta property=\"og:site_name\" content=\"El Diario - Bolivia\" \/>\n<meta property=\"article:publisher\" content=\"https:\/\/www.facebook.com\/eldiario.bolivia\/\" \/>\n<meta property=\"article:published_time\" content=\"2023-06-22T09:52:54+00:00\" \/>\n<meta name=\"author\" content=\"Jeanette\" \/>\n<meta name=\"twitter:card\" content=\"summary_large_image\" \/>\n<meta name=\"twitter:creator\" content=\"@eldiario_net\" \/>\n<meta name=\"twitter:site\" content=\"@eldiario_net\" \/>\n<meta name=\"twitter:label1\" content=\"Escrito por\" \/>\n\t<meta name=\"twitter:data1\" content=\"Jeanette\" \/>\n\t<meta name=\"twitter:label2\" content=\"Tiempo de lectura\" \/>\n\t<meta name=\"twitter:data2\" content=\"8 minutos\" \/>\n<script type=\"application\/ld+json\" class=\"yoast-schema-graph\">{\"@context\":\"https:\\\/\\\/schema.org\",\"@graph\":[{\"@type\":\"Article\",\"@id\":\"https:\\\/\\\/www.eldiario.net\\\/portal\\\/2023\\\/06\\\/22\\\/crean-un-algoritmo-para-proyectar\\\/#article\",\"isPartOf\":{\"@id\":\"https:\\\/\\\/www.eldiario.net\\\/portal\\\/2023\\\/06\\\/22\\\/crean-un-algoritmo-para-proyectar\\\/\"},\"author\":{\"name\":\"Jeanette\",\"@id\":\"https:\\\/\\\/www.eldiario.net\\\/portal\\\/#\\\/schema\\\/person\\\/2c57cf2b7a7ae032e449e4c9b1019eac\"},\"headline\":\"Crean un algoritmo para proyectar\",\"datePublished\":\"2023-06-22T09:52:54+00:00\",\"mainEntityOfPage\":{\"@id\":\"https:\\\/\\\/www.eldiario.net\\\/portal\\\/2023\\\/06\\\/22\\\/crean-un-algoritmo-para-proyectar\\\/\"},\"wordCount\":1735,\"publisher\":{\"@id\":\"https:\\\/\\\/www.eldiario.net\\\/portal\\\/#organization\"},\"articleSection\":[\"Opini\u00f3n\"],\"inLanguage\":\"es\"},{\"@type\":\"WebPage\",\"@id\":\"https:\\\/\\\/www.eldiario.net\\\/portal\\\/2023\\\/06\\\/22\\\/crean-un-algoritmo-para-proyectar\\\/\",\"url\":\"https:\\\/\\\/www.eldiario.net\\\/portal\\\/2023\\\/06\\\/22\\\/crean-un-algoritmo-para-proyectar\\\/\",\"name\":\"Crean un algoritmo para proyectar - El Diario - Bolivia\",\"isPartOf\":{\"@id\":\"https:\\\/\\\/www.eldiario.net\\\/portal\\\/#website\"},\"datePublished\":\"2023-06-22T09:52:54+00:00\",\"breadcrumb\":{\"@id\":\"https:\\\/\\\/www.eldiario.net\\\/portal\\\/2023\\\/06\\\/22\\\/crean-un-algoritmo-para-proyectar\\\/#breadcrumb\"},\"inLanguage\":\"es\",\"potentialAction\":[{\"@type\":\"ReadAction\",\"target\":[\"https:\\\/\\\/www.eldiario.net\\\/portal\\\/2023\\\/06\\\/22\\\/crean-un-algoritmo-para-proyectar\\\/\"]}]},{\"@type\":\"BreadcrumbList\",\"@id\":\"https:\\\/\\\/www.eldiario.net\\\/portal\\\/2023\\\/06\\\/22\\\/crean-un-algoritmo-para-proyectar\\\/#breadcrumb\",\"itemListElement\":[{\"@type\":\"ListItem\",\"position\":1,\"name\":\"Portada\",\"item\":\"https:\\\/\\\/www.eldiario.net\\\/portal\\\/\"},{\"@type\":\"ListItem\",\"position\":2,\"name\":\"Crean un algoritmo para proyectar\"}]},{\"@type\":\"WebSite\",\"@id\":\"https:\\\/\\\/www.eldiario.net\\\/portal\\\/#website\",\"url\":\"https:\\\/\\\/www.eldiario.net\\\/portal\\\/\",\"name\":\"El Diario - Decano de la prensa nacional\",\"description\":\"El Diario - Decano de la prensa nacional\",\"publisher\":{\"@id\":\"https:\\\/\\\/www.eldiario.net\\\/portal\\\/#organization\"},\"potentialAction\":[{\"@type\":\"SearchAction\",\"target\":{\"@type\":\"EntryPoint\",\"urlTemplate\":\"https:\\\/\\\/www.eldiario.net\\\/portal\\\/?s={search_term_string}\"},\"query-input\":{\"@type\":\"PropertyValueSpecification\",\"valueRequired\":true,\"valueName\":\"search_term_string\"}}],\"inLanguage\":\"es\"},{\"@type\":\"Organization\",\"@id\":\"https:\\\/\\\/www.eldiario.net\\\/portal\\\/#organization\",\"name\":\"El Diario - Decano de la prensa nacional\",\"url\":\"https:\\\/\\\/www.eldiario.net\\\/portal\\\/\",\"logo\":{\"@type\":\"ImageObject\",\"inLanguage\":\"es\",\"@id\":\"https:\\\/\\\/www.eldiario.net\\\/portal\\\/#\\\/schema\\\/logo\\\/image\\\/\",\"url\":\"https:\\\/\\\/www.eldiario.net\\\/portal\\\/wp-content\\\/uploads\\\/2023\\\/07\\\/logo_ED.jpg\",\"contentUrl\":\"https:\\\/\\\/www.eldiario.net\\\/portal\\\/wp-content\\\/uploads\\\/2023\\\/07\\\/logo_ED.jpg\",\"width\":272,\"height\":52,\"caption\":\"El Diario - Decano de la prensa nacional\"},\"image\":{\"@id\":\"https:\\\/\\\/www.eldiario.net\\\/portal\\\/#\\\/schema\\\/logo\\\/image\\\/\"},\"sameAs\":[\"https:\\\/\\\/www.facebook.com\\\/eldiario.bolivia\\\/\",\"https:\\\/\\\/x.com\\\/eldiario_net\"]},{\"@type\":\"Person\",\"@id\":\"https:\\\/\\\/www.eldiario.net\\\/portal\\\/#\\\/schema\\\/person\\\/2c57cf2b7a7ae032e449e4c9b1019eac\",\"name\":\"Jeanette\",\"image\":{\"@type\":\"ImageObject\",\"inLanguage\":\"es\",\"@id\":\"https:\\\/\\\/secure.gravatar.com\\\/avatar\\\/3ea2118a5f7dad2b7138b1187a6b7ee55f160b9968b66013c3a3ef39dd7e5798?s=96&d=mm&r=g\",\"url\":\"https:\\\/\\\/secure.gravatar.com\\\/avatar\\\/3ea2118a5f7dad2b7138b1187a6b7ee55f160b9968b66013c3a3ef39dd7e5798?s=96&d=mm&r=g\",\"contentUrl\":\"https:\\\/\\\/secure.gravatar.com\\\/avatar\\\/3ea2118a5f7dad2b7138b1187a6b7ee55f160b9968b66013c3a3ef39dd7e5798?s=96&d=mm&r=g\",\"caption\":\"Jeanette\"},\"sameAs\":[\"https:\\\/\\\/www.eldiario.net\\\/portal\"],\"url\":\"https:\\\/\\\/www.eldiario.net\\\/portal\\\/author\\\/jeanette\\\/\"}]}<\/script>\n<!-- \/ Yoast SEO plugin. -->","yoast_head_json":{"title":"Crean un algoritmo para proyectar - El Diario - Bolivia","robots":{"index":"index","follow":"follow","max-snippet":"max-snippet:-1","max-image-preview":"max-image-preview:large","max-video-preview":"max-video-preview:-1"},"canonical":"https:\/\/www.eldiario.net\/portal\/2023\/06\/22\/crean-un-algoritmo-para-proyectar\/","og_locale":"es_ES","og_type":"article","og_title":"Crean un algoritmo para proyectar - El Diario - Bolivia","og_description":"Luciana Constantino &nbsp; Un grupo de cient\u00edficos de la Universidad de Campinas (Unicamp), en el estado de Sao Paulo, Brasil, desarroll\u00f3 un algoritmo con capacidad para proyectar el futuro de la vegetaci\u00f3n amaz\u00f3nica, con escenarios referentes a las transformaciones de la selva que el cambio clim\u00e1tico provocar\u00e1. Uno de los resultados muestra que un clima [&hellip;]","og_url":"https:\/\/www.eldiario.net\/portal\/2023\/06\/22\/crean-un-algoritmo-para-proyectar\/","og_site_name":"El Diario - Bolivia","article_publisher":"https:\/\/www.facebook.com\/eldiario.bolivia\/","article_published_time":"2023-06-22T09:52:54+00:00","author":"Jeanette","twitter_card":"summary_large_image","twitter_creator":"@eldiario_net","twitter_site":"@eldiario_net","twitter_misc":{"Escrito por":"Jeanette","Tiempo de lectura":"8 minutos"},"schema":{"@context":"https:\/\/schema.org","@graph":[{"@type":"Article","@id":"https:\/\/www.eldiario.net\/portal\/2023\/06\/22\/crean-un-algoritmo-para-proyectar\/#article","isPartOf":{"@id":"https:\/\/www.eldiario.net\/portal\/2023\/06\/22\/crean-un-algoritmo-para-proyectar\/"},"author":{"name":"Jeanette","@id":"https:\/\/www.eldiario.net\/portal\/#\/schema\/person\/2c57cf2b7a7ae032e449e4c9b1019eac"},"headline":"Crean un algoritmo para proyectar","datePublished":"2023-06-22T09:52:54+00:00","mainEntityOfPage":{"@id":"https:\/\/www.eldiario.net\/portal\/2023\/06\/22\/crean-un-algoritmo-para-proyectar\/"},"wordCount":1735,"publisher":{"@id":"https:\/\/www.eldiario.net\/portal\/#organization"},"articleSection":["Opini\u00f3n"],"inLanguage":"es"},{"@type":"WebPage","@id":"https:\/\/www.eldiario.net\/portal\/2023\/06\/22\/crean-un-algoritmo-para-proyectar\/","url":"https:\/\/www.eldiario.net\/portal\/2023\/06\/22\/crean-un-algoritmo-para-proyectar\/","name":"Crean un algoritmo para proyectar - El Diario - Bolivia","isPartOf":{"@id":"https:\/\/www.eldiario.net\/portal\/#website"},"datePublished":"2023-06-22T09:52:54+00:00","breadcrumb":{"@id":"https:\/\/www.eldiario.net\/portal\/2023\/06\/22\/crean-un-algoritmo-para-proyectar\/#breadcrumb"},"inLanguage":"es","potentialAction":[{"@type":"ReadAction","target":["https:\/\/www.eldiario.net\/portal\/2023\/06\/22\/crean-un-algoritmo-para-proyectar\/"]}]},{"@type":"BreadcrumbList","@id":"https:\/\/www.eldiario.net\/portal\/2023\/06\/22\/crean-un-algoritmo-para-proyectar\/#breadcrumb","itemListElement":[{"@type":"ListItem","position":1,"name":"Portada","item":"https:\/\/www.eldiario.net\/portal\/"},{"@type":"ListItem","position":2,"name":"Crean un algoritmo para proyectar"}]},{"@type":"WebSite","@id":"https:\/\/www.eldiario.net\/portal\/#website","url":"https:\/\/www.eldiario.net\/portal\/","name":"El Diario - Decano de la prensa nacional","description":"El Diario - Decano de la prensa nacional","publisher":{"@id":"https:\/\/www.eldiario.net\/portal\/#organization"},"potentialAction":[{"@type":"SearchAction","target":{"@type":"EntryPoint","urlTemplate":"https:\/\/www.eldiario.net\/portal\/?s={search_term_string}"},"query-input":{"@type":"PropertyValueSpecification","valueRequired":true,"valueName":"search_term_string"}}],"inLanguage":"es"},{"@type":"Organization","@id":"https:\/\/www.eldiario.net\/portal\/#organization","name":"El Diario - Decano de la prensa nacional","url":"https:\/\/www.eldiario.net\/portal\/","logo":{"@type":"ImageObject","inLanguage":"es","@id":"https:\/\/www.eldiario.net\/portal\/#\/schema\/logo\/image\/","url":"https:\/\/www.eldiario.net\/portal\/wp-content\/uploads\/2023\/07\/logo_ED.jpg","contentUrl":"https:\/\/www.eldiario.net\/portal\/wp-content\/uploads\/2023\/07\/logo_ED.jpg","width":272,"height":52,"caption":"El Diario - Decano de la prensa nacional"},"image":{"@id":"https:\/\/www.eldiario.net\/portal\/#\/schema\/logo\/image\/"},"sameAs":["https:\/\/www.facebook.com\/eldiario.bolivia\/","https:\/\/x.com\/eldiario_net"]},{"@type":"Person","@id":"https:\/\/www.eldiario.net\/portal\/#\/schema\/person\/2c57cf2b7a7ae032e449e4c9b1019eac","name":"Jeanette","image":{"@type":"ImageObject","inLanguage":"es","@id":"https:\/\/secure.gravatar.com\/avatar\/3ea2118a5f7dad2b7138b1187a6b7ee55f160b9968b66013c3a3ef39dd7e5798?s=96&d=mm&r=g","url":"https:\/\/secure.gravatar.com\/avatar\/3ea2118a5f7dad2b7138b1187a6b7ee55f160b9968b66013c3a3ef39dd7e5798?s=96&d=mm&r=g","contentUrl":"https:\/\/secure.gravatar.com\/avatar\/3ea2118a5f7dad2b7138b1187a6b7ee55f160b9968b66013c3a3ef39dd7e5798?s=96&d=mm&r=g","caption":"Jeanette"},"sameAs":["https:\/\/www.eldiario.net\/portal"],"url":"https:\/\/www.eldiario.net\/portal\/author\/jeanette\/"}]}},"_links":{"self":[{"href":"https:\/\/www.eldiario.net\/portal\/wp-json\/wp\/v2\/posts\/161263","targetHints":{"allow":["GET"]}}],"collection":[{"href":"https:\/\/www.eldiario.net\/portal\/wp-json\/wp\/v2\/posts"}],"about":[{"href":"https:\/\/www.eldiario.net\/portal\/wp-json\/wp\/v2\/types\/post"}],"author":[{"embeddable":true,"href":"https:\/\/www.eldiario.net\/portal\/wp-json\/wp\/v2\/users\/1"}],"replies":[{"embeddable":true,"href":"https:\/\/www.eldiario.net\/portal\/wp-json\/wp\/v2\/comments?post=161263"}],"version-history":[{"count":0,"href":"https:\/\/www.eldiario.net\/portal\/wp-json\/wp\/v2\/posts\/161263\/revisions"}],"wp:attachment":[{"href":"https:\/\/www.eldiario.net\/portal\/wp-json\/wp\/v2\/media?parent=161263"}],"wp:term":[{"taxonomy":"category","embeddable":true,"href":"https:\/\/www.eldiario.net\/portal\/wp-json\/wp\/v2\/categories?post=161263"},{"taxonomy":"post_tag","embeddable":true,"href":"https:\/\/www.eldiario.net\/portal\/wp-json\/wp\/v2\/tags?post=161263"}],"curies":[{"name":"wp","href":"https:\/\/api.w.org\/{rel}","templated":true}]}}